{"id":114938,"date":"2021-05-26T20:10:47","date_gmt":"2021-05-27T03:10:47","guid":{"rendered":"https:\/\/www.sonoraenequipo.com.mx\/?p=114938"},"modified":"2021-05-26T20:11:44","modified_gmt":"2021-05-27T03:11:44","slug":"a-dias-de-las-elecciones-ine-cancela-candidaturasa-morena-y-pt","status":"publish","type":"post","link":"https:\/\/www.sonoraenequipo.com.mx\/a-dias-de-las-elecciones-ine-cancela-candidaturasa-morena-y-pt\/","title":{"rendered":"A\u00a0 d\u00edas de las elecciones INE cancela candidaturas a Morena y PT"},"content":{"rendered":"<p>El par\u00e1metro para estimar fue el porcentaje de candidaturas a una diputaci\u00f3n federal que manifestaron sus datos con veracidad en el formato \u201c3 de 3 contra la violencia\u201d. Los partidos tienen un plazo de 48 horas para hacer la sustituci\u00f3n de candidaturas.<\/p>\n<p>&nbsp;<\/p>\n<p>Reducir al m\u00ednimo la posibilidad de que personas agresoras de mujeres ocupen candidaturas o cargos p\u00fablicos<\/p>\n<p>&nbsp;<\/p>\n<p>&nbsp;<\/p>\n<p>CIIUDAD DE M\u00c9XICO.\u2500En sesi\u00f3n ordinaria, la presidenta de las Comisiones Unidas de Prerrogativas y Partidos Pol\u00edticos y la de Igualdad de G\u00e9nero y No Discriminaci\u00f3n, Consejera Carla Humphrey Jordan, dijo que se cancela la candidatura de dos hombres y una mujer que incumplen con el requisito de modo honesto de vida, \u201ccalidad indispensable para ocupar una candidatura\u201d.<\/p>\n<table width=\"94%\">\n<tbody>\n<tr>\n<td width=\"11%\"><strong>NOMBRE<\/strong><\/td>\n<td width=\"13%\"><strong>PARTIDO POL\u00cdTICO \/ COALICI\u00d3N<\/strong><\/td>\n<td width=\"20%\"><strong>PRINCIPIO DE REPRESENTACI\u00d3N\/ DISTRITO O CIRCUNSCRIPCI\u00d3N<\/strong><\/td>\n<td width=\"54%\"><strong>SUPUESTO DEL FORMATO \u201c3 DE 3 CONTRA LA VIOLENCIA\u201d O VPG ALUDIDO<\/strong><\/td>\n<\/tr>\n<tr>\n<td width=\"11%\">Ana Elizabeth Ayala Leyva<\/td>\n<td width=\"13%\">Juntos Hacemos Historia<\/td>\n<td width=\"20%\">Mayor\u00eda Relativa, Distrito 02 de Sinaloa<\/td>\n<td width=\"54%\">Cuando se desempe\u00f1aba como Tesorera Municipal del Ayuntamiento de Ahome Sinaloa, ejerci\u00f3 Violencia pol\u00edtica contra las mujeres en raz\u00f3n de g\u00e9nero y acoso laboral en contra de la\u00a0S\u00edndica Procuradora, Angelina Valenzuela Benites.<\/p>\n<p>Lo anterior, de acuerdo a sentencia TESIN-JDP-21-2019, en la que no se impusieron sanciones, pero s\u00ed medidas de protecci\u00f3n y restituci\u00f3n que no fueron cumplidas.<\/p>\n<p>La infracci\u00f3n fue confirmada en sentencia SG-JE-37\/2019 de la Sala Regional Guadalajara.<\/p>\n<p>Los actos tuvieron lugar durante el periodo inmediato anterior al que buscan elegirse a otro cargo de elecci\u00f3n popular y se perpetuaron desde 2018 hasta por lo menos el inicio del PEF actual.<\/td>\n<\/tr>\n<tr>\n<td width=\"11%\">Manuel Guillermo Chapman Moreno<\/td>\n<td width=\"13%\">Morena<\/td>\n<td width=\"20%\">Representaci\u00f3n Proporcional, Primera Circunscripci\u00f3n<\/td>\n<td width=\"54%\">Cuando se desempe\u00f1aba como Presidente Municipal de Ahome Sinaloa, ejerci\u00f3 Violencia pol\u00edtica contra las mujeres en raz\u00f3n de g\u00e9nero y acoso laboral en contra de la S\u00edndica Procuradora, Angelina Valenzuela Benites,<\/p>\n<p>Lo anterior, de acuerdo a sentencia TESIN-JDP-21-2019, en la que no se impusieron sanciones, pero s\u00ed medidas de protecci\u00f3n y restituci\u00f3n que no fueron cumplidas.<\/p>\n<p>La infracci\u00f3n fue confirmada en sentencia SG-JE-37\/2019 de la Sala Regional Guadalajara<\/p>\n<p>Los actos tuvieron lugar durante el periodo inmediato anterior al que buscan elegirse a otro cargo de elecci\u00f3n popular y se perpetuaron desde 2018 hasta por lo menos el inicio del PEF actual.<\/td>\n<\/tr>\n<tr>\n<td width=\"11%\">Ra\u00fal Tadeo Nava<\/td>\n<td width=\"13%\">PT<\/td>\n<td width=\"20%\">Mayor\u00eda Relativa, Distrito 3 de Morelos<\/td>\n<td width=\"54%\">Cuando se desempe\u00f1aba como Presidente Municipal de Cuautla, ejerci\u00f3 Violencia pol\u00edtica contra las mujeres en raz\u00f3n de g\u00e9nero en contra de la S\u00edndica Mar\u00eda Paola Cruz Torres, quien de acuerdo a la denuncia en el Tribunal, lo se\u00f1al\u00f3 de impedirle realizar funciones propias de la sindicatura municipal, como lo es representar legalmente al Ayuntamiento en todos los asuntos, como las controversias legales; la exclusi\u00f3n de la toma de decisiones, toda vez que no se le convoc\u00f3 a sesi\u00f3n de cabildo; bloqueo econ\u00f3mico; impedimento de tener personal a su cargo; as\u00ed como expresiones denostativas referentes a que no era capaz de realizar sus labores por ser mujer.<\/p>\n<p>En la Sentencia TEEM\/JDC\/443\/2018-2 fue amonestado p\u00fablicamente pese a haber sido emplazado a juicio, en ese entonces no acudi\u00f3 a combatir los hechos por los cuales se le denunci\u00f3.<\/p>\n<p>Los actos tuvieron lugar desde 2015 y se perpetuaron al menos hasta 2018; es decir, hace no m\u00e1s de tres a\u00f1os. Tal situaci\u00f3n trajo como consecuencia impedir a una mujer \u00fanicamente por raz\u00f3n de su g\u00e9nero, el ejercicio leg\u00edtimo de las funciones que la ciudadan\u00eda le encomend\u00f3 al haber sido votada para el cargo correspondiente, lo cual se materializa en una situaci\u00f3n grave de violencia institucionalizada.<\/td>\n<\/tr>\n<\/tbody>\n<\/table>\n<p>&nbsp;<\/p>\n<p>Lament\u00f3 que se haya realizado s\u00f3lo un estudio muestral pese a que la propuesta fue hacer una revisi\u00f3n total de las candidaturas. \u201cQueda la duda si alguna de las personas registradas no debiese serlo\u201d o es posible que una persona violentadora tome posesi\u00f3n de un cargo desde el cual seguir\u00e1 violentando mujeres.<\/p>\n<p>&nbsp;<\/p>\n<p>Explic\u00f3 que el Grupo Interdisciplinario realiz\u00f3 un an\u00e1lisis exhaustivo en el que se requiri\u00f3 informaci\u00f3n a 156 autoridades de las 32 entidades federativas de una muestra de mil 177 personas -822 hombres y 355 mujeres- de las 6 mil 962 registradas a una candidatura de diputaci\u00f3n federal por ambos principios de elecci\u00f3n, propietarias y suplentes, inscritas en el Sistema Nacional de Registro de Candidaturas.<\/p>\n<p>En su intervenci\u00f3n, la Consejera Dania Ravel Cuevas detall\u00f3 que la \u201c3 de 3 contra la violencia\u201d es una medida hist\u00f3rica con la que se busca que en el Proceso Electoral Federal se reduzca al m\u00ednimo la posibilidad de tener como candidatas a personas que hayan cometido alguna agresi\u00f3n contra las mujeres \u201cy limitar la posibilidad de que lleguen a cargos p\u00fablicos\u201d.<\/p>\n<p>&nbsp;<\/p>\n<p>Dijo que en el \u00e1mbito federal se consult\u00f3 a cuatro instituciones: la Fiscal\u00eda General de la Rep\u00fablica, la Secretar\u00eda de Seguridad y Protecci\u00f3n Ciudadana del Gobierno Federal, el Consejo de la Judicatura y la Fiscal\u00eda Especializada en Delitos Electorales.<\/p>\n<p>Fecha de Publicaci\u00f3n\u00a0 mi\u00e9rcoles\u00a0 \/ 26\u00a0 \/ mayo \/ 2021<\/p>\n","protected":false},"excerpt":{"rendered":"<p>El par\u00e1metro para estimar fue el porcentaje de candidaturas a una diputaci\u00f3n federal que manifestaron&#8230;<\/p>\n","protected":false},"author":1,"featured_media":110736,"comment_status":"open","ping_status":"open","sticky":false,"template":"","format":"standard","meta":{"_monsterinsights_skip_tracking":false,"_monsterinsights_sitenote_active":false,"_monsterinsights_sitenote_note":"","_monsterinsights_sitenote_category":0,"footnotes":""},"categories":[8],"tags":[5744,1247,108,549],"class_list":["post"],"yoast_head":" \n<title>Sonora en Equipo. A\u00a0 d\u00edas de las elecciones INE cancela candidaturas a Morena y PT LA ELECCION 2024<\/title>\n<meta name=\"description\" content=\"El par\u00e1metro para estimar fue el porcentaje de candidaturas a una diputaci\u00f3n federal que manifestaron sus datos con veracidad en el formato \u201c3 de 3 contra En Sonora en Equipo publicamos toda la informaci\u00f3n de Sonora, M\u00e9xico y el Mundo de manera oportuna y busca que la libertad de expresi\u00f3n sea real. Visita nuestro medio informativo publicado desde Hermosillo, Sonora. %\" \/>\n<meta name=\"robots\" content=\"index, follow, max-snippet:-1, max-image-preview:large, max-video-preview:-1\" \/>\n<link rel=\"canonical\" href=\"https:\/\/www.sonoraenequipo.com.mx\/a-dias-de-las-elecciones-ine-cancela-candidaturasa-morena-y-pt\/\" \/>\n<meta property=\"og:locale\" content=\"es_ES\" \/>\n<meta property=\"og:type\" content=\"article\" \/>\n<meta property=\"og:title\" content=\"Sonora en Equipo. A\u00a0 d\u00edas de las elecciones INE cancela candidaturas a Morena y PT LA ELECCION 2024\" \/>\n<meta property=\"og:description\" content=\"El par\u00e1metro para estimar fue el porcentaje de candidaturas a una diputaci\u00f3n federal que manifestaron sus datos con veracidad en el formato \u201c3 de 3 contra En Sonora en Equipo publicamos toda la informaci\u00f3n de Sonora, M\u00e9xico y el Mundo de manera oportuna y busca que la libertad de expresi\u00f3n sea real. Visita nuestro medio informativo publicado desde Hermosillo, Sonora. %\" \/>\n<meta property=\"og:url\" content=\"https:\/\/www.sonoraenequipo.com.mx\/a-dias-de-las-elecciones-ine-cancela-candidaturasa-morena-y-pt\/\" \/>\n<meta property=\"og:site_name\" content=\"Sonora en Equipo.\" \/>\n<meta property=\"article:publisher\" content=\"https:\/\/www.facebook.com\/SonoraEE\/\" \/>\n<meta property=\"article:author\" content=\"https:\/\/www.facebook.com\/SonoraEE\" \/>\n<meta property=\"article:published_time\" content=\"2021-05-27T03:10:47+00:00\" \/>\n<meta property=\"article:modified_time\" content=\"2021-05-27T03:11:44+00:00\" \/>\n<meta property=\"og:image\" content=\"https:\/\/www.sonoraenequipo.com.mx\/storage\/2021\/04\/sesion_ine_opt.jpg\" \/>\n\t<meta property=\"og:image:width\" content=\"750\" \/>\n\t<meta property=\"og:image:height\" content=\"500\" \/>\n\t<meta property=\"og:image:type\" content=\"image\/jpeg\" \/>\n<meta name=\"author\" content=\"enequipo\" \/>\n<meta name=\"twitter:card\" content=\"summary_large_image\" \/>\n<meta name=\"twitter:creator\" content=\"@sonoraenequipo\" \/>\n<meta name=\"twitter:site\" content=\"@sonoraenequipo\" \/>\n<meta name=\"twitter:label1\" content=\"Escrito por\" \/>\n\t<meta name=\"twitter:data1\" content=\"enequipo\" \/>\n\t<meta name=\"twitter:label2\" content=\"Tiempo de lectura\" \/>\n\t<meta name=\"twitter:data2\" content=\"4 minutos\" \/>\n<script type=\"application\/ld+json\" class=\"yoast-schema-graph\">{\"@context\":\"https:\/\/schema.org\",\"@graph\":[{\"@type\":\"Article\",\"@id\":\"https:\/\/www.sonoraenequipo.com.mx\/a-dias-de-las-elecciones-ine-cancela-candidaturasa-morena-y-pt\/#article\",\"isPartOf\":{\"@id\":\"https:\/\/www.sonoraenequipo.com.mx\/a-dias-de-las-elecciones-ine-cancela-candidaturasa-morena-y-pt\/\"},\"author\":{\"name\":\"enequipo\",\"@id\":\"https:\/\/www.sonoraenequipo.com.mx\/#\/schema\/person\/50102df0fb23a8fa9e8effad8fa81386\"},\"headline\":\"A\u00a0 d\u00edas de las elecciones INE cancela candidaturas a Morena y PT\",\"datePublished\":\"2021-05-27T03:10:47+00:00\",\"dateModified\":\"2021-05-27T03:11:44+00:00\",\"mainEntityOfPage\":{\"@id\":\"https:\/\/www.sonoraenequipo.com.mx\/a-dias-de-las-elecciones-ine-cancela-candidaturasa-morena-y-pt\/\"},\"wordCount\":876,\"commentCount\":0,\"publisher\":{\"@id\":\"https:\/\/www.sonoraenequipo.com.mx\/#organization\"},\"image\":{\"@id\":\"https:\/\/www.sonoraenequipo.com.mx\/a-dias-de-las-elecciones-ine-cancela-candidaturasa-morena-y-pt\/#primaryimage\"},\"thumbnailUrl\":\"https:\/\/www.sonoraenequipo.com.mx\/storage\/2021\/04\/sesion_ine_opt.jpg\",\"keywords\":[\"cancelan candidaturas\",\"INE\",\"morena\",\"PT\"],\"articleSection\":[\"LA ELECCION 2024\"],\"inLanguage\":\"es\",\"potentialAction\":[{\"@type\":\"CommentAction\",\"name\":\"Comment\",\"target\":[\"https:\/\/www.sonoraenequipo.com.mx\/a-dias-de-las-elecciones-ine-cancela-candidaturasa-morena-y-pt\/#respond\"]}]},{\"@type\":\"WebPage\",\"@id\":\"https:\/\/www.sonoraenequipo.com.mx\/a-dias-de-las-elecciones-ine-cancela-candidaturasa-morena-y-pt\/\",\"url\":\"https:\/\/www.sonoraenequipo.com.mx\/a-dias-de-las-elecciones-ine-cancela-candidaturasa-morena-y-pt\/\",\"name\":\"Sonora en Equipo. A\u00a0 d\u00edas de las elecciones INE cancela candidaturas a Morena y PT LA ELECCION 2024\",\"isPartOf\":{\"@id\":\"https:\/\/www.sonoraenequipo.com.mx\/#website\"},\"primaryImageOfPage\":{\"@id\":\"https:\/\/www.sonoraenequipo.com.mx\/a-dias-de-las-elecciones-ine-cancela-candidaturasa-morena-y-pt\/#primaryimage\"},\"image\":{\"@id\":\"https:\/\/www.sonoraenequipo.com.mx\/a-dias-de-las-elecciones-ine-cancela-candidaturasa-morena-y-pt\/#primaryimage\"},\"thumbnailUrl\":\"https:\/\/www.sonoraenequipo.com.mx\/storage\/2021\/04\/sesion_ine_opt.jpg\",\"datePublished\":\"2021-05-27T03:10:47+00:00\",\"dateModified\":\"2021-05-27T03:11:44+00:00\",\"description\":\"El par\u00e1metro para estimar fue el porcentaje de candidaturas a una diputaci\u00f3n federal que manifestaron sus datos con veracidad en el formato \u201c3 de 3 contra En Sonora en Equipo publicamos toda la informaci\u00f3n de Sonora, M\u00e9xico y el Mundo de manera oportuna y busca que la libertad de expresi\u00f3n sea real. Visita nuestro medio informativo publicado desde Hermosillo, Sonora. %\",\"breadcrumb\":{\"@id\":\"https:\/\/www.sonoraenequipo.com.mx\/a-dias-de-las-elecciones-ine-cancela-candidaturasa-morena-y-pt\/#breadcrumb\"},\"inLanguage\":\"es\",\"potentialAction\":[{\"@type\":\"ReadAction\",\"target\":[\"https:\/\/www.sonoraenequipo.com.mx\/a-dias-de-las-elecciones-ine-cancela-candidaturasa-morena-y-pt\/\"]}]},{\"@type\":\"ImageObject\",\"inLanguage\":\"es\",\"@id\":\"https:\/\/www.sonoraenequipo.com.mx\/a-dias-de-las-elecciones-ine-cancela-candidaturasa-morena-y-pt\/#primaryimage\",\"url\":\"https:\/\/www.sonoraenequipo.com.mx\/storage\/2021\/04\/sesion_ine_opt.jpg\",\"contentUrl\":\"https:\/\/www.sonoraenequipo.com.mx\/storage\/2021\/04\/sesion_ine_opt.jpg\",\"width\":750,\"height\":500},{\"@type\":\"BreadcrumbList\",\"@id\":\"https:\/\/www.sonoraenequipo.com.mx\/a-dias-de-las-elecciones-ine-cancela-candidaturasa-morena-y-pt\/#breadcrumb\",\"itemListElement\":[{\"@type\":\"ListItem\",\"position\":1,\"name\":\"Portada\",\"item\":\"https:\/\/www.sonoraenequipo.com.mx\/\"},{\"@type\":\"ListItem\",\"position\":2,\"name\":\"A\u00a0 d\u00edas de las elecciones INE cancela candidaturas a Morena y PT\"}]},{\"@type\":\"WebSite\",\"@id\":\"https:\/\/www.sonoraenequipo.com.mx\/#website\",\"url\":\"https:\/\/www.sonoraenequipo.com.mx\/\",\"name\":\"Sonora en Equipo.\",\"description\":\"Diario en l\u00ednea con Noticias desde Hermosillo, Sonora\",\"publisher\":{\"@id\":\"https:\/\/www.sonoraenequipo.com.mx\/#organization\"},\"potentialAction\":[{\"@type\":\"SearchAction\",\"target\":{\"@type\":\"EntryPoint\",\"urlTemplate\":\"https:\/\/www.sonoraenequipo.com.mx\/?s={search_term_string}\"},\"query-input\":{\"@type\":\"PropertyValueSpecification\",\"valueRequired\":true,\"valueName\":\"search_term_string\"}}],\"inLanguage\":\"es\"},{\"@type\":\"Organization\",\"@id\":\"https:\/\/www.sonoraenequipo.com.mx\/#organization\",\"name\":\"Sonoraenequipo.com.mx\",\"url\":\"https:\/\/www.sonoraenequipo.com.mx\/\",\"logo\":{\"@type\":\"ImageObject\",\"inLanguage\":\"es\",\"@id\":\"https:\/\/www.sonoraenequipo.com.mx\/#\/schema\/logo\/image\/\",\"url\":\"https:\/\/www.sonoraenequipo.com.mx\/storage\/2019\/01\/sonoraenequipo_opt.png\",\"contentUrl\":\"https:\/\/www.sonoraenequipo.com.mx\/storage\/2019\/01\/sonoraenequipo_opt.png\",\"width\":375,\"height\":125,\"caption\":\"Sonoraenequipo.com.mx\"},\"image\":{\"@id\":\"https:\/\/www.sonoraenequipo.com.mx\/#\/schema\/logo\/image\/\"},\"sameAs\":[\"https:\/\/www.facebook.com\/SonoraEE\/\",\"https:\/\/x.com\/sonoraenequipo\",\"https:\/\/www.youtube.com\/channel\/UC338nW-lPEYmJQs4ZABQ1SQ\"]},{\"@type\":\"Person\",\"@id\":\"https:\/\/www.sonoraenequipo.com.mx\/#\/schema\/person\/50102df0fb23a8fa9e8effad8fa81386\",\"name\":\"enequipo\",\"image\":{\"@type\":\"ImageObject\",\"inLanguage\":\"es\",\"@id\":\"https:\/\/www.sonoraenequipo.com.mx\/#\/schema\/person\/image\/\",\"url\":\"https:\/\/secure.gravatar.com\/avatar\/049821681b589dabc0bc20695993ccebb09f5b5d4d790cd9251b97faac7c652b?s=96&d=blank&r=g\",\"contentUrl\":\"https:\/\/secure.gravatar.com\/avatar\/049821681b589dabc0bc20695993ccebb09f5b5d4d790cd9251b97faac7c652b?s=96&d=blank&r=g\",\"caption\":\"enequipo\"},\"sameAs\":[\"https:\/\/www.facebook.com\/SonoraEE\"]}]}<\/script>\n ","yoast_head_json":{"title":"Sonora en Equipo. A\u00a0 d\u00edas de las elecciones INE cancela candidaturas a Morena y PT LA ELECCION 2024","description":"El par\u00e1metro para estimar fue el porcentaje de candidaturas a una diputaci\u00f3n federal que manifestaron sus datos con veracidad en el formato \u201c3 de 3 contra En Sonora en Equipo publicamos toda la informaci\u00f3n de Sonora, M\u00e9xico y el Mundo de manera oportuna y busca que la libertad de expresi\u00f3n sea real. Visita nuestro medio informativo publicado desde Hermosillo, Sonora. %","robots":{"index":"index","follow":"follow","max-snippet":"max-snippet:-1","max-image-preview":"max-image-preview:large","max-video-preview":"max-video-preview:-1"},"canonical":"https:\/\/www.sonoraenequipo.com.mx\/a-dias-de-las-elecciones-ine-cancela-candidaturasa-morena-y-pt\/","og_locale":"es_ES","og_type":"article","og_title":"Sonora en Equipo. A\u00a0 d\u00edas de las elecciones INE cancela candidaturas a Morena y PT LA ELECCION 2024","og_description":"El par\u00e1metro para estimar fue el porcentaje de candidaturas a una diputaci\u00f3n federal que manifestaron sus datos con veracidad en el formato \u201c3 de 3 contra En Sonora en Equipo publicamos toda la informaci\u00f3n de Sonora, M\u00e9xico y el Mundo de manera oportuna y busca que la libertad de expresi\u00f3n sea real. Visita nuestro medio informativo publicado desde Hermosillo, Sonora. %","og_url":"https:\/\/www.sonoraenequipo.com.mx\/a-dias-de-las-elecciones-ine-cancela-candidaturasa-morena-y-pt\/","og_site_name":"Sonora en Equipo.","article_publisher":"https:\/\/www.facebook.com\/SonoraEE\/","article_author":"https:\/\/www.facebook.com\/SonoraEE","article_published_time":"2021-05-27T03:10:47+00:00","article_modified_time":"2021-05-27T03:11:44+00:00","og_image":[{"width":750,"height":500,"url":"https:\/\/www.sonoraenequipo.com.mx\/storage\/2021\/04\/sesion_ine_opt.jpg","type":"image\/jpeg"}],"author":"enequipo","twitter_card":"summary_large_image","twitter_creator":"@sonoraenequipo","twitter_site":"@sonoraenequipo","twitter_misc":{"Escrito por":"enequipo","Tiempo de lectura":"4 minutos"},"schema":{"@context":"https:\/\/schema.org","@graph":[{"@type":"Article","@id":"https:\/\/www.sonoraenequipo.com.mx\/a-dias-de-las-elecciones-ine-cancela-candidaturasa-morena-y-pt\/#article","isPartOf":{"@id":"https:\/\/www.sonoraenequipo.com.mx\/a-dias-de-las-elecciones-ine-cancela-candidaturasa-morena-y-pt\/"},"author":{"name":"enequipo","@id":"https:\/\/www.sonoraenequipo.com.mx\/#\/schema\/person\/50102df0fb23a8fa9e8effad8fa81386"},"headline":"A\u00a0 d\u00edas de las elecciones INE cancela candidaturas a Morena y PT","datePublished":"2021-05-27T03:10:47+00:00","dateModified":"2021-05-27T03:11:44+00:00","mainEntityOfPage":{"@id":"https:\/\/www.sonoraenequipo.com.mx\/a-dias-de-las-elecciones-ine-cancela-candidaturasa-morena-y-pt\/"},"wordCount":876,"commentCount":0,"publisher":{"@id":"https:\/\/www.sonoraenequipo.com.mx\/#organization"},"image":{"@id":"https:\/\/www.sonoraenequipo.com.mx\/a-dias-de-las-elecciones-ine-cancela-candidaturasa-morena-y-pt\/#primaryimage"},"thumbnailUrl":"https:\/\/www.sonoraenequipo.com.mx\/storage\/2021\/04\/sesion_ine_opt.jpg","keywords":["cancelan candidaturas","INE","morena","PT"],"articleSection":["LA ELECCION 2024"],"inLanguage":"es","potentialAction":[{"@type":"CommentAction","name":"Comment","target":["https:\/\/www.sonoraenequipo.com.mx\/a-dias-de-las-elecciones-ine-cancela-candidaturasa-morena-y-pt\/#respond"]}]},{"@type":"WebPage","@id":"https:\/\/www.sonoraenequipo.com.mx\/a-dias-de-las-elecciones-ine-cancela-candidaturasa-morena-y-pt\/","url":"https:\/\/www.sonoraenequipo.com.mx\/a-dias-de-las-elecciones-ine-cancela-candidaturasa-morena-y-pt\/","name":"Sonora en Equipo. A\u00a0 d\u00edas de las elecciones INE cancela candidaturas a Morena y PT LA ELECCION 2024","isPartOf":{"@id":"https:\/\/www.sonoraenequipo.com.mx\/#website"},"primaryImageOfPage":{"@id":"https:\/\/www.sonoraenequipo.com.mx\/a-dias-de-las-elecciones-ine-cancela-candidaturasa-morena-y-pt\/#primaryimage"},"image":{"@id":"https:\/\/www.sonoraenequipo.com.mx\/a-dias-de-las-elecciones-ine-cancela-candidaturasa-morena-y-pt\/#primaryimage"},"thumbnailUrl":"https:\/\/www.sonoraenequipo.com.mx\/storage\/2021\/04\/sesion_ine_opt.jpg","datePublished":"2021-05-27T03:10:47+00:00","dateModified":"2021-05-27T03:11:44+00:00","description":"El par\u00e1metro para estimar fue el porcentaje de candidaturas a una diputaci\u00f3n federal que manifestaron sus datos con veracidad en el formato \u201c3 de 3 contra En Sonora en Equipo publicamos toda la informaci\u00f3n de Sonora, M\u00e9xico y el Mundo de manera oportuna y busca que la libertad de expresi\u00f3n sea real. Visita nuestro medio informativo publicado desde Hermosillo, Sonora. %","breadcrumb":{"@id":"https:\/\/www.sonoraenequipo.com.mx\/a-dias-de-las-elecciones-ine-cancela-candidaturasa-morena-y-pt\/#breadcrumb"},"inLanguage":"es","potentialAction":[{"@type":"ReadAction","target":["https:\/\/www.sonoraenequipo.com.mx\/a-dias-de-las-elecciones-ine-cancela-candidaturasa-morena-y-pt\/"]}]},{"@type":"ImageObject","inLanguage":"es","@id":"https:\/\/www.sonoraenequipo.com.mx\/a-dias-de-las-elecciones-ine-cancela-candidaturasa-morena-y-pt\/#primaryimage","url":"https:\/\/www.sonoraenequipo.com.mx\/storage\/2021\/04\/sesion_ine_opt.jpg","contentUrl":"https:\/\/www.sonoraenequipo.com.mx\/storage\/2021\/04\/sesion_ine_opt.jpg","width":750,"height":500},{"@type":"BreadcrumbList","@id":"https:\/\/www.sonoraenequipo.com.mx\/a-dias-de-las-elecciones-ine-cancela-candidaturasa-morena-y-pt\/#breadcrumb","itemListElement":[{"@type":"ListItem","position":1,"name":"Portada","item":"https:\/\/www.sonoraenequipo.com.mx\/"},{"@type":"ListItem","position":2,"name":"A\u00a0 d\u00edas de las elecciones INE cancela candidaturas a Morena y PT"}]},{"@type":"WebSite","@id":"https:\/\/www.sonoraenequipo.com.mx\/#website","url":"https:\/\/www.sonoraenequipo.com.mx\/","name":"Sonora en Equipo.","description":"Diario en l\u00ednea con Noticias desde Hermosillo, Sonora","publisher":{"@id":"https:\/\/www.sonoraenequipo.com.mx\/#organization"},"potentialAction":[{"@type":"SearchAction","target":{"@type":"EntryPoint","urlTemplate":"https:\/\/www.sonoraenequipo.com.mx\/?s={search_term_string}"},"query-input":{"@type":"PropertyValueSpecification","valueRequired":true,"valueName":"search_term_string"}}],"inLanguage":"es"},{"@type":"Organization","@id":"https:\/\/www.sonoraenequipo.com.mx\/#organization","name":"Sonoraenequipo.com.mx","url":"https:\/\/www.sonoraenequipo.com.mx\/","logo":{"@type":"ImageObject","inLanguage":"es","@id":"https:\/\/www.sonoraenequipo.com.mx\/#\/schema\/logo\/image\/","url":"https:\/\/www.sonoraenequipo.com.mx\/storage\/2019\/01\/sonoraenequipo_opt.png","contentUrl":"https:\/\/www.sonoraenequipo.com.mx\/storage\/2019\/01\/sonoraenequipo_opt.png","width":375,"height":125,"caption":"Sonoraenequipo.com.mx"},"image":{"@id":"https:\/\/www.sonoraenequipo.com.mx\/#\/schema\/logo\/image\/"},"sameAs":["https:\/\/www.facebook.com\/SonoraEE\/","https:\/\/x.com\/sonoraenequipo","https:\/\/www.youtube.com\/channel\/UC338nW-lPEYmJQs4ZABQ1SQ"]},{"@type":"Person","@id":"https:\/\/www.sonoraenequipo.com.mx\/#\/schema\/person\/50102df0fb23a8fa9e8effad8fa81386","name":"enequipo","image":{"@type":"ImageObject","inLanguage":"es","@id":"https:\/\/www.sonoraenequipo.com.mx\/#\/schema\/person\/image\/","url":"https:\/\/secure.gravatar.com\/avatar\/049821681b589dabc0bc20695993ccebb09f5b5d4d790cd9251b97faac7c652b?s=96&d=blank&r=g","contentUrl":"https:\/\/secure.gravatar.com\/avatar\/049821681b589dabc0bc20695993ccebb09f5b5d4d790cd9251b97faac7c652b?s=96&d=blank&r=g","caption":"enequipo"},"sameAs":["https:\/\/www.facebook.com\/SonoraEE"]}]}},"jetpack_featured_media_url":"https:\/\/www.sonoraenequipo.com.mx\/storage\/2021\/04\/sesion_ine_opt.jpg","_links":{"self":[{"href":"https:\/\/www.sonoraenequipo.com.mx\/api\/wp\/v2\/posts\/114938","targetHints":{"allow":["GET"]}}],"collection":[{"href":"https:\/\/www.sonoraenequipo.com.mx\/api\/wp\/v2\/posts"}],"about":[{"href":"https:\/\/www.sonoraenequipo.com.mx\/api\/wp\/v2\/types\/post"}],"author":[{"embeddable":true,"href":"https:\/\/www.sonoraenequipo.com.mx\/api\/wp\/v2\/users\/1"}],"replies":[{"embeddable":true,"href":"https:\/\/www.sonoraenequipo.com.mx\/api\/wp\/v2\/comments?post=114938"}],"version-history":[{"count":2,"href":"https:\/\/www.sonoraenequipo.com.mx\/api\/wp\/v2\/posts\/114938\/revisions"}],"predecessor-version":[{"id":114942,"href":"https:\/\/www.sonoraenequipo.com.mx\/api\/wp\/v2\/posts\/114938\/revisions\/114942"}],"wp:featuredmedia":[{"embeddable":true,"href":"https:\/\/www.sonoraenequipo.com.mx\/api\/wp\/v2\/media\/110736"}],"wp:attachment":[{"href":"https:\/\/www.sonoraenequipo.com.mx\/api\/wp\/v2\/media?parent=114938"}],"wp:term":[{"taxonomy":"category","embeddable":true,"href":"https:\/\/www.sonoraenequipo.com.mx\/api\/wp\/v2\/categories?post=114938"},{"taxonomy":"post_tag","embeddable":true,"href":"https:\/\/www.sonoraenequipo.com.mx\/api\/wp\/v2\/tags?post=114938"}],"curies":[{"name":"wp","href":"https:\/\/api.w.org\/{rel}","templated":true}]}}