{"id":114946,"date":"2021-05-26T17:50:12","date_gmt":"2021-05-27T00:50:12","guid":{"rendered":"https:\/\/www.sonoraenequipo.com.mx\/?p=114946"},"modified":"2021-05-26T21:33:15","modified_gmt":"2021-05-27T04:33:15","slug":"sonora-cumplira-en-tiempo-y-forma-con-implementacion-de-la-reforma-al-sistema-de-justicia-laboral","status":"publish","type":"post","link":"https:\/\/www.sonoraenequipo.com.mx\/sonora-cumplira-en-tiempo-y-forma-con-implementacion-de-la-reforma-al-sistema-de-justicia-laboral\/","title":{"rendered":"Sonora cumplir\u00e1 en tiempo y forma con implementaci\u00f3n de la Reforma al Sistema de Justicia Laboral"},"content":{"rendered":"<p>HERMOSILLO, SONORA. MX. \u2014 Sonora cumplir\u00e1 en tiempo y forma con los plazos establecidos para la implementaci\u00f3n de la Reforma al Sistema de Justicia Laboral, al quedar conformada ya la Junta de Gobierno del Centro de Conciliaci\u00f3n Laboral del Estado de Sonora, asegur\u00f3 Juan \u00c1ngel Castillo Taraz\u00f3n.<\/p>\n<p>&nbsp;<\/p>\n<p> <\/p>\n<p>&nbsp;<\/p>\n<p>En representaci\u00f3n de la gobernadora Claudia Pavlovich Arellano, el secretario de Gobierno detall\u00f3 que esta administraci\u00f3n ha tenido una distinci\u00f3n en particular al trabajar de la mano con el poder Judicial y el Legislativo, lo que ha significado la consolidaci\u00f3n de muchos objetivos claros como, en este caso, la implementaci\u00f3n de la Reforma al Sistema de Justicia Laboral, que le da prioridad a un tema muy importante que es la conciliaci\u00f3n.<\/p>\n<p>&nbsp;<\/p>\n<p>&nbsp;<\/p>\n<p>Asegur\u00f3 que la instalaci\u00f3n de la Junta de Gobierno del Centro de Conciliaci\u00f3n Laboral promover\u00e1 y regular\u00e1 la conciliaci\u00f3n como medio alternativo de soluci\u00f3n de conflictos que se susciten entre trabajadores y patrones.<\/p>\n<p>&nbsp;<\/p>\n<p>&nbsp;<\/p>\n<p><em>\u201cEstoy seguro que al igual que un servidor, los integrantes de esta Junta nos comprometeremos en cumplir lo que marca la ley, con los principios de certeza, legalidad, independencia, imparcialidad, objetividad y transparencia, todo en beneficio de trabajadores y patrones que integran el mercado laboral de nuestro estado\u201d<\/em>, coment\u00f3.<\/p>\n<p>&nbsp;<\/p>\n<p>&nbsp;<\/p>\n<p>Horario Valenzuela Ibarra, secretario del Trabajo, destac\u00f3 que Sonora tiene como plazo el 1 de mayo de 2022 para cumplir con la implementaci\u00f3n de esta Reforma y con la instalaci\u00f3n de la Junta de Gobierno del Centro de Conciliaci\u00f3n Laboral y la desaparici\u00f3n de las Juntas Locales de Conciliaci\u00f3n y Arbitraje, que ser\u00e1 de manera gradual (en un lapso de cuatro a\u00f1os) para atender el rezago existente, se dar\u00e1 paso a los juzgados de primera instancia en materia laboral.<\/p>\n<p>&nbsp;<\/p>\n<p>Los conflictos laborales, dijo, se resolver\u00e1n como se resuelven los asuntos penales, civiles, mercantiles o de la familiar.<\/p>\n<p>&nbsp;<\/p>\n<p>&nbsp;<\/p>\n<p><em>\u201cCon la reforma del 24 de febrero de 2017 se le da competencia al Poder Judicial del Estado y de la Federaci\u00f3n para que conozcan por primera vez de los conflictos laborales; hoy se van a involucrar en el procedimiento, bienvenida la incorporaci\u00f3n del poder Judicial para este aspecto\u201d<\/em>, expres\u00f3.<\/p>\n<p>&nbsp;<\/p>\n<p>&nbsp;<\/p>\n<p>La Junta de Gobierno del Centro de Conciliaci\u00f3n Laboral del Estado de Sonora qued\u00f3 conformada por:<strong> Juan \u00c1ngel Castillo Taraz\u00f3n, <\/strong>secretario de Gobierno;<strong> los secretarios Horacio Valenzuela Ibarra,<\/strong> del Trabajo;<strong> Ra\u00fal Navarro Gallegos, <\/strong>de Hacienda<strong>; Jorge Vidal Ahumada,<\/strong> de Econom\u00eda<strong>; Francisco Cuevas S\u00e1enz, <\/strong>comisionado presidente del ISTAI;<strong> Aldo Padilla Pesta\u00f1o, <\/strong>Mgdo. Presidente del Tribunal de Justicia Administrativa del Estado;<strong> Pedro Gabriel Gonz\u00e1lez Avil\u00e9s, <\/strong>presidente de la Comisi\u00f3n Estatal de Derechos Humanos; <strong>\u00c1ngel Cota Leyva, <\/strong>director general del Trabajo y Previsi\u00f3n Social y <strong>Sergio Gast\u00e9lum Allard, <\/strong>director general de Productividad Laboral (Secretar\u00eda del Trabajo).<\/p>\n<p>&nbsp;<\/p>\n<p>Presentes: Alejandro Garc\u00eda Rosas, subsecretario de Ingresos de la Secretar\u00eda de Hacienda, en representaci\u00f3n de Ra\u00fal Navarro Gallegos, secretario de Hacienda.<\/p>\n<p>&nbsp;<\/p>\n<p>&nbsp;<\/p>\n<p>(Publicada el 26\/05\/2021<\/p>\n","protected":false},"excerpt":{"rendered":"<p>HERMOSILLO, SONORA. MX. \u2014 Sonora cumplir\u00e1 en tiempo y forma con los plazos establecidos para&#8230;<\/p>\n","protected":false},"author":1,"featured_media":114953,"comment_status":"open","ping_status":"open","sticky":false,"template":"","format":"standard","meta":{"_monsterinsights_skip_tracking":false,"_monsterinsights_sitenote_active":false,"_monsterinsights_sitenote_note":"","_monsterinsights_sitenote_category":0,"footnotes":""},"categories":[22],"tags":[],"class_list":["post"],"yoast_head":" \n<title>Sonora en Equipo. Sonora cumplir\u00e1 en tiempo y forma con implementaci\u00f3n de la Reforma al Sistema de Justicia Laboral Sonora<\/title>\n<meta name=\"description\" content=\"HERMOSILLO, SONORA. MX. \u2014 Sonora cumplir\u00e1 en tiempo y forma con los plazos establecidos para la implementaci\u00f3n de la Reforma al Sistema de Justicia En Sonora en Equipo publicamos toda la informaci\u00f3n de Sonora, M\u00e9xico y el Mundo de manera oportuna y busca que la libertad de expresi\u00f3n sea real. Visita nuestro medio informativo publicado desde Hermosillo, Sonora. %\" \/>\n<meta name=\"robots\" content=\"index, follow, max-snippet:-1, max-image-preview:large, max-video-preview:-1\" \/>\n<link rel=\"canonical\" href=\"https:\/\/www.sonoraenequipo.com.mx\/sonora-cumplira-en-tiempo-y-forma-con-implementacion-de-la-reforma-al-sistema-de-justicia-laboral\/\" \/>\n<meta property=\"og:locale\" content=\"es_ES\" \/>\n<meta property=\"og:type\" content=\"article\" \/>\n<meta property=\"og:title\" content=\"Sonora en Equipo. Sonora cumplir\u00e1 en tiempo y forma con implementaci\u00f3n de la Reforma al Sistema de Justicia Laboral Sonora\" \/>\n<meta property=\"og:description\" content=\"HERMOSILLO, SONORA. MX. \u2014 Sonora cumplir\u00e1 en tiempo y forma con los plazos establecidos para la implementaci\u00f3n de la Reforma al Sistema de Justicia En Sonora en Equipo publicamos toda la informaci\u00f3n de Sonora, M\u00e9xico y el Mundo de manera oportuna y busca que la libertad de expresi\u00f3n sea real. Visita nuestro medio informativo publicado desde Hermosillo, Sonora. %\" \/>\n<meta property=\"og:url\" content=\"https:\/\/www.sonoraenequipo.com.mx\/sonora-cumplira-en-tiempo-y-forma-con-implementacion-de-la-reforma-al-sistema-de-justicia-laboral\/\" \/>\n<meta property=\"og:site_name\" content=\"Sonora en Equipo.\" \/>\n<meta property=\"article:publisher\" content=\"https:\/\/www.facebook.com\/SonoraEE\/\" \/>\n<meta property=\"article:author\" content=\"https:\/\/www.facebook.com\/SonoraEE\" \/>\n<meta property=\"article:published_time\" content=\"2021-05-27T00:50:12+00:00\" \/>\n<meta property=\"article:modified_time\" content=\"2021-05-27T04:33:15+00:00\" \/>\n<meta property=\"og:image\" content=\"https:\/\/www.sonoraenequipo.com.mx\/storage\/2021\/05\/justicia-laboral_opt.jpg\" \/>\n\t<meta property=\"og:image:width\" content=\"700\" \/>\n\t<meta property=\"og:image:height\" content=\"400\" \/>\n\t<meta property=\"og:image:type\" content=\"image\/jpeg\" \/>\n<meta name=\"author\" content=\"enequipo\" \/>\n<meta name=\"twitter:card\" content=\"summary_large_image\" \/>\n<meta name=\"twitter:creator\" content=\"@sonoraenequipo\" \/>\n<meta name=\"twitter:site\" content=\"@sonoraenequipo\" \/>\n<meta name=\"twitter:label1\" content=\"Escrito por\" \/>\n\t<meta name=\"twitter:data1\" content=\"enequipo\" \/>\n\t<meta name=\"twitter:label2\" content=\"Tiempo de lectura\" \/>\n\t<meta name=\"twitter:data2\" content=\"3 minutos\" \/>\n<script type=\"application\/ld+json\" class=\"yoast-schema-graph\">{\"@context\":\"https:\/\/schema.org\",\"@graph\":[{\"@type\":\"Article\",\"@id\":\"https:\/\/www.sonoraenequipo.com.mx\/sonora-cumplira-en-tiempo-y-forma-con-implementacion-de-la-reforma-al-sistema-de-justicia-laboral\/#article\",\"isPartOf\":{\"@id\":\"https:\/\/www.sonoraenequipo.com.mx\/sonora-cumplira-en-tiempo-y-forma-con-implementacion-de-la-reforma-al-sistema-de-justicia-laboral\/\"},\"author\":{\"name\":\"enequipo\",\"@id\":\"https:\/\/www.sonoraenequipo.com.mx\/#\/schema\/person\/50102df0fb23a8fa9e8effad8fa81386\"},\"headline\":\"Sonora cumplir\u00e1 en tiempo y forma con implementaci\u00f3n de la Reforma al Sistema de Justicia Laboral\",\"datePublished\":\"2021-05-27T00:50:12+00:00\",\"dateModified\":\"2021-05-27T04:33:15+00:00\",\"mainEntityOfPage\":{\"@id\":\"https:\/\/www.sonoraenequipo.com.mx\/sonora-cumplira-en-tiempo-y-forma-con-implementacion-de-la-reforma-al-sistema-de-justicia-laboral\/\"},\"wordCount\":529,\"commentCount\":0,\"publisher\":{\"@id\":\"https:\/\/www.sonoraenequipo.com.mx\/#organization\"},\"image\":{\"@id\":\"https:\/\/www.sonoraenequipo.com.mx\/sonora-cumplira-en-tiempo-y-forma-con-implementacion-de-la-reforma-al-sistema-de-justicia-laboral\/#primaryimage\"},\"thumbnailUrl\":\"https:\/\/www.sonoraenequipo.com.mx\/storage\/2021\/05\/justicia-laboral_opt.jpg\",\"articleSection\":[\"Sonora\"],\"inLanguage\":\"es\",\"potentialAction\":[{\"@type\":\"CommentAction\",\"name\":\"Comment\",\"target\":[\"https:\/\/www.sonoraenequipo.com.mx\/sonora-cumplira-en-tiempo-y-forma-con-implementacion-de-la-reforma-al-sistema-de-justicia-laboral\/#respond\"]}]},{\"@type\":\"WebPage\",\"@id\":\"https:\/\/www.sonoraenequipo.com.mx\/sonora-cumplira-en-tiempo-y-forma-con-implementacion-de-la-reforma-al-sistema-de-justicia-laboral\/\",\"url\":\"https:\/\/www.sonoraenequipo.com.mx\/sonora-cumplira-en-tiempo-y-forma-con-implementacion-de-la-reforma-al-sistema-de-justicia-laboral\/\",\"name\":\"Sonora en Equipo. Sonora cumplir\u00e1 en tiempo y forma con implementaci\u00f3n de la Reforma al Sistema de Justicia Laboral Sonora\",\"isPartOf\":{\"@id\":\"https:\/\/www.sonoraenequipo.com.mx\/#website\"},\"primaryImageOfPage\":{\"@id\":\"https:\/\/www.sonoraenequipo.com.mx\/sonora-cumplira-en-tiempo-y-forma-con-implementacion-de-la-reforma-al-sistema-de-justicia-laboral\/#primaryimage\"},\"image\":{\"@id\":\"https:\/\/www.sonoraenequipo.com.mx\/sonora-cumplira-en-tiempo-y-forma-con-implementacion-de-la-reforma-al-sistema-de-justicia-laboral\/#primaryimage\"},\"thumbnailUrl\":\"https:\/\/www.sonoraenequipo.com.mx\/storage\/2021\/05\/justicia-laboral_opt.jpg\",\"datePublished\":\"2021-05-27T00:50:12+00:00\",\"dateModified\":\"2021-05-27T04:33:15+00:00\",\"description\":\"HERMOSILLO, SONORA. MX. \u2014 Sonora cumplir\u00e1 en tiempo y forma con los plazos establecidos para la implementaci\u00f3n de la Reforma al Sistema de Justicia En Sonora en Equipo publicamos toda la informaci\u00f3n de Sonora, M\u00e9xico y el Mundo de manera oportuna y busca que la libertad de expresi\u00f3n sea real. Visita nuestro medio informativo publicado desde Hermosillo, Sonora. %\",\"breadcrumb\":{\"@id\":\"https:\/\/www.sonoraenequipo.com.mx\/sonora-cumplira-en-tiempo-y-forma-con-implementacion-de-la-reforma-al-sistema-de-justicia-laboral\/#breadcrumb\"},\"inLanguage\":\"es\",\"potentialAction\":[{\"@type\":\"ReadAction\",\"target\":[\"https:\/\/www.sonoraenequipo.com.mx\/sonora-cumplira-en-tiempo-y-forma-con-implementacion-de-la-reforma-al-sistema-de-justicia-laboral\/\"]}]},{\"@type\":\"ImageObject\",\"inLanguage\":\"es\",\"@id\":\"https:\/\/www.sonoraenequipo.com.mx\/sonora-cumplira-en-tiempo-y-forma-con-implementacion-de-la-reforma-al-sistema-de-justicia-laboral\/#primaryimage\",\"url\":\"https:\/\/www.sonoraenequipo.com.mx\/storage\/2021\/05\/justicia-laboral_opt.jpg\",\"contentUrl\":\"https:\/\/www.sonoraenequipo.com.mx\/storage\/2021\/05\/justicia-laboral_opt.jpg\",\"width\":700,\"height\":400},{\"@type\":\"BreadcrumbList\",\"@id\":\"https:\/\/www.sonoraenequipo.com.mx\/sonora-cumplira-en-tiempo-y-forma-con-implementacion-de-la-reforma-al-sistema-de-justicia-laboral\/#breadcrumb\",\"itemListElement\":[{\"@type\":\"ListItem\",\"position\":1,\"name\":\"Portada\",\"item\":\"https:\/\/www.sonoraenequipo.com.mx\/\"},{\"@type\":\"ListItem\",\"position\":2,\"name\":\"Sonora cumplir\u00e1 en tiempo y forma con implementaci\u00f3n de la Reforma al Sistema de Justicia Laboral\"}]},{\"@type\":\"WebSite\",\"@id\":\"https:\/\/www.sonoraenequipo.com.mx\/#website\",\"url\":\"https:\/\/www.sonoraenequipo.com.mx\/\",\"name\":\"Sonora en Equipo.\",\"description\":\"Diario en l\u00ednea con Noticias desde Hermosillo, Sonora\",\"publisher\":{\"@id\":\"https:\/\/www.sonoraenequipo.com.mx\/#organization\"},\"potentialAction\":[{\"@type\":\"SearchAction\",\"target\":{\"@type\":\"EntryPoint\",\"urlTemplate\":\"https:\/\/www.sonoraenequipo.com.mx\/?s={search_term_string}\"},\"query-input\":{\"@type\":\"PropertyValueSpecification\",\"valueRequired\":true,\"valueName\":\"search_term_string\"}}],\"inLanguage\":\"es\"},{\"@type\":\"Organization\",\"@id\":\"https:\/\/www.sonoraenequipo.com.mx\/#organization\",\"name\":\"Sonoraenequipo.com.mx\",\"url\":\"https:\/\/www.sonoraenequipo.com.mx\/\",\"logo\":{\"@type\":\"ImageObject\",\"inLanguage\":\"es\",\"@id\":\"https:\/\/www.sonoraenequipo.com.mx\/#\/schema\/logo\/image\/\",\"url\":\"https:\/\/www.sonoraenequipo.com.mx\/storage\/2019\/01\/sonoraenequipo_opt.png\",\"contentUrl\":\"https:\/\/www.sonoraenequipo.com.mx\/storage\/2019\/01\/sonoraenequipo_opt.png\",\"width\":375,\"height\":125,\"caption\":\"Sonoraenequipo.com.mx\"},\"image\":{\"@id\":\"https:\/\/www.sonoraenequipo.com.mx\/#\/schema\/logo\/image\/\"},\"sameAs\":[\"https:\/\/www.facebook.com\/SonoraEE\/\",\"https:\/\/x.com\/sonoraenequipo\",\"https:\/\/www.youtube.com\/channel\/UC338nW-lPEYmJQs4ZABQ1SQ\"]},{\"@type\":\"Person\",\"@id\":\"https:\/\/www.sonoraenequipo.com.mx\/#\/schema\/person\/50102df0fb23a8fa9e8effad8fa81386\",\"name\":\"enequipo\",\"image\":{\"@type\":\"ImageObject\",\"inLanguage\":\"es\",\"@id\":\"https:\/\/www.sonoraenequipo.com.mx\/#\/schema\/person\/image\/\",\"url\":\"https:\/\/secure.gravatar.com\/avatar\/049821681b589dabc0bc20695993ccebb09f5b5d4d790cd9251b97faac7c652b?s=96&d=blank&r=g\",\"contentUrl\":\"https:\/\/secure.gravatar.com\/avatar\/049821681b589dabc0bc20695993ccebb09f5b5d4d790cd9251b97faac7c652b?s=96&d=blank&r=g\",\"caption\":\"enequipo\"},\"sameAs\":[\"https:\/\/www.facebook.com\/SonoraEE\"]}]}<\/script>\n ","yoast_head_json":{"title":"Sonora en Equipo. Sonora cumplir\u00e1 en tiempo y forma con implementaci\u00f3n de la Reforma al Sistema de Justicia Laboral Sonora","description":"HERMOSILLO, SONORA. MX. \u2014 Sonora cumplir\u00e1 en tiempo y forma con los plazos establecidos para la implementaci\u00f3n de la Reforma al Sistema de Justicia En Sonora en Equipo publicamos toda la informaci\u00f3n de Sonora, M\u00e9xico y el Mundo de manera oportuna y busca que la libertad de expresi\u00f3n sea real. Visita nuestro medio informativo publicado desde Hermosillo, Sonora. %","robots":{"index":"index","follow":"follow","max-snippet":"max-snippet:-1","max-image-preview":"max-image-preview:large","max-video-preview":"max-video-preview:-1"},"canonical":"https:\/\/www.sonoraenequipo.com.mx\/sonora-cumplira-en-tiempo-y-forma-con-implementacion-de-la-reforma-al-sistema-de-justicia-laboral\/","og_locale":"es_ES","og_type":"article","og_title":"Sonora en Equipo. Sonora cumplir\u00e1 en tiempo y forma con implementaci\u00f3n de la Reforma al Sistema de Justicia Laboral Sonora","og_description":"HERMOSILLO, SONORA. MX. \u2014 Sonora cumplir\u00e1 en tiempo y forma con los plazos establecidos para la implementaci\u00f3n de la Reforma al Sistema de Justicia En Sonora en Equipo publicamos toda la informaci\u00f3n de Sonora, M\u00e9xico y el Mundo de manera oportuna y busca que la libertad de expresi\u00f3n sea real. Visita nuestro medio informativo publicado desde Hermosillo, Sonora. %","og_url":"https:\/\/www.sonoraenequipo.com.mx\/sonora-cumplira-en-tiempo-y-forma-con-implementacion-de-la-reforma-al-sistema-de-justicia-laboral\/","og_site_name":"Sonora en Equipo.","article_publisher":"https:\/\/www.facebook.com\/SonoraEE\/","article_author":"https:\/\/www.facebook.com\/SonoraEE","article_published_time":"2021-05-27T00:50:12+00:00","article_modified_time":"2021-05-27T04:33:15+00:00","og_image":[{"width":700,"height":400,"url":"https:\/\/www.sonoraenequipo.com.mx\/storage\/2021\/05\/justicia-laboral_opt.jpg","type":"image\/jpeg"}],"author":"enequipo","twitter_card":"summary_large_image","twitter_creator":"@sonoraenequipo","twitter_site":"@sonoraenequipo","twitter_misc":{"Escrito por":"enequipo","Tiempo de lectura":"3 minutos"},"schema":{"@context":"https:\/\/schema.org","@graph":[{"@type":"Article","@id":"https:\/\/www.sonoraenequipo.com.mx\/sonora-cumplira-en-tiempo-y-forma-con-implementacion-de-la-reforma-al-sistema-de-justicia-laboral\/#article","isPartOf":{"@id":"https:\/\/www.sonoraenequipo.com.mx\/sonora-cumplira-en-tiempo-y-forma-con-implementacion-de-la-reforma-al-sistema-de-justicia-laboral\/"},"author":{"name":"enequipo","@id":"https:\/\/www.sonoraenequipo.com.mx\/#\/schema\/person\/50102df0fb23a8fa9e8effad8fa81386"},"headline":"Sonora cumplir\u00e1 en tiempo y forma con implementaci\u00f3n de la Reforma al Sistema de Justicia Laboral","datePublished":"2021-05-27T00:50:12+00:00","dateModified":"2021-05-27T04:33:15+00:00","mainEntityOfPage":{"@id":"https:\/\/www.sonoraenequipo.com.mx\/sonora-cumplira-en-tiempo-y-forma-con-implementacion-de-la-reforma-al-sistema-de-justicia-laboral\/"},"wordCount":529,"commentCount":0,"publisher":{"@id":"https:\/\/www.sonoraenequipo.com.mx\/#organization"},"image":{"@id":"https:\/\/www.sonoraenequipo.com.mx\/sonora-cumplira-en-tiempo-y-forma-con-implementacion-de-la-reforma-al-sistema-de-justicia-laboral\/#primaryimage"},"thumbnailUrl":"https:\/\/www.sonoraenequipo.com.mx\/storage\/2021\/05\/justicia-laboral_opt.jpg","articleSection":["Sonora"],"inLanguage":"es","potentialAction":[{"@type":"CommentAction","name":"Comment","target":["https:\/\/www.sonoraenequipo.com.mx\/sonora-cumplira-en-tiempo-y-forma-con-implementacion-de-la-reforma-al-sistema-de-justicia-laboral\/#respond"]}]},{"@type":"WebPage","@id":"https:\/\/www.sonoraenequipo.com.mx\/sonora-cumplira-en-tiempo-y-forma-con-implementacion-de-la-reforma-al-sistema-de-justicia-laboral\/","url":"https:\/\/www.sonoraenequipo.com.mx\/sonora-cumplira-en-tiempo-y-forma-con-implementacion-de-la-reforma-al-sistema-de-justicia-laboral\/","name":"Sonora en Equipo. Sonora cumplir\u00e1 en tiempo y forma con implementaci\u00f3n de la Reforma al Sistema de Justicia Laboral Sonora","isPartOf":{"@id":"https:\/\/www.sonoraenequipo.com.mx\/#website"},"primaryImageOfPage":{"@id":"https:\/\/www.sonoraenequipo.com.mx\/sonora-cumplira-en-tiempo-y-forma-con-implementacion-de-la-reforma-al-sistema-de-justicia-laboral\/#primaryimage"},"image":{"@id":"https:\/\/www.sonoraenequipo.com.mx\/sonora-cumplira-en-tiempo-y-forma-con-implementacion-de-la-reforma-al-sistema-de-justicia-laboral\/#primaryimage"},"thumbnailUrl":"https:\/\/www.sonoraenequipo.com.mx\/storage\/2021\/05\/justicia-laboral_opt.jpg","datePublished":"2021-05-27T00:50:12+00:00","dateModified":"2021-05-27T04:33:15+00:00","description":"HERMOSILLO, SONORA. MX. \u2014 Sonora cumplir\u00e1 en tiempo y forma con los plazos establecidos para la implementaci\u00f3n de la Reforma al Sistema de Justicia En Sonora en Equipo publicamos toda la informaci\u00f3n de Sonora, M\u00e9xico y el Mundo de manera oportuna y busca que la libertad de expresi\u00f3n sea real. Visita nuestro medio informativo publicado desde Hermosillo, Sonora. %","breadcrumb":{"@id":"https:\/\/www.sonoraenequipo.com.mx\/sonora-cumplira-en-tiempo-y-forma-con-implementacion-de-la-reforma-al-sistema-de-justicia-laboral\/#breadcrumb"},"inLanguage":"es","potentialAction":[{"@type":"ReadAction","target":["https:\/\/www.sonoraenequipo.com.mx\/sonora-cumplira-en-tiempo-y-forma-con-implementacion-de-la-reforma-al-sistema-de-justicia-laboral\/"]}]},{"@type":"ImageObject","inLanguage":"es","@id":"https:\/\/www.sonoraenequipo.com.mx\/sonora-cumplira-en-tiempo-y-forma-con-implementacion-de-la-reforma-al-sistema-de-justicia-laboral\/#primaryimage","url":"https:\/\/www.sonoraenequipo.com.mx\/storage\/2021\/05\/justicia-laboral_opt.jpg","contentUrl":"https:\/\/www.sonoraenequipo.com.mx\/storage\/2021\/05\/justicia-laboral_opt.jpg","width":700,"height":400},{"@type":"BreadcrumbList","@id":"https:\/\/www.sonoraenequipo.com.mx\/sonora-cumplira-en-tiempo-y-forma-con-implementacion-de-la-reforma-al-sistema-de-justicia-laboral\/#breadcrumb","itemListElement":[{"@type":"ListItem","position":1,"name":"Portada","item":"https:\/\/www.sonoraenequipo.com.mx\/"},{"@type":"ListItem","position":2,"name":"Sonora cumplir\u00e1 en tiempo y forma con implementaci\u00f3n de la Reforma al Sistema de Justicia Laboral"}]},{"@type":"WebSite","@id":"https:\/\/www.sonoraenequipo.com.mx\/#website","url":"https:\/\/www.sonoraenequipo.com.mx\/","name":"Sonora en Equipo.","description":"Diario en l\u00ednea con Noticias desde Hermosillo, Sonora","publisher":{"@id":"https:\/\/www.sonoraenequipo.com.mx\/#organization"},"potentialAction":[{"@type":"SearchAction","target":{"@type":"EntryPoint","urlTemplate":"https:\/\/www.sonoraenequipo.com.mx\/?s={search_term_string}"},"query-input":{"@type":"PropertyValueSpecification","valueRequired":true,"valueName":"search_term_string"}}],"inLanguage":"es"},{"@type":"Organization","@id":"https:\/\/www.sonoraenequipo.com.mx\/#organization","name":"Sonoraenequipo.com.mx","url":"https:\/\/www.sonoraenequipo.com.mx\/","logo":{"@type":"ImageObject","inLanguage":"es","@id":"https:\/\/www.sonoraenequipo.com.mx\/#\/schema\/logo\/image\/","url":"https:\/\/www.sonoraenequipo.com.mx\/storage\/2019\/01\/sonoraenequipo_opt.png","contentUrl":"https:\/\/www.sonoraenequipo.com.mx\/storage\/2019\/01\/sonoraenequipo_opt.png","width":375,"height":125,"caption":"Sonoraenequipo.com.mx"},"image":{"@id":"https:\/\/www.sonoraenequipo.com.mx\/#\/schema\/logo\/image\/"},"sameAs":["https:\/\/www.facebook.com\/SonoraEE\/","https:\/\/x.com\/sonoraenequipo","https:\/\/www.youtube.com\/channel\/UC338nW-lPEYmJQs4ZABQ1SQ"]},{"@type":"Person","@id":"https:\/\/www.sonoraenequipo.com.mx\/#\/schema\/person\/50102df0fb23a8fa9e8effad8fa81386","name":"enequipo","image":{"@type":"ImageObject","inLanguage":"es","@id":"https:\/\/www.sonoraenequipo.com.mx\/#\/schema\/person\/image\/","url":"https:\/\/secure.gravatar.com\/avatar\/049821681b589dabc0bc20695993ccebb09f5b5d4d790cd9251b97faac7c652b?s=96&d=blank&r=g","contentUrl":"https:\/\/secure.gravatar.com\/avatar\/049821681b589dabc0bc20695993ccebb09f5b5d4d790cd9251b97faac7c652b?s=96&d=blank&r=g","caption":"enequipo"},"sameAs":["https:\/\/www.facebook.com\/SonoraEE"]}]}},"jetpack_featured_media_url":"https:\/\/www.sonoraenequipo.com.mx\/storage\/2021\/05\/justicia-laboral_opt.jpg","_links":{"self":[{"href":"https:\/\/www.sonoraenequipo.com.mx\/api\/wp\/v2\/posts\/114946","targetHints":{"allow":["GET"]}}],"collection":[{"href":"https:\/\/www.sonoraenequipo.com.mx\/api\/wp\/v2\/posts"}],"about":[{"href":"https:\/\/www.sonoraenequipo.com.mx\/api\/wp\/v2\/types\/post"}],"author":[{"embeddable":true,"href":"https:\/\/www.sonoraenequipo.com.mx\/api\/wp\/v2\/users\/1"}],"replies":[{"embeddable":true,"href":"https:\/\/www.sonoraenequipo.com.mx\/api\/wp\/v2\/comments?post=114946"}],"version-history":[{"count":1,"href":"https:\/\/www.sonoraenequipo.com.mx\/api\/wp\/v2\/posts\/114946\/revisions"}],"predecessor-version":[{"id":114954,"href":"https:\/\/www.sonoraenequipo.com.mx\/api\/wp\/v2\/posts\/114946\/revisions\/114954"}],"wp:featuredmedia":[{"embeddable":true,"href":"https:\/\/www.sonoraenequipo.com.mx\/api\/wp\/v2\/media\/114953"}],"wp:attachment":[{"href":"https:\/\/www.sonoraenequipo.com.mx\/api\/wp\/v2\/media?parent=114946"}],"wp:term":[{"taxonomy":"category","embeddable":true,"href":"https:\/\/www.sonoraenequipo.com.mx\/api\/wp\/v2\/categories?post=114946"},{"taxonomy":"post_tag","embeddable":true,"href":"https:\/\/www.sonoraenequipo.com.mx\/api\/wp\/v2\/tags?post=114946"}],"curies":[{"name":"wp","href":"https:\/\/api.w.org\/{rel}","templated":true}]}}