{"id":114971,"date":"2021-05-26T13:00:48","date_gmt":"2021-05-26T20:00:48","guid":{"rendered":"https:\/\/www.sonoraenequipo.com.mx\/?p=114971"},"modified":"2021-05-27T07:35:25","modified_gmt":"2021-05-27T14:35:25","slug":"se-suman-jovenes-en-trabajo-de-prevencion-en-municipios-ssp-sonora","status":"publish","type":"post","link":"https:\/\/www.sonoraenequipo.com.mx\/se-suman-jovenes-en-trabajo-de-prevencion-en-municipios-ssp-sonora\/","title":{"rendered":"Se suman j\u00f3venes en trabajo de prevenci\u00f3n en municipios: SSP Sonora"},"content":{"rendered":"<p>HERMOSILLO, SONORA.MX. \u2014 J\u00f3venes de la Orquesta Sinf\u00f3nica Juvenil de la Secretar\u00eda de Seguridad P\u00fablica (SSP) tomaron protesta como integrantes de Comit\u00e9s Juveniles de Prevenci\u00f3n que participar\u00e1n como agentes de cambio en sus comunidades, inform\u00f3 el encargado de despacho del Centro Estatal de Prevenci\u00f3n del Delito y Participaci\u00f3n Ciudadana.<\/p>\n<p>&nbsp;<\/p>\n<p> <\/p>\n<p>Alejandro Linas D\u00edaz explic\u00f3 que se busca que las y los j\u00f3venes se interesen en actividades relacionadas con el tema de seguridad y prevenci\u00f3n en su entorno mediante programas, pl\u00e1ticas y talleres.<\/p>\n<p>&nbsp;<\/p>\n<p>Para ello, se tom\u00f3 protesta a quienes integran la Orquesta Sinf\u00f3nica Juvenil de la SSP, pero ahora en una nueva funci\u00f3n dentro de uno de los mencionados comit\u00e9s, con el objetivo de ser agentes de cambio dentro de sus comunidades.<\/p>\n<p>&nbsp;<\/p>\n<p>Agreg\u00f3 que actualmente son varios los grupos organizados que se han sumado en distintos municipios como San Luis R\u00edo Colorado, Guaymas, Hermosillo, Caborca, Nogales y se busca que sea un mayor n\u00famero de participantes de distintas instituciones educativas.<\/p>\n<p>&nbsp;<\/p>\n<p>Linas D\u00edaz manifest\u00f3 el agradecimiento a estudiantes de la Universidad Estatal de Sonora (UES), al Colegio de Educaci\u00f3n Profesional T\u00e9cnica del Estado de Sonora (Conalep), al Colegio de Estudios Cient\u00edficos y Tecnol\u00f3gicos del Estado de Sonora (Cecytes) y al Colegio de Bachilleres del Estado de Sonora (Cobach), comprometidos con el trabajo de prevenci\u00f3n que realiza la Secretar\u00eda de Seguridad P\u00fablica.<\/p>\n<p>&nbsp;<\/p>\n<p>Tambi\u00e9n, dijo, se han sumado al Movimiento de Acciones por la Seguridad (MAS) organizaciones como la Colectiva Feminista de San Luis R\u00edo Colorado, as\u00ed como FIEL S.C. (Fomento Internacional a la Educaci\u00f3n y Liderazgo).<\/p>\n<p>&nbsp;<\/p>\n<p>Quienes tengan inter\u00e9s en formar un comit\u00e9 juvenil de participaci\u00f3n, pueden enviar un mensaje directo las redes sociales en Facebook: PrevencionSonora, en Twitter e Instagram: @prevencionson.<\/p>\n<p>&nbsp;<\/p>\n<p>&nbsp;<\/p>\n<p>(Publicada el 27\/05\/2021)<\/p>\n","protected":false},"excerpt":{"rendered":"<p>HERMOSILLO, SONORA.MX. \u2014 J\u00f3venes de la Orquesta Sinf\u00f3nica Juvenil de la Secretar\u00eda de Seguridad P\u00fablica&#8230;<\/p>\n","protected":false},"author":1,"featured_media":114972,"comment_status":"open","ping_status":"open","sticky":false,"template":"","format":"standard","meta":{"_monsterinsights_skip_tracking":false,"_monsterinsights_sitenote_active":false,"_monsterinsights_sitenote_note":"","_monsterinsights_sitenote_category":0,"footnotes":""},"categories":[22],"tags":[],"class_list":["post"],"yoast_head":" \n<title>Sonora en Equipo. Se suman j\u00f3venes en trabajo de prevenci\u00f3n en municipios: SSP Sonora Sonora<\/title>\n<meta name=\"description\" content=\"HERMOSILLO, SONORA.MX. \u2014 J\u00f3venes de la Orquesta Sinf\u00f3nica Juvenil de la Secretar\u00eda de Seguridad P\u00fablica (SSP) tomaron protesta como integrantes de Comit\u00e9s En Sonora en Equipo publicamos toda la informaci\u00f3n de Sonora, M\u00e9xico y el Mundo de manera oportuna y busca que la libertad de expresi\u00f3n sea real. Visita nuestro medio informativo publicado desde Hermosillo, Sonora. %\" \/>\n<meta name=\"robots\" content=\"index, follow, max-snippet:-1, max-image-preview:large, max-video-preview:-1\" \/>\n<link rel=\"canonical\" href=\"https:\/\/www.sonoraenequipo.com.mx\/se-suman-jovenes-en-trabajo-de-prevencion-en-municipios-ssp-sonora\/\" \/>\n<meta property=\"og:locale\" content=\"es_ES\" \/>\n<meta property=\"og:type\" content=\"article\" \/>\n<meta property=\"og:title\" content=\"Sonora en Equipo. Se suman j\u00f3venes en trabajo de prevenci\u00f3n en municipios: SSP Sonora Sonora\" \/>\n<meta property=\"og:description\" content=\"HERMOSILLO, SONORA.MX. \u2014 J\u00f3venes de la Orquesta Sinf\u00f3nica Juvenil de la Secretar\u00eda de Seguridad P\u00fablica (SSP) tomaron protesta como integrantes de Comit\u00e9s En Sonora en Equipo publicamos toda la informaci\u00f3n de Sonora, M\u00e9xico y el Mundo de manera oportuna y busca que la libertad de expresi\u00f3n sea real. Visita nuestro medio informativo publicado desde Hermosillo, Sonora. %\" \/>\n<meta property=\"og:url\" content=\"https:\/\/www.sonoraenequipo.com.mx\/se-suman-jovenes-en-trabajo-de-prevencion-en-municipios-ssp-sonora\/\" \/>\n<meta property=\"og:site_name\" content=\"Sonora en Equipo.\" \/>\n<meta property=\"article:publisher\" content=\"https:\/\/www.facebook.com\/SonoraEE\/\" \/>\n<meta property=\"article:author\" content=\"https:\/\/www.facebook.com\/SonoraEE\" \/>\n<meta property=\"article:published_time\" content=\"2021-05-26T20:00:48+00:00\" \/>\n<meta property=\"article:modified_time\" content=\"2021-05-27T14:35:25+00:00\" \/>\n<meta property=\"og:image\" content=\"https:\/\/www.sonoraenequipo.com.mx\/storage\/2021\/05\/mas-jovenes_opt.jpg\" \/>\n\t<meta property=\"og:image:width\" content=\"700\" \/>\n\t<meta property=\"og:image:height\" content=\"400\" \/>\n\t<meta property=\"og:image:type\" content=\"image\/jpeg\" \/>\n<meta name=\"author\" content=\"enequipo\" \/>\n<meta name=\"twitter:card\" content=\"summary_large_image\" \/>\n<meta name=\"twitter:creator\" content=\"@sonoraenequipo\" \/>\n<meta name=\"twitter:site\" content=\"@sonoraenequipo\" \/>\n<meta name=\"twitter:label1\" content=\"Escrito por\" \/>\n\t<meta name=\"twitter:data1\" content=\"enequipo\" \/>\n\t<meta name=\"twitter:label2\" content=\"Tiempo de lectura\" \/>\n\t<meta name=\"twitter:data2\" content=\"2 minutos\" \/>\n<script type=\"application\/ld+json\" class=\"yoast-schema-graph\">{\"@context\":\"https:\/\/schema.org\",\"@graph\":[{\"@type\":\"Article\",\"@id\":\"https:\/\/www.sonoraenequipo.com.mx\/se-suman-jovenes-en-trabajo-de-prevencion-en-municipios-ssp-sonora\/#article\",\"isPartOf\":{\"@id\":\"https:\/\/www.sonoraenequipo.com.mx\/se-suman-jovenes-en-trabajo-de-prevencion-en-municipios-ssp-sonora\/\"},\"author\":{\"name\":\"enequipo\",\"@id\":\"https:\/\/www.sonoraenequipo.com.mx\/#\/schema\/person\/50102df0fb23a8fa9e8effad8fa81386\"},\"headline\":\"Se suman j\u00f3venes en trabajo de prevenci\u00f3n en municipios: SSP Sonora\",\"datePublished\":\"2021-05-26T20:00:48+00:00\",\"dateModified\":\"2021-05-27T14:35:25+00:00\",\"mainEntityOfPage\":{\"@id\":\"https:\/\/www.sonoraenequipo.com.mx\/se-suman-jovenes-en-trabajo-de-prevencion-en-municipios-ssp-sonora\/\"},\"wordCount\":334,\"commentCount\":0,\"publisher\":{\"@id\":\"https:\/\/www.sonoraenequipo.com.mx\/#organization\"},\"image\":{\"@id\":\"https:\/\/www.sonoraenequipo.com.mx\/se-suman-jovenes-en-trabajo-de-prevencion-en-municipios-ssp-sonora\/#primaryimage\"},\"thumbnailUrl\":\"https:\/\/www.sonoraenequipo.com.mx\/storage\/2021\/05\/mas-jovenes_opt.jpg\",\"articleSection\":[\"Sonora\"],\"inLanguage\":\"es\",\"potentialAction\":[{\"@type\":\"CommentAction\",\"name\":\"Comment\",\"target\":[\"https:\/\/www.sonoraenequipo.com.mx\/se-suman-jovenes-en-trabajo-de-prevencion-en-municipios-ssp-sonora\/#respond\"]}]},{\"@type\":\"WebPage\",\"@id\":\"https:\/\/www.sonoraenequipo.com.mx\/se-suman-jovenes-en-trabajo-de-prevencion-en-municipios-ssp-sonora\/\",\"url\":\"https:\/\/www.sonoraenequipo.com.mx\/se-suman-jovenes-en-trabajo-de-prevencion-en-municipios-ssp-sonora\/\",\"name\":\"Sonora en Equipo. Se suman j\u00f3venes en trabajo de prevenci\u00f3n en municipios: SSP Sonora Sonora\",\"isPartOf\":{\"@id\":\"https:\/\/www.sonoraenequipo.com.mx\/#website\"},\"primaryImageOfPage\":{\"@id\":\"https:\/\/www.sonoraenequipo.com.mx\/se-suman-jovenes-en-trabajo-de-prevencion-en-municipios-ssp-sonora\/#primaryimage\"},\"image\":{\"@id\":\"https:\/\/www.sonoraenequipo.com.mx\/se-suman-jovenes-en-trabajo-de-prevencion-en-municipios-ssp-sonora\/#primaryimage\"},\"thumbnailUrl\":\"https:\/\/www.sonoraenequipo.com.mx\/storage\/2021\/05\/mas-jovenes_opt.jpg\",\"datePublished\":\"2021-05-26T20:00:48+00:00\",\"dateModified\":\"2021-05-27T14:35:25+00:00\",\"description\":\"HERMOSILLO, SONORA.MX. \u2014 J\u00f3venes de la Orquesta Sinf\u00f3nica Juvenil de la Secretar\u00eda de Seguridad P\u00fablica (SSP) tomaron protesta como integrantes de Comit\u00e9s En Sonora en Equipo publicamos toda la informaci\u00f3n de Sonora, M\u00e9xico y el Mundo de manera oportuna y busca que la libertad de expresi\u00f3n sea real. Visita nuestro medio informativo publicado desde Hermosillo, Sonora. %\",\"breadcrumb\":{\"@id\":\"https:\/\/www.sonoraenequipo.com.mx\/se-suman-jovenes-en-trabajo-de-prevencion-en-municipios-ssp-sonora\/#breadcrumb\"},\"inLanguage\":\"es\",\"potentialAction\":[{\"@type\":\"ReadAction\",\"target\":[\"https:\/\/www.sonoraenequipo.com.mx\/se-suman-jovenes-en-trabajo-de-prevencion-en-municipios-ssp-sonora\/\"]}]},{\"@type\":\"ImageObject\",\"inLanguage\":\"es\",\"@id\":\"https:\/\/www.sonoraenequipo.com.mx\/se-suman-jovenes-en-trabajo-de-prevencion-en-municipios-ssp-sonora\/#primaryimage\",\"url\":\"https:\/\/www.sonoraenequipo.com.mx\/storage\/2021\/05\/mas-jovenes_opt.jpg\",\"contentUrl\":\"https:\/\/www.sonoraenequipo.com.mx\/storage\/2021\/05\/mas-jovenes_opt.jpg\",\"width\":700,\"height\":400},{\"@type\":\"BreadcrumbList\",\"@id\":\"https:\/\/www.sonoraenequipo.com.mx\/se-suman-jovenes-en-trabajo-de-prevencion-en-municipios-ssp-sonora\/#breadcrumb\",\"itemListElement\":[{\"@type\":\"ListItem\",\"position\":1,\"name\":\"Portada\",\"item\":\"https:\/\/www.sonoraenequipo.com.mx\/\"},{\"@type\":\"ListItem\",\"position\":2,\"name\":\"Se suman j\u00f3venes en trabajo de prevenci\u00f3n en municipios: SSP Sonora\"}]},{\"@type\":\"WebSite\",\"@id\":\"https:\/\/www.sonoraenequipo.com.mx\/#website\",\"url\":\"https:\/\/www.sonoraenequipo.com.mx\/\",\"name\":\"Sonora en Equipo.\",\"description\":\"Diario en l\u00ednea con Noticias desde Hermosillo, Sonora\",\"publisher\":{\"@id\":\"https:\/\/www.sonoraenequipo.com.mx\/#organization\"},\"potentialAction\":[{\"@type\":\"SearchAction\",\"target\":{\"@type\":\"EntryPoint\",\"urlTemplate\":\"https:\/\/www.sonoraenequipo.com.mx\/?s={search_term_string}\"},\"query-input\":{\"@type\":\"PropertyValueSpecification\",\"valueRequired\":true,\"valueName\":\"search_term_string\"}}],\"inLanguage\":\"es\"},{\"@type\":\"Organization\",\"@id\":\"https:\/\/www.sonoraenequipo.com.mx\/#organization\",\"name\":\"Sonoraenequipo.com.mx\",\"url\":\"https:\/\/www.sonoraenequipo.com.mx\/\",\"logo\":{\"@type\":\"ImageObject\",\"inLanguage\":\"es\",\"@id\":\"https:\/\/www.sonoraenequipo.com.mx\/#\/schema\/logo\/image\/\",\"url\":\"https:\/\/www.sonoraenequipo.com.mx\/storage\/2019\/01\/sonoraenequipo_opt.png\",\"contentUrl\":\"https:\/\/www.sonoraenequipo.com.mx\/storage\/2019\/01\/sonoraenequipo_opt.png\",\"width\":375,\"height\":125,\"caption\":\"Sonoraenequipo.com.mx\"},\"image\":{\"@id\":\"https:\/\/www.sonoraenequipo.com.mx\/#\/schema\/logo\/image\/\"},\"sameAs\":[\"https:\/\/www.facebook.com\/SonoraEE\/\",\"https:\/\/x.com\/sonoraenequipo\",\"https:\/\/www.youtube.com\/channel\/UC338nW-lPEYmJQs4ZABQ1SQ\"]},{\"@type\":\"Person\",\"@id\":\"https:\/\/www.sonoraenequipo.com.mx\/#\/schema\/person\/50102df0fb23a8fa9e8effad8fa81386\",\"name\":\"enequipo\",\"image\":{\"@type\":\"ImageObject\",\"inLanguage\":\"es\",\"@id\":\"https:\/\/www.sonoraenequipo.com.mx\/#\/schema\/person\/image\/\",\"url\":\"https:\/\/secure.gravatar.com\/avatar\/049821681b589dabc0bc20695993ccebb09f5b5d4d790cd9251b97faac7c652b?s=96&d=blank&r=g\",\"contentUrl\":\"https:\/\/secure.gravatar.com\/avatar\/049821681b589dabc0bc20695993ccebb09f5b5d4d790cd9251b97faac7c652b?s=96&d=blank&r=g\",\"caption\":\"enequipo\"},\"sameAs\":[\"https:\/\/www.facebook.com\/SonoraEE\"]}]}<\/script>\n ","yoast_head_json":{"title":"Sonora en Equipo. Se suman j\u00f3venes en trabajo de prevenci\u00f3n en municipios: SSP Sonora Sonora","description":"HERMOSILLO, SONORA.MX. \u2014 J\u00f3venes de la Orquesta Sinf\u00f3nica Juvenil de la Secretar\u00eda de Seguridad P\u00fablica (SSP) tomaron protesta como integrantes de Comit\u00e9s En Sonora en Equipo publicamos toda la informaci\u00f3n de Sonora, M\u00e9xico y el Mundo de manera oportuna y busca que la libertad de expresi\u00f3n sea real. Visita nuestro medio informativo publicado desde Hermosillo, Sonora. %","robots":{"index":"index","follow":"follow","max-snippet":"max-snippet:-1","max-image-preview":"max-image-preview:large","max-video-preview":"max-video-preview:-1"},"canonical":"https:\/\/www.sonoraenequipo.com.mx\/se-suman-jovenes-en-trabajo-de-prevencion-en-municipios-ssp-sonora\/","og_locale":"es_ES","og_type":"article","og_title":"Sonora en Equipo. Se suman j\u00f3venes en trabajo de prevenci\u00f3n en municipios: SSP Sonora Sonora","og_description":"HERMOSILLO, SONORA.MX. \u2014 J\u00f3venes de la Orquesta Sinf\u00f3nica Juvenil de la Secretar\u00eda de Seguridad P\u00fablica (SSP) tomaron protesta como integrantes de Comit\u00e9s En Sonora en Equipo publicamos toda la informaci\u00f3n de Sonora, M\u00e9xico y el Mundo de manera oportuna y busca que la libertad de expresi\u00f3n sea real. Visita nuestro medio informativo publicado desde Hermosillo, Sonora. %","og_url":"https:\/\/www.sonoraenequipo.com.mx\/se-suman-jovenes-en-trabajo-de-prevencion-en-municipios-ssp-sonora\/","og_site_name":"Sonora en Equipo.","article_publisher":"https:\/\/www.facebook.com\/SonoraEE\/","article_author":"https:\/\/www.facebook.com\/SonoraEE","article_published_time":"2021-05-26T20:00:48+00:00","article_modified_time":"2021-05-27T14:35:25+00:00","og_image":[{"width":700,"height":400,"url":"https:\/\/www.sonoraenequipo.com.mx\/storage\/2021\/05\/mas-jovenes_opt.jpg","type":"image\/jpeg"}],"author":"enequipo","twitter_card":"summary_large_image","twitter_creator":"@sonoraenequipo","twitter_site":"@sonoraenequipo","twitter_misc":{"Escrito por":"enequipo","Tiempo de lectura":"2 minutos"},"schema":{"@context":"https:\/\/schema.org","@graph":[{"@type":"Article","@id":"https:\/\/www.sonoraenequipo.com.mx\/se-suman-jovenes-en-trabajo-de-prevencion-en-municipios-ssp-sonora\/#article","isPartOf":{"@id":"https:\/\/www.sonoraenequipo.com.mx\/se-suman-jovenes-en-trabajo-de-prevencion-en-municipios-ssp-sonora\/"},"author":{"name":"enequipo","@id":"https:\/\/www.sonoraenequipo.com.mx\/#\/schema\/person\/50102df0fb23a8fa9e8effad8fa81386"},"headline":"Se suman j\u00f3venes en trabajo de prevenci\u00f3n en municipios: SSP Sonora","datePublished":"2021-05-26T20:00:48+00:00","dateModified":"2021-05-27T14:35:25+00:00","mainEntityOfPage":{"@id":"https:\/\/www.sonoraenequipo.com.mx\/se-suman-jovenes-en-trabajo-de-prevencion-en-municipios-ssp-sonora\/"},"wordCount":334,"commentCount":0,"publisher":{"@id":"https:\/\/www.sonoraenequipo.com.mx\/#organization"},"image":{"@id":"https:\/\/www.sonoraenequipo.com.mx\/se-suman-jovenes-en-trabajo-de-prevencion-en-municipios-ssp-sonora\/#primaryimage"},"thumbnailUrl":"https:\/\/www.sonoraenequipo.com.mx\/storage\/2021\/05\/mas-jovenes_opt.jpg","articleSection":["Sonora"],"inLanguage":"es","potentialAction":[{"@type":"CommentAction","name":"Comment","target":["https:\/\/www.sonoraenequipo.com.mx\/se-suman-jovenes-en-trabajo-de-prevencion-en-municipios-ssp-sonora\/#respond"]}]},{"@type":"WebPage","@id":"https:\/\/www.sonoraenequipo.com.mx\/se-suman-jovenes-en-trabajo-de-prevencion-en-municipios-ssp-sonora\/","url":"https:\/\/www.sonoraenequipo.com.mx\/se-suman-jovenes-en-trabajo-de-prevencion-en-municipios-ssp-sonora\/","name":"Sonora en Equipo. Se suman j\u00f3venes en trabajo de prevenci\u00f3n en municipios: SSP Sonora Sonora","isPartOf":{"@id":"https:\/\/www.sonoraenequipo.com.mx\/#website"},"primaryImageOfPage":{"@id":"https:\/\/www.sonoraenequipo.com.mx\/se-suman-jovenes-en-trabajo-de-prevencion-en-municipios-ssp-sonora\/#primaryimage"},"image":{"@id":"https:\/\/www.sonoraenequipo.com.mx\/se-suman-jovenes-en-trabajo-de-prevencion-en-municipios-ssp-sonora\/#primaryimage"},"thumbnailUrl":"https:\/\/www.sonoraenequipo.com.mx\/storage\/2021\/05\/mas-jovenes_opt.jpg","datePublished":"2021-05-26T20:00:48+00:00","dateModified":"2021-05-27T14:35:25+00:00","description":"HERMOSILLO, SONORA.MX. \u2014 J\u00f3venes de la Orquesta Sinf\u00f3nica Juvenil de la Secretar\u00eda de Seguridad P\u00fablica (SSP) tomaron protesta como integrantes de Comit\u00e9s En Sonora en Equipo publicamos toda la informaci\u00f3n de Sonora, M\u00e9xico y el Mundo de manera oportuna y busca que la libertad de expresi\u00f3n sea real. Visita nuestro medio informativo publicado desde Hermosillo, Sonora. %","breadcrumb":{"@id":"https:\/\/www.sonoraenequipo.com.mx\/se-suman-jovenes-en-trabajo-de-prevencion-en-municipios-ssp-sonora\/#breadcrumb"},"inLanguage":"es","potentialAction":[{"@type":"ReadAction","target":["https:\/\/www.sonoraenequipo.com.mx\/se-suman-jovenes-en-trabajo-de-prevencion-en-municipios-ssp-sonora\/"]}]},{"@type":"ImageObject","inLanguage":"es","@id":"https:\/\/www.sonoraenequipo.com.mx\/se-suman-jovenes-en-trabajo-de-prevencion-en-municipios-ssp-sonora\/#primaryimage","url":"https:\/\/www.sonoraenequipo.com.mx\/storage\/2021\/05\/mas-jovenes_opt.jpg","contentUrl":"https:\/\/www.sonoraenequipo.com.mx\/storage\/2021\/05\/mas-jovenes_opt.jpg","width":700,"height":400},{"@type":"BreadcrumbList","@id":"https:\/\/www.sonoraenequipo.com.mx\/se-suman-jovenes-en-trabajo-de-prevencion-en-municipios-ssp-sonora\/#breadcrumb","itemListElement":[{"@type":"ListItem","position":1,"name":"Portada","item":"https:\/\/www.sonoraenequipo.com.mx\/"},{"@type":"ListItem","position":2,"name":"Se suman j\u00f3venes en trabajo de prevenci\u00f3n en municipios: SSP Sonora"}]},{"@type":"WebSite","@id":"https:\/\/www.sonoraenequipo.com.mx\/#website","url":"https:\/\/www.sonoraenequipo.com.mx\/","name":"Sonora en Equipo.","description":"Diario en l\u00ednea con Noticias desde Hermosillo, Sonora","publisher":{"@id":"https:\/\/www.sonoraenequipo.com.mx\/#organization"},"potentialAction":[{"@type":"SearchAction","target":{"@type":"EntryPoint","urlTemplate":"https:\/\/www.sonoraenequipo.com.mx\/?s={search_term_string}"},"query-input":{"@type":"PropertyValueSpecification","valueRequired":true,"valueName":"search_term_string"}}],"inLanguage":"es"},{"@type":"Organization","@id":"https:\/\/www.sonoraenequipo.com.mx\/#organization","name":"Sonoraenequipo.com.mx","url":"https:\/\/www.sonoraenequipo.com.mx\/","logo":{"@type":"ImageObject","inLanguage":"es","@id":"https:\/\/www.sonoraenequipo.com.mx\/#\/schema\/logo\/image\/","url":"https:\/\/www.sonoraenequipo.com.mx\/storage\/2019\/01\/sonoraenequipo_opt.png","contentUrl":"https:\/\/www.sonoraenequipo.com.mx\/storage\/2019\/01\/sonoraenequipo_opt.png","width":375,"height":125,"caption":"Sonoraenequipo.com.mx"},"image":{"@id":"https:\/\/www.sonoraenequipo.com.mx\/#\/schema\/logo\/image\/"},"sameAs":["https:\/\/www.facebook.com\/SonoraEE\/","https:\/\/x.com\/sonoraenequipo","https:\/\/www.youtube.com\/channel\/UC338nW-lPEYmJQs4ZABQ1SQ"]},{"@type":"Person","@id":"https:\/\/www.sonoraenequipo.com.mx\/#\/schema\/person\/50102df0fb23a8fa9e8effad8fa81386","name":"enequipo","image":{"@type":"ImageObject","inLanguage":"es","@id":"https:\/\/www.sonoraenequipo.com.mx\/#\/schema\/person\/image\/","url":"https:\/\/secure.gravatar.com\/avatar\/049821681b589dabc0bc20695993ccebb09f5b5d4d790cd9251b97faac7c652b?s=96&d=blank&r=g","contentUrl":"https:\/\/secure.gravatar.com\/avatar\/049821681b589dabc0bc20695993ccebb09f5b5d4d790cd9251b97faac7c652b?s=96&d=blank&r=g","caption":"enequipo"},"sameAs":["https:\/\/www.facebook.com\/SonoraEE"]}]}},"jetpack_featured_media_url":"https:\/\/www.sonoraenequipo.com.mx\/storage\/2021\/05\/mas-jovenes_opt.jpg","_links":{"self":[{"href":"https:\/\/www.sonoraenequipo.com.mx\/api\/wp\/v2\/posts\/114971","targetHints":{"allow":["GET"]}}],"collection":[{"href":"https:\/\/www.sonoraenequipo.com.mx\/api\/wp\/v2\/posts"}],"about":[{"href":"https:\/\/www.sonoraenequipo.com.mx\/api\/wp\/v2\/types\/post"}],"author":[{"embeddable":true,"href":"https:\/\/www.sonoraenequipo.com.mx\/api\/wp\/v2\/users\/1"}],"replies":[{"embeddable":true,"href":"https:\/\/www.sonoraenequipo.com.mx\/api\/wp\/v2\/comments?post=114971"}],"version-history":[{"count":2,"href":"https:\/\/www.sonoraenequipo.com.mx\/api\/wp\/v2\/posts\/114971\/revisions"}],"predecessor-version":[{"id":114974,"href":"https:\/\/www.sonoraenequipo.com.mx\/api\/wp\/v2\/posts\/114971\/revisions\/114974"}],"wp:featuredmedia":[{"embeddable":true,"href":"https:\/\/www.sonoraenequipo.com.mx\/api\/wp\/v2\/media\/114972"}],"wp:attachment":[{"href":"https:\/\/www.sonoraenequipo.com.mx\/api\/wp\/v2\/media?parent=114971"}],"wp:term":[{"taxonomy":"category","embeddable":true,"href":"https:\/\/www.sonoraenequipo.com.mx\/api\/wp\/v2\/categories?post=114971"},{"taxonomy":"post_tag","embeddable":true,"href":"https:\/\/www.sonoraenequipo.com.mx\/api\/wp\/v2\/tags?post=114971"}],"curies":[{"name":"wp","href":"https:\/\/api.w.org\/{rel}","templated":true}]}}