{"id":115077,"date":"2021-05-26T14:14:11","date_gmt":"2021-05-26T21:14:11","guid":{"rendered":"https:\/\/www.sonoraenequipo.com.mx\/?p=115077"},"modified":"2021-05-28T06:22:40","modified_gmt":"2021-05-28T13:22:40","slug":"en-ures-inicia-el-recorrido-de-la-ruta-de-la-victoria-alfonso-durazo","status":"publish","type":"post","link":"https:\/\/www.sonoraenequipo.com.mx\/en-ures-inicia-el-recorrido-de-la-ruta-de-la-victoria-alfonso-durazo\/","title":{"rendered":"En Ures inicia \u201cel recorrido de la Ruta de la Victoria\u201d: Alfonso Durazo."},"content":{"rendered":"<p>URES,SONORA. MX. \u2014 Vamos a impulsar un Plan de Desarrollo Rural para el estado y crear agroparques regionales, propuso Alfonso Durazo en su inicio de cierres de campa\u00f1a en la Plaza Zaragoza, donde se\u00f1al\u00f3 que en esa ciudad \u201ciniciar\u00e1 el recorrido de la Ruta de la Victoria\u201d.<\/p>\n<p>&nbsp;<\/p>\n<p> <\/p>\n<p>&nbsp;<\/p>\n<p>Acompa\u00f1ado de su esposa Roc\u00edo Ch\u00e1vez, del candidato a la presidencia municipal de Ures, Jos\u00e9 Manuel Valenzuela Salcido; y de los candidatos a la diputaci\u00f3n local por el distrito 18, Ferm\u00edn Trujillo; y por el distrito federal 04, Heriberto Aguilar Castillo, el candidato de la alianza <em>\u201cJuntos haremos historia en Sonora\u201d,<\/em> expuso:<\/p>\n<p>&nbsp;<\/p>\n<p><em>\u201cEjecutaremos un programa de Desarrollo Estatal y un Sistema de Capacitaci\u00f3n e Innovaci\u00f3n, adem\u00e1s de cooperativas a todo lo que da. Nada de llevar el ganado a engordar a Hermosillo, porque aqu\u00ed est\u00e1 la mano de obra, el grano, aqu\u00ed est\u00e1 el forraje y lo sacrificamos, lo destazamos, lo congelamos y lo vendemos en Hermosillo. Por ello, eliminaremos los intermediarios\u201d.<\/em><\/p>\n<p>&nbsp;<\/p>\n<p>Y agreg\u00f3 que se crear\u00e1n agroparques regionales que servir\u00e1n como polo de desarrollo, y se mejorar\u00e1 la econom\u00eda agropecuaria, incrementando los rendimientos. <em>\u201cNo tienen maquinaria, se organiza una cooperativa y se compran tractores y se manejan responsablemente y se pagan con lo que podr\u00edan rentar esos equipos\u201d.<\/em><\/p>\n<p>&nbsp;<\/p>\n<p>Para la regi\u00f3n del r\u00edo Sonora, el oriundo de Bavispe propuso acciones intensivas de pavimentaci\u00f3n con concreto hidr\u00e1ulico y construcci\u00f3n de vados; ampliar la red de alcantarillado y la red de alumbrado p\u00fablico; construir lagunas de oxidaci\u00f3n, tanques elevados y equipar con pozos distintos municipios como Ures, Bavi\u00e1cora, San Felipe, Ban\u00e1michi, Aconchi, Hu\u00e9pac y Arizpe.<\/p>\n<p>&nbsp;<\/p>\n<p>&nbsp;<\/p>\n<p>(Publicada el 26\/05\/2021)<\/p>\n","protected":false},"excerpt":{"rendered":"<p>URES,SONORA. MX. \u2014 Vamos a impulsar un Plan de Desarrollo Rural para el estado y&#8230;<\/p>\n","protected":false},"author":1,"featured_media":114985,"comment_status":"open","ping_status":"open","sticky":false,"template":"","format":"standard","meta":{"_monsterinsights_skip_tracking":false,"_monsterinsights_sitenote_active":false,"_monsterinsights_sitenote_note":"","_monsterinsights_sitenote_category":0,"footnotes":""},"categories":[8],"tags":[],"class_list":["post"],"yoast_head":" \n<title>Sonora en Equipo. En Ures inicia \u201cel recorrido de la Ruta de la Victoria\u201d: Alfonso Durazo. LA ELECCION 2024<\/title>\n<meta name=\"description\" content=\"URES,SONORA. MX. \u2014 Vamos a impulsar un Plan de Desarrollo Rural para el estado y crear agroparques regionales, propuso Alfonso Durazo en su inicio de En Sonora en Equipo publicamos toda la informaci\u00f3n de Sonora, M\u00e9xico y el Mundo de manera oportuna y busca que la libertad de expresi\u00f3n sea real. Visita nuestro medio informativo publicado desde Hermosillo, Sonora. %\" \/>\n<meta name=\"robots\" content=\"index, follow, max-snippet:-1, max-image-preview:large, max-video-preview:-1\" \/>\n<link rel=\"canonical\" href=\"https:\/\/www.sonoraenequipo.com.mx\/en-ures-inicia-el-recorrido-de-la-ruta-de-la-victoria-alfonso-durazo\/\" \/>\n<meta property=\"og:locale\" content=\"es_ES\" \/>\n<meta property=\"og:type\" content=\"article\" \/>\n<meta property=\"og:title\" content=\"Sonora en Equipo. En Ures inicia \u201cel recorrido de la Ruta de la Victoria\u201d: Alfonso Durazo. LA ELECCION 2024\" \/>\n<meta property=\"og:description\" content=\"URES,SONORA. MX. \u2014 Vamos a impulsar un Plan de Desarrollo Rural para el estado y crear agroparques regionales, propuso Alfonso Durazo en su inicio de En Sonora en Equipo publicamos toda la informaci\u00f3n de Sonora, M\u00e9xico y el Mundo de manera oportuna y busca que la libertad de expresi\u00f3n sea real. Visita nuestro medio informativo publicado desde Hermosillo, Sonora. %\" \/>\n<meta property=\"og:url\" content=\"https:\/\/www.sonoraenequipo.com.mx\/en-ures-inicia-el-recorrido-de-la-ruta-de-la-victoria-alfonso-durazo\/\" \/>\n<meta property=\"og:site_name\" content=\"Sonora en Equipo.\" \/>\n<meta property=\"article:publisher\" content=\"https:\/\/www.facebook.com\/SonoraEE\/\" \/>\n<meta property=\"article:author\" content=\"https:\/\/www.facebook.com\/SonoraEE\" \/>\n<meta property=\"article:published_time\" content=\"2021-05-26T21:14:11+00:00\" \/>\n<meta property=\"article:modified_time\" content=\"2021-05-28T13:22:40+00:00\" \/>\n<meta property=\"og:image\" content=\"https:\/\/www.sonoraenequipo.com.mx\/storage\/2021\/05\/recorrido-de-la-ruta-de-la-victoria_opt-1.jpg\" \/>\n\t<meta property=\"og:image:width\" content=\"700\" \/>\n\t<meta property=\"og:image:height\" content=\"400\" \/>\n\t<meta property=\"og:image:type\" content=\"image\/jpeg\" \/>\n<meta name=\"author\" content=\"enequipo\" \/>\n<meta name=\"twitter:card\" content=\"summary_large_image\" \/>\n<meta name=\"twitter:creator\" content=\"@sonoraenequipo\" \/>\n<meta name=\"twitter:site\" content=\"@sonoraenequipo\" \/>\n<meta name=\"twitter:label1\" content=\"Escrito por\" \/>\n\t<meta name=\"twitter:data1\" content=\"enequipo\" \/>\n\t<meta name=\"twitter:label2\" content=\"Tiempo de lectura\" \/>\n\t<meta name=\"twitter:data2\" content=\"2 minutos\" \/>\n<script type=\"application\/ld+json\" class=\"yoast-schema-graph\">{\"@context\":\"https:\/\/schema.org\",\"@graph\":[{\"@type\":\"Article\",\"@id\":\"https:\/\/www.sonoraenequipo.com.mx\/en-ures-inicia-el-recorrido-de-la-ruta-de-la-victoria-alfonso-durazo\/#article\",\"isPartOf\":{\"@id\":\"https:\/\/www.sonoraenequipo.com.mx\/en-ures-inicia-el-recorrido-de-la-ruta-de-la-victoria-alfonso-durazo\/\"},\"author\":{\"name\":\"enequipo\",\"@id\":\"https:\/\/www.sonoraenequipo.com.mx\/#\/schema\/person\/50102df0fb23a8fa9e8effad8fa81386\"},\"headline\":\"En Ures inicia \u201cel recorrido de la Ruta de la Victoria\u201d: Alfonso Durazo.\",\"datePublished\":\"2021-05-26T21:14:11+00:00\",\"dateModified\":\"2021-05-28T13:22:40+00:00\",\"mainEntityOfPage\":{\"@id\":\"https:\/\/www.sonoraenequipo.com.mx\/en-ures-inicia-el-recorrido-de-la-ruta-de-la-victoria-alfonso-durazo\/\"},\"wordCount\":305,\"commentCount\":0,\"publisher\":{\"@id\":\"https:\/\/www.sonoraenequipo.com.mx\/#organization\"},\"image\":{\"@id\":\"https:\/\/www.sonoraenequipo.com.mx\/en-ures-inicia-el-recorrido-de-la-ruta-de-la-victoria-alfonso-durazo\/#primaryimage\"},\"thumbnailUrl\":\"https:\/\/www.sonoraenequipo.com.mx\/storage\/2021\/05\/recorrido-de-la-ruta-de-la-victoria_opt-1.jpg\",\"articleSection\":[\"LA ELECCION 2024\"],\"inLanguage\":\"es\",\"potentialAction\":[{\"@type\":\"CommentAction\",\"name\":\"Comment\",\"target\":[\"https:\/\/www.sonoraenequipo.com.mx\/en-ures-inicia-el-recorrido-de-la-ruta-de-la-victoria-alfonso-durazo\/#respond\"]}]},{\"@type\":\"WebPage\",\"@id\":\"https:\/\/www.sonoraenequipo.com.mx\/en-ures-inicia-el-recorrido-de-la-ruta-de-la-victoria-alfonso-durazo\/\",\"url\":\"https:\/\/www.sonoraenequipo.com.mx\/en-ures-inicia-el-recorrido-de-la-ruta-de-la-victoria-alfonso-durazo\/\",\"name\":\"Sonora en Equipo. En Ures inicia \u201cel recorrido de la Ruta de la Victoria\u201d: Alfonso Durazo. LA ELECCION 2024\",\"isPartOf\":{\"@id\":\"https:\/\/www.sonoraenequipo.com.mx\/#website\"},\"primaryImageOfPage\":{\"@id\":\"https:\/\/www.sonoraenequipo.com.mx\/en-ures-inicia-el-recorrido-de-la-ruta-de-la-victoria-alfonso-durazo\/#primaryimage\"},\"image\":{\"@id\":\"https:\/\/www.sonoraenequipo.com.mx\/en-ures-inicia-el-recorrido-de-la-ruta-de-la-victoria-alfonso-durazo\/#primaryimage\"},\"thumbnailUrl\":\"https:\/\/www.sonoraenequipo.com.mx\/storage\/2021\/05\/recorrido-de-la-ruta-de-la-victoria_opt-1.jpg\",\"datePublished\":\"2021-05-26T21:14:11+00:00\",\"dateModified\":\"2021-05-28T13:22:40+00:00\",\"description\":\"URES,SONORA. MX. \u2014 Vamos a impulsar un Plan de Desarrollo Rural para el estado y crear agroparques regionales, propuso Alfonso Durazo en su inicio de En Sonora en Equipo publicamos toda la informaci\u00f3n de Sonora, M\u00e9xico y el Mundo de manera oportuna y busca que la libertad de expresi\u00f3n sea real. Visita nuestro medio informativo publicado desde Hermosillo, Sonora. %\",\"breadcrumb\":{\"@id\":\"https:\/\/www.sonoraenequipo.com.mx\/en-ures-inicia-el-recorrido-de-la-ruta-de-la-victoria-alfonso-durazo\/#breadcrumb\"},\"inLanguage\":\"es\",\"potentialAction\":[{\"@type\":\"ReadAction\",\"target\":[\"https:\/\/www.sonoraenequipo.com.mx\/en-ures-inicia-el-recorrido-de-la-ruta-de-la-victoria-alfonso-durazo\/\"]}]},{\"@type\":\"ImageObject\",\"inLanguage\":\"es\",\"@id\":\"https:\/\/www.sonoraenequipo.com.mx\/en-ures-inicia-el-recorrido-de-la-ruta-de-la-victoria-alfonso-durazo\/#primaryimage\",\"url\":\"https:\/\/www.sonoraenequipo.com.mx\/storage\/2021\/05\/recorrido-de-la-ruta-de-la-victoria_opt-1.jpg\",\"contentUrl\":\"https:\/\/www.sonoraenequipo.com.mx\/storage\/2021\/05\/recorrido-de-la-ruta-de-la-victoria_opt-1.jpg\",\"width\":700,\"height\":400},{\"@type\":\"BreadcrumbList\",\"@id\":\"https:\/\/www.sonoraenequipo.com.mx\/en-ures-inicia-el-recorrido-de-la-ruta-de-la-victoria-alfonso-durazo\/#breadcrumb\",\"itemListElement\":[{\"@type\":\"ListItem\",\"position\":1,\"name\":\"Portada\",\"item\":\"https:\/\/www.sonoraenequipo.com.mx\/\"},{\"@type\":\"ListItem\",\"position\":2,\"name\":\"En Ures inicia \u201cel recorrido de la Ruta de la Victoria\u201d: Alfonso Durazo.\"}]},{\"@type\":\"WebSite\",\"@id\":\"https:\/\/www.sonoraenequipo.com.mx\/#website\",\"url\":\"https:\/\/www.sonoraenequipo.com.mx\/\",\"name\":\"Sonora en Equipo.\",\"description\":\"Diario en l\u00ednea con Noticias desde Hermosillo, Sonora\",\"publisher\":{\"@id\":\"https:\/\/www.sonoraenequipo.com.mx\/#organization\"},\"potentialAction\":[{\"@type\":\"SearchAction\",\"target\":{\"@type\":\"EntryPoint\",\"urlTemplate\":\"https:\/\/www.sonoraenequipo.com.mx\/?s={search_term_string}\"},\"query-input\":{\"@type\":\"PropertyValueSpecification\",\"valueRequired\":true,\"valueName\":\"search_term_string\"}}],\"inLanguage\":\"es\"},{\"@type\":\"Organization\",\"@id\":\"https:\/\/www.sonoraenequipo.com.mx\/#organization\",\"name\":\"Sonoraenequipo.com.mx\",\"url\":\"https:\/\/www.sonoraenequipo.com.mx\/\",\"logo\":{\"@type\":\"ImageObject\",\"inLanguage\":\"es\",\"@id\":\"https:\/\/www.sonoraenequipo.com.mx\/#\/schema\/logo\/image\/\",\"url\":\"https:\/\/www.sonoraenequipo.com.mx\/storage\/2019\/01\/sonoraenequipo_opt.png\",\"contentUrl\":\"https:\/\/www.sonoraenequipo.com.mx\/storage\/2019\/01\/sonoraenequipo_opt.png\",\"width\":375,\"height\":125,\"caption\":\"Sonoraenequipo.com.mx\"},\"image\":{\"@id\":\"https:\/\/www.sonoraenequipo.com.mx\/#\/schema\/logo\/image\/\"},\"sameAs\":[\"https:\/\/www.facebook.com\/SonoraEE\/\",\"https:\/\/x.com\/sonoraenequipo\",\"https:\/\/www.youtube.com\/channel\/UC338nW-lPEYmJQs4ZABQ1SQ\"]},{\"@type\":\"Person\",\"@id\":\"https:\/\/www.sonoraenequipo.com.mx\/#\/schema\/person\/50102df0fb23a8fa9e8effad8fa81386\",\"name\":\"enequipo\",\"image\":{\"@type\":\"ImageObject\",\"inLanguage\":\"es\",\"@id\":\"https:\/\/www.sonoraenequipo.com.mx\/#\/schema\/person\/image\/\",\"url\":\"https:\/\/secure.gravatar.com\/avatar\/049821681b589dabc0bc20695993ccebb09f5b5d4d790cd9251b97faac7c652b?s=96&d=blank&r=g\",\"contentUrl\":\"https:\/\/secure.gravatar.com\/avatar\/049821681b589dabc0bc20695993ccebb09f5b5d4d790cd9251b97faac7c652b?s=96&d=blank&r=g\",\"caption\":\"enequipo\"},\"sameAs\":[\"https:\/\/www.facebook.com\/SonoraEE\"]}]}<\/script>\n ","yoast_head_json":{"title":"Sonora en Equipo. En Ures inicia \u201cel recorrido de la Ruta de la Victoria\u201d: Alfonso Durazo. LA ELECCION 2024","description":"URES,SONORA. MX. \u2014 Vamos a impulsar un Plan de Desarrollo Rural para el estado y crear agroparques regionales, propuso Alfonso Durazo en su inicio de En Sonora en Equipo publicamos toda la informaci\u00f3n de Sonora, M\u00e9xico y el Mundo de manera oportuna y busca que la libertad de expresi\u00f3n sea real. Visita nuestro medio informativo publicado desde Hermosillo, Sonora. %","robots":{"index":"index","follow":"follow","max-snippet":"max-snippet:-1","max-image-preview":"max-image-preview:large","max-video-preview":"max-video-preview:-1"},"canonical":"https:\/\/www.sonoraenequipo.com.mx\/en-ures-inicia-el-recorrido-de-la-ruta-de-la-victoria-alfonso-durazo\/","og_locale":"es_ES","og_type":"article","og_title":"Sonora en Equipo. En Ures inicia \u201cel recorrido de la Ruta de la Victoria\u201d: Alfonso Durazo. LA ELECCION 2024","og_description":"URES,SONORA. MX. \u2014 Vamos a impulsar un Plan de Desarrollo Rural para el estado y crear agroparques regionales, propuso Alfonso Durazo en su inicio de En Sonora en Equipo publicamos toda la informaci\u00f3n de Sonora, M\u00e9xico y el Mundo de manera oportuna y busca que la libertad de expresi\u00f3n sea real. Visita nuestro medio informativo publicado desde Hermosillo, Sonora. %","og_url":"https:\/\/www.sonoraenequipo.com.mx\/en-ures-inicia-el-recorrido-de-la-ruta-de-la-victoria-alfonso-durazo\/","og_site_name":"Sonora en Equipo.","article_publisher":"https:\/\/www.facebook.com\/SonoraEE\/","article_author":"https:\/\/www.facebook.com\/SonoraEE","article_published_time":"2021-05-26T21:14:11+00:00","article_modified_time":"2021-05-28T13:22:40+00:00","og_image":[{"width":700,"height":400,"url":"https:\/\/www.sonoraenequipo.com.mx\/storage\/2021\/05\/recorrido-de-la-ruta-de-la-victoria_opt-1.jpg","type":"image\/jpeg"}],"author":"enequipo","twitter_card":"summary_large_image","twitter_creator":"@sonoraenequipo","twitter_site":"@sonoraenequipo","twitter_misc":{"Escrito por":"enequipo","Tiempo de lectura":"2 minutos"},"schema":{"@context":"https:\/\/schema.org","@graph":[{"@type":"Article","@id":"https:\/\/www.sonoraenequipo.com.mx\/en-ures-inicia-el-recorrido-de-la-ruta-de-la-victoria-alfonso-durazo\/#article","isPartOf":{"@id":"https:\/\/www.sonoraenequipo.com.mx\/en-ures-inicia-el-recorrido-de-la-ruta-de-la-victoria-alfonso-durazo\/"},"author":{"name":"enequipo","@id":"https:\/\/www.sonoraenequipo.com.mx\/#\/schema\/person\/50102df0fb23a8fa9e8effad8fa81386"},"headline":"En Ures inicia \u201cel recorrido de la Ruta de la Victoria\u201d: Alfonso Durazo.","datePublished":"2021-05-26T21:14:11+00:00","dateModified":"2021-05-28T13:22:40+00:00","mainEntityOfPage":{"@id":"https:\/\/www.sonoraenequipo.com.mx\/en-ures-inicia-el-recorrido-de-la-ruta-de-la-victoria-alfonso-durazo\/"},"wordCount":305,"commentCount":0,"publisher":{"@id":"https:\/\/www.sonoraenequipo.com.mx\/#organization"},"image":{"@id":"https:\/\/www.sonoraenequipo.com.mx\/en-ures-inicia-el-recorrido-de-la-ruta-de-la-victoria-alfonso-durazo\/#primaryimage"},"thumbnailUrl":"https:\/\/www.sonoraenequipo.com.mx\/storage\/2021\/05\/recorrido-de-la-ruta-de-la-victoria_opt-1.jpg","articleSection":["LA ELECCION 2024"],"inLanguage":"es","potentialAction":[{"@type":"CommentAction","name":"Comment","target":["https:\/\/www.sonoraenequipo.com.mx\/en-ures-inicia-el-recorrido-de-la-ruta-de-la-victoria-alfonso-durazo\/#respond"]}]},{"@type":"WebPage","@id":"https:\/\/www.sonoraenequipo.com.mx\/en-ures-inicia-el-recorrido-de-la-ruta-de-la-victoria-alfonso-durazo\/","url":"https:\/\/www.sonoraenequipo.com.mx\/en-ures-inicia-el-recorrido-de-la-ruta-de-la-victoria-alfonso-durazo\/","name":"Sonora en Equipo. En Ures inicia \u201cel recorrido de la Ruta de la Victoria\u201d: Alfonso Durazo. LA ELECCION 2024","isPartOf":{"@id":"https:\/\/www.sonoraenequipo.com.mx\/#website"},"primaryImageOfPage":{"@id":"https:\/\/www.sonoraenequipo.com.mx\/en-ures-inicia-el-recorrido-de-la-ruta-de-la-victoria-alfonso-durazo\/#primaryimage"},"image":{"@id":"https:\/\/www.sonoraenequipo.com.mx\/en-ures-inicia-el-recorrido-de-la-ruta-de-la-victoria-alfonso-durazo\/#primaryimage"},"thumbnailUrl":"https:\/\/www.sonoraenequipo.com.mx\/storage\/2021\/05\/recorrido-de-la-ruta-de-la-victoria_opt-1.jpg","datePublished":"2021-05-26T21:14:11+00:00","dateModified":"2021-05-28T13:22:40+00:00","description":"URES,SONORA. MX. \u2014 Vamos a impulsar un Plan de Desarrollo Rural para el estado y crear agroparques regionales, propuso Alfonso Durazo en su inicio de En Sonora en Equipo publicamos toda la informaci\u00f3n de Sonora, M\u00e9xico y el Mundo de manera oportuna y busca que la libertad de expresi\u00f3n sea real. Visita nuestro medio informativo publicado desde Hermosillo, Sonora. %","breadcrumb":{"@id":"https:\/\/www.sonoraenequipo.com.mx\/en-ures-inicia-el-recorrido-de-la-ruta-de-la-victoria-alfonso-durazo\/#breadcrumb"},"inLanguage":"es","potentialAction":[{"@type":"ReadAction","target":["https:\/\/www.sonoraenequipo.com.mx\/en-ures-inicia-el-recorrido-de-la-ruta-de-la-victoria-alfonso-durazo\/"]}]},{"@type":"ImageObject","inLanguage":"es","@id":"https:\/\/www.sonoraenequipo.com.mx\/en-ures-inicia-el-recorrido-de-la-ruta-de-la-victoria-alfonso-durazo\/#primaryimage","url":"https:\/\/www.sonoraenequipo.com.mx\/storage\/2021\/05\/recorrido-de-la-ruta-de-la-victoria_opt-1.jpg","contentUrl":"https:\/\/www.sonoraenequipo.com.mx\/storage\/2021\/05\/recorrido-de-la-ruta-de-la-victoria_opt-1.jpg","width":700,"height":400},{"@type":"BreadcrumbList","@id":"https:\/\/www.sonoraenequipo.com.mx\/en-ures-inicia-el-recorrido-de-la-ruta-de-la-victoria-alfonso-durazo\/#breadcrumb","itemListElement":[{"@type":"ListItem","position":1,"name":"Portada","item":"https:\/\/www.sonoraenequipo.com.mx\/"},{"@type":"ListItem","position":2,"name":"En Ures inicia \u201cel recorrido de la Ruta de la Victoria\u201d: Alfonso Durazo."}]},{"@type":"WebSite","@id":"https:\/\/www.sonoraenequipo.com.mx\/#website","url":"https:\/\/www.sonoraenequipo.com.mx\/","name":"Sonora en Equipo.","description":"Diario en l\u00ednea con Noticias desde Hermosillo, Sonora","publisher":{"@id":"https:\/\/www.sonoraenequipo.com.mx\/#organization"},"potentialAction":[{"@type":"SearchAction","target":{"@type":"EntryPoint","urlTemplate":"https:\/\/www.sonoraenequipo.com.mx\/?s={search_term_string}"},"query-input":{"@type":"PropertyValueSpecification","valueRequired":true,"valueName":"search_term_string"}}],"inLanguage":"es"},{"@type":"Organization","@id":"https:\/\/www.sonoraenequipo.com.mx\/#organization","name":"Sonoraenequipo.com.mx","url":"https:\/\/www.sonoraenequipo.com.mx\/","logo":{"@type":"ImageObject","inLanguage":"es","@id":"https:\/\/www.sonoraenequipo.com.mx\/#\/schema\/logo\/image\/","url":"https:\/\/www.sonoraenequipo.com.mx\/storage\/2019\/01\/sonoraenequipo_opt.png","contentUrl":"https:\/\/www.sonoraenequipo.com.mx\/storage\/2019\/01\/sonoraenequipo_opt.png","width":375,"height":125,"caption":"Sonoraenequipo.com.mx"},"image":{"@id":"https:\/\/www.sonoraenequipo.com.mx\/#\/schema\/logo\/image\/"},"sameAs":["https:\/\/www.facebook.com\/SonoraEE\/","https:\/\/x.com\/sonoraenequipo","https:\/\/www.youtube.com\/channel\/UC338nW-lPEYmJQs4ZABQ1SQ"]},{"@type":"Person","@id":"https:\/\/www.sonoraenequipo.com.mx\/#\/schema\/person\/50102df0fb23a8fa9e8effad8fa81386","name":"enequipo","image":{"@type":"ImageObject","inLanguage":"es","@id":"https:\/\/www.sonoraenequipo.com.mx\/#\/schema\/person\/image\/","url":"https:\/\/secure.gravatar.com\/avatar\/049821681b589dabc0bc20695993ccebb09f5b5d4d790cd9251b97faac7c652b?s=96&d=blank&r=g","contentUrl":"https:\/\/secure.gravatar.com\/avatar\/049821681b589dabc0bc20695993ccebb09f5b5d4d790cd9251b97faac7c652b?s=96&d=blank&r=g","caption":"enequipo"},"sameAs":["https:\/\/www.facebook.com\/SonoraEE"]}]}},"jetpack_featured_media_url":"https:\/\/www.sonoraenequipo.com.mx\/storage\/2021\/05\/recorrido-de-la-ruta-de-la-victoria_opt-1.jpg","_links":{"self":[{"href":"https:\/\/www.sonoraenequipo.com.mx\/api\/wp\/v2\/posts\/115077","targetHints":{"allow":["GET"]}}],"collection":[{"href":"https:\/\/www.sonoraenequipo.com.mx\/api\/wp\/v2\/posts"}],"about":[{"href":"https:\/\/www.sonoraenequipo.com.mx\/api\/wp\/v2\/types\/post"}],"author":[{"embeddable":true,"href":"https:\/\/www.sonoraenequipo.com.mx\/api\/wp\/v2\/users\/1"}],"replies":[{"embeddable":true,"href":"https:\/\/www.sonoraenequipo.com.mx\/api\/wp\/v2\/comments?post=115077"}],"version-history":[{"count":1,"href":"https:\/\/www.sonoraenequipo.com.mx\/api\/wp\/v2\/posts\/115077\/revisions"}],"predecessor-version":[{"id":115078,"href":"https:\/\/www.sonoraenequipo.com.mx\/api\/wp\/v2\/posts\/115077\/revisions\/115078"}],"wp:featuredmedia":[{"embeddable":true,"href":"https:\/\/www.sonoraenequipo.com.mx\/api\/wp\/v2\/media\/114985"}],"wp:attachment":[{"href":"https:\/\/www.sonoraenequipo.com.mx\/api\/wp\/v2\/media?parent=115077"}],"wp:term":[{"taxonomy":"category","embeddable":true,"href":"https:\/\/www.sonoraenequipo.com.mx\/api\/wp\/v2\/categories?post=115077"},{"taxonomy":"post_tag","embeddable":true,"href":"https:\/\/www.sonoraenequipo.com.mx\/api\/wp\/v2\/tags?post=115077"}],"curies":[{"name":"wp","href":"https:\/\/api.w.org\/{rel}","templated":true}]}}