{"id":115509,"date":"2021-06-03T19:00:49","date_gmt":"2021-06-04T02:00:49","guid":{"rendered":"https:\/\/www.sonoraenequipo.com.mx\/?p=115509"},"modified":"2021-06-03T18:58:31","modified_gmt":"2021-06-04T01:58:31","slug":"sam-llegara-a-samsung-como-el-asistente-inteligente-que-desplazara-a-bixby","status":"publish","type":"post","link":"https:\/\/www.sonoraenequipo.com.mx\/sam-llegara-a-samsung-como-el-asistente-inteligente-que-desplazara-a-bixby\/","title":{"rendered":"\u201cSam\u201d, llegar\u00e1 a Samsung como el asistente inteligente que desplazar\u00e1 a \u00abBixby\u00bb"},"content":{"rendered":"<p>CIUDAD DE M\u00c9XICO.MX. \u2014\u00a0 La manera en la que controlamos nuestros dispositivos se ha ido transformando. En el pasado solo hab\u00eda botones y mouse, despu\u00e9s comenzamos a utilizar nuestros dedos, pero ahora contamos con una opci\u00f3n m\u00e1s simple: la voz. En esa \u00e1rea podemos mencionar a Siri de Apple, a Google Assistant y a Alexa de Amazon.<\/p>\n<p>&nbsp;<\/p>\n<p> <\/p>\n<p>&nbsp;<\/p>\n<p>Puede que no te suene mucho pero Samsung cuenta con su propia versi\u00f3n llamada Bixby, misma que podr\u00eda ser reemplazada por Sam que, a pesar de no haber sido confirmada por la compa\u00f1\u00eda, ya ha emocionado a internet.<\/p>\n<p>&nbsp;<\/p>\n<p>Lo que sucedi\u00f3 es que una empresa llamada Lightfarm Studios public\u00f3 en Twitter varias versiones de un asistente virtual llamado Sam, dise\u00f1ado para Samsung Galaxy.<\/p>\n<p>&nbsp;<\/p>\n<p>A pesar de que finalmente decidi\u00f3 eliminar sus publicaciones, los usuarios se emocionaron con la imagen del personaje virtual que mostr\u00f3 el fin de semana pasado. Sin embargo, Samsung a\u00fan no se ha pronunciado al respecto por lo que no podemos confirmar que tenga planes de reemplazar a Bixby con esta nueva opci\u00f3n.<\/p>\n<p>&nbsp;<\/p>\n<p>En la publicaci\u00f3n, que ya fue eliminada, Lightfarm escribi\u00f3:<em> \u201cDurante todo el proceso, el equipo se dedic\u00f3 a desarrollar materiales realistas, principalmente para el cabello y la ropa del personaje, para que Sam pareciera est\u00e9ticamente agradable. Sam fue una asociaci\u00f3n incre\u00edble entre Cheil Agency y Lightfarm, \u00a1y estamos encantados de ser parte de este proyecto!\u201d.<\/em><\/p>\n<p>&nbsp;<\/p>\n<p>En el mensaje no se menciona directamente a Samsung entonces, \u00bfpor qu\u00e9 los usuarios hicieron la relaci\u00f3n? Pues porque s\u00ed se habla de la agencia de marketing coreana Cheil Agency, que es una subsidiaria de la compa\u00f1\u00eda de tecnolog\u00eda.<\/p>\n<p>&nbsp;<\/p>\n<p>Lightfarm adem\u00e1s presumi\u00f3 su trabajo y anunci\u00f3 que el personaje, aunque ya ten\u00eda una versi\u00f3n 2D, se someti\u00f3 a un redise\u00f1o completo para volver en una versi\u00f3n 3D, \u201cque es m\u00e1s moderna, atractiva, y tambi\u00e9n con m\u00e1s expresiones, diferentes poses y texturas\u201d.<\/p>\n<h3>\nBuenas reacciones<\/h3>\n<p>&nbsp;<\/p>\n<p>Si solo era un concepto, puede que la marca surcoreana se tome en serio la posibilidad de que sea una realidad el asistente virtual Sam pues los usuarios de redes sociales reaccionaron de manera positiva, muchos se apresuraron a tomar capturas de pantalla y varias im\u00e1genes del personaje se volvieron virales.<\/p>\n<p>Algunos de los comentarios en Twitter fueron: \u201cTodos se inclinan ante mi diosa Sam, el asistente virtual de Samsung\u201d. Aunque tambi\u00e9n hubo quienes lo tomaron con m\u00e1s calma:<em> \u201cLa gente se vuelve demasiado loca con Sam, el nuevo asistente de Samsung. Vamos, Samsung ni siquiera lo confirma todav\u00eda\u201d.<\/em><\/p>\n<p>&nbsp;<\/p>\n<p>Cabe se\u00f1alar que Lightfarm Studios es una productora de artes visuales con sede en R\u00edo de Janeiro, con oficinas en S\u00e3o Paulo, Melbourne y Singapur. En su p\u00e1gina de internet la empresa describe como especialista en comunicaci\u00f3n visual y creadores de animaci\u00f3n, fotograf\u00eda publicitaria, contenido 3D, contenido en tiempo real (VR y AR), manipulaci\u00f3n de im\u00e1genes, edici\u00f3n y postproducci\u00f3n de video.<\/p>\n<p>&nbsp;<\/p>\n<p>Asimismo hay que se\u00f1alar que, desde el a\u00f1o pasado, ya hab\u00eda rumores de que Samsung lanzar\u00eda un asistente virtual generado mediante Inteligencia Artificial, solo que en ese entonces el nombre que se mencionaba era NEON. Ahora habr\u00e1 que esperar para saber si Sam es la pr\u00f3xima innovaci\u00f3n para los asistentes de voz que podr\u00edan volverse m\u00e1s \u201chumanos\u201d pues hasta ahora no conocemos c\u00f3mo \u201clucen\u201d Siri o Alexa.<\/p>\n<p>&nbsp;<\/p>\n<p>&nbsp;<\/p>\n<p>(Publicada el 03\/06\/2021)<\/p>\n","protected":false},"excerpt":{"rendered":"<p>CIUDAD DE M\u00c9XICO.MX. \u2014\u00a0 La manera en la que controlamos nuestros dispositivos se ha ido&#8230;<\/p>\n","protected":false},"author":1,"featured_media":115495,"comment_status":"open","ping_status":"open","sticky":false,"template":"","format":"standard","meta":{"_monsterinsights_skip_tracking":false,"_monsterinsights_sitenote_active":false,"_monsterinsights_sitenote_note":"","_monsterinsights_sitenote_category":0,"footnotes":""},"categories":[2216],"tags":[],"class_list":["post"],"yoast_head":" \n<title>Sonora en Equipo. \u201cSam\u201d, llegar\u00e1 a Samsung como el asistente inteligente que desplazar\u00e1 a &quot;Bixby&quot; Ciencia y Tecnolog\u00eda<\/title>\n<meta name=\"description\" content=\"CIUDAD DE M\u00c9XICO.MX. \u2014\u00a0 La manera en la que controlamos nuestros dispositivos se ha ido transformando. En el pasado solo hab\u00eda botones y mouse, despu\u00e9s En Sonora en Equipo publicamos toda la informaci\u00f3n de Sonora, M\u00e9xico y el Mundo de manera oportuna y busca que la libertad de expresi\u00f3n sea real. Visita nuestro medio informativo publicado desde Hermosillo, Sonora. %\" \/>\n<meta name=\"robots\" content=\"index, follow, max-snippet:-1, max-image-preview:large, max-video-preview:-1\" \/>\n<link rel=\"canonical\" href=\"https:\/\/www.sonoraenequipo.com.mx\/sam-llegara-a-samsung-como-el-asistente-inteligente-que-desplazara-a-bixby\/\" \/>\n<meta property=\"og:locale\" content=\"es_ES\" \/>\n<meta property=\"og:type\" content=\"article\" \/>\n<meta property=\"og:title\" content=\"Sonora en Equipo. \u201cSam\u201d, llegar\u00e1 a Samsung como el asistente inteligente que desplazar\u00e1 a &quot;Bixby&quot; Ciencia y Tecnolog\u00eda\" \/>\n<meta property=\"og:description\" content=\"CIUDAD DE M\u00c9XICO.MX. \u2014\u00a0 La manera en la que controlamos nuestros dispositivos se ha ido transformando. En el pasado solo hab\u00eda botones y mouse, despu\u00e9s En Sonora en Equipo publicamos toda la informaci\u00f3n de Sonora, M\u00e9xico y el Mundo de manera oportuna y busca que la libertad de expresi\u00f3n sea real. Visita nuestro medio informativo publicado desde Hermosillo, Sonora. %\" \/>\n<meta property=\"og:url\" content=\"https:\/\/www.sonoraenequipo.com.mx\/sam-llegara-a-samsung-como-el-asistente-inteligente-que-desplazara-a-bixby\/\" \/>\n<meta property=\"og:site_name\" content=\"Sonora en Equipo.\" \/>\n<meta property=\"article:publisher\" content=\"https:\/\/www.facebook.com\/SonoraEE\/\" \/>\n<meta property=\"article:author\" content=\"https:\/\/www.facebook.com\/SonoraEE\" \/>\n<meta property=\"article:published_time\" content=\"2021-06-04T02:00:49+00:00\" \/>\n<meta property=\"og:image\" content=\"https:\/\/www.sonoraenequipo.com.mx\/storage\/2021\/06\/SamSung_opt.jpg\" \/>\n\t<meta property=\"og:image:width\" content=\"700\" \/>\n\t<meta property=\"og:image:height\" content=\"400\" \/>\n\t<meta property=\"og:image:type\" content=\"image\/jpeg\" \/>\n<meta name=\"author\" content=\"enequipo\" \/>\n<meta name=\"twitter:card\" content=\"summary_large_image\" \/>\n<meta name=\"twitter:creator\" content=\"@sonoraenequipo\" \/>\n<meta name=\"twitter:site\" content=\"@sonoraenequipo\" \/>\n<meta name=\"twitter:label1\" content=\"Escrito por\" \/>\n\t<meta name=\"twitter:data1\" content=\"enequipo\" \/>\n\t<meta name=\"twitter:label2\" content=\"Tiempo de lectura\" \/>\n\t<meta name=\"twitter:data2\" content=\"3 minutos\" \/>\n<script type=\"application\/ld+json\" class=\"yoast-schema-graph\">{\"@context\":\"https:\/\/schema.org\",\"@graph\":[{\"@type\":\"Article\",\"@id\":\"https:\/\/www.sonoraenequipo.com.mx\/sam-llegara-a-samsung-como-el-asistente-inteligente-que-desplazara-a-bixby\/#article\",\"isPartOf\":{\"@id\":\"https:\/\/www.sonoraenequipo.com.mx\/sam-llegara-a-samsung-como-el-asistente-inteligente-que-desplazara-a-bixby\/\"},\"author\":{\"name\":\"enequipo\",\"@id\":\"https:\/\/www.sonoraenequipo.com.mx\/#\/schema\/person\/50102df0fb23a8fa9e8effad8fa81386\"},\"headline\":\"\u201cSam\u201d, llegar\u00e1 a Samsung como el asistente inteligente que desplazar\u00e1 a \u00abBixby\u00bb\",\"datePublished\":\"2021-06-04T02:00:49+00:00\",\"mainEntityOfPage\":{\"@id\":\"https:\/\/www.sonoraenequipo.com.mx\/sam-llegara-a-samsung-como-el-asistente-inteligente-que-desplazara-a-bixby\/\"},\"wordCount\":614,\"commentCount\":0,\"publisher\":{\"@id\":\"https:\/\/www.sonoraenequipo.com.mx\/#organization\"},\"image\":{\"@id\":\"https:\/\/www.sonoraenequipo.com.mx\/sam-llegara-a-samsung-como-el-asistente-inteligente-que-desplazara-a-bixby\/#primaryimage\"},\"thumbnailUrl\":\"https:\/\/www.sonoraenequipo.com.mx\/storage\/2021\/06\/SamSung_opt.jpg\",\"articleSection\":[\"Ciencia y Tecnolog\u00eda\"],\"inLanguage\":\"es\",\"potentialAction\":[{\"@type\":\"CommentAction\",\"name\":\"Comment\",\"target\":[\"https:\/\/www.sonoraenequipo.com.mx\/sam-llegara-a-samsung-como-el-asistente-inteligente-que-desplazara-a-bixby\/#respond\"]}]},{\"@type\":\"WebPage\",\"@id\":\"https:\/\/www.sonoraenequipo.com.mx\/sam-llegara-a-samsung-como-el-asistente-inteligente-que-desplazara-a-bixby\/\",\"url\":\"https:\/\/www.sonoraenequipo.com.mx\/sam-llegara-a-samsung-como-el-asistente-inteligente-que-desplazara-a-bixby\/\",\"name\":\"Sonora en Equipo. \u201cSam\u201d, llegar\u00e1 a Samsung como el asistente inteligente que desplazar\u00e1 a \\\"Bixby\\\" Ciencia y Tecnolog\u00eda\",\"isPartOf\":{\"@id\":\"https:\/\/www.sonoraenequipo.com.mx\/#website\"},\"primaryImageOfPage\":{\"@id\":\"https:\/\/www.sonoraenequipo.com.mx\/sam-llegara-a-samsung-como-el-asistente-inteligente-que-desplazara-a-bixby\/#primaryimage\"},\"image\":{\"@id\":\"https:\/\/www.sonoraenequipo.com.mx\/sam-llegara-a-samsung-como-el-asistente-inteligente-que-desplazara-a-bixby\/#primaryimage\"},\"thumbnailUrl\":\"https:\/\/www.sonoraenequipo.com.mx\/storage\/2021\/06\/SamSung_opt.jpg\",\"datePublished\":\"2021-06-04T02:00:49+00:00\",\"description\":\"CIUDAD DE M\u00c9XICO.MX. \u2014\u00a0 La manera en la que controlamos nuestros dispositivos se ha ido transformando. En el pasado solo hab\u00eda botones y mouse, despu\u00e9s En Sonora en Equipo publicamos toda la informaci\u00f3n de Sonora, M\u00e9xico y el Mundo de manera oportuna y busca que la libertad de expresi\u00f3n sea real. Visita nuestro medio informativo publicado desde Hermosillo, Sonora. %\",\"breadcrumb\":{\"@id\":\"https:\/\/www.sonoraenequipo.com.mx\/sam-llegara-a-samsung-como-el-asistente-inteligente-que-desplazara-a-bixby\/#breadcrumb\"},\"inLanguage\":\"es\",\"potentialAction\":[{\"@type\":\"ReadAction\",\"target\":[\"https:\/\/www.sonoraenequipo.com.mx\/sam-llegara-a-samsung-como-el-asistente-inteligente-que-desplazara-a-bixby\/\"]}]},{\"@type\":\"ImageObject\",\"inLanguage\":\"es\",\"@id\":\"https:\/\/www.sonoraenequipo.com.mx\/sam-llegara-a-samsung-como-el-asistente-inteligente-que-desplazara-a-bixby\/#primaryimage\",\"url\":\"https:\/\/www.sonoraenequipo.com.mx\/storage\/2021\/06\/SamSung_opt.jpg\",\"contentUrl\":\"https:\/\/www.sonoraenequipo.com.mx\/storage\/2021\/06\/SamSung_opt.jpg\",\"width\":700,\"height\":400},{\"@type\":\"BreadcrumbList\",\"@id\":\"https:\/\/www.sonoraenequipo.com.mx\/sam-llegara-a-samsung-como-el-asistente-inteligente-que-desplazara-a-bixby\/#breadcrumb\",\"itemListElement\":[{\"@type\":\"ListItem\",\"position\":1,\"name\":\"Portada\",\"item\":\"https:\/\/www.sonoraenequipo.com.mx\/\"},{\"@type\":\"ListItem\",\"position\":2,\"name\":\"\u201cSam\u201d, llegar\u00e1 a Samsung como el asistente inteligente que desplazar\u00e1 a \u00abBixby\u00bb\"}]},{\"@type\":\"WebSite\",\"@id\":\"https:\/\/www.sonoraenequipo.com.mx\/#website\",\"url\":\"https:\/\/www.sonoraenequipo.com.mx\/\",\"name\":\"Sonora en Equipo.\",\"description\":\"Diario en l\u00ednea con Noticias desde Hermosillo, Sonora\",\"publisher\":{\"@id\":\"https:\/\/www.sonoraenequipo.com.mx\/#organization\"},\"potentialAction\":[{\"@type\":\"SearchAction\",\"target\":{\"@type\":\"EntryPoint\",\"urlTemplate\":\"https:\/\/www.sonoraenequipo.com.mx\/?s={search_term_string}\"},\"query-input\":{\"@type\":\"PropertyValueSpecification\",\"valueRequired\":true,\"valueName\":\"search_term_string\"}}],\"inLanguage\":\"es\"},{\"@type\":\"Organization\",\"@id\":\"https:\/\/www.sonoraenequipo.com.mx\/#organization\",\"name\":\"Sonoraenequipo.com.mx\",\"url\":\"https:\/\/www.sonoraenequipo.com.mx\/\",\"logo\":{\"@type\":\"ImageObject\",\"inLanguage\":\"es\",\"@id\":\"https:\/\/www.sonoraenequipo.com.mx\/#\/schema\/logo\/image\/\",\"url\":\"https:\/\/www.sonoraenequipo.com.mx\/storage\/2019\/01\/sonoraenequipo_opt.png\",\"contentUrl\":\"https:\/\/www.sonoraenequipo.com.mx\/storage\/2019\/01\/sonoraenequipo_opt.png\",\"width\":375,\"height\":125,\"caption\":\"Sonoraenequipo.com.mx\"},\"image\":{\"@id\":\"https:\/\/www.sonoraenequipo.com.mx\/#\/schema\/logo\/image\/\"},\"sameAs\":[\"https:\/\/www.facebook.com\/SonoraEE\/\",\"https:\/\/x.com\/sonoraenequipo\",\"https:\/\/www.youtube.com\/channel\/UC338nW-lPEYmJQs4ZABQ1SQ\"]},{\"@type\":\"Person\",\"@id\":\"https:\/\/www.sonoraenequipo.com.mx\/#\/schema\/person\/50102df0fb23a8fa9e8effad8fa81386\",\"name\":\"enequipo\",\"image\":{\"@type\":\"ImageObject\",\"inLanguage\":\"es\",\"@id\":\"https:\/\/www.sonoraenequipo.com.mx\/#\/schema\/person\/image\/\",\"url\":\"https:\/\/secure.gravatar.com\/avatar\/049821681b589dabc0bc20695993ccebb09f5b5d4d790cd9251b97faac7c652b?s=96&d=blank&r=g\",\"contentUrl\":\"https:\/\/secure.gravatar.com\/avatar\/049821681b589dabc0bc20695993ccebb09f5b5d4d790cd9251b97faac7c652b?s=96&d=blank&r=g\",\"caption\":\"enequipo\"},\"sameAs\":[\"https:\/\/www.facebook.com\/SonoraEE\"]}]}<\/script>\n ","yoast_head_json":{"title":"Sonora en Equipo. \u201cSam\u201d, llegar\u00e1 a Samsung como el asistente inteligente que desplazar\u00e1 a \"Bixby\" Ciencia y Tecnolog\u00eda","description":"CIUDAD DE M\u00c9XICO.MX. \u2014\u00a0 La manera en la que controlamos nuestros dispositivos se ha ido transformando. En el pasado solo hab\u00eda botones y mouse, despu\u00e9s En Sonora en Equipo publicamos toda la informaci\u00f3n de Sonora, M\u00e9xico y el Mundo de manera oportuna y busca que la libertad de expresi\u00f3n sea real. Visita nuestro medio informativo publicado desde Hermosillo, Sonora. %","robots":{"index":"index","follow":"follow","max-snippet":"max-snippet:-1","max-image-preview":"max-image-preview:large","max-video-preview":"max-video-preview:-1"},"canonical":"https:\/\/www.sonoraenequipo.com.mx\/sam-llegara-a-samsung-como-el-asistente-inteligente-que-desplazara-a-bixby\/","og_locale":"es_ES","og_type":"article","og_title":"Sonora en Equipo. \u201cSam\u201d, llegar\u00e1 a Samsung como el asistente inteligente que desplazar\u00e1 a \"Bixby\" Ciencia y Tecnolog\u00eda","og_description":"CIUDAD DE M\u00c9XICO.MX. \u2014\u00a0 La manera en la que controlamos nuestros dispositivos se ha ido transformando. En el pasado solo hab\u00eda botones y mouse, despu\u00e9s En Sonora en Equipo publicamos toda la informaci\u00f3n de Sonora, M\u00e9xico y el Mundo de manera oportuna y busca que la libertad de expresi\u00f3n sea real. Visita nuestro medio informativo publicado desde Hermosillo, Sonora. %","og_url":"https:\/\/www.sonoraenequipo.com.mx\/sam-llegara-a-samsung-como-el-asistente-inteligente-que-desplazara-a-bixby\/","og_site_name":"Sonora en Equipo.","article_publisher":"https:\/\/www.facebook.com\/SonoraEE\/","article_author":"https:\/\/www.facebook.com\/SonoraEE","article_published_time":"2021-06-04T02:00:49+00:00","og_image":[{"width":700,"height":400,"url":"https:\/\/www.sonoraenequipo.com.mx\/storage\/2021\/06\/SamSung_opt.jpg","type":"image\/jpeg"}],"author":"enequipo","twitter_card":"summary_large_image","twitter_creator":"@sonoraenequipo","twitter_site":"@sonoraenequipo","twitter_misc":{"Escrito por":"enequipo","Tiempo de lectura":"3 minutos"},"schema":{"@context":"https:\/\/schema.org","@graph":[{"@type":"Article","@id":"https:\/\/www.sonoraenequipo.com.mx\/sam-llegara-a-samsung-como-el-asistente-inteligente-que-desplazara-a-bixby\/#article","isPartOf":{"@id":"https:\/\/www.sonoraenequipo.com.mx\/sam-llegara-a-samsung-como-el-asistente-inteligente-que-desplazara-a-bixby\/"},"author":{"name":"enequipo","@id":"https:\/\/www.sonoraenequipo.com.mx\/#\/schema\/person\/50102df0fb23a8fa9e8effad8fa81386"},"headline":"\u201cSam\u201d, llegar\u00e1 a Samsung como el asistente inteligente que desplazar\u00e1 a \u00abBixby\u00bb","datePublished":"2021-06-04T02:00:49+00:00","mainEntityOfPage":{"@id":"https:\/\/www.sonoraenequipo.com.mx\/sam-llegara-a-samsung-como-el-asistente-inteligente-que-desplazara-a-bixby\/"},"wordCount":614,"commentCount":0,"publisher":{"@id":"https:\/\/www.sonoraenequipo.com.mx\/#organization"},"image":{"@id":"https:\/\/www.sonoraenequipo.com.mx\/sam-llegara-a-samsung-como-el-asistente-inteligente-que-desplazara-a-bixby\/#primaryimage"},"thumbnailUrl":"https:\/\/www.sonoraenequipo.com.mx\/storage\/2021\/06\/SamSung_opt.jpg","articleSection":["Ciencia y Tecnolog\u00eda"],"inLanguage":"es","potentialAction":[{"@type":"CommentAction","name":"Comment","target":["https:\/\/www.sonoraenequipo.com.mx\/sam-llegara-a-samsung-como-el-asistente-inteligente-que-desplazara-a-bixby\/#respond"]}]},{"@type":"WebPage","@id":"https:\/\/www.sonoraenequipo.com.mx\/sam-llegara-a-samsung-como-el-asistente-inteligente-que-desplazara-a-bixby\/","url":"https:\/\/www.sonoraenequipo.com.mx\/sam-llegara-a-samsung-como-el-asistente-inteligente-que-desplazara-a-bixby\/","name":"Sonora en Equipo. \u201cSam\u201d, llegar\u00e1 a Samsung como el asistente inteligente que desplazar\u00e1 a \"Bixby\" Ciencia y Tecnolog\u00eda","isPartOf":{"@id":"https:\/\/www.sonoraenequipo.com.mx\/#website"},"primaryImageOfPage":{"@id":"https:\/\/www.sonoraenequipo.com.mx\/sam-llegara-a-samsung-como-el-asistente-inteligente-que-desplazara-a-bixby\/#primaryimage"},"image":{"@id":"https:\/\/www.sonoraenequipo.com.mx\/sam-llegara-a-samsung-como-el-asistente-inteligente-que-desplazara-a-bixby\/#primaryimage"},"thumbnailUrl":"https:\/\/www.sonoraenequipo.com.mx\/storage\/2021\/06\/SamSung_opt.jpg","datePublished":"2021-06-04T02:00:49+00:00","description":"CIUDAD DE M\u00c9XICO.MX. \u2014\u00a0 La manera en la que controlamos nuestros dispositivos se ha ido transformando. En el pasado solo hab\u00eda botones y mouse, despu\u00e9s En Sonora en Equipo publicamos toda la informaci\u00f3n de Sonora, M\u00e9xico y el Mundo de manera oportuna y busca que la libertad de expresi\u00f3n sea real. Visita nuestro medio informativo publicado desde Hermosillo, Sonora. %","breadcrumb":{"@id":"https:\/\/www.sonoraenequipo.com.mx\/sam-llegara-a-samsung-como-el-asistente-inteligente-que-desplazara-a-bixby\/#breadcrumb"},"inLanguage":"es","potentialAction":[{"@type":"ReadAction","target":["https:\/\/www.sonoraenequipo.com.mx\/sam-llegara-a-samsung-como-el-asistente-inteligente-que-desplazara-a-bixby\/"]}]},{"@type":"ImageObject","inLanguage":"es","@id":"https:\/\/www.sonoraenequipo.com.mx\/sam-llegara-a-samsung-como-el-asistente-inteligente-que-desplazara-a-bixby\/#primaryimage","url":"https:\/\/www.sonoraenequipo.com.mx\/storage\/2021\/06\/SamSung_opt.jpg","contentUrl":"https:\/\/www.sonoraenequipo.com.mx\/storage\/2021\/06\/SamSung_opt.jpg","width":700,"height":400},{"@type":"BreadcrumbList","@id":"https:\/\/www.sonoraenequipo.com.mx\/sam-llegara-a-samsung-como-el-asistente-inteligente-que-desplazara-a-bixby\/#breadcrumb","itemListElement":[{"@type":"ListItem","position":1,"name":"Portada","item":"https:\/\/www.sonoraenequipo.com.mx\/"},{"@type":"ListItem","position":2,"name":"\u201cSam\u201d, llegar\u00e1 a Samsung como el asistente inteligente que desplazar\u00e1 a \u00abBixby\u00bb"}]},{"@type":"WebSite","@id":"https:\/\/www.sonoraenequipo.com.mx\/#website","url":"https:\/\/www.sonoraenequipo.com.mx\/","name":"Sonora en Equipo.","description":"Diario en l\u00ednea con Noticias desde Hermosillo, Sonora","publisher":{"@id":"https:\/\/www.sonoraenequipo.com.mx\/#organization"},"potentialAction":[{"@type":"SearchAction","target":{"@type":"EntryPoint","urlTemplate":"https:\/\/www.sonoraenequipo.com.mx\/?s={search_term_string}"},"query-input":{"@type":"PropertyValueSpecification","valueRequired":true,"valueName":"search_term_string"}}],"inLanguage":"es"},{"@type":"Organization","@id":"https:\/\/www.sonoraenequipo.com.mx\/#organization","name":"Sonoraenequipo.com.mx","url":"https:\/\/www.sonoraenequipo.com.mx\/","logo":{"@type":"ImageObject","inLanguage":"es","@id":"https:\/\/www.sonoraenequipo.com.mx\/#\/schema\/logo\/image\/","url":"https:\/\/www.sonoraenequipo.com.mx\/storage\/2019\/01\/sonoraenequipo_opt.png","contentUrl":"https:\/\/www.sonoraenequipo.com.mx\/storage\/2019\/01\/sonoraenequipo_opt.png","width":375,"height":125,"caption":"Sonoraenequipo.com.mx"},"image":{"@id":"https:\/\/www.sonoraenequipo.com.mx\/#\/schema\/logo\/image\/"},"sameAs":["https:\/\/www.facebook.com\/SonoraEE\/","https:\/\/x.com\/sonoraenequipo","https:\/\/www.youtube.com\/channel\/UC338nW-lPEYmJQs4ZABQ1SQ"]},{"@type":"Person","@id":"https:\/\/www.sonoraenequipo.com.mx\/#\/schema\/person\/50102df0fb23a8fa9e8effad8fa81386","name":"enequipo","image":{"@type":"ImageObject","inLanguage":"es","@id":"https:\/\/www.sonoraenequipo.com.mx\/#\/schema\/person\/image\/","url":"https:\/\/secure.gravatar.com\/avatar\/049821681b589dabc0bc20695993ccebb09f5b5d4d790cd9251b97faac7c652b?s=96&d=blank&r=g","contentUrl":"https:\/\/secure.gravatar.com\/avatar\/049821681b589dabc0bc20695993ccebb09f5b5d4d790cd9251b97faac7c652b?s=96&d=blank&r=g","caption":"enequipo"},"sameAs":["https:\/\/www.facebook.com\/SonoraEE"]}]}},"jetpack_featured_media_url":"https:\/\/www.sonoraenequipo.com.mx\/storage\/2021\/06\/SamSung_opt.jpg","_links":{"self":[{"href":"https:\/\/www.sonoraenequipo.com.mx\/api\/wp\/v2\/posts\/115509","targetHints":{"allow":["GET"]}}],"collection":[{"href":"https:\/\/www.sonoraenequipo.com.mx\/api\/wp\/v2\/posts"}],"about":[{"href":"https:\/\/www.sonoraenequipo.com.mx\/api\/wp\/v2\/types\/post"}],"author":[{"embeddable":true,"href":"https:\/\/www.sonoraenequipo.com.mx\/api\/wp\/v2\/users\/1"}],"replies":[{"embeddable":true,"href":"https:\/\/www.sonoraenequipo.com.mx\/api\/wp\/v2\/comments?post=115509"}],"version-history":[{"count":1,"href":"https:\/\/www.sonoraenequipo.com.mx\/api\/wp\/v2\/posts\/115509\/revisions"}],"predecessor-version":[{"id":115520,"href":"https:\/\/www.sonoraenequipo.com.mx\/api\/wp\/v2\/posts\/115509\/revisions\/115520"}],"wp:featuredmedia":[{"embeddable":true,"href":"https:\/\/www.sonoraenequipo.com.mx\/api\/wp\/v2\/media\/115495"}],"wp:attachment":[{"href":"https:\/\/www.sonoraenequipo.com.mx\/api\/wp\/v2\/media?parent=115509"}],"wp:term":[{"taxonomy":"category","embeddable":true,"href":"https:\/\/www.sonoraenequipo.com.mx\/api\/wp\/v2\/categories?post=115509"},{"taxonomy":"post_tag","embeddable":true,"href":"https:\/\/www.sonoraenequipo.com.mx\/api\/wp\/v2\/tags?post=115509"}],"curies":[{"name":"wp","href":"https:\/\/api.w.org\/{rel}","templated":true}]}}