{"id":115517,"date":"2021-06-03T19:55:35","date_gmt":"2021-06-04T02:55:35","guid":{"rendered":"https:\/\/www.sonoraenequipo.com.mx\/?p=115517"},"modified":"2021-06-03T21:52:32","modified_gmt":"2021-06-04T04:52:32","slug":"suspenderan-venta-de-bebidas-alcoholicas-en-sonora-este-6-de-junio-excepto-sector-restaurantero","status":"publish","type":"post","link":"https:\/\/www.sonoraenequipo.com.mx\/suspenderan-venta-de-bebidas-alcoholicas-en-sonora-este-6-de-junio-excepto-sector-restaurantero\/","title":{"rendered":"Suspender\u00e1n venta de bebidas alcoh\u00f3licas en Sonora este 6 de junio excepto sector restaurantero"},"content":{"rendered":"<p>Hermosillo, Sonora; junio 2 de 2021. La venta de bebidas alcoh\u00f3licas en el estado de Sonora se suspender\u00e1 el pr\u00f3ximo domingo 6 de junio, con motivo de la realizaci\u00f3n de la jornada electoral federal y estatal que se llevar\u00e1 a cabo, inform\u00f3 Christian Romo Doumerc, encargado de despacho de la Direcci\u00f3n General de Bebidas Alcoh\u00f3licas.<\/p>\n<p>&nbsp;<\/p>\n<p>Dicha disposici\u00f3n, dijo, no aplicar\u00e1 para el sector restaurantero, giro que podr\u00e1 vender bebidas alcoh\u00f3licas para su consumo en el lugar, acompa\u00f1ado de alimentos.<\/p>\n<p>&nbsp;<\/p>\n<p>Explic\u00f3 que la circular emitida por el secretario de Hacienda, Ra\u00fal Navarro Gallegos, limita la venta, consumo y distribuci\u00f3n de bebidas con contenido alcoh\u00f3lico en el estado a partir de las 00:01 horas del d\u00eda 6 de junio de 2021 y hasta las 23:59 horas de ese mismo d\u00eda.<\/p>\n<p>&nbsp;<\/p>\n<p>Lo anterior con excepci\u00f3n de los giros que cuenten con una licencia de alcoholes de restaurante, restaurante rural, as\u00ed como restaurante-bar, hotel, motel, hotel rural y motel rural, estos \u00faltimos \u00fanicamente en el \u00e1rea de restaurante acompa\u00f1ados de alimentos y con un consumo moderado, quienes operar\u00e1n espec\u00edficamente en un horario de 8:00 a 24:00 horas.<\/p>\n<p>&nbsp;<\/p>\n<p>Romo Doumerc indic\u00f3 que la medida comprende a los 6 mil 465 permisionarios que cuentan con una licencia de alcoholes a excepci\u00f3n de los antes ya mencionados. La dependencia estatal implementar\u00e1 un operativo para verificar que no se viole esta disposici\u00f3n.<\/p>\n<p>&nbsp;<\/p>\n<p>&nbsp;<\/p>\n<p>Los establecimientos que no cumplan con estas medidas se har\u00e1n acreedores a una sanci\u00f3n de acuerdo a la ley, apunt\u00f3 el funcionario.<\/p>\n<p>Fecha de Publicaci\u00f3n\u00a0\u00a0 jueves\u00a0 \/ 3\u00a0 \/ junio \/ 2021<\/p>\n<p>&nbsp;<\/p>\n<p>&nbsp;<\/p>\n","protected":false},"excerpt":{"rendered":"<p>Hermosillo, Sonora; junio 2 de 2021. La venta de bebidas alcoh\u00f3licas en el estado de&#8230;<\/p>\n","protected":false},"author":1,"featured_media":0,"comment_status":"open","ping_status":"open","sticky":false,"template":"","format":"standard","meta":{"_monsterinsights_skip_tracking":false,"_monsterinsights_sitenote_active":false,"_monsterinsights_sitenote_note":"","_monsterinsights_sitenote_category":0,"footnotes":""},"categories":[22],"tags":[],"class_list":["post"],"yoast_head":" \n<title>Sonora en Equipo. Suspender\u00e1n venta de bebidas alcoh\u00f3licas en Sonora este 6 de junio excepto sector restaurantero Sonora<\/title>\n<meta name=\"description\" content=\"Hermosillo, Sonora; junio 2 de 2021. La venta de bebidas alcoh\u00f3licas en el estado de Sonora se suspender\u00e1 el pr\u00f3ximo domingo 6 de junio, con motivo de la En Sonora en Equipo publicamos toda la informaci\u00f3n de Sonora, M\u00e9xico y el Mundo de manera oportuna y busca que la libertad de expresi\u00f3n sea real. Visita nuestro medio informativo publicado desde Hermosillo, Sonora. %\" \/>\n<meta name=\"robots\" content=\"index, follow, max-snippet:-1, max-image-preview:large, max-video-preview:-1\" \/>\n<link rel=\"canonical\" href=\"https:\/\/www.sonoraenequipo.com.mx\/suspenderan-venta-de-bebidas-alcoholicas-en-sonora-este-6-de-junio-excepto-sector-restaurantero\/\" \/>\n<meta property=\"og:locale\" content=\"es_ES\" \/>\n<meta property=\"og:type\" content=\"article\" \/>\n<meta property=\"og:title\" content=\"Sonora en Equipo. Suspender\u00e1n venta de bebidas alcoh\u00f3licas en Sonora este 6 de junio excepto sector restaurantero Sonora\" \/>\n<meta property=\"og:description\" content=\"Hermosillo, Sonora; junio 2 de 2021. La venta de bebidas alcoh\u00f3licas en el estado de Sonora se suspender\u00e1 el pr\u00f3ximo domingo 6 de junio, con motivo de la En Sonora en Equipo publicamos toda la informaci\u00f3n de Sonora, M\u00e9xico y el Mundo de manera oportuna y busca que la libertad de expresi\u00f3n sea real. Visita nuestro medio informativo publicado desde Hermosillo, Sonora. %\" \/>\n<meta property=\"og:url\" content=\"https:\/\/www.sonoraenequipo.com.mx\/suspenderan-venta-de-bebidas-alcoholicas-en-sonora-este-6-de-junio-excepto-sector-restaurantero\/\" \/>\n<meta property=\"og:site_name\" content=\"Sonora en Equipo.\" \/>\n<meta property=\"article:publisher\" content=\"https:\/\/www.facebook.com\/SonoraEE\/\" \/>\n<meta property=\"article:author\" content=\"https:\/\/www.facebook.com\/SonoraEE\" \/>\n<meta property=\"article:published_time\" content=\"2021-06-04T02:55:35+00:00\" \/>\n<meta property=\"article:modified_time\" content=\"2021-06-04T04:52:32+00:00\" \/>\n<meta name=\"author\" content=\"enequipo\" \/>\n<meta name=\"twitter:card\" content=\"summary_large_image\" \/>\n<meta name=\"twitter:creator\" content=\"@sonoraenequipo\" \/>\n<meta name=\"twitter:site\" content=\"@sonoraenequipo\" \/>\n<meta name=\"twitter:label1\" content=\"Escrito por\" \/>\n\t<meta name=\"twitter:data1\" content=\"enequipo\" \/>\n\t<meta name=\"twitter:label2\" content=\"Tiempo de lectura\" \/>\n\t<meta name=\"twitter:data2\" content=\"2 minutos\" \/>\n<script type=\"application\/ld+json\" class=\"yoast-schema-graph\">{\"@context\":\"https:\/\/schema.org\",\"@graph\":[{\"@type\":\"Article\",\"@id\":\"https:\/\/www.sonoraenequipo.com.mx\/suspenderan-venta-de-bebidas-alcoholicas-en-sonora-este-6-de-junio-excepto-sector-restaurantero\/#article\",\"isPartOf\":{\"@id\":\"https:\/\/www.sonoraenequipo.com.mx\/suspenderan-venta-de-bebidas-alcoholicas-en-sonora-este-6-de-junio-excepto-sector-restaurantero\/\"},\"author\":{\"name\":\"enequipo\",\"@id\":\"https:\/\/www.sonoraenequipo.com.mx\/#\/schema\/person\/50102df0fb23a8fa9e8effad8fa81386\"},\"headline\":\"Suspender\u00e1n venta de bebidas alcoh\u00f3licas en Sonora este 6 de junio excepto sector restaurantero\",\"datePublished\":\"2021-06-04T02:55:35+00:00\",\"dateModified\":\"2021-06-04T04:52:32+00:00\",\"mainEntityOfPage\":{\"@id\":\"https:\/\/www.sonoraenequipo.com.mx\/suspenderan-venta-de-bebidas-alcoholicas-en-sonora-este-6-de-junio-excepto-sector-restaurantero\/\"},\"wordCount\":285,\"commentCount\":0,\"publisher\":{\"@id\":\"https:\/\/www.sonoraenequipo.com.mx\/#organization\"},\"articleSection\":[\"Sonora\"],\"inLanguage\":\"es\",\"potentialAction\":[{\"@type\":\"CommentAction\",\"name\":\"Comment\",\"target\":[\"https:\/\/www.sonoraenequipo.com.mx\/suspenderan-venta-de-bebidas-alcoholicas-en-sonora-este-6-de-junio-excepto-sector-restaurantero\/#respond\"]}]},{\"@type\":\"WebPage\",\"@id\":\"https:\/\/www.sonoraenequipo.com.mx\/suspenderan-venta-de-bebidas-alcoholicas-en-sonora-este-6-de-junio-excepto-sector-restaurantero\/\",\"url\":\"https:\/\/www.sonoraenequipo.com.mx\/suspenderan-venta-de-bebidas-alcoholicas-en-sonora-este-6-de-junio-excepto-sector-restaurantero\/\",\"name\":\"Sonora en Equipo. Suspender\u00e1n venta de bebidas alcoh\u00f3licas en Sonora este 6 de junio excepto sector restaurantero Sonora\",\"isPartOf\":{\"@id\":\"https:\/\/www.sonoraenequipo.com.mx\/#website\"},\"datePublished\":\"2021-06-04T02:55:35+00:00\",\"dateModified\":\"2021-06-04T04:52:32+00:00\",\"description\":\"Hermosillo, Sonora; junio 2 de 2021. La venta de bebidas alcoh\u00f3licas en el estado de Sonora se suspender\u00e1 el pr\u00f3ximo domingo 6 de junio, con motivo de la En Sonora en Equipo publicamos toda la informaci\u00f3n de Sonora, M\u00e9xico y el Mundo de manera oportuna y busca que la libertad de expresi\u00f3n sea real. Visita nuestro medio informativo publicado desde Hermosillo, Sonora. %\",\"breadcrumb\":{\"@id\":\"https:\/\/www.sonoraenequipo.com.mx\/suspenderan-venta-de-bebidas-alcoholicas-en-sonora-este-6-de-junio-excepto-sector-restaurantero\/#breadcrumb\"},\"inLanguage\":\"es\",\"potentialAction\":[{\"@type\":\"ReadAction\",\"target\":[\"https:\/\/www.sonoraenequipo.com.mx\/suspenderan-venta-de-bebidas-alcoholicas-en-sonora-este-6-de-junio-excepto-sector-restaurantero\/\"]}]},{\"@type\":\"BreadcrumbList\",\"@id\":\"https:\/\/www.sonoraenequipo.com.mx\/suspenderan-venta-de-bebidas-alcoholicas-en-sonora-este-6-de-junio-excepto-sector-restaurantero\/#breadcrumb\",\"itemListElement\":[{\"@type\":\"ListItem\",\"position\":1,\"name\":\"Portada\",\"item\":\"https:\/\/www.sonoraenequipo.com.mx\/\"},{\"@type\":\"ListItem\",\"position\":2,\"name\":\"Suspender\u00e1n venta de bebidas alcoh\u00f3licas en Sonora este 6 de junio excepto sector restaurantero\"}]},{\"@type\":\"WebSite\",\"@id\":\"https:\/\/www.sonoraenequipo.com.mx\/#website\",\"url\":\"https:\/\/www.sonoraenequipo.com.mx\/\",\"name\":\"Sonora en Equipo.\",\"description\":\"Diario en l\u00ednea con Noticias desde Hermosillo, Sonora\",\"publisher\":{\"@id\":\"https:\/\/www.sonoraenequipo.com.mx\/#organization\"},\"potentialAction\":[{\"@type\":\"SearchAction\",\"target\":{\"@type\":\"EntryPoint\",\"urlTemplate\":\"https:\/\/www.sonoraenequipo.com.mx\/?s={search_term_string}\"},\"query-input\":{\"@type\":\"PropertyValueSpecification\",\"valueRequired\":true,\"valueName\":\"search_term_string\"}}],\"inLanguage\":\"es\"},{\"@type\":\"Organization\",\"@id\":\"https:\/\/www.sonoraenequipo.com.mx\/#organization\",\"name\":\"Sonoraenequipo.com.mx\",\"url\":\"https:\/\/www.sonoraenequipo.com.mx\/\",\"logo\":{\"@type\":\"ImageObject\",\"inLanguage\":\"es\",\"@id\":\"https:\/\/www.sonoraenequipo.com.mx\/#\/schema\/logo\/image\/\",\"url\":\"https:\/\/www.sonoraenequipo.com.mx\/storage\/2019\/01\/sonoraenequipo_opt.png\",\"contentUrl\":\"https:\/\/www.sonoraenequipo.com.mx\/storage\/2019\/01\/sonoraenequipo_opt.png\",\"width\":375,\"height\":125,\"caption\":\"Sonoraenequipo.com.mx\"},\"image\":{\"@id\":\"https:\/\/www.sonoraenequipo.com.mx\/#\/schema\/logo\/image\/\"},\"sameAs\":[\"https:\/\/www.facebook.com\/SonoraEE\/\",\"https:\/\/x.com\/sonoraenequipo\",\"https:\/\/www.youtube.com\/channel\/UC338nW-lPEYmJQs4ZABQ1SQ\"]},{\"@type\":\"Person\",\"@id\":\"https:\/\/www.sonoraenequipo.com.mx\/#\/schema\/person\/50102df0fb23a8fa9e8effad8fa81386\",\"name\":\"enequipo\",\"image\":{\"@type\":\"ImageObject\",\"inLanguage\":\"es\",\"@id\":\"https:\/\/www.sonoraenequipo.com.mx\/#\/schema\/person\/image\/\",\"url\":\"https:\/\/secure.gravatar.com\/avatar\/049821681b589dabc0bc20695993ccebb09f5b5d4d790cd9251b97faac7c652b?s=96&d=blank&r=g\",\"contentUrl\":\"https:\/\/secure.gravatar.com\/avatar\/049821681b589dabc0bc20695993ccebb09f5b5d4d790cd9251b97faac7c652b?s=96&d=blank&r=g\",\"caption\":\"enequipo\"},\"sameAs\":[\"https:\/\/www.facebook.com\/SonoraEE\"]}]}<\/script>\n ","yoast_head_json":{"title":"Sonora en Equipo. Suspender\u00e1n venta de bebidas alcoh\u00f3licas en Sonora este 6 de junio excepto sector restaurantero Sonora","description":"Hermosillo, Sonora; junio 2 de 2021. La venta de bebidas alcoh\u00f3licas en el estado de Sonora se suspender\u00e1 el pr\u00f3ximo domingo 6 de junio, con motivo de la En Sonora en Equipo publicamos toda la informaci\u00f3n de Sonora, M\u00e9xico y el Mundo de manera oportuna y busca que la libertad de expresi\u00f3n sea real. Visita nuestro medio informativo publicado desde Hermosillo, Sonora. %","robots":{"index":"index","follow":"follow","max-snippet":"max-snippet:-1","max-image-preview":"max-image-preview:large","max-video-preview":"max-video-preview:-1"},"canonical":"https:\/\/www.sonoraenequipo.com.mx\/suspenderan-venta-de-bebidas-alcoholicas-en-sonora-este-6-de-junio-excepto-sector-restaurantero\/","og_locale":"es_ES","og_type":"article","og_title":"Sonora en Equipo. Suspender\u00e1n venta de bebidas alcoh\u00f3licas en Sonora este 6 de junio excepto sector restaurantero Sonora","og_description":"Hermosillo, Sonora; junio 2 de 2021. La venta de bebidas alcoh\u00f3licas en el estado de Sonora se suspender\u00e1 el pr\u00f3ximo domingo 6 de junio, con motivo de la En Sonora en Equipo publicamos toda la informaci\u00f3n de Sonora, M\u00e9xico y el Mundo de manera oportuna y busca que la libertad de expresi\u00f3n sea real. Visita nuestro medio informativo publicado desde Hermosillo, Sonora. %","og_url":"https:\/\/www.sonoraenequipo.com.mx\/suspenderan-venta-de-bebidas-alcoholicas-en-sonora-este-6-de-junio-excepto-sector-restaurantero\/","og_site_name":"Sonora en Equipo.","article_publisher":"https:\/\/www.facebook.com\/SonoraEE\/","article_author":"https:\/\/www.facebook.com\/SonoraEE","article_published_time":"2021-06-04T02:55:35+00:00","article_modified_time":"2021-06-04T04:52:32+00:00","author":"enequipo","twitter_card":"summary_large_image","twitter_creator":"@sonoraenequipo","twitter_site":"@sonoraenequipo","twitter_misc":{"Escrito por":"enequipo","Tiempo de lectura":"2 minutos"},"schema":{"@context":"https:\/\/schema.org","@graph":[{"@type":"Article","@id":"https:\/\/www.sonoraenequipo.com.mx\/suspenderan-venta-de-bebidas-alcoholicas-en-sonora-este-6-de-junio-excepto-sector-restaurantero\/#article","isPartOf":{"@id":"https:\/\/www.sonoraenequipo.com.mx\/suspenderan-venta-de-bebidas-alcoholicas-en-sonora-este-6-de-junio-excepto-sector-restaurantero\/"},"author":{"name":"enequipo","@id":"https:\/\/www.sonoraenequipo.com.mx\/#\/schema\/person\/50102df0fb23a8fa9e8effad8fa81386"},"headline":"Suspender\u00e1n venta de bebidas alcoh\u00f3licas en Sonora este 6 de junio excepto sector restaurantero","datePublished":"2021-06-04T02:55:35+00:00","dateModified":"2021-06-04T04:52:32+00:00","mainEntityOfPage":{"@id":"https:\/\/www.sonoraenequipo.com.mx\/suspenderan-venta-de-bebidas-alcoholicas-en-sonora-este-6-de-junio-excepto-sector-restaurantero\/"},"wordCount":285,"commentCount":0,"publisher":{"@id":"https:\/\/www.sonoraenequipo.com.mx\/#organization"},"articleSection":["Sonora"],"inLanguage":"es","potentialAction":[{"@type":"CommentAction","name":"Comment","target":["https:\/\/www.sonoraenequipo.com.mx\/suspenderan-venta-de-bebidas-alcoholicas-en-sonora-este-6-de-junio-excepto-sector-restaurantero\/#respond"]}]},{"@type":"WebPage","@id":"https:\/\/www.sonoraenequipo.com.mx\/suspenderan-venta-de-bebidas-alcoholicas-en-sonora-este-6-de-junio-excepto-sector-restaurantero\/","url":"https:\/\/www.sonoraenequipo.com.mx\/suspenderan-venta-de-bebidas-alcoholicas-en-sonora-este-6-de-junio-excepto-sector-restaurantero\/","name":"Sonora en Equipo. Suspender\u00e1n venta de bebidas alcoh\u00f3licas en Sonora este 6 de junio excepto sector restaurantero Sonora","isPartOf":{"@id":"https:\/\/www.sonoraenequipo.com.mx\/#website"},"datePublished":"2021-06-04T02:55:35+00:00","dateModified":"2021-06-04T04:52:32+00:00","description":"Hermosillo, Sonora; junio 2 de 2021. La venta de bebidas alcoh\u00f3licas en el estado de Sonora se suspender\u00e1 el pr\u00f3ximo domingo 6 de junio, con motivo de la En Sonora en Equipo publicamos toda la informaci\u00f3n de Sonora, M\u00e9xico y el Mundo de manera oportuna y busca que la libertad de expresi\u00f3n sea real. Visita nuestro medio informativo publicado desde Hermosillo, Sonora. %","breadcrumb":{"@id":"https:\/\/www.sonoraenequipo.com.mx\/suspenderan-venta-de-bebidas-alcoholicas-en-sonora-este-6-de-junio-excepto-sector-restaurantero\/#breadcrumb"},"inLanguage":"es","potentialAction":[{"@type":"ReadAction","target":["https:\/\/www.sonoraenequipo.com.mx\/suspenderan-venta-de-bebidas-alcoholicas-en-sonora-este-6-de-junio-excepto-sector-restaurantero\/"]}]},{"@type":"BreadcrumbList","@id":"https:\/\/www.sonoraenequipo.com.mx\/suspenderan-venta-de-bebidas-alcoholicas-en-sonora-este-6-de-junio-excepto-sector-restaurantero\/#breadcrumb","itemListElement":[{"@type":"ListItem","position":1,"name":"Portada","item":"https:\/\/www.sonoraenequipo.com.mx\/"},{"@type":"ListItem","position":2,"name":"Suspender\u00e1n venta de bebidas alcoh\u00f3licas en Sonora este 6 de junio excepto sector restaurantero"}]},{"@type":"WebSite","@id":"https:\/\/www.sonoraenequipo.com.mx\/#website","url":"https:\/\/www.sonoraenequipo.com.mx\/","name":"Sonora en Equipo.","description":"Diario en l\u00ednea con Noticias desde Hermosillo, Sonora","publisher":{"@id":"https:\/\/www.sonoraenequipo.com.mx\/#organization"},"potentialAction":[{"@type":"SearchAction","target":{"@type":"EntryPoint","urlTemplate":"https:\/\/www.sonoraenequipo.com.mx\/?s={search_term_string}"},"query-input":{"@type":"PropertyValueSpecification","valueRequired":true,"valueName":"search_term_string"}}],"inLanguage":"es"},{"@type":"Organization","@id":"https:\/\/www.sonoraenequipo.com.mx\/#organization","name":"Sonoraenequipo.com.mx","url":"https:\/\/www.sonoraenequipo.com.mx\/","logo":{"@type":"ImageObject","inLanguage":"es","@id":"https:\/\/www.sonoraenequipo.com.mx\/#\/schema\/logo\/image\/","url":"https:\/\/www.sonoraenequipo.com.mx\/storage\/2019\/01\/sonoraenequipo_opt.png","contentUrl":"https:\/\/www.sonoraenequipo.com.mx\/storage\/2019\/01\/sonoraenequipo_opt.png","width":375,"height":125,"caption":"Sonoraenequipo.com.mx"},"image":{"@id":"https:\/\/www.sonoraenequipo.com.mx\/#\/schema\/logo\/image\/"},"sameAs":["https:\/\/www.facebook.com\/SonoraEE\/","https:\/\/x.com\/sonoraenequipo","https:\/\/www.youtube.com\/channel\/UC338nW-lPEYmJQs4ZABQ1SQ"]},{"@type":"Person","@id":"https:\/\/www.sonoraenequipo.com.mx\/#\/schema\/person\/50102df0fb23a8fa9e8effad8fa81386","name":"enequipo","image":{"@type":"ImageObject","inLanguage":"es","@id":"https:\/\/www.sonoraenequipo.com.mx\/#\/schema\/person\/image\/","url":"https:\/\/secure.gravatar.com\/avatar\/049821681b589dabc0bc20695993ccebb09f5b5d4d790cd9251b97faac7c652b?s=96&d=blank&r=g","contentUrl":"https:\/\/secure.gravatar.com\/avatar\/049821681b589dabc0bc20695993ccebb09f5b5d4d790cd9251b97faac7c652b?s=96&d=blank&r=g","caption":"enequipo"},"sameAs":["https:\/\/www.facebook.com\/SonoraEE"]}]}},"jetpack_featured_media_url":"","_links":{"self":[{"href":"https:\/\/www.sonoraenequipo.com.mx\/api\/wp\/v2\/posts\/115517","targetHints":{"allow":["GET"]}}],"collection":[{"href":"https:\/\/www.sonoraenequipo.com.mx\/api\/wp\/v2\/posts"}],"about":[{"href":"https:\/\/www.sonoraenequipo.com.mx\/api\/wp\/v2\/types\/post"}],"author":[{"embeddable":true,"href":"https:\/\/www.sonoraenequipo.com.mx\/api\/wp\/v2\/users\/1"}],"replies":[{"embeddable":true,"href":"https:\/\/www.sonoraenequipo.com.mx\/api\/wp\/v2\/comments?post=115517"}],"version-history":[{"count":1,"href":"https:\/\/www.sonoraenequipo.com.mx\/api\/wp\/v2\/posts\/115517\/revisions"}],"predecessor-version":[{"id":115518,"href":"https:\/\/www.sonoraenequipo.com.mx\/api\/wp\/v2\/posts\/115517\/revisions\/115518"}],"wp:attachment":[{"href":"https:\/\/www.sonoraenequipo.com.mx\/api\/wp\/v2\/media?parent=115517"}],"wp:term":[{"taxonomy":"category","embeddable":true,"href":"https:\/\/www.sonoraenequipo.com.mx\/api\/wp\/v2\/categories?post=115517"},{"taxonomy":"post_tag","embeddable":true,"href":"https:\/\/www.sonoraenequipo.com.mx\/api\/wp\/v2\/tags?post=115517"}],"curies":[{"name":"wp","href":"https:\/\/api.w.org\/{rel}","templated":true}]}}