{"id":115521,"date":"2021-06-03T16:22:55","date_gmt":"2021-06-03T23:22:55","guid":{"rendered":"https:\/\/www.sonoraenequipo.com.mx\/?p=115521"},"modified":"2021-06-03T19:08:01","modified_gmt":"2021-06-04T02:08:01","slug":"la-herencia-el-principe-felipe-de-edimburgo","status":"publish","type":"post","link":"https:\/\/www.sonoraenequipo.com.mx\/la-herencia-el-principe-felipe-de-edimburgo\/","title":{"rendered":"La herencia el pr\u00edncipe Felipe de Edimburgo"},"content":{"rendered":"<p>CIUDAD DE M\u00c9XICO.- El reci\u00e9n fallecido pr\u00edncipe Felipe, duque de Edimburgo y esposo de la reina Isabel II de Inglaterra, provoc\u00f3 algunas sorpresas con las que se supone ser\u00e1 su herencia.<\/p>\n<p>&nbsp;<\/p>\n<p> <\/p>\n<p>&nbsp;<\/p>\n<p>En su testamento, tres de sus colaboradores m\u00e1s cercanos recibir\u00e1n algo de dinero por parte del duque, as\u00ed como sus nietos, incluido el pr\u00edncipe Harry, de acuerdo a una entrevista publicada en el diario <em>\u201cThe Sun\u201d.<\/em> El duque de Edimburgo dej\u00f3 una fortuna estimada en 42 millones de d\u00f3lares, (838 millones de pesos) al morir, de acuerdo con el diario.<\/p>\n<p>&nbsp;<\/p>\n<p>Se supone, y es de esperarse, que la reina sea la principal beneficiaria, pero la fuente entrevistada asegur\u00f3 que algunos de sus m\u00e1s cercanos colaboradores no quedar\u00e1n desamparados, lo cual, de acuerdo con este personaje de la realeza, es bastante inusual.<\/p>\n<p>&nbsp;<\/p>\n<p><em>\u201cA diferencia de otros miembros de la realeza\u201d dijo esta fuente an\u00f3nima a \u201cThe Sun\u201d \u201cel pr\u00edncipe Felipe fue muy generoso con tres miembros de su personal cercanos a \u00e9l y que se dedicaban a cuidar de que no le faltara nada de lo que necesitara\u201c.<\/em><\/p>\n<p>&nbsp;<\/p>\n<p><em>\u201cLos beneficiarios incluyen a su secretario privado, el brigadier Archie Miller Bakewell; a su paje, William Henderson y a su valet, Stephen Niedojadlo\u201c<\/em>, revel\u00f3 la fuente.<\/p>\n<p>&nbsp;<\/p>\n<p>Estas tres personas fueron muy importantes para el duque, Bakewell incluso lleg\u00f3 a sustituirlo en algunos eventos. Por su parte, Henderson y Niedojadlo se turnaban para acompa\u00f1arlo en Wood House, en Sandringham, donde pas\u00f3 sus \u00faltimos meses y Henderson estuvo con \u00e9l en sus \u00faltimos dos d\u00edas de vida.<\/p>\n<p>&nbsp;<\/p>\n<p>Seg\u00fan la fuente, el pr\u00edncipe hab\u00eda arreglado todo lo relacionado a impuestos sobre la herencia. \u201c<em>No era fan, como no somos ninguno de nosotros, de dejar nuestros recursos al Tesoro\u201c.<\/em><\/p>\n<p>&nbsp;<\/p>\n<p>Esta fuente a\u00f1adi\u00f3 que es posible que sus nietos reciban parte de la herencia del duque, y que el pr\u00edncipe Harry no ser\u00eda la excepci\u00f3n, a pesar de que ha renunciado a su lugar como miembro de la familia real y de que ha criticado profundamente la vida de palacio.<\/p>\n<p>&nbsp;<\/p>\n<p><em>\u201cEl duque no era el tipo de persona que \u00b4castigar\u00eda\u2019 a un nieto por \u2018portarse mal\u2019. Era un hombre muy justo, equilibrado y adorable. Nunca guardaba rencores\u201c<\/em>, asegur\u00f3 la misma fuente.<\/p>\n<p>&nbsp;<\/p>\n<p>Por otra parte, a\u00f1adi\u00f3 que el duque dej\u00f3 indicado a sus cuatro hijos: los pr\u00edncipes Carlos, Ana, Andr\u00e9s y Eduardo, que pod\u00edan tomar <em>\u201clo que quisieran\u201d<\/em> de su colecci\u00f3n de 13 mil libros que, aunque se la llev\u00f3 a Sandrigham, ya fueron regresados a Buckingham.<\/p>\n<p>&nbsp;<\/p>\n<p>Sus amados carruajes fueron legados a su nieta lady Louise Windsor, quien hered\u00f3 el gusto de su abuelo por este peculiar deporte, mientras que su muy apreciada colecci\u00f3n de reliquias de la fallida expedici\u00f3n a la Ant\u00e1rtica del capit\u00e1n Robert Falcon Scott, ha sido legada espec\u00edficamente al pr\u00edncipe Carlos.<\/p>\n<p>&nbsp;<\/p>\n<p>De acuerdo con esta misma persona, el duque pas\u00f3 sus \u00faltimos d\u00edas firmando fotograf\u00edas suyas dedicadas a las personas que cuidaron de \u00e9l en su \u00faltima estancia en el hospital.<\/p>\n<p>&nbsp;<\/p>\n<p>Cabe se\u00f1alar que un vocero del Palacio de Buckingham se neg\u00f3 a confirmar lo dicho por esta fuente respecto al testamento y la forma en la que se repartir\u00e1n los bienes del duque, alegando que se trata de un asunto privado de la familia.<\/p>\n<p>&nbsp;<\/p>\n<p>El pr\u00edncipe Felipe naci\u00f3 en la isla griega de Corf\u00fa, sin un centavo, a pesar de ser de sangre azul. Su familia hab\u00eda sido acusada de traici\u00f3n despu\u00e9s de la guerra turco-griega. El pr\u00edncipe dorm\u00eda en un caj\u00f3n de naranjas como cuna cuando era un beb\u00e9. Cuando se cas\u00f3 con la entonces princesa Isabel, en 1947, ganaba apenas 11 libras semanales en la marina inglesa.<\/p>\n<p>&nbsp;<\/p>\n<p>Antes de morir, recib\u00eda anualmente del trono 359 mil libras, pero al parecer no era suficiente, pues la reina siempre tuvo que complementar sus ingresos.<\/p>\n<p>&nbsp;<\/p>\n<p>Sin embargo, la soberana nunca tuvo un s\u00fabdito m\u00e1s leal y entregado a su reinado.<\/p>\n<p>&nbsp;<\/p>\n<p>&nbsp;<\/p>\n<p>(Publicada el 03\/06\/2021)<\/p>\n","protected":false},"excerpt":{"rendered":"<p>CIUDAD DE M\u00c9XICO.- El reci\u00e9n fallecido pr\u00edncipe Felipe, duque de Edimburgo y esposo de la&#8230;<\/p>\n","protected":false},"author":1,"featured_media":115497,"comment_status":"open","ping_status":"open","sticky":false,"template":"","format":"standard","meta":{"_monsterinsights_skip_tracking":false,"_monsterinsights_sitenote_active":false,"_monsterinsights_sitenote_note":"","_monsterinsights_sitenote_category":0,"footnotes":""},"categories":[3],"tags":[],"class_list":["post"],"yoast_head":" \n<title>Sonora en Equipo. La herencia el pr\u00edncipe Felipe de Edimburgo MUNDO<\/title>\n<meta name=\"description\" content=\"CIUDAD DE M\u00c9XICO.- El reci\u00e9n fallecido pr\u00edncipe Felipe, duque de Edimburgo y esposo de la reina Isabel II de Inglaterra, provoc\u00f3 algunas sorpresas con las En Sonora en Equipo publicamos toda la informaci\u00f3n de Sonora, M\u00e9xico y el Mundo de manera oportuna y busca que la libertad de expresi\u00f3n sea real. Visita nuestro medio informativo publicado desde Hermosillo, Sonora. %\" \/>\n<meta name=\"robots\" content=\"index, follow, max-snippet:-1, max-image-preview:large, max-video-preview:-1\" \/>\n<link rel=\"canonical\" href=\"https:\/\/www.sonoraenequipo.com.mx\/la-herencia-el-principe-felipe-de-edimburgo\/\" \/>\n<meta property=\"og:locale\" content=\"es_ES\" \/>\n<meta property=\"og:type\" content=\"article\" \/>\n<meta property=\"og:title\" content=\"Sonora en Equipo. La herencia el pr\u00edncipe Felipe de Edimburgo MUNDO\" \/>\n<meta property=\"og:description\" content=\"CIUDAD DE M\u00c9XICO.- El reci\u00e9n fallecido pr\u00edncipe Felipe, duque de Edimburgo y esposo de la reina Isabel II de Inglaterra, provoc\u00f3 algunas sorpresas con las En Sonora en Equipo publicamos toda la informaci\u00f3n de Sonora, M\u00e9xico y el Mundo de manera oportuna y busca que la libertad de expresi\u00f3n sea real. Visita nuestro medio informativo publicado desde Hermosillo, Sonora. %\" \/>\n<meta property=\"og:url\" content=\"https:\/\/www.sonoraenequipo.com.mx\/la-herencia-el-principe-felipe-de-edimburgo\/\" \/>\n<meta property=\"og:site_name\" content=\"Sonora en Equipo.\" \/>\n<meta property=\"article:publisher\" content=\"https:\/\/www.facebook.com\/SonoraEE\/\" \/>\n<meta property=\"article:author\" content=\"https:\/\/www.facebook.com\/SonoraEE\" \/>\n<meta property=\"article:published_time\" content=\"2021-06-03T23:22:55+00:00\" \/>\n<meta property=\"article:modified_time\" content=\"2021-06-04T02:08:01+00:00\" \/>\n<meta property=\"og:image\" content=\"https:\/\/www.sonoraenequipo.com.mx\/storage\/2021\/06\/Principe-Felipe_opt.jpg\" \/>\n\t<meta property=\"og:image:width\" content=\"700\" \/>\n\t<meta property=\"og:image:height\" content=\"400\" \/>\n\t<meta property=\"og:image:type\" content=\"image\/jpeg\" \/>\n<meta name=\"author\" content=\"enequipo\" \/>\n<meta name=\"twitter:card\" content=\"summary_large_image\" \/>\n<meta name=\"twitter:creator\" content=\"@sonoraenequipo\" \/>\n<meta name=\"twitter:site\" content=\"@sonoraenequipo\" \/>\n<meta name=\"twitter:label1\" content=\"Escrito por\" \/>\n\t<meta name=\"twitter:data1\" content=\"enequipo\" \/>\n\t<meta name=\"twitter:label2\" content=\"Tiempo de lectura\" \/>\n\t<meta name=\"twitter:data2\" content=\"3 minutos\" \/>\n<script type=\"application\/ld+json\" class=\"yoast-schema-graph\">{\"@context\":\"https:\/\/schema.org\",\"@graph\":[{\"@type\":\"Article\",\"@id\":\"https:\/\/www.sonoraenequipo.com.mx\/la-herencia-el-principe-felipe-de-edimburgo\/#article\",\"isPartOf\":{\"@id\":\"https:\/\/www.sonoraenequipo.com.mx\/la-herencia-el-principe-felipe-de-edimburgo\/\"},\"author\":{\"name\":\"enequipo\",\"@id\":\"https:\/\/www.sonoraenequipo.com.mx\/#\/schema\/person\/50102df0fb23a8fa9e8effad8fa81386\"},\"headline\":\"La herencia el pr\u00edncipe Felipe de Edimburgo\",\"datePublished\":\"2021-06-03T23:22:55+00:00\",\"dateModified\":\"2021-06-04T02:08:01+00:00\",\"mainEntityOfPage\":{\"@id\":\"https:\/\/www.sonoraenequipo.com.mx\/la-herencia-el-principe-felipe-de-edimburgo\/\"},\"wordCount\":706,\"commentCount\":0,\"publisher\":{\"@id\":\"https:\/\/www.sonoraenequipo.com.mx\/#organization\"},\"image\":{\"@id\":\"https:\/\/www.sonoraenequipo.com.mx\/la-herencia-el-principe-felipe-de-edimburgo\/#primaryimage\"},\"thumbnailUrl\":\"https:\/\/www.sonoraenequipo.com.mx\/storage\/2021\/06\/Principe-Felipe_opt.jpg\",\"articleSection\":[\"MUNDO\"],\"inLanguage\":\"es\",\"potentialAction\":[{\"@type\":\"CommentAction\",\"name\":\"Comment\",\"target\":[\"https:\/\/www.sonoraenequipo.com.mx\/la-herencia-el-principe-felipe-de-edimburgo\/#respond\"]}]},{\"@type\":\"WebPage\",\"@id\":\"https:\/\/www.sonoraenequipo.com.mx\/la-herencia-el-principe-felipe-de-edimburgo\/\",\"url\":\"https:\/\/www.sonoraenequipo.com.mx\/la-herencia-el-principe-felipe-de-edimburgo\/\",\"name\":\"Sonora en Equipo. La herencia el pr\u00edncipe Felipe de Edimburgo MUNDO\",\"isPartOf\":{\"@id\":\"https:\/\/www.sonoraenequipo.com.mx\/#website\"},\"primaryImageOfPage\":{\"@id\":\"https:\/\/www.sonoraenequipo.com.mx\/la-herencia-el-principe-felipe-de-edimburgo\/#primaryimage\"},\"image\":{\"@id\":\"https:\/\/www.sonoraenequipo.com.mx\/la-herencia-el-principe-felipe-de-edimburgo\/#primaryimage\"},\"thumbnailUrl\":\"https:\/\/www.sonoraenequipo.com.mx\/storage\/2021\/06\/Principe-Felipe_opt.jpg\",\"datePublished\":\"2021-06-03T23:22:55+00:00\",\"dateModified\":\"2021-06-04T02:08:01+00:00\",\"description\":\"CIUDAD DE M\u00c9XICO.- El reci\u00e9n fallecido pr\u00edncipe Felipe, duque de Edimburgo y esposo de la reina Isabel II de Inglaterra, provoc\u00f3 algunas sorpresas con las En Sonora en Equipo publicamos toda la informaci\u00f3n de Sonora, M\u00e9xico y el Mundo de manera oportuna y busca que la libertad de expresi\u00f3n sea real. Visita nuestro medio informativo publicado desde Hermosillo, Sonora. %\",\"breadcrumb\":{\"@id\":\"https:\/\/www.sonoraenequipo.com.mx\/la-herencia-el-principe-felipe-de-edimburgo\/#breadcrumb\"},\"inLanguage\":\"es\",\"potentialAction\":[{\"@type\":\"ReadAction\",\"target\":[\"https:\/\/www.sonoraenequipo.com.mx\/la-herencia-el-principe-felipe-de-edimburgo\/\"]}]},{\"@type\":\"ImageObject\",\"inLanguage\":\"es\",\"@id\":\"https:\/\/www.sonoraenequipo.com.mx\/la-herencia-el-principe-felipe-de-edimburgo\/#primaryimage\",\"url\":\"https:\/\/www.sonoraenequipo.com.mx\/storage\/2021\/06\/Principe-Felipe_opt.jpg\",\"contentUrl\":\"https:\/\/www.sonoraenequipo.com.mx\/storage\/2021\/06\/Principe-Felipe_opt.jpg\",\"width\":700,\"height\":400},{\"@type\":\"BreadcrumbList\",\"@id\":\"https:\/\/www.sonoraenequipo.com.mx\/la-herencia-el-principe-felipe-de-edimburgo\/#breadcrumb\",\"itemListElement\":[{\"@type\":\"ListItem\",\"position\":1,\"name\":\"Portada\",\"item\":\"https:\/\/www.sonoraenequipo.com.mx\/\"},{\"@type\":\"ListItem\",\"position\":2,\"name\":\"La herencia el pr\u00edncipe Felipe de Edimburgo\"}]},{\"@type\":\"WebSite\",\"@id\":\"https:\/\/www.sonoraenequipo.com.mx\/#website\",\"url\":\"https:\/\/www.sonoraenequipo.com.mx\/\",\"name\":\"Sonora en Equipo.\",\"description\":\"Diario en l\u00ednea con Noticias desde Hermosillo, Sonora\",\"publisher\":{\"@id\":\"https:\/\/www.sonoraenequipo.com.mx\/#organization\"},\"potentialAction\":[{\"@type\":\"SearchAction\",\"target\":{\"@type\":\"EntryPoint\",\"urlTemplate\":\"https:\/\/www.sonoraenequipo.com.mx\/?s={search_term_string}\"},\"query-input\":{\"@type\":\"PropertyValueSpecification\",\"valueRequired\":true,\"valueName\":\"search_term_string\"}}],\"inLanguage\":\"es\"},{\"@type\":\"Organization\",\"@id\":\"https:\/\/www.sonoraenequipo.com.mx\/#organization\",\"name\":\"Sonoraenequipo.com.mx\",\"url\":\"https:\/\/www.sonoraenequipo.com.mx\/\",\"logo\":{\"@type\":\"ImageObject\",\"inLanguage\":\"es\",\"@id\":\"https:\/\/www.sonoraenequipo.com.mx\/#\/schema\/logo\/image\/\",\"url\":\"https:\/\/www.sonoraenequipo.com.mx\/storage\/2019\/01\/sonoraenequipo_opt.png\",\"contentUrl\":\"https:\/\/www.sonoraenequipo.com.mx\/storage\/2019\/01\/sonoraenequipo_opt.png\",\"width\":375,\"height\":125,\"caption\":\"Sonoraenequipo.com.mx\"},\"image\":{\"@id\":\"https:\/\/www.sonoraenequipo.com.mx\/#\/schema\/logo\/image\/\"},\"sameAs\":[\"https:\/\/www.facebook.com\/SonoraEE\/\",\"https:\/\/x.com\/sonoraenequipo\",\"https:\/\/www.youtube.com\/channel\/UC338nW-lPEYmJQs4ZABQ1SQ\"]},{\"@type\":\"Person\",\"@id\":\"https:\/\/www.sonoraenequipo.com.mx\/#\/schema\/person\/50102df0fb23a8fa9e8effad8fa81386\",\"name\":\"enequipo\",\"image\":{\"@type\":\"ImageObject\",\"inLanguage\":\"es\",\"@id\":\"https:\/\/www.sonoraenequipo.com.mx\/#\/schema\/person\/image\/\",\"url\":\"https:\/\/secure.gravatar.com\/avatar\/049821681b589dabc0bc20695993ccebb09f5b5d4d790cd9251b97faac7c652b?s=96&d=blank&r=g\",\"contentUrl\":\"https:\/\/secure.gravatar.com\/avatar\/049821681b589dabc0bc20695993ccebb09f5b5d4d790cd9251b97faac7c652b?s=96&d=blank&r=g\",\"caption\":\"enequipo\"},\"sameAs\":[\"https:\/\/www.facebook.com\/SonoraEE\"]}]}<\/script>\n ","yoast_head_json":{"title":"Sonora en Equipo. La herencia el pr\u00edncipe Felipe de Edimburgo MUNDO","description":"CIUDAD DE M\u00c9XICO.- El reci\u00e9n fallecido pr\u00edncipe Felipe, duque de Edimburgo y esposo de la reina Isabel II de Inglaterra, provoc\u00f3 algunas sorpresas con las En Sonora en Equipo publicamos toda la informaci\u00f3n de Sonora, M\u00e9xico y el Mundo de manera oportuna y busca que la libertad de expresi\u00f3n sea real. Visita nuestro medio informativo publicado desde Hermosillo, Sonora. %","robots":{"index":"index","follow":"follow","max-snippet":"max-snippet:-1","max-image-preview":"max-image-preview:large","max-video-preview":"max-video-preview:-1"},"canonical":"https:\/\/www.sonoraenequipo.com.mx\/la-herencia-el-principe-felipe-de-edimburgo\/","og_locale":"es_ES","og_type":"article","og_title":"Sonora en Equipo. La herencia el pr\u00edncipe Felipe de Edimburgo MUNDO","og_description":"CIUDAD DE M\u00c9XICO.- El reci\u00e9n fallecido pr\u00edncipe Felipe, duque de Edimburgo y esposo de la reina Isabel II de Inglaterra, provoc\u00f3 algunas sorpresas con las En Sonora en Equipo publicamos toda la informaci\u00f3n de Sonora, M\u00e9xico y el Mundo de manera oportuna y busca que la libertad de expresi\u00f3n sea real. Visita nuestro medio informativo publicado desde Hermosillo, Sonora. %","og_url":"https:\/\/www.sonoraenequipo.com.mx\/la-herencia-el-principe-felipe-de-edimburgo\/","og_site_name":"Sonora en Equipo.","article_publisher":"https:\/\/www.facebook.com\/SonoraEE\/","article_author":"https:\/\/www.facebook.com\/SonoraEE","article_published_time":"2021-06-03T23:22:55+00:00","article_modified_time":"2021-06-04T02:08:01+00:00","og_image":[{"width":700,"height":400,"url":"https:\/\/www.sonoraenequipo.com.mx\/storage\/2021\/06\/Principe-Felipe_opt.jpg","type":"image\/jpeg"}],"author":"enequipo","twitter_card":"summary_large_image","twitter_creator":"@sonoraenequipo","twitter_site":"@sonoraenequipo","twitter_misc":{"Escrito por":"enequipo","Tiempo de lectura":"3 minutos"},"schema":{"@context":"https:\/\/schema.org","@graph":[{"@type":"Article","@id":"https:\/\/www.sonoraenequipo.com.mx\/la-herencia-el-principe-felipe-de-edimburgo\/#article","isPartOf":{"@id":"https:\/\/www.sonoraenequipo.com.mx\/la-herencia-el-principe-felipe-de-edimburgo\/"},"author":{"name":"enequipo","@id":"https:\/\/www.sonoraenequipo.com.mx\/#\/schema\/person\/50102df0fb23a8fa9e8effad8fa81386"},"headline":"La herencia el pr\u00edncipe Felipe de Edimburgo","datePublished":"2021-06-03T23:22:55+00:00","dateModified":"2021-06-04T02:08:01+00:00","mainEntityOfPage":{"@id":"https:\/\/www.sonoraenequipo.com.mx\/la-herencia-el-principe-felipe-de-edimburgo\/"},"wordCount":706,"commentCount":0,"publisher":{"@id":"https:\/\/www.sonoraenequipo.com.mx\/#organization"},"image":{"@id":"https:\/\/www.sonoraenequipo.com.mx\/la-herencia-el-principe-felipe-de-edimburgo\/#primaryimage"},"thumbnailUrl":"https:\/\/www.sonoraenequipo.com.mx\/storage\/2021\/06\/Principe-Felipe_opt.jpg","articleSection":["MUNDO"],"inLanguage":"es","potentialAction":[{"@type":"CommentAction","name":"Comment","target":["https:\/\/www.sonoraenequipo.com.mx\/la-herencia-el-principe-felipe-de-edimburgo\/#respond"]}]},{"@type":"WebPage","@id":"https:\/\/www.sonoraenequipo.com.mx\/la-herencia-el-principe-felipe-de-edimburgo\/","url":"https:\/\/www.sonoraenequipo.com.mx\/la-herencia-el-principe-felipe-de-edimburgo\/","name":"Sonora en Equipo. La herencia el pr\u00edncipe Felipe de Edimburgo MUNDO","isPartOf":{"@id":"https:\/\/www.sonoraenequipo.com.mx\/#website"},"primaryImageOfPage":{"@id":"https:\/\/www.sonoraenequipo.com.mx\/la-herencia-el-principe-felipe-de-edimburgo\/#primaryimage"},"image":{"@id":"https:\/\/www.sonoraenequipo.com.mx\/la-herencia-el-principe-felipe-de-edimburgo\/#primaryimage"},"thumbnailUrl":"https:\/\/www.sonoraenequipo.com.mx\/storage\/2021\/06\/Principe-Felipe_opt.jpg","datePublished":"2021-06-03T23:22:55+00:00","dateModified":"2021-06-04T02:08:01+00:00","description":"CIUDAD DE M\u00c9XICO.- El reci\u00e9n fallecido pr\u00edncipe Felipe, duque de Edimburgo y esposo de la reina Isabel II de Inglaterra, provoc\u00f3 algunas sorpresas con las En Sonora en Equipo publicamos toda la informaci\u00f3n de Sonora, M\u00e9xico y el Mundo de manera oportuna y busca que la libertad de expresi\u00f3n sea real. Visita nuestro medio informativo publicado desde Hermosillo, Sonora. %","breadcrumb":{"@id":"https:\/\/www.sonoraenequipo.com.mx\/la-herencia-el-principe-felipe-de-edimburgo\/#breadcrumb"},"inLanguage":"es","potentialAction":[{"@type":"ReadAction","target":["https:\/\/www.sonoraenequipo.com.mx\/la-herencia-el-principe-felipe-de-edimburgo\/"]}]},{"@type":"ImageObject","inLanguage":"es","@id":"https:\/\/www.sonoraenequipo.com.mx\/la-herencia-el-principe-felipe-de-edimburgo\/#primaryimage","url":"https:\/\/www.sonoraenequipo.com.mx\/storage\/2021\/06\/Principe-Felipe_opt.jpg","contentUrl":"https:\/\/www.sonoraenequipo.com.mx\/storage\/2021\/06\/Principe-Felipe_opt.jpg","width":700,"height":400},{"@type":"BreadcrumbList","@id":"https:\/\/www.sonoraenequipo.com.mx\/la-herencia-el-principe-felipe-de-edimburgo\/#breadcrumb","itemListElement":[{"@type":"ListItem","position":1,"name":"Portada","item":"https:\/\/www.sonoraenequipo.com.mx\/"},{"@type":"ListItem","position":2,"name":"La herencia el pr\u00edncipe Felipe de Edimburgo"}]},{"@type":"WebSite","@id":"https:\/\/www.sonoraenequipo.com.mx\/#website","url":"https:\/\/www.sonoraenequipo.com.mx\/","name":"Sonora en Equipo.","description":"Diario en l\u00ednea con Noticias desde Hermosillo, Sonora","publisher":{"@id":"https:\/\/www.sonoraenequipo.com.mx\/#organization"},"potentialAction":[{"@type":"SearchAction","target":{"@type":"EntryPoint","urlTemplate":"https:\/\/www.sonoraenequipo.com.mx\/?s={search_term_string}"},"query-input":{"@type":"PropertyValueSpecification","valueRequired":true,"valueName":"search_term_string"}}],"inLanguage":"es"},{"@type":"Organization","@id":"https:\/\/www.sonoraenequipo.com.mx\/#organization","name":"Sonoraenequipo.com.mx","url":"https:\/\/www.sonoraenequipo.com.mx\/","logo":{"@type":"ImageObject","inLanguage":"es","@id":"https:\/\/www.sonoraenequipo.com.mx\/#\/schema\/logo\/image\/","url":"https:\/\/www.sonoraenequipo.com.mx\/storage\/2019\/01\/sonoraenequipo_opt.png","contentUrl":"https:\/\/www.sonoraenequipo.com.mx\/storage\/2019\/01\/sonoraenequipo_opt.png","width":375,"height":125,"caption":"Sonoraenequipo.com.mx"},"image":{"@id":"https:\/\/www.sonoraenequipo.com.mx\/#\/schema\/logo\/image\/"},"sameAs":["https:\/\/www.facebook.com\/SonoraEE\/","https:\/\/x.com\/sonoraenequipo","https:\/\/www.youtube.com\/channel\/UC338nW-lPEYmJQs4ZABQ1SQ"]},{"@type":"Person","@id":"https:\/\/www.sonoraenequipo.com.mx\/#\/schema\/person\/50102df0fb23a8fa9e8effad8fa81386","name":"enequipo","image":{"@type":"ImageObject","inLanguage":"es","@id":"https:\/\/www.sonoraenequipo.com.mx\/#\/schema\/person\/image\/","url":"https:\/\/secure.gravatar.com\/avatar\/049821681b589dabc0bc20695993ccebb09f5b5d4d790cd9251b97faac7c652b?s=96&d=blank&r=g","contentUrl":"https:\/\/secure.gravatar.com\/avatar\/049821681b589dabc0bc20695993ccebb09f5b5d4d790cd9251b97faac7c652b?s=96&d=blank&r=g","caption":"enequipo"},"sameAs":["https:\/\/www.facebook.com\/SonoraEE"]}]}},"jetpack_featured_media_url":"https:\/\/www.sonoraenequipo.com.mx\/storage\/2021\/06\/Principe-Felipe_opt.jpg","_links":{"self":[{"href":"https:\/\/www.sonoraenequipo.com.mx\/api\/wp\/v2\/posts\/115521","targetHints":{"allow":["GET"]}}],"collection":[{"href":"https:\/\/www.sonoraenequipo.com.mx\/api\/wp\/v2\/posts"}],"about":[{"href":"https:\/\/www.sonoraenequipo.com.mx\/api\/wp\/v2\/types\/post"}],"author":[{"embeddable":true,"href":"https:\/\/www.sonoraenequipo.com.mx\/api\/wp\/v2\/users\/1"}],"replies":[{"embeddable":true,"href":"https:\/\/www.sonoraenequipo.com.mx\/api\/wp\/v2\/comments?post=115521"}],"version-history":[{"count":1,"href":"https:\/\/www.sonoraenequipo.com.mx\/api\/wp\/v2\/posts\/115521\/revisions"}],"predecessor-version":[{"id":115522,"href":"https:\/\/www.sonoraenequipo.com.mx\/api\/wp\/v2\/posts\/115521\/revisions\/115522"}],"wp:featuredmedia":[{"embeddable":true,"href":"https:\/\/www.sonoraenequipo.com.mx\/api\/wp\/v2\/media\/115497"}],"wp:attachment":[{"href":"https:\/\/www.sonoraenequipo.com.mx\/api\/wp\/v2\/media?parent=115521"}],"wp:term":[{"taxonomy":"category","embeddable":true,"href":"https:\/\/www.sonoraenequipo.com.mx\/api\/wp\/v2\/categories?post=115521"},{"taxonomy":"post_tag","embeddable":true,"href":"https:\/\/www.sonoraenequipo.com.mx\/api\/wp\/v2\/tags?post=115521"}],"curies":[{"name":"wp","href":"https:\/\/api.w.org\/{rel}","templated":true}]}}