{"id":115538,"date":"2021-06-03T22:45:31","date_gmt":"2021-06-04T05:45:31","guid":{"rendered":"https:\/\/www.sonoraenequipo.com.mx\/?p=115538"},"modified":"2021-06-03T22:10:53","modified_gmt":"2021-06-04T05:10:53","slug":"el-90-de-casos-de-cancer-de-pulmon-estan-relacionados-con-el-tabaquismo-salud-sonora","status":"publish","type":"post","link":"https:\/\/www.sonoraenequipo.com.mx\/el-90-de-casos-de-cancer-de-pulmon-estan-relacionados-con-el-tabaquismo-salud-sonora\/","title":{"rendered":"El 90% de casos de C\u00e1ncer de Pulm\u00f3n est\u00e1n relacionados con el tabaquismo: Salud Sonora"},"content":{"rendered":"<p>HERMOSILLO, SONORA. MX. \u2014\u00a0 Existen diferentes factores de riesgo para padecer c\u00e1ncer de pulm\u00f3n, sin embargo, 90% de los casos, se relacionan con el tabaquismo, inform\u00f3 Enrique Clausen Iberri.<\/p>\n<p>&nbsp;<\/p>\n<p> <\/p>\n<p>&nbsp;<\/p>\n<p>El secretario de Salud en Sonora detall\u00f3 que las personas que tienen mayor exposici\u00f3n al tabaco, incrementan riesgo de c\u00e1ncer de pulm\u00f3n, de igual manera quien fume mayor cantidad de cigarrillos al d\u00eda, por m\u00e1s tiempo de exposici\u00f3n en a\u00f1os incrementa paulatinamente la posibilidad de que este padecimiento se presente en su vida.<\/p>\n<p>&nbsp;<\/p>\n<p><em>\u201cEs importante recordar la relaci\u00f3n del consumo del tabaco y enfermedades tan graves y mortales, como el c\u00e1ncer de pulm\u00f3n\u201d<\/em>, resalt\u00f3.<\/p>\n<p>&nbsp;<\/p>\n<p><img loading=\"lazy\" decoding=\"async\" class=\"size-medium  x-left\" src=\"https:\/\/www.sonoraenequipo.com.mx\/storage\/2021\/06\/tabaquismo_opt-362x365.jpg\" alt=\"\" width=\"362\" height=\"365\" \/>Clausen Iberri reiter\u00f3 el llamado a la poblaci\u00f3n a evitar el consumo de tabaco, para evitar afectaciones en su salud y la de su familia, ya que est\u00e1 comprobado que el consumo pasivo de humo de tabaco, afecta tambi\u00e9n grandemente la salud.<\/p>\n<p>&nbsp;<\/p>\n<p>Primo Armando de la Rosa, cirujano de T\u00f3rax del Hospital General del Estado (HGE), mencion\u00f3 la importancia debe evitar este mal h\u00e1bito ya que es la causa principal de patolog\u00edas pulmonares tales como c\u00e1ncer de pulm\u00f3n y derrames pleurales.<\/p>\n<p>&nbsp;<\/p>\n<p>Agreg\u00f3 que las personas con mayor riesgo de padecer C\u00e1ncer de Pulm\u00f3n son aquellos que iniciaron a muy temprana edad a fumar, que consumen una gran cantidad de cigarrillos al d\u00eda y los que tienen mayor tiempo de exposici\u00f3n, as\u00ed como familiares directos de pacientes con c\u00e1ncer de pulm\u00f3n.<\/p>\n<p>&nbsp;<\/p>\n<p>Adem\u00e1s de ser la principal causa relacionada, el tabaquismo puede afectar y est\u00e1 asociado a diferentes c\u00e1nceres en \u00f3rganos del cuerpo como boca, faringe y laringe, es\u00f3fago, est\u00f3mago, vejiga y ri\u00f1ones, indic\u00f3 el m\u00e9dico.<\/p>\n<p>&nbsp;<\/p>\n<p><em>\u201cEs importante recordar, que el h\u00e1bito de fumar influye de manera negativa en la respuesta del organismo ante el COVID-19, por lo que se recomienda dejar el cigarro y adquirir un estilo de vida saludable\u00bb<\/em>, puntualiz\u00f3.<\/p>\n<p>&nbsp;<\/p>\n<p>&nbsp;<\/p>\n<p>(Publicada el 03\/06\/2021)<\/p>\n","protected":false},"excerpt":{"rendered":"<p>HERMOSILLO, SONORA. MX. \u2014\u00a0 Existen diferentes factores de riesgo para padecer c\u00e1ncer de pulm\u00f3n, sin&#8230;<\/p>\n","protected":false},"author":1,"featured_media":115539,"comment_status":"open","ping_status":"open","sticky":false,"template":"","format":"standard","meta":{"_monsterinsights_skip_tracking":false,"_monsterinsights_sitenote_active":false,"_monsterinsights_sitenote_note":"","_monsterinsights_sitenote_category":0,"footnotes":""},"categories":[22],"tags":[],"class_list":["post"],"yoast_head":" \n<title>Sonora en Equipo. El 90% de casos de C\u00e1ncer de Pulm\u00f3n est\u00e1n relacionados con el tabaquismo: Salud Sonora Sonora<\/title>\n<meta name=\"description\" content=\"HERMOSILLO, SONORA. MX. \u2014\u00a0 Existen diferentes factores de riesgo para padecer c\u00e1ncer de pulm\u00f3n, sin embargo, 90% de los casos, se relacionan con el En Sonora en Equipo publicamos toda la informaci\u00f3n de Sonora, M\u00e9xico y el Mundo de manera oportuna y busca que la libertad de expresi\u00f3n sea real. Visita nuestro medio informativo publicado desde Hermosillo, Sonora. %\" \/>\n<meta name=\"robots\" content=\"index, follow, max-snippet:-1, max-image-preview:large, max-video-preview:-1\" \/>\n<link rel=\"canonical\" href=\"https:\/\/www.sonoraenequipo.com.mx\/el-90-de-casos-de-cancer-de-pulmon-estan-relacionados-con-el-tabaquismo-salud-sonora\/\" \/>\n<meta property=\"og:locale\" content=\"es_ES\" \/>\n<meta property=\"og:type\" content=\"article\" \/>\n<meta property=\"og:title\" content=\"Sonora en Equipo. El 90% de casos de C\u00e1ncer de Pulm\u00f3n est\u00e1n relacionados con el tabaquismo: Salud Sonora Sonora\" \/>\n<meta property=\"og:description\" content=\"HERMOSILLO, SONORA. MX. \u2014\u00a0 Existen diferentes factores de riesgo para padecer c\u00e1ncer de pulm\u00f3n, sin embargo, 90% de los casos, se relacionan con el En Sonora en Equipo publicamos toda la informaci\u00f3n de Sonora, M\u00e9xico y el Mundo de manera oportuna y busca que la libertad de expresi\u00f3n sea real. Visita nuestro medio informativo publicado desde Hermosillo, Sonora. %\" \/>\n<meta property=\"og:url\" content=\"https:\/\/www.sonoraenequipo.com.mx\/el-90-de-casos-de-cancer-de-pulmon-estan-relacionados-con-el-tabaquismo-salud-sonora\/\" \/>\n<meta property=\"og:site_name\" content=\"Sonora en Equipo.\" \/>\n<meta property=\"article:publisher\" content=\"https:\/\/www.facebook.com\/SonoraEE\/\" \/>\n<meta property=\"article:author\" content=\"https:\/\/www.facebook.com\/SonoraEE\" \/>\n<meta property=\"article:published_time\" content=\"2021-06-04T05:45:31+00:00\" \/>\n<meta property=\"og:image\" content=\"https:\/\/www.sonoraenequipo.com.mx\/storage\/2021\/06\/tabaquismo_opt-1.jpg\" \/>\n\t<meta property=\"og:image:width\" content=\"700\" \/>\n\t<meta property=\"og:image:height\" content=\"400\" \/>\n\t<meta property=\"og:image:type\" content=\"image\/jpeg\" \/>\n<meta name=\"author\" content=\"enequipo\" \/>\n<meta name=\"twitter:card\" content=\"summary_large_image\" \/>\n<meta name=\"twitter:creator\" content=\"@sonoraenequipo\" \/>\n<meta name=\"twitter:site\" content=\"@sonoraenequipo\" \/>\n<meta name=\"twitter:label1\" content=\"Escrito por\" \/>\n\t<meta name=\"twitter:data1\" content=\"enequipo\" \/>\n\t<meta name=\"twitter:label2\" content=\"Tiempo de lectura\" \/>\n\t<meta name=\"twitter:data2\" content=\"2 minutos\" \/>\n<script type=\"application\/ld+json\" class=\"yoast-schema-graph\">{\"@context\":\"https:\/\/schema.org\",\"@graph\":[{\"@type\":\"Article\",\"@id\":\"https:\/\/www.sonoraenequipo.com.mx\/el-90-de-casos-de-cancer-de-pulmon-estan-relacionados-con-el-tabaquismo-salud-sonora\/#article\",\"isPartOf\":{\"@id\":\"https:\/\/www.sonoraenequipo.com.mx\/el-90-de-casos-de-cancer-de-pulmon-estan-relacionados-con-el-tabaquismo-salud-sonora\/\"},\"author\":{\"name\":\"enequipo\",\"@id\":\"https:\/\/www.sonoraenequipo.com.mx\/#\/schema\/person\/50102df0fb23a8fa9e8effad8fa81386\"},\"headline\":\"El 90% de casos de C\u00e1ncer de Pulm\u00f3n est\u00e1n relacionados con el tabaquismo: Salud Sonora\",\"datePublished\":\"2021-06-04T05:45:31+00:00\",\"mainEntityOfPage\":{\"@id\":\"https:\/\/www.sonoraenequipo.com.mx\/el-90-de-casos-de-cancer-de-pulmon-estan-relacionados-con-el-tabaquismo-salud-sonora\/\"},\"wordCount\":362,\"commentCount\":0,\"publisher\":{\"@id\":\"https:\/\/www.sonoraenequipo.com.mx\/#organization\"},\"image\":{\"@id\":\"https:\/\/www.sonoraenequipo.com.mx\/el-90-de-casos-de-cancer-de-pulmon-estan-relacionados-con-el-tabaquismo-salud-sonora\/#primaryimage\"},\"thumbnailUrl\":\"https:\/\/www.sonoraenequipo.com.mx\/storage\/2021\/06\/tabaquismo_opt-1.jpg\",\"articleSection\":[\"Sonora\"],\"inLanguage\":\"es\",\"potentialAction\":[{\"@type\":\"CommentAction\",\"name\":\"Comment\",\"target\":[\"https:\/\/www.sonoraenequipo.com.mx\/el-90-de-casos-de-cancer-de-pulmon-estan-relacionados-con-el-tabaquismo-salud-sonora\/#respond\"]}]},{\"@type\":\"WebPage\",\"@id\":\"https:\/\/www.sonoraenequipo.com.mx\/el-90-de-casos-de-cancer-de-pulmon-estan-relacionados-con-el-tabaquismo-salud-sonora\/\",\"url\":\"https:\/\/www.sonoraenequipo.com.mx\/el-90-de-casos-de-cancer-de-pulmon-estan-relacionados-con-el-tabaquismo-salud-sonora\/\",\"name\":\"Sonora en Equipo. El 90% de casos de C\u00e1ncer de Pulm\u00f3n est\u00e1n relacionados con el tabaquismo: Salud Sonora Sonora\",\"isPartOf\":{\"@id\":\"https:\/\/www.sonoraenequipo.com.mx\/#website\"},\"primaryImageOfPage\":{\"@id\":\"https:\/\/www.sonoraenequipo.com.mx\/el-90-de-casos-de-cancer-de-pulmon-estan-relacionados-con-el-tabaquismo-salud-sonora\/#primaryimage\"},\"image\":{\"@id\":\"https:\/\/www.sonoraenequipo.com.mx\/el-90-de-casos-de-cancer-de-pulmon-estan-relacionados-con-el-tabaquismo-salud-sonora\/#primaryimage\"},\"thumbnailUrl\":\"https:\/\/www.sonoraenequipo.com.mx\/storage\/2021\/06\/tabaquismo_opt-1.jpg\",\"datePublished\":\"2021-06-04T05:45:31+00:00\",\"description\":\"HERMOSILLO, SONORA. MX. \u2014\u00a0 Existen diferentes factores de riesgo para padecer c\u00e1ncer de pulm\u00f3n, sin embargo, 90% de los casos, se relacionan con el En Sonora en Equipo publicamos toda la informaci\u00f3n de Sonora, M\u00e9xico y el Mundo de manera oportuna y busca que la libertad de expresi\u00f3n sea real. Visita nuestro medio informativo publicado desde Hermosillo, Sonora. %\",\"breadcrumb\":{\"@id\":\"https:\/\/www.sonoraenequipo.com.mx\/el-90-de-casos-de-cancer-de-pulmon-estan-relacionados-con-el-tabaquismo-salud-sonora\/#breadcrumb\"},\"inLanguage\":\"es\",\"potentialAction\":[{\"@type\":\"ReadAction\",\"target\":[\"https:\/\/www.sonoraenequipo.com.mx\/el-90-de-casos-de-cancer-de-pulmon-estan-relacionados-con-el-tabaquismo-salud-sonora\/\"]}]},{\"@type\":\"ImageObject\",\"inLanguage\":\"es\",\"@id\":\"https:\/\/www.sonoraenequipo.com.mx\/el-90-de-casos-de-cancer-de-pulmon-estan-relacionados-con-el-tabaquismo-salud-sonora\/#primaryimage\",\"url\":\"https:\/\/www.sonoraenequipo.com.mx\/storage\/2021\/06\/tabaquismo_opt-1.jpg\",\"contentUrl\":\"https:\/\/www.sonoraenequipo.com.mx\/storage\/2021\/06\/tabaquismo_opt-1.jpg\",\"width\":700,\"height\":400},{\"@type\":\"BreadcrumbList\",\"@id\":\"https:\/\/www.sonoraenequipo.com.mx\/el-90-de-casos-de-cancer-de-pulmon-estan-relacionados-con-el-tabaquismo-salud-sonora\/#breadcrumb\",\"itemListElement\":[{\"@type\":\"ListItem\",\"position\":1,\"name\":\"Portada\",\"item\":\"https:\/\/www.sonoraenequipo.com.mx\/\"},{\"@type\":\"ListItem\",\"position\":2,\"name\":\"El 90% de casos de C\u00e1ncer de Pulm\u00f3n est\u00e1n relacionados con el tabaquismo: Salud Sonora\"}]},{\"@type\":\"WebSite\",\"@id\":\"https:\/\/www.sonoraenequipo.com.mx\/#website\",\"url\":\"https:\/\/www.sonoraenequipo.com.mx\/\",\"name\":\"Sonora en Equipo.\",\"description\":\"Diario en l\u00ednea con Noticias desde Hermosillo, Sonora\",\"publisher\":{\"@id\":\"https:\/\/www.sonoraenequipo.com.mx\/#organization\"},\"potentialAction\":[{\"@type\":\"SearchAction\",\"target\":{\"@type\":\"EntryPoint\",\"urlTemplate\":\"https:\/\/www.sonoraenequipo.com.mx\/?s={search_term_string}\"},\"query-input\":{\"@type\":\"PropertyValueSpecification\",\"valueRequired\":true,\"valueName\":\"search_term_string\"}}],\"inLanguage\":\"es\"},{\"@type\":\"Organization\",\"@id\":\"https:\/\/www.sonoraenequipo.com.mx\/#organization\",\"name\":\"Sonoraenequipo.com.mx\",\"url\":\"https:\/\/www.sonoraenequipo.com.mx\/\",\"logo\":{\"@type\":\"ImageObject\",\"inLanguage\":\"es\",\"@id\":\"https:\/\/www.sonoraenequipo.com.mx\/#\/schema\/logo\/image\/\",\"url\":\"https:\/\/www.sonoraenequipo.com.mx\/storage\/2019\/01\/sonoraenequipo_opt.png\",\"contentUrl\":\"https:\/\/www.sonoraenequipo.com.mx\/storage\/2019\/01\/sonoraenequipo_opt.png\",\"width\":375,\"height\":125,\"caption\":\"Sonoraenequipo.com.mx\"},\"image\":{\"@id\":\"https:\/\/www.sonoraenequipo.com.mx\/#\/schema\/logo\/image\/\"},\"sameAs\":[\"https:\/\/www.facebook.com\/SonoraEE\/\",\"https:\/\/x.com\/sonoraenequipo\",\"https:\/\/www.youtube.com\/channel\/UC338nW-lPEYmJQs4ZABQ1SQ\"]},{\"@type\":\"Person\",\"@id\":\"https:\/\/www.sonoraenequipo.com.mx\/#\/schema\/person\/50102df0fb23a8fa9e8effad8fa81386\",\"name\":\"enequipo\",\"image\":{\"@type\":\"ImageObject\",\"inLanguage\":\"es\",\"@id\":\"https:\/\/www.sonoraenequipo.com.mx\/#\/schema\/person\/image\/\",\"url\":\"https:\/\/secure.gravatar.com\/avatar\/049821681b589dabc0bc20695993ccebb09f5b5d4d790cd9251b97faac7c652b?s=96&d=blank&r=g\",\"contentUrl\":\"https:\/\/secure.gravatar.com\/avatar\/049821681b589dabc0bc20695993ccebb09f5b5d4d790cd9251b97faac7c652b?s=96&d=blank&r=g\",\"caption\":\"enequipo\"},\"sameAs\":[\"https:\/\/www.facebook.com\/SonoraEE\"]}]}<\/script>\n ","yoast_head_json":{"title":"Sonora en Equipo. El 90% de casos de C\u00e1ncer de Pulm\u00f3n est\u00e1n relacionados con el tabaquismo: Salud Sonora Sonora","description":"HERMOSILLO, SONORA. MX. \u2014\u00a0 Existen diferentes factores de riesgo para padecer c\u00e1ncer de pulm\u00f3n, sin embargo, 90% de los casos, se relacionan con el En Sonora en Equipo publicamos toda la informaci\u00f3n de Sonora, M\u00e9xico y el Mundo de manera oportuna y busca que la libertad de expresi\u00f3n sea real. Visita nuestro medio informativo publicado desde Hermosillo, Sonora. %","robots":{"index":"index","follow":"follow","max-snippet":"max-snippet:-1","max-image-preview":"max-image-preview:large","max-video-preview":"max-video-preview:-1"},"canonical":"https:\/\/www.sonoraenequipo.com.mx\/el-90-de-casos-de-cancer-de-pulmon-estan-relacionados-con-el-tabaquismo-salud-sonora\/","og_locale":"es_ES","og_type":"article","og_title":"Sonora en Equipo. El 90% de casos de C\u00e1ncer de Pulm\u00f3n est\u00e1n relacionados con el tabaquismo: Salud Sonora Sonora","og_description":"HERMOSILLO, SONORA. MX. \u2014\u00a0 Existen diferentes factores de riesgo para padecer c\u00e1ncer de pulm\u00f3n, sin embargo, 90% de los casos, se relacionan con el En Sonora en Equipo publicamos toda la informaci\u00f3n de Sonora, M\u00e9xico y el Mundo de manera oportuna y busca que la libertad de expresi\u00f3n sea real. Visita nuestro medio informativo publicado desde Hermosillo, Sonora. %","og_url":"https:\/\/www.sonoraenequipo.com.mx\/el-90-de-casos-de-cancer-de-pulmon-estan-relacionados-con-el-tabaquismo-salud-sonora\/","og_site_name":"Sonora en Equipo.","article_publisher":"https:\/\/www.facebook.com\/SonoraEE\/","article_author":"https:\/\/www.facebook.com\/SonoraEE","article_published_time":"2021-06-04T05:45:31+00:00","og_image":[{"width":700,"height":400,"url":"https:\/\/www.sonoraenequipo.com.mx\/storage\/2021\/06\/tabaquismo_opt-1.jpg","type":"image\/jpeg"}],"author":"enequipo","twitter_card":"summary_large_image","twitter_creator":"@sonoraenequipo","twitter_site":"@sonoraenequipo","twitter_misc":{"Escrito por":"enequipo","Tiempo de lectura":"2 minutos"},"schema":{"@context":"https:\/\/schema.org","@graph":[{"@type":"Article","@id":"https:\/\/www.sonoraenequipo.com.mx\/el-90-de-casos-de-cancer-de-pulmon-estan-relacionados-con-el-tabaquismo-salud-sonora\/#article","isPartOf":{"@id":"https:\/\/www.sonoraenequipo.com.mx\/el-90-de-casos-de-cancer-de-pulmon-estan-relacionados-con-el-tabaquismo-salud-sonora\/"},"author":{"name":"enequipo","@id":"https:\/\/www.sonoraenequipo.com.mx\/#\/schema\/person\/50102df0fb23a8fa9e8effad8fa81386"},"headline":"El 90% de casos de C\u00e1ncer de Pulm\u00f3n est\u00e1n relacionados con el tabaquismo: Salud Sonora","datePublished":"2021-06-04T05:45:31+00:00","mainEntityOfPage":{"@id":"https:\/\/www.sonoraenequipo.com.mx\/el-90-de-casos-de-cancer-de-pulmon-estan-relacionados-con-el-tabaquismo-salud-sonora\/"},"wordCount":362,"commentCount":0,"publisher":{"@id":"https:\/\/www.sonoraenequipo.com.mx\/#organization"},"image":{"@id":"https:\/\/www.sonoraenequipo.com.mx\/el-90-de-casos-de-cancer-de-pulmon-estan-relacionados-con-el-tabaquismo-salud-sonora\/#primaryimage"},"thumbnailUrl":"https:\/\/www.sonoraenequipo.com.mx\/storage\/2021\/06\/tabaquismo_opt-1.jpg","articleSection":["Sonora"],"inLanguage":"es","potentialAction":[{"@type":"CommentAction","name":"Comment","target":["https:\/\/www.sonoraenequipo.com.mx\/el-90-de-casos-de-cancer-de-pulmon-estan-relacionados-con-el-tabaquismo-salud-sonora\/#respond"]}]},{"@type":"WebPage","@id":"https:\/\/www.sonoraenequipo.com.mx\/el-90-de-casos-de-cancer-de-pulmon-estan-relacionados-con-el-tabaquismo-salud-sonora\/","url":"https:\/\/www.sonoraenequipo.com.mx\/el-90-de-casos-de-cancer-de-pulmon-estan-relacionados-con-el-tabaquismo-salud-sonora\/","name":"Sonora en Equipo. El 90% de casos de C\u00e1ncer de Pulm\u00f3n est\u00e1n relacionados con el tabaquismo: Salud Sonora Sonora","isPartOf":{"@id":"https:\/\/www.sonoraenequipo.com.mx\/#website"},"primaryImageOfPage":{"@id":"https:\/\/www.sonoraenequipo.com.mx\/el-90-de-casos-de-cancer-de-pulmon-estan-relacionados-con-el-tabaquismo-salud-sonora\/#primaryimage"},"image":{"@id":"https:\/\/www.sonoraenequipo.com.mx\/el-90-de-casos-de-cancer-de-pulmon-estan-relacionados-con-el-tabaquismo-salud-sonora\/#primaryimage"},"thumbnailUrl":"https:\/\/www.sonoraenequipo.com.mx\/storage\/2021\/06\/tabaquismo_opt-1.jpg","datePublished":"2021-06-04T05:45:31+00:00","description":"HERMOSILLO, SONORA. MX. \u2014\u00a0 Existen diferentes factores de riesgo para padecer c\u00e1ncer de pulm\u00f3n, sin embargo, 90% de los casos, se relacionan con el En Sonora en Equipo publicamos toda la informaci\u00f3n de Sonora, M\u00e9xico y el Mundo de manera oportuna y busca que la libertad de expresi\u00f3n sea real. Visita nuestro medio informativo publicado desde Hermosillo, Sonora. %","breadcrumb":{"@id":"https:\/\/www.sonoraenequipo.com.mx\/el-90-de-casos-de-cancer-de-pulmon-estan-relacionados-con-el-tabaquismo-salud-sonora\/#breadcrumb"},"inLanguage":"es","potentialAction":[{"@type":"ReadAction","target":["https:\/\/www.sonoraenequipo.com.mx\/el-90-de-casos-de-cancer-de-pulmon-estan-relacionados-con-el-tabaquismo-salud-sonora\/"]}]},{"@type":"ImageObject","inLanguage":"es","@id":"https:\/\/www.sonoraenequipo.com.mx\/el-90-de-casos-de-cancer-de-pulmon-estan-relacionados-con-el-tabaquismo-salud-sonora\/#primaryimage","url":"https:\/\/www.sonoraenequipo.com.mx\/storage\/2021\/06\/tabaquismo_opt-1.jpg","contentUrl":"https:\/\/www.sonoraenequipo.com.mx\/storage\/2021\/06\/tabaquismo_opt-1.jpg","width":700,"height":400},{"@type":"BreadcrumbList","@id":"https:\/\/www.sonoraenequipo.com.mx\/el-90-de-casos-de-cancer-de-pulmon-estan-relacionados-con-el-tabaquismo-salud-sonora\/#breadcrumb","itemListElement":[{"@type":"ListItem","position":1,"name":"Portada","item":"https:\/\/www.sonoraenequipo.com.mx\/"},{"@type":"ListItem","position":2,"name":"El 90% de casos de C\u00e1ncer de Pulm\u00f3n est\u00e1n relacionados con el tabaquismo: Salud Sonora"}]},{"@type":"WebSite","@id":"https:\/\/www.sonoraenequipo.com.mx\/#website","url":"https:\/\/www.sonoraenequipo.com.mx\/","name":"Sonora en Equipo.","description":"Diario en l\u00ednea con Noticias desde Hermosillo, Sonora","publisher":{"@id":"https:\/\/www.sonoraenequipo.com.mx\/#organization"},"potentialAction":[{"@type":"SearchAction","target":{"@type":"EntryPoint","urlTemplate":"https:\/\/www.sonoraenequipo.com.mx\/?s={search_term_string}"},"query-input":{"@type":"PropertyValueSpecification","valueRequired":true,"valueName":"search_term_string"}}],"inLanguage":"es"},{"@type":"Organization","@id":"https:\/\/www.sonoraenequipo.com.mx\/#organization","name":"Sonoraenequipo.com.mx","url":"https:\/\/www.sonoraenequipo.com.mx\/","logo":{"@type":"ImageObject","inLanguage":"es","@id":"https:\/\/www.sonoraenequipo.com.mx\/#\/schema\/logo\/image\/","url":"https:\/\/www.sonoraenequipo.com.mx\/storage\/2019\/01\/sonoraenequipo_opt.png","contentUrl":"https:\/\/www.sonoraenequipo.com.mx\/storage\/2019\/01\/sonoraenequipo_opt.png","width":375,"height":125,"caption":"Sonoraenequipo.com.mx"},"image":{"@id":"https:\/\/www.sonoraenequipo.com.mx\/#\/schema\/logo\/image\/"},"sameAs":["https:\/\/www.facebook.com\/SonoraEE\/","https:\/\/x.com\/sonoraenequipo","https:\/\/www.youtube.com\/channel\/UC338nW-lPEYmJQs4ZABQ1SQ"]},{"@type":"Person","@id":"https:\/\/www.sonoraenequipo.com.mx\/#\/schema\/person\/50102df0fb23a8fa9e8effad8fa81386","name":"enequipo","image":{"@type":"ImageObject","inLanguage":"es","@id":"https:\/\/www.sonoraenequipo.com.mx\/#\/schema\/person\/image\/","url":"https:\/\/secure.gravatar.com\/avatar\/049821681b589dabc0bc20695993ccebb09f5b5d4d790cd9251b97faac7c652b?s=96&d=blank&r=g","contentUrl":"https:\/\/secure.gravatar.com\/avatar\/049821681b589dabc0bc20695993ccebb09f5b5d4d790cd9251b97faac7c652b?s=96&d=blank&r=g","caption":"enequipo"},"sameAs":["https:\/\/www.facebook.com\/SonoraEE"]}]}},"jetpack_featured_media_url":"https:\/\/www.sonoraenequipo.com.mx\/storage\/2021\/06\/tabaquismo_opt-1.jpg","_links":{"self":[{"href":"https:\/\/www.sonoraenequipo.com.mx\/api\/wp\/v2\/posts\/115538","targetHints":{"allow":["GET"]}}],"collection":[{"href":"https:\/\/www.sonoraenequipo.com.mx\/api\/wp\/v2\/posts"}],"about":[{"href":"https:\/\/www.sonoraenequipo.com.mx\/api\/wp\/v2\/types\/post"}],"author":[{"embeddable":true,"href":"https:\/\/www.sonoraenequipo.com.mx\/api\/wp\/v2\/users\/1"}],"replies":[{"embeddable":true,"href":"https:\/\/www.sonoraenequipo.com.mx\/api\/wp\/v2\/comments?post=115538"}],"version-history":[{"count":1,"href":"https:\/\/www.sonoraenequipo.com.mx\/api\/wp\/v2\/posts\/115538\/revisions"}],"predecessor-version":[{"id":115540,"href":"https:\/\/www.sonoraenequipo.com.mx\/api\/wp\/v2\/posts\/115538\/revisions\/115540"}],"wp:featuredmedia":[{"embeddable":true,"href":"https:\/\/www.sonoraenequipo.com.mx\/api\/wp\/v2\/media\/115539"}],"wp:attachment":[{"href":"https:\/\/www.sonoraenequipo.com.mx\/api\/wp\/v2\/media?parent=115538"}],"wp:term":[{"taxonomy":"category","embeddable":true,"href":"https:\/\/www.sonoraenequipo.com.mx\/api\/wp\/v2\/categories?post=115538"},{"taxonomy":"post_tag","embeddable":true,"href":"https:\/\/www.sonoraenequipo.com.mx\/api\/wp\/v2\/tags?post=115538"}],"curies":[{"name":"wp","href":"https:\/\/api.w.org\/{rel}","templated":true}]}}