{"id":115550,"date":"2021-06-04T05:30:47","date_gmt":"2021-06-04T12:30:47","guid":{"rendered":"https:\/\/www.sonoraenequipo.com.mx\/?p=115550"},"modified":"2021-06-04T09:27:08","modified_gmt":"2021-06-04T16:27:08","slug":"senado-analiza-con-sre-posponer-visita-de-kamala-harris-a-camara-alta-monreal","status":"publish","type":"post","link":"https:\/\/www.sonoraenequipo.com.mx\/senado-analiza-con-sre-posponer-visita-de-kamala-harris-a-camara-alta-monreal\/","title":{"rendered":"Senado analiza con SRE posponer visita de Kamala Harris a C\u00e1mara Alta: Monreal"},"content":{"rendered":"<p>CIUDAD DE M\u00c9XICO. MX. \u2014 Pese a haberle girado una invitaci\u00f3n formal, el presidente de la Junta de coordinaci\u00f3n Pol\u00edtica (Jucopo), Ricardo Monreal, cancel\u00f3 el encuentro del Senado con la vicepresidenta de Estados Unidos, Kamala Harris, en el marco de su visita oficial a M\u00e9xico de la pr\u00f3xima semana, tras reconocer que no existen condiciones para ello debido a la falta de consenso entre las distintas fuerzas pol\u00edticas.<\/p>\n<p>&nbsp;<\/p>\n<p> <\/p>\n<p>En un video publicado en sus redes sociales, el l\u00edder de los senadores de Morena inform\u00f3 que la invitaci\u00f3n que se le hab\u00eda hecho a la alta funcionaria, en su calidad de vicepresidenta de Estados Unidos, pero particularmente como presidenta del Senado de Estados Unidos, tuvo <em>\u00abreacciones mixtas entre los colegas parlamentarios\u00bb.<\/em><\/p>\n<p>&nbsp;<\/p>\n<p>Apunt\u00f3 que en la C\u00e1mara Alta se ha buscado resolver los asuntos por consenso, pero ahora no hay condiciones para ello. <em>\u00abAhora hay algunas voces que se han expresado y que temen que el proceso electoral en M\u00e9xico y la polarizaci\u00f3n que indiscutiblemente est\u00e1 dominando el espacio p\u00fablico, opaquen un encuentro que deber\u00eda gozar del ambiente m\u00e1s favorable\u00bb<\/em>, lament\u00f3.<\/p>\n<p>&nbsp;<\/p>\n<p>Dijo que el Senado ha cuidado no ser un factor de estridencia y ser un terreno de menos confrontaci\u00f3n o de no confrontaci\u00f3n permanente. <em>\u00abLo he dicho y lo hemos dicho una y otra vez, nuestra misi\u00f3n es asegurar tener un Senado plural, productivo, eficaz, y ante la ausencia de consensos amplios, siempre consideramos que la mejor f\u00f3rmula es generar condiciones para una visita afortunada y consensada\u00bb.<\/em><\/p>\n<p>&nbsp;<\/p>\n<p>Ricardo Monreal hab\u00eda anunciado la visita de Kamala Harris al Senado el 8 o 9 de Mayo, para sostener una reuni\u00f3n de trabajo con senadores de diversas fuerzas pol\u00edticas.<\/p>\n<p>&nbsp;<\/p>\n<p>Ante la imposibilidad de un acuerdo entre los grupos parlamentarios, el l\u00edder de los senadores de Morena inform\u00f3 que se analiza con la Secretar\u00eda de Relaciones Exteriores la posibilidad de que este encuentro se d\u00e9 \u00aben una ocasi\u00f3n pr\u00f3xima\u00bb.<\/p>\n<p>&nbsp;<\/p>\n<p>Destac\u00f3 que la reuni\u00f3n que la vicepresidenta Harris tendr\u00e1 con el presidente Andr\u00e9s Manuel L\u00f3pez Obrador es sumamente especial, porque hay la coincidencia entre ambos pa\u00edses en tratar los retos comunes y la necesidad de invertir en el desarrollo regional de manera integral.<\/p>\n<p>&nbsp;<\/p>\n<p>Indic\u00f3 que las democracias tienen como componentes esenciales el desacuerdo, el di\u00e1logo, la negociaci\u00f3n, pero tambi\u00e9n la tolerancia.<\/p>\n<p>&nbsp;<\/p>\n<p>Record\u00f3 que Kamala Harris en la primera mujer de color, de padres inmigrantes, en ser electa para la vicepresidencia de los Estados Unidos.<\/p>\n<p>&nbsp;<\/p>\n<p><em>\u00abSabe de primera mano lo que implica la migraci\u00f3n, lo que significa combatir estereotipos, lo que cuesta para una mujer llegar a posiciones de liderazgo\u00bb.<\/em><\/p>\n<p>&nbsp;<\/p>\n<p>(Publicada el 04\/06\/2021)<\/p>\n","protected":false},"excerpt":{"rendered":"<p>CIUDAD DE M\u00c9XICO. MX. \u2014 Pese a haberle girado una invitaci\u00f3n formal, el presidente de&#8230;<\/p>\n","protected":false},"author":1,"featured_media":115552,"comment_status":"open","ping_status":"open","sticky":false,"template":"","format":"standard","meta":{"_monsterinsights_skip_tracking":false,"_monsterinsights_sitenote_active":false,"_monsterinsights_sitenote_note":"","_monsterinsights_sitenote_category":0,"footnotes":""},"categories":[5],"tags":[],"class_list":["post"],"yoast_head":" \n<title>Sonora en Equipo. Senado analiza con SRE posponer visita de Kamala Harris a C\u00e1mara Alta: Monreal Rep\u00fablica<\/title>\n<meta name=\"description\" content=\"CIUDAD DE M\u00c9XICO. MX. \u2014 Pese a haberle girado una invitaci\u00f3n formal, el presidente de la Junta de coordinaci\u00f3n Pol\u00edtica (Jucopo), Ricardo Monreal, cancel\u00f3 En Sonora en Equipo publicamos toda la informaci\u00f3n de Sonora, M\u00e9xico y el Mundo de manera oportuna y busca que la libertad de expresi\u00f3n sea real. Visita nuestro medio informativo publicado desde Hermosillo, Sonora. %\" \/>\n<meta name=\"robots\" content=\"index, follow, max-snippet:-1, max-image-preview:large, max-video-preview:-1\" \/>\n<link rel=\"canonical\" href=\"https:\/\/www.sonoraenequipo.com.mx\/senado-analiza-con-sre-posponer-visita-de-kamala-harris-a-camara-alta-monreal\/\" \/>\n<meta property=\"og:locale\" content=\"es_ES\" \/>\n<meta property=\"og:type\" content=\"article\" \/>\n<meta property=\"og:title\" content=\"Sonora en Equipo. Senado analiza con SRE posponer visita de Kamala Harris a C\u00e1mara Alta: Monreal Rep\u00fablica\" \/>\n<meta property=\"og:description\" content=\"CIUDAD DE M\u00c9XICO. MX. \u2014 Pese a haberle girado una invitaci\u00f3n formal, el presidente de la Junta de coordinaci\u00f3n Pol\u00edtica (Jucopo), Ricardo Monreal, cancel\u00f3 En Sonora en Equipo publicamos toda la informaci\u00f3n de Sonora, M\u00e9xico y el Mundo de manera oportuna y busca que la libertad de expresi\u00f3n sea real. Visita nuestro medio informativo publicado desde Hermosillo, Sonora. %\" \/>\n<meta property=\"og:url\" content=\"https:\/\/www.sonoraenequipo.com.mx\/senado-analiza-con-sre-posponer-visita-de-kamala-harris-a-camara-alta-monreal\/\" \/>\n<meta property=\"og:site_name\" content=\"Sonora en Equipo.\" \/>\n<meta property=\"article:publisher\" content=\"https:\/\/www.facebook.com\/SonoraEE\/\" \/>\n<meta property=\"article:author\" content=\"https:\/\/www.facebook.com\/SonoraEE\" \/>\n<meta property=\"article:published_time\" content=\"2021-06-04T12:30:47+00:00\" \/>\n<meta property=\"article:modified_time\" content=\"2021-06-04T16:27:08+00:00\" \/>\n<meta property=\"og:image\" content=\"https:\/\/www.sonoraenequipo.com.mx\/storage\/2021\/06\/monreal-y-kamala-harris_opt.jpg\" \/>\n\t<meta property=\"og:image:width\" content=\"700\" \/>\n\t<meta property=\"og:image:height\" content=\"400\" \/>\n\t<meta property=\"og:image:type\" content=\"image\/jpeg\" \/>\n<meta name=\"author\" content=\"enequipo\" \/>\n<meta name=\"twitter:card\" content=\"summary_large_image\" \/>\n<meta name=\"twitter:creator\" content=\"@sonoraenequipo\" \/>\n<meta name=\"twitter:site\" content=\"@sonoraenequipo\" \/>\n<meta name=\"twitter:label1\" content=\"Escrito por\" \/>\n\t<meta name=\"twitter:data1\" content=\"enequipo\" \/>\n\t<meta name=\"twitter:label2\" content=\"Tiempo de lectura\" \/>\n\t<meta name=\"twitter:data2\" content=\"2 minutos\" \/>\n<script type=\"application\/ld+json\" class=\"yoast-schema-graph\">{\"@context\":\"https:\/\/schema.org\",\"@graph\":[{\"@type\":\"Article\",\"@id\":\"https:\/\/www.sonoraenequipo.com.mx\/senado-analiza-con-sre-posponer-visita-de-kamala-harris-a-camara-alta-monreal\/#article\",\"isPartOf\":{\"@id\":\"https:\/\/www.sonoraenequipo.com.mx\/senado-analiza-con-sre-posponer-visita-de-kamala-harris-a-camara-alta-monreal\/\"},\"author\":{\"name\":\"enequipo\",\"@id\":\"https:\/\/www.sonoraenequipo.com.mx\/#\/schema\/person\/50102df0fb23a8fa9e8effad8fa81386\"},\"headline\":\"Senado analiza con SRE posponer visita de Kamala Harris a C\u00e1mara Alta: Monreal\",\"datePublished\":\"2021-06-04T12:30:47+00:00\",\"dateModified\":\"2021-06-04T16:27:08+00:00\",\"mainEntityOfPage\":{\"@id\":\"https:\/\/www.sonoraenequipo.com.mx\/senado-analiza-con-sre-posponer-visita-de-kamala-harris-a-camara-alta-monreal\/\"},\"wordCount\":481,\"commentCount\":0,\"publisher\":{\"@id\":\"https:\/\/www.sonoraenequipo.com.mx\/#organization\"},\"image\":{\"@id\":\"https:\/\/www.sonoraenequipo.com.mx\/senado-analiza-con-sre-posponer-visita-de-kamala-harris-a-camara-alta-monreal\/#primaryimage\"},\"thumbnailUrl\":\"https:\/\/www.sonoraenequipo.com.mx\/storage\/2021\/06\/monreal-y-kamala-harris_opt.jpg\",\"articleSection\":[\"Rep\u00fablica\"],\"inLanguage\":\"es\",\"potentialAction\":[{\"@type\":\"CommentAction\",\"name\":\"Comment\",\"target\":[\"https:\/\/www.sonoraenequipo.com.mx\/senado-analiza-con-sre-posponer-visita-de-kamala-harris-a-camara-alta-monreal\/#respond\"]}]},{\"@type\":\"WebPage\",\"@id\":\"https:\/\/www.sonoraenequipo.com.mx\/senado-analiza-con-sre-posponer-visita-de-kamala-harris-a-camara-alta-monreal\/\",\"url\":\"https:\/\/www.sonoraenequipo.com.mx\/senado-analiza-con-sre-posponer-visita-de-kamala-harris-a-camara-alta-monreal\/\",\"name\":\"Sonora en Equipo. Senado analiza con SRE posponer visita de Kamala Harris a C\u00e1mara Alta: Monreal Rep\u00fablica\",\"isPartOf\":{\"@id\":\"https:\/\/www.sonoraenequipo.com.mx\/#website\"},\"primaryImageOfPage\":{\"@id\":\"https:\/\/www.sonoraenequipo.com.mx\/senado-analiza-con-sre-posponer-visita-de-kamala-harris-a-camara-alta-monreal\/#primaryimage\"},\"image\":{\"@id\":\"https:\/\/www.sonoraenequipo.com.mx\/senado-analiza-con-sre-posponer-visita-de-kamala-harris-a-camara-alta-monreal\/#primaryimage\"},\"thumbnailUrl\":\"https:\/\/www.sonoraenequipo.com.mx\/storage\/2021\/06\/monreal-y-kamala-harris_opt.jpg\",\"datePublished\":\"2021-06-04T12:30:47+00:00\",\"dateModified\":\"2021-06-04T16:27:08+00:00\",\"description\":\"CIUDAD DE M\u00c9XICO. MX. \u2014 Pese a haberle girado una invitaci\u00f3n formal, el presidente de la Junta de coordinaci\u00f3n Pol\u00edtica (Jucopo), Ricardo Monreal, cancel\u00f3 En Sonora en Equipo publicamos toda la informaci\u00f3n de Sonora, M\u00e9xico y el Mundo de manera oportuna y busca que la libertad de expresi\u00f3n sea real. Visita nuestro medio informativo publicado desde Hermosillo, Sonora. %\",\"breadcrumb\":{\"@id\":\"https:\/\/www.sonoraenequipo.com.mx\/senado-analiza-con-sre-posponer-visita-de-kamala-harris-a-camara-alta-monreal\/#breadcrumb\"},\"inLanguage\":\"es\",\"potentialAction\":[{\"@type\":\"ReadAction\",\"target\":[\"https:\/\/www.sonoraenequipo.com.mx\/senado-analiza-con-sre-posponer-visita-de-kamala-harris-a-camara-alta-monreal\/\"]}]},{\"@type\":\"ImageObject\",\"inLanguage\":\"es\",\"@id\":\"https:\/\/www.sonoraenequipo.com.mx\/senado-analiza-con-sre-posponer-visita-de-kamala-harris-a-camara-alta-monreal\/#primaryimage\",\"url\":\"https:\/\/www.sonoraenequipo.com.mx\/storage\/2021\/06\/monreal-y-kamala-harris_opt.jpg\",\"contentUrl\":\"https:\/\/www.sonoraenequipo.com.mx\/storage\/2021\/06\/monreal-y-kamala-harris_opt.jpg\",\"width\":700,\"height\":400},{\"@type\":\"BreadcrumbList\",\"@id\":\"https:\/\/www.sonoraenequipo.com.mx\/senado-analiza-con-sre-posponer-visita-de-kamala-harris-a-camara-alta-monreal\/#breadcrumb\",\"itemListElement\":[{\"@type\":\"ListItem\",\"position\":1,\"name\":\"Portada\",\"item\":\"https:\/\/www.sonoraenequipo.com.mx\/\"},{\"@type\":\"ListItem\",\"position\":2,\"name\":\"Senado analiza con SRE posponer visita de Kamala Harris a C\u00e1mara Alta: Monreal\"}]},{\"@type\":\"WebSite\",\"@id\":\"https:\/\/www.sonoraenequipo.com.mx\/#website\",\"url\":\"https:\/\/www.sonoraenequipo.com.mx\/\",\"name\":\"Sonora en Equipo.\",\"description\":\"Diario en l\u00ednea con Noticias desde Hermosillo, Sonora\",\"publisher\":{\"@id\":\"https:\/\/www.sonoraenequipo.com.mx\/#organization\"},\"potentialAction\":[{\"@type\":\"SearchAction\",\"target\":{\"@type\":\"EntryPoint\",\"urlTemplate\":\"https:\/\/www.sonoraenequipo.com.mx\/?s={search_term_string}\"},\"query-input\":{\"@type\":\"PropertyValueSpecification\",\"valueRequired\":true,\"valueName\":\"search_term_string\"}}],\"inLanguage\":\"es\"},{\"@type\":\"Organization\",\"@id\":\"https:\/\/www.sonoraenequipo.com.mx\/#organization\",\"name\":\"Sonoraenequipo.com.mx\",\"url\":\"https:\/\/www.sonoraenequipo.com.mx\/\",\"logo\":{\"@type\":\"ImageObject\",\"inLanguage\":\"es\",\"@id\":\"https:\/\/www.sonoraenequipo.com.mx\/#\/schema\/logo\/image\/\",\"url\":\"https:\/\/www.sonoraenequipo.com.mx\/storage\/2019\/01\/sonoraenequipo_opt.png\",\"contentUrl\":\"https:\/\/www.sonoraenequipo.com.mx\/storage\/2019\/01\/sonoraenequipo_opt.png\",\"width\":375,\"height\":125,\"caption\":\"Sonoraenequipo.com.mx\"},\"image\":{\"@id\":\"https:\/\/www.sonoraenequipo.com.mx\/#\/schema\/logo\/image\/\"},\"sameAs\":[\"https:\/\/www.facebook.com\/SonoraEE\/\",\"https:\/\/x.com\/sonoraenequipo\",\"https:\/\/www.youtube.com\/channel\/UC338nW-lPEYmJQs4ZABQ1SQ\"]},{\"@type\":\"Person\",\"@id\":\"https:\/\/www.sonoraenequipo.com.mx\/#\/schema\/person\/50102df0fb23a8fa9e8effad8fa81386\",\"name\":\"enequipo\",\"image\":{\"@type\":\"ImageObject\",\"inLanguage\":\"es\",\"@id\":\"https:\/\/www.sonoraenequipo.com.mx\/#\/schema\/person\/image\/\",\"url\":\"https:\/\/secure.gravatar.com\/avatar\/049821681b589dabc0bc20695993ccebb09f5b5d4d790cd9251b97faac7c652b?s=96&d=blank&r=g\",\"contentUrl\":\"https:\/\/secure.gravatar.com\/avatar\/049821681b589dabc0bc20695993ccebb09f5b5d4d790cd9251b97faac7c652b?s=96&d=blank&r=g\",\"caption\":\"enequipo\"},\"sameAs\":[\"https:\/\/www.facebook.com\/SonoraEE\"]}]}<\/script>\n ","yoast_head_json":{"title":"Sonora en Equipo. Senado analiza con SRE posponer visita de Kamala Harris a C\u00e1mara Alta: Monreal Rep\u00fablica","description":"CIUDAD DE M\u00c9XICO. MX. \u2014 Pese a haberle girado una invitaci\u00f3n formal, el presidente de la Junta de coordinaci\u00f3n Pol\u00edtica (Jucopo), Ricardo Monreal, cancel\u00f3 En Sonora en Equipo publicamos toda la informaci\u00f3n de Sonora, M\u00e9xico y el Mundo de manera oportuna y busca que la libertad de expresi\u00f3n sea real. Visita nuestro medio informativo publicado desde Hermosillo, Sonora. %","robots":{"index":"index","follow":"follow","max-snippet":"max-snippet:-1","max-image-preview":"max-image-preview:large","max-video-preview":"max-video-preview:-1"},"canonical":"https:\/\/www.sonoraenequipo.com.mx\/senado-analiza-con-sre-posponer-visita-de-kamala-harris-a-camara-alta-monreal\/","og_locale":"es_ES","og_type":"article","og_title":"Sonora en Equipo. Senado analiza con SRE posponer visita de Kamala Harris a C\u00e1mara Alta: Monreal Rep\u00fablica","og_description":"CIUDAD DE M\u00c9XICO. MX. \u2014 Pese a haberle girado una invitaci\u00f3n formal, el presidente de la Junta de coordinaci\u00f3n Pol\u00edtica (Jucopo), Ricardo Monreal, cancel\u00f3 En Sonora en Equipo publicamos toda la informaci\u00f3n de Sonora, M\u00e9xico y el Mundo de manera oportuna y busca que la libertad de expresi\u00f3n sea real. Visita nuestro medio informativo publicado desde Hermosillo, Sonora. %","og_url":"https:\/\/www.sonoraenequipo.com.mx\/senado-analiza-con-sre-posponer-visita-de-kamala-harris-a-camara-alta-monreal\/","og_site_name":"Sonora en Equipo.","article_publisher":"https:\/\/www.facebook.com\/SonoraEE\/","article_author":"https:\/\/www.facebook.com\/SonoraEE","article_published_time":"2021-06-04T12:30:47+00:00","article_modified_time":"2021-06-04T16:27:08+00:00","og_image":[{"width":700,"height":400,"url":"https:\/\/www.sonoraenequipo.com.mx\/storage\/2021\/06\/monreal-y-kamala-harris_opt.jpg","type":"image\/jpeg"}],"author":"enequipo","twitter_card":"summary_large_image","twitter_creator":"@sonoraenequipo","twitter_site":"@sonoraenequipo","twitter_misc":{"Escrito por":"enequipo","Tiempo de lectura":"2 minutos"},"schema":{"@context":"https:\/\/schema.org","@graph":[{"@type":"Article","@id":"https:\/\/www.sonoraenequipo.com.mx\/senado-analiza-con-sre-posponer-visita-de-kamala-harris-a-camara-alta-monreal\/#article","isPartOf":{"@id":"https:\/\/www.sonoraenequipo.com.mx\/senado-analiza-con-sre-posponer-visita-de-kamala-harris-a-camara-alta-monreal\/"},"author":{"name":"enequipo","@id":"https:\/\/www.sonoraenequipo.com.mx\/#\/schema\/person\/50102df0fb23a8fa9e8effad8fa81386"},"headline":"Senado analiza con SRE posponer visita de Kamala Harris a C\u00e1mara Alta: Monreal","datePublished":"2021-06-04T12:30:47+00:00","dateModified":"2021-06-04T16:27:08+00:00","mainEntityOfPage":{"@id":"https:\/\/www.sonoraenequipo.com.mx\/senado-analiza-con-sre-posponer-visita-de-kamala-harris-a-camara-alta-monreal\/"},"wordCount":481,"commentCount":0,"publisher":{"@id":"https:\/\/www.sonoraenequipo.com.mx\/#organization"},"image":{"@id":"https:\/\/www.sonoraenequipo.com.mx\/senado-analiza-con-sre-posponer-visita-de-kamala-harris-a-camara-alta-monreal\/#primaryimage"},"thumbnailUrl":"https:\/\/www.sonoraenequipo.com.mx\/storage\/2021\/06\/monreal-y-kamala-harris_opt.jpg","articleSection":["Rep\u00fablica"],"inLanguage":"es","potentialAction":[{"@type":"CommentAction","name":"Comment","target":["https:\/\/www.sonoraenequipo.com.mx\/senado-analiza-con-sre-posponer-visita-de-kamala-harris-a-camara-alta-monreal\/#respond"]}]},{"@type":"WebPage","@id":"https:\/\/www.sonoraenequipo.com.mx\/senado-analiza-con-sre-posponer-visita-de-kamala-harris-a-camara-alta-monreal\/","url":"https:\/\/www.sonoraenequipo.com.mx\/senado-analiza-con-sre-posponer-visita-de-kamala-harris-a-camara-alta-monreal\/","name":"Sonora en Equipo. Senado analiza con SRE posponer visita de Kamala Harris a C\u00e1mara Alta: Monreal Rep\u00fablica","isPartOf":{"@id":"https:\/\/www.sonoraenequipo.com.mx\/#website"},"primaryImageOfPage":{"@id":"https:\/\/www.sonoraenequipo.com.mx\/senado-analiza-con-sre-posponer-visita-de-kamala-harris-a-camara-alta-monreal\/#primaryimage"},"image":{"@id":"https:\/\/www.sonoraenequipo.com.mx\/senado-analiza-con-sre-posponer-visita-de-kamala-harris-a-camara-alta-monreal\/#primaryimage"},"thumbnailUrl":"https:\/\/www.sonoraenequipo.com.mx\/storage\/2021\/06\/monreal-y-kamala-harris_opt.jpg","datePublished":"2021-06-04T12:30:47+00:00","dateModified":"2021-06-04T16:27:08+00:00","description":"CIUDAD DE M\u00c9XICO. MX. \u2014 Pese a haberle girado una invitaci\u00f3n formal, el presidente de la Junta de coordinaci\u00f3n Pol\u00edtica (Jucopo), Ricardo Monreal, cancel\u00f3 En Sonora en Equipo publicamos toda la informaci\u00f3n de Sonora, M\u00e9xico y el Mundo de manera oportuna y busca que la libertad de expresi\u00f3n sea real. Visita nuestro medio informativo publicado desde Hermosillo, Sonora. %","breadcrumb":{"@id":"https:\/\/www.sonoraenequipo.com.mx\/senado-analiza-con-sre-posponer-visita-de-kamala-harris-a-camara-alta-monreal\/#breadcrumb"},"inLanguage":"es","potentialAction":[{"@type":"ReadAction","target":["https:\/\/www.sonoraenequipo.com.mx\/senado-analiza-con-sre-posponer-visita-de-kamala-harris-a-camara-alta-monreal\/"]}]},{"@type":"ImageObject","inLanguage":"es","@id":"https:\/\/www.sonoraenequipo.com.mx\/senado-analiza-con-sre-posponer-visita-de-kamala-harris-a-camara-alta-monreal\/#primaryimage","url":"https:\/\/www.sonoraenequipo.com.mx\/storage\/2021\/06\/monreal-y-kamala-harris_opt.jpg","contentUrl":"https:\/\/www.sonoraenequipo.com.mx\/storage\/2021\/06\/monreal-y-kamala-harris_opt.jpg","width":700,"height":400},{"@type":"BreadcrumbList","@id":"https:\/\/www.sonoraenequipo.com.mx\/senado-analiza-con-sre-posponer-visita-de-kamala-harris-a-camara-alta-monreal\/#breadcrumb","itemListElement":[{"@type":"ListItem","position":1,"name":"Portada","item":"https:\/\/www.sonoraenequipo.com.mx\/"},{"@type":"ListItem","position":2,"name":"Senado analiza con SRE posponer visita de Kamala Harris a C\u00e1mara Alta: Monreal"}]},{"@type":"WebSite","@id":"https:\/\/www.sonoraenequipo.com.mx\/#website","url":"https:\/\/www.sonoraenequipo.com.mx\/","name":"Sonora en Equipo.","description":"Diario en l\u00ednea con Noticias desde Hermosillo, Sonora","publisher":{"@id":"https:\/\/www.sonoraenequipo.com.mx\/#organization"},"potentialAction":[{"@type":"SearchAction","target":{"@type":"EntryPoint","urlTemplate":"https:\/\/www.sonoraenequipo.com.mx\/?s={search_term_string}"},"query-input":{"@type":"PropertyValueSpecification","valueRequired":true,"valueName":"search_term_string"}}],"inLanguage":"es"},{"@type":"Organization","@id":"https:\/\/www.sonoraenequipo.com.mx\/#organization","name":"Sonoraenequipo.com.mx","url":"https:\/\/www.sonoraenequipo.com.mx\/","logo":{"@type":"ImageObject","inLanguage":"es","@id":"https:\/\/www.sonoraenequipo.com.mx\/#\/schema\/logo\/image\/","url":"https:\/\/www.sonoraenequipo.com.mx\/storage\/2019\/01\/sonoraenequipo_opt.png","contentUrl":"https:\/\/www.sonoraenequipo.com.mx\/storage\/2019\/01\/sonoraenequipo_opt.png","width":375,"height":125,"caption":"Sonoraenequipo.com.mx"},"image":{"@id":"https:\/\/www.sonoraenequipo.com.mx\/#\/schema\/logo\/image\/"},"sameAs":["https:\/\/www.facebook.com\/SonoraEE\/","https:\/\/x.com\/sonoraenequipo","https:\/\/www.youtube.com\/channel\/UC338nW-lPEYmJQs4ZABQ1SQ"]},{"@type":"Person","@id":"https:\/\/www.sonoraenequipo.com.mx\/#\/schema\/person\/50102df0fb23a8fa9e8effad8fa81386","name":"enequipo","image":{"@type":"ImageObject","inLanguage":"es","@id":"https:\/\/www.sonoraenequipo.com.mx\/#\/schema\/person\/image\/","url":"https:\/\/secure.gravatar.com\/avatar\/049821681b589dabc0bc20695993ccebb09f5b5d4d790cd9251b97faac7c652b?s=96&d=blank&r=g","contentUrl":"https:\/\/secure.gravatar.com\/avatar\/049821681b589dabc0bc20695993ccebb09f5b5d4d790cd9251b97faac7c652b?s=96&d=blank&r=g","caption":"enequipo"},"sameAs":["https:\/\/www.facebook.com\/SonoraEE"]}]}},"jetpack_featured_media_url":"https:\/\/www.sonoraenequipo.com.mx\/storage\/2021\/06\/monreal-y-kamala-harris_opt.jpg","_links":{"self":[{"href":"https:\/\/www.sonoraenequipo.com.mx\/api\/wp\/v2\/posts\/115550","targetHints":{"allow":["GET"]}}],"collection":[{"href":"https:\/\/www.sonoraenequipo.com.mx\/api\/wp\/v2\/posts"}],"about":[{"href":"https:\/\/www.sonoraenequipo.com.mx\/api\/wp\/v2\/types\/post"}],"author":[{"embeddable":true,"href":"https:\/\/www.sonoraenequipo.com.mx\/api\/wp\/v2\/users\/1"}],"replies":[{"embeddable":true,"href":"https:\/\/www.sonoraenequipo.com.mx\/api\/wp\/v2\/comments?post=115550"}],"version-history":[{"count":1,"href":"https:\/\/www.sonoraenequipo.com.mx\/api\/wp\/v2\/posts\/115550\/revisions"}],"predecessor-version":[{"id":115553,"href":"https:\/\/www.sonoraenequipo.com.mx\/api\/wp\/v2\/posts\/115550\/revisions\/115553"}],"wp:featuredmedia":[{"embeddable":true,"href":"https:\/\/www.sonoraenequipo.com.mx\/api\/wp\/v2\/media\/115552"}],"wp:attachment":[{"href":"https:\/\/www.sonoraenequipo.com.mx\/api\/wp\/v2\/media?parent=115550"}],"wp:term":[{"taxonomy":"category","embeddable":true,"href":"https:\/\/www.sonoraenequipo.com.mx\/api\/wp\/v2\/categories?post=115550"},{"taxonomy":"post_tag","embeddable":true,"href":"https:\/\/www.sonoraenequipo.com.mx\/api\/wp\/v2\/tags?post=115550"}],"curies":[{"name":"wp","href":"https:\/\/api.w.org\/{rel}","templated":true}]}}