{"id":115566,"date":"2021-06-04T07:57:48","date_gmt":"2021-06-04T14:57:48","guid":{"rendered":"https:\/\/www.sonoraenequipo.com.mx\/?p=115566"},"modified":"2021-06-04T15:22:57","modified_gmt":"2021-06-04T22:22:57","slug":"presidente-anuncia-fortalecimiento-de-vacunacion-en-municipios-de-la-frontera-con-estados-unidos","status":"publish","type":"post","link":"https:\/\/www.sonoraenequipo.com.mx\/presidente-anuncia-fortalecimiento-de-vacunacion-en-municipios-de-la-frontera-con-estados-unidos\/","title":{"rendered":"Presidente anuncia fortalecimiento de vacunaci\u00f3n en municipios de la frontera con Estados Unidos"},"content":{"rendered":"<p>CIUDAD DE M\u00c9XICO. MX. \u2014 El mill\u00f3n de dosis de la vacuna Johnson &amp; Johnson que recibir\u00e1 M\u00e9xico por parte de Estados Unidos se aplicar\u00e1 en 40 municipios de la frontera norte con el prop\u00f3sito de reabrirla y reactivar la comunicaci\u00f3n en esa zona, anunci\u00f3 el presidente Andr\u00e9s Manuel L\u00f3pez Obrador.<\/p>\n<p>&nbsp;<\/p>\n<p> <\/p>\n<p>En conferencia de prensa matutina indic\u00f3 que ya se considera adquirir dosis adicionales a la farmac\u00e9utica con la que actualmente no tiene contratos de compra y al mismo tiempo agradeci\u00f3 al gobierno de ese pa\u00eds el gesto de solidaridad.<\/p>\n<p>&nbsp;<\/p>\n<p><em>\u201cAgradecemos mucho, confirma que es buena nuestra relaci\u00f3n. Este es un planteamiento que hemos venido haciendo, que todos tenemos que ayudarnos mutuamente\u201d<\/em>, remarc\u00f3.<\/p>\n<p>&nbsp;<\/p>\n<p>La vacuna de Johnson &amp; Johnson es de una sola dosis. Su efectividad para prevenir enfermedad grave por COVID-19 es de 85 por ciento y no requiere de ultracongelaci\u00f3n.<\/p>\n<p>&nbsp;<\/p>\n<p>Las dosis provenientes de Estados Unidos y el abasto con el que cuenta M\u00e9xico alcanzar\u00e1n para vacunar al cien por ciento de la poblaci\u00f3n de 18 a 40 a\u00f1os de los municipios de la franja fronteriza.<\/p>\n<p>&nbsp;<\/p>\n<p>En total se vacunar\u00e1 a 2 millones 947 mil 733 personas con mayor\u00eda de edad y de hasta 40 a\u00f1os habitantes de los estados de Baja California, Sonora, Chihuahua, Coahuila, Nuevo Le\u00f3n y Tamaulipas.<\/p>\n<p>&nbsp;<\/p>\n<p>De estas, un mill\u00f3n 466 mil 269 son mujeres y un mill\u00f3n 481 mil 464 son hombres mayores de 18 a\u00f1os.<\/p>\n<p>&nbsp;<\/p>\n<p>Los municipios m\u00e1s poblados son Tijuana, con 700 mil 913 personas de 18 a 40 a\u00f1os, Ju\u00e1rez, 571 mil 572 personas; Mexicali, 350 mil 269 personas y Reynosa, 278 mil 586 personas.<\/p>\n<p>&nbsp;<\/p>\n<p>El secretario de Relaciones Exteriores, Marcelo Ebrard Casaubon, afirm\u00f3 que se tom\u00f3 la decisi\u00f3n de dar prioridad a la frontera norte en la recepci\u00f3n de dosis de Johnson &amp; Johnson porque <em>\u201cel prop\u00f3sito es que la vacunaci\u00f3n en M\u00e9xico avance a grados o proporciones similares a las que hay en Estados Unidos y por lo tanto se agilice o acelere la reapertura de las actividades en la frontera entre M\u00e9xico y Estados Unidos\u201d.<\/em><\/p>\n<p>&nbsp;<\/p>\n<p>Sostuvo que al inmunizar a todas las personas mayores de 18 a\u00f1os en la frontera norte habr\u00e1 condiciones sanitarias para que Estados Unidos pueda acceder a que se reanude la mayor\u00eda de las actividades en la franja y de esa manera no se prolongue la afectaci\u00f3n econ\u00f3mica y comercial.<\/p>\n<p>&nbsp;<\/p>\n<p><em>\u201cEl objetivo es que a fines de junio tengamos cubierta a esta poblaci\u00f3n y podamos acordar con Estados Unidos que se reabran las actividades o casi todas las actividades en la frontera\u201d,<\/em> remarc\u00f3.<\/p>\n<p>&nbsp;<\/p>\n<p>El canciller inform\u00f3 que por instrucciones del presidente L\u00f3pez Obrador se fortalecer\u00e1 el abastecimiento de dosis para robustecer la vacunaci\u00f3n en zonas tur\u00edsticas clave, como Quintana Roo, Baja California Sur, Jalisco y Nayarit con el objetivo de proteger a la poblaci\u00f3n de esos estados y acelerar la recuperaci\u00f3n tur\u00edstica y econ\u00f3mica.<\/p>\n<p>&nbsp;<\/p>\n<p>Sobre la visita de la vicepresidenta de Estados Unidos, Kamala Harris, a M\u00e9xico, el titular de la SRE inform\u00f3 que llegar\u00e1 al pa\u00eds la noche del lunes 7 de junio.<\/p>\n<p>&nbsp;<\/p>\n<p>El martes 8 ser\u00e1 recibida por el presidente L\u00f3pez Obrador en Palacio Nacional. Posteriormente se reunir\u00e1n las comitivas para tratar distintos temas de la agenda bilateral, entre estos el crecimiento de la inversi\u00f3n en bienestar social en el sur de M\u00e9xico, Guatemala, Honduras y El Salvador con el objetivo de hacer frente al fen\u00f3meno migratorio.<\/p>\n<p>&nbsp;<\/p>\n<p>(Publicada el 04\/06\/2021)<\/p>\n","protected":false},"excerpt":{"rendered":"<p>CIUDAD DE M\u00c9XICO. MX. \u2014 El mill\u00f3n de dosis de la vacuna Johnson &amp; Johnson&#8230;<\/p>\n","protected":false},"author":1,"featured_media":115574,"comment_status":"open","ping_status":"open","sticky":false,"template":"","format":"standard","meta":{"_monsterinsights_skip_tracking":false,"_monsterinsights_sitenote_active":false,"_monsterinsights_sitenote_note":"","_monsterinsights_sitenote_category":0,"footnotes":""},"categories":[5],"tags":[],"class_list":["post"],"yoast_head":" \n<title>Sonora en Equipo. Presidente anuncia fortalecimiento de vacunaci\u00f3n en municipios de la frontera con Estados Unidos Rep\u00fablica<\/title>\n<meta name=\"description\" content=\"CIUDAD DE M\u00c9XICO. MX. \u2014 El mill\u00f3n de dosis de la vacuna Johnson &amp; Johnson que recibir\u00e1 M\u00e9xico por parte de Estados Unidos se aplicar\u00e1 en 40 municipios En Sonora en Equipo publicamos toda la informaci\u00f3n de Sonora, M\u00e9xico y el Mundo de manera oportuna y busca que la libertad de expresi\u00f3n sea real. Visita nuestro medio informativo publicado desde Hermosillo, Sonora. %\" \/>\n<meta name=\"robots\" content=\"index, follow, max-snippet:-1, max-image-preview:large, max-video-preview:-1\" \/>\n<link rel=\"canonical\" href=\"https:\/\/www.sonoraenequipo.com.mx\/presidente-anuncia-fortalecimiento-de-vacunacion-en-municipios-de-la-frontera-con-estados-unidos\/\" \/>\n<meta property=\"og:locale\" content=\"es_ES\" \/>\n<meta property=\"og:type\" content=\"article\" \/>\n<meta property=\"og:title\" content=\"Sonora en Equipo. Presidente anuncia fortalecimiento de vacunaci\u00f3n en municipios de la frontera con Estados Unidos Rep\u00fablica\" \/>\n<meta property=\"og:description\" content=\"CIUDAD DE M\u00c9XICO. MX. \u2014 El mill\u00f3n de dosis de la vacuna Johnson &amp; Johnson que recibir\u00e1 M\u00e9xico por parte de Estados Unidos se aplicar\u00e1 en 40 municipios En Sonora en Equipo publicamos toda la informaci\u00f3n de Sonora, M\u00e9xico y el Mundo de manera oportuna y busca que la libertad de expresi\u00f3n sea real. Visita nuestro medio informativo publicado desde Hermosillo, Sonora. %\" \/>\n<meta property=\"og:url\" content=\"https:\/\/www.sonoraenequipo.com.mx\/presidente-anuncia-fortalecimiento-de-vacunacion-en-municipios-de-la-frontera-con-estados-unidos\/\" \/>\n<meta property=\"og:site_name\" content=\"Sonora en Equipo.\" \/>\n<meta property=\"article:publisher\" content=\"https:\/\/www.facebook.com\/SonoraEE\/\" \/>\n<meta property=\"article:author\" content=\"https:\/\/www.facebook.com\/SonoraEE\" \/>\n<meta property=\"article:published_time\" content=\"2021-06-04T14:57:48+00:00\" \/>\n<meta property=\"article:modified_time\" content=\"2021-06-04T22:22:57+00:00\" \/>\n<meta property=\"og:image\" content=\"https:\/\/www.sonoraenequipo.com.mx\/storage\/2021\/06\/presidente-de-mex.jpg\" \/>\n\t<meta property=\"og:image:width\" content=\"700\" \/>\n\t<meta property=\"og:image:height\" content=\"400\" \/>\n\t<meta property=\"og:image:type\" content=\"image\/jpeg\" \/>\n<meta name=\"author\" content=\"enequipo\" \/>\n<meta name=\"twitter:card\" content=\"summary_large_image\" \/>\n<meta name=\"twitter:creator\" content=\"@sonoraenequipo\" \/>\n<meta name=\"twitter:site\" content=\"@sonoraenequipo\" \/>\n<meta name=\"twitter:label1\" content=\"Escrito por\" \/>\n\t<meta name=\"twitter:data1\" content=\"enequipo\" \/>\n\t<meta name=\"twitter:label2\" content=\"Tiempo de lectura\" \/>\n\t<meta name=\"twitter:data2\" content=\"3 minutos\" \/>\n<script type=\"application\/ld+json\" class=\"yoast-schema-graph\">{\"@context\":\"https:\/\/schema.org\",\"@graph\":[{\"@type\":\"Article\",\"@id\":\"https:\/\/www.sonoraenequipo.com.mx\/presidente-anuncia-fortalecimiento-de-vacunacion-en-municipios-de-la-frontera-con-estados-unidos\/#article\",\"isPartOf\":{\"@id\":\"https:\/\/www.sonoraenequipo.com.mx\/presidente-anuncia-fortalecimiento-de-vacunacion-en-municipios-de-la-frontera-con-estados-unidos\/\"},\"author\":{\"name\":\"enequipo\",\"@id\":\"https:\/\/www.sonoraenequipo.com.mx\/#\/schema\/person\/50102df0fb23a8fa9e8effad8fa81386\"},\"headline\":\"Presidente anuncia fortalecimiento de vacunaci\u00f3n en municipios de la frontera con Estados Unidos\",\"datePublished\":\"2021-06-04T14:57:48+00:00\",\"dateModified\":\"2021-06-04T22:22:57+00:00\",\"mainEntityOfPage\":{\"@id\":\"https:\/\/www.sonoraenequipo.com.mx\/presidente-anuncia-fortalecimiento-de-vacunacion-en-municipios-de-la-frontera-con-estados-unidos\/\"},\"wordCount\":608,\"commentCount\":0,\"publisher\":{\"@id\":\"https:\/\/www.sonoraenequipo.com.mx\/#organization\"},\"image\":{\"@id\":\"https:\/\/www.sonoraenequipo.com.mx\/presidente-anuncia-fortalecimiento-de-vacunacion-en-municipios-de-la-frontera-con-estados-unidos\/#primaryimage\"},\"thumbnailUrl\":\"https:\/\/www.sonoraenequipo.com.mx\/storage\/2021\/06\/presidente-de-mex.jpg\",\"articleSection\":[\"Rep\u00fablica\"],\"inLanguage\":\"es\",\"potentialAction\":[{\"@type\":\"CommentAction\",\"name\":\"Comment\",\"target\":[\"https:\/\/www.sonoraenequipo.com.mx\/presidente-anuncia-fortalecimiento-de-vacunacion-en-municipios-de-la-frontera-con-estados-unidos\/#respond\"]}]},{\"@type\":\"WebPage\",\"@id\":\"https:\/\/www.sonoraenequipo.com.mx\/presidente-anuncia-fortalecimiento-de-vacunacion-en-municipios-de-la-frontera-con-estados-unidos\/\",\"url\":\"https:\/\/www.sonoraenequipo.com.mx\/presidente-anuncia-fortalecimiento-de-vacunacion-en-municipios-de-la-frontera-con-estados-unidos\/\",\"name\":\"Sonora en Equipo. Presidente anuncia fortalecimiento de vacunaci\u00f3n en municipios de la frontera con Estados Unidos Rep\u00fablica\",\"isPartOf\":{\"@id\":\"https:\/\/www.sonoraenequipo.com.mx\/#website\"},\"primaryImageOfPage\":{\"@id\":\"https:\/\/www.sonoraenequipo.com.mx\/presidente-anuncia-fortalecimiento-de-vacunacion-en-municipios-de-la-frontera-con-estados-unidos\/#primaryimage\"},\"image\":{\"@id\":\"https:\/\/www.sonoraenequipo.com.mx\/presidente-anuncia-fortalecimiento-de-vacunacion-en-municipios-de-la-frontera-con-estados-unidos\/#primaryimage\"},\"thumbnailUrl\":\"https:\/\/www.sonoraenequipo.com.mx\/storage\/2021\/06\/presidente-de-mex.jpg\",\"datePublished\":\"2021-06-04T14:57:48+00:00\",\"dateModified\":\"2021-06-04T22:22:57+00:00\",\"description\":\"CIUDAD DE M\u00c9XICO. MX. \u2014 El mill\u00f3n de dosis de la vacuna Johnson &amp; Johnson que recibir\u00e1 M\u00e9xico por parte de Estados Unidos se aplicar\u00e1 en 40 municipios En Sonora en Equipo publicamos toda la informaci\u00f3n de Sonora, M\u00e9xico y el Mundo de manera oportuna y busca que la libertad de expresi\u00f3n sea real. Visita nuestro medio informativo publicado desde Hermosillo, Sonora. %\",\"breadcrumb\":{\"@id\":\"https:\/\/www.sonoraenequipo.com.mx\/presidente-anuncia-fortalecimiento-de-vacunacion-en-municipios-de-la-frontera-con-estados-unidos\/#breadcrumb\"},\"inLanguage\":\"es\",\"potentialAction\":[{\"@type\":\"ReadAction\",\"target\":[\"https:\/\/www.sonoraenequipo.com.mx\/presidente-anuncia-fortalecimiento-de-vacunacion-en-municipios-de-la-frontera-con-estados-unidos\/\"]}]},{\"@type\":\"ImageObject\",\"inLanguage\":\"es\",\"@id\":\"https:\/\/www.sonoraenequipo.com.mx\/presidente-anuncia-fortalecimiento-de-vacunacion-en-municipios-de-la-frontera-con-estados-unidos\/#primaryimage\",\"url\":\"https:\/\/www.sonoraenequipo.com.mx\/storage\/2021\/06\/presidente-de-mex.jpg\",\"contentUrl\":\"https:\/\/www.sonoraenequipo.com.mx\/storage\/2021\/06\/presidente-de-mex.jpg\",\"width\":700,\"height\":400},{\"@type\":\"BreadcrumbList\",\"@id\":\"https:\/\/www.sonoraenequipo.com.mx\/presidente-anuncia-fortalecimiento-de-vacunacion-en-municipios-de-la-frontera-con-estados-unidos\/#breadcrumb\",\"itemListElement\":[{\"@type\":\"ListItem\",\"position\":1,\"name\":\"Portada\",\"item\":\"https:\/\/www.sonoraenequipo.com.mx\/\"},{\"@type\":\"ListItem\",\"position\":2,\"name\":\"Presidente anuncia fortalecimiento de vacunaci\u00f3n en municipios de la frontera con Estados Unidos\"}]},{\"@type\":\"WebSite\",\"@id\":\"https:\/\/www.sonoraenequipo.com.mx\/#website\",\"url\":\"https:\/\/www.sonoraenequipo.com.mx\/\",\"name\":\"Sonora en Equipo.\",\"description\":\"Diario en l\u00ednea con Noticias desde Hermosillo, Sonora\",\"publisher\":{\"@id\":\"https:\/\/www.sonoraenequipo.com.mx\/#organization\"},\"potentialAction\":[{\"@type\":\"SearchAction\",\"target\":{\"@type\":\"EntryPoint\",\"urlTemplate\":\"https:\/\/www.sonoraenequipo.com.mx\/?s={search_term_string}\"},\"query-input\":{\"@type\":\"PropertyValueSpecification\",\"valueRequired\":true,\"valueName\":\"search_term_string\"}}],\"inLanguage\":\"es\"},{\"@type\":\"Organization\",\"@id\":\"https:\/\/www.sonoraenequipo.com.mx\/#organization\",\"name\":\"Sonoraenequipo.com.mx\",\"url\":\"https:\/\/www.sonoraenequipo.com.mx\/\",\"logo\":{\"@type\":\"ImageObject\",\"inLanguage\":\"es\",\"@id\":\"https:\/\/www.sonoraenequipo.com.mx\/#\/schema\/logo\/image\/\",\"url\":\"https:\/\/www.sonoraenequipo.com.mx\/storage\/2019\/01\/sonoraenequipo_opt.png\",\"contentUrl\":\"https:\/\/www.sonoraenequipo.com.mx\/storage\/2019\/01\/sonoraenequipo_opt.png\",\"width\":375,\"height\":125,\"caption\":\"Sonoraenequipo.com.mx\"},\"image\":{\"@id\":\"https:\/\/www.sonoraenequipo.com.mx\/#\/schema\/logo\/image\/\"},\"sameAs\":[\"https:\/\/www.facebook.com\/SonoraEE\/\",\"https:\/\/x.com\/sonoraenequipo\",\"https:\/\/www.youtube.com\/channel\/UC338nW-lPEYmJQs4ZABQ1SQ\"]},{\"@type\":\"Person\",\"@id\":\"https:\/\/www.sonoraenequipo.com.mx\/#\/schema\/person\/50102df0fb23a8fa9e8effad8fa81386\",\"name\":\"enequipo\",\"image\":{\"@type\":\"ImageObject\",\"inLanguage\":\"es\",\"@id\":\"https:\/\/www.sonoraenequipo.com.mx\/#\/schema\/person\/image\/\",\"url\":\"https:\/\/secure.gravatar.com\/avatar\/049821681b589dabc0bc20695993ccebb09f5b5d4d790cd9251b97faac7c652b?s=96&d=blank&r=g\",\"contentUrl\":\"https:\/\/secure.gravatar.com\/avatar\/049821681b589dabc0bc20695993ccebb09f5b5d4d790cd9251b97faac7c652b?s=96&d=blank&r=g\",\"caption\":\"enequipo\"},\"sameAs\":[\"https:\/\/www.facebook.com\/SonoraEE\"]}]}<\/script>\n ","yoast_head_json":{"title":"Sonora en Equipo. Presidente anuncia fortalecimiento de vacunaci\u00f3n en municipios de la frontera con Estados Unidos Rep\u00fablica","description":"CIUDAD DE M\u00c9XICO. MX. \u2014 El mill\u00f3n de dosis de la vacuna Johnson &amp; Johnson que recibir\u00e1 M\u00e9xico por parte de Estados Unidos se aplicar\u00e1 en 40 municipios En Sonora en Equipo publicamos toda la informaci\u00f3n de Sonora, M\u00e9xico y el Mundo de manera oportuna y busca que la libertad de expresi\u00f3n sea real. Visita nuestro medio informativo publicado desde Hermosillo, Sonora. %","robots":{"index":"index","follow":"follow","max-snippet":"max-snippet:-1","max-image-preview":"max-image-preview:large","max-video-preview":"max-video-preview:-1"},"canonical":"https:\/\/www.sonoraenequipo.com.mx\/presidente-anuncia-fortalecimiento-de-vacunacion-en-municipios-de-la-frontera-con-estados-unidos\/","og_locale":"es_ES","og_type":"article","og_title":"Sonora en Equipo. Presidente anuncia fortalecimiento de vacunaci\u00f3n en municipios de la frontera con Estados Unidos Rep\u00fablica","og_description":"CIUDAD DE M\u00c9XICO. MX. \u2014 El mill\u00f3n de dosis de la vacuna Johnson &amp; Johnson que recibir\u00e1 M\u00e9xico por parte de Estados Unidos se aplicar\u00e1 en 40 municipios En Sonora en Equipo publicamos toda la informaci\u00f3n de Sonora, M\u00e9xico y el Mundo de manera oportuna y busca que la libertad de expresi\u00f3n sea real. Visita nuestro medio informativo publicado desde Hermosillo, Sonora. %","og_url":"https:\/\/www.sonoraenequipo.com.mx\/presidente-anuncia-fortalecimiento-de-vacunacion-en-municipios-de-la-frontera-con-estados-unidos\/","og_site_name":"Sonora en Equipo.","article_publisher":"https:\/\/www.facebook.com\/SonoraEE\/","article_author":"https:\/\/www.facebook.com\/SonoraEE","article_published_time":"2021-06-04T14:57:48+00:00","article_modified_time":"2021-06-04T22:22:57+00:00","og_image":[{"width":700,"height":400,"url":"https:\/\/www.sonoraenequipo.com.mx\/storage\/2021\/06\/presidente-de-mex.jpg","type":"image\/jpeg"}],"author":"enequipo","twitter_card":"summary_large_image","twitter_creator":"@sonoraenequipo","twitter_site":"@sonoraenequipo","twitter_misc":{"Escrito por":"enequipo","Tiempo de lectura":"3 minutos"},"schema":{"@context":"https:\/\/schema.org","@graph":[{"@type":"Article","@id":"https:\/\/www.sonoraenequipo.com.mx\/presidente-anuncia-fortalecimiento-de-vacunacion-en-municipios-de-la-frontera-con-estados-unidos\/#article","isPartOf":{"@id":"https:\/\/www.sonoraenequipo.com.mx\/presidente-anuncia-fortalecimiento-de-vacunacion-en-municipios-de-la-frontera-con-estados-unidos\/"},"author":{"name":"enequipo","@id":"https:\/\/www.sonoraenequipo.com.mx\/#\/schema\/person\/50102df0fb23a8fa9e8effad8fa81386"},"headline":"Presidente anuncia fortalecimiento de vacunaci\u00f3n en municipios de la frontera con Estados Unidos","datePublished":"2021-06-04T14:57:48+00:00","dateModified":"2021-06-04T22:22:57+00:00","mainEntityOfPage":{"@id":"https:\/\/www.sonoraenequipo.com.mx\/presidente-anuncia-fortalecimiento-de-vacunacion-en-municipios-de-la-frontera-con-estados-unidos\/"},"wordCount":608,"commentCount":0,"publisher":{"@id":"https:\/\/www.sonoraenequipo.com.mx\/#organization"},"image":{"@id":"https:\/\/www.sonoraenequipo.com.mx\/presidente-anuncia-fortalecimiento-de-vacunacion-en-municipios-de-la-frontera-con-estados-unidos\/#primaryimage"},"thumbnailUrl":"https:\/\/www.sonoraenequipo.com.mx\/storage\/2021\/06\/presidente-de-mex.jpg","articleSection":["Rep\u00fablica"],"inLanguage":"es","potentialAction":[{"@type":"CommentAction","name":"Comment","target":["https:\/\/www.sonoraenequipo.com.mx\/presidente-anuncia-fortalecimiento-de-vacunacion-en-municipios-de-la-frontera-con-estados-unidos\/#respond"]}]},{"@type":"WebPage","@id":"https:\/\/www.sonoraenequipo.com.mx\/presidente-anuncia-fortalecimiento-de-vacunacion-en-municipios-de-la-frontera-con-estados-unidos\/","url":"https:\/\/www.sonoraenequipo.com.mx\/presidente-anuncia-fortalecimiento-de-vacunacion-en-municipios-de-la-frontera-con-estados-unidos\/","name":"Sonora en Equipo. Presidente anuncia fortalecimiento de vacunaci\u00f3n en municipios de la frontera con Estados Unidos Rep\u00fablica","isPartOf":{"@id":"https:\/\/www.sonoraenequipo.com.mx\/#website"},"primaryImageOfPage":{"@id":"https:\/\/www.sonoraenequipo.com.mx\/presidente-anuncia-fortalecimiento-de-vacunacion-en-municipios-de-la-frontera-con-estados-unidos\/#primaryimage"},"image":{"@id":"https:\/\/www.sonoraenequipo.com.mx\/presidente-anuncia-fortalecimiento-de-vacunacion-en-municipios-de-la-frontera-con-estados-unidos\/#primaryimage"},"thumbnailUrl":"https:\/\/www.sonoraenequipo.com.mx\/storage\/2021\/06\/presidente-de-mex.jpg","datePublished":"2021-06-04T14:57:48+00:00","dateModified":"2021-06-04T22:22:57+00:00","description":"CIUDAD DE M\u00c9XICO. MX. \u2014 El mill\u00f3n de dosis de la vacuna Johnson &amp; Johnson que recibir\u00e1 M\u00e9xico por parte de Estados Unidos se aplicar\u00e1 en 40 municipios En Sonora en Equipo publicamos toda la informaci\u00f3n de Sonora, M\u00e9xico y el Mundo de manera oportuna y busca que la libertad de expresi\u00f3n sea real. Visita nuestro medio informativo publicado desde Hermosillo, Sonora. %","breadcrumb":{"@id":"https:\/\/www.sonoraenequipo.com.mx\/presidente-anuncia-fortalecimiento-de-vacunacion-en-municipios-de-la-frontera-con-estados-unidos\/#breadcrumb"},"inLanguage":"es","potentialAction":[{"@type":"ReadAction","target":["https:\/\/www.sonoraenequipo.com.mx\/presidente-anuncia-fortalecimiento-de-vacunacion-en-municipios-de-la-frontera-con-estados-unidos\/"]}]},{"@type":"ImageObject","inLanguage":"es","@id":"https:\/\/www.sonoraenequipo.com.mx\/presidente-anuncia-fortalecimiento-de-vacunacion-en-municipios-de-la-frontera-con-estados-unidos\/#primaryimage","url":"https:\/\/www.sonoraenequipo.com.mx\/storage\/2021\/06\/presidente-de-mex.jpg","contentUrl":"https:\/\/www.sonoraenequipo.com.mx\/storage\/2021\/06\/presidente-de-mex.jpg","width":700,"height":400},{"@type":"BreadcrumbList","@id":"https:\/\/www.sonoraenequipo.com.mx\/presidente-anuncia-fortalecimiento-de-vacunacion-en-municipios-de-la-frontera-con-estados-unidos\/#breadcrumb","itemListElement":[{"@type":"ListItem","position":1,"name":"Portada","item":"https:\/\/www.sonoraenequipo.com.mx\/"},{"@type":"ListItem","position":2,"name":"Presidente anuncia fortalecimiento de vacunaci\u00f3n en municipios de la frontera con Estados Unidos"}]},{"@type":"WebSite","@id":"https:\/\/www.sonoraenequipo.com.mx\/#website","url":"https:\/\/www.sonoraenequipo.com.mx\/","name":"Sonora en Equipo.","description":"Diario en l\u00ednea con Noticias desde Hermosillo, Sonora","publisher":{"@id":"https:\/\/www.sonoraenequipo.com.mx\/#organization"},"potentialAction":[{"@type":"SearchAction","target":{"@type":"EntryPoint","urlTemplate":"https:\/\/www.sonoraenequipo.com.mx\/?s={search_term_string}"},"query-input":{"@type":"PropertyValueSpecification","valueRequired":true,"valueName":"search_term_string"}}],"inLanguage":"es"},{"@type":"Organization","@id":"https:\/\/www.sonoraenequipo.com.mx\/#organization","name":"Sonoraenequipo.com.mx","url":"https:\/\/www.sonoraenequipo.com.mx\/","logo":{"@type":"ImageObject","inLanguage":"es","@id":"https:\/\/www.sonoraenequipo.com.mx\/#\/schema\/logo\/image\/","url":"https:\/\/www.sonoraenequipo.com.mx\/storage\/2019\/01\/sonoraenequipo_opt.png","contentUrl":"https:\/\/www.sonoraenequipo.com.mx\/storage\/2019\/01\/sonoraenequipo_opt.png","width":375,"height":125,"caption":"Sonoraenequipo.com.mx"},"image":{"@id":"https:\/\/www.sonoraenequipo.com.mx\/#\/schema\/logo\/image\/"},"sameAs":["https:\/\/www.facebook.com\/SonoraEE\/","https:\/\/x.com\/sonoraenequipo","https:\/\/www.youtube.com\/channel\/UC338nW-lPEYmJQs4ZABQ1SQ"]},{"@type":"Person","@id":"https:\/\/www.sonoraenequipo.com.mx\/#\/schema\/person\/50102df0fb23a8fa9e8effad8fa81386","name":"enequipo","image":{"@type":"ImageObject","inLanguage":"es","@id":"https:\/\/www.sonoraenequipo.com.mx\/#\/schema\/person\/image\/","url":"https:\/\/secure.gravatar.com\/avatar\/049821681b589dabc0bc20695993ccebb09f5b5d4d790cd9251b97faac7c652b?s=96&d=blank&r=g","contentUrl":"https:\/\/secure.gravatar.com\/avatar\/049821681b589dabc0bc20695993ccebb09f5b5d4d790cd9251b97faac7c652b?s=96&d=blank&r=g","caption":"enequipo"},"sameAs":["https:\/\/www.facebook.com\/SonoraEE"]}]}},"jetpack_featured_media_url":"https:\/\/www.sonoraenequipo.com.mx\/storage\/2021\/06\/presidente-de-mex.jpg","_links":{"self":[{"href":"https:\/\/www.sonoraenequipo.com.mx\/api\/wp\/v2\/posts\/115566","targetHints":{"allow":["GET"]}}],"collection":[{"href":"https:\/\/www.sonoraenequipo.com.mx\/api\/wp\/v2\/posts"}],"about":[{"href":"https:\/\/www.sonoraenequipo.com.mx\/api\/wp\/v2\/types\/post"}],"author":[{"embeddable":true,"href":"https:\/\/www.sonoraenequipo.com.mx\/api\/wp\/v2\/users\/1"}],"replies":[{"embeddable":true,"href":"https:\/\/www.sonoraenequipo.com.mx\/api\/wp\/v2\/comments?post=115566"}],"version-history":[{"count":1,"href":"https:\/\/www.sonoraenequipo.com.mx\/api\/wp\/v2\/posts\/115566\/revisions"}],"predecessor-version":[{"id":115575,"href":"https:\/\/www.sonoraenequipo.com.mx\/api\/wp\/v2\/posts\/115566\/revisions\/115575"}],"wp:featuredmedia":[{"embeddable":true,"href":"https:\/\/www.sonoraenequipo.com.mx\/api\/wp\/v2\/media\/115574"}],"wp:attachment":[{"href":"https:\/\/www.sonoraenequipo.com.mx\/api\/wp\/v2\/media?parent=115566"}],"wp:term":[{"taxonomy":"category","embeddable":true,"href":"https:\/\/www.sonoraenequipo.com.mx\/api\/wp\/v2\/categories?post=115566"},{"taxonomy":"post_tag","embeddable":true,"href":"https:\/\/www.sonoraenequipo.com.mx\/api\/wp\/v2\/tags?post=115566"}],"curies":[{"name":"wp","href":"https:\/\/api.w.org\/{rel}","templated":true}]}}