{"id":115595,"date":"2021-06-04T09:46:36","date_gmt":"2021-06-04T16:46:36","guid":{"rendered":"https:\/\/www.sonoraenequipo.com.mx\/?p=115595"},"modified":"2021-06-04T15:59:42","modified_gmt":"2021-06-04T22:59:42","slug":"socavon-en-puebla-comienza-a-derrumbar-casa-esta-en-riesgo-de-ser-tragada","status":"publish","type":"post","link":"https:\/\/www.sonoraenequipo.com.mx\/socavon-en-puebla-comienza-a-derrumbar-casa-esta-en-riesgo-de-ser-tragada\/","title":{"rendered":"Socav\u00f3n en Puebla comienza a derrumbar casa; est\u00e1 en riesgo de ser &#8216;tragada&#8217;"},"content":{"rendered":"<p>PUEBLA, PUEBLA. MX. \u2014 El socav\u00f3n que apareci\u00f3 en los \u00faltimos d\u00edas en un sembrad\u00edo de la comunidad de Santa Mar\u00eda Zacatepec, en Puebla, empez\u00f3 a tirar la casa que se encuentra en el lugar.<\/p>\n<p>&nbsp;<\/p>\n<p>&nbsp;<\/p>\n<p> <\/p>\n<p>&nbsp;<\/p>\n<p>Durante la madrugada de este viernes se desplom\u00f3 una barda y parte de lo que era una rec\u00e1mara de la vivienda de la familia S\u00e1nchez Xalamiahua.<\/p>\n<p>&nbsp;<\/p>\n<p>&nbsp;<\/p>\n<figure id=\"attachment_115384\" aria-describedby=\"caption-attachment-115384\" style=\"width: 767px\" class=\"wp-caption x-center\"><img loading=\"lazy\" decoding=\"async\" class=\"\" src=\"https:\/\/www.sonoraenequipo.com.mx\/storage\/2021\/06\/socavon-en-puebla_opt.jpg\" alt=\"\" width=\"767\" height=\"438\" \/><figcaption id=\"caption-attachment-115384\" class=\"wp-caption-text\">FOTO: MARIO JASSO\/CUARTOSCURO.COM<\/figcaption><\/figure>\n<p>La vivienda, que est\u00e1 en peligro de ser <em>\u00abtragada\u00bb,<\/em> estaba habitada por cuatro integrantes de la familia S\u00e1nchez Xalamiahua, quienes son originarios de Veracruz y llevaban nueve a\u00f1os viviendo en Puebla.<\/p>\n<p>&nbsp;<\/p>\n<p>&nbsp;<\/p>\n<p>La familia S\u00e1nchez estuvo siete a\u00f1os rentando diferentes viviendas y apenas hace dos a\u00f1os compraron el terreno donde empezaron a construir el inmueble.<\/p>\n<p>&nbsp;<\/p>\n<p>Debido al hundimiento que se present\u00f3 hace casi seis d\u00edas, la familia se fue a vivir a casa de sus compadres, en la misma comunidad de Santa Mar\u00eda Zacatepec.<\/p>\n<p>&nbsp;<\/p>\n<p>El socav\u00f3n inici\u00f3 con un di\u00e1metro de 5 metros y el jueves ya ten\u00eda m\u00e1s de 80, por 29 de profundidad, y sigue creciendo.<\/p>\n<p>&nbsp;<\/p>\n<p>(Publicada el 04\/06\/2021)<\/p>\n","protected":false},"excerpt":{"rendered":"<p>PUEBLA, PUEBLA. MX. \u2014 El socav\u00f3n que apareci\u00f3 en los \u00faltimos d\u00edas en un sembrad\u00edo&#8230;<\/p>\n","protected":false},"author":1,"featured_media":115592,"comment_status":"open","ping_status":"open","sticky":false,"template":"","format":"standard","meta":{"_monsterinsights_skip_tracking":false,"_monsterinsights_sitenote_active":false,"_monsterinsights_sitenote_note":"","_monsterinsights_sitenote_category":0,"footnotes":""},"categories":[5],"tags":[],"class_list":["post"],"yoast_head":" \n<title>Sonora en Equipo. Socav\u00f3n en Puebla comienza a derrumbar casa; est\u00e1 en riesgo de ser &#039;tragada&#039; Rep\u00fablica<\/title>\n<meta name=\"description\" content=\"PUEBLA, PUEBLA. MX. \u2014 El socav\u00f3n que apareci\u00f3 en los \u00faltimos d\u00edas en un sembrad\u00edo de la comunidad de Santa Mar\u00eda Zacatepec, en Puebla, empez\u00f3 a tirar la En Sonora en Equipo publicamos toda la informaci\u00f3n de Sonora, M\u00e9xico y el Mundo de manera oportuna y busca que la libertad de expresi\u00f3n sea real. Visita nuestro medio informativo publicado desde Hermosillo, Sonora. %\" \/>\n<meta name=\"robots\" content=\"index, follow, max-snippet:-1, max-image-preview:large, max-video-preview:-1\" \/>\n<link rel=\"canonical\" href=\"https:\/\/www.sonoraenequipo.com.mx\/socavon-en-puebla-comienza-a-derrumbar-casa-esta-en-riesgo-de-ser-tragada\/\" \/>\n<meta property=\"og:locale\" content=\"es_ES\" \/>\n<meta property=\"og:type\" content=\"article\" \/>\n<meta property=\"og:title\" content=\"Sonora en Equipo. Socav\u00f3n en Puebla comienza a derrumbar casa; est\u00e1 en riesgo de ser &#039;tragada&#039; Rep\u00fablica\" \/>\n<meta property=\"og:description\" content=\"PUEBLA, PUEBLA. MX. \u2014 El socav\u00f3n que apareci\u00f3 en los \u00faltimos d\u00edas en un sembrad\u00edo de la comunidad de Santa Mar\u00eda Zacatepec, en Puebla, empez\u00f3 a tirar la En Sonora en Equipo publicamos toda la informaci\u00f3n de Sonora, M\u00e9xico y el Mundo de manera oportuna y busca que la libertad de expresi\u00f3n sea real. Visita nuestro medio informativo publicado desde Hermosillo, Sonora. %\" \/>\n<meta property=\"og:url\" content=\"https:\/\/www.sonoraenequipo.com.mx\/socavon-en-puebla-comienza-a-derrumbar-casa-esta-en-riesgo-de-ser-tragada\/\" \/>\n<meta property=\"og:site_name\" content=\"Sonora en Equipo.\" \/>\n<meta property=\"article:publisher\" content=\"https:\/\/www.facebook.com\/SonoraEE\/\" \/>\n<meta property=\"article:author\" content=\"https:\/\/www.facebook.com\/SonoraEE\" \/>\n<meta property=\"article:published_time\" content=\"2021-06-04T16:46:36+00:00\" \/>\n<meta property=\"article:modified_time\" content=\"2021-06-04T22:59:42+00:00\" \/>\n<meta property=\"og:image\" content=\"https:\/\/www.sonoraenequipo.com.mx\/storage\/2021\/06\/socabon-en-Puebla_opt.jpg\" \/>\n\t<meta property=\"og:image:width\" content=\"700\" \/>\n\t<meta property=\"og:image:height\" content=\"400\" \/>\n\t<meta property=\"og:image:type\" content=\"image\/jpeg\" \/>\n<meta name=\"author\" content=\"enequipo\" \/>\n<meta name=\"twitter:card\" content=\"summary_large_image\" \/>\n<meta name=\"twitter:creator\" content=\"@sonoraenequipo\" \/>\n<meta name=\"twitter:site\" content=\"@sonoraenequipo\" \/>\n<meta name=\"twitter:label1\" content=\"Escrito por\" \/>\n\t<meta name=\"twitter:data1\" content=\"enequipo\" \/>\n\t<meta name=\"twitter:label2\" content=\"Tiempo de lectura\" \/>\n\t<meta name=\"twitter:data2\" content=\"1 minuto\" \/>\n<script type=\"application\/ld+json\" class=\"yoast-schema-graph\">{\"@context\":\"https:\/\/schema.org\",\"@graph\":[{\"@type\":\"Article\",\"@id\":\"https:\/\/www.sonoraenequipo.com.mx\/socavon-en-puebla-comienza-a-derrumbar-casa-esta-en-riesgo-de-ser-tragada\/#article\",\"isPartOf\":{\"@id\":\"https:\/\/www.sonoraenequipo.com.mx\/socavon-en-puebla-comienza-a-derrumbar-casa-esta-en-riesgo-de-ser-tragada\/\"},\"author\":{\"name\":\"enequipo\",\"@id\":\"https:\/\/www.sonoraenequipo.com.mx\/#\/schema\/person\/50102df0fb23a8fa9e8effad8fa81386\"},\"headline\":\"Socav\u00f3n en Puebla comienza a derrumbar casa; est\u00e1 en riesgo de ser &#8216;tragada&#8217;\",\"datePublished\":\"2021-06-04T16:46:36+00:00\",\"dateModified\":\"2021-06-04T22:59:42+00:00\",\"mainEntityOfPage\":{\"@id\":\"https:\/\/www.sonoraenequipo.com.mx\/socavon-en-puebla-comienza-a-derrumbar-casa-esta-en-riesgo-de-ser-tragada\/\"},\"wordCount\":219,\"commentCount\":0,\"publisher\":{\"@id\":\"https:\/\/www.sonoraenequipo.com.mx\/#organization\"},\"image\":{\"@id\":\"https:\/\/www.sonoraenequipo.com.mx\/socavon-en-puebla-comienza-a-derrumbar-casa-esta-en-riesgo-de-ser-tragada\/#primaryimage\"},\"thumbnailUrl\":\"https:\/\/www.sonoraenequipo.com.mx\/storage\/2021\/06\/socabon-en-Puebla_opt.jpg\",\"articleSection\":[\"Rep\u00fablica\"],\"inLanguage\":\"es\",\"potentialAction\":[{\"@type\":\"CommentAction\",\"name\":\"Comment\",\"target\":[\"https:\/\/www.sonoraenequipo.com.mx\/socavon-en-puebla-comienza-a-derrumbar-casa-esta-en-riesgo-de-ser-tragada\/#respond\"]}]},{\"@type\":\"WebPage\",\"@id\":\"https:\/\/www.sonoraenequipo.com.mx\/socavon-en-puebla-comienza-a-derrumbar-casa-esta-en-riesgo-de-ser-tragada\/\",\"url\":\"https:\/\/www.sonoraenequipo.com.mx\/socavon-en-puebla-comienza-a-derrumbar-casa-esta-en-riesgo-de-ser-tragada\/\",\"name\":\"Sonora en Equipo. Socav\u00f3n en Puebla comienza a derrumbar casa; est\u00e1 en riesgo de ser 'tragada' Rep\u00fablica\",\"isPartOf\":{\"@id\":\"https:\/\/www.sonoraenequipo.com.mx\/#website\"},\"primaryImageOfPage\":{\"@id\":\"https:\/\/www.sonoraenequipo.com.mx\/socavon-en-puebla-comienza-a-derrumbar-casa-esta-en-riesgo-de-ser-tragada\/#primaryimage\"},\"image\":{\"@id\":\"https:\/\/www.sonoraenequipo.com.mx\/socavon-en-puebla-comienza-a-derrumbar-casa-esta-en-riesgo-de-ser-tragada\/#primaryimage\"},\"thumbnailUrl\":\"https:\/\/www.sonoraenequipo.com.mx\/storage\/2021\/06\/socabon-en-Puebla_opt.jpg\",\"datePublished\":\"2021-06-04T16:46:36+00:00\",\"dateModified\":\"2021-06-04T22:59:42+00:00\",\"description\":\"PUEBLA, PUEBLA. MX. \u2014 El socav\u00f3n que apareci\u00f3 en los \u00faltimos d\u00edas en un sembrad\u00edo de la comunidad de Santa Mar\u00eda Zacatepec, en Puebla, empez\u00f3 a tirar la En Sonora en Equipo publicamos toda la informaci\u00f3n de Sonora, M\u00e9xico y el Mundo de manera oportuna y busca que la libertad de expresi\u00f3n sea real. Visita nuestro medio informativo publicado desde Hermosillo, Sonora. %\",\"breadcrumb\":{\"@id\":\"https:\/\/www.sonoraenequipo.com.mx\/socavon-en-puebla-comienza-a-derrumbar-casa-esta-en-riesgo-de-ser-tragada\/#breadcrumb\"},\"inLanguage\":\"es\",\"potentialAction\":[{\"@type\":\"ReadAction\",\"target\":[\"https:\/\/www.sonoraenequipo.com.mx\/socavon-en-puebla-comienza-a-derrumbar-casa-esta-en-riesgo-de-ser-tragada\/\"]}]},{\"@type\":\"ImageObject\",\"inLanguage\":\"es\",\"@id\":\"https:\/\/www.sonoraenequipo.com.mx\/socavon-en-puebla-comienza-a-derrumbar-casa-esta-en-riesgo-de-ser-tragada\/#primaryimage\",\"url\":\"https:\/\/www.sonoraenequipo.com.mx\/storage\/2021\/06\/socabon-en-Puebla_opt.jpg\",\"contentUrl\":\"https:\/\/www.sonoraenequipo.com.mx\/storage\/2021\/06\/socabon-en-Puebla_opt.jpg\",\"width\":700,\"height\":400},{\"@type\":\"BreadcrumbList\",\"@id\":\"https:\/\/www.sonoraenequipo.com.mx\/socavon-en-puebla-comienza-a-derrumbar-casa-esta-en-riesgo-de-ser-tragada\/#breadcrumb\",\"itemListElement\":[{\"@type\":\"ListItem\",\"position\":1,\"name\":\"Portada\",\"item\":\"https:\/\/www.sonoraenequipo.com.mx\/\"},{\"@type\":\"ListItem\",\"position\":2,\"name\":\"Socav\u00f3n en Puebla comienza a derrumbar casa; est\u00e1 en riesgo de ser &#8216;tragada&#8217;\"}]},{\"@type\":\"WebSite\",\"@id\":\"https:\/\/www.sonoraenequipo.com.mx\/#website\",\"url\":\"https:\/\/www.sonoraenequipo.com.mx\/\",\"name\":\"Sonora en Equipo.\",\"description\":\"Diario en l\u00ednea con Noticias desde Hermosillo, Sonora\",\"publisher\":{\"@id\":\"https:\/\/www.sonoraenequipo.com.mx\/#organization\"},\"potentialAction\":[{\"@type\":\"SearchAction\",\"target\":{\"@type\":\"EntryPoint\",\"urlTemplate\":\"https:\/\/www.sonoraenequipo.com.mx\/?s={search_term_string}\"},\"query-input\":{\"@type\":\"PropertyValueSpecification\",\"valueRequired\":true,\"valueName\":\"search_term_string\"}}],\"inLanguage\":\"es\"},{\"@type\":\"Organization\",\"@id\":\"https:\/\/www.sonoraenequipo.com.mx\/#organization\",\"name\":\"Sonoraenequipo.com.mx\",\"url\":\"https:\/\/www.sonoraenequipo.com.mx\/\",\"logo\":{\"@type\":\"ImageObject\",\"inLanguage\":\"es\",\"@id\":\"https:\/\/www.sonoraenequipo.com.mx\/#\/schema\/logo\/image\/\",\"url\":\"https:\/\/www.sonoraenequipo.com.mx\/storage\/2019\/01\/sonoraenequipo_opt.png\",\"contentUrl\":\"https:\/\/www.sonoraenequipo.com.mx\/storage\/2019\/01\/sonoraenequipo_opt.png\",\"width\":375,\"height\":125,\"caption\":\"Sonoraenequipo.com.mx\"},\"image\":{\"@id\":\"https:\/\/www.sonoraenequipo.com.mx\/#\/schema\/logo\/image\/\"},\"sameAs\":[\"https:\/\/www.facebook.com\/SonoraEE\/\",\"https:\/\/x.com\/sonoraenequipo\",\"https:\/\/www.youtube.com\/channel\/UC338nW-lPEYmJQs4ZABQ1SQ\"]},{\"@type\":\"Person\",\"@id\":\"https:\/\/www.sonoraenequipo.com.mx\/#\/schema\/person\/50102df0fb23a8fa9e8effad8fa81386\",\"name\":\"enequipo\",\"image\":{\"@type\":\"ImageObject\",\"inLanguage\":\"es\",\"@id\":\"https:\/\/www.sonoraenequipo.com.mx\/#\/schema\/person\/image\/\",\"url\":\"https:\/\/secure.gravatar.com\/avatar\/049821681b589dabc0bc20695993ccebb09f5b5d4d790cd9251b97faac7c652b?s=96&d=blank&r=g\",\"contentUrl\":\"https:\/\/secure.gravatar.com\/avatar\/049821681b589dabc0bc20695993ccebb09f5b5d4d790cd9251b97faac7c652b?s=96&d=blank&r=g\",\"caption\":\"enequipo\"},\"sameAs\":[\"https:\/\/www.facebook.com\/SonoraEE\"]}]}<\/script>\n ","yoast_head_json":{"title":"Sonora en Equipo. Socav\u00f3n en Puebla comienza a derrumbar casa; est\u00e1 en riesgo de ser 'tragada' Rep\u00fablica","description":"PUEBLA, PUEBLA. MX. \u2014 El socav\u00f3n que apareci\u00f3 en los \u00faltimos d\u00edas en un sembrad\u00edo de la comunidad de Santa Mar\u00eda Zacatepec, en Puebla, empez\u00f3 a tirar la En Sonora en Equipo publicamos toda la informaci\u00f3n de Sonora, M\u00e9xico y el Mundo de manera oportuna y busca que la libertad de expresi\u00f3n sea real. Visita nuestro medio informativo publicado desde Hermosillo, Sonora. %","robots":{"index":"index","follow":"follow","max-snippet":"max-snippet:-1","max-image-preview":"max-image-preview:large","max-video-preview":"max-video-preview:-1"},"canonical":"https:\/\/www.sonoraenequipo.com.mx\/socavon-en-puebla-comienza-a-derrumbar-casa-esta-en-riesgo-de-ser-tragada\/","og_locale":"es_ES","og_type":"article","og_title":"Sonora en Equipo. Socav\u00f3n en Puebla comienza a derrumbar casa; est\u00e1 en riesgo de ser 'tragada' Rep\u00fablica","og_description":"PUEBLA, PUEBLA. MX. \u2014 El socav\u00f3n que apareci\u00f3 en los \u00faltimos d\u00edas en un sembrad\u00edo de la comunidad de Santa Mar\u00eda Zacatepec, en Puebla, empez\u00f3 a tirar la En Sonora en Equipo publicamos toda la informaci\u00f3n de Sonora, M\u00e9xico y el Mundo de manera oportuna y busca que la libertad de expresi\u00f3n sea real. Visita nuestro medio informativo publicado desde Hermosillo, Sonora. %","og_url":"https:\/\/www.sonoraenequipo.com.mx\/socavon-en-puebla-comienza-a-derrumbar-casa-esta-en-riesgo-de-ser-tragada\/","og_site_name":"Sonora en Equipo.","article_publisher":"https:\/\/www.facebook.com\/SonoraEE\/","article_author":"https:\/\/www.facebook.com\/SonoraEE","article_published_time":"2021-06-04T16:46:36+00:00","article_modified_time":"2021-06-04T22:59:42+00:00","og_image":[{"width":700,"height":400,"url":"https:\/\/www.sonoraenequipo.com.mx\/storage\/2021\/06\/socabon-en-Puebla_opt.jpg","type":"image\/jpeg"}],"author":"enequipo","twitter_card":"summary_large_image","twitter_creator":"@sonoraenequipo","twitter_site":"@sonoraenequipo","twitter_misc":{"Escrito por":"enequipo","Tiempo de lectura":"1 minuto"},"schema":{"@context":"https:\/\/schema.org","@graph":[{"@type":"Article","@id":"https:\/\/www.sonoraenequipo.com.mx\/socavon-en-puebla-comienza-a-derrumbar-casa-esta-en-riesgo-de-ser-tragada\/#article","isPartOf":{"@id":"https:\/\/www.sonoraenequipo.com.mx\/socavon-en-puebla-comienza-a-derrumbar-casa-esta-en-riesgo-de-ser-tragada\/"},"author":{"name":"enequipo","@id":"https:\/\/www.sonoraenequipo.com.mx\/#\/schema\/person\/50102df0fb23a8fa9e8effad8fa81386"},"headline":"Socav\u00f3n en Puebla comienza a derrumbar casa; est\u00e1 en riesgo de ser &#8216;tragada&#8217;","datePublished":"2021-06-04T16:46:36+00:00","dateModified":"2021-06-04T22:59:42+00:00","mainEntityOfPage":{"@id":"https:\/\/www.sonoraenequipo.com.mx\/socavon-en-puebla-comienza-a-derrumbar-casa-esta-en-riesgo-de-ser-tragada\/"},"wordCount":219,"commentCount":0,"publisher":{"@id":"https:\/\/www.sonoraenequipo.com.mx\/#organization"},"image":{"@id":"https:\/\/www.sonoraenequipo.com.mx\/socavon-en-puebla-comienza-a-derrumbar-casa-esta-en-riesgo-de-ser-tragada\/#primaryimage"},"thumbnailUrl":"https:\/\/www.sonoraenequipo.com.mx\/storage\/2021\/06\/socabon-en-Puebla_opt.jpg","articleSection":["Rep\u00fablica"],"inLanguage":"es","potentialAction":[{"@type":"CommentAction","name":"Comment","target":["https:\/\/www.sonoraenequipo.com.mx\/socavon-en-puebla-comienza-a-derrumbar-casa-esta-en-riesgo-de-ser-tragada\/#respond"]}]},{"@type":"WebPage","@id":"https:\/\/www.sonoraenequipo.com.mx\/socavon-en-puebla-comienza-a-derrumbar-casa-esta-en-riesgo-de-ser-tragada\/","url":"https:\/\/www.sonoraenequipo.com.mx\/socavon-en-puebla-comienza-a-derrumbar-casa-esta-en-riesgo-de-ser-tragada\/","name":"Sonora en Equipo. Socav\u00f3n en Puebla comienza a derrumbar casa; est\u00e1 en riesgo de ser 'tragada' Rep\u00fablica","isPartOf":{"@id":"https:\/\/www.sonoraenequipo.com.mx\/#website"},"primaryImageOfPage":{"@id":"https:\/\/www.sonoraenequipo.com.mx\/socavon-en-puebla-comienza-a-derrumbar-casa-esta-en-riesgo-de-ser-tragada\/#primaryimage"},"image":{"@id":"https:\/\/www.sonoraenequipo.com.mx\/socavon-en-puebla-comienza-a-derrumbar-casa-esta-en-riesgo-de-ser-tragada\/#primaryimage"},"thumbnailUrl":"https:\/\/www.sonoraenequipo.com.mx\/storage\/2021\/06\/socabon-en-Puebla_opt.jpg","datePublished":"2021-06-04T16:46:36+00:00","dateModified":"2021-06-04T22:59:42+00:00","description":"PUEBLA, PUEBLA. MX. \u2014 El socav\u00f3n que apareci\u00f3 en los \u00faltimos d\u00edas en un sembrad\u00edo de la comunidad de Santa Mar\u00eda Zacatepec, en Puebla, empez\u00f3 a tirar la En Sonora en Equipo publicamos toda la informaci\u00f3n de Sonora, M\u00e9xico y el Mundo de manera oportuna y busca que la libertad de expresi\u00f3n sea real. Visita nuestro medio informativo publicado desde Hermosillo, Sonora. %","breadcrumb":{"@id":"https:\/\/www.sonoraenequipo.com.mx\/socavon-en-puebla-comienza-a-derrumbar-casa-esta-en-riesgo-de-ser-tragada\/#breadcrumb"},"inLanguage":"es","potentialAction":[{"@type":"ReadAction","target":["https:\/\/www.sonoraenequipo.com.mx\/socavon-en-puebla-comienza-a-derrumbar-casa-esta-en-riesgo-de-ser-tragada\/"]}]},{"@type":"ImageObject","inLanguage":"es","@id":"https:\/\/www.sonoraenequipo.com.mx\/socavon-en-puebla-comienza-a-derrumbar-casa-esta-en-riesgo-de-ser-tragada\/#primaryimage","url":"https:\/\/www.sonoraenequipo.com.mx\/storage\/2021\/06\/socabon-en-Puebla_opt.jpg","contentUrl":"https:\/\/www.sonoraenequipo.com.mx\/storage\/2021\/06\/socabon-en-Puebla_opt.jpg","width":700,"height":400},{"@type":"BreadcrumbList","@id":"https:\/\/www.sonoraenequipo.com.mx\/socavon-en-puebla-comienza-a-derrumbar-casa-esta-en-riesgo-de-ser-tragada\/#breadcrumb","itemListElement":[{"@type":"ListItem","position":1,"name":"Portada","item":"https:\/\/www.sonoraenequipo.com.mx\/"},{"@type":"ListItem","position":2,"name":"Socav\u00f3n en Puebla comienza a derrumbar casa; est\u00e1 en riesgo de ser &#8216;tragada&#8217;"}]},{"@type":"WebSite","@id":"https:\/\/www.sonoraenequipo.com.mx\/#website","url":"https:\/\/www.sonoraenequipo.com.mx\/","name":"Sonora en Equipo.","description":"Diario en l\u00ednea con Noticias desde Hermosillo, Sonora","publisher":{"@id":"https:\/\/www.sonoraenequipo.com.mx\/#organization"},"potentialAction":[{"@type":"SearchAction","target":{"@type":"EntryPoint","urlTemplate":"https:\/\/www.sonoraenequipo.com.mx\/?s={search_term_string}"},"query-input":{"@type":"PropertyValueSpecification","valueRequired":true,"valueName":"search_term_string"}}],"inLanguage":"es"},{"@type":"Organization","@id":"https:\/\/www.sonoraenequipo.com.mx\/#organization","name":"Sonoraenequipo.com.mx","url":"https:\/\/www.sonoraenequipo.com.mx\/","logo":{"@type":"ImageObject","inLanguage":"es","@id":"https:\/\/www.sonoraenequipo.com.mx\/#\/schema\/logo\/image\/","url":"https:\/\/www.sonoraenequipo.com.mx\/storage\/2019\/01\/sonoraenequipo_opt.png","contentUrl":"https:\/\/www.sonoraenequipo.com.mx\/storage\/2019\/01\/sonoraenequipo_opt.png","width":375,"height":125,"caption":"Sonoraenequipo.com.mx"},"image":{"@id":"https:\/\/www.sonoraenequipo.com.mx\/#\/schema\/logo\/image\/"},"sameAs":["https:\/\/www.facebook.com\/SonoraEE\/","https:\/\/x.com\/sonoraenequipo","https:\/\/www.youtube.com\/channel\/UC338nW-lPEYmJQs4ZABQ1SQ"]},{"@type":"Person","@id":"https:\/\/www.sonoraenequipo.com.mx\/#\/schema\/person\/50102df0fb23a8fa9e8effad8fa81386","name":"enequipo","image":{"@type":"ImageObject","inLanguage":"es","@id":"https:\/\/www.sonoraenequipo.com.mx\/#\/schema\/person\/image\/","url":"https:\/\/secure.gravatar.com\/avatar\/049821681b589dabc0bc20695993ccebb09f5b5d4d790cd9251b97faac7c652b?s=96&d=blank&r=g","contentUrl":"https:\/\/secure.gravatar.com\/avatar\/049821681b589dabc0bc20695993ccebb09f5b5d4d790cd9251b97faac7c652b?s=96&d=blank&r=g","caption":"enequipo"},"sameAs":["https:\/\/www.facebook.com\/SonoraEE"]}]}},"jetpack_featured_media_url":"https:\/\/www.sonoraenequipo.com.mx\/storage\/2021\/06\/socabon-en-Puebla_opt.jpg","_links":{"self":[{"href":"https:\/\/www.sonoraenequipo.com.mx\/api\/wp\/v2\/posts\/115595","targetHints":{"allow":["GET"]}}],"collection":[{"href":"https:\/\/www.sonoraenequipo.com.mx\/api\/wp\/v2\/posts"}],"about":[{"href":"https:\/\/www.sonoraenequipo.com.mx\/api\/wp\/v2\/types\/post"}],"author":[{"embeddable":true,"href":"https:\/\/www.sonoraenequipo.com.mx\/api\/wp\/v2\/users\/1"}],"replies":[{"embeddable":true,"href":"https:\/\/www.sonoraenequipo.com.mx\/api\/wp\/v2\/comments?post=115595"}],"version-history":[{"count":1,"href":"https:\/\/www.sonoraenequipo.com.mx\/api\/wp\/v2\/posts\/115595\/revisions"}],"predecessor-version":[{"id":115596,"href":"https:\/\/www.sonoraenequipo.com.mx\/api\/wp\/v2\/posts\/115595\/revisions\/115596"}],"wp:featuredmedia":[{"embeddable":true,"href":"https:\/\/www.sonoraenequipo.com.mx\/api\/wp\/v2\/media\/115592"}],"wp:attachment":[{"href":"https:\/\/www.sonoraenequipo.com.mx\/api\/wp\/v2\/media?parent=115595"}],"wp:term":[{"taxonomy":"category","embeddable":true,"href":"https:\/\/www.sonoraenequipo.com.mx\/api\/wp\/v2\/categories?post=115595"},{"taxonomy":"post_tag","embeddable":true,"href":"https:\/\/www.sonoraenequipo.com.mx\/api\/wp\/v2\/tags?post=115595"}],"curies":[{"name":"wp","href":"https:\/\/api.w.org\/{rel}","templated":true}]}}