{"id":115598,"date":"2021-06-04T16:13:30","date_gmt":"2021-06-04T23:13:30","guid":{"rendered":"https:\/\/www.sonoraenequipo.com.mx\/?p=115598"},"modified":"2021-06-04T16:13:30","modified_gmt":"2021-06-04T23:13:30","slug":"invita-ssp-a-sonorenses-a-registrar-sus-vehiculos-en-el-repuve","status":"publish","type":"post","link":"https:\/\/www.sonoraenequipo.com.mx\/invita-ssp-a-sonorenses-a-registrar-sus-vehiculos-en-el-repuve\/","title":{"rendered":"Invita SSP a sonorenses a registrar sus veh\u00edculos en el Repuve"},"content":{"rendered":"<p>\u25baEl Registro P\u00fablico Vehicular cuenta con m\u00f3dulos fijos en Hermosillo, Cajeme y Navojoa y el m\u00f3dulo m\u00f3vil recorre municipios para acercar este beneficio<\/p>\n<p>Hermosillo, Sonora; junio 4 de 2021. Un promedio de 30 autom\u00f3viles acuden diariamente a los m\u00f3dulos fijos en Hermosillo, Cajeme y Navojoa del Registro P\u00fablico Vehicular (Repuve) de la Secretar\u00eda de Seguridad P\u00fablica (SSP) de Sonora, para inscribirse y tener m\u00e1s posibilidad de recuperarlo en caso de robo.<\/p>\n<p>&nbsp;<\/p>\n<p>El director del Repuve en el estado, Aldo Durazo Bejarano, refiri\u00f3 que uno de los principales beneficios para los ciudadanos de contar con este registro, ya que de ser objeto de robo, existe m\u00e1s posibilidad de recuperarlo, mediante la tecnolog\u00eda del Centro de Control, Comando, Comunicaci\u00f3n, Coordinaci\u00f3n e Inteligencia (C5i).<\/p>\n<p>&nbsp;<\/p>\n<p>Expuso que, en caso de robo, se recomienda a los propietarios marcar a la l\u00ednea de emergencias 9-1-1 y realizar la pre denuncia, posteriormente, se activa el holograma que se le coloc\u00f3 previamente al autom\u00f3vil y al pasar por una de las antenas con las que se cuenta en todo el estado, este manda la alerta y ubicaci\u00f3n activando el C\u00f3digo Rojo, alertando a todas las corporaciones de Seguridad p\u00fablica.<\/p>\n<p>&nbsp;<\/p>\n<p>Otros de los beneficios de contar con el Repuve, dijo, es que se realiza una revisi\u00f3n exhaustiva f\u00edsica y documentalmente del veh\u00edculo para verificar que no tenga alteraciones en el n\u00famero de serie y, sobre todo, que no cuente con reporte de robo a nivel nacional.<\/p>\n<p>&nbsp;<\/p>\n<p>A las y los interesados, inform\u00f3 que el proceso es totalmente gratuito y los requisitos para registrar su autom\u00f3vil son: factura, tarjeta de circulaci\u00f3n, comprobante de domicilio y una identificaci\u00f3n oficial, dicha documentaci\u00f3n se resguarda en Plataforma M\u00e9xico.<\/p>\n<p>&nbsp;<\/p>\n<p>Durazo Bejarano indic\u00f3 que el Repuve cuenta con m\u00f3dulos fijos en Hermosillo (CUM y Parque Industrial), Cajeme y Navojoa (en las oficinas de las Agencias Fiscales), adem\u00e1s del m\u00f3dulo m\u00f3vil que se traslada al resto de los municipios para acercar este importante beneficio para la protecci\u00f3n del patrimonio familiar.<\/p>\n<p>Fecha de Publicaci\u00f3n\u00a0\u00a0 viernes\u00a0 \/ 4\u00a0 \/ junio \/ 2021<\/p>\n","protected":false},"excerpt":{"rendered":"<p>\u25baEl Registro P\u00fablico Vehicular cuenta con m\u00f3dulos fijos en Hermosillo, Cajeme y Navojoa y el&#8230;<\/p>\n","protected":false},"author":1,"featured_media":115599,"comment_status":"open","ping_status":"open","sticky":false,"template":"","format":"standard","meta":{"_monsterinsights_skip_tracking":false,"_monsterinsights_sitenote_active":false,"_monsterinsights_sitenote_note":"","_monsterinsights_sitenote_category":0,"footnotes":""},"categories":[22],"tags":[5768],"class_list":["post"],"yoast_head":" \n<title>Sonora en Equipo. Invita SSP a sonorenses a registrar sus veh\u00edculos en el Repuve Sonora<\/title>\n<meta name=\"description\" content=\"\u25baEl Registro P\u00fablico Vehicular cuenta con m\u00f3dulos fijos en Hermosillo, Cajeme y Navojoa y el m\u00f3dulo m\u00f3vil recorre municipios para acercar este beneficio En Sonora en Equipo publicamos toda la informaci\u00f3n de Sonora, M\u00e9xico y el Mundo de manera oportuna y busca que la libertad de expresi\u00f3n sea real. Visita nuestro medio informativo publicado desde Hermosillo, Sonora. %\" \/>\n<meta name=\"robots\" content=\"index, follow, max-snippet:-1, max-image-preview:large, max-video-preview:-1\" \/>\n<link rel=\"canonical\" href=\"https:\/\/www.sonoraenequipo.com.mx\/invita-ssp-a-sonorenses-a-registrar-sus-vehiculos-en-el-repuve\/\" \/>\n<meta property=\"og:locale\" content=\"es_ES\" \/>\n<meta property=\"og:type\" content=\"article\" \/>\n<meta property=\"og:title\" content=\"Sonora en Equipo. Invita SSP a sonorenses a registrar sus veh\u00edculos en el Repuve Sonora\" \/>\n<meta property=\"og:description\" content=\"\u25baEl Registro P\u00fablico Vehicular cuenta con m\u00f3dulos fijos en Hermosillo, Cajeme y Navojoa y el m\u00f3dulo m\u00f3vil recorre municipios para acercar este beneficio En Sonora en Equipo publicamos toda la informaci\u00f3n de Sonora, M\u00e9xico y el Mundo de manera oportuna y busca que la libertad de expresi\u00f3n sea real. Visita nuestro medio informativo publicado desde Hermosillo, Sonora. %\" \/>\n<meta property=\"og:url\" content=\"https:\/\/www.sonoraenequipo.com.mx\/invita-ssp-a-sonorenses-a-registrar-sus-vehiculos-en-el-repuve\/\" \/>\n<meta property=\"og:site_name\" content=\"Sonora en Equipo.\" \/>\n<meta property=\"article:publisher\" content=\"https:\/\/www.facebook.com\/SonoraEE\/\" \/>\n<meta property=\"article:author\" content=\"https:\/\/www.facebook.com\/SonoraEE\" \/>\n<meta property=\"article:published_time\" content=\"2021-06-04T23:13:30+00:00\" \/>\n<meta property=\"og:image\" content=\"https:\/\/www.sonoraenequipo.com.mx\/storage\/2021\/06\/repuve.jpg\" \/>\n\t<meta property=\"og:image:width\" content=\"700\" \/>\n\t<meta property=\"og:image:height\" content=\"400\" \/>\n\t<meta property=\"og:image:type\" content=\"image\/jpeg\" \/>\n<meta name=\"author\" content=\"enequipo\" \/>\n<meta name=\"twitter:card\" content=\"summary_large_image\" \/>\n<meta name=\"twitter:creator\" content=\"@sonoraenequipo\" \/>\n<meta name=\"twitter:site\" content=\"@sonoraenequipo\" \/>\n<meta name=\"twitter:label1\" content=\"Escrito por\" \/>\n\t<meta name=\"twitter:data1\" content=\"enequipo\" \/>\n\t<meta name=\"twitter:label2\" content=\"Tiempo de lectura\" \/>\n\t<meta name=\"twitter:data2\" content=\"2 minutos\" \/>\n<script type=\"application\/ld+json\" class=\"yoast-schema-graph\">{\"@context\":\"https:\/\/schema.org\",\"@graph\":[{\"@type\":\"Article\",\"@id\":\"https:\/\/www.sonoraenequipo.com.mx\/invita-ssp-a-sonorenses-a-registrar-sus-vehiculos-en-el-repuve\/#article\",\"isPartOf\":{\"@id\":\"https:\/\/www.sonoraenequipo.com.mx\/invita-ssp-a-sonorenses-a-registrar-sus-vehiculos-en-el-repuve\/\"},\"author\":{\"name\":\"enequipo\",\"@id\":\"https:\/\/www.sonoraenequipo.com.mx\/#\/schema\/person\/50102df0fb23a8fa9e8effad8fa81386\"},\"headline\":\"Invita SSP a sonorenses a registrar sus veh\u00edculos en el Repuve\",\"datePublished\":\"2021-06-04T23:13:30+00:00\",\"mainEntityOfPage\":{\"@id\":\"https:\/\/www.sonoraenequipo.com.mx\/invita-ssp-a-sonorenses-a-registrar-sus-vehiculos-en-el-repuve\/\"},\"wordCount\":379,\"commentCount\":0,\"publisher\":{\"@id\":\"https:\/\/www.sonoraenequipo.com.mx\/#organization\"},\"image\":{\"@id\":\"https:\/\/www.sonoraenequipo.com.mx\/invita-ssp-a-sonorenses-a-registrar-sus-vehiculos-en-el-repuve\/#primaryimage\"},\"thumbnailUrl\":\"https:\/\/www.sonoraenequipo.com.mx\/storage\/2021\/06\/repuve.jpg\",\"keywords\":[\"repuve\"],\"articleSection\":[\"Sonora\"],\"inLanguage\":\"es\",\"potentialAction\":[{\"@type\":\"CommentAction\",\"name\":\"Comment\",\"target\":[\"https:\/\/www.sonoraenequipo.com.mx\/invita-ssp-a-sonorenses-a-registrar-sus-vehiculos-en-el-repuve\/#respond\"]}]},{\"@type\":\"WebPage\",\"@id\":\"https:\/\/www.sonoraenequipo.com.mx\/invita-ssp-a-sonorenses-a-registrar-sus-vehiculos-en-el-repuve\/\",\"url\":\"https:\/\/www.sonoraenequipo.com.mx\/invita-ssp-a-sonorenses-a-registrar-sus-vehiculos-en-el-repuve\/\",\"name\":\"Sonora en Equipo. Invita SSP a sonorenses a registrar sus veh\u00edculos en el Repuve Sonora\",\"isPartOf\":{\"@id\":\"https:\/\/www.sonoraenequipo.com.mx\/#website\"},\"primaryImageOfPage\":{\"@id\":\"https:\/\/www.sonoraenequipo.com.mx\/invita-ssp-a-sonorenses-a-registrar-sus-vehiculos-en-el-repuve\/#primaryimage\"},\"image\":{\"@id\":\"https:\/\/www.sonoraenequipo.com.mx\/invita-ssp-a-sonorenses-a-registrar-sus-vehiculos-en-el-repuve\/#primaryimage\"},\"thumbnailUrl\":\"https:\/\/www.sonoraenequipo.com.mx\/storage\/2021\/06\/repuve.jpg\",\"datePublished\":\"2021-06-04T23:13:30+00:00\",\"description\":\"\u25baEl Registro P\u00fablico Vehicular cuenta con m\u00f3dulos fijos en Hermosillo, Cajeme y Navojoa y el m\u00f3dulo m\u00f3vil recorre municipios para acercar este beneficio En Sonora en Equipo publicamos toda la informaci\u00f3n de Sonora, M\u00e9xico y el Mundo de manera oportuna y busca que la libertad de expresi\u00f3n sea real. Visita nuestro medio informativo publicado desde Hermosillo, Sonora. %\",\"breadcrumb\":{\"@id\":\"https:\/\/www.sonoraenequipo.com.mx\/invita-ssp-a-sonorenses-a-registrar-sus-vehiculos-en-el-repuve\/#breadcrumb\"},\"inLanguage\":\"es\",\"potentialAction\":[{\"@type\":\"ReadAction\",\"target\":[\"https:\/\/www.sonoraenequipo.com.mx\/invita-ssp-a-sonorenses-a-registrar-sus-vehiculos-en-el-repuve\/\"]}]},{\"@type\":\"ImageObject\",\"inLanguage\":\"es\",\"@id\":\"https:\/\/www.sonoraenequipo.com.mx\/invita-ssp-a-sonorenses-a-registrar-sus-vehiculos-en-el-repuve\/#primaryimage\",\"url\":\"https:\/\/www.sonoraenequipo.com.mx\/storage\/2021\/06\/repuve.jpg\",\"contentUrl\":\"https:\/\/www.sonoraenequipo.com.mx\/storage\/2021\/06\/repuve.jpg\",\"width\":700,\"height\":400},{\"@type\":\"BreadcrumbList\",\"@id\":\"https:\/\/www.sonoraenequipo.com.mx\/invita-ssp-a-sonorenses-a-registrar-sus-vehiculos-en-el-repuve\/#breadcrumb\",\"itemListElement\":[{\"@type\":\"ListItem\",\"position\":1,\"name\":\"Portada\",\"item\":\"https:\/\/www.sonoraenequipo.com.mx\/\"},{\"@type\":\"ListItem\",\"position\":2,\"name\":\"Invita SSP a sonorenses a registrar sus veh\u00edculos en el Repuve\"}]},{\"@type\":\"WebSite\",\"@id\":\"https:\/\/www.sonoraenequipo.com.mx\/#website\",\"url\":\"https:\/\/www.sonoraenequipo.com.mx\/\",\"name\":\"Sonora en Equipo.\",\"description\":\"Diario en l\u00ednea con Noticias desde Hermosillo, Sonora\",\"publisher\":{\"@id\":\"https:\/\/www.sonoraenequipo.com.mx\/#organization\"},\"potentialAction\":[{\"@type\":\"SearchAction\",\"target\":{\"@type\":\"EntryPoint\",\"urlTemplate\":\"https:\/\/www.sonoraenequipo.com.mx\/?s={search_term_string}\"},\"query-input\":{\"@type\":\"PropertyValueSpecification\",\"valueRequired\":true,\"valueName\":\"search_term_string\"}}],\"inLanguage\":\"es\"},{\"@type\":\"Organization\",\"@id\":\"https:\/\/www.sonoraenequipo.com.mx\/#organization\",\"name\":\"Sonoraenequipo.com.mx\",\"url\":\"https:\/\/www.sonoraenequipo.com.mx\/\",\"logo\":{\"@type\":\"ImageObject\",\"inLanguage\":\"es\",\"@id\":\"https:\/\/www.sonoraenequipo.com.mx\/#\/schema\/logo\/image\/\",\"url\":\"https:\/\/www.sonoraenequipo.com.mx\/storage\/2019\/01\/sonoraenequipo_opt.png\",\"contentUrl\":\"https:\/\/www.sonoraenequipo.com.mx\/storage\/2019\/01\/sonoraenequipo_opt.png\",\"width\":375,\"height\":125,\"caption\":\"Sonoraenequipo.com.mx\"},\"image\":{\"@id\":\"https:\/\/www.sonoraenequipo.com.mx\/#\/schema\/logo\/image\/\"},\"sameAs\":[\"https:\/\/www.facebook.com\/SonoraEE\/\",\"https:\/\/x.com\/sonoraenequipo\",\"https:\/\/www.youtube.com\/channel\/UC338nW-lPEYmJQs4ZABQ1SQ\"]},{\"@type\":\"Person\",\"@id\":\"https:\/\/www.sonoraenequipo.com.mx\/#\/schema\/person\/50102df0fb23a8fa9e8effad8fa81386\",\"name\":\"enequipo\",\"image\":{\"@type\":\"ImageObject\",\"inLanguage\":\"es\",\"@id\":\"https:\/\/www.sonoraenequipo.com.mx\/#\/schema\/person\/image\/\",\"url\":\"https:\/\/secure.gravatar.com\/avatar\/049821681b589dabc0bc20695993ccebb09f5b5d4d790cd9251b97faac7c652b?s=96&d=blank&r=g\",\"contentUrl\":\"https:\/\/secure.gravatar.com\/avatar\/049821681b589dabc0bc20695993ccebb09f5b5d4d790cd9251b97faac7c652b?s=96&d=blank&r=g\",\"caption\":\"enequipo\"},\"sameAs\":[\"https:\/\/www.facebook.com\/SonoraEE\"]}]}<\/script>\n ","yoast_head_json":{"title":"Sonora en Equipo. Invita SSP a sonorenses a registrar sus veh\u00edculos en el Repuve Sonora","description":"\u25baEl Registro P\u00fablico Vehicular cuenta con m\u00f3dulos fijos en Hermosillo, Cajeme y Navojoa y el m\u00f3dulo m\u00f3vil recorre municipios para acercar este beneficio En Sonora en Equipo publicamos toda la informaci\u00f3n de Sonora, M\u00e9xico y el Mundo de manera oportuna y busca que la libertad de expresi\u00f3n sea real. Visita nuestro medio informativo publicado desde Hermosillo, Sonora. %","robots":{"index":"index","follow":"follow","max-snippet":"max-snippet:-1","max-image-preview":"max-image-preview:large","max-video-preview":"max-video-preview:-1"},"canonical":"https:\/\/www.sonoraenequipo.com.mx\/invita-ssp-a-sonorenses-a-registrar-sus-vehiculos-en-el-repuve\/","og_locale":"es_ES","og_type":"article","og_title":"Sonora en Equipo. Invita SSP a sonorenses a registrar sus veh\u00edculos en el Repuve Sonora","og_description":"\u25baEl Registro P\u00fablico Vehicular cuenta con m\u00f3dulos fijos en Hermosillo, Cajeme y Navojoa y el m\u00f3dulo m\u00f3vil recorre municipios para acercar este beneficio En Sonora en Equipo publicamos toda la informaci\u00f3n de Sonora, M\u00e9xico y el Mundo de manera oportuna y busca que la libertad de expresi\u00f3n sea real. Visita nuestro medio informativo publicado desde Hermosillo, Sonora. %","og_url":"https:\/\/www.sonoraenequipo.com.mx\/invita-ssp-a-sonorenses-a-registrar-sus-vehiculos-en-el-repuve\/","og_site_name":"Sonora en Equipo.","article_publisher":"https:\/\/www.facebook.com\/SonoraEE\/","article_author":"https:\/\/www.facebook.com\/SonoraEE","article_published_time":"2021-06-04T23:13:30+00:00","og_image":[{"width":700,"height":400,"url":"https:\/\/www.sonoraenequipo.com.mx\/storage\/2021\/06\/repuve.jpg","type":"image\/jpeg"}],"author":"enequipo","twitter_card":"summary_large_image","twitter_creator":"@sonoraenequipo","twitter_site":"@sonoraenequipo","twitter_misc":{"Escrito por":"enequipo","Tiempo de lectura":"2 minutos"},"schema":{"@context":"https:\/\/schema.org","@graph":[{"@type":"Article","@id":"https:\/\/www.sonoraenequipo.com.mx\/invita-ssp-a-sonorenses-a-registrar-sus-vehiculos-en-el-repuve\/#article","isPartOf":{"@id":"https:\/\/www.sonoraenequipo.com.mx\/invita-ssp-a-sonorenses-a-registrar-sus-vehiculos-en-el-repuve\/"},"author":{"name":"enequipo","@id":"https:\/\/www.sonoraenequipo.com.mx\/#\/schema\/person\/50102df0fb23a8fa9e8effad8fa81386"},"headline":"Invita SSP a sonorenses a registrar sus veh\u00edculos en el Repuve","datePublished":"2021-06-04T23:13:30+00:00","mainEntityOfPage":{"@id":"https:\/\/www.sonoraenequipo.com.mx\/invita-ssp-a-sonorenses-a-registrar-sus-vehiculos-en-el-repuve\/"},"wordCount":379,"commentCount":0,"publisher":{"@id":"https:\/\/www.sonoraenequipo.com.mx\/#organization"},"image":{"@id":"https:\/\/www.sonoraenequipo.com.mx\/invita-ssp-a-sonorenses-a-registrar-sus-vehiculos-en-el-repuve\/#primaryimage"},"thumbnailUrl":"https:\/\/www.sonoraenequipo.com.mx\/storage\/2021\/06\/repuve.jpg","keywords":["repuve"],"articleSection":["Sonora"],"inLanguage":"es","potentialAction":[{"@type":"CommentAction","name":"Comment","target":["https:\/\/www.sonoraenequipo.com.mx\/invita-ssp-a-sonorenses-a-registrar-sus-vehiculos-en-el-repuve\/#respond"]}]},{"@type":"WebPage","@id":"https:\/\/www.sonoraenequipo.com.mx\/invita-ssp-a-sonorenses-a-registrar-sus-vehiculos-en-el-repuve\/","url":"https:\/\/www.sonoraenequipo.com.mx\/invita-ssp-a-sonorenses-a-registrar-sus-vehiculos-en-el-repuve\/","name":"Sonora en Equipo. Invita SSP a sonorenses a registrar sus veh\u00edculos en el Repuve Sonora","isPartOf":{"@id":"https:\/\/www.sonoraenequipo.com.mx\/#website"},"primaryImageOfPage":{"@id":"https:\/\/www.sonoraenequipo.com.mx\/invita-ssp-a-sonorenses-a-registrar-sus-vehiculos-en-el-repuve\/#primaryimage"},"image":{"@id":"https:\/\/www.sonoraenequipo.com.mx\/invita-ssp-a-sonorenses-a-registrar-sus-vehiculos-en-el-repuve\/#primaryimage"},"thumbnailUrl":"https:\/\/www.sonoraenequipo.com.mx\/storage\/2021\/06\/repuve.jpg","datePublished":"2021-06-04T23:13:30+00:00","description":"\u25baEl Registro P\u00fablico Vehicular cuenta con m\u00f3dulos fijos en Hermosillo, Cajeme y Navojoa y el m\u00f3dulo m\u00f3vil recorre municipios para acercar este beneficio En Sonora en Equipo publicamos toda la informaci\u00f3n de Sonora, M\u00e9xico y el Mundo de manera oportuna y busca que la libertad de expresi\u00f3n sea real. Visita nuestro medio informativo publicado desde Hermosillo, Sonora. %","breadcrumb":{"@id":"https:\/\/www.sonoraenequipo.com.mx\/invita-ssp-a-sonorenses-a-registrar-sus-vehiculos-en-el-repuve\/#breadcrumb"},"inLanguage":"es","potentialAction":[{"@type":"ReadAction","target":["https:\/\/www.sonoraenequipo.com.mx\/invita-ssp-a-sonorenses-a-registrar-sus-vehiculos-en-el-repuve\/"]}]},{"@type":"ImageObject","inLanguage":"es","@id":"https:\/\/www.sonoraenequipo.com.mx\/invita-ssp-a-sonorenses-a-registrar-sus-vehiculos-en-el-repuve\/#primaryimage","url":"https:\/\/www.sonoraenequipo.com.mx\/storage\/2021\/06\/repuve.jpg","contentUrl":"https:\/\/www.sonoraenequipo.com.mx\/storage\/2021\/06\/repuve.jpg","width":700,"height":400},{"@type":"BreadcrumbList","@id":"https:\/\/www.sonoraenequipo.com.mx\/invita-ssp-a-sonorenses-a-registrar-sus-vehiculos-en-el-repuve\/#breadcrumb","itemListElement":[{"@type":"ListItem","position":1,"name":"Portada","item":"https:\/\/www.sonoraenequipo.com.mx\/"},{"@type":"ListItem","position":2,"name":"Invita SSP a sonorenses a registrar sus veh\u00edculos en el Repuve"}]},{"@type":"WebSite","@id":"https:\/\/www.sonoraenequipo.com.mx\/#website","url":"https:\/\/www.sonoraenequipo.com.mx\/","name":"Sonora en Equipo.","description":"Diario en l\u00ednea con Noticias desde Hermosillo, Sonora","publisher":{"@id":"https:\/\/www.sonoraenequipo.com.mx\/#organization"},"potentialAction":[{"@type":"SearchAction","target":{"@type":"EntryPoint","urlTemplate":"https:\/\/www.sonoraenequipo.com.mx\/?s={search_term_string}"},"query-input":{"@type":"PropertyValueSpecification","valueRequired":true,"valueName":"search_term_string"}}],"inLanguage":"es"},{"@type":"Organization","@id":"https:\/\/www.sonoraenequipo.com.mx\/#organization","name":"Sonoraenequipo.com.mx","url":"https:\/\/www.sonoraenequipo.com.mx\/","logo":{"@type":"ImageObject","inLanguage":"es","@id":"https:\/\/www.sonoraenequipo.com.mx\/#\/schema\/logo\/image\/","url":"https:\/\/www.sonoraenequipo.com.mx\/storage\/2019\/01\/sonoraenequipo_opt.png","contentUrl":"https:\/\/www.sonoraenequipo.com.mx\/storage\/2019\/01\/sonoraenequipo_opt.png","width":375,"height":125,"caption":"Sonoraenequipo.com.mx"},"image":{"@id":"https:\/\/www.sonoraenequipo.com.mx\/#\/schema\/logo\/image\/"},"sameAs":["https:\/\/www.facebook.com\/SonoraEE\/","https:\/\/x.com\/sonoraenequipo","https:\/\/www.youtube.com\/channel\/UC338nW-lPEYmJQs4ZABQ1SQ"]},{"@type":"Person","@id":"https:\/\/www.sonoraenequipo.com.mx\/#\/schema\/person\/50102df0fb23a8fa9e8effad8fa81386","name":"enequipo","image":{"@type":"ImageObject","inLanguage":"es","@id":"https:\/\/www.sonoraenequipo.com.mx\/#\/schema\/person\/image\/","url":"https:\/\/secure.gravatar.com\/avatar\/049821681b589dabc0bc20695993ccebb09f5b5d4d790cd9251b97faac7c652b?s=96&d=blank&r=g","contentUrl":"https:\/\/secure.gravatar.com\/avatar\/049821681b589dabc0bc20695993ccebb09f5b5d4d790cd9251b97faac7c652b?s=96&d=blank&r=g","caption":"enequipo"},"sameAs":["https:\/\/www.facebook.com\/SonoraEE"]}]}},"jetpack_featured_media_url":"https:\/\/www.sonoraenequipo.com.mx\/storage\/2021\/06\/repuve.jpg","_links":{"self":[{"href":"https:\/\/www.sonoraenequipo.com.mx\/api\/wp\/v2\/posts\/115598","targetHints":{"allow":["GET"]}}],"collection":[{"href":"https:\/\/www.sonoraenequipo.com.mx\/api\/wp\/v2\/posts"}],"about":[{"href":"https:\/\/www.sonoraenequipo.com.mx\/api\/wp\/v2\/types\/post"}],"author":[{"embeddable":true,"href":"https:\/\/www.sonoraenequipo.com.mx\/api\/wp\/v2\/users\/1"}],"replies":[{"embeddable":true,"href":"https:\/\/www.sonoraenequipo.com.mx\/api\/wp\/v2\/comments?post=115598"}],"version-history":[{"count":1,"href":"https:\/\/www.sonoraenequipo.com.mx\/api\/wp\/v2\/posts\/115598\/revisions"}],"predecessor-version":[{"id":115600,"href":"https:\/\/www.sonoraenequipo.com.mx\/api\/wp\/v2\/posts\/115598\/revisions\/115600"}],"wp:featuredmedia":[{"embeddable":true,"href":"https:\/\/www.sonoraenequipo.com.mx\/api\/wp\/v2\/media\/115599"}],"wp:attachment":[{"href":"https:\/\/www.sonoraenequipo.com.mx\/api\/wp\/v2\/media?parent=115598"}],"wp:term":[{"taxonomy":"category","embeddable":true,"href":"https:\/\/www.sonoraenequipo.com.mx\/api\/wp\/v2\/categories?post=115598"},{"taxonomy":"post_tag","embeddable":true,"href":"https:\/\/www.sonoraenequipo.com.mx\/api\/wp\/v2\/tags?post=115598"}],"curies":[{"name":"wp","href":"https:\/\/api.w.org\/{rel}","templated":true}]}}