{"id":115608,"date":"2021-06-04T17:50:51","date_gmt":"2021-06-05T00:50:51","guid":{"rendered":"https:\/\/www.sonoraenequipo.com.mx\/?p=115608"},"modified":"2021-06-04T20:59:03","modified_gmt":"2021-06-05T03:59:03","slug":"aun-no-hay-fecha-para-regreso-de-trabajadores-a-oficinas-de-gobierno-de-cdmx-sheinbaum","status":"publish","type":"post","link":"https:\/\/www.sonoraenequipo.com.mx\/aun-no-hay-fecha-para-regreso-de-trabajadores-a-oficinas-de-gobierno-de-cdmx-sheinbaum\/","title":{"rendered":"A\u00fan no hay fecha para regreso de trabajadores a oficinas de gobierno de CdMx: Sheinbaum"},"content":{"rendered":"<p>CDMX. M\u00c9XICO. \u2014 Claudia Sheinbaum, jefa de Gobierno de la Ciudad de M\u00e9xico, inform\u00f3 que a pesar de que la capital del pa\u00eds avanz\u00f3 al sem\u00e1foro epidemiol\u00f3gico en verde, a\u00fan no hay una fecha fija para la reanudaci\u00f3n de actividades presenciales en las oficinas del gobierno local.<\/p>\n<p>&nbsp;<\/p>\n<p> <\/p>\n<p>En videoconferencia de prensa, la mandataria capitalina explic\u00f3 que se trata de un retorno paulatino y cauto a las actividades presenciales, por lo que en las pr\u00f3ximas semanas se ir\u00e1n reactivando ciertos sectores y se har\u00e1 un seguimiento del impacto epidemiol\u00f3gico.<\/p>\n<p>&nbsp;<\/p>\n<p>No obstante, insisti\u00f3 que no hay fecha para el retorno de los trabajadores.<\/p>\n<p>&nbsp;<\/p>\n<p>\u201c<em>Todav\u00eda no est\u00e1 planteado el regreso, no est\u00e1 determinada la fecha, en las siguientes semanas vamos a ver algunas actividades que a\u00fan permanecen con un nivel de servicio menor, vamos a informar c\u00f3mo van aumentando, pero a\u00fan no est\u00e1 la fecha para el regreso de los y las trabajadoras de la ciudad y esto es importante.<\/em><\/p>\n<p>&nbsp;<\/p>\n<p><em>\u00abRepito, porque hay que ser cautos, el hecho de que estemos en sem\u00e1foro verde, obviamente abre m\u00e1s actividades y hay que darle seguimiento epidemiol\u00f3gico, porque esto no impide que en alg\u00fan momento pudiera a llegar a aumentar la pandemia\u201d,<\/em> se\u00f1al\u00f3.<\/p>\n<p>&nbsp;<\/p>\n<p>Los establecimientos que se mantendr\u00e1n cerrados en la Ciudad de M\u00e9xico son los bares y antros.<\/p>\n<p>&nbsp;<\/p>\n<p><em>\u201cLo que queremos es hacerlo de manera cauta para que no haya ning\u00fan problema y que podamos tomar las medidas sin necesidad de estar disminuyendo ninguna actividad econ\u00f3mica\u201d,<\/em> recalc\u00f3 Sheinbaum.<\/p>\n<p>&nbsp;<\/p>\n<p>(Publicada el 04\/06\/2021)<\/p>\n","protected":false},"excerpt":{"rendered":"<p>CDMX. M\u00c9XICO. \u2014 Claudia Sheinbaum, jefa de Gobierno de la Ciudad de M\u00e9xico, inform\u00f3 que&#8230;<\/p>\n","protected":false},"author":1,"featured_media":115612,"comment_status":"open","ping_status":"open","sticky":false,"template":"","format":"standard","meta":{"_monsterinsights_skip_tracking":false,"_monsterinsights_sitenote_active":false,"_monsterinsights_sitenote_note":"","_monsterinsights_sitenote_category":0,"footnotes":""},"categories":[5],"tags":[],"class_list":["post"],"yoast_head":" \n<title>Sonora en Equipo. A\u00fan no hay fecha para regreso de trabajadores a oficinas de gobierno de CdMx: Sheinbaum Rep\u00fablica<\/title>\n<meta name=\"description\" content=\"CDMX. M\u00c9XICO. \u2014 Claudia Sheinbaum, jefa de Gobierno de la Ciudad de M\u00e9xico, inform\u00f3 que a pesar de que la capital del pa\u00eds avanz\u00f3 al sem\u00e1foro En Sonora en Equipo publicamos toda la informaci\u00f3n de Sonora, M\u00e9xico y el Mundo de manera oportuna y busca que la libertad de expresi\u00f3n sea real. Visita nuestro medio informativo publicado desde Hermosillo, Sonora. %\" \/>\n<meta name=\"robots\" content=\"index, follow, max-snippet:-1, max-image-preview:large, max-video-preview:-1\" \/>\n<link rel=\"canonical\" href=\"https:\/\/www.sonoraenequipo.com.mx\/aun-no-hay-fecha-para-regreso-de-trabajadores-a-oficinas-de-gobierno-de-cdmx-sheinbaum\/\" \/>\n<meta property=\"og:locale\" content=\"es_ES\" \/>\n<meta property=\"og:type\" content=\"article\" \/>\n<meta property=\"og:title\" content=\"Sonora en Equipo. A\u00fan no hay fecha para regreso de trabajadores a oficinas de gobierno de CdMx: Sheinbaum Rep\u00fablica\" \/>\n<meta property=\"og:description\" content=\"CDMX. M\u00c9XICO. \u2014 Claudia Sheinbaum, jefa de Gobierno de la Ciudad de M\u00e9xico, inform\u00f3 que a pesar de que la capital del pa\u00eds avanz\u00f3 al sem\u00e1foro En Sonora en Equipo publicamos toda la informaci\u00f3n de Sonora, M\u00e9xico y el Mundo de manera oportuna y busca que la libertad de expresi\u00f3n sea real. Visita nuestro medio informativo publicado desde Hermosillo, Sonora. %\" \/>\n<meta property=\"og:url\" content=\"https:\/\/www.sonoraenequipo.com.mx\/aun-no-hay-fecha-para-regreso-de-trabajadores-a-oficinas-de-gobierno-de-cdmx-sheinbaum\/\" \/>\n<meta property=\"og:site_name\" content=\"Sonora en Equipo.\" \/>\n<meta property=\"article:publisher\" content=\"https:\/\/www.facebook.com\/SonoraEE\/\" \/>\n<meta property=\"article:author\" content=\"https:\/\/www.facebook.com\/SonoraEE\" \/>\n<meta property=\"article:published_time\" content=\"2021-06-05T00:50:51+00:00\" \/>\n<meta property=\"article:modified_time\" content=\"2021-06-05T03:59:03+00:00\" \/>\n<meta property=\"og:image\" content=\"https:\/\/www.sonoraenequipo.com.mx\/storage\/2021\/06\/Sheinbaum_opt.jpg\" \/>\n\t<meta property=\"og:image:width\" content=\"700\" \/>\n\t<meta property=\"og:image:height\" content=\"400\" \/>\n\t<meta property=\"og:image:type\" content=\"image\/jpeg\" \/>\n<meta name=\"author\" content=\"enequipo\" \/>\n<meta name=\"twitter:card\" content=\"summary_large_image\" \/>\n<meta name=\"twitter:creator\" content=\"@sonoraenequipo\" \/>\n<meta name=\"twitter:site\" content=\"@sonoraenequipo\" \/>\n<meta name=\"twitter:label1\" content=\"Escrito por\" \/>\n\t<meta name=\"twitter:data1\" content=\"enequipo\" \/>\n\t<meta name=\"twitter:label2\" content=\"Tiempo de lectura\" \/>\n\t<meta name=\"twitter:data2\" content=\"2 minutos\" \/>\n<script type=\"application\/ld+json\" class=\"yoast-schema-graph\">{\"@context\":\"https:\/\/schema.org\",\"@graph\":[{\"@type\":\"Article\",\"@id\":\"https:\/\/www.sonoraenequipo.com.mx\/aun-no-hay-fecha-para-regreso-de-trabajadores-a-oficinas-de-gobierno-de-cdmx-sheinbaum\/#article\",\"isPartOf\":{\"@id\":\"https:\/\/www.sonoraenequipo.com.mx\/aun-no-hay-fecha-para-regreso-de-trabajadores-a-oficinas-de-gobierno-de-cdmx-sheinbaum\/\"},\"author\":{\"name\":\"enequipo\",\"@id\":\"https:\/\/www.sonoraenequipo.com.mx\/#\/schema\/person\/50102df0fb23a8fa9e8effad8fa81386\"},\"headline\":\"A\u00fan no hay fecha para regreso de trabajadores a oficinas de gobierno de CdMx: Sheinbaum\",\"datePublished\":\"2021-06-05T00:50:51+00:00\",\"dateModified\":\"2021-06-05T03:59:03+00:00\",\"mainEntityOfPage\":{\"@id\":\"https:\/\/www.sonoraenequipo.com.mx\/aun-no-hay-fecha-para-regreso-de-trabajadores-a-oficinas-de-gobierno-de-cdmx-sheinbaum\/\"},\"wordCount\":290,\"commentCount\":0,\"publisher\":{\"@id\":\"https:\/\/www.sonoraenequipo.com.mx\/#organization\"},\"image\":{\"@id\":\"https:\/\/www.sonoraenequipo.com.mx\/aun-no-hay-fecha-para-regreso-de-trabajadores-a-oficinas-de-gobierno-de-cdmx-sheinbaum\/#primaryimage\"},\"thumbnailUrl\":\"https:\/\/www.sonoraenequipo.com.mx\/storage\/2021\/06\/Sheinbaum_opt.jpg\",\"articleSection\":[\"Rep\u00fablica\"],\"inLanguage\":\"es\",\"potentialAction\":[{\"@type\":\"CommentAction\",\"name\":\"Comment\",\"target\":[\"https:\/\/www.sonoraenequipo.com.mx\/aun-no-hay-fecha-para-regreso-de-trabajadores-a-oficinas-de-gobierno-de-cdmx-sheinbaum\/#respond\"]}]},{\"@type\":\"WebPage\",\"@id\":\"https:\/\/www.sonoraenequipo.com.mx\/aun-no-hay-fecha-para-regreso-de-trabajadores-a-oficinas-de-gobierno-de-cdmx-sheinbaum\/\",\"url\":\"https:\/\/www.sonoraenequipo.com.mx\/aun-no-hay-fecha-para-regreso-de-trabajadores-a-oficinas-de-gobierno-de-cdmx-sheinbaum\/\",\"name\":\"Sonora en Equipo. A\u00fan no hay fecha para regreso de trabajadores a oficinas de gobierno de CdMx: Sheinbaum Rep\u00fablica\",\"isPartOf\":{\"@id\":\"https:\/\/www.sonoraenequipo.com.mx\/#website\"},\"primaryImageOfPage\":{\"@id\":\"https:\/\/www.sonoraenequipo.com.mx\/aun-no-hay-fecha-para-regreso-de-trabajadores-a-oficinas-de-gobierno-de-cdmx-sheinbaum\/#primaryimage\"},\"image\":{\"@id\":\"https:\/\/www.sonoraenequipo.com.mx\/aun-no-hay-fecha-para-regreso-de-trabajadores-a-oficinas-de-gobierno-de-cdmx-sheinbaum\/#primaryimage\"},\"thumbnailUrl\":\"https:\/\/www.sonoraenequipo.com.mx\/storage\/2021\/06\/Sheinbaum_opt.jpg\",\"datePublished\":\"2021-06-05T00:50:51+00:00\",\"dateModified\":\"2021-06-05T03:59:03+00:00\",\"description\":\"CDMX. M\u00c9XICO. \u2014 Claudia Sheinbaum, jefa de Gobierno de la Ciudad de M\u00e9xico, inform\u00f3 que a pesar de que la capital del pa\u00eds avanz\u00f3 al sem\u00e1foro En Sonora en Equipo publicamos toda la informaci\u00f3n de Sonora, M\u00e9xico y el Mundo de manera oportuna y busca que la libertad de expresi\u00f3n sea real. Visita nuestro medio informativo publicado desde Hermosillo, Sonora. %\",\"breadcrumb\":{\"@id\":\"https:\/\/www.sonoraenequipo.com.mx\/aun-no-hay-fecha-para-regreso-de-trabajadores-a-oficinas-de-gobierno-de-cdmx-sheinbaum\/#breadcrumb\"},\"inLanguage\":\"es\",\"potentialAction\":[{\"@type\":\"ReadAction\",\"target\":[\"https:\/\/www.sonoraenequipo.com.mx\/aun-no-hay-fecha-para-regreso-de-trabajadores-a-oficinas-de-gobierno-de-cdmx-sheinbaum\/\"]}]},{\"@type\":\"ImageObject\",\"inLanguage\":\"es\",\"@id\":\"https:\/\/www.sonoraenequipo.com.mx\/aun-no-hay-fecha-para-regreso-de-trabajadores-a-oficinas-de-gobierno-de-cdmx-sheinbaum\/#primaryimage\",\"url\":\"https:\/\/www.sonoraenequipo.com.mx\/storage\/2021\/06\/Sheinbaum_opt.jpg\",\"contentUrl\":\"https:\/\/www.sonoraenequipo.com.mx\/storage\/2021\/06\/Sheinbaum_opt.jpg\",\"width\":700,\"height\":400},{\"@type\":\"BreadcrumbList\",\"@id\":\"https:\/\/www.sonoraenequipo.com.mx\/aun-no-hay-fecha-para-regreso-de-trabajadores-a-oficinas-de-gobierno-de-cdmx-sheinbaum\/#breadcrumb\",\"itemListElement\":[{\"@type\":\"ListItem\",\"position\":1,\"name\":\"Portada\",\"item\":\"https:\/\/www.sonoraenequipo.com.mx\/\"},{\"@type\":\"ListItem\",\"position\":2,\"name\":\"A\u00fan no hay fecha para regreso de trabajadores a oficinas de gobierno de CdMx: Sheinbaum\"}]},{\"@type\":\"WebSite\",\"@id\":\"https:\/\/www.sonoraenequipo.com.mx\/#website\",\"url\":\"https:\/\/www.sonoraenequipo.com.mx\/\",\"name\":\"Sonora en Equipo.\",\"description\":\"Diario en l\u00ednea con Noticias desde Hermosillo, Sonora\",\"publisher\":{\"@id\":\"https:\/\/www.sonoraenequipo.com.mx\/#organization\"},\"potentialAction\":[{\"@type\":\"SearchAction\",\"target\":{\"@type\":\"EntryPoint\",\"urlTemplate\":\"https:\/\/www.sonoraenequipo.com.mx\/?s={search_term_string}\"},\"query-input\":{\"@type\":\"PropertyValueSpecification\",\"valueRequired\":true,\"valueName\":\"search_term_string\"}}],\"inLanguage\":\"es\"},{\"@type\":\"Organization\",\"@id\":\"https:\/\/www.sonoraenequipo.com.mx\/#organization\",\"name\":\"Sonoraenequipo.com.mx\",\"url\":\"https:\/\/www.sonoraenequipo.com.mx\/\",\"logo\":{\"@type\":\"ImageObject\",\"inLanguage\":\"es\",\"@id\":\"https:\/\/www.sonoraenequipo.com.mx\/#\/schema\/logo\/image\/\",\"url\":\"https:\/\/www.sonoraenequipo.com.mx\/storage\/2019\/01\/sonoraenequipo_opt.png\",\"contentUrl\":\"https:\/\/www.sonoraenequipo.com.mx\/storage\/2019\/01\/sonoraenequipo_opt.png\",\"width\":375,\"height\":125,\"caption\":\"Sonoraenequipo.com.mx\"},\"image\":{\"@id\":\"https:\/\/www.sonoraenequipo.com.mx\/#\/schema\/logo\/image\/\"},\"sameAs\":[\"https:\/\/www.facebook.com\/SonoraEE\/\",\"https:\/\/x.com\/sonoraenequipo\",\"https:\/\/www.youtube.com\/channel\/UC338nW-lPEYmJQs4ZABQ1SQ\"]},{\"@type\":\"Person\",\"@id\":\"https:\/\/www.sonoraenequipo.com.mx\/#\/schema\/person\/50102df0fb23a8fa9e8effad8fa81386\",\"name\":\"enequipo\",\"image\":{\"@type\":\"ImageObject\",\"inLanguage\":\"es\",\"@id\":\"https:\/\/www.sonoraenequipo.com.mx\/#\/schema\/person\/image\/\",\"url\":\"https:\/\/secure.gravatar.com\/avatar\/049821681b589dabc0bc20695993ccebb09f5b5d4d790cd9251b97faac7c652b?s=96&d=blank&r=g\",\"contentUrl\":\"https:\/\/secure.gravatar.com\/avatar\/049821681b589dabc0bc20695993ccebb09f5b5d4d790cd9251b97faac7c652b?s=96&d=blank&r=g\",\"caption\":\"enequipo\"},\"sameAs\":[\"https:\/\/www.facebook.com\/SonoraEE\"]}]}<\/script>\n ","yoast_head_json":{"title":"Sonora en Equipo. A\u00fan no hay fecha para regreso de trabajadores a oficinas de gobierno de CdMx: Sheinbaum Rep\u00fablica","description":"CDMX. M\u00c9XICO. \u2014 Claudia Sheinbaum, jefa de Gobierno de la Ciudad de M\u00e9xico, inform\u00f3 que a pesar de que la capital del pa\u00eds avanz\u00f3 al sem\u00e1foro En Sonora en Equipo publicamos toda la informaci\u00f3n de Sonora, M\u00e9xico y el Mundo de manera oportuna y busca que la libertad de expresi\u00f3n sea real. Visita nuestro medio informativo publicado desde Hermosillo, Sonora. %","robots":{"index":"index","follow":"follow","max-snippet":"max-snippet:-1","max-image-preview":"max-image-preview:large","max-video-preview":"max-video-preview:-1"},"canonical":"https:\/\/www.sonoraenequipo.com.mx\/aun-no-hay-fecha-para-regreso-de-trabajadores-a-oficinas-de-gobierno-de-cdmx-sheinbaum\/","og_locale":"es_ES","og_type":"article","og_title":"Sonora en Equipo. A\u00fan no hay fecha para regreso de trabajadores a oficinas de gobierno de CdMx: Sheinbaum Rep\u00fablica","og_description":"CDMX. M\u00c9XICO. \u2014 Claudia Sheinbaum, jefa de Gobierno de la Ciudad de M\u00e9xico, inform\u00f3 que a pesar de que la capital del pa\u00eds avanz\u00f3 al sem\u00e1foro En Sonora en Equipo publicamos toda la informaci\u00f3n de Sonora, M\u00e9xico y el Mundo de manera oportuna y busca que la libertad de expresi\u00f3n sea real. Visita nuestro medio informativo publicado desde Hermosillo, Sonora. %","og_url":"https:\/\/www.sonoraenequipo.com.mx\/aun-no-hay-fecha-para-regreso-de-trabajadores-a-oficinas-de-gobierno-de-cdmx-sheinbaum\/","og_site_name":"Sonora en Equipo.","article_publisher":"https:\/\/www.facebook.com\/SonoraEE\/","article_author":"https:\/\/www.facebook.com\/SonoraEE","article_published_time":"2021-06-05T00:50:51+00:00","article_modified_time":"2021-06-05T03:59:03+00:00","og_image":[{"width":700,"height":400,"url":"https:\/\/www.sonoraenequipo.com.mx\/storage\/2021\/06\/Sheinbaum_opt.jpg","type":"image\/jpeg"}],"author":"enequipo","twitter_card":"summary_large_image","twitter_creator":"@sonoraenequipo","twitter_site":"@sonoraenequipo","twitter_misc":{"Escrito por":"enequipo","Tiempo de lectura":"2 minutos"},"schema":{"@context":"https:\/\/schema.org","@graph":[{"@type":"Article","@id":"https:\/\/www.sonoraenequipo.com.mx\/aun-no-hay-fecha-para-regreso-de-trabajadores-a-oficinas-de-gobierno-de-cdmx-sheinbaum\/#article","isPartOf":{"@id":"https:\/\/www.sonoraenequipo.com.mx\/aun-no-hay-fecha-para-regreso-de-trabajadores-a-oficinas-de-gobierno-de-cdmx-sheinbaum\/"},"author":{"name":"enequipo","@id":"https:\/\/www.sonoraenequipo.com.mx\/#\/schema\/person\/50102df0fb23a8fa9e8effad8fa81386"},"headline":"A\u00fan no hay fecha para regreso de trabajadores a oficinas de gobierno de CdMx: Sheinbaum","datePublished":"2021-06-05T00:50:51+00:00","dateModified":"2021-06-05T03:59:03+00:00","mainEntityOfPage":{"@id":"https:\/\/www.sonoraenequipo.com.mx\/aun-no-hay-fecha-para-regreso-de-trabajadores-a-oficinas-de-gobierno-de-cdmx-sheinbaum\/"},"wordCount":290,"commentCount":0,"publisher":{"@id":"https:\/\/www.sonoraenequipo.com.mx\/#organization"},"image":{"@id":"https:\/\/www.sonoraenequipo.com.mx\/aun-no-hay-fecha-para-regreso-de-trabajadores-a-oficinas-de-gobierno-de-cdmx-sheinbaum\/#primaryimage"},"thumbnailUrl":"https:\/\/www.sonoraenequipo.com.mx\/storage\/2021\/06\/Sheinbaum_opt.jpg","articleSection":["Rep\u00fablica"],"inLanguage":"es","potentialAction":[{"@type":"CommentAction","name":"Comment","target":["https:\/\/www.sonoraenequipo.com.mx\/aun-no-hay-fecha-para-regreso-de-trabajadores-a-oficinas-de-gobierno-de-cdmx-sheinbaum\/#respond"]}]},{"@type":"WebPage","@id":"https:\/\/www.sonoraenequipo.com.mx\/aun-no-hay-fecha-para-regreso-de-trabajadores-a-oficinas-de-gobierno-de-cdmx-sheinbaum\/","url":"https:\/\/www.sonoraenequipo.com.mx\/aun-no-hay-fecha-para-regreso-de-trabajadores-a-oficinas-de-gobierno-de-cdmx-sheinbaum\/","name":"Sonora en Equipo. A\u00fan no hay fecha para regreso de trabajadores a oficinas de gobierno de CdMx: Sheinbaum Rep\u00fablica","isPartOf":{"@id":"https:\/\/www.sonoraenequipo.com.mx\/#website"},"primaryImageOfPage":{"@id":"https:\/\/www.sonoraenequipo.com.mx\/aun-no-hay-fecha-para-regreso-de-trabajadores-a-oficinas-de-gobierno-de-cdmx-sheinbaum\/#primaryimage"},"image":{"@id":"https:\/\/www.sonoraenequipo.com.mx\/aun-no-hay-fecha-para-regreso-de-trabajadores-a-oficinas-de-gobierno-de-cdmx-sheinbaum\/#primaryimage"},"thumbnailUrl":"https:\/\/www.sonoraenequipo.com.mx\/storage\/2021\/06\/Sheinbaum_opt.jpg","datePublished":"2021-06-05T00:50:51+00:00","dateModified":"2021-06-05T03:59:03+00:00","description":"CDMX. M\u00c9XICO. \u2014 Claudia Sheinbaum, jefa de Gobierno de la Ciudad de M\u00e9xico, inform\u00f3 que a pesar de que la capital del pa\u00eds avanz\u00f3 al sem\u00e1foro En Sonora en Equipo publicamos toda la informaci\u00f3n de Sonora, M\u00e9xico y el Mundo de manera oportuna y busca que la libertad de expresi\u00f3n sea real. Visita nuestro medio informativo publicado desde Hermosillo, Sonora. %","breadcrumb":{"@id":"https:\/\/www.sonoraenequipo.com.mx\/aun-no-hay-fecha-para-regreso-de-trabajadores-a-oficinas-de-gobierno-de-cdmx-sheinbaum\/#breadcrumb"},"inLanguage":"es","potentialAction":[{"@type":"ReadAction","target":["https:\/\/www.sonoraenequipo.com.mx\/aun-no-hay-fecha-para-regreso-de-trabajadores-a-oficinas-de-gobierno-de-cdmx-sheinbaum\/"]}]},{"@type":"ImageObject","inLanguage":"es","@id":"https:\/\/www.sonoraenequipo.com.mx\/aun-no-hay-fecha-para-regreso-de-trabajadores-a-oficinas-de-gobierno-de-cdmx-sheinbaum\/#primaryimage","url":"https:\/\/www.sonoraenequipo.com.mx\/storage\/2021\/06\/Sheinbaum_opt.jpg","contentUrl":"https:\/\/www.sonoraenequipo.com.mx\/storage\/2021\/06\/Sheinbaum_opt.jpg","width":700,"height":400},{"@type":"BreadcrumbList","@id":"https:\/\/www.sonoraenequipo.com.mx\/aun-no-hay-fecha-para-regreso-de-trabajadores-a-oficinas-de-gobierno-de-cdmx-sheinbaum\/#breadcrumb","itemListElement":[{"@type":"ListItem","position":1,"name":"Portada","item":"https:\/\/www.sonoraenequipo.com.mx\/"},{"@type":"ListItem","position":2,"name":"A\u00fan no hay fecha para regreso de trabajadores a oficinas de gobierno de CdMx: Sheinbaum"}]},{"@type":"WebSite","@id":"https:\/\/www.sonoraenequipo.com.mx\/#website","url":"https:\/\/www.sonoraenequipo.com.mx\/","name":"Sonora en Equipo.","description":"Diario en l\u00ednea con Noticias desde Hermosillo, Sonora","publisher":{"@id":"https:\/\/www.sonoraenequipo.com.mx\/#organization"},"potentialAction":[{"@type":"SearchAction","target":{"@type":"EntryPoint","urlTemplate":"https:\/\/www.sonoraenequipo.com.mx\/?s={search_term_string}"},"query-input":{"@type":"PropertyValueSpecification","valueRequired":true,"valueName":"search_term_string"}}],"inLanguage":"es"},{"@type":"Organization","@id":"https:\/\/www.sonoraenequipo.com.mx\/#organization","name":"Sonoraenequipo.com.mx","url":"https:\/\/www.sonoraenequipo.com.mx\/","logo":{"@type":"ImageObject","inLanguage":"es","@id":"https:\/\/www.sonoraenequipo.com.mx\/#\/schema\/logo\/image\/","url":"https:\/\/www.sonoraenequipo.com.mx\/storage\/2019\/01\/sonoraenequipo_opt.png","contentUrl":"https:\/\/www.sonoraenequipo.com.mx\/storage\/2019\/01\/sonoraenequipo_opt.png","width":375,"height":125,"caption":"Sonoraenequipo.com.mx"},"image":{"@id":"https:\/\/www.sonoraenequipo.com.mx\/#\/schema\/logo\/image\/"},"sameAs":["https:\/\/www.facebook.com\/SonoraEE\/","https:\/\/x.com\/sonoraenequipo","https:\/\/www.youtube.com\/channel\/UC338nW-lPEYmJQs4ZABQ1SQ"]},{"@type":"Person","@id":"https:\/\/www.sonoraenequipo.com.mx\/#\/schema\/person\/50102df0fb23a8fa9e8effad8fa81386","name":"enequipo","image":{"@type":"ImageObject","inLanguage":"es","@id":"https:\/\/www.sonoraenequipo.com.mx\/#\/schema\/person\/image\/","url":"https:\/\/secure.gravatar.com\/avatar\/049821681b589dabc0bc20695993ccebb09f5b5d4d790cd9251b97faac7c652b?s=96&d=blank&r=g","contentUrl":"https:\/\/secure.gravatar.com\/avatar\/049821681b589dabc0bc20695993ccebb09f5b5d4d790cd9251b97faac7c652b?s=96&d=blank&r=g","caption":"enequipo"},"sameAs":["https:\/\/www.facebook.com\/SonoraEE"]}]}},"jetpack_featured_media_url":"https:\/\/www.sonoraenequipo.com.mx\/storage\/2021\/06\/Sheinbaum_opt.jpg","_links":{"self":[{"href":"https:\/\/www.sonoraenequipo.com.mx\/api\/wp\/v2\/posts\/115608","targetHints":{"allow":["GET"]}}],"collection":[{"href":"https:\/\/www.sonoraenequipo.com.mx\/api\/wp\/v2\/posts"}],"about":[{"href":"https:\/\/www.sonoraenequipo.com.mx\/api\/wp\/v2\/types\/post"}],"author":[{"embeddable":true,"href":"https:\/\/www.sonoraenequipo.com.mx\/api\/wp\/v2\/users\/1"}],"replies":[{"embeddable":true,"href":"https:\/\/www.sonoraenequipo.com.mx\/api\/wp\/v2\/comments?post=115608"}],"version-history":[{"count":1,"href":"https:\/\/www.sonoraenequipo.com.mx\/api\/wp\/v2\/posts\/115608\/revisions"}],"predecessor-version":[{"id":115613,"href":"https:\/\/www.sonoraenequipo.com.mx\/api\/wp\/v2\/posts\/115608\/revisions\/115613"}],"wp:featuredmedia":[{"embeddable":true,"href":"https:\/\/www.sonoraenequipo.com.mx\/api\/wp\/v2\/media\/115612"}],"wp:attachment":[{"href":"https:\/\/www.sonoraenequipo.com.mx\/api\/wp\/v2\/media?parent=115608"}],"wp:term":[{"taxonomy":"category","embeddable":true,"href":"https:\/\/www.sonoraenequipo.com.mx\/api\/wp\/v2\/categories?post=115608"},{"taxonomy":"post_tag","embeddable":true,"href":"https:\/\/www.sonoraenequipo.com.mx\/api\/wp\/v2\/tags?post=115608"}],"curies":[{"name":"wp","href":"https:\/\/api.w.org\/{rel}","templated":true}]}}