{"id":115626,"date":"2021-06-04T22:45:14","date_gmt":"2021-06-05T05:45:14","guid":{"rendered":"https:\/\/www.sonoraenequipo.com.mx\/?p=115626"},"modified":"2021-06-05T08:02:09","modified_gmt":"2021-06-05T15:02:09","slug":"fgje-indaga-a-tres-presuntos-responsables-de-incendiar-palmeras-en-hermosillo","status":"publish","type":"post","link":"https:\/\/www.sonoraenequipo.com.mx\/fgje-indaga-a-tres-presuntos-responsables-de-incendiar-palmeras-en-hermosillo\/","title":{"rendered":"FGJE indaga a tres presuntos responsables de incendiar palmeras en Hermosillo"},"content":{"rendered":"<p>\u25ba Los hechos se registraron entre el 22 y 27 de mayo en tres puntos de la ciudad, en Ignacio Alatorre y Juan Jos\u00e9 R\u00edos, en la colonia Pitic; en el cruce del bulevar Rodr\u00edguez y Nayarit, y en las afueras del Centro de las Artes de la UNISON.<\/p>\n<p>&nbsp;<\/p>\n<p>HERMOSILLO, SONORA,MX.\u2500\u2500 Tres probables responsables de incendiar palmeras en la v\u00eda p\u00fablica, fueron detenidos por elementos de la Agencia Ministerial de Investigaci\u00f3n Criminal (AMIC), Polic\u00eda Estatal de Seguridad P\u00fablica (PESP) y de Seguridad P\u00fablica Municipal de Hermosillo.<\/p>\n<p>&nbsp;<\/p>\n<p>Tras realizar indagatorias, agentes de la Fiscal\u00eda General de Justicia del Estado de Sonora (FGJE) y de la Polic\u00eda Estatal de Seguridad P\u00fablica, se logr\u00f3 ejecutar orden de aprehensi\u00f3n a Jes\u00fas Ram\u00f3n \u201cN.\u201d, de 55 a\u00f1os de edad, por el delito de da\u00f1os cometido en agravio del H. Ayuntamiento de Hermosillo.<\/p>\n<p>&nbsp;<\/p>\n<p>Es se\u00f1alado como el probable responsable de los hechos suscitados el 27 de mayo en bulevar Ignacio Alatorre y Juan Jos\u00e9 R\u00edos, en la colonia Pitic, donde plantas y \u00e1rboles fueron consumidos por fuego directo, determinaron peritajes.<\/p>\n<p>&nbsp;<\/p>\n<p>Polic\u00edas Municipales de Hermosillo, detuvieron a Judas Fernando \u201cN.\u201d, \u201cEl Wico\u201d o \u201cEl Rapado\u201d, por portaci\u00f3n de arma prohibida, en su caso se recabaron datos que lo ubican como probable responsable de incendiar palmeras en Colosio y Rosales, por fuera de la Universidad de Sonora (UNISON), el pasado 22 de mayo.<\/p>\n<p>&nbsp;<\/p>\n<p>Por comparativas de im\u00e1genes registradas en video en c\u00e1maras del C5i y de negocios ubicados en los alrededores del sitio, se desprende que puede tratarse de la misma persona, por lo que se integra datos de pruebas a la carpeta de investigaci\u00f3n.<\/p>\n<p>&nbsp;<\/p>\n<p>Tambi\u00e9n fue asegurado Jhonatan Alejandro \u201cN.\u201d, de 35 a\u00f1os, por elementos AMIC, por su presunta responsabilidad en los da\u00f1os por incendio registrado el 26 de mayo en palmas ubicadas en bulevar Rodr\u00edguez y Nayarit, en la colonia San Benito.<\/p>\n<p>&nbsp;<\/p>\n<p>Personal de la Fiscal\u00eda de Sonora integra datos de pruebas a la carpeta de investigaci\u00f3n, por lo que, en ambos casos, junto con el caso de Judas Fernando \u201cN.\u201d, se podr\u00eda judicializar en las pr\u00f3ximas horas.<\/p>\n<p>Fecha de Publicaci\u00f3n\u00a0\u00a0 viernes\u00a0 \/ 4\u00a0 \/ junio \/ 2021<\/p>\n","protected":false},"excerpt":{"rendered":"<p>\u25ba Los hechos se registraron entre el 22 y 27 de mayo en tres puntos&#8230;<\/p>\n","protected":false},"author":1,"featured_media":115627,"comment_status":"open","ping_status":"open","sticky":false,"template":"","format":"standard","meta":{"_monsterinsights_skip_tracking":false,"_monsterinsights_sitenote_active":false,"_monsterinsights_sitenote_note":"","_monsterinsights_sitenote_category":0,"footnotes":""},"categories":[3144],"tags":[35,5769],"class_list":["post"],"yoast_head":" \n<title>Sonora en Equipo. FGJE indaga a tres presuntos responsables de incendiar palmeras en Hermosillo Polic\u00edaca<\/title>\n<meta name=\"description\" content=\"\u25ba Los hechos se registraron entre el 22 y 27 de mayo en tres puntos de la ciudad, en Ignacio Alatorre y Juan Jos\u00e9 R\u00edos, en la colonia Pitic; en el cruce En Sonora en Equipo publicamos toda la informaci\u00f3n de Sonora, M\u00e9xico y el Mundo de manera oportuna y busca que la libertad de expresi\u00f3n sea real. Visita nuestro medio informativo publicado desde Hermosillo, Sonora. %\" \/>\n<meta name=\"robots\" content=\"index, follow, max-snippet:-1, max-image-preview:large, max-video-preview:-1\" \/>\n<link rel=\"canonical\" href=\"https:\/\/www.sonoraenequipo.com.mx\/fgje-indaga-a-tres-presuntos-responsables-de-incendiar-palmeras-en-hermosillo\/\" \/>\n<meta property=\"og:locale\" content=\"es_ES\" \/>\n<meta property=\"og:type\" content=\"article\" \/>\n<meta property=\"og:title\" content=\"Sonora en Equipo. FGJE indaga a tres presuntos responsables de incendiar palmeras en Hermosillo Polic\u00edaca\" \/>\n<meta property=\"og:description\" content=\"\u25ba Los hechos se registraron entre el 22 y 27 de mayo en tres puntos de la ciudad, en Ignacio Alatorre y Juan Jos\u00e9 R\u00edos, en la colonia Pitic; en el cruce En Sonora en Equipo publicamos toda la informaci\u00f3n de Sonora, M\u00e9xico y el Mundo de manera oportuna y busca que la libertad de expresi\u00f3n sea real. Visita nuestro medio informativo publicado desde Hermosillo, Sonora. %\" \/>\n<meta property=\"og:url\" content=\"https:\/\/www.sonoraenequipo.com.mx\/fgje-indaga-a-tres-presuntos-responsables-de-incendiar-palmeras-en-hermosillo\/\" \/>\n<meta property=\"og:site_name\" content=\"Sonora en Equipo.\" \/>\n<meta property=\"article:publisher\" content=\"https:\/\/www.facebook.com\/SonoraEE\/\" \/>\n<meta property=\"article:author\" content=\"https:\/\/www.facebook.com\/SonoraEE\" \/>\n<meta property=\"article:published_time\" content=\"2021-06-05T05:45:14+00:00\" \/>\n<meta property=\"article:modified_time\" content=\"2021-06-05T15:02:09+00:00\" \/>\n<meta property=\"og:image\" content=\"https:\/\/www.sonoraenequipo.com.mx\/storage\/2021\/06\/incendiarios.jpg\" \/>\n\t<meta property=\"og:image:width\" content=\"700\" \/>\n\t<meta property=\"og:image:height\" content=\"400\" \/>\n\t<meta property=\"og:image:type\" content=\"image\/jpeg\" \/>\n<meta name=\"author\" content=\"enequipo\" \/>\n<meta name=\"twitter:card\" content=\"summary_large_image\" \/>\n<meta name=\"twitter:creator\" content=\"@sonoraenequipo\" \/>\n<meta name=\"twitter:site\" content=\"@sonoraenequipo\" \/>\n<meta name=\"twitter:label1\" content=\"Escrito por\" \/>\n\t<meta name=\"twitter:data1\" content=\"enequipo\" \/>\n\t<meta name=\"twitter:label2\" content=\"Tiempo de lectura\" \/>\n\t<meta name=\"twitter:data2\" content=\"2 minutos\" \/>\n<script type=\"application\/ld+json\" class=\"yoast-schema-graph\">{\"@context\":\"https:\/\/schema.org\",\"@graph\":[{\"@type\":\"Article\",\"@id\":\"https:\/\/www.sonoraenequipo.com.mx\/fgje-indaga-a-tres-presuntos-responsables-de-incendiar-palmeras-en-hermosillo\/#article\",\"isPartOf\":{\"@id\":\"https:\/\/www.sonoraenequipo.com.mx\/fgje-indaga-a-tres-presuntos-responsables-de-incendiar-palmeras-en-hermosillo\/\"},\"author\":{\"name\":\"enequipo\",\"@id\":\"https:\/\/www.sonoraenequipo.com.mx\/#\/schema\/person\/50102df0fb23a8fa9e8effad8fa81386\"},\"headline\":\"FGJE indaga a tres presuntos responsables de incendiar palmeras en Hermosillo\",\"datePublished\":\"2021-06-05T05:45:14+00:00\",\"dateModified\":\"2021-06-05T15:02:09+00:00\",\"mainEntityOfPage\":{\"@id\":\"https:\/\/www.sonoraenequipo.com.mx\/fgje-indaga-a-tres-presuntos-responsables-de-incendiar-palmeras-en-hermosillo\/\"},\"wordCount\":391,\"commentCount\":0,\"publisher\":{\"@id\":\"https:\/\/www.sonoraenequipo.com.mx\/#organization\"},\"image\":{\"@id\":\"https:\/\/www.sonoraenequipo.com.mx\/fgje-indaga-a-tres-presuntos-responsables-de-incendiar-palmeras-en-hermosillo\/#primaryimage\"},\"thumbnailUrl\":\"https:\/\/www.sonoraenequipo.com.mx\/storage\/2021\/06\/incendiarios.jpg\",\"keywords\":[\"hermosillo\",\"incendio palmeras\"],\"articleSection\":[\"Polic\u00edaca\"],\"inLanguage\":\"es\",\"potentialAction\":[{\"@type\":\"CommentAction\",\"name\":\"Comment\",\"target\":[\"https:\/\/www.sonoraenequipo.com.mx\/fgje-indaga-a-tres-presuntos-responsables-de-incendiar-palmeras-en-hermosillo\/#respond\"]}]},{\"@type\":\"WebPage\",\"@id\":\"https:\/\/www.sonoraenequipo.com.mx\/fgje-indaga-a-tres-presuntos-responsables-de-incendiar-palmeras-en-hermosillo\/\",\"url\":\"https:\/\/www.sonoraenequipo.com.mx\/fgje-indaga-a-tres-presuntos-responsables-de-incendiar-palmeras-en-hermosillo\/\",\"name\":\"Sonora en Equipo. FGJE indaga a tres presuntos responsables de incendiar palmeras en Hermosillo Polic\u00edaca\",\"isPartOf\":{\"@id\":\"https:\/\/www.sonoraenequipo.com.mx\/#website\"},\"primaryImageOfPage\":{\"@id\":\"https:\/\/www.sonoraenequipo.com.mx\/fgje-indaga-a-tres-presuntos-responsables-de-incendiar-palmeras-en-hermosillo\/#primaryimage\"},\"image\":{\"@id\":\"https:\/\/www.sonoraenequipo.com.mx\/fgje-indaga-a-tres-presuntos-responsables-de-incendiar-palmeras-en-hermosillo\/#primaryimage\"},\"thumbnailUrl\":\"https:\/\/www.sonoraenequipo.com.mx\/storage\/2021\/06\/incendiarios.jpg\",\"datePublished\":\"2021-06-05T05:45:14+00:00\",\"dateModified\":\"2021-06-05T15:02:09+00:00\",\"description\":\"\u25ba Los hechos se registraron entre el 22 y 27 de mayo en tres puntos de la ciudad, en Ignacio Alatorre y Juan Jos\u00e9 R\u00edos, en la colonia Pitic; en el cruce En Sonora en Equipo publicamos toda la informaci\u00f3n de Sonora, M\u00e9xico y el Mundo de manera oportuna y busca que la libertad de expresi\u00f3n sea real. Visita nuestro medio informativo publicado desde Hermosillo, Sonora. %\",\"breadcrumb\":{\"@id\":\"https:\/\/www.sonoraenequipo.com.mx\/fgje-indaga-a-tres-presuntos-responsables-de-incendiar-palmeras-en-hermosillo\/#breadcrumb\"},\"inLanguage\":\"es\",\"potentialAction\":[{\"@type\":\"ReadAction\",\"target\":[\"https:\/\/www.sonoraenequipo.com.mx\/fgje-indaga-a-tres-presuntos-responsables-de-incendiar-palmeras-en-hermosillo\/\"]}]},{\"@type\":\"ImageObject\",\"inLanguage\":\"es\",\"@id\":\"https:\/\/www.sonoraenequipo.com.mx\/fgje-indaga-a-tres-presuntos-responsables-de-incendiar-palmeras-en-hermosillo\/#primaryimage\",\"url\":\"https:\/\/www.sonoraenequipo.com.mx\/storage\/2021\/06\/incendiarios.jpg\",\"contentUrl\":\"https:\/\/www.sonoraenequipo.com.mx\/storage\/2021\/06\/incendiarios.jpg\",\"width\":700,\"height\":400},{\"@type\":\"BreadcrumbList\",\"@id\":\"https:\/\/www.sonoraenequipo.com.mx\/fgje-indaga-a-tres-presuntos-responsables-de-incendiar-palmeras-en-hermosillo\/#breadcrumb\",\"itemListElement\":[{\"@type\":\"ListItem\",\"position\":1,\"name\":\"Portada\",\"item\":\"https:\/\/www.sonoraenequipo.com.mx\/\"},{\"@type\":\"ListItem\",\"position\":2,\"name\":\"FGJE indaga a tres presuntos responsables de incendiar palmeras en Hermosillo\"}]},{\"@type\":\"WebSite\",\"@id\":\"https:\/\/www.sonoraenequipo.com.mx\/#website\",\"url\":\"https:\/\/www.sonoraenequipo.com.mx\/\",\"name\":\"Sonora en Equipo.\",\"description\":\"Diario en l\u00ednea con Noticias desde Hermosillo, Sonora\",\"publisher\":{\"@id\":\"https:\/\/www.sonoraenequipo.com.mx\/#organization\"},\"potentialAction\":[{\"@type\":\"SearchAction\",\"target\":{\"@type\":\"EntryPoint\",\"urlTemplate\":\"https:\/\/www.sonoraenequipo.com.mx\/?s={search_term_string}\"},\"query-input\":{\"@type\":\"PropertyValueSpecification\",\"valueRequired\":true,\"valueName\":\"search_term_string\"}}],\"inLanguage\":\"es\"},{\"@type\":\"Organization\",\"@id\":\"https:\/\/www.sonoraenequipo.com.mx\/#organization\",\"name\":\"Sonoraenequipo.com.mx\",\"url\":\"https:\/\/www.sonoraenequipo.com.mx\/\",\"logo\":{\"@type\":\"ImageObject\",\"inLanguage\":\"es\",\"@id\":\"https:\/\/www.sonoraenequipo.com.mx\/#\/schema\/logo\/image\/\",\"url\":\"https:\/\/www.sonoraenequipo.com.mx\/storage\/2019\/01\/sonoraenequipo_opt.png\",\"contentUrl\":\"https:\/\/www.sonoraenequipo.com.mx\/storage\/2019\/01\/sonoraenequipo_opt.png\",\"width\":375,\"height\":125,\"caption\":\"Sonoraenequipo.com.mx\"},\"image\":{\"@id\":\"https:\/\/www.sonoraenequipo.com.mx\/#\/schema\/logo\/image\/\"},\"sameAs\":[\"https:\/\/www.facebook.com\/SonoraEE\/\",\"https:\/\/x.com\/sonoraenequipo\",\"https:\/\/www.youtube.com\/channel\/UC338nW-lPEYmJQs4ZABQ1SQ\"]},{\"@type\":\"Person\",\"@id\":\"https:\/\/www.sonoraenequipo.com.mx\/#\/schema\/person\/50102df0fb23a8fa9e8effad8fa81386\",\"name\":\"enequipo\",\"image\":{\"@type\":\"ImageObject\",\"inLanguage\":\"es\",\"@id\":\"https:\/\/www.sonoraenequipo.com.mx\/#\/schema\/person\/image\/\",\"url\":\"https:\/\/secure.gravatar.com\/avatar\/049821681b589dabc0bc20695993ccebb09f5b5d4d790cd9251b97faac7c652b?s=96&d=blank&r=g\",\"contentUrl\":\"https:\/\/secure.gravatar.com\/avatar\/049821681b589dabc0bc20695993ccebb09f5b5d4d790cd9251b97faac7c652b?s=96&d=blank&r=g\",\"caption\":\"enequipo\"},\"sameAs\":[\"https:\/\/www.facebook.com\/SonoraEE\"]}]}<\/script>\n ","yoast_head_json":{"title":"Sonora en Equipo. FGJE indaga a tres presuntos responsables de incendiar palmeras en Hermosillo Polic\u00edaca","description":"\u25ba Los hechos se registraron entre el 22 y 27 de mayo en tres puntos de la ciudad, en Ignacio Alatorre y Juan Jos\u00e9 R\u00edos, en la colonia Pitic; en el cruce En Sonora en Equipo publicamos toda la informaci\u00f3n de Sonora, M\u00e9xico y el Mundo de manera oportuna y busca que la libertad de expresi\u00f3n sea real. Visita nuestro medio informativo publicado desde Hermosillo, Sonora. %","robots":{"index":"index","follow":"follow","max-snippet":"max-snippet:-1","max-image-preview":"max-image-preview:large","max-video-preview":"max-video-preview:-1"},"canonical":"https:\/\/www.sonoraenequipo.com.mx\/fgje-indaga-a-tres-presuntos-responsables-de-incendiar-palmeras-en-hermosillo\/","og_locale":"es_ES","og_type":"article","og_title":"Sonora en Equipo. FGJE indaga a tres presuntos responsables de incendiar palmeras en Hermosillo Polic\u00edaca","og_description":"\u25ba Los hechos se registraron entre el 22 y 27 de mayo en tres puntos de la ciudad, en Ignacio Alatorre y Juan Jos\u00e9 R\u00edos, en la colonia Pitic; en el cruce En Sonora en Equipo publicamos toda la informaci\u00f3n de Sonora, M\u00e9xico y el Mundo de manera oportuna y busca que la libertad de expresi\u00f3n sea real. Visita nuestro medio informativo publicado desde Hermosillo, Sonora. %","og_url":"https:\/\/www.sonoraenequipo.com.mx\/fgje-indaga-a-tres-presuntos-responsables-de-incendiar-palmeras-en-hermosillo\/","og_site_name":"Sonora en Equipo.","article_publisher":"https:\/\/www.facebook.com\/SonoraEE\/","article_author":"https:\/\/www.facebook.com\/SonoraEE","article_published_time":"2021-06-05T05:45:14+00:00","article_modified_time":"2021-06-05T15:02:09+00:00","og_image":[{"width":700,"height":400,"url":"https:\/\/www.sonoraenequipo.com.mx\/storage\/2021\/06\/incendiarios.jpg","type":"image\/jpeg"}],"author":"enequipo","twitter_card":"summary_large_image","twitter_creator":"@sonoraenequipo","twitter_site":"@sonoraenequipo","twitter_misc":{"Escrito por":"enequipo","Tiempo de lectura":"2 minutos"},"schema":{"@context":"https:\/\/schema.org","@graph":[{"@type":"Article","@id":"https:\/\/www.sonoraenequipo.com.mx\/fgje-indaga-a-tres-presuntos-responsables-de-incendiar-palmeras-en-hermosillo\/#article","isPartOf":{"@id":"https:\/\/www.sonoraenequipo.com.mx\/fgje-indaga-a-tres-presuntos-responsables-de-incendiar-palmeras-en-hermosillo\/"},"author":{"name":"enequipo","@id":"https:\/\/www.sonoraenequipo.com.mx\/#\/schema\/person\/50102df0fb23a8fa9e8effad8fa81386"},"headline":"FGJE indaga a tres presuntos responsables de incendiar palmeras en Hermosillo","datePublished":"2021-06-05T05:45:14+00:00","dateModified":"2021-06-05T15:02:09+00:00","mainEntityOfPage":{"@id":"https:\/\/www.sonoraenequipo.com.mx\/fgje-indaga-a-tres-presuntos-responsables-de-incendiar-palmeras-en-hermosillo\/"},"wordCount":391,"commentCount":0,"publisher":{"@id":"https:\/\/www.sonoraenequipo.com.mx\/#organization"},"image":{"@id":"https:\/\/www.sonoraenequipo.com.mx\/fgje-indaga-a-tres-presuntos-responsables-de-incendiar-palmeras-en-hermosillo\/#primaryimage"},"thumbnailUrl":"https:\/\/www.sonoraenequipo.com.mx\/storage\/2021\/06\/incendiarios.jpg","keywords":["hermosillo","incendio palmeras"],"articleSection":["Polic\u00edaca"],"inLanguage":"es","potentialAction":[{"@type":"CommentAction","name":"Comment","target":["https:\/\/www.sonoraenequipo.com.mx\/fgje-indaga-a-tres-presuntos-responsables-de-incendiar-palmeras-en-hermosillo\/#respond"]}]},{"@type":"WebPage","@id":"https:\/\/www.sonoraenequipo.com.mx\/fgje-indaga-a-tres-presuntos-responsables-de-incendiar-palmeras-en-hermosillo\/","url":"https:\/\/www.sonoraenequipo.com.mx\/fgje-indaga-a-tres-presuntos-responsables-de-incendiar-palmeras-en-hermosillo\/","name":"Sonora en Equipo. FGJE indaga a tres presuntos responsables de incendiar palmeras en Hermosillo Polic\u00edaca","isPartOf":{"@id":"https:\/\/www.sonoraenequipo.com.mx\/#website"},"primaryImageOfPage":{"@id":"https:\/\/www.sonoraenequipo.com.mx\/fgje-indaga-a-tres-presuntos-responsables-de-incendiar-palmeras-en-hermosillo\/#primaryimage"},"image":{"@id":"https:\/\/www.sonoraenequipo.com.mx\/fgje-indaga-a-tres-presuntos-responsables-de-incendiar-palmeras-en-hermosillo\/#primaryimage"},"thumbnailUrl":"https:\/\/www.sonoraenequipo.com.mx\/storage\/2021\/06\/incendiarios.jpg","datePublished":"2021-06-05T05:45:14+00:00","dateModified":"2021-06-05T15:02:09+00:00","description":"\u25ba Los hechos se registraron entre el 22 y 27 de mayo en tres puntos de la ciudad, en Ignacio Alatorre y Juan Jos\u00e9 R\u00edos, en la colonia Pitic; en el cruce En Sonora en Equipo publicamos toda la informaci\u00f3n de Sonora, M\u00e9xico y el Mundo de manera oportuna y busca que la libertad de expresi\u00f3n sea real. Visita nuestro medio informativo publicado desde Hermosillo, Sonora. %","breadcrumb":{"@id":"https:\/\/www.sonoraenequipo.com.mx\/fgje-indaga-a-tres-presuntos-responsables-de-incendiar-palmeras-en-hermosillo\/#breadcrumb"},"inLanguage":"es","potentialAction":[{"@type":"ReadAction","target":["https:\/\/www.sonoraenequipo.com.mx\/fgje-indaga-a-tres-presuntos-responsables-de-incendiar-palmeras-en-hermosillo\/"]}]},{"@type":"ImageObject","inLanguage":"es","@id":"https:\/\/www.sonoraenequipo.com.mx\/fgje-indaga-a-tres-presuntos-responsables-de-incendiar-palmeras-en-hermosillo\/#primaryimage","url":"https:\/\/www.sonoraenequipo.com.mx\/storage\/2021\/06\/incendiarios.jpg","contentUrl":"https:\/\/www.sonoraenequipo.com.mx\/storage\/2021\/06\/incendiarios.jpg","width":700,"height":400},{"@type":"BreadcrumbList","@id":"https:\/\/www.sonoraenequipo.com.mx\/fgje-indaga-a-tres-presuntos-responsables-de-incendiar-palmeras-en-hermosillo\/#breadcrumb","itemListElement":[{"@type":"ListItem","position":1,"name":"Portada","item":"https:\/\/www.sonoraenequipo.com.mx\/"},{"@type":"ListItem","position":2,"name":"FGJE indaga a tres presuntos responsables de incendiar palmeras en Hermosillo"}]},{"@type":"WebSite","@id":"https:\/\/www.sonoraenequipo.com.mx\/#website","url":"https:\/\/www.sonoraenequipo.com.mx\/","name":"Sonora en Equipo.","description":"Diario en l\u00ednea con Noticias desde Hermosillo, Sonora","publisher":{"@id":"https:\/\/www.sonoraenequipo.com.mx\/#organization"},"potentialAction":[{"@type":"SearchAction","target":{"@type":"EntryPoint","urlTemplate":"https:\/\/www.sonoraenequipo.com.mx\/?s={search_term_string}"},"query-input":{"@type":"PropertyValueSpecification","valueRequired":true,"valueName":"search_term_string"}}],"inLanguage":"es"},{"@type":"Organization","@id":"https:\/\/www.sonoraenequipo.com.mx\/#organization","name":"Sonoraenequipo.com.mx","url":"https:\/\/www.sonoraenequipo.com.mx\/","logo":{"@type":"ImageObject","inLanguage":"es","@id":"https:\/\/www.sonoraenequipo.com.mx\/#\/schema\/logo\/image\/","url":"https:\/\/www.sonoraenequipo.com.mx\/storage\/2019\/01\/sonoraenequipo_opt.png","contentUrl":"https:\/\/www.sonoraenequipo.com.mx\/storage\/2019\/01\/sonoraenequipo_opt.png","width":375,"height":125,"caption":"Sonoraenequipo.com.mx"},"image":{"@id":"https:\/\/www.sonoraenequipo.com.mx\/#\/schema\/logo\/image\/"},"sameAs":["https:\/\/www.facebook.com\/SonoraEE\/","https:\/\/x.com\/sonoraenequipo","https:\/\/www.youtube.com\/channel\/UC338nW-lPEYmJQs4ZABQ1SQ"]},{"@type":"Person","@id":"https:\/\/www.sonoraenequipo.com.mx\/#\/schema\/person\/50102df0fb23a8fa9e8effad8fa81386","name":"enequipo","image":{"@type":"ImageObject","inLanguage":"es","@id":"https:\/\/www.sonoraenequipo.com.mx\/#\/schema\/person\/image\/","url":"https:\/\/secure.gravatar.com\/avatar\/049821681b589dabc0bc20695993ccebb09f5b5d4d790cd9251b97faac7c652b?s=96&d=blank&r=g","contentUrl":"https:\/\/secure.gravatar.com\/avatar\/049821681b589dabc0bc20695993ccebb09f5b5d4d790cd9251b97faac7c652b?s=96&d=blank&r=g","caption":"enequipo"},"sameAs":["https:\/\/www.facebook.com\/SonoraEE"]}]}},"jetpack_featured_media_url":"https:\/\/www.sonoraenequipo.com.mx\/storage\/2021\/06\/incendiarios.jpg","_links":{"self":[{"href":"https:\/\/www.sonoraenequipo.com.mx\/api\/wp\/v2\/posts\/115626","targetHints":{"allow":["GET"]}}],"collection":[{"href":"https:\/\/www.sonoraenequipo.com.mx\/api\/wp\/v2\/posts"}],"about":[{"href":"https:\/\/www.sonoraenequipo.com.mx\/api\/wp\/v2\/types\/post"}],"author":[{"embeddable":true,"href":"https:\/\/www.sonoraenequipo.com.mx\/api\/wp\/v2\/users\/1"}],"replies":[{"embeddable":true,"href":"https:\/\/www.sonoraenequipo.com.mx\/api\/wp\/v2\/comments?post=115626"}],"version-history":[{"count":1,"href":"https:\/\/www.sonoraenequipo.com.mx\/api\/wp\/v2\/posts\/115626\/revisions"}],"predecessor-version":[{"id":115628,"href":"https:\/\/www.sonoraenequipo.com.mx\/api\/wp\/v2\/posts\/115626\/revisions\/115628"}],"wp:featuredmedia":[{"embeddable":true,"href":"https:\/\/www.sonoraenequipo.com.mx\/api\/wp\/v2\/media\/115627"}],"wp:attachment":[{"href":"https:\/\/www.sonoraenequipo.com.mx\/api\/wp\/v2\/media?parent=115626"}],"wp:term":[{"taxonomy":"category","embeddable":true,"href":"https:\/\/www.sonoraenequipo.com.mx\/api\/wp\/v2\/categories?post=115626"},{"taxonomy":"post_tag","embeddable":true,"href":"https:\/\/www.sonoraenequipo.com.mx\/api\/wp\/v2\/tags?post=115626"}],"curies":[{"name":"wp","href":"https:\/\/api.w.org\/{rel}","templated":true}]}}