{"id":115757,"date":"2021-06-07T07:00:50","date_gmt":"2021-06-07T14:00:50","guid":{"rendered":"https:\/\/www.sonoraenequipo.com.mx\/?p=115757"},"modified":"2021-06-07T07:54:32","modified_gmt":"2021-06-07T14:54:32","slug":"el-estado-le-abrio-las-puertas-a-la-cuarta-transformacion-alfonso-durazo","status":"publish","type":"post","link":"https:\/\/www.sonoraenequipo.com.mx\/el-estado-le-abrio-las-puertas-a-la-cuarta-transformacion-alfonso-durazo\/","title":{"rendered":"El estado le abri\u00f3 las puertas a la Cuarta Transformaci\u00f3n; Alfonso Durazo"},"content":{"rendered":"<p>HERMOSILLO, SONORA. MX. \u2014 El candidato de la alianza \u00abJuntos haremos historia en Sonora\u00bb, Alfonso Durazo Monta\u00f1o, declar\u00f3 la obtenci\u00f3n de \u201cun triunfo irrevocable\u201d en la contienda rumbo a la gubernatura de Sonora<\/p>\n<p>&nbsp;<\/p>\n<p> <\/p>\n<p>&nbsp;<\/p>\n<p>Durante una concentraci\u00f3n con sus simpatizantes en la plaza Emiliana de Zubeld\u00eda, dijo asumir la victoria con humildad y sin triunfalismos y afirm\u00f3 que el pueblo de Sonora decidi\u00f3 abrirle las puertas de par en par a la Cuarta Transformaci\u00f3n:<\/p>\n<p>&nbsp;<\/p>\n<p><em>\u201cPor voluntad ciudadana ha triunfado la opci\u00f3n del cambio verdadero. Ha hablado la sed de justicia y la voluntad transformadora de las y los sonorenses. Hoy termina una \u00e9poca y otra est\u00e1 a punto de comenzar. El viejo orden vive sus \u00faltimas horas. Suenan ya las campanas de su partida\u201d.<\/em><\/p>\n<p>&nbsp;<\/p>\n<p>El senador con licencia prometi\u00f3 encabezar un gobierno honesto, tolerante, incluyente, \u201cy sobre todo humano y decente\u201d, que traer\u00e1 justicia a los marginados, y reiter\u00f3 que no le quedar\u00e1 mal a quienes han depositado su esperanza en el movimiento de transformaci\u00f3n.<\/p>\n<p>&nbsp;<\/p>\n<p>Por primera vez, dijo Durazo Monta\u00f1o, Sonora se ha expresado con claridad y contundencia a favor de un gobierno progresista, por un mandato a favor de la democracia, la libertad, la justicia y el bienestar para todas y todos y ya nom\u00e1s para unos cuantos.<\/p>\n<p>&nbsp;<\/p>\n<p>El candidato se comprometi\u00f3 en los primeros cien d\u00edas de gobierno a las siguientes prioridades: combatir la corrupci\u00f3n y la impunidad; revertir la decadencia que heredar\u00e1 el nuevo gobierno con un programa de austeridad en las finanzas p\u00fablicas, lanzar un programa de recuperaci\u00f3n econ\u00f3mica de los empleos perdidos durante la pandemia; recuperar el sistema de salud y rescatar el Isssteson; e impulsar una nueva estrategia de seguridad para restaurar la paz y la tranquilidad del estado.<\/p>\n<p>&nbsp;<\/p>\n<p>Finalmente asegur\u00f3 que no existe posibilidad de que su m\u00e1s cercano adversario remonte la ventaja que tiene en las urnas e invit\u00f3 a sus adversarios a aceptar civilizadamente los resultados electorales. Asimismo, expres\u00f3 su respeto a quienes votaron por otros candidatos y partidos y llam\u00f3 a todos los sonorenses a la reconciliaci\u00f3n y a poner el inter\u00e9s general por encima de los intereses personales.<\/p>\n<p>&nbsp;<\/p>\n<p>(Publicada el 07\/06\/2021)<\/p>\n","protected":false},"excerpt":{"rendered":"<p>HERMOSILLO, SONORA. MX. \u2014 El candidato de la alianza \u00abJuntos haremos historia en Sonora\u00bb, Alfonso&#8230;<\/p>\n","protected":false},"author":1,"featured_media":115759,"comment_status":"open","ping_status":"open","sticky":false,"template":"","format":"standard","meta":{"_monsterinsights_skip_tracking":false,"_monsterinsights_sitenote_active":false,"_monsterinsights_sitenote_note":"","_monsterinsights_sitenote_category":0,"footnotes":""},"categories":[22],"tags":[],"class_list":["post"],"yoast_head":" \n<title>Sonora en Equipo. El estado le abri\u00f3 las puertas a la Cuarta Transformaci\u00f3n; Alfonso Durazo Sonora<\/title>\n<meta name=\"description\" content=\"HERMOSILLO, SONORA. MX. \u2014 El candidato de la alianza &quot;Juntos haremos historia en Sonora&quot;, Alfonso Durazo Monta\u00f1o, declar\u00f3 la obtenci\u00f3n de \u201cun triunfo En Sonora en Equipo publicamos toda la informaci\u00f3n de Sonora, M\u00e9xico y el Mundo de manera oportuna y busca que la libertad de expresi\u00f3n sea real. Visita nuestro medio informativo publicado desde Hermosillo, Sonora. %\" \/>\n<meta name=\"robots\" content=\"index, follow, max-snippet:-1, max-image-preview:large, max-video-preview:-1\" \/>\n<link rel=\"canonical\" href=\"https:\/\/www.sonoraenequipo.com.mx\/el-estado-le-abrio-las-puertas-a-la-cuarta-transformacion-alfonso-durazo\/\" \/>\n<meta property=\"og:locale\" content=\"es_ES\" \/>\n<meta property=\"og:type\" content=\"article\" \/>\n<meta property=\"og:title\" content=\"Sonora en Equipo. El estado le abri\u00f3 las puertas a la Cuarta Transformaci\u00f3n; Alfonso Durazo Sonora\" \/>\n<meta property=\"og:description\" content=\"HERMOSILLO, SONORA. MX. \u2014 El candidato de la alianza &quot;Juntos haremos historia en Sonora&quot;, Alfonso Durazo Monta\u00f1o, declar\u00f3 la obtenci\u00f3n de \u201cun triunfo En Sonora en Equipo publicamos toda la informaci\u00f3n de Sonora, M\u00e9xico y el Mundo de manera oportuna y busca que la libertad de expresi\u00f3n sea real. Visita nuestro medio informativo publicado desde Hermosillo, Sonora. %\" \/>\n<meta property=\"og:url\" content=\"https:\/\/www.sonoraenequipo.com.mx\/el-estado-le-abrio-las-puertas-a-la-cuarta-transformacion-alfonso-durazo\/\" \/>\n<meta property=\"og:site_name\" content=\"Sonora en Equipo.\" \/>\n<meta property=\"article:publisher\" content=\"https:\/\/www.facebook.com\/SonoraEE\/\" \/>\n<meta property=\"article:author\" content=\"https:\/\/www.facebook.com\/SonoraEE\" \/>\n<meta property=\"article:published_time\" content=\"2021-06-07T14:00:50+00:00\" \/>\n<meta property=\"article:modified_time\" content=\"2021-06-07T14:54:32+00:00\" \/>\n<meta property=\"og:image\" content=\"https:\/\/www.sonoraenequipo.com.mx\/storage\/2021\/06\/alfonso-durazo-gana-gubernatura_opt.jpg\" \/>\n\t<meta property=\"og:image:width\" content=\"700\" \/>\n\t<meta property=\"og:image:height\" content=\"400\" \/>\n\t<meta property=\"og:image:type\" content=\"image\/jpeg\" \/>\n<meta name=\"author\" content=\"enequipo\" \/>\n<meta name=\"twitter:card\" content=\"summary_large_image\" \/>\n<meta name=\"twitter:creator\" content=\"@sonoraenequipo\" \/>\n<meta name=\"twitter:site\" content=\"@sonoraenequipo\" \/>\n<meta name=\"twitter:label1\" content=\"Escrito por\" \/>\n\t<meta name=\"twitter:data1\" content=\"enequipo\" \/>\n\t<meta name=\"twitter:label2\" content=\"Tiempo de lectura\" \/>\n\t<meta name=\"twitter:data2\" content=\"2 minutos\" \/>\n<script type=\"application\/ld+json\" class=\"yoast-schema-graph\">{\"@context\":\"https:\/\/schema.org\",\"@graph\":[{\"@type\":\"Article\",\"@id\":\"https:\/\/www.sonoraenequipo.com.mx\/el-estado-le-abrio-las-puertas-a-la-cuarta-transformacion-alfonso-durazo\/#article\",\"isPartOf\":{\"@id\":\"https:\/\/www.sonoraenequipo.com.mx\/el-estado-le-abrio-las-puertas-a-la-cuarta-transformacion-alfonso-durazo\/\"},\"author\":{\"name\":\"enequipo\",\"@id\":\"https:\/\/www.sonoraenequipo.com.mx\/#\/schema\/person\/50102df0fb23a8fa9e8effad8fa81386\"},\"headline\":\"El estado le abri\u00f3 las puertas a la Cuarta Transformaci\u00f3n; Alfonso Durazo\",\"datePublished\":\"2021-06-07T14:00:50+00:00\",\"dateModified\":\"2021-06-07T14:54:32+00:00\",\"mainEntityOfPage\":{\"@id\":\"https:\/\/www.sonoraenequipo.com.mx\/el-estado-le-abrio-las-puertas-a-la-cuarta-transformacion-alfonso-durazo\/\"},\"wordCount\":388,\"commentCount\":0,\"publisher\":{\"@id\":\"https:\/\/www.sonoraenequipo.com.mx\/#organization\"},\"image\":{\"@id\":\"https:\/\/www.sonoraenequipo.com.mx\/el-estado-le-abrio-las-puertas-a-la-cuarta-transformacion-alfonso-durazo\/#primaryimage\"},\"thumbnailUrl\":\"https:\/\/www.sonoraenequipo.com.mx\/storage\/2021\/06\/alfonso-durazo-gana-gubernatura_opt.jpg\",\"articleSection\":[\"Sonora\"],\"inLanguage\":\"es\",\"potentialAction\":[{\"@type\":\"CommentAction\",\"name\":\"Comment\",\"target\":[\"https:\/\/www.sonoraenequipo.com.mx\/el-estado-le-abrio-las-puertas-a-la-cuarta-transformacion-alfonso-durazo\/#respond\"]}]},{\"@type\":\"WebPage\",\"@id\":\"https:\/\/www.sonoraenequipo.com.mx\/el-estado-le-abrio-las-puertas-a-la-cuarta-transformacion-alfonso-durazo\/\",\"url\":\"https:\/\/www.sonoraenequipo.com.mx\/el-estado-le-abrio-las-puertas-a-la-cuarta-transformacion-alfonso-durazo\/\",\"name\":\"Sonora en Equipo. El estado le abri\u00f3 las puertas a la Cuarta Transformaci\u00f3n; Alfonso Durazo Sonora\",\"isPartOf\":{\"@id\":\"https:\/\/www.sonoraenequipo.com.mx\/#website\"},\"primaryImageOfPage\":{\"@id\":\"https:\/\/www.sonoraenequipo.com.mx\/el-estado-le-abrio-las-puertas-a-la-cuarta-transformacion-alfonso-durazo\/#primaryimage\"},\"image\":{\"@id\":\"https:\/\/www.sonoraenequipo.com.mx\/el-estado-le-abrio-las-puertas-a-la-cuarta-transformacion-alfonso-durazo\/#primaryimage\"},\"thumbnailUrl\":\"https:\/\/www.sonoraenequipo.com.mx\/storage\/2021\/06\/alfonso-durazo-gana-gubernatura_opt.jpg\",\"datePublished\":\"2021-06-07T14:00:50+00:00\",\"dateModified\":\"2021-06-07T14:54:32+00:00\",\"description\":\"HERMOSILLO, SONORA. MX. \u2014 El candidato de la alianza \\\"Juntos haremos historia en Sonora\\\", Alfonso Durazo Monta\u00f1o, declar\u00f3 la obtenci\u00f3n de \u201cun triunfo En Sonora en Equipo publicamos toda la informaci\u00f3n de Sonora, M\u00e9xico y el Mundo de manera oportuna y busca que la libertad de expresi\u00f3n sea real. Visita nuestro medio informativo publicado desde Hermosillo, Sonora. %\",\"breadcrumb\":{\"@id\":\"https:\/\/www.sonoraenequipo.com.mx\/el-estado-le-abrio-las-puertas-a-la-cuarta-transformacion-alfonso-durazo\/#breadcrumb\"},\"inLanguage\":\"es\",\"potentialAction\":[{\"@type\":\"ReadAction\",\"target\":[\"https:\/\/www.sonoraenequipo.com.mx\/el-estado-le-abrio-las-puertas-a-la-cuarta-transformacion-alfonso-durazo\/\"]}]},{\"@type\":\"ImageObject\",\"inLanguage\":\"es\",\"@id\":\"https:\/\/www.sonoraenequipo.com.mx\/el-estado-le-abrio-las-puertas-a-la-cuarta-transformacion-alfonso-durazo\/#primaryimage\",\"url\":\"https:\/\/www.sonoraenequipo.com.mx\/storage\/2021\/06\/alfonso-durazo-gana-gubernatura_opt.jpg\",\"contentUrl\":\"https:\/\/www.sonoraenequipo.com.mx\/storage\/2021\/06\/alfonso-durazo-gana-gubernatura_opt.jpg\",\"width\":700,\"height\":400},{\"@type\":\"BreadcrumbList\",\"@id\":\"https:\/\/www.sonoraenequipo.com.mx\/el-estado-le-abrio-las-puertas-a-la-cuarta-transformacion-alfonso-durazo\/#breadcrumb\",\"itemListElement\":[{\"@type\":\"ListItem\",\"position\":1,\"name\":\"Portada\",\"item\":\"https:\/\/www.sonoraenequipo.com.mx\/\"},{\"@type\":\"ListItem\",\"position\":2,\"name\":\"El estado le abri\u00f3 las puertas a la Cuarta Transformaci\u00f3n; Alfonso Durazo\"}]},{\"@type\":\"WebSite\",\"@id\":\"https:\/\/www.sonoraenequipo.com.mx\/#website\",\"url\":\"https:\/\/www.sonoraenequipo.com.mx\/\",\"name\":\"Sonora en Equipo.\",\"description\":\"Diario en l\u00ednea con Noticias desde Hermosillo, Sonora\",\"publisher\":{\"@id\":\"https:\/\/www.sonoraenequipo.com.mx\/#organization\"},\"potentialAction\":[{\"@type\":\"SearchAction\",\"target\":{\"@type\":\"EntryPoint\",\"urlTemplate\":\"https:\/\/www.sonoraenequipo.com.mx\/?s={search_term_string}\"},\"query-input\":{\"@type\":\"PropertyValueSpecification\",\"valueRequired\":true,\"valueName\":\"search_term_string\"}}],\"inLanguage\":\"es\"},{\"@type\":\"Organization\",\"@id\":\"https:\/\/www.sonoraenequipo.com.mx\/#organization\",\"name\":\"Sonoraenequipo.com.mx\",\"url\":\"https:\/\/www.sonoraenequipo.com.mx\/\",\"logo\":{\"@type\":\"ImageObject\",\"inLanguage\":\"es\",\"@id\":\"https:\/\/www.sonoraenequipo.com.mx\/#\/schema\/logo\/image\/\",\"url\":\"https:\/\/www.sonoraenequipo.com.mx\/storage\/2019\/01\/sonoraenequipo_opt.png\",\"contentUrl\":\"https:\/\/www.sonoraenequipo.com.mx\/storage\/2019\/01\/sonoraenequipo_opt.png\",\"width\":375,\"height\":125,\"caption\":\"Sonoraenequipo.com.mx\"},\"image\":{\"@id\":\"https:\/\/www.sonoraenequipo.com.mx\/#\/schema\/logo\/image\/\"},\"sameAs\":[\"https:\/\/www.facebook.com\/SonoraEE\/\",\"https:\/\/x.com\/sonoraenequipo\",\"https:\/\/www.youtube.com\/channel\/UC338nW-lPEYmJQs4ZABQ1SQ\"]},{\"@type\":\"Person\",\"@id\":\"https:\/\/www.sonoraenequipo.com.mx\/#\/schema\/person\/50102df0fb23a8fa9e8effad8fa81386\",\"name\":\"enequipo\",\"image\":{\"@type\":\"ImageObject\",\"inLanguage\":\"es\",\"@id\":\"https:\/\/www.sonoraenequipo.com.mx\/#\/schema\/person\/image\/\",\"url\":\"https:\/\/secure.gravatar.com\/avatar\/049821681b589dabc0bc20695993ccebb09f5b5d4d790cd9251b97faac7c652b?s=96&d=blank&r=g\",\"contentUrl\":\"https:\/\/secure.gravatar.com\/avatar\/049821681b589dabc0bc20695993ccebb09f5b5d4d790cd9251b97faac7c652b?s=96&d=blank&r=g\",\"caption\":\"enequipo\"},\"sameAs\":[\"https:\/\/www.facebook.com\/SonoraEE\"]}]}<\/script>\n ","yoast_head_json":{"title":"Sonora en Equipo. El estado le abri\u00f3 las puertas a la Cuarta Transformaci\u00f3n; Alfonso Durazo Sonora","description":"HERMOSILLO, SONORA. MX. \u2014 El candidato de la alianza \"Juntos haremos historia en Sonora\", Alfonso Durazo Monta\u00f1o, declar\u00f3 la obtenci\u00f3n de \u201cun triunfo En Sonora en Equipo publicamos toda la informaci\u00f3n de Sonora, M\u00e9xico y el Mundo de manera oportuna y busca que la libertad de expresi\u00f3n sea real. Visita nuestro medio informativo publicado desde Hermosillo, Sonora. %","robots":{"index":"index","follow":"follow","max-snippet":"max-snippet:-1","max-image-preview":"max-image-preview:large","max-video-preview":"max-video-preview:-1"},"canonical":"https:\/\/www.sonoraenequipo.com.mx\/el-estado-le-abrio-las-puertas-a-la-cuarta-transformacion-alfonso-durazo\/","og_locale":"es_ES","og_type":"article","og_title":"Sonora en Equipo. El estado le abri\u00f3 las puertas a la Cuarta Transformaci\u00f3n; Alfonso Durazo Sonora","og_description":"HERMOSILLO, SONORA. MX. \u2014 El candidato de la alianza \"Juntos haremos historia en Sonora\", Alfonso Durazo Monta\u00f1o, declar\u00f3 la obtenci\u00f3n de \u201cun triunfo En Sonora en Equipo publicamos toda la informaci\u00f3n de Sonora, M\u00e9xico y el Mundo de manera oportuna y busca que la libertad de expresi\u00f3n sea real. Visita nuestro medio informativo publicado desde Hermosillo, Sonora. %","og_url":"https:\/\/www.sonoraenequipo.com.mx\/el-estado-le-abrio-las-puertas-a-la-cuarta-transformacion-alfonso-durazo\/","og_site_name":"Sonora en Equipo.","article_publisher":"https:\/\/www.facebook.com\/SonoraEE\/","article_author":"https:\/\/www.facebook.com\/SonoraEE","article_published_time":"2021-06-07T14:00:50+00:00","article_modified_time":"2021-06-07T14:54:32+00:00","og_image":[{"width":700,"height":400,"url":"https:\/\/www.sonoraenequipo.com.mx\/storage\/2021\/06\/alfonso-durazo-gana-gubernatura_opt.jpg","type":"image\/jpeg"}],"author":"enequipo","twitter_card":"summary_large_image","twitter_creator":"@sonoraenequipo","twitter_site":"@sonoraenequipo","twitter_misc":{"Escrito por":"enequipo","Tiempo de lectura":"2 minutos"},"schema":{"@context":"https:\/\/schema.org","@graph":[{"@type":"Article","@id":"https:\/\/www.sonoraenequipo.com.mx\/el-estado-le-abrio-las-puertas-a-la-cuarta-transformacion-alfonso-durazo\/#article","isPartOf":{"@id":"https:\/\/www.sonoraenequipo.com.mx\/el-estado-le-abrio-las-puertas-a-la-cuarta-transformacion-alfonso-durazo\/"},"author":{"name":"enequipo","@id":"https:\/\/www.sonoraenequipo.com.mx\/#\/schema\/person\/50102df0fb23a8fa9e8effad8fa81386"},"headline":"El estado le abri\u00f3 las puertas a la Cuarta Transformaci\u00f3n; Alfonso Durazo","datePublished":"2021-06-07T14:00:50+00:00","dateModified":"2021-06-07T14:54:32+00:00","mainEntityOfPage":{"@id":"https:\/\/www.sonoraenequipo.com.mx\/el-estado-le-abrio-las-puertas-a-la-cuarta-transformacion-alfonso-durazo\/"},"wordCount":388,"commentCount":0,"publisher":{"@id":"https:\/\/www.sonoraenequipo.com.mx\/#organization"},"image":{"@id":"https:\/\/www.sonoraenequipo.com.mx\/el-estado-le-abrio-las-puertas-a-la-cuarta-transformacion-alfonso-durazo\/#primaryimage"},"thumbnailUrl":"https:\/\/www.sonoraenequipo.com.mx\/storage\/2021\/06\/alfonso-durazo-gana-gubernatura_opt.jpg","articleSection":["Sonora"],"inLanguage":"es","potentialAction":[{"@type":"CommentAction","name":"Comment","target":["https:\/\/www.sonoraenequipo.com.mx\/el-estado-le-abrio-las-puertas-a-la-cuarta-transformacion-alfonso-durazo\/#respond"]}]},{"@type":"WebPage","@id":"https:\/\/www.sonoraenequipo.com.mx\/el-estado-le-abrio-las-puertas-a-la-cuarta-transformacion-alfonso-durazo\/","url":"https:\/\/www.sonoraenequipo.com.mx\/el-estado-le-abrio-las-puertas-a-la-cuarta-transformacion-alfonso-durazo\/","name":"Sonora en Equipo. El estado le abri\u00f3 las puertas a la Cuarta Transformaci\u00f3n; Alfonso Durazo Sonora","isPartOf":{"@id":"https:\/\/www.sonoraenequipo.com.mx\/#website"},"primaryImageOfPage":{"@id":"https:\/\/www.sonoraenequipo.com.mx\/el-estado-le-abrio-las-puertas-a-la-cuarta-transformacion-alfonso-durazo\/#primaryimage"},"image":{"@id":"https:\/\/www.sonoraenequipo.com.mx\/el-estado-le-abrio-las-puertas-a-la-cuarta-transformacion-alfonso-durazo\/#primaryimage"},"thumbnailUrl":"https:\/\/www.sonoraenequipo.com.mx\/storage\/2021\/06\/alfonso-durazo-gana-gubernatura_opt.jpg","datePublished":"2021-06-07T14:00:50+00:00","dateModified":"2021-06-07T14:54:32+00:00","description":"HERMOSILLO, SONORA. MX. \u2014 El candidato de la alianza \"Juntos haremos historia en Sonora\", Alfonso Durazo Monta\u00f1o, declar\u00f3 la obtenci\u00f3n de \u201cun triunfo En Sonora en Equipo publicamos toda la informaci\u00f3n de Sonora, M\u00e9xico y el Mundo de manera oportuna y busca que la libertad de expresi\u00f3n sea real. Visita nuestro medio informativo publicado desde Hermosillo, Sonora. %","breadcrumb":{"@id":"https:\/\/www.sonoraenequipo.com.mx\/el-estado-le-abrio-las-puertas-a-la-cuarta-transformacion-alfonso-durazo\/#breadcrumb"},"inLanguage":"es","potentialAction":[{"@type":"ReadAction","target":["https:\/\/www.sonoraenequipo.com.mx\/el-estado-le-abrio-las-puertas-a-la-cuarta-transformacion-alfonso-durazo\/"]}]},{"@type":"ImageObject","inLanguage":"es","@id":"https:\/\/www.sonoraenequipo.com.mx\/el-estado-le-abrio-las-puertas-a-la-cuarta-transformacion-alfonso-durazo\/#primaryimage","url":"https:\/\/www.sonoraenequipo.com.mx\/storage\/2021\/06\/alfonso-durazo-gana-gubernatura_opt.jpg","contentUrl":"https:\/\/www.sonoraenequipo.com.mx\/storage\/2021\/06\/alfonso-durazo-gana-gubernatura_opt.jpg","width":700,"height":400},{"@type":"BreadcrumbList","@id":"https:\/\/www.sonoraenequipo.com.mx\/el-estado-le-abrio-las-puertas-a-la-cuarta-transformacion-alfonso-durazo\/#breadcrumb","itemListElement":[{"@type":"ListItem","position":1,"name":"Portada","item":"https:\/\/www.sonoraenequipo.com.mx\/"},{"@type":"ListItem","position":2,"name":"El estado le abri\u00f3 las puertas a la Cuarta Transformaci\u00f3n; Alfonso Durazo"}]},{"@type":"WebSite","@id":"https:\/\/www.sonoraenequipo.com.mx\/#website","url":"https:\/\/www.sonoraenequipo.com.mx\/","name":"Sonora en Equipo.","description":"Diario en l\u00ednea con Noticias desde Hermosillo, Sonora","publisher":{"@id":"https:\/\/www.sonoraenequipo.com.mx\/#organization"},"potentialAction":[{"@type":"SearchAction","target":{"@type":"EntryPoint","urlTemplate":"https:\/\/www.sonoraenequipo.com.mx\/?s={search_term_string}"},"query-input":{"@type":"PropertyValueSpecification","valueRequired":true,"valueName":"search_term_string"}}],"inLanguage":"es"},{"@type":"Organization","@id":"https:\/\/www.sonoraenequipo.com.mx\/#organization","name":"Sonoraenequipo.com.mx","url":"https:\/\/www.sonoraenequipo.com.mx\/","logo":{"@type":"ImageObject","inLanguage":"es","@id":"https:\/\/www.sonoraenequipo.com.mx\/#\/schema\/logo\/image\/","url":"https:\/\/www.sonoraenequipo.com.mx\/storage\/2019\/01\/sonoraenequipo_opt.png","contentUrl":"https:\/\/www.sonoraenequipo.com.mx\/storage\/2019\/01\/sonoraenequipo_opt.png","width":375,"height":125,"caption":"Sonoraenequipo.com.mx"},"image":{"@id":"https:\/\/www.sonoraenequipo.com.mx\/#\/schema\/logo\/image\/"},"sameAs":["https:\/\/www.facebook.com\/SonoraEE\/","https:\/\/x.com\/sonoraenequipo","https:\/\/www.youtube.com\/channel\/UC338nW-lPEYmJQs4ZABQ1SQ"]},{"@type":"Person","@id":"https:\/\/www.sonoraenequipo.com.mx\/#\/schema\/person\/50102df0fb23a8fa9e8effad8fa81386","name":"enequipo","image":{"@type":"ImageObject","inLanguage":"es","@id":"https:\/\/www.sonoraenequipo.com.mx\/#\/schema\/person\/image\/","url":"https:\/\/secure.gravatar.com\/avatar\/049821681b589dabc0bc20695993ccebb09f5b5d4d790cd9251b97faac7c652b?s=96&d=blank&r=g","contentUrl":"https:\/\/secure.gravatar.com\/avatar\/049821681b589dabc0bc20695993ccebb09f5b5d4d790cd9251b97faac7c652b?s=96&d=blank&r=g","caption":"enequipo"},"sameAs":["https:\/\/www.facebook.com\/SonoraEE"]}]}},"jetpack_featured_media_url":"https:\/\/www.sonoraenequipo.com.mx\/storage\/2021\/06\/alfonso-durazo-gana-gubernatura_opt.jpg","_links":{"self":[{"href":"https:\/\/www.sonoraenequipo.com.mx\/api\/wp\/v2\/posts\/115757","targetHints":{"allow":["GET"]}}],"collection":[{"href":"https:\/\/www.sonoraenequipo.com.mx\/api\/wp\/v2\/posts"}],"about":[{"href":"https:\/\/www.sonoraenequipo.com.mx\/api\/wp\/v2\/types\/post"}],"author":[{"embeddable":true,"href":"https:\/\/www.sonoraenequipo.com.mx\/api\/wp\/v2\/users\/1"}],"replies":[{"embeddable":true,"href":"https:\/\/www.sonoraenequipo.com.mx\/api\/wp\/v2\/comments?post=115757"}],"version-history":[{"count":1,"href":"https:\/\/www.sonoraenequipo.com.mx\/api\/wp\/v2\/posts\/115757\/revisions"}],"predecessor-version":[{"id":115760,"href":"https:\/\/www.sonoraenequipo.com.mx\/api\/wp\/v2\/posts\/115757\/revisions\/115760"}],"wp:featuredmedia":[{"embeddable":true,"href":"https:\/\/www.sonoraenequipo.com.mx\/api\/wp\/v2\/media\/115759"}],"wp:attachment":[{"href":"https:\/\/www.sonoraenequipo.com.mx\/api\/wp\/v2\/media?parent=115757"}],"wp:term":[{"taxonomy":"category","embeddable":true,"href":"https:\/\/www.sonoraenequipo.com.mx\/api\/wp\/v2\/categories?post=115757"},{"taxonomy":"post_tag","embeddable":true,"href":"https:\/\/www.sonoraenequipo.com.mx\/api\/wp\/v2\/tags?post=115757"}],"curies":[{"name":"wp","href":"https:\/\/api.w.org\/{rel}","templated":true}]}}