{"id":115761,"date":"2021-06-07T08:00:48","date_gmt":"2021-06-07T15:00:48","guid":{"rendered":"https:\/\/www.sonoraenequipo.com.mx\/?p=115761"},"modified":"2021-06-07T10:29:20","modified_gmt":"2021-06-07T17:29:20","slug":"jeff-bezos-realizara-primer-viaje-turistico-al-espacio-de-su-compania-blue-origin-el-20-de-julio","status":"publish","type":"post","link":"https:\/\/www.sonoraenequipo.com.mx\/jeff-bezos-realizara-primer-viaje-turistico-al-espacio-de-su-compania-blue-origin-el-20-de-julio\/","title":{"rendered":"Jeff Bezos realizar\u00e1 primer viaje tur\u00edstico al espacio de su compa\u00f1\u00eda Blue Origin el 20 de julio"},"content":{"rendered":"<p>ESTADOS UNIDOS. \u2014 El fundador de Amazon, Jeff Bezos, viajar\u00e1 al espacio el pr\u00f3ximo 20 de julio de 2021 en el primer viaje tur\u00edstico tripulado de su compa\u00f1\u00eda Blue Origin, anunci\u00f3 el propio magnate en su cuenta de Instagram.<\/p>\n<p>&nbsp;<\/p>\n<p> <\/p>\n<p>&nbsp;<\/p>\n<p>La fecha de este lanzamiento, en el que Bezos estar\u00e1 acompa\u00f1ado de su hermano, se ha programado 15 d\u00edas despu\u00e9s de su marcha como consejero delegado de Amazon.<\/p>\n<p><em>\u201cDesde que ten\u00eda cinco a\u00f1os siempre he so\u00f1ado con viajar al espacio. El 20 de julio har\u00e9 ese viaje con mi hermano. La m\u00e1s grande aventura, con mi mejor amigo\u201d,<\/em> dijo Bezos en Instagram, en un mensaje que acompa\u00f1a de un v\u00eddeo en el que el fundador de Amazon invita a su hermano a vivir con \u00e9l esta experiencia.<\/p>\n<p>&nbsp;<\/p>\n<p>Bezos explic\u00f3 que ver la tierra desde el espacio \u201cte cambia y cambia tu relaci\u00f3n con el planeta y con la humanidad\u201d y subraya que toda su vida ha querido vivir esa aventura.<\/p>\n<p>&nbsp;<\/p>\n<p>Blue Origin dijo que Bezos y su hermano Mark viajar\u00e1n en el primer vuelo tripulado del cohete New Sheperd de la compa\u00f1\u00eda.<\/p>\n<p>&nbsp;<\/p>\n<p>El pasado 26 de mayo, en una reuni\u00f3n virtual de accionistas de Amazon, Bezos anunci\u00f3 que abandonar\u00e1 el puesto de m\u00e1ximo responsable de la compa\u00f1\u00eda el pr\u00f3ximo 5 de julio, cuando se oficializar\u00e1 el traspaso a su sucesor, Andy Jassy.<\/p>\n<p>&nbsp;<\/p>\n<p>As\u00ed, como \u00e9l mismo indic\u00f3, tendr\u00e1 m\u00e1s tiempo para centrarse en iniciativas filantr\u00f3picas y en la gesti\u00f3n de sus otras empresas, Blue Origin y el diario The Washington Post.<\/p>\n<p>&nbsp;<\/p>\n<p>Bezos fund\u00f3 en el a\u00f1o 2000 Blue Origin, su empresa de exploraci\u00f3n espacial.<\/p>\n<p>&nbsp;<\/p>\n<p>La compa\u00f1\u00eda mantiene a\u00fan abierta la subasta de un asiento en este primer vuelo tripulado en el que viajar\u00e1n Bezos y su hermano. Seg\u00fan la p\u00e1gina web, la puja m\u00e1s alta se encuentra en este momento en 2.8 millones de d\u00f3lares.<\/p>\n<p>&nbsp;<\/p>\n<p>(Publicada el 07\/06\/2021 \/ Con informaci\u00f3n de EFE)<\/p>\n","protected":false},"excerpt":{"rendered":"<p>ESTADOS UNIDOS. \u2014 El fundador de Amazon, Jeff Bezos, viajar\u00e1 al espacio el pr\u00f3ximo 20&#8230;<\/p>\n","protected":false},"author":1,"featured_media":115770,"comment_status":"open","ping_status":"open","sticky":false,"template":"","format":"standard","meta":{"_monsterinsights_skip_tracking":false,"_monsterinsights_sitenote_active":false,"_monsterinsights_sitenote_note":"","_monsterinsights_sitenote_category":0,"footnotes":""},"categories":[2216],"tags":[],"class_list":["post"],"yoast_head":" \n<title>Sonora en Equipo. Jeff Bezos realizar\u00e1 primer viaje tur\u00edstico al espacio de su compa\u00f1\u00eda Blue Origin el 20 de julio Ciencia y Tecnolog\u00eda<\/title>\n<meta name=\"description\" content=\"ESTADOS UNIDOS. \u2014 El fundador de Amazon, Jeff Bezos, viajar\u00e1 al espacio el pr\u00f3ximo 20 de julio de 2021 en el primer viaje tur\u00edstico tripulado de su En Sonora en Equipo publicamos toda la informaci\u00f3n de Sonora, M\u00e9xico y el Mundo de manera oportuna y busca que la libertad de expresi\u00f3n sea real. Visita nuestro medio informativo publicado desde Hermosillo, Sonora. %\" \/>\n<meta name=\"robots\" content=\"index, follow, max-snippet:-1, max-image-preview:large, max-video-preview:-1\" \/>\n<link rel=\"canonical\" href=\"https:\/\/www.sonoraenequipo.com.mx\/jeff-bezos-realizara-primer-viaje-turistico-al-espacio-de-su-compania-blue-origin-el-20-de-julio\/\" \/>\n<meta property=\"og:locale\" content=\"es_ES\" \/>\n<meta property=\"og:type\" content=\"article\" \/>\n<meta property=\"og:title\" content=\"Sonora en Equipo. Jeff Bezos realizar\u00e1 primer viaje tur\u00edstico al espacio de su compa\u00f1\u00eda Blue Origin el 20 de julio Ciencia y Tecnolog\u00eda\" \/>\n<meta property=\"og:description\" content=\"ESTADOS UNIDOS. \u2014 El fundador de Amazon, Jeff Bezos, viajar\u00e1 al espacio el pr\u00f3ximo 20 de julio de 2021 en el primer viaje tur\u00edstico tripulado de su En Sonora en Equipo publicamos toda la informaci\u00f3n de Sonora, M\u00e9xico y el Mundo de manera oportuna y busca que la libertad de expresi\u00f3n sea real. Visita nuestro medio informativo publicado desde Hermosillo, Sonora. %\" \/>\n<meta property=\"og:url\" content=\"https:\/\/www.sonoraenequipo.com.mx\/jeff-bezos-realizara-primer-viaje-turistico-al-espacio-de-su-compania-blue-origin-el-20-de-julio\/\" \/>\n<meta property=\"og:site_name\" content=\"Sonora en Equipo.\" \/>\n<meta property=\"article:publisher\" content=\"https:\/\/www.facebook.com\/SonoraEE\/\" \/>\n<meta property=\"article:author\" content=\"https:\/\/www.facebook.com\/SonoraEE\" \/>\n<meta property=\"article:published_time\" content=\"2021-06-07T15:00:48+00:00\" \/>\n<meta property=\"article:modified_time\" content=\"2021-06-07T17:29:20+00:00\" \/>\n<meta property=\"og:image\" content=\"https:\/\/www.sonoraenequipo.com.mx\/storage\/2021\/06\/jeff-bezos-viajara-al-espacio-el-20-de-julio-de-2021_opt.jpg\" \/>\n\t<meta property=\"og:image:width\" content=\"700\" \/>\n\t<meta property=\"og:image:height\" content=\"400\" \/>\n\t<meta property=\"og:image:type\" content=\"image\/jpeg\" \/>\n<meta name=\"author\" content=\"enequipo\" \/>\n<meta name=\"twitter:card\" content=\"summary_large_image\" \/>\n<meta name=\"twitter:creator\" content=\"@sonoraenequipo\" \/>\n<meta name=\"twitter:site\" content=\"@sonoraenequipo\" \/>\n<meta name=\"twitter:label1\" content=\"Escrito por\" \/>\n\t<meta name=\"twitter:data1\" content=\"enequipo\" \/>\n\t<meta name=\"twitter:label2\" content=\"Tiempo de lectura\" \/>\n\t<meta name=\"twitter:data2\" content=\"2 minutos\" \/>\n<script type=\"application\/ld+json\" class=\"yoast-schema-graph\">{\"@context\":\"https:\/\/schema.org\",\"@graph\":[{\"@type\":\"Article\",\"@id\":\"https:\/\/www.sonoraenequipo.com.mx\/jeff-bezos-realizara-primer-viaje-turistico-al-espacio-de-su-compania-blue-origin-el-20-de-julio\/#article\",\"isPartOf\":{\"@id\":\"https:\/\/www.sonoraenequipo.com.mx\/jeff-bezos-realizara-primer-viaje-turistico-al-espacio-de-su-compania-blue-origin-el-20-de-julio\/\"},\"author\":{\"name\":\"enequipo\",\"@id\":\"https:\/\/www.sonoraenequipo.com.mx\/#\/schema\/person\/50102df0fb23a8fa9e8effad8fa81386\"},\"headline\":\"Jeff Bezos realizar\u00e1 primer viaje tur\u00edstico al espacio de su compa\u00f1\u00eda Blue Origin el 20 de julio\",\"datePublished\":\"2021-06-07T15:00:48+00:00\",\"dateModified\":\"2021-06-07T17:29:20+00:00\",\"mainEntityOfPage\":{\"@id\":\"https:\/\/www.sonoraenequipo.com.mx\/jeff-bezos-realizara-primer-viaje-turistico-al-espacio-de-su-compania-blue-origin-el-20-de-julio\/\"},\"wordCount\":360,\"commentCount\":0,\"publisher\":{\"@id\":\"https:\/\/www.sonoraenequipo.com.mx\/#organization\"},\"image\":{\"@id\":\"https:\/\/www.sonoraenequipo.com.mx\/jeff-bezos-realizara-primer-viaje-turistico-al-espacio-de-su-compania-blue-origin-el-20-de-julio\/#primaryimage\"},\"thumbnailUrl\":\"https:\/\/www.sonoraenequipo.com.mx\/storage\/2021\/06\/jeff-bezos-viajara-al-espacio-el-20-de-julio-de-2021_opt.jpg\",\"articleSection\":[\"Ciencia y Tecnolog\u00eda\"],\"inLanguage\":\"es\",\"potentialAction\":[{\"@type\":\"CommentAction\",\"name\":\"Comment\",\"target\":[\"https:\/\/www.sonoraenequipo.com.mx\/jeff-bezos-realizara-primer-viaje-turistico-al-espacio-de-su-compania-blue-origin-el-20-de-julio\/#respond\"]}]},{\"@type\":\"WebPage\",\"@id\":\"https:\/\/www.sonoraenequipo.com.mx\/jeff-bezos-realizara-primer-viaje-turistico-al-espacio-de-su-compania-blue-origin-el-20-de-julio\/\",\"url\":\"https:\/\/www.sonoraenequipo.com.mx\/jeff-bezos-realizara-primer-viaje-turistico-al-espacio-de-su-compania-blue-origin-el-20-de-julio\/\",\"name\":\"Sonora en Equipo. Jeff Bezos realizar\u00e1 primer viaje tur\u00edstico al espacio de su compa\u00f1\u00eda Blue Origin el 20 de julio Ciencia y Tecnolog\u00eda\",\"isPartOf\":{\"@id\":\"https:\/\/www.sonoraenequipo.com.mx\/#website\"},\"primaryImageOfPage\":{\"@id\":\"https:\/\/www.sonoraenequipo.com.mx\/jeff-bezos-realizara-primer-viaje-turistico-al-espacio-de-su-compania-blue-origin-el-20-de-julio\/#primaryimage\"},\"image\":{\"@id\":\"https:\/\/www.sonoraenequipo.com.mx\/jeff-bezos-realizara-primer-viaje-turistico-al-espacio-de-su-compania-blue-origin-el-20-de-julio\/#primaryimage\"},\"thumbnailUrl\":\"https:\/\/www.sonoraenequipo.com.mx\/storage\/2021\/06\/jeff-bezos-viajara-al-espacio-el-20-de-julio-de-2021_opt.jpg\",\"datePublished\":\"2021-06-07T15:00:48+00:00\",\"dateModified\":\"2021-06-07T17:29:20+00:00\",\"description\":\"ESTADOS UNIDOS. \u2014 El fundador de Amazon, Jeff Bezos, viajar\u00e1 al espacio el pr\u00f3ximo 20 de julio de 2021 en el primer viaje tur\u00edstico tripulado de su En Sonora en Equipo publicamos toda la informaci\u00f3n de Sonora, M\u00e9xico y el Mundo de manera oportuna y busca que la libertad de expresi\u00f3n sea real. Visita nuestro medio informativo publicado desde Hermosillo, Sonora. %\",\"breadcrumb\":{\"@id\":\"https:\/\/www.sonoraenequipo.com.mx\/jeff-bezos-realizara-primer-viaje-turistico-al-espacio-de-su-compania-blue-origin-el-20-de-julio\/#breadcrumb\"},\"inLanguage\":\"es\",\"potentialAction\":[{\"@type\":\"ReadAction\",\"target\":[\"https:\/\/www.sonoraenequipo.com.mx\/jeff-bezos-realizara-primer-viaje-turistico-al-espacio-de-su-compania-blue-origin-el-20-de-julio\/\"]}]},{\"@type\":\"ImageObject\",\"inLanguage\":\"es\",\"@id\":\"https:\/\/www.sonoraenequipo.com.mx\/jeff-bezos-realizara-primer-viaje-turistico-al-espacio-de-su-compania-blue-origin-el-20-de-julio\/#primaryimage\",\"url\":\"https:\/\/www.sonoraenequipo.com.mx\/storage\/2021\/06\/jeff-bezos-viajara-al-espacio-el-20-de-julio-de-2021_opt.jpg\",\"contentUrl\":\"https:\/\/www.sonoraenequipo.com.mx\/storage\/2021\/06\/jeff-bezos-viajara-al-espacio-el-20-de-julio-de-2021_opt.jpg\",\"width\":700,\"height\":400},{\"@type\":\"BreadcrumbList\",\"@id\":\"https:\/\/www.sonoraenequipo.com.mx\/jeff-bezos-realizara-primer-viaje-turistico-al-espacio-de-su-compania-blue-origin-el-20-de-julio\/#breadcrumb\",\"itemListElement\":[{\"@type\":\"ListItem\",\"position\":1,\"name\":\"Portada\",\"item\":\"https:\/\/www.sonoraenequipo.com.mx\/\"},{\"@type\":\"ListItem\",\"position\":2,\"name\":\"Jeff Bezos realizar\u00e1 primer viaje tur\u00edstico al espacio de su compa\u00f1\u00eda Blue Origin el 20 de julio\"}]},{\"@type\":\"WebSite\",\"@id\":\"https:\/\/www.sonoraenequipo.com.mx\/#website\",\"url\":\"https:\/\/www.sonoraenequipo.com.mx\/\",\"name\":\"Sonora en Equipo.\",\"description\":\"Diario en l\u00ednea con Noticias desde Hermosillo, Sonora\",\"publisher\":{\"@id\":\"https:\/\/www.sonoraenequipo.com.mx\/#organization\"},\"potentialAction\":[{\"@type\":\"SearchAction\",\"target\":{\"@type\":\"EntryPoint\",\"urlTemplate\":\"https:\/\/www.sonoraenequipo.com.mx\/?s={search_term_string}\"},\"query-input\":{\"@type\":\"PropertyValueSpecification\",\"valueRequired\":true,\"valueName\":\"search_term_string\"}}],\"inLanguage\":\"es\"},{\"@type\":\"Organization\",\"@id\":\"https:\/\/www.sonoraenequipo.com.mx\/#organization\",\"name\":\"Sonoraenequipo.com.mx\",\"url\":\"https:\/\/www.sonoraenequipo.com.mx\/\",\"logo\":{\"@type\":\"ImageObject\",\"inLanguage\":\"es\",\"@id\":\"https:\/\/www.sonoraenequipo.com.mx\/#\/schema\/logo\/image\/\",\"url\":\"https:\/\/www.sonoraenequipo.com.mx\/storage\/2019\/01\/sonoraenequipo_opt.png\",\"contentUrl\":\"https:\/\/www.sonoraenequipo.com.mx\/storage\/2019\/01\/sonoraenequipo_opt.png\",\"width\":375,\"height\":125,\"caption\":\"Sonoraenequipo.com.mx\"},\"image\":{\"@id\":\"https:\/\/www.sonoraenequipo.com.mx\/#\/schema\/logo\/image\/\"},\"sameAs\":[\"https:\/\/www.facebook.com\/SonoraEE\/\",\"https:\/\/x.com\/sonoraenequipo\",\"https:\/\/www.youtube.com\/channel\/UC338nW-lPEYmJQs4ZABQ1SQ\"]},{\"@type\":\"Person\",\"@id\":\"https:\/\/www.sonoraenequipo.com.mx\/#\/schema\/person\/50102df0fb23a8fa9e8effad8fa81386\",\"name\":\"enequipo\",\"image\":{\"@type\":\"ImageObject\",\"inLanguage\":\"es\",\"@id\":\"https:\/\/www.sonoraenequipo.com.mx\/#\/schema\/person\/image\/\",\"url\":\"https:\/\/secure.gravatar.com\/avatar\/049821681b589dabc0bc20695993ccebb09f5b5d4d790cd9251b97faac7c652b?s=96&d=blank&r=g\",\"contentUrl\":\"https:\/\/secure.gravatar.com\/avatar\/049821681b589dabc0bc20695993ccebb09f5b5d4d790cd9251b97faac7c652b?s=96&d=blank&r=g\",\"caption\":\"enequipo\"},\"sameAs\":[\"https:\/\/www.facebook.com\/SonoraEE\"]}]}<\/script>\n ","yoast_head_json":{"title":"Sonora en Equipo. Jeff Bezos realizar\u00e1 primer viaje tur\u00edstico al espacio de su compa\u00f1\u00eda Blue Origin el 20 de julio Ciencia y Tecnolog\u00eda","description":"ESTADOS UNIDOS. \u2014 El fundador de Amazon, Jeff Bezos, viajar\u00e1 al espacio el pr\u00f3ximo 20 de julio de 2021 en el primer viaje tur\u00edstico tripulado de su En Sonora en Equipo publicamos toda la informaci\u00f3n de Sonora, M\u00e9xico y el Mundo de manera oportuna y busca que la libertad de expresi\u00f3n sea real. Visita nuestro medio informativo publicado desde Hermosillo, Sonora. %","robots":{"index":"index","follow":"follow","max-snippet":"max-snippet:-1","max-image-preview":"max-image-preview:large","max-video-preview":"max-video-preview:-1"},"canonical":"https:\/\/www.sonoraenequipo.com.mx\/jeff-bezos-realizara-primer-viaje-turistico-al-espacio-de-su-compania-blue-origin-el-20-de-julio\/","og_locale":"es_ES","og_type":"article","og_title":"Sonora en Equipo. Jeff Bezos realizar\u00e1 primer viaje tur\u00edstico al espacio de su compa\u00f1\u00eda Blue Origin el 20 de julio Ciencia y Tecnolog\u00eda","og_description":"ESTADOS UNIDOS. \u2014 El fundador de Amazon, Jeff Bezos, viajar\u00e1 al espacio el pr\u00f3ximo 20 de julio de 2021 en el primer viaje tur\u00edstico tripulado de su En Sonora en Equipo publicamos toda la informaci\u00f3n de Sonora, M\u00e9xico y el Mundo de manera oportuna y busca que la libertad de expresi\u00f3n sea real. Visita nuestro medio informativo publicado desde Hermosillo, Sonora. %","og_url":"https:\/\/www.sonoraenequipo.com.mx\/jeff-bezos-realizara-primer-viaje-turistico-al-espacio-de-su-compania-blue-origin-el-20-de-julio\/","og_site_name":"Sonora en Equipo.","article_publisher":"https:\/\/www.facebook.com\/SonoraEE\/","article_author":"https:\/\/www.facebook.com\/SonoraEE","article_published_time":"2021-06-07T15:00:48+00:00","article_modified_time":"2021-06-07T17:29:20+00:00","og_image":[{"width":700,"height":400,"url":"https:\/\/www.sonoraenequipo.com.mx\/storage\/2021\/06\/jeff-bezos-viajara-al-espacio-el-20-de-julio-de-2021_opt.jpg","type":"image\/jpeg"}],"author":"enequipo","twitter_card":"summary_large_image","twitter_creator":"@sonoraenequipo","twitter_site":"@sonoraenequipo","twitter_misc":{"Escrito por":"enequipo","Tiempo de lectura":"2 minutos"},"schema":{"@context":"https:\/\/schema.org","@graph":[{"@type":"Article","@id":"https:\/\/www.sonoraenequipo.com.mx\/jeff-bezos-realizara-primer-viaje-turistico-al-espacio-de-su-compania-blue-origin-el-20-de-julio\/#article","isPartOf":{"@id":"https:\/\/www.sonoraenequipo.com.mx\/jeff-bezos-realizara-primer-viaje-turistico-al-espacio-de-su-compania-blue-origin-el-20-de-julio\/"},"author":{"name":"enequipo","@id":"https:\/\/www.sonoraenequipo.com.mx\/#\/schema\/person\/50102df0fb23a8fa9e8effad8fa81386"},"headline":"Jeff Bezos realizar\u00e1 primer viaje tur\u00edstico al espacio de su compa\u00f1\u00eda Blue Origin el 20 de julio","datePublished":"2021-06-07T15:00:48+00:00","dateModified":"2021-06-07T17:29:20+00:00","mainEntityOfPage":{"@id":"https:\/\/www.sonoraenequipo.com.mx\/jeff-bezos-realizara-primer-viaje-turistico-al-espacio-de-su-compania-blue-origin-el-20-de-julio\/"},"wordCount":360,"commentCount":0,"publisher":{"@id":"https:\/\/www.sonoraenequipo.com.mx\/#organization"},"image":{"@id":"https:\/\/www.sonoraenequipo.com.mx\/jeff-bezos-realizara-primer-viaje-turistico-al-espacio-de-su-compania-blue-origin-el-20-de-julio\/#primaryimage"},"thumbnailUrl":"https:\/\/www.sonoraenequipo.com.mx\/storage\/2021\/06\/jeff-bezos-viajara-al-espacio-el-20-de-julio-de-2021_opt.jpg","articleSection":["Ciencia y Tecnolog\u00eda"],"inLanguage":"es","potentialAction":[{"@type":"CommentAction","name":"Comment","target":["https:\/\/www.sonoraenequipo.com.mx\/jeff-bezos-realizara-primer-viaje-turistico-al-espacio-de-su-compania-blue-origin-el-20-de-julio\/#respond"]}]},{"@type":"WebPage","@id":"https:\/\/www.sonoraenequipo.com.mx\/jeff-bezos-realizara-primer-viaje-turistico-al-espacio-de-su-compania-blue-origin-el-20-de-julio\/","url":"https:\/\/www.sonoraenequipo.com.mx\/jeff-bezos-realizara-primer-viaje-turistico-al-espacio-de-su-compania-blue-origin-el-20-de-julio\/","name":"Sonora en Equipo. Jeff Bezos realizar\u00e1 primer viaje tur\u00edstico al espacio de su compa\u00f1\u00eda Blue Origin el 20 de julio Ciencia y Tecnolog\u00eda","isPartOf":{"@id":"https:\/\/www.sonoraenequipo.com.mx\/#website"},"primaryImageOfPage":{"@id":"https:\/\/www.sonoraenequipo.com.mx\/jeff-bezos-realizara-primer-viaje-turistico-al-espacio-de-su-compania-blue-origin-el-20-de-julio\/#primaryimage"},"image":{"@id":"https:\/\/www.sonoraenequipo.com.mx\/jeff-bezos-realizara-primer-viaje-turistico-al-espacio-de-su-compania-blue-origin-el-20-de-julio\/#primaryimage"},"thumbnailUrl":"https:\/\/www.sonoraenequipo.com.mx\/storage\/2021\/06\/jeff-bezos-viajara-al-espacio-el-20-de-julio-de-2021_opt.jpg","datePublished":"2021-06-07T15:00:48+00:00","dateModified":"2021-06-07T17:29:20+00:00","description":"ESTADOS UNIDOS. \u2014 El fundador de Amazon, Jeff Bezos, viajar\u00e1 al espacio el pr\u00f3ximo 20 de julio de 2021 en el primer viaje tur\u00edstico tripulado de su En Sonora en Equipo publicamos toda la informaci\u00f3n de Sonora, M\u00e9xico y el Mundo de manera oportuna y busca que la libertad de expresi\u00f3n sea real. Visita nuestro medio informativo publicado desde Hermosillo, Sonora. %","breadcrumb":{"@id":"https:\/\/www.sonoraenequipo.com.mx\/jeff-bezos-realizara-primer-viaje-turistico-al-espacio-de-su-compania-blue-origin-el-20-de-julio\/#breadcrumb"},"inLanguage":"es","potentialAction":[{"@type":"ReadAction","target":["https:\/\/www.sonoraenequipo.com.mx\/jeff-bezos-realizara-primer-viaje-turistico-al-espacio-de-su-compania-blue-origin-el-20-de-julio\/"]}]},{"@type":"ImageObject","inLanguage":"es","@id":"https:\/\/www.sonoraenequipo.com.mx\/jeff-bezos-realizara-primer-viaje-turistico-al-espacio-de-su-compania-blue-origin-el-20-de-julio\/#primaryimage","url":"https:\/\/www.sonoraenequipo.com.mx\/storage\/2021\/06\/jeff-bezos-viajara-al-espacio-el-20-de-julio-de-2021_opt.jpg","contentUrl":"https:\/\/www.sonoraenequipo.com.mx\/storage\/2021\/06\/jeff-bezos-viajara-al-espacio-el-20-de-julio-de-2021_opt.jpg","width":700,"height":400},{"@type":"BreadcrumbList","@id":"https:\/\/www.sonoraenequipo.com.mx\/jeff-bezos-realizara-primer-viaje-turistico-al-espacio-de-su-compania-blue-origin-el-20-de-julio\/#breadcrumb","itemListElement":[{"@type":"ListItem","position":1,"name":"Portada","item":"https:\/\/www.sonoraenequipo.com.mx\/"},{"@type":"ListItem","position":2,"name":"Jeff Bezos realizar\u00e1 primer viaje tur\u00edstico al espacio de su compa\u00f1\u00eda Blue Origin el 20 de julio"}]},{"@type":"WebSite","@id":"https:\/\/www.sonoraenequipo.com.mx\/#website","url":"https:\/\/www.sonoraenequipo.com.mx\/","name":"Sonora en Equipo.","description":"Diario en l\u00ednea con Noticias desde Hermosillo, Sonora","publisher":{"@id":"https:\/\/www.sonoraenequipo.com.mx\/#organization"},"potentialAction":[{"@type":"SearchAction","target":{"@type":"EntryPoint","urlTemplate":"https:\/\/www.sonoraenequipo.com.mx\/?s={search_term_string}"},"query-input":{"@type":"PropertyValueSpecification","valueRequired":true,"valueName":"search_term_string"}}],"inLanguage":"es"},{"@type":"Organization","@id":"https:\/\/www.sonoraenequipo.com.mx\/#organization","name":"Sonoraenequipo.com.mx","url":"https:\/\/www.sonoraenequipo.com.mx\/","logo":{"@type":"ImageObject","inLanguage":"es","@id":"https:\/\/www.sonoraenequipo.com.mx\/#\/schema\/logo\/image\/","url":"https:\/\/www.sonoraenequipo.com.mx\/storage\/2019\/01\/sonoraenequipo_opt.png","contentUrl":"https:\/\/www.sonoraenequipo.com.mx\/storage\/2019\/01\/sonoraenequipo_opt.png","width":375,"height":125,"caption":"Sonoraenequipo.com.mx"},"image":{"@id":"https:\/\/www.sonoraenequipo.com.mx\/#\/schema\/logo\/image\/"},"sameAs":["https:\/\/www.facebook.com\/SonoraEE\/","https:\/\/x.com\/sonoraenequipo","https:\/\/www.youtube.com\/channel\/UC338nW-lPEYmJQs4ZABQ1SQ"]},{"@type":"Person","@id":"https:\/\/www.sonoraenequipo.com.mx\/#\/schema\/person\/50102df0fb23a8fa9e8effad8fa81386","name":"enequipo","image":{"@type":"ImageObject","inLanguage":"es","@id":"https:\/\/www.sonoraenequipo.com.mx\/#\/schema\/person\/image\/","url":"https:\/\/secure.gravatar.com\/avatar\/049821681b589dabc0bc20695993ccebb09f5b5d4d790cd9251b97faac7c652b?s=96&d=blank&r=g","contentUrl":"https:\/\/secure.gravatar.com\/avatar\/049821681b589dabc0bc20695993ccebb09f5b5d4d790cd9251b97faac7c652b?s=96&d=blank&r=g","caption":"enequipo"},"sameAs":["https:\/\/www.facebook.com\/SonoraEE"]}]}},"jetpack_featured_media_url":"https:\/\/www.sonoraenequipo.com.mx\/storage\/2021\/06\/jeff-bezos-viajara-al-espacio-el-20-de-julio-de-2021_opt.jpg","_links":{"self":[{"href":"https:\/\/www.sonoraenequipo.com.mx\/api\/wp\/v2\/posts\/115761","targetHints":{"allow":["GET"]}}],"collection":[{"href":"https:\/\/www.sonoraenequipo.com.mx\/api\/wp\/v2\/posts"}],"about":[{"href":"https:\/\/www.sonoraenequipo.com.mx\/api\/wp\/v2\/types\/post"}],"author":[{"embeddable":true,"href":"https:\/\/www.sonoraenequipo.com.mx\/api\/wp\/v2\/users\/1"}],"replies":[{"embeddable":true,"href":"https:\/\/www.sonoraenequipo.com.mx\/api\/wp\/v2\/comments?post=115761"}],"version-history":[{"count":1,"href":"https:\/\/www.sonoraenequipo.com.mx\/api\/wp\/v2\/posts\/115761\/revisions"}],"predecessor-version":[{"id":115772,"href":"https:\/\/www.sonoraenequipo.com.mx\/api\/wp\/v2\/posts\/115761\/revisions\/115772"}],"wp:featuredmedia":[{"embeddable":true,"href":"https:\/\/www.sonoraenequipo.com.mx\/api\/wp\/v2\/media\/115770"}],"wp:attachment":[{"href":"https:\/\/www.sonoraenequipo.com.mx\/api\/wp\/v2\/media?parent=115761"}],"wp:term":[{"taxonomy":"category","embeddable":true,"href":"https:\/\/www.sonoraenequipo.com.mx\/api\/wp\/v2\/categories?post=115761"},{"taxonomy":"post_tag","embeddable":true,"href":"https:\/\/www.sonoraenequipo.com.mx\/api\/wp\/v2\/tags?post=115761"}],"curies":[{"name":"wp","href":"https:\/\/api.w.org\/{rel}","templated":true}]}}