{"id":115773,"date":"2021-06-07T07:50:31","date_gmt":"2021-06-07T14:50:31","guid":{"rendered":"https:\/\/www.sonoraenequipo.com.mx\/?p=115773"},"modified":"2021-06-07T10:31:49","modified_gmt":"2021-06-07T17:31:49","slug":"eleccion-historica-reafirmo-el-camino-de-la-democracia-afirma-amlo","status":"publish","type":"post","link":"https:\/\/www.sonoraenequipo.com.mx\/eleccion-historica-reafirmo-el-camino-de-la-democracia-afirma-amlo\/","title":{"rendered":"Elecci\u00f3n hist\u00f3rica reafirm\u00f3 el camino de la democracia, afirma AMLO"},"content":{"rendered":"<p>CIUDAD DE M\u00c9XICO. MX. \u2014El presidente de M\u00e9xico, Andr\u00e9s Manuel L\u00f3pez Obrador, asegur\u00f3 este lunes que las elecciones del domingo 6 de junio reafirmaron el camino a la democracia en nuestro pa\u00eds y felicit\u00f3 al pueblo de M\u00e9xico por su participaci\u00f3n.<\/p>\n<p>&nbsp;<\/p>\n<p> <\/p>\n<p>&nbsp;<\/p>\n<p><em>\u201cAyer se dio un paso important\u00edsimo, es una elecci\u00f3n hist\u00f3rica, han habido pocas elecciones como las de ayer y digo esto porque las elecciones de ayer fueron libres, limpias, como no suced\u00eda en otros tiempos\u201d<\/em>, se\u00f1al\u00f3 el presidente durante su conferencia matutina en Palacio Nacional.<\/p>\n<p>&nbsp;<\/p>\n<p>El presidente inici\u00f3 su conferencia agradeciendo al pueblo de M\u00e9xico por la jornada electoral, la cual, dijo, reafirm\u00f3 el camino hacia la democracia. Asegur\u00f3 que lo fundamental es que se puedan dirimir las diferencias por la v\u00eda electoral y pac\u00edfica.<\/p>\n<p><em>\u201cHubieron desaseos, hubieron intervenciones, injerencias de autoridades locales, pero, a diferencia de otros tiempos, no intervino el Estado, no fueron elecciones de Estado como las que se llevaban a cabo durante d\u00e9cadas y siglos en M\u00e9xico\u201d,<\/em> sentenci\u00f3.<\/p>\n<p>&nbsp;<\/p>\n<p>Indic\u00f3 que las elecciones del domingo \u201cfueron libres\u201d y \u201climpias\u201d, a diferencia de \u201cotros tiempos\u201d.<\/p>\n<p>&nbsp;<\/p>\n<p>En estos comicios, el partido de L\u00f3pez Obrador tambi\u00e9n extendi\u00f3 su poder territorial con la victoria en la mayor\u00eda de los 15 estados en elecci\u00f3n. No obstante, perdi\u00f3 la mayor\u00eda de alcald\u00edas de la Ciudad de M\u00e9xico, su principal basti\u00f3n.<\/p>\n<p>&nbsp;<\/p>\n<p>&nbsp;<\/p>\n<p>(Publicada el 07\/06\/2021\/ Con informaci\u00f3n de Presidencia de la Rep\u00fablica)<\/p>\n","protected":false},"excerpt":{"rendered":"<p>CIUDAD DE M\u00c9XICO. MX. \u2014El presidente de M\u00e9xico, Andr\u00e9s Manuel L\u00f3pez Obrador, asegur\u00f3 este lunes&#8230;<\/p>\n","protected":false},"author":1,"featured_media":115769,"comment_status":"open","ping_status":"open","sticky":false,"template":"","format":"standard","meta":{"_monsterinsights_skip_tracking":false,"_monsterinsights_sitenote_active":false,"_monsterinsights_sitenote_note":"","_monsterinsights_sitenote_category":0,"footnotes":""},"categories":[5],"tags":[],"class_list":["post"],"yoast_head":" \n<title>Sonora en Equipo. Elecci\u00f3n hist\u00f3rica reafirm\u00f3 el camino de la democracia, afirma AMLO Rep\u00fablica<\/title>\n<meta name=\"description\" content=\"CIUDAD DE M\u00c9XICO. MX. \u2014El presidente de M\u00e9xico, Andr\u00e9s Manuel L\u00f3pez Obrador, asegur\u00f3 este lunes que las elecciones del domingo 6 de junio reafirmaron el En Sonora en Equipo publicamos toda la informaci\u00f3n de Sonora, M\u00e9xico y el Mundo de manera oportuna y busca que la libertad de expresi\u00f3n sea real. Visita nuestro medio informativo publicado desde Hermosillo, Sonora. %\" \/>\n<meta name=\"robots\" content=\"index, follow, max-snippet:-1, max-image-preview:large, max-video-preview:-1\" \/>\n<link rel=\"canonical\" href=\"https:\/\/www.sonoraenequipo.com.mx\/eleccion-historica-reafirmo-el-camino-de-la-democracia-afirma-amlo\/\" \/>\n<meta property=\"og:locale\" content=\"es_ES\" \/>\n<meta property=\"og:type\" content=\"article\" \/>\n<meta property=\"og:title\" content=\"Sonora en Equipo. Elecci\u00f3n hist\u00f3rica reafirm\u00f3 el camino de la democracia, afirma AMLO Rep\u00fablica\" \/>\n<meta property=\"og:description\" content=\"CIUDAD DE M\u00c9XICO. MX. \u2014El presidente de M\u00e9xico, Andr\u00e9s Manuel L\u00f3pez Obrador, asegur\u00f3 este lunes que las elecciones del domingo 6 de junio reafirmaron el En Sonora en Equipo publicamos toda la informaci\u00f3n de Sonora, M\u00e9xico y el Mundo de manera oportuna y busca que la libertad de expresi\u00f3n sea real. Visita nuestro medio informativo publicado desde Hermosillo, Sonora. %\" \/>\n<meta property=\"og:url\" content=\"https:\/\/www.sonoraenequipo.com.mx\/eleccion-historica-reafirmo-el-camino-de-la-democracia-afirma-amlo\/\" \/>\n<meta property=\"og:site_name\" content=\"Sonora en Equipo.\" \/>\n<meta property=\"article:publisher\" content=\"https:\/\/www.facebook.com\/SonoraEE\/\" \/>\n<meta property=\"article:author\" content=\"https:\/\/www.facebook.com\/SonoraEE\" \/>\n<meta property=\"article:published_time\" content=\"2021-06-07T14:50:31+00:00\" \/>\n<meta property=\"article:modified_time\" content=\"2021-06-07T17:31:49+00:00\" \/>\n<meta property=\"og:image\" content=\"https:\/\/www.sonoraenequipo.com.mx\/storage\/2021\/06\/mananera-0706-1_opt.jpg\" \/>\n\t<meta property=\"og:image:width\" content=\"700\" \/>\n\t<meta property=\"og:image:height\" content=\"400\" \/>\n\t<meta property=\"og:image:type\" content=\"image\/jpeg\" \/>\n<meta name=\"author\" content=\"enequipo\" \/>\n<meta name=\"twitter:card\" content=\"summary_large_image\" \/>\n<meta name=\"twitter:creator\" content=\"@sonoraenequipo\" \/>\n<meta name=\"twitter:site\" content=\"@sonoraenequipo\" \/>\n<meta name=\"twitter:label1\" content=\"Escrito por\" \/>\n\t<meta name=\"twitter:data1\" content=\"enequipo\" \/>\n\t<meta name=\"twitter:label2\" content=\"Tiempo de lectura\" \/>\n\t<meta name=\"twitter:data2\" content=\"1 minuto\" \/>\n<script type=\"application\/ld+json\" class=\"yoast-schema-graph\">{\"@context\":\"https:\/\/schema.org\",\"@graph\":[{\"@type\":\"Article\",\"@id\":\"https:\/\/www.sonoraenequipo.com.mx\/eleccion-historica-reafirmo-el-camino-de-la-democracia-afirma-amlo\/#article\",\"isPartOf\":{\"@id\":\"https:\/\/www.sonoraenequipo.com.mx\/eleccion-historica-reafirmo-el-camino-de-la-democracia-afirma-amlo\/\"},\"author\":{\"name\":\"enequipo\",\"@id\":\"https:\/\/www.sonoraenequipo.com.mx\/#\/schema\/person\/50102df0fb23a8fa9e8effad8fa81386\"},\"headline\":\"Elecci\u00f3n hist\u00f3rica reafirm\u00f3 el camino de la democracia, afirma AMLO\",\"datePublished\":\"2021-06-07T14:50:31+00:00\",\"dateModified\":\"2021-06-07T17:31:49+00:00\",\"mainEntityOfPage\":{\"@id\":\"https:\/\/www.sonoraenequipo.com.mx\/eleccion-historica-reafirmo-el-camino-de-la-democracia-afirma-amlo\/\"},\"wordCount\":271,\"commentCount\":0,\"publisher\":{\"@id\":\"https:\/\/www.sonoraenequipo.com.mx\/#organization\"},\"image\":{\"@id\":\"https:\/\/www.sonoraenequipo.com.mx\/eleccion-historica-reafirmo-el-camino-de-la-democracia-afirma-amlo\/#primaryimage\"},\"thumbnailUrl\":\"https:\/\/www.sonoraenequipo.com.mx\/storage\/2021\/06\/mananera-0706-1_opt.jpg\",\"articleSection\":[\"Rep\u00fablica\"],\"inLanguage\":\"es\",\"potentialAction\":[{\"@type\":\"CommentAction\",\"name\":\"Comment\",\"target\":[\"https:\/\/www.sonoraenequipo.com.mx\/eleccion-historica-reafirmo-el-camino-de-la-democracia-afirma-amlo\/#respond\"]}]},{\"@type\":\"WebPage\",\"@id\":\"https:\/\/www.sonoraenequipo.com.mx\/eleccion-historica-reafirmo-el-camino-de-la-democracia-afirma-amlo\/\",\"url\":\"https:\/\/www.sonoraenequipo.com.mx\/eleccion-historica-reafirmo-el-camino-de-la-democracia-afirma-amlo\/\",\"name\":\"Sonora en Equipo. Elecci\u00f3n hist\u00f3rica reafirm\u00f3 el camino de la democracia, afirma AMLO Rep\u00fablica\",\"isPartOf\":{\"@id\":\"https:\/\/www.sonoraenequipo.com.mx\/#website\"},\"primaryImageOfPage\":{\"@id\":\"https:\/\/www.sonoraenequipo.com.mx\/eleccion-historica-reafirmo-el-camino-de-la-democracia-afirma-amlo\/#primaryimage\"},\"image\":{\"@id\":\"https:\/\/www.sonoraenequipo.com.mx\/eleccion-historica-reafirmo-el-camino-de-la-democracia-afirma-amlo\/#primaryimage\"},\"thumbnailUrl\":\"https:\/\/www.sonoraenequipo.com.mx\/storage\/2021\/06\/mananera-0706-1_opt.jpg\",\"datePublished\":\"2021-06-07T14:50:31+00:00\",\"dateModified\":\"2021-06-07T17:31:49+00:00\",\"description\":\"CIUDAD DE M\u00c9XICO. MX. \u2014El presidente de M\u00e9xico, Andr\u00e9s Manuel L\u00f3pez Obrador, asegur\u00f3 este lunes que las elecciones del domingo 6 de junio reafirmaron el En Sonora en Equipo publicamos toda la informaci\u00f3n de Sonora, M\u00e9xico y el Mundo de manera oportuna y busca que la libertad de expresi\u00f3n sea real. Visita nuestro medio informativo publicado desde Hermosillo, Sonora. %\",\"breadcrumb\":{\"@id\":\"https:\/\/www.sonoraenequipo.com.mx\/eleccion-historica-reafirmo-el-camino-de-la-democracia-afirma-amlo\/#breadcrumb\"},\"inLanguage\":\"es\",\"potentialAction\":[{\"@type\":\"ReadAction\",\"target\":[\"https:\/\/www.sonoraenequipo.com.mx\/eleccion-historica-reafirmo-el-camino-de-la-democracia-afirma-amlo\/\"]}]},{\"@type\":\"ImageObject\",\"inLanguage\":\"es\",\"@id\":\"https:\/\/www.sonoraenequipo.com.mx\/eleccion-historica-reafirmo-el-camino-de-la-democracia-afirma-amlo\/#primaryimage\",\"url\":\"https:\/\/www.sonoraenequipo.com.mx\/storage\/2021\/06\/mananera-0706-1_opt.jpg\",\"contentUrl\":\"https:\/\/www.sonoraenequipo.com.mx\/storage\/2021\/06\/mananera-0706-1_opt.jpg\",\"width\":700,\"height\":400},{\"@type\":\"BreadcrumbList\",\"@id\":\"https:\/\/www.sonoraenequipo.com.mx\/eleccion-historica-reafirmo-el-camino-de-la-democracia-afirma-amlo\/#breadcrumb\",\"itemListElement\":[{\"@type\":\"ListItem\",\"position\":1,\"name\":\"Portada\",\"item\":\"https:\/\/www.sonoraenequipo.com.mx\/\"},{\"@type\":\"ListItem\",\"position\":2,\"name\":\"Elecci\u00f3n hist\u00f3rica reafirm\u00f3 el camino de la democracia, afirma AMLO\"}]},{\"@type\":\"WebSite\",\"@id\":\"https:\/\/www.sonoraenequipo.com.mx\/#website\",\"url\":\"https:\/\/www.sonoraenequipo.com.mx\/\",\"name\":\"Sonora en Equipo.\",\"description\":\"Diario en l\u00ednea con Noticias desde Hermosillo, Sonora\",\"publisher\":{\"@id\":\"https:\/\/www.sonoraenequipo.com.mx\/#organization\"},\"potentialAction\":[{\"@type\":\"SearchAction\",\"target\":{\"@type\":\"EntryPoint\",\"urlTemplate\":\"https:\/\/www.sonoraenequipo.com.mx\/?s={search_term_string}\"},\"query-input\":{\"@type\":\"PropertyValueSpecification\",\"valueRequired\":true,\"valueName\":\"search_term_string\"}}],\"inLanguage\":\"es\"},{\"@type\":\"Organization\",\"@id\":\"https:\/\/www.sonoraenequipo.com.mx\/#organization\",\"name\":\"Sonoraenequipo.com.mx\",\"url\":\"https:\/\/www.sonoraenequipo.com.mx\/\",\"logo\":{\"@type\":\"ImageObject\",\"inLanguage\":\"es\",\"@id\":\"https:\/\/www.sonoraenequipo.com.mx\/#\/schema\/logo\/image\/\",\"url\":\"https:\/\/www.sonoraenequipo.com.mx\/storage\/2019\/01\/sonoraenequipo_opt.png\",\"contentUrl\":\"https:\/\/www.sonoraenequipo.com.mx\/storage\/2019\/01\/sonoraenequipo_opt.png\",\"width\":375,\"height\":125,\"caption\":\"Sonoraenequipo.com.mx\"},\"image\":{\"@id\":\"https:\/\/www.sonoraenequipo.com.mx\/#\/schema\/logo\/image\/\"},\"sameAs\":[\"https:\/\/www.facebook.com\/SonoraEE\/\",\"https:\/\/x.com\/sonoraenequipo\",\"https:\/\/www.youtube.com\/channel\/UC338nW-lPEYmJQs4ZABQ1SQ\"]},{\"@type\":\"Person\",\"@id\":\"https:\/\/www.sonoraenequipo.com.mx\/#\/schema\/person\/50102df0fb23a8fa9e8effad8fa81386\",\"name\":\"enequipo\",\"image\":{\"@type\":\"ImageObject\",\"inLanguage\":\"es\",\"@id\":\"https:\/\/www.sonoraenequipo.com.mx\/#\/schema\/person\/image\/\",\"url\":\"https:\/\/secure.gravatar.com\/avatar\/049821681b589dabc0bc20695993ccebb09f5b5d4d790cd9251b97faac7c652b?s=96&d=blank&r=g\",\"contentUrl\":\"https:\/\/secure.gravatar.com\/avatar\/049821681b589dabc0bc20695993ccebb09f5b5d4d790cd9251b97faac7c652b?s=96&d=blank&r=g\",\"caption\":\"enequipo\"},\"sameAs\":[\"https:\/\/www.facebook.com\/SonoraEE\"]}]}<\/script>\n ","yoast_head_json":{"title":"Sonora en Equipo. Elecci\u00f3n hist\u00f3rica reafirm\u00f3 el camino de la democracia, afirma AMLO Rep\u00fablica","description":"CIUDAD DE M\u00c9XICO. MX. \u2014El presidente de M\u00e9xico, Andr\u00e9s Manuel L\u00f3pez Obrador, asegur\u00f3 este lunes que las elecciones del domingo 6 de junio reafirmaron el En Sonora en Equipo publicamos toda la informaci\u00f3n de Sonora, M\u00e9xico y el Mundo de manera oportuna y busca que la libertad de expresi\u00f3n sea real. Visita nuestro medio informativo publicado desde Hermosillo, Sonora. %","robots":{"index":"index","follow":"follow","max-snippet":"max-snippet:-1","max-image-preview":"max-image-preview:large","max-video-preview":"max-video-preview:-1"},"canonical":"https:\/\/www.sonoraenequipo.com.mx\/eleccion-historica-reafirmo-el-camino-de-la-democracia-afirma-amlo\/","og_locale":"es_ES","og_type":"article","og_title":"Sonora en Equipo. Elecci\u00f3n hist\u00f3rica reafirm\u00f3 el camino de la democracia, afirma AMLO Rep\u00fablica","og_description":"CIUDAD DE M\u00c9XICO. MX. \u2014El presidente de M\u00e9xico, Andr\u00e9s Manuel L\u00f3pez Obrador, asegur\u00f3 este lunes que las elecciones del domingo 6 de junio reafirmaron el En Sonora en Equipo publicamos toda la informaci\u00f3n de Sonora, M\u00e9xico y el Mundo de manera oportuna y busca que la libertad de expresi\u00f3n sea real. Visita nuestro medio informativo publicado desde Hermosillo, Sonora. %","og_url":"https:\/\/www.sonoraenequipo.com.mx\/eleccion-historica-reafirmo-el-camino-de-la-democracia-afirma-amlo\/","og_site_name":"Sonora en Equipo.","article_publisher":"https:\/\/www.facebook.com\/SonoraEE\/","article_author":"https:\/\/www.facebook.com\/SonoraEE","article_published_time":"2021-06-07T14:50:31+00:00","article_modified_time":"2021-06-07T17:31:49+00:00","og_image":[{"width":700,"height":400,"url":"https:\/\/www.sonoraenequipo.com.mx\/storage\/2021\/06\/mananera-0706-1_opt.jpg","type":"image\/jpeg"}],"author":"enequipo","twitter_card":"summary_large_image","twitter_creator":"@sonoraenequipo","twitter_site":"@sonoraenequipo","twitter_misc":{"Escrito por":"enequipo","Tiempo de lectura":"1 minuto"},"schema":{"@context":"https:\/\/schema.org","@graph":[{"@type":"Article","@id":"https:\/\/www.sonoraenequipo.com.mx\/eleccion-historica-reafirmo-el-camino-de-la-democracia-afirma-amlo\/#article","isPartOf":{"@id":"https:\/\/www.sonoraenequipo.com.mx\/eleccion-historica-reafirmo-el-camino-de-la-democracia-afirma-amlo\/"},"author":{"name":"enequipo","@id":"https:\/\/www.sonoraenequipo.com.mx\/#\/schema\/person\/50102df0fb23a8fa9e8effad8fa81386"},"headline":"Elecci\u00f3n hist\u00f3rica reafirm\u00f3 el camino de la democracia, afirma AMLO","datePublished":"2021-06-07T14:50:31+00:00","dateModified":"2021-06-07T17:31:49+00:00","mainEntityOfPage":{"@id":"https:\/\/www.sonoraenequipo.com.mx\/eleccion-historica-reafirmo-el-camino-de-la-democracia-afirma-amlo\/"},"wordCount":271,"commentCount":0,"publisher":{"@id":"https:\/\/www.sonoraenequipo.com.mx\/#organization"},"image":{"@id":"https:\/\/www.sonoraenequipo.com.mx\/eleccion-historica-reafirmo-el-camino-de-la-democracia-afirma-amlo\/#primaryimage"},"thumbnailUrl":"https:\/\/www.sonoraenequipo.com.mx\/storage\/2021\/06\/mananera-0706-1_opt.jpg","articleSection":["Rep\u00fablica"],"inLanguage":"es","potentialAction":[{"@type":"CommentAction","name":"Comment","target":["https:\/\/www.sonoraenequipo.com.mx\/eleccion-historica-reafirmo-el-camino-de-la-democracia-afirma-amlo\/#respond"]}]},{"@type":"WebPage","@id":"https:\/\/www.sonoraenequipo.com.mx\/eleccion-historica-reafirmo-el-camino-de-la-democracia-afirma-amlo\/","url":"https:\/\/www.sonoraenequipo.com.mx\/eleccion-historica-reafirmo-el-camino-de-la-democracia-afirma-amlo\/","name":"Sonora en Equipo. Elecci\u00f3n hist\u00f3rica reafirm\u00f3 el camino de la democracia, afirma AMLO Rep\u00fablica","isPartOf":{"@id":"https:\/\/www.sonoraenequipo.com.mx\/#website"},"primaryImageOfPage":{"@id":"https:\/\/www.sonoraenequipo.com.mx\/eleccion-historica-reafirmo-el-camino-de-la-democracia-afirma-amlo\/#primaryimage"},"image":{"@id":"https:\/\/www.sonoraenequipo.com.mx\/eleccion-historica-reafirmo-el-camino-de-la-democracia-afirma-amlo\/#primaryimage"},"thumbnailUrl":"https:\/\/www.sonoraenequipo.com.mx\/storage\/2021\/06\/mananera-0706-1_opt.jpg","datePublished":"2021-06-07T14:50:31+00:00","dateModified":"2021-06-07T17:31:49+00:00","description":"CIUDAD DE M\u00c9XICO. MX. \u2014El presidente de M\u00e9xico, Andr\u00e9s Manuel L\u00f3pez Obrador, asegur\u00f3 este lunes que las elecciones del domingo 6 de junio reafirmaron el En Sonora en Equipo publicamos toda la informaci\u00f3n de Sonora, M\u00e9xico y el Mundo de manera oportuna y busca que la libertad de expresi\u00f3n sea real. Visita nuestro medio informativo publicado desde Hermosillo, Sonora. %","breadcrumb":{"@id":"https:\/\/www.sonoraenequipo.com.mx\/eleccion-historica-reafirmo-el-camino-de-la-democracia-afirma-amlo\/#breadcrumb"},"inLanguage":"es","potentialAction":[{"@type":"ReadAction","target":["https:\/\/www.sonoraenequipo.com.mx\/eleccion-historica-reafirmo-el-camino-de-la-democracia-afirma-amlo\/"]}]},{"@type":"ImageObject","inLanguage":"es","@id":"https:\/\/www.sonoraenequipo.com.mx\/eleccion-historica-reafirmo-el-camino-de-la-democracia-afirma-amlo\/#primaryimage","url":"https:\/\/www.sonoraenequipo.com.mx\/storage\/2021\/06\/mananera-0706-1_opt.jpg","contentUrl":"https:\/\/www.sonoraenequipo.com.mx\/storage\/2021\/06\/mananera-0706-1_opt.jpg","width":700,"height":400},{"@type":"BreadcrumbList","@id":"https:\/\/www.sonoraenequipo.com.mx\/eleccion-historica-reafirmo-el-camino-de-la-democracia-afirma-amlo\/#breadcrumb","itemListElement":[{"@type":"ListItem","position":1,"name":"Portada","item":"https:\/\/www.sonoraenequipo.com.mx\/"},{"@type":"ListItem","position":2,"name":"Elecci\u00f3n hist\u00f3rica reafirm\u00f3 el camino de la democracia, afirma AMLO"}]},{"@type":"WebSite","@id":"https:\/\/www.sonoraenequipo.com.mx\/#website","url":"https:\/\/www.sonoraenequipo.com.mx\/","name":"Sonora en Equipo.","description":"Diario en l\u00ednea con Noticias desde Hermosillo, Sonora","publisher":{"@id":"https:\/\/www.sonoraenequipo.com.mx\/#organization"},"potentialAction":[{"@type":"SearchAction","target":{"@type":"EntryPoint","urlTemplate":"https:\/\/www.sonoraenequipo.com.mx\/?s={search_term_string}"},"query-input":{"@type":"PropertyValueSpecification","valueRequired":true,"valueName":"search_term_string"}}],"inLanguage":"es"},{"@type":"Organization","@id":"https:\/\/www.sonoraenequipo.com.mx\/#organization","name":"Sonoraenequipo.com.mx","url":"https:\/\/www.sonoraenequipo.com.mx\/","logo":{"@type":"ImageObject","inLanguage":"es","@id":"https:\/\/www.sonoraenequipo.com.mx\/#\/schema\/logo\/image\/","url":"https:\/\/www.sonoraenequipo.com.mx\/storage\/2019\/01\/sonoraenequipo_opt.png","contentUrl":"https:\/\/www.sonoraenequipo.com.mx\/storage\/2019\/01\/sonoraenequipo_opt.png","width":375,"height":125,"caption":"Sonoraenequipo.com.mx"},"image":{"@id":"https:\/\/www.sonoraenequipo.com.mx\/#\/schema\/logo\/image\/"},"sameAs":["https:\/\/www.facebook.com\/SonoraEE\/","https:\/\/x.com\/sonoraenequipo","https:\/\/www.youtube.com\/channel\/UC338nW-lPEYmJQs4ZABQ1SQ"]},{"@type":"Person","@id":"https:\/\/www.sonoraenequipo.com.mx\/#\/schema\/person\/50102df0fb23a8fa9e8effad8fa81386","name":"enequipo","image":{"@type":"ImageObject","inLanguage":"es","@id":"https:\/\/www.sonoraenequipo.com.mx\/#\/schema\/person\/image\/","url":"https:\/\/secure.gravatar.com\/avatar\/049821681b589dabc0bc20695993ccebb09f5b5d4d790cd9251b97faac7c652b?s=96&d=blank&r=g","contentUrl":"https:\/\/secure.gravatar.com\/avatar\/049821681b589dabc0bc20695993ccebb09f5b5d4d790cd9251b97faac7c652b?s=96&d=blank&r=g","caption":"enequipo"},"sameAs":["https:\/\/www.facebook.com\/SonoraEE"]}]}},"jetpack_featured_media_url":"https:\/\/www.sonoraenequipo.com.mx\/storage\/2021\/06\/mananera-0706-1_opt.jpg","_links":{"self":[{"href":"https:\/\/www.sonoraenequipo.com.mx\/api\/wp\/v2\/posts\/115773","targetHints":{"allow":["GET"]}}],"collection":[{"href":"https:\/\/www.sonoraenequipo.com.mx\/api\/wp\/v2\/posts"}],"about":[{"href":"https:\/\/www.sonoraenequipo.com.mx\/api\/wp\/v2\/types\/post"}],"author":[{"embeddable":true,"href":"https:\/\/www.sonoraenequipo.com.mx\/api\/wp\/v2\/users\/1"}],"replies":[{"embeddable":true,"href":"https:\/\/www.sonoraenequipo.com.mx\/api\/wp\/v2\/comments?post=115773"}],"version-history":[{"count":1,"href":"https:\/\/www.sonoraenequipo.com.mx\/api\/wp\/v2\/posts\/115773\/revisions"}],"predecessor-version":[{"id":115774,"href":"https:\/\/www.sonoraenequipo.com.mx\/api\/wp\/v2\/posts\/115773\/revisions\/115774"}],"wp:featuredmedia":[{"embeddable":true,"href":"https:\/\/www.sonoraenequipo.com.mx\/api\/wp\/v2\/media\/115769"}],"wp:attachment":[{"href":"https:\/\/www.sonoraenequipo.com.mx\/api\/wp\/v2\/media?parent=115773"}],"wp:term":[{"taxonomy":"category","embeddable":true,"href":"https:\/\/www.sonoraenequipo.com.mx\/api\/wp\/v2\/categories?post=115773"},{"taxonomy":"post_tag","embeddable":true,"href":"https:\/\/www.sonoraenequipo.com.mx\/api\/wp\/v2\/tags?post=115773"}],"curies":[{"name":"wp","href":"https:\/\/api.w.org\/{rel}","templated":true}]}}