{"id":115822,"date":"2021-06-07T09:18:00","date_gmt":"2021-06-07T16:18:00","guid":{"rendered":"https:\/\/www.sonoraenequipo.com.mx\/?p=115822"},"modified":"2021-06-07T20:04:14","modified_gmt":"2021-06-08T03:04:14","slug":"oficializan-extension-de-mandato-de-zaldivar-en-el-dof","status":"publish","type":"post","link":"https:\/\/www.sonoraenequipo.com.mx\/oficializan-extension-de-mandato-de-zaldivar-en-el-dof\/","title":{"rendered":"Oficializan extensi\u00f3n de mandato de Zald\u00edvar en el DOF"},"content":{"rendered":"<p>CIUDAD DE M\u00c9XICO. MX. \u2014 Este lunes 7 de junio fueron publicadas en el Diario Oficial de la Federaci\u00f3n (DOF) las reformas a la Ley Org\u00e1nica del Poder Judicial de la Federaci\u00f3n y a la Ley de Carrera Judicial del Poder Judicial de la Federaci\u00f3n en la que se oficializa la extensi\u00f3n de mandato de Arturo Zald\u00edvar como ministro presidente de la Suprema Corte de Justicia de la Naci\u00f3n (SCJN).<\/p>\n<p>&nbsp;<\/p>\n<p> <\/p>\n<p>&nbsp;<\/p>\n<p>Cabe precisar que con ello se autoriza que el ministro presidente ocupe el cargo por dos a\u00f1os m\u00e1s no solo ante la SCJN sino tambi\u00e9n ante el Consejo de la Judicatura Federal (CJF).<\/p>\n<p>&nbsp;<\/p>\n<p>&nbsp;<\/p>\n<p>La publicaci\u00f3n de las reformas se hizo un d\u00eda antes de que el plazo para hacerlo venciera.<\/p>\n<p>&nbsp;<\/p>\n<p>Con ello se tiene que Arturo Zald\u00edvar durar\u00e1 en el cargo hasta el 30 de noviembre de 2024; asimismo se activan los 30 d\u00edas en el que \u00e9sta puede ser impugnada.<\/p>\n<p>&nbsp;<\/p>\n<p>&nbsp;<\/p>\n<p>Fue el pasado 23 de abril cuando la C\u00e1mara de Diputados aprob\u00f3 las reformas que tiempo despu\u00e9s tambi\u00e9n fueron respaldadas por el propio presidente Andr\u00e9s Manuel L\u00f3pez Obrador, quien se\u00f1al\u00f3 es necesario una reforma al interior del Poder Judicial y que es mejor que la haga el actual ministro presidente.<\/p>\n<p>&nbsp;<\/p>\n<p>&nbsp;<\/p>\n<p>(Publicada el 07\/06\/2021)<\/p>\n","protected":false},"excerpt":{"rendered":"<p>CIUDAD DE M\u00c9XICO. MX. \u2014 Este lunes 7 de junio fueron publicadas en el Diario&#8230;<\/p>\n","protected":false},"author":1,"featured_media":115823,"comment_status":"open","ping_status":"open","sticky":false,"template":"","format":"standard","meta":{"_monsterinsights_skip_tracking":false,"_monsterinsights_sitenote_active":false,"_monsterinsights_sitenote_note":"","_monsterinsights_sitenote_category":0,"footnotes":""},"categories":[5],"tags":[],"class_list":["post"],"yoast_head":" \n<title>Sonora en Equipo. Oficializan extensi\u00f3n de mandato de Zald\u00edvar en el DOF Rep\u00fablica<\/title>\n<meta name=\"description\" content=\"CIUDAD DE M\u00c9XICO. MX. \u2014 Este lunes 7 de junio fueron publicadas en el Diario Oficial de la Federaci\u00f3n (DOF) las reformas a la Ley Org\u00e1nica del Poder En Sonora en Equipo publicamos toda la informaci\u00f3n de Sonora, M\u00e9xico y el Mundo de manera oportuna y busca que la libertad de expresi\u00f3n sea real. Visita nuestro medio informativo publicado desde Hermosillo, Sonora. %\" \/>\n<meta name=\"robots\" content=\"index, follow, max-snippet:-1, max-image-preview:large, max-video-preview:-1\" \/>\n<link rel=\"canonical\" href=\"https:\/\/www.sonoraenequipo.com.mx\/oficializan-extension-de-mandato-de-zaldivar-en-el-dof\/\" \/>\n<meta property=\"og:locale\" content=\"es_ES\" \/>\n<meta property=\"og:type\" content=\"article\" \/>\n<meta property=\"og:title\" content=\"Sonora en Equipo. Oficializan extensi\u00f3n de mandato de Zald\u00edvar en el DOF Rep\u00fablica\" \/>\n<meta property=\"og:description\" content=\"CIUDAD DE M\u00c9XICO. MX. \u2014 Este lunes 7 de junio fueron publicadas en el Diario Oficial de la Federaci\u00f3n (DOF) las reformas a la Ley Org\u00e1nica del Poder En Sonora en Equipo publicamos toda la informaci\u00f3n de Sonora, M\u00e9xico y el Mundo de manera oportuna y busca que la libertad de expresi\u00f3n sea real. Visita nuestro medio informativo publicado desde Hermosillo, Sonora. %\" \/>\n<meta property=\"og:url\" content=\"https:\/\/www.sonoraenequipo.com.mx\/oficializan-extension-de-mandato-de-zaldivar-en-el-dof\/\" \/>\n<meta property=\"og:site_name\" content=\"Sonora en Equipo.\" \/>\n<meta property=\"article:publisher\" content=\"https:\/\/www.facebook.com\/SonoraEE\/\" \/>\n<meta property=\"article:author\" content=\"https:\/\/www.facebook.com\/SonoraEE\" \/>\n<meta property=\"article:published_time\" content=\"2021-06-07T16:18:00+00:00\" \/>\n<meta property=\"article:modified_time\" content=\"2021-06-08T03:04:14+00:00\" \/>\n<meta property=\"og:image\" content=\"https:\/\/www.sonoraenequipo.com.mx\/storage\/2021\/06\/zaldivar-suspension-AMLO-_opt.jpg\" \/>\n\t<meta property=\"og:image:width\" content=\"700\" \/>\n\t<meta property=\"og:image:height\" content=\"400\" \/>\n\t<meta property=\"og:image:type\" content=\"image\/jpeg\" \/>\n<meta name=\"author\" content=\"enequipo\" \/>\n<meta name=\"twitter:card\" content=\"summary_large_image\" \/>\n<meta name=\"twitter:creator\" content=\"@sonoraenequipo\" \/>\n<meta name=\"twitter:site\" content=\"@sonoraenequipo\" \/>\n<meta name=\"twitter:label1\" content=\"Escrito por\" \/>\n\t<meta name=\"twitter:data1\" content=\"enequipo\" \/>\n\t<meta name=\"twitter:label2\" content=\"Tiempo de lectura\" \/>\n\t<meta name=\"twitter:data2\" content=\"1 minuto\" \/>\n<script type=\"application\/ld+json\" class=\"yoast-schema-graph\">{\"@context\":\"https:\/\/schema.org\",\"@graph\":[{\"@type\":\"Article\",\"@id\":\"https:\/\/www.sonoraenequipo.com.mx\/oficializan-extension-de-mandato-de-zaldivar-en-el-dof\/#article\",\"isPartOf\":{\"@id\":\"https:\/\/www.sonoraenequipo.com.mx\/oficializan-extension-de-mandato-de-zaldivar-en-el-dof\/\"},\"author\":{\"name\":\"enequipo\",\"@id\":\"https:\/\/www.sonoraenequipo.com.mx\/#\/schema\/person\/50102df0fb23a8fa9e8effad8fa81386\"},\"headline\":\"Oficializan extensi\u00f3n de mandato de Zald\u00edvar en el DOF\",\"datePublished\":\"2021-06-07T16:18:00+00:00\",\"dateModified\":\"2021-06-08T03:04:14+00:00\",\"mainEntityOfPage\":{\"@id\":\"https:\/\/www.sonoraenequipo.com.mx\/oficializan-extension-de-mandato-de-zaldivar-en-el-dof\/\"},\"wordCount\":238,\"commentCount\":0,\"publisher\":{\"@id\":\"https:\/\/www.sonoraenequipo.com.mx\/#organization\"},\"image\":{\"@id\":\"https:\/\/www.sonoraenequipo.com.mx\/oficializan-extension-de-mandato-de-zaldivar-en-el-dof\/#primaryimage\"},\"thumbnailUrl\":\"https:\/\/www.sonoraenequipo.com.mx\/storage\/2021\/06\/zaldivar-suspension-AMLO-_opt.jpg\",\"articleSection\":[\"Rep\u00fablica\"],\"inLanguage\":\"es\",\"potentialAction\":[{\"@type\":\"CommentAction\",\"name\":\"Comment\",\"target\":[\"https:\/\/www.sonoraenequipo.com.mx\/oficializan-extension-de-mandato-de-zaldivar-en-el-dof\/#respond\"]}]},{\"@type\":\"WebPage\",\"@id\":\"https:\/\/www.sonoraenequipo.com.mx\/oficializan-extension-de-mandato-de-zaldivar-en-el-dof\/\",\"url\":\"https:\/\/www.sonoraenequipo.com.mx\/oficializan-extension-de-mandato-de-zaldivar-en-el-dof\/\",\"name\":\"Sonora en Equipo. Oficializan extensi\u00f3n de mandato de Zald\u00edvar en el DOF Rep\u00fablica\",\"isPartOf\":{\"@id\":\"https:\/\/www.sonoraenequipo.com.mx\/#website\"},\"primaryImageOfPage\":{\"@id\":\"https:\/\/www.sonoraenequipo.com.mx\/oficializan-extension-de-mandato-de-zaldivar-en-el-dof\/#primaryimage\"},\"image\":{\"@id\":\"https:\/\/www.sonoraenequipo.com.mx\/oficializan-extension-de-mandato-de-zaldivar-en-el-dof\/#primaryimage\"},\"thumbnailUrl\":\"https:\/\/www.sonoraenequipo.com.mx\/storage\/2021\/06\/zaldivar-suspension-AMLO-_opt.jpg\",\"datePublished\":\"2021-06-07T16:18:00+00:00\",\"dateModified\":\"2021-06-08T03:04:14+00:00\",\"description\":\"CIUDAD DE M\u00c9XICO. MX. \u2014 Este lunes 7 de junio fueron publicadas en el Diario Oficial de la Federaci\u00f3n (DOF) las reformas a la Ley Org\u00e1nica del Poder En Sonora en Equipo publicamos toda la informaci\u00f3n de Sonora, M\u00e9xico y el Mundo de manera oportuna y busca que la libertad de expresi\u00f3n sea real. Visita nuestro medio informativo publicado desde Hermosillo, Sonora. %\",\"breadcrumb\":{\"@id\":\"https:\/\/www.sonoraenequipo.com.mx\/oficializan-extension-de-mandato-de-zaldivar-en-el-dof\/#breadcrumb\"},\"inLanguage\":\"es\",\"potentialAction\":[{\"@type\":\"ReadAction\",\"target\":[\"https:\/\/www.sonoraenequipo.com.mx\/oficializan-extension-de-mandato-de-zaldivar-en-el-dof\/\"]}]},{\"@type\":\"ImageObject\",\"inLanguage\":\"es\",\"@id\":\"https:\/\/www.sonoraenequipo.com.mx\/oficializan-extension-de-mandato-de-zaldivar-en-el-dof\/#primaryimage\",\"url\":\"https:\/\/www.sonoraenequipo.com.mx\/storage\/2021\/06\/zaldivar-suspension-AMLO-_opt.jpg\",\"contentUrl\":\"https:\/\/www.sonoraenequipo.com.mx\/storage\/2021\/06\/zaldivar-suspension-AMLO-_opt.jpg\",\"width\":700,\"height\":400},{\"@type\":\"BreadcrumbList\",\"@id\":\"https:\/\/www.sonoraenequipo.com.mx\/oficializan-extension-de-mandato-de-zaldivar-en-el-dof\/#breadcrumb\",\"itemListElement\":[{\"@type\":\"ListItem\",\"position\":1,\"name\":\"Portada\",\"item\":\"https:\/\/www.sonoraenequipo.com.mx\/\"},{\"@type\":\"ListItem\",\"position\":2,\"name\":\"Oficializan extensi\u00f3n de mandato de Zald\u00edvar en el DOF\"}]},{\"@type\":\"WebSite\",\"@id\":\"https:\/\/www.sonoraenequipo.com.mx\/#website\",\"url\":\"https:\/\/www.sonoraenequipo.com.mx\/\",\"name\":\"Sonora en Equipo.\",\"description\":\"Diario en l\u00ednea con Noticias desde Hermosillo, Sonora\",\"publisher\":{\"@id\":\"https:\/\/www.sonoraenequipo.com.mx\/#organization\"},\"potentialAction\":[{\"@type\":\"SearchAction\",\"target\":{\"@type\":\"EntryPoint\",\"urlTemplate\":\"https:\/\/www.sonoraenequipo.com.mx\/?s={search_term_string}\"},\"query-input\":{\"@type\":\"PropertyValueSpecification\",\"valueRequired\":true,\"valueName\":\"search_term_string\"}}],\"inLanguage\":\"es\"},{\"@type\":\"Organization\",\"@id\":\"https:\/\/www.sonoraenequipo.com.mx\/#organization\",\"name\":\"Sonoraenequipo.com.mx\",\"url\":\"https:\/\/www.sonoraenequipo.com.mx\/\",\"logo\":{\"@type\":\"ImageObject\",\"inLanguage\":\"es\",\"@id\":\"https:\/\/www.sonoraenequipo.com.mx\/#\/schema\/logo\/image\/\",\"url\":\"https:\/\/www.sonoraenequipo.com.mx\/storage\/2019\/01\/sonoraenequipo_opt.png\",\"contentUrl\":\"https:\/\/www.sonoraenequipo.com.mx\/storage\/2019\/01\/sonoraenequipo_opt.png\",\"width\":375,\"height\":125,\"caption\":\"Sonoraenequipo.com.mx\"},\"image\":{\"@id\":\"https:\/\/www.sonoraenequipo.com.mx\/#\/schema\/logo\/image\/\"},\"sameAs\":[\"https:\/\/www.facebook.com\/SonoraEE\/\",\"https:\/\/x.com\/sonoraenequipo\",\"https:\/\/www.youtube.com\/channel\/UC338nW-lPEYmJQs4ZABQ1SQ\"]},{\"@type\":\"Person\",\"@id\":\"https:\/\/www.sonoraenequipo.com.mx\/#\/schema\/person\/50102df0fb23a8fa9e8effad8fa81386\",\"name\":\"enequipo\",\"image\":{\"@type\":\"ImageObject\",\"inLanguage\":\"es\",\"@id\":\"https:\/\/www.sonoraenequipo.com.mx\/#\/schema\/person\/image\/\",\"url\":\"https:\/\/secure.gravatar.com\/avatar\/049821681b589dabc0bc20695993ccebb09f5b5d4d790cd9251b97faac7c652b?s=96&d=blank&r=g\",\"contentUrl\":\"https:\/\/secure.gravatar.com\/avatar\/049821681b589dabc0bc20695993ccebb09f5b5d4d790cd9251b97faac7c652b?s=96&d=blank&r=g\",\"caption\":\"enequipo\"},\"sameAs\":[\"https:\/\/www.facebook.com\/SonoraEE\"]}]}<\/script>\n ","yoast_head_json":{"title":"Sonora en Equipo. Oficializan extensi\u00f3n de mandato de Zald\u00edvar en el DOF Rep\u00fablica","description":"CIUDAD DE M\u00c9XICO. MX. \u2014 Este lunes 7 de junio fueron publicadas en el Diario Oficial de la Federaci\u00f3n (DOF) las reformas a la Ley Org\u00e1nica del Poder En Sonora en Equipo publicamos toda la informaci\u00f3n de Sonora, M\u00e9xico y el Mundo de manera oportuna y busca que la libertad de expresi\u00f3n sea real. Visita nuestro medio informativo publicado desde Hermosillo, Sonora. %","robots":{"index":"index","follow":"follow","max-snippet":"max-snippet:-1","max-image-preview":"max-image-preview:large","max-video-preview":"max-video-preview:-1"},"canonical":"https:\/\/www.sonoraenequipo.com.mx\/oficializan-extension-de-mandato-de-zaldivar-en-el-dof\/","og_locale":"es_ES","og_type":"article","og_title":"Sonora en Equipo. Oficializan extensi\u00f3n de mandato de Zald\u00edvar en el DOF Rep\u00fablica","og_description":"CIUDAD DE M\u00c9XICO. MX. \u2014 Este lunes 7 de junio fueron publicadas en el Diario Oficial de la Federaci\u00f3n (DOF) las reformas a la Ley Org\u00e1nica del Poder En Sonora en Equipo publicamos toda la informaci\u00f3n de Sonora, M\u00e9xico y el Mundo de manera oportuna y busca que la libertad de expresi\u00f3n sea real. Visita nuestro medio informativo publicado desde Hermosillo, Sonora. %","og_url":"https:\/\/www.sonoraenequipo.com.mx\/oficializan-extension-de-mandato-de-zaldivar-en-el-dof\/","og_site_name":"Sonora en Equipo.","article_publisher":"https:\/\/www.facebook.com\/SonoraEE\/","article_author":"https:\/\/www.facebook.com\/SonoraEE","article_published_time":"2021-06-07T16:18:00+00:00","article_modified_time":"2021-06-08T03:04:14+00:00","og_image":[{"width":700,"height":400,"url":"https:\/\/www.sonoraenequipo.com.mx\/storage\/2021\/06\/zaldivar-suspension-AMLO-_opt.jpg","type":"image\/jpeg"}],"author":"enequipo","twitter_card":"summary_large_image","twitter_creator":"@sonoraenequipo","twitter_site":"@sonoraenequipo","twitter_misc":{"Escrito por":"enequipo","Tiempo de lectura":"1 minuto"},"schema":{"@context":"https:\/\/schema.org","@graph":[{"@type":"Article","@id":"https:\/\/www.sonoraenequipo.com.mx\/oficializan-extension-de-mandato-de-zaldivar-en-el-dof\/#article","isPartOf":{"@id":"https:\/\/www.sonoraenequipo.com.mx\/oficializan-extension-de-mandato-de-zaldivar-en-el-dof\/"},"author":{"name":"enequipo","@id":"https:\/\/www.sonoraenequipo.com.mx\/#\/schema\/person\/50102df0fb23a8fa9e8effad8fa81386"},"headline":"Oficializan extensi\u00f3n de mandato de Zald\u00edvar en el DOF","datePublished":"2021-06-07T16:18:00+00:00","dateModified":"2021-06-08T03:04:14+00:00","mainEntityOfPage":{"@id":"https:\/\/www.sonoraenequipo.com.mx\/oficializan-extension-de-mandato-de-zaldivar-en-el-dof\/"},"wordCount":238,"commentCount":0,"publisher":{"@id":"https:\/\/www.sonoraenequipo.com.mx\/#organization"},"image":{"@id":"https:\/\/www.sonoraenequipo.com.mx\/oficializan-extension-de-mandato-de-zaldivar-en-el-dof\/#primaryimage"},"thumbnailUrl":"https:\/\/www.sonoraenequipo.com.mx\/storage\/2021\/06\/zaldivar-suspension-AMLO-_opt.jpg","articleSection":["Rep\u00fablica"],"inLanguage":"es","potentialAction":[{"@type":"CommentAction","name":"Comment","target":["https:\/\/www.sonoraenequipo.com.mx\/oficializan-extension-de-mandato-de-zaldivar-en-el-dof\/#respond"]}]},{"@type":"WebPage","@id":"https:\/\/www.sonoraenequipo.com.mx\/oficializan-extension-de-mandato-de-zaldivar-en-el-dof\/","url":"https:\/\/www.sonoraenequipo.com.mx\/oficializan-extension-de-mandato-de-zaldivar-en-el-dof\/","name":"Sonora en Equipo. Oficializan extensi\u00f3n de mandato de Zald\u00edvar en el DOF Rep\u00fablica","isPartOf":{"@id":"https:\/\/www.sonoraenequipo.com.mx\/#website"},"primaryImageOfPage":{"@id":"https:\/\/www.sonoraenequipo.com.mx\/oficializan-extension-de-mandato-de-zaldivar-en-el-dof\/#primaryimage"},"image":{"@id":"https:\/\/www.sonoraenequipo.com.mx\/oficializan-extension-de-mandato-de-zaldivar-en-el-dof\/#primaryimage"},"thumbnailUrl":"https:\/\/www.sonoraenequipo.com.mx\/storage\/2021\/06\/zaldivar-suspension-AMLO-_opt.jpg","datePublished":"2021-06-07T16:18:00+00:00","dateModified":"2021-06-08T03:04:14+00:00","description":"CIUDAD DE M\u00c9XICO. MX. \u2014 Este lunes 7 de junio fueron publicadas en el Diario Oficial de la Federaci\u00f3n (DOF) las reformas a la Ley Org\u00e1nica del Poder En Sonora en Equipo publicamos toda la informaci\u00f3n de Sonora, M\u00e9xico y el Mundo de manera oportuna y busca que la libertad de expresi\u00f3n sea real. Visita nuestro medio informativo publicado desde Hermosillo, Sonora. %","breadcrumb":{"@id":"https:\/\/www.sonoraenequipo.com.mx\/oficializan-extension-de-mandato-de-zaldivar-en-el-dof\/#breadcrumb"},"inLanguage":"es","potentialAction":[{"@type":"ReadAction","target":["https:\/\/www.sonoraenequipo.com.mx\/oficializan-extension-de-mandato-de-zaldivar-en-el-dof\/"]}]},{"@type":"ImageObject","inLanguage":"es","@id":"https:\/\/www.sonoraenequipo.com.mx\/oficializan-extension-de-mandato-de-zaldivar-en-el-dof\/#primaryimage","url":"https:\/\/www.sonoraenequipo.com.mx\/storage\/2021\/06\/zaldivar-suspension-AMLO-_opt.jpg","contentUrl":"https:\/\/www.sonoraenequipo.com.mx\/storage\/2021\/06\/zaldivar-suspension-AMLO-_opt.jpg","width":700,"height":400},{"@type":"BreadcrumbList","@id":"https:\/\/www.sonoraenequipo.com.mx\/oficializan-extension-de-mandato-de-zaldivar-en-el-dof\/#breadcrumb","itemListElement":[{"@type":"ListItem","position":1,"name":"Portada","item":"https:\/\/www.sonoraenequipo.com.mx\/"},{"@type":"ListItem","position":2,"name":"Oficializan extensi\u00f3n de mandato de Zald\u00edvar en el DOF"}]},{"@type":"WebSite","@id":"https:\/\/www.sonoraenequipo.com.mx\/#website","url":"https:\/\/www.sonoraenequipo.com.mx\/","name":"Sonora en Equipo.","description":"Diario en l\u00ednea con Noticias desde Hermosillo, Sonora","publisher":{"@id":"https:\/\/www.sonoraenequipo.com.mx\/#organization"},"potentialAction":[{"@type":"SearchAction","target":{"@type":"EntryPoint","urlTemplate":"https:\/\/www.sonoraenequipo.com.mx\/?s={search_term_string}"},"query-input":{"@type":"PropertyValueSpecification","valueRequired":true,"valueName":"search_term_string"}}],"inLanguage":"es"},{"@type":"Organization","@id":"https:\/\/www.sonoraenequipo.com.mx\/#organization","name":"Sonoraenequipo.com.mx","url":"https:\/\/www.sonoraenequipo.com.mx\/","logo":{"@type":"ImageObject","inLanguage":"es","@id":"https:\/\/www.sonoraenequipo.com.mx\/#\/schema\/logo\/image\/","url":"https:\/\/www.sonoraenequipo.com.mx\/storage\/2019\/01\/sonoraenequipo_opt.png","contentUrl":"https:\/\/www.sonoraenequipo.com.mx\/storage\/2019\/01\/sonoraenequipo_opt.png","width":375,"height":125,"caption":"Sonoraenequipo.com.mx"},"image":{"@id":"https:\/\/www.sonoraenequipo.com.mx\/#\/schema\/logo\/image\/"},"sameAs":["https:\/\/www.facebook.com\/SonoraEE\/","https:\/\/x.com\/sonoraenequipo","https:\/\/www.youtube.com\/channel\/UC338nW-lPEYmJQs4ZABQ1SQ"]},{"@type":"Person","@id":"https:\/\/www.sonoraenequipo.com.mx\/#\/schema\/person\/50102df0fb23a8fa9e8effad8fa81386","name":"enequipo","image":{"@type":"ImageObject","inLanguage":"es","@id":"https:\/\/www.sonoraenequipo.com.mx\/#\/schema\/person\/image\/","url":"https:\/\/secure.gravatar.com\/avatar\/049821681b589dabc0bc20695993ccebb09f5b5d4d790cd9251b97faac7c652b?s=96&d=blank&r=g","contentUrl":"https:\/\/secure.gravatar.com\/avatar\/049821681b589dabc0bc20695993ccebb09f5b5d4d790cd9251b97faac7c652b?s=96&d=blank&r=g","caption":"enequipo"},"sameAs":["https:\/\/www.facebook.com\/SonoraEE"]}]}},"jetpack_featured_media_url":"https:\/\/www.sonoraenequipo.com.mx\/storage\/2021\/06\/zaldivar-suspension-AMLO-_opt.jpg","_links":{"self":[{"href":"https:\/\/www.sonoraenequipo.com.mx\/api\/wp\/v2\/posts\/115822","targetHints":{"allow":["GET"]}}],"collection":[{"href":"https:\/\/www.sonoraenequipo.com.mx\/api\/wp\/v2\/posts"}],"about":[{"href":"https:\/\/www.sonoraenequipo.com.mx\/api\/wp\/v2\/types\/post"}],"author":[{"embeddable":true,"href":"https:\/\/www.sonoraenequipo.com.mx\/api\/wp\/v2\/users\/1"}],"replies":[{"embeddable":true,"href":"https:\/\/www.sonoraenequipo.com.mx\/api\/wp\/v2\/comments?post=115822"}],"version-history":[{"count":1,"href":"https:\/\/www.sonoraenequipo.com.mx\/api\/wp\/v2\/posts\/115822\/revisions"}],"predecessor-version":[{"id":115824,"href":"https:\/\/www.sonoraenequipo.com.mx\/api\/wp\/v2\/posts\/115822\/revisions\/115824"}],"wp:featuredmedia":[{"embeddable":true,"href":"https:\/\/www.sonoraenequipo.com.mx\/api\/wp\/v2\/media\/115823"}],"wp:attachment":[{"href":"https:\/\/www.sonoraenequipo.com.mx\/api\/wp\/v2\/media?parent=115822"}],"wp:term":[{"taxonomy":"category","embeddable":true,"href":"https:\/\/www.sonoraenequipo.com.mx\/api\/wp\/v2\/categories?post=115822"},{"taxonomy":"post_tag","embeddable":true,"href":"https:\/\/www.sonoraenequipo.com.mx\/api\/wp\/v2\/tags?post=115822"}],"curies":[{"name":"wp","href":"https:\/\/api.w.org\/{rel}","templated":true}]}}