{"id":115836,"date":"2021-06-07T22:23:18","date_gmt":"2021-06-08T05:23:18","guid":{"rendered":"https:\/\/www.sonoraenequipo.com.mx\/?p=115836"},"modified":"2021-06-07T22:23:18","modified_gmt":"2021-06-08T05:23:18","slug":"cae-en-mexicali-homicida-de-empresario-hotelero-en-hermosillo-en-2016","status":"publish","type":"post","link":"https:\/\/www.sonoraenequipo.com.mx\/cae-en-mexicali-homicida-de-empresario-hotelero-en-hermosillo-en-2016\/","title":{"rendered":"Cae en Mexicali homicida de empresario hotelero en Hermosillo en 2016"},"content":{"rendered":"<p>HERMOSILLO, SONORA,MX.\u2500\u2500 Por el homicidio de un due\u00f1o de hotel, registrado en 2016, la Fiscal\u00eda General de Justicia del Estado de Sonora (FGJE) obtuvo que Francisco Javier \u201cN.\u201d y\/o Adolfo \u201cN.\u201d quedara vinculado a proceso y en prisi\u00f3n preventiva.<\/p>\n<p>&nbsp;<\/p>\n<p>Adem\u00e1s, el Juez otorg\u00f3 cuatro meses de plazo para la investigaci\u00f3n complementaria dentro de la causa penal 1928\/2017, medidas dictadas luego de avalar los datos de pruebas exhibidos por el Agente del Ministerio P\u00fablico.<\/p>\n<p>&nbsp;<\/p>\n<p>El delito de homicidio calificado con premeditaci\u00f3n y alevos\u00eda, cometido en agravio de Mois\u00e9s Ignacio Mirazo Torres, de 72 a\u00f1os de edad, se suscit\u00f3 el 16 de octubre de 2016 en la vivienda de la v\u00edctima, ubicada en la colonia Progresista, en Hermosillo.<\/p>\n<p>&nbsp;<\/p>\n<p>Personal de la Trilog\u00eda Investigadora de la FGJE Sonora, formada por el Ministerio P\u00fablico, elementos de la Agencia Ministerial de Investigaci\u00f3n Criminal (AMIC) y de Servicios Periciales, indagaron sobre el paradero de quien estaba pr\u00f3fugo.<\/p>\n<p>&nbsp;<\/p>\n<p>Fue en Mexicali, Baja California, donde se ubic\u00f3 al imputado Francisco Javier \u201cN.\u201d y\/o Adolfo \u201cN.\u201d, quien se traslad\u00f3 al vecino estado despu\u00e9s de que result\u00f3 como el probable responsable de los hechos donde Mois\u00e9s Ignacio fue privado de la vida.<\/p>\n<p>&nbsp;<\/p>\n<p>Entre las 19:00 y 20:00 horas del 16 de octubre de 2016, la v\u00edctima fue sorprendida por una persona en el domicilio ubicado en calle Juan de Grijalva entre Am\u00e9rico Vespucio y Magallanes, en la colonia Progresista, en Hermosillo.<\/p>\n<p>&nbsp;<\/p>\n<p>Sin mediar palabra, el agresor atac\u00f3 al empresario hotelero a golpes, pero adem\u00e1s utiliz\u00f3 un arma blanca con el que le provoc\u00f3 m\u00faltiples lesiones en el cuerpo que minutos despu\u00e9s le causaron la muerte, sobre todo una herida en el cuello.<\/p>\n<p>&nbsp;<\/p>\n<p>Derivado de las indagatorias realizadas por personal de la Fiscal\u00eda de Sonora, se determin\u00f3 la probable responsabilidad de Francisco Javier \u201cN.\u201d y\/o Adolfo \u201cN.\u201d, se solicit\u00f3 ante el Juez la orden de aprehensi\u00f3n, que se cumpli\u00f3 el 26 de mayo pasado.<\/p>\n<p>&nbsp;<\/p>\n<p>Fue aprehendido en Mexicali, de donde se le traslad\u00f3 a Hermosillo por elementos AMIC Sonora para ponerlo a disposici\u00f3n del Juez, quien lo vincul\u00f3 a proceso y dej\u00f3 en prisi\u00f3n preventiva por el delito homicidio calificado con premeditaci\u00f3n y alevos\u00eda.<\/p>\n<p>Cabe se\u00f1alar que este caso fue muy sonado porque el occiso denunciaba al ex Gobernador Guillermo Padr\u00e9s (PAN 2009-2015) por un adeudo superior a los 5 millones de pesos de renta del hotel como sitio de arraigo \u00a0durante su administraci\u00f3n.<\/p>\n<p>Fecha de Publicaci\u00f3n\u00a0\u00a0 lunes\u00a0 \/ 7\u00a0 \/ junio \/ 2021<\/p>\n","protected":false},"excerpt":{"rendered":"<p>HERMOSILLO, SONORA,MX.\u2500\u2500 Por el homicidio de un due\u00f1o de hotel, registrado en 2016, la Fiscal\u00eda&#8230;<\/p>\n","protected":false},"author":1,"featured_media":115839,"comment_status":"open","ping_status":"open","sticky":false,"template":"","format":"standard","meta":{"_monsterinsights_skip_tracking":false,"_monsterinsights_sitenote_active":false,"_monsterinsights_sitenote_note":"","_monsterinsights_sitenote_category":0,"footnotes":""},"categories":[3144],"tags":[5774,5773,1919],"class_list":["post"],"yoast_head":" \n<title>Sonora en Equipo. Cae en Mexicali homicida de empresario hotelero en Hermosillo en 2016 Polic\u00edaca<\/title>\n<meta name=\"description\" content=\"HERMOSILLO, SONORA,MX.\u2500\u2500 Por el homicidio de un due\u00f1o de hotel, registrado en 2016, la Fiscal\u00eda General de Justicia del Estado de Sonora (FGJE) obtuvo que En Sonora en Equipo publicamos toda la informaci\u00f3n de Sonora, M\u00e9xico y el Mundo de manera oportuna y busca que la libertad de expresi\u00f3n sea real. Visita nuestro medio informativo publicado desde Hermosillo, Sonora. %\" \/>\n<meta name=\"robots\" content=\"index, follow, max-snippet:-1, max-image-preview:large, max-video-preview:-1\" \/>\n<link rel=\"canonical\" href=\"https:\/\/www.sonoraenequipo.com.mx\/cae-en-mexicali-homicida-de-empresario-hotelero-en-hermosillo-en-2016\/\" \/>\n<meta property=\"og:locale\" content=\"es_ES\" \/>\n<meta property=\"og:type\" content=\"article\" \/>\n<meta property=\"og:title\" content=\"Sonora en Equipo. Cae en Mexicali homicida de empresario hotelero en Hermosillo en 2016 Polic\u00edaca\" \/>\n<meta property=\"og:description\" content=\"HERMOSILLO, SONORA,MX.\u2500\u2500 Por el homicidio de un due\u00f1o de hotel, registrado en 2016, la Fiscal\u00eda General de Justicia del Estado de Sonora (FGJE) obtuvo que En Sonora en Equipo publicamos toda la informaci\u00f3n de Sonora, M\u00e9xico y el Mundo de manera oportuna y busca que la libertad de expresi\u00f3n sea real. Visita nuestro medio informativo publicado desde Hermosillo, Sonora. %\" \/>\n<meta property=\"og:url\" content=\"https:\/\/www.sonoraenequipo.com.mx\/cae-en-mexicali-homicida-de-empresario-hotelero-en-hermosillo-en-2016\/\" \/>\n<meta property=\"og:site_name\" content=\"Sonora en Equipo.\" \/>\n<meta property=\"article:publisher\" content=\"https:\/\/www.facebook.com\/SonoraEE\/\" \/>\n<meta property=\"article:author\" content=\"https:\/\/www.facebook.com\/SonoraEE\" \/>\n<meta property=\"article:published_time\" content=\"2021-06-08T05:23:18+00:00\" \/>\n<meta property=\"og:image\" content=\"https:\/\/www.sonoraenequipo.com.mx\/storage\/2021\/06\/moises-mirazo.jpg\" \/>\n\t<meta property=\"og:image:width\" content=\"700\" \/>\n\t<meta property=\"og:image:height\" content=\"400\" \/>\n\t<meta property=\"og:image:type\" content=\"image\/jpeg\" \/>\n<meta name=\"author\" content=\"enequipo\" \/>\n<meta name=\"twitter:card\" content=\"summary_large_image\" \/>\n<meta name=\"twitter:creator\" content=\"@sonoraenequipo\" \/>\n<meta name=\"twitter:site\" content=\"@sonoraenequipo\" \/>\n<meta name=\"twitter:label1\" content=\"Escrito por\" \/>\n\t<meta name=\"twitter:data1\" content=\"enequipo\" \/>\n\t<meta name=\"twitter:label2\" content=\"Tiempo de lectura\" \/>\n\t<meta name=\"twitter:data2\" content=\"2 minutos\" \/>\n<script type=\"application\/ld+json\" class=\"yoast-schema-graph\">{\"@context\":\"https:\/\/schema.org\",\"@graph\":[{\"@type\":\"Article\",\"@id\":\"https:\/\/www.sonoraenequipo.com.mx\/cae-en-mexicali-homicida-de-empresario-hotelero-en-hermosillo-en-2016\/#article\",\"isPartOf\":{\"@id\":\"https:\/\/www.sonoraenequipo.com.mx\/cae-en-mexicali-homicida-de-empresario-hotelero-en-hermosillo-en-2016\/\"},\"author\":{\"name\":\"enequipo\",\"@id\":\"https:\/\/www.sonoraenequipo.com.mx\/#\/schema\/person\/50102df0fb23a8fa9e8effad8fa81386\"},\"headline\":\"Cae en Mexicali homicida de empresario hotelero en Hermosillo en 2016\",\"datePublished\":\"2021-06-08T05:23:18+00:00\",\"mainEntityOfPage\":{\"@id\":\"https:\/\/www.sonoraenequipo.com.mx\/cae-en-mexicali-homicida-de-empresario-hotelero-en-hermosillo-en-2016\/\"},\"wordCount\":441,\"commentCount\":0,\"publisher\":{\"@id\":\"https:\/\/www.sonoraenequipo.com.mx\/#organization\"},\"image\":{\"@id\":\"https:\/\/www.sonoraenequipo.com.mx\/cae-en-mexicali-homicida-de-empresario-hotelero-en-hermosillo-en-2016\/#primaryimage\"},\"thumbnailUrl\":\"https:\/\/www.sonoraenequipo.com.mx\/storage\/2021\/06\/moises-mirazo.jpg\",\"keywords\":[\"empresario hotelero\",\"moises mirazo\",\"Padres\"],\"articleSection\":[\"Polic\u00edaca\"],\"inLanguage\":\"es\",\"potentialAction\":[{\"@type\":\"CommentAction\",\"name\":\"Comment\",\"target\":[\"https:\/\/www.sonoraenequipo.com.mx\/cae-en-mexicali-homicida-de-empresario-hotelero-en-hermosillo-en-2016\/#respond\"]}]},{\"@type\":\"WebPage\",\"@id\":\"https:\/\/www.sonoraenequipo.com.mx\/cae-en-mexicali-homicida-de-empresario-hotelero-en-hermosillo-en-2016\/\",\"url\":\"https:\/\/www.sonoraenequipo.com.mx\/cae-en-mexicali-homicida-de-empresario-hotelero-en-hermosillo-en-2016\/\",\"name\":\"Sonora en Equipo. Cae en Mexicali homicida de empresario hotelero en Hermosillo en 2016 Polic\u00edaca\",\"isPartOf\":{\"@id\":\"https:\/\/www.sonoraenequipo.com.mx\/#website\"},\"primaryImageOfPage\":{\"@id\":\"https:\/\/www.sonoraenequipo.com.mx\/cae-en-mexicali-homicida-de-empresario-hotelero-en-hermosillo-en-2016\/#primaryimage\"},\"image\":{\"@id\":\"https:\/\/www.sonoraenequipo.com.mx\/cae-en-mexicali-homicida-de-empresario-hotelero-en-hermosillo-en-2016\/#primaryimage\"},\"thumbnailUrl\":\"https:\/\/www.sonoraenequipo.com.mx\/storage\/2021\/06\/moises-mirazo.jpg\",\"datePublished\":\"2021-06-08T05:23:18+00:00\",\"description\":\"HERMOSILLO, SONORA,MX.\u2500\u2500 Por el homicidio de un due\u00f1o de hotel, registrado en 2016, la Fiscal\u00eda General de Justicia del Estado de Sonora (FGJE) obtuvo que En Sonora en Equipo publicamos toda la informaci\u00f3n de Sonora, M\u00e9xico y el Mundo de manera oportuna y busca que la libertad de expresi\u00f3n sea real. Visita nuestro medio informativo publicado desde Hermosillo, Sonora. %\",\"breadcrumb\":{\"@id\":\"https:\/\/www.sonoraenequipo.com.mx\/cae-en-mexicali-homicida-de-empresario-hotelero-en-hermosillo-en-2016\/#breadcrumb\"},\"inLanguage\":\"es\",\"potentialAction\":[{\"@type\":\"ReadAction\",\"target\":[\"https:\/\/www.sonoraenequipo.com.mx\/cae-en-mexicali-homicida-de-empresario-hotelero-en-hermosillo-en-2016\/\"]}]},{\"@type\":\"ImageObject\",\"inLanguage\":\"es\",\"@id\":\"https:\/\/www.sonoraenequipo.com.mx\/cae-en-mexicali-homicida-de-empresario-hotelero-en-hermosillo-en-2016\/#primaryimage\",\"url\":\"https:\/\/www.sonoraenequipo.com.mx\/storage\/2021\/06\/moises-mirazo.jpg\",\"contentUrl\":\"https:\/\/www.sonoraenequipo.com.mx\/storage\/2021\/06\/moises-mirazo.jpg\",\"width\":700,\"height\":400,\"caption\":\"foto: La Silla Rota\"},{\"@type\":\"BreadcrumbList\",\"@id\":\"https:\/\/www.sonoraenequipo.com.mx\/cae-en-mexicali-homicida-de-empresario-hotelero-en-hermosillo-en-2016\/#breadcrumb\",\"itemListElement\":[{\"@type\":\"ListItem\",\"position\":1,\"name\":\"Portada\",\"item\":\"https:\/\/www.sonoraenequipo.com.mx\/\"},{\"@type\":\"ListItem\",\"position\":2,\"name\":\"Cae en Mexicali homicida de empresario hotelero en Hermosillo en 2016\"}]},{\"@type\":\"WebSite\",\"@id\":\"https:\/\/www.sonoraenequipo.com.mx\/#website\",\"url\":\"https:\/\/www.sonoraenequipo.com.mx\/\",\"name\":\"Sonora en Equipo.\",\"description\":\"Diario en l\u00ednea con Noticias desde Hermosillo, Sonora\",\"publisher\":{\"@id\":\"https:\/\/www.sonoraenequipo.com.mx\/#organization\"},\"potentialAction\":[{\"@type\":\"SearchAction\",\"target\":{\"@type\":\"EntryPoint\",\"urlTemplate\":\"https:\/\/www.sonoraenequipo.com.mx\/?s={search_term_string}\"},\"query-input\":{\"@type\":\"PropertyValueSpecification\",\"valueRequired\":true,\"valueName\":\"search_term_string\"}}],\"inLanguage\":\"es\"},{\"@type\":\"Organization\",\"@id\":\"https:\/\/www.sonoraenequipo.com.mx\/#organization\",\"name\":\"Sonoraenequipo.com.mx\",\"url\":\"https:\/\/www.sonoraenequipo.com.mx\/\",\"logo\":{\"@type\":\"ImageObject\",\"inLanguage\":\"es\",\"@id\":\"https:\/\/www.sonoraenequipo.com.mx\/#\/schema\/logo\/image\/\",\"url\":\"https:\/\/www.sonoraenequipo.com.mx\/storage\/2019\/01\/sonoraenequipo_opt.png\",\"contentUrl\":\"https:\/\/www.sonoraenequipo.com.mx\/storage\/2019\/01\/sonoraenequipo_opt.png\",\"width\":375,\"height\":125,\"caption\":\"Sonoraenequipo.com.mx\"},\"image\":{\"@id\":\"https:\/\/www.sonoraenequipo.com.mx\/#\/schema\/logo\/image\/\"},\"sameAs\":[\"https:\/\/www.facebook.com\/SonoraEE\/\",\"https:\/\/x.com\/sonoraenequipo\",\"https:\/\/www.youtube.com\/channel\/UC338nW-lPEYmJQs4ZABQ1SQ\"]},{\"@type\":\"Person\",\"@id\":\"https:\/\/www.sonoraenequipo.com.mx\/#\/schema\/person\/50102df0fb23a8fa9e8effad8fa81386\",\"name\":\"enequipo\",\"image\":{\"@type\":\"ImageObject\",\"inLanguage\":\"es\",\"@id\":\"https:\/\/www.sonoraenequipo.com.mx\/#\/schema\/person\/image\/\",\"url\":\"https:\/\/secure.gravatar.com\/avatar\/049821681b589dabc0bc20695993ccebb09f5b5d4d790cd9251b97faac7c652b?s=96&d=blank&r=g\",\"contentUrl\":\"https:\/\/secure.gravatar.com\/avatar\/049821681b589dabc0bc20695993ccebb09f5b5d4d790cd9251b97faac7c652b?s=96&d=blank&r=g\",\"caption\":\"enequipo\"},\"sameAs\":[\"https:\/\/www.facebook.com\/SonoraEE\"]}]}<\/script>\n ","yoast_head_json":{"title":"Sonora en Equipo. Cae en Mexicali homicida de empresario hotelero en Hermosillo en 2016 Polic\u00edaca","description":"HERMOSILLO, SONORA,MX.\u2500\u2500 Por el homicidio de un due\u00f1o de hotel, registrado en 2016, la Fiscal\u00eda General de Justicia del Estado de Sonora (FGJE) obtuvo que En Sonora en Equipo publicamos toda la informaci\u00f3n de Sonora, M\u00e9xico y el Mundo de manera oportuna y busca que la libertad de expresi\u00f3n sea real. Visita nuestro medio informativo publicado desde Hermosillo, Sonora. %","robots":{"index":"index","follow":"follow","max-snippet":"max-snippet:-1","max-image-preview":"max-image-preview:large","max-video-preview":"max-video-preview:-1"},"canonical":"https:\/\/www.sonoraenequipo.com.mx\/cae-en-mexicali-homicida-de-empresario-hotelero-en-hermosillo-en-2016\/","og_locale":"es_ES","og_type":"article","og_title":"Sonora en Equipo. Cae en Mexicali homicida de empresario hotelero en Hermosillo en 2016 Polic\u00edaca","og_description":"HERMOSILLO, SONORA,MX.\u2500\u2500 Por el homicidio de un due\u00f1o de hotel, registrado en 2016, la Fiscal\u00eda General de Justicia del Estado de Sonora (FGJE) obtuvo que En Sonora en Equipo publicamos toda la informaci\u00f3n de Sonora, M\u00e9xico y el Mundo de manera oportuna y busca que la libertad de expresi\u00f3n sea real. Visita nuestro medio informativo publicado desde Hermosillo, Sonora. %","og_url":"https:\/\/www.sonoraenequipo.com.mx\/cae-en-mexicali-homicida-de-empresario-hotelero-en-hermosillo-en-2016\/","og_site_name":"Sonora en Equipo.","article_publisher":"https:\/\/www.facebook.com\/SonoraEE\/","article_author":"https:\/\/www.facebook.com\/SonoraEE","article_published_time":"2021-06-08T05:23:18+00:00","og_image":[{"width":700,"height":400,"url":"https:\/\/www.sonoraenequipo.com.mx\/storage\/2021\/06\/moises-mirazo.jpg","type":"image\/jpeg"}],"author":"enequipo","twitter_card":"summary_large_image","twitter_creator":"@sonoraenequipo","twitter_site":"@sonoraenequipo","twitter_misc":{"Escrito por":"enequipo","Tiempo de lectura":"2 minutos"},"schema":{"@context":"https:\/\/schema.org","@graph":[{"@type":"Article","@id":"https:\/\/www.sonoraenequipo.com.mx\/cae-en-mexicali-homicida-de-empresario-hotelero-en-hermosillo-en-2016\/#article","isPartOf":{"@id":"https:\/\/www.sonoraenequipo.com.mx\/cae-en-mexicali-homicida-de-empresario-hotelero-en-hermosillo-en-2016\/"},"author":{"name":"enequipo","@id":"https:\/\/www.sonoraenequipo.com.mx\/#\/schema\/person\/50102df0fb23a8fa9e8effad8fa81386"},"headline":"Cae en Mexicali homicida de empresario hotelero en Hermosillo en 2016","datePublished":"2021-06-08T05:23:18+00:00","mainEntityOfPage":{"@id":"https:\/\/www.sonoraenequipo.com.mx\/cae-en-mexicali-homicida-de-empresario-hotelero-en-hermosillo-en-2016\/"},"wordCount":441,"commentCount":0,"publisher":{"@id":"https:\/\/www.sonoraenequipo.com.mx\/#organization"},"image":{"@id":"https:\/\/www.sonoraenequipo.com.mx\/cae-en-mexicali-homicida-de-empresario-hotelero-en-hermosillo-en-2016\/#primaryimage"},"thumbnailUrl":"https:\/\/www.sonoraenequipo.com.mx\/storage\/2021\/06\/moises-mirazo.jpg","keywords":["empresario hotelero","moises mirazo","Padres"],"articleSection":["Polic\u00edaca"],"inLanguage":"es","potentialAction":[{"@type":"CommentAction","name":"Comment","target":["https:\/\/www.sonoraenequipo.com.mx\/cae-en-mexicali-homicida-de-empresario-hotelero-en-hermosillo-en-2016\/#respond"]}]},{"@type":"WebPage","@id":"https:\/\/www.sonoraenequipo.com.mx\/cae-en-mexicali-homicida-de-empresario-hotelero-en-hermosillo-en-2016\/","url":"https:\/\/www.sonoraenequipo.com.mx\/cae-en-mexicali-homicida-de-empresario-hotelero-en-hermosillo-en-2016\/","name":"Sonora en Equipo. Cae en Mexicali homicida de empresario hotelero en Hermosillo en 2016 Polic\u00edaca","isPartOf":{"@id":"https:\/\/www.sonoraenequipo.com.mx\/#website"},"primaryImageOfPage":{"@id":"https:\/\/www.sonoraenequipo.com.mx\/cae-en-mexicali-homicida-de-empresario-hotelero-en-hermosillo-en-2016\/#primaryimage"},"image":{"@id":"https:\/\/www.sonoraenequipo.com.mx\/cae-en-mexicali-homicida-de-empresario-hotelero-en-hermosillo-en-2016\/#primaryimage"},"thumbnailUrl":"https:\/\/www.sonoraenequipo.com.mx\/storage\/2021\/06\/moises-mirazo.jpg","datePublished":"2021-06-08T05:23:18+00:00","description":"HERMOSILLO, SONORA,MX.\u2500\u2500 Por el homicidio de un due\u00f1o de hotel, registrado en 2016, la Fiscal\u00eda General de Justicia del Estado de Sonora (FGJE) obtuvo que En Sonora en Equipo publicamos toda la informaci\u00f3n de Sonora, M\u00e9xico y el Mundo de manera oportuna y busca que la libertad de expresi\u00f3n sea real. Visita nuestro medio informativo publicado desde Hermosillo, Sonora. %","breadcrumb":{"@id":"https:\/\/www.sonoraenequipo.com.mx\/cae-en-mexicali-homicida-de-empresario-hotelero-en-hermosillo-en-2016\/#breadcrumb"},"inLanguage":"es","potentialAction":[{"@type":"ReadAction","target":["https:\/\/www.sonoraenequipo.com.mx\/cae-en-mexicali-homicida-de-empresario-hotelero-en-hermosillo-en-2016\/"]}]},{"@type":"ImageObject","inLanguage":"es","@id":"https:\/\/www.sonoraenequipo.com.mx\/cae-en-mexicali-homicida-de-empresario-hotelero-en-hermosillo-en-2016\/#primaryimage","url":"https:\/\/www.sonoraenequipo.com.mx\/storage\/2021\/06\/moises-mirazo.jpg","contentUrl":"https:\/\/www.sonoraenequipo.com.mx\/storage\/2021\/06\/moises-mirazo.jpg","width":700,"height":400,"caption":"foto: La Silla Rota"},{"@type":"BreadcrumbList","@id":"https:\/\/www.sonoraenequipo.com.mx\/cae-en-mexicali-homicida-de-empresario-hotelero-en-hermosillo-en-2016\/#breadcrumb","itemListElement":[{"@type":"ListItem","position":1,"name":"Portada","item":"https:\/\/www.sonoraenequipo.com.mx\/"},{"@type":"ListItem","position":2,"name":"Cae en Mexicali homicida de empresario hotelero en Hermosillo en 2016"}]},{"@type":"WebSite","@id":"https:\/\/www.sonoraenequipo.com.mx\/#website","url":"https:\/\/www.sonoraenequipo.com.mx\/","name":"Sonora en Equipo.","description":"Diario en l\u00ednea con Noticias desde Hermosillo, Sonora","publisher":{"@id":"https:\/\/www.sonoraenequipo.com.mx\/#organization"},"potentialAction":[{"@type":"SearchAction","target":{"@type":"EntryPoint","urlTemplate":"https:\/\/www.sonoraenequipo.com.mx\/?s={search_term_string}"},"query-input":{"@type":"PropertyValueSpecification","valueRequired":true,"valueName":"search_term_string"}}],"inLanguage":"es"},{"@type":"Organization","@id":"https:\/\/www.sonoraenequipo.com.mx\/#organization","name":"Sonoraenequipo.com.mx","url":"https:\/\/www.sonoraenequipo.com.mx\/","logo":{"@type":"ImageObject","inLanguage":"es","@id":"https:\/\/www.sonoraenequipo.com.mx\/#\/schema\/logo\/image\/","url":"https:\/\/www.sonoraenequipo.com.mx\/storage\/2019\/01\/sonoraenequipo_opt.png","contentUrl":"https:\/\/www.sonoraenequipo.com.mx\/storage\/2019\/01\/sonoraenequipo_opt.png","width":375,"height":125,"caption":"Sonoraenequipo.com.mx"},"image":{"@id":"https:\/\/www.sonoraenequipo.com.mx\/#\/schema\/logo\/image\/"},"sameAs":["https:\/\/www.facebook.com\/SonoraEE\/","https:\/\/x.com\/sonoraenequipo","https:\/\/www.youtube.com\/channel\/UC338nW-lPEYmJQs4ZABQ1SQ"]},{"@type":"Person","@id":"https:\/\/www.sonoraenequipo.com.mx\/#\/schema\/person\/50102df0fb23a8fa9e8effad8fa81386","name":"enequipo","image":{"@type":"ImageObject","inLanguage":"es","@id":"https:\/\/www.sonoraenequipo.com.mx\/#\/schema\/person\/image\/","url":"https:\/\/secure.gravatar.com\/avatar\/049821681b589dabc0bc20695993ccebb09f5b5d4d790cd9251b97faac7c652b?s=96&d=blank&r=g","contentUrl":"https:\/\/secure.gravatar.com\/avatar\/049821681b589dabc0bc20695993ccebb09f5b5d4d790cd9251b97faac7c652b?s=96&d=blank&r=g","caption":"enequipo"},"sameAs":["https:\/\/www.facebook.com\/SonoraEE"]}]}},"jetpack_featured_media_url":"https:\/\/www.sonoraenequipo.com.mx\/storage\/2021\/06\/moises-mirazo.jpg","_links":{"self":[{"href":"https:\/\/www.sonoraenequipo.com.mx\/api\/wp\/v2\/posts\/115836","targetHints":{"allow":["GET"]}}],"collection":[{"href":"https:\/\/www.sonoraenequipo.com.mx\/api\/wp\/v2\/posts"}],"about":[{"href":"https:\/\/www.sonoraenequipo.com.mx\/api\/wp\/v2\/types\/post"}],"author":[{"embeddable":true,"href":"https:\/\/www.sonoraenequipo.com.mx\/api\/wp\/v2\/users\/1"}],"replies":[{"embeddable":true,"href":"https:\/\/www.sonoraenequipo.com.mx\/api\/wp\/v2\/comments?post=115836"}],"version-history":[{"count":1,"href":"https:\/\/www.sonoraenequipo.com.mx\/api\/wp\/v2\/posts\/115836\/revisions"}],"predecessor-version":[{"id":115843,"href":"https:\/\/www.sonoraenequipo.com.mx\/api\/wp\/v2\/posts\/115836\/revisions\/115843"}],"wp:featuredmedia":[{"embeddable":true,"href":"https:\/\/www.sonoraenequipo.com.mx\/api\/wp\/v2\/media\/115839"}],"wp:attachment":[{"href":"https:\/\/www.sonoraenequipo.com.mx\/api\/wp\/v2\/media?parent=115836"}],"wp:term":[{"taxonomy":"category","embeddable":true,"href":"https:\/\/www.sonoraenequipo.com.mx\/api\/wp\/v2\/categories?post=115836"},{"taxonomy":"post_tag","embeddable":true,"href":"https:\/\/www.sonoraenequipo.com.mx\/api\/wp\/v2\/tags?post=115836"}],"curies":[{"name":"wp","href":"https:\/\/api.w.org\/{rel}","templated":true}]}}