{"id":115851,"date":"2021-06-08T07:50:51","date_gmt":"2021-06-08T14:50:51","guid":{"rendered":"https:\/\/www.sonoraenequipo.com.mx\/?p=115851"},"modified":"2021-06-08T13:32:20","modified_gmt":"2021-06-08T20:32:20","slug":"regreso-a-clases-presenciales-sera-voluntario","status":"publish","type":"post","link":"https:\/\/www.sonoraenequipo.com.mx\/regreso-a-clases-presenciales-sera-voluntario\/","title":{"rendered":"Regreso a clases presenciales ser\u00e1 voluntario"},"content":{"rendered":"<p>CIUDAD DE M\u00c9XICO.MX. \u2014 El presidente Andr\u00e9s Manuel L\u00f3pez Obrador reiter\u00f3 que el regreso a clases presenciales es voluntario. A las madres y padres de familia y personal educativo, dijo que corresponde decidir libremente sobre el retorno a las aulas.<\/p>\n<p>&nbsp;<\/p>\n<p> <\/p>\n<p>&nbsp;<\/p>\n<p><em>\u201cYo solo subrayo dos cosas. Primero, la importancia que tiene el regresar a las clases presenciales, no hay nada que las sustituya. Es algo muy importante que va m\u00e1s all\u00e1 del aprendizaje. Tiene que ver con la socializaci\u00f3n de ni\u00f1os y ni\u00f1as, con sus maestros, es algo que tiene que ver con los afectos. La escuela es, pues, el segundo hogar. (\u2026) Hablando de educaci\u00f3n lo importante es convencer no imponer\u201d,<\/em> enfatiz\u00f3.<\/p>\n<p>&nbsp;<\/p>\n<p>La secretaria de Educaci\u00f3n P\u00fablica, Delfina G\u00f3mez \u00c1lvarez, detall\u00f3 que en Aguascalientes, Baja California, Chiapas, Ciudad de M\u00e9xico, Coahuila, Guanajuato, Jalisco, Estado de M\u00e9xico, Morelos, Nuevo Le\u00f3n, San Luis Potos\u00ed, Sinaloa, Tamaulipas y Veracruz, las y los estudiantes volvieron a las aulas en modalidad mixta o de manera escalonada.<\/p>\n<p>&nbsp;<\/p>\n<p>En Chihuahua, Colima, Nayarit y Zacatecas los alumnos asisten a centros comunitarios de aprendizaje con asesor\u00eda pedag\u00f3gica y socioemocional.<\/p>\n<p>&nbsp;<\/p>\n<p>En Baja California Sur, Guerrero, Hidalgo, Michoac\u00e1n, Oaxaca, Puebla, Quer\u00e9taro, Quintana Roo, Sonora, Tabasco, Tlaxcala y Yucat\u00e1n prev\u00e9n regresar en el ciclo escolar 2021-2022.<\/p>\n<p>&nbsp;<\/p>\n<p>En conferencia de prensa matutina, el jefe del Ejecutivo resalt\u00f3 que la incidencia de contagios sigue en descenso y se continuar\u00e1 con medidas para prevenir incrementos.<\/p>\n<p>&nbsp;<\/p>\n<p><em>\u201cEs notorio que va quedando atr\u00e1s la gravedad del problema de la pandemia\u201d,<\/em> remarc\u00f3.<\/p>\n<p>&nbsp;<\/p>\n<p>De manera simult\u00e1nea, dijo, seguir\u00e1 el proceso de vacunaci\u00f3n para cumplir el compromiso de haber protegido a toda la poblaci\u00f3n mayor de 18 a\u00f1os en octubre.<\/p>\n<p>&nbsp;<\/p>\n<p>El secretario de Salud, Jorge Alcocer Varela, destac\u00f3 que en poco tiempo se habr\u00e1 vacunado a uno de cada tres mexicanos adultos.<\/p>\n<p>&nbsp;<\/p>\n<p>El subsecretario de Prevenci\u00f3n y Promoci\u00f3n de la Salud, Hugo L\u00f3pez-Gatell Ram\u00edrez, indic\u00f3 que cada vez se vacuna m\u00e1s r\u00e1pido a las personas conforme llegan dosis al pa\u00eds.<\/p>\n<p>&nbsp;<\/p>\n<p>A nivel nacional se han aplicado 34 millones 658 mil 545 dosis de las diferentes vacunas aprobadas para uso de emergencia. Hay 24 millones 224 mil 273 personas que representan 27 por ciento de la poblaci\u00f3n de m\u00e1s de 18 a\u00f1os.<\/p>\n<p>&nbsp;<\/p>\n<p>Reafirm\u00f3 que en las zonas tur\u00edsticas de Quintana Roo y Baja California Sur, as\u00ed como en la frontera norte se fortalecer\u00e1 la vacunaci\u00f3n para impulsar la actividad econ\u00f3mica.<\/p>\n<p>&nbsp;<\/p>\n<p>Inform\u00f3 que esta semana llegar\u00e1 un mill\u00f3n 458 mil 990 dosis de Pfizer en tres embarques: dos de 585 mil dosis y uno de 288 mil 990, los cuales se distribuir\u00e1n en el territorio nacional con apoyo de la Secretar\u00eda de la Defensa Nacional.<\/p>\n<p>&nbsp;<\/p>\n<p>El secretario de Relaciones Exteriores, Marcelo Ebrard Casaubon, expuso que actualmente M\u00e9xico ocupa el sexto lugar en dosis administradas en la \u00faltima semana, por encima de Alemania, Francia, Italia y Reino Unido.<\/p>\n<p>&nbsp;<\/p>\n<p>&nbsp;<\/p>\n<p>(Publicada el 08\/06\/2021)<\/p>\n","protected":false},"excerpt":{"rendered":"<p>CIUDAD DE M\u00c9XICO.MX. \u2014 El presidente Andr\u00e9s Manuel L\u00f3pez Obrador reiter\u00f3 que el regreso a&#8230;<\/p>\n","protected":false},"author":1,"featured_media":115856,"comment_status":"open","ping_status":"open","sticky":false,"template":"","format":"standard","meta":{"_monsterinsights_skip_tracking":false,"_monsterinsights_sitenote_active":false,"_monsterinsights_sitenote_note":"","_monsterinsights_sitenote_category":0,"footnotes":""},"categories":[5],"tags":[],"class_list":["post"],"yoast_head":" \n<title>Sonora en Equipo. Regreso a clases presenciales ser\u00e1 voluntario Rep\u00fablica<\/title>\n<meta name=\"description\" content=\"CIUDAD DE M\u00c9XICO.MX. \u2014 El presidente Andr\u00e9s Manuel L\u00f3pez Obrador reiter\u00f3 que el regreso a clases presenciales es voluntario. A las madres y padres de En Sonora en Equipo publicamos toda la informaci\u00f3n de Sonora, M\u00e9xico y el Mundo de manera oportuna y busca que la libertad de expresi\u00f3n sea real. Visita nuestro medio informativo publicado desde Hermosillo, Sonora. %\" \/>\n<meta name=\"robots\" content=\"index, follow, max-snippet:-1, max-image-preview:large, max-video-preview:-1\" \/>\n<link rel=\"canonical\" href=\"https:\/\/www.sonoraenequipo.com.mx\/regreso-a-clases-presenciales-sera-voluntario\/\" \/>\n<meta property=\"og:locale\" content=\"es_ES\" \/>\n<meta property=\"og:type\" content=\"article\" \/>\n<meta property=\"og:title\" content=\"Sonora en Equipo. Regreso a clases presenciales ser\u00e1 voluntario Rep\u00fablica\" \/>\n<meta property=\"og:description\" content=\"CIUDAD DE M\u00c9XICO.MX. \u2014 El presidente Andr\u00e9s Manuel L\u00f3pez Obrador reiter\u00f3 que el regreso a clases presenciales es voluntario. A las madres y padres de En Sonora en Equipo publicamos toda la informaci\u00f3n de Sonora, M\u00e9xico y el Mundo de manera oportuna y busca que la libertad de expresi\u00f3n sea real. Visita nuestro medio informativo publicado desde Hermosillo, Sonora. %\" \/>\n<meta property=\"og:url\" content=\"https:\/\/www.sonoraenequipo.com.mx\/regreso-a-clases-presenciales-sera-voluntario\/\" \/>\n<meta property=\"og:site_name\" content=\"Sonora en Equipo.\" \/>\n<meta property=\"article:publisher\" content=\"https:\/\/www.facebook.com\/SonoraEE\/\" \/>\n<meta property=\"article:author\" content=\"https:\/\/www.facebook.com\/SonoraEE\" \/>\n<meta property=\"article:published_time\" content=\"2021-06-08T14:50:51+00:00\" \/>\n<meta property=\"article:modified_time\" content=\"2021-06-08T20:32:20+00:00\" \/>\n<meta property=\"og:image\" content=\"https:\/\/www.sonoraenequipo.com.mx\/storage\/2021\/06\/SEP-Delfina-Gomez_opt.jpg\" \/>\n\t<meta property=\"og:image:width\" content=\"700\" \/>\n\t<meta property=\"og:image:height\" content=\"400\" \/>\n\t<meta property=\"og:image:type\" content=\"image\/jpeg\" \/>\n<meta name=\"author\" content=\"enequipo\" \/>\n<meta name=\"twitter:card\" content=\"summary_large_image\" \/>\n<meta name=\"twitter:creator\" content=\"@sonoraenequipo\" \/>\n<meta name=\"twitter:site\" content=\"@sonoraenequipo\" \/>\n<meta name=\"twitter:label1\" content=\"Escrito por\" \/>\n\t<meta name=\"twitter:data1\" content=\"enequipo\" \/>\n\t<meta name=\"twitter:label2\" content=\"Tiempo de lectura\" \/>\n\t<meta name=\"twitter:data2\" content=\"3 minutos\" \/>\n<script type=\"application\/ld+json\" class=\"yoast-schema-graph\">{\"@context\":\"https:\/\/schema.org\",\"@graph\":[{\"@type\":\"Article\",\"@id\":\"https:\/\/www.sonoraenequipo.com.mx\/regreso-a-clases-presenciales-sera-voluntario\/#article\",\"isPartOf\":{\"@id\":\"https:\/\/www.sonoraenequipo.com.mx\/regreso-a-clases-presenciales-sera-voluntario\/\"},\"author\":{\"name\":\"enequipo\",\"@id\":\"https:\/\/www.sonoraenequipo.com.mx\/#\/schema\/person\/50102df0fb23a8fa9e8effad8fa81386\"},\"headline\":\"Regreso a clases presenciales ser\u00e1 voluntario\",\"datePublished\":\"2021-06-08T14:50:51+00:00\",\"dateModified\":\"2021-06-08T20:32:20+00:00\",\"mainEntityOfPage\":{\"@id\":\"https:\/\/www.sonoraenequipo.com.mx\/regreso-a-clases-presenciales-sera-voluntario\/\"},\"wordCount\":516,\"commentCount\":0,\"publisher\":{\"@id\":\"https:\/\/www.sonoraenequipo.com.mx\/#organization\"},\"image\":{\"@id\":\"https:\/\/www.sonoraenequipo.com.mx\/regreso-a-clases-presenciales-sera-voluntario\/#primaryimage\"},\"thumbnailUrl\":\"https:\/\/www.sonoraenequipo.com.mx\/storage\/2021\/06\/SEP-Delfina-Gomez_opt.jpg\",\"articleSection\":[\"Rep\u00fablica\"],\"inLanguage\":\"es\",\"potentialAction\":[{\"@type\":\"CommentAction\",\"name\":\"Comment\",\"target\":[\"https:\/\/www.sonoraenequipo.com.mx\/regreso-a-clases-presenciales-sera-voluntario\/#respond\"]}]},{\"@type\":\"WebPage\",\"@id\":\"https:\/\/www.sonoraenequipo.com.mx\/regreso-a-clases-presenciales-sera-voluntario\/\",\"url\":\"https:\/\/www.sonoraenequipo.com.mx\/regreso-a-clases-presenciales-sera-voluntario\/\",\"name\":\"Sonora en Equipo. Regreso a clases presenciales ser\u00e1 voluntario Rep\u00fablica\",\"isPartOf\":{\"@id\":\"https:\/\/www.sonoraenequipo.com.mx\/#website\"},\"primaryImageOfPage\":{\"@id\":\"https:\/\/www.sonoraenequipo.com.mx\/regreso-a-clases-presenciales-sera-voluntario\/#primaryimage\"},\"image\":{\"@id\":\"https:\/\/www.sonoraenequipo.com.mx\/regreso-a-clases-presenciales-sera-voluntario\/#primaryimage\"},\"thumbnailUrl\":\"https:\/\/www.sonoraenequipo.com.mx\/storage\/2021\/06\/SEP-Delfina-Gomez_opt.jpg\",\"datePublished\":\"2021-06-08T14:50:51+00:00\",\"dateModified\":\"2021-06-08T20:32:20+00:00\",\"description\":\"CIUDAD DE M\u00c9XICO.MX. \u2014 El presidente Andr\u00e9s Manuel L\u00f3pez Obrador reiter\u00f3 que el regreso a clases presenciales es voluntario. A las madres y padres de En Sonora en Equipo publicamos toda la informaci\u00f3n de Sonora, M\u00e9xico y el Mundo de manera oportuna y busca que la libertad de expresi\u00f3n sea real. Visita nuestro medio informativo publicado desde Hermosillo, Sonora. %\",\"breadcrumb\":{\"@id\":\"https:\/\/www.sonoraenequipo.com.mx\/regreso-a-clases-presenciales-sera-voluntario\/#breadcrumb\"},\"inLanguage\":\"es\",\"potentialAction\":[{\"@type\":\"ReadAction\",\"target\":[\"https:\/\/www.sonoraenequipo.com.mx\/regreso-a-clases-presenciales-sera-voluntario\/\"]}]},{\"@type\":\"ImageObject\",\"inLanguage\":\"es\",\"@id\":\"https:\/\/www.sonoraenequipo.com.mx\/regreso-a-clases-presenciales-sera-voluntario\/#primaryimage\",\"url\":\"https:\/\/www.sonoraenequipo.com.mx\/storage\/2021\/06\/SEP-Delfina-Gomez_opt.jpg\",\"contentUrl\":\"https:\/\/www.sonoraenequipo.com.mx\/storage\/2021\/06\/SEP-Delfina-Gomez_opt.jpg\",\"width\":700,\"height\":400},{\"@type\":\"BreadcrumbList\",\"@id\":\"https:\/\/www.sonoraenequipo.com.mx\/regreso-a-clases-presenciales-sera-voluntario\/#breadcrumb\",\"itemListElement\":[{\"@type\":\"ListItem\",\"position\":1,\"name\":\"Portada\",\"item\":\"https:\/\/www.sonoraenequipo.com.mx\/\"},{\"@type\":\"ListItem\",\"position\":2,\"name\":\"Regreso a clases presenciales ser\u00e1 voluntario\"}]},{\"@type\":\"WebSite\",\"@id\":\"https:\/\/www.sonoraenequipo.com.mx\/#website\",\"url\":\"https:\/\/www.sonoraenequipo.com.mx\/\",\"name\":\"Sonora en Equipo.\",\"description\":\"Diario en l\u00ednea con Noticias desde Hermosillo, Sonora\",\"publisher\":{\"@id\":\"https:\/\/www.sonoraenequipo.com.mx\/#organization\"},\"potentialAction\":[{\"@type\":\"SearchAction\",\"target\":{\"@type\":\"EntryPoint\",\"urlTemplate\":\"https:\/\/www.sonoraenequipo.com.mx\/?s={search_term_string}\"},\"query-input\":{\"@type\":\"PropertyValueSpecification\",\"valueRequired\":true,\"valueName\":\"search_term_string\"}}],\"inLanguage\":\"es\"},{\"@type\":\"Organization\",\"@id\":\"https:\/\/www.sonoraenequipo.com.mx\/#organization\",\"name\":\"Sonoraenequipo.com.mx\",\"url\":\"https:\/\/www.sonoraenequipo.com.mx\/\",\"logo\":{\"@type\":\"ImageObject\",\"inLanguage\":\"es\",\"@id\":\"https:\/\/www.sonoraenequipo.com.mx\/#\/schema\/logo\/image\/\",\"url\":\"https:\/\/www.sonoraenequipo.com.mx\/storage\/2019\/01\/sonoraenequipo_opt.png\",\"contentUrl\":\"https:\/\/www.sonoraenequipo.com.mx\/storage\/2019\/01\/sonoraenequipo_opt.png\",\"width\":375,\"height\":125,\"caption\":\"Sonoraenequipo.com.mx\"},\"image\":{\"@id\":\"https:\/\/www.sonoraenequipo.com.mx\/#\/schema\/logo\/image\/\"},\"sameAs\":[\"https:\/\/www.facebook.com\/SonoraEE\/\",\"https:\/\/x.com\/sonoraenequipo\",\"https:\/\/www.youtube.com\/channel\/UC338nW-lPEYmJQs4ZABQ1SQ\"]},{\"@type\":\"Person\",\"@id\":\"https:\/\/www.sonoraenequipo.com.mx\/#\/schema\/person\/50102df0fb23a8fa9e8effad8fa81386\",\"name\":\"enequipo\",\"image\":{\"@type\":\"ImageObject\",\"inLanguage\":\"es\",\"@id\":\"https:\/\/www.sonoraenequipo.com.mx\/#\/schema\/person\/image\/\",\"url\":\"https:\/\/secure.gravatar.com\/avatar\/049821681b589dabc0bc20695993ccebb09f5b5d4d790cd9251b97faac7c652b?s=96&d=blank&r=g\",\"contentUrl\":\"https:\/\/secure.gravatar.com\/avatar\/049821681b589dabc0bc20695993ccebb09f5b5d4d790cd9251b97faac7c652b?s=96&d=blank&r=g\",\"caption\":\"enequipo\"},\"sameAs\":[\"https:\/\/www.facebook.com\/SonoraEE\"]}]}<\/script>\n ","yoast_head_json":{"title":"Sonora en Equipo. Regreso a clases presenciales ser\u00e1 voluntario Rep\u00fablica","description":"CIUDAD DE M\u00c9XICO.MX. \u2014 El presidente Andr\u00e9s Manuel L\u00f3pez Obrador reiter\u00f3 que el regreso a clases presenciales es voluntario. A las madres y padres de En Sonora en Equipo publicamos toda la informaci\u00f3n de Sonora, M\u00e9xico y el Mundo de manera oportuna y busca que la libertad de expresi\u00f3n sea real. Visita nuestro medio informativo publicado desde Hermosillo, Sonora. %","robots":{"index":"index","follow":"follow","max-snippet":"max-snippet:-1","max-image-preview":"max-image-preview:large","max-video-preview":"max-video-preview:-1"},"canonical":"https:\/\/www.sonoraenequipo.com.mx\/regreso-a-clases-presenciales-sera-voluntario\/","og_locale":"es_ES","og_type":"article","og_title":"Sonora en Equipo. Regreso a clases presenciales ser\u00e1 voluntario Rep\u00fablica","og_description":"CIUDAD DE M\u00c9XICO.MX. \u2014 El presidente Andr\u00e9s Manuel L\u00f3pez Obrador reiter\u00f3 que el regreso a clases presenciales es voluntario. A las madres y padres de En Sonora en Equipo publicamos toda la informaci\u00f3n de Sonora, M\u00e9xico y el Mundo de manera oportuna y busca que la libertad de expresi\u00f3n sea real. Visita nuestro medio informativo publicado desde Hermosillo, Sonora. %","og_url":"https:\/\/www.sonoraenequipo.com.mx\/regreso-a-clases-presenciales-sera-voluntario\/","og_site_name":"Sonora en Equipo.","article_publisher":"https:\/\/www.facebook.com\/SonoraEE\/","article_author":"https:\/\/www.facebook.com\/SonoraEE","article_published_time":"2021-06-08T14:50:51+00:00","article_modified_time":"2021-06-08T20:32:20+00:00","og_image":[{"width":700,"height":400,"url":"https:\/\/www.sonoraenequipo.com.mx\/storage\/2021\/06\/SEP-Delfina-Gomez_opt.jpg","type":"image\/jpeg"}],"author":"enequipo","twitter_card":"summary_large_image","twitter_creator":"@sonoraenequipo","twitter_site":"@sonoraenequipo","twitter_misc":{"Escrito por":"enequipo","Tiempo de lectura":"3 minutos"},"schema":{"@context":"https:\/\/schema.org","@graph":[{"@type":"Article","@id":"https:\/\/www.sonoraenequipo.com.mx\/regreso-a-clases-presenciales-sera-voluntario\/#article","isPartOf":{"@id":"https:\/\/www.sonoraenequipo.com.mx\/regreso-a-clases-presenciales-sera-voluntario\/"},"author":{"name":"enequipo","@id":"https:\/\/www.sonoraenequipo.com.mx\/#\/schema\/person\/50102df0fb23a8fa9e8effad8fa81386"},"headline":"Regreso a clases presenciales ser\u00e1 voluntario","datePublished":"2021-06-08T14:50:51+00:00","dateModified":"2021-06-08T20:32:20+00:00","mainEntityOfPage":{"@id":"https:\/\/www.sonoraenequipo.com.mx\/regreso-a-clases-presenciales-sera-voluntario\/"},"wordCount":516,"commentCount":0,"publisher":{"@id":"https:\/\/www.sonoraenequipo.com.mx\/#organization"},"image":{"@id":"https:\/\/www.sonoraenequipo.com.mx\/regreso-a-clases-presenciales-sera-voluntario\/#primaryimage"},"thumbnailUrl":"https:\/\/www.sonoraenequipo.com.mx\/storage\/2021\/06\/SEP-Delfina-Gomez_opt.jpg","articleSection":["Rep\u00fablica"],"inLanguage":"es","potentialAction":[{"@type":"CommentAction","name":"Comment","target":["https:\/\/www.sonoraenequipo.com.mx\/regreso-a-clases-presenciales-sera-voluntario\/#respond"]}]},{"@type":"WebPage","@id":"https:\/\/www.sonoraenequipo.com.mx\/regreso-a-clases-presenciales-sera-voluntario\/","url":"https:\/\/www.sonoraenequipo.com.mx\/regreso-a-clases-presenciales-sera-voluntario\/","name":"Sonora en Equipo. Regreso a clases presenciales ser\u00e1 voluntario Rep\u00fablica","isPartOf":{"@id":"https:\/\/www.sonoraenequipo.com.mx\/#website"},"primaryImageOfPage":{"@id":"https:\/\/www.sonoraenequipo.com.mx\/regreso-a-clases-presenciales-sera-voluntario\/#primaryimage"},"image":{"@id":"https:\/\/www.sonoraenequipo.com.mx\/regreso-a-clases-presenciales-sera-voluntario\/#primaryimage"},"thumbnailUrl":"https:\/\/www.sonoraenequipo.com.mx\/storage\/2021\/06\/SEP-Delfina-Gomez_opt.jpg","datePublished":"2021-06-08T14:50:51+00:00","dateModified":"2021-06-08T20:32:20+00:00","description":"CIUDAD DE M\u00c9XICO.MX. \u2014 El presidente Andr\u00e9s Manuel L\u00f3pez Obrador reiter\u00f3 que el regreso a clases presenciales es voluntario. A las madres y padres de En Sonora en Equipo publicamos toda la informaci\u00f3n de Sonora, M\u00e9xico y el Mundo de manera oportuna y busca que la libertad de expresi\u00f3n sea real. Visita nuestro medio informativo publicado desde Hermosillo, Sonora. %","breadcrumb":{"@id":"https:\/\/www.sonoraenequipo.com.mx\/regreso-a-clases-presenciales-sera-voluntario\/#breadcrumb"},"inLanguage":"es","potentialAction":[{"@type":"ReadAction","target":["https:\/\/www.sonoraenequipo.com.mx\/regreso-a-clases-presenciales-sera-voluntario\/"]}]},{"@type":"ImageObject","inLanguage":"es","@id":"https:\/\/www.sonoraenequipo.com.mx\/regreso-a-clases-presenciales-sera-voluntario\/#primaryimage","url":"https:\/\/www.sonoraenequipo.com.mx\/storage\/2021\/06\/SEP-Delfina-Gomez_opt.jpg","contentUrl":"https:\/\/www.sonoraenequipo.com.mx\/storage\/2021\/06\/SEP-Delfina-Gomez_opt.jpg","width":700,"height":400},{"@type":"BreadcrumbList","@id":"https:\/\/www.sonoraenequipo.com.mx\/regreso-a-clases-presenciales-sera-voluntario\/#breadcrumb","itemListElement":[{"@type":"ListItem","position":1,"name":"Portada","item":"https:\/\/www.sonoraenequipo.com.mx\/"},{"@type":"ListItem","position":2,"name":"Regreso a clases presenciales ser\u00e1 voluntario"}]},{"@type":"WebSite","@id":"https:\/\/www.sonoraenequipo.com.mx\/#website","url":"https:\/\/www.sonoraenequipo.com.mx\/","name":"Sonora en Equipo.","description":"Diario en l\u00ednea con Noticias desde Hermosillo, Sonora","publisher":{"@id":"https:\/\/www.sonoraenequipo.com.mx\/#organization"},"potentialAction":[{"@type":"SearchAction","target":{"@type":"EntryPoint","urlTemplate":"https:\/\/www.sonoraenequipo.com.mx\/?s={search_term_string}"},"query-input":{"@type":"PropertyValueSpecification","valueRequired":true,"valueName":"search_term_string"}}],"inLanguage":"es"},{"@type":"Organization","@id":"https:\/\/www.sonoraenequipo.com.mx\/#organization","name":"Sonoraenequipo.com.mx","url":"https:\/\/www.sonoraenequipo.com.mx\/","logo":{"@type":"ImageObject","inLanguage":"es","@id":"https:\/\/www.sonoraenequipo.com.mx\/#\/schema\/logo\/image\/","url":"https:\/\/www.sonoraenequipo.com.mx\/storage\/2019\/01\/sonoraenequipo_opt.png","contentUrl":"https:\/\/www.sonoraenequipo.com.mx\/storage\/2019\/01\/sonoraenequipo_opt.png","width":375,"height":125,"caption":"Sonoraenequipo.com.mx"},"image":{"@id":"https:\/\/www.sonoraenequipo.com.mx\/#\/schema\/logo\/image\/"},"sameAs":["https:\/\/www.facebook.com\/SonoraEE\/","https:\/\/x.com\/sonoraenequipo","https:\/\/www.youtube.com\/channel\/UC338nW-lPEYmJQs4ZABQ1SQ"]},{"@type":"Person","@id":"https:\/\/www.sonoraenequipo.com.mx\/#\/schema\/person\/50102df0fb23a8fa9e8effad8fa81386","name":"enequipo","image":{"@type":"ImageObject","inLanguage":"es","@id":"https:\/\/www.sonoraenequipo.com.mx\/#\/schema\/person\/image\/","url":"https:\/\/secure.gravatar.com\/avatar\/049821681b589dabc0bc20695993ccebb09f5b5d4d790cd9251b97faac7c652b?s=96&d=blank&r=g","contentUrl":"https:\/\/secure.gravatar.com\/avatar\/049821681b589dabc0bc20695993ccebb09f5b5d4d790cd9251b97faac7c652b?s=96&d=blank&r=g","caption":"enequipo"},"sameAs":["https:\/\/www.facebook.com\/SonoraEE"]}]}},"jetpack_featured_media_url":"https:\/\/www.sonoraenequipo.com.mx\/storage\/2021\/06\/SEP-Delfina-Gomez_opt.jpg","_links":{"self":[{"href":"https:\/\/www.sonoraenequipo.com.mx\/api\/wp\/v2\/posts\/115851","targetHints":{"allow":["GET"]}}],"collection":[{"href":"https:\/\/www.sonoraenequipo.com.mx\/api\/wp\/v2\/posts"}],"about":[{"href":"https:\/\/www.sonoraenequipo.com.mx\/api\/wp\/v2\/types\/post"}],"author":[{"embeddable":true,"href":"https:\/\/www.sonoraenequipo.com.mx\/api\/wp\/v2\/users\/1"}],"replies":[{"embeddable":true,"href":"https:\/\/www.sonoraenequipo.com.mx\/api\/wp\/v2\/comments?post=115851"}],"version-history":[{"count":1,"href":"https:\/\/www.sonoraenequipo.com.mx\/api\/wp\/v2\/posts\/115851\/revisions"}],"predecessor-version":[{"id":115858,"href":"https:\/\/www.sonoraenequipo.com.mx\/api\/wp\/v2\/posts\/115851\/revisions\/115858"}],"wp:featuredmedia":[{"embeddable":true,"href":"https:\/\/www.sonoraenequipo.com.mx\/api\/wp\/v2\/media\/115856"}],"wp:attachment":[{"href":"https:\/\/www.sonoraenequipo.com.mx\/api\/wp\/v2\/media?parent=115851"}],"wp:term":[{"taxonomy":"category","embeddable":true,"href":"https:\/\/www.sonoraenequipo.com.mx\/api\/wp\/v2\/categories?post=115851"},{"taxonomy":"post_tag","embeddable":true,"href":"https:\/\/www.sonoraenequipo.com.mx\/api\/wp\/v2\/tags?post=115851"}],"curies":[{"name":"wp","href":"https:\/\/api.w.org\/{rel}","templated":true}]}}