{"id":115857,"date":"2021-06-08T13:38:23","date_gmt":"2021-06-08T20:38:23","guid":{"rendered":"https:\/\/www.sonoraenequipo.com.mx\/?p=115857"},"modified":"2021-06-08T13:38:23","modified_gmt":"2021-06-08T20:38:23","slug":"ponen-a-salvo-a-10-migrantes-con-apoyo-de-tecnologia-del-c5i-sonora","status":"publish","type":"post","link":"https:\/\/www.sonoraenequipo.com.mx\/ponen-a-salvo-a-10-migrantes-con-apoyo-de-tecnologia-del-c5i-sonora\/","title":{"rendered":"Ponen a salvo a 10 migrantes con apoyo de tecnolog\u00eda del C5i Sonora"},"content":{"rendered":"<p>HERMOSILLO, SONORA,MX.\u2500\u2500 Con apoyo tecnol\u00f3gico del C5i Sonora a trav\u00e9s del sistema \u00abCarbyne \u00bb se logr\u00f3, por personal de la Patrulla Fronteriza de Sonoita, Arizona, el rescate de 10 migrantes entre ellos 4 menores de edad, inform\u00f3 H\u00e9ctor Serv\u00edn De La Mora.<\/p>\n<p>&nbsp;<\/p>\n<p>El coordinador del C5i Nogales indic\u00f3 que el pasado 5 de junio a las 1:40 horas se recibi\u00f3 la llamada al 9-1-1 de un colombiano de nombre Jhoan, quien pidi\u00f3 apoyo ya que estaba extraviado en Estados Unidos.<\/p>\n<p>&nbsp;<\/p>\n<p>El reportante, en la llamada dijo que junto con \u00e9l estaban 4 menores de 4, 6, 5 y 9 a\u00f1os y 4 adultos de diferentes nacionalidades, a quienes se encontr\u00f3 al ingresar de forma ilegal a Arizona.<\/p>\n<p>&nbsp;<\/p>\n<p>Serv\u00edn de la Mora indic\u00f3 que utilizando la tecnolog\u00eda de geolocalizaci\u00f3n con la que se cuenta en C5i Sonora, se logr\u00f3 obtener las coordenadas donde se encontraban las personas por lo que se activaron los protocolos binacionales, informando de la situaci\u00f3n al enlace de Border Patrol de la Estaci\u00f3n de Sonoita, Arizona.<\/p>\n<p>&nbsp;<\/p>\n<p>Coment\u00f3 que se les proporcionaron las coordenadas a los oficiales de la Patrulla Fronteriza y media hora despu\u00e9s se inform\u00f3 que se logr\u00f3 localizar a las 9 personas, quienes fueron trasladados a las instalaciones de Border Patrol para recibir atenci\u00f3n m\u00e9dica.<\/p>\n<p>&nbsp;<\/p>\n<p>As\u00ed tambi\u00e9n dio a conocer que a las 20:14 horas del d\u00eda 3 de junio de 2021 con apoyo del sistema Carbyne la Border Patrol rescat\u00f3 a Adri\u00e1n, de 52 a\u00f1os, originario de la Ciudad de M\u00e9xico quien al cruzar por el desierto de Arizona se extrav\u00edo y lesion\u00f3 el pie izquierdo por lo que llam\u00f3 al 9-1-1 para solicitar ayuda.<\/p>\n<p>&nbsp;<\/p>\n<p>Serv\u00edn De la Mora reiter\u00f3 el llamado a los migrantes de hacer uso del 9-1-1 ante cualquier situaci\u00f3n de emergencia o riesgo.<\/p>\n<p>Fecha de Publicaci\u00f3n\u00a0\u00a0 lunes\u00a0 \/ 7\u00a0 \/ junio \/ 2021<\/p>\n<p>&nbsp;<\/p>\n","protected":false},"excerpt":{"rendered":"<p>HERMOSILLO, SONORA,MX.\u2500\u2500 Con apoyo tecnol\u00f3gico del C5i Sonora a trav\u00e9s del sistema \u00abCarbyne \u00bb se&#8230;<\/p>\n","protected":false},"author":1,"featured_media":115860,"comment_status":"open","ping_status":"open","sticky":false,"template":"","format":"standard","meta":{"_monsterinsights_skip_tracking":false,"_monsterinsights_sitenote_active":false,"_monsterinsights_sitenote_note":"","_monsterinsights_sitenote_category":0,"footnotes":""},"categories":[22],"tags":[],"class_list":["post"],"yoast_head":" \n<title>Sonora en Equipo. Ponen a salvo a 10 migrantes con apoyo de tecnolog\u00eda del C5i Sonora Sonora<\/title>\n<meta name=\"description\" content=\"HERMOSILLO, SONORA,MX.\u2500\u2500 Con apoyo tecnol\u00f3gico del C5i Sonora a trav\u00e9s del sistema &quot;Carbyne &quot; se logr\u00f3, por personal de la Patrulla Fronteriza de Sonoita, En Sonora en Equipo publicamos toda la informaci\u00f3n de Sonora, M\u00e9xico y el Mundo de manera oportuna y busca que la libertad de expresi\u00f3n sea real. Visita nuestro medio informativo publicado desde Hermosillo, Sonora. %\" \/>\n<meta name=\"robots\" content=\"index, follow, max-snippet:-1, max-image-preview:large, max-video-preview:-1\" \/>\n<link rel=\"canonical\" href=\"https:\/\/www.sonoraenequipo.com.mx\/ponen-a-salvo-a-10-migrantes-con-apoyo-de-tecnologia-del-c5i-sonora\/\" \/>\n<meta property=\"og:locale\" content=\"es_ES\" \/>\n<meta property=\"og:type\" content=\"article\" \/>\n<meta property=\"og:title\" content=\"Sonora en Equipo. Ponen a salvo a 10 migrantes con apoyo de tecnolog\u00eda del C5i Sonora Sonora\" \/>\n<meta property=\"og:description\" content=\"HERMOSILLO, SONORA,MX.\u2500\u2500 Con apoyo tecnol\u00f3gico del C5i Sonora a trav\u00e9s del sistema &quot;Carbyne &quot; se logr\u00f3, por personal de la Patrulla Fronteriza de Sonoita, En Sonora en Equipo publicamos toda la informaci\u00f3n de Sonora, M\u00e9xico y el Mundo de manera oportuna y busca que la libertad de expresi\u00f3n sea real. Visita nuestro medio informativo publicado desde Hermosillo, Sonora. %\" \/>\n<meta property=\"og:url\" content=\"https:\/\/www.sonoraenequipo.com.mx\/ponen-a-salvo-a-10-migrantes-con-apoyo-de-tecnologia-del-c5i-sonora\/\" \/>\n<meta property=\"og:site_name\" content=\"Sonora en Equipo.\" \/>\n<meta property=\"article:publisher\" content=\"https:\/\/www.facebook.com\/SonoraEE\/\" \/>\n<meta property=\"article:author\" content=\"https:\/\/www.facebook.com\/SonoraEE\" \/>\n<meta property=\"article:published_time\" content=\"2021-06-08T20:38:23+00:00\" \/>\n<meta property=\"og:image\" content=\"https:\/\/www.sonoraenequipo.com.mx\/storage\/2021\/06\/migrantes-rescatados080621.jpg\" \/>\n\t<meta property=\"og:image:width\" content=\"700\" \/>\n\t<meta property=\"og:image:height\" content=\"400\" \/>\n\t<meta property=\"og:image:type\" content=\"image\/jpeg\" \/>\n<meta name=\"author\" content=\"enequipo\" \/>\n<meta name=\"twitter:card\" content=\"summary_large_image\" \/>\n<meta name=\"twitter:creator\" content=\"@sonoraenequipo\" \/>\n<meta name=\"twitter:site\" content=\"@sonoraenequipo\" \/>\n<meta name=\"twitter:label1\" content=\"Escrito por\" \/>\n\t<meta name=\"twitter:data1\" content=\"enequipo\" \/>\n\t<meta name=\"twitter:label2\" content=\"Tiempo de lectura\" \/>\n\t<meta name=\"twitter:data2\" content=\"2 minutos\" \/>\n<script type=\"application\/ld+json\" class=\"yoast-schema-graph\">{\"@context\":\"https:\/\/schema.org\",\"@graph\":[{\"@type\":\"Article\",\"@id\":\"https:\/\/www.sonoraenequipo.com.mx\/ponen-a-salvo-a-10-migrantes-con-apoyo-de-tecnologia-del-c5i-sonora\/#article\",\"isPartOf\":{\"@id\":\"https:\/\/www.sonoraenequipo.com.mx\/ponen-a-salvo-a-10-migrantes-con-apoyo-de-tecnologia-del-c5i-sonora\/\"},\"author\":{\"name\":\"enequipo\",\"@id\":\"https:\/\/www.sonoraenequipo.com.mx\/#\/schema\/person\/50102df0fb23a8fa9e8effad8fa81386\"},\"headline\":\"Ponen a salvo a 10 migrantes con apoyo de tecnolog\u00eda del C5i Sonora\",\"datePublished\":\"2021-06-08T20:38:23+00:00\",\"mainEntityOfPage\":{\"@id\":\"https:\/\/www.sonoraenequipo.com.mx\/ponen-a-salvo-a-10-migrantes-con-apoyo-de-tecnologia-del-c5i-sonora\/\"},\"wordCount\":332,\"commentCount\":0,\"publisher\":{\"@id\":\"https:\/\/www.sonoraenequipo.com.mx\/#organization\"},\"image\":{\"@id\":\"https:\/\/www.sonoraenequipo.com.mx\/ponen-a-salvo-a-10-migrantes-con-apoyo-de-tecnologia-del-c5i-sonora\/#primaryimage\"},\"thumbnailUrl\":\"https:\/\/www.sonoraenequipo.com.mx\/storage\/2021\/06\/migrantes-rescatados080621.jpg\",\"articleSection\":[\"Sonora\"],\"inLanguage\":\"es\",\"potentialAction\":[{\"@type\":\"CommentAction\",\"name\":\"Comment\",\"target\":[\"https:\/\/www.sonoraenequipo.com.mx\/ponen-a-salvo-a-10-migrantes-con-apoyo-de-tecnologia-del-c5i-sonora\/#respond\"]}]},{\"@type\":\"WebPage\",\"@id\":\"https:\/\/www.sonoraenequipo.com.mx\/ponen-a-salvo-a-10-migrantes-con-apoyo-de-tecnologia-del-c5i-sonora\/\",\"url\":\"https:\/\/www.sonoraenequipo.com.mx\/ponen-a-salvo-a-10-migrantes-con-apoyo-de-tecnologia-del-c5i-sonora\/\",\"name\":\"Sonora en Equipo. Ponen a salvo a 10 migrantes con apoyo de tecnolog\u00eda del C5i Sonora Sonora\",\"isPartOf\":{\"@id\":\"https:\/\/www.sonoraenequipo.com.mx\/#website\"},\"primaryImageOfPage\":{\"@id\":\"https:\/\/www.sonoraenequipo.com.mx\/ponen-a-salvo-a-10-migrantes-con-apoyo-de-tecnologia-del-c5i-sonora\/#primaryimage\"},\"image\":{\"@id\":\"https:\/\/www.sonoraenequipo.com.mx\/ponen-a-salvo-a-10-migrantes-con-apoyo-de-tecnologia-del-c5i-sonora\/#primaryimage\"},\"thumbnailUrl\":\"https:\/\/www.sonoraenequipo.com.mx\/storage\/2021\/06\/migrantes-rescatados080621.jpg\",\"datePublished\":\"2021-06-08T20:38:23+00:00\",\"description\":\"HERMOSILLO, SONORA,MX.\u2500\u2500 Con apoyo tecnol\u00f3gico del C5i Sonora a trav\u00e9s del sistema \\\"Carbyne \\\" se logr\u00f3, por personal de la Patrulla Fronteriza de Sonoita, En Sonora en Equipo publicamos toda la informaci\u00f3n de Sonora, M\u00e9xico y el Mundo de manera oportuna y busca que la libertad de expresi\u00f3n sea real. Visita nuestro medio informativo publicado desde Hermosillo, Sonora. %\",\"breadcrumb\":{\"@id\":\"https:\/\/www.sonoraenequipo.com.mx\/ponen-a-salvo-a-10-migrantes-con-apoyo-de-tecnologia-del-c5i-sonora\/#breadcrumb\"},\"inLanguage\":\"es\",\"potentialAction\":[{\"@type\":\"ReadAction\",\"target\":[\"https:\/\/www.sonoraenequipo.com.mx\/ponen-a-salvo-a-10-migrantes-con-apoyo-de-tecnologia-del-c5i-sonora\/\"]}]},{\"@type\":\"ImageObject\",\"inLanguage\":\"es\",\"@id\":\"https:\/\/www.sonoraenequipo.com.mx\/ponen-a-salvo-a-10-migrantes-con-apoyo-de-tecnologia-del-c5i-sonora\/#primaryimage\",\"url\":\"https:\/\/www.sonoraenequipo.com.mx\/storage\/2021\/06\/migrantes-rescatados080621.jpg\",\"contentUrl\":\"https:\/\/www.sonoraenequipo.com.mx\/storage\/2021\/06\/migrantes-rescatados080621.jpg\",\"width\":700,\"height\":400},{\"@type\":\"BreadcrumbList\",\"@id\":\"https:\/\/www.sonoraenequipo.com.mx\/ponen-a-salvo-a-10-migrantes-con-apoyo-de-tecnologia-del-c5i-sonora\/#breadcrumb\",\"itemListElement\":[{\"@type\":\"ListItem\",\"position\":1,\"name\":\"Portada\",\"item\":\"https:\/\/www.sonoraenequipo.com.mx\/\"},{\"@type\":\"ListItem\",\"position\":2,\"name\":\"Ponen a salvo a 10 migrantes con apoyo de tecnolog\u00eda del C5i Sonora\"}]},{\"@type\":\"WebSite\",\"@id\":\"https:\/\/www.sonoraenequipo.com.mx\/#website\",\"url\":\"https:\/\/www.sonoraenequipo.com.mx\/\",\"name\":\"Sonora en Equipo.\",\"description\":\"Diario en l\u00ednea con Noticias desde Hermosillo, Sonora\",\"publisher\":{\"@id\":\"https:\/\/www.sonoraenequipo.com.mx\/#organization\"},\"potentialAction\":[{\"@type\":\"SearchAction\",\"target\":{\"@type\":\"EntryPoint\",\"urlTemplate\":\"https:\/\/www.sonoraenequipo.com.mx\/?s={search_term_string}\"},\"query-input\":{\"@type\":\"PropertyValueSpecification\",\"valueRequired\":true,\"valueName\":\"search_term_string\"}}],\"inLanguage\":\"es\"},{\"@type\":\"Organization\",\"@id\":\"https:\/\/www.sonoraenequipo.com.mx\/#organization\",\"name\":\"Sonoraenequipo.com.mx\",\"url\":\"https:\/\/www.sonoraenequipo.com.mx\/\",\"logo\":{\"@type\":\"ImageObject\",\"inLanguage\":\"es\",\"@id\":\"https:\/\/www.sonoraenequipo.com.mx\/#\/schema\/logo\/image\/\",\"url\":\"https:\/\/www.sonoraenequipo.com.mx\/storage\/2019\/01\/sonoraenequipo_opt.png\",\"contentUrl\":\"https:\/\/www.sonoraenequipo.com.mx\/storage\/2019\/01\/sonoraenequipo_opt.png\",\"width\":375,\"height\":125,\"caption\":\"Sonoraenequipo.com.mx\"},\"image\":{\"@id\":\"https:\/\/www.sonoraenequipo.com.mx\/#\/schema\/logo\/image\/\"},\"sameAs\":[\"https:\/\/www.facebook.com\/SonoraEE\/\",\"https:\/\/x.com\/sonoraenequipo\",\"https:\/\/www.youtube.com\/channel\/UC338nW-lPEYmJQs4ZABQ1SQ\"]},{\"@type\":\"Person\",\"@id\":\"https:\/\/www.sonoraenequipo.com.mx\/#\/schema\/person\/50102df0fb23a8fa9e8effad8fa81386\",\"name\":\"enequipo\",\"image\":{\"@type\":\"ImageObject\",\"inLanguage\":\"es\",\"@id\":\"https:\/\/www.sonoraenequipo.com.mx\/#\/schema\/person\/image\/\",\"url\":\"https:\/\/secure.gravatar.com\/avatar\/049821681b589dabc0bc20695993ccebb09f5b5d4d790cd9251b97faac7c652b?s=96&d=blank&r=g\",\"contentUrl\":\"https:\/\/secure.gravatar.com\/avatar\/049821681b589dabc0bc20695993ccebb09f5b5d4d790cd9251b97faac7c652b?s=96&d=blank&r=g\",\"caption\":\"enequipo\"},\"sameAs\":[\"https:\/\/www.facebook.com\/SonoraEE\"]}]}<\/script>\n ","yoast_head_json":{"title":"Sonora en Equipo. Ponen a salvo a 10 migrantes con apoyo de tecnolog\u00eda del C5i Sonora Sonora","description":"HERMOSILLO, SONORA,MX.\u2500\u2500 Con apoyo tecnol\u00f3gico del C5i Sonora a trav\u00e9s del sistema \"Carbyne \" se logr\u00f3, por personal de la Patrulla Fronteriza de Sonoita, En Sonora en Equipo publicamos toda la informaci\u00f3n de Sonora, M\u00e9xico y el Mundo de manera oportuna y busca que la libertad de expresi\u00f3n sea real. Visita nuestro medio informativo publicado desde Hermosillo, Sonora. %","robots":{"index":"index","follow":"follow","max-snippet":"max-snippet:-1","max-image-preview":"max-image-preview:large","max-video-preview":"max-video-preview:-1"},"canonical":"https:\/\/www.sonoraenequipo.com.mx\/ponen-a-salvo-a-10-migrantes-con-apoyo-de-tecnologia-del-c5i-sonora\/","og_locale":"es_ES","og_type":"article","og_title":"Sonora en Equipo. Ponen a salvo a 10 migrantes con apoyo de tecnolog\u00eda del C5i Sonora Sonora","og_description":"HERMOSILLO, SONORA,MX.\u2500\u2500 Con apoyo tecnol\u00f3gico del C5i Sonora a trav\u00e9s del sistema \"Carbyne \" se logr\u00f3, por personal de la Patrulla Fronteriza de Sonoita, En Sonora en Equipo publicamos toda la informaci\u00f3n de Sonora, M\u00e9xico y el Mundo de manera oportuna y busca que la libertad de expresi\u00f3n sea real. Visita nuestro medio informativo publicado desde Hermosillo, Sonora. %","og_url":"https:\/\/www.sonoraenequipo.com.mx\/ponen-a-salvo-a-10-migrantes-con-apoyo-de-tecnologia-del-c5i-sonora\/","og_site_name":"Sonora en Equipo.","article_publisher":"https:\/\/www.facebook.com\/SonoraEE\/","article_author":"https:\/\/www.facebook.com\/SonoraEE","article_published_time":"2021-06-08T20:38:23+00:00","og_image":[{"width":700,"height":400,"url":"https:\/\/www.sonoraenequipo.com.mx\/storage\/2021\/06\/migrantes-rescatados080621.jpg","type":"image\/jpeg"}],"author":"enequipo","twitter_card":"summary_large_image","twitter_creator":"@sonoraenequipo","twitter_site":"@sonoraenequipo","twitter_misc":{"Escrito por":"enequipo","Tiempo de lectura":"2 minutos"},"schema":{"@context":"https:\/\/schema.org","@graph":[{"@type":"Article","@id":"https:\/\/www.sonoraenequipo.com.mx\/ponen-a-salvo-a-10-migrantes-con-apoyo-de-tecnologia-del-c5i-sonora\/#article","isPartOf":{"@id":"https:\/\/www.sonoraenequipo.com.mx\/ponen-a-salvo-a-10-migrantes-con-apoyo-de-tecnologia-del-c5i-sonora\/"},"author":{"name":"enequipo","@id":"https:\/\/www.sonoraenequipo.com.mx\/#\/schema\/person\/50102df0fb23a8fa9e8effad8fa81386"},"headline":"Ponen a salvo a 10 migrantes con apoyo de tecnolog\u00eda del C5i Sonora","datePublished":"2021-06-08T20:38:23+00:00","mainEntityOfPage":{"@id":"https:\/\/www.sonoraenequipo.com.mx\/ponen-a-salvo-a-10-migrantes-con-apoyo-de-tecnologia-del-c5i-sonora\/"},"wordCount":332,"commentCount":0,"publisher":{"@id":"https:\/\/www.sonoraenequipo.com.mx\/#organization"},"image":{"@id":"https:\/\/www.sonoraenequipo.com.mx\/ponen-a-salvo-a-10-migrantes-con-apoyo-de-tecnologia-del-c5i-sonora\/#primaryimage"},"thumbnailUrl":"https:\/\/www.sonoraenequipo.com.mx\/storage\/2021\/06\/migrantes-rescatados080621.jpg","articleSection":["Sonora"],"inLanguage":"es","potentialAction":[{"@type":"CommentAction","name":"Comment","target":["https:\/\/www.sonoraenequipo.com.mx\/ponen-a-salvo-a-10-migrantes-con-apoyo-de-tecnologia-del-c5i-sonora\/#respond"]}]},{"@type":"WebPage","@id":"https:\/\/www.sonoraenequipo.com.mx\/ponen-a-salvo-a-10-migrantes-con-apoyo-de-tecnologia-del-c5i-sonora\/","url":"https:\/\/www.sonoraenequipo.com.mx\/ponen-a-salvo-a-10-migrantes-con-apoyo-de-tecnologia-del-c5i-sonora\/","name":"Sonora en Equipo. Ponen a salvo a 10 migrantes con apoyo de tecnolog\u00eda del C5i Sonora Sonora","isPartOf":{"@id":"https:\/\/www.sonoraenequipo.com.mx\/#website"},"primaryImageOfPage":{"@id":"https:\/\/www.sonoraenequipo.com.mx\/ponen-a-salvo-a-10-migrantes-con-apoyo-de-tecnologia-del-c5i-sonora\/#primaryimage"},"image":{"@id":"https:\/\/www.sonoraenequipo.com.mx\/ponen-a-salvo-a-10-migrantes-con-apoyo-de-tecnologia-del-c5i-sonora\/#primaryimage"},"thumbnailUrl":"https:\/\/www.sonoraenequipo.com.mx\/storage\/2021\/06\/migrantes-rescatados080621.jpg","datePublished":"2021-06-08T20:38:23+00:00","description":"HERMOSILLO, SONORA,MX.\u2500\u2500 Con apoyo tecnol\u00f3gico del C5i Sonora a trav\u00e9s del sistema \"Carbyne \" se logr\u00f3, por personal de la Patrulla Fronteriza de Sonoita, En Sonora en Equipo publicamos toda la informaci\u00f3n de Sonora, M\u00e9xico y el Mundo de manera oportuna y busca que la libertad de expresi\u00f3n sea real. Visita nuestro medio informativo publicado desde Hermosillo, Sonora. %","breadcrumb":{"@id":"https:\/\/www.sonoraenequipo.com.mx\/ponen-a-salvo-a-10-migrantes-con-apoyo-de-tecnologia-del-c5i-sonora\/#breadcrumb"},"inLanguage":"es","potentialAction":[{"@type":"ReadAction","target":["https:\/\/www.sonoraenequipo.com.mx\/ponen-a-salvo-a-10-migrantes-con-apoyo-de-tecnologia-del-c5i-sonora\/"]}]},{"@type":"ImageObject","inLanguage":"es","@id":"https:\/\/www.sonoraenequipo.com.mx\/ponen-a-salvo-a-10-migrantes-con-apoyo-de-tecnologia-del-c5i-sonora\/#primaryimage","url":"https:\/\/www.sonoraenequipo.com.mx\/storage\/2021\/06\/migrantes-rescatados080621.jpg","contentUrl":"https:\/\/www.sonoraenequipo.com.mx\/storage\/2021\/06\/migrantes-rescatados080621.jpg","width":700,"height":400},{"@type":"BreadcrumbList","@id":"https:\/\/www.sonoraenequipo.com.mx\/ponen-a-salvo-a-10-migrantes-con-apoyo-de-tecnologia-del-c5i-sonora\/#breadcrumb","itemListElement":[{"@type":"ListItem","position":1,"name":"Portada","item":"https:\/\/www.sonoraenequipo.com.mx\/"},{"@type":"ListItem","position":2,"name":"Ponen a salvo a 10 migrantes con apoyo de tecnolog\u00eda del C5i Sonora"}]},{"@type":"WebSite","@id":"https:\/\/www.sonoraenequipo.com.mx\/#website","url":"https:\/\/www.sonoraenequipo.com.mx\/","name":"Sonora en Equipo.","description":"Diario en l\u00ednea con Noticias desde Hermosillo, Sonora","publisher":{"@id":"https:\/\/www.sonoraenequipo.com.mx\/#organization"},"potentialAction":[{"@type":"SearchAction","target":{"@type":"EntryPoint","urlTemplate":"https:\/\/www.sonoraenequipo.com.mx\/?s={search_term_string}"},"query-input":{"@type":"PropertyValueSpecification","valueRequired":true,"valueName":"search_term_string"}}],"inLanguage":"es"},{"@type":"Organization","@id":"https:\/\/www.sonoraenequipo.com.mx\/#organization","name":"Sonoraenequipo.com.mx","url":"https:\/\/www.sonoraenequipo.com.mx\/","logo":{"@type":"ImageObject","inLanguage":"es","@id":"https:\/\/www.sonoraenequipo.com.mx\/#\/schema\/logo\/image\/","url":"https:\/\/www.sonoraenequipo.com.mx\/storage\/2019\/01\/sonoraenequipo_opt.png","contentUrl":"https:\/\/www.sonoraenequipo.com.mx\/storage\/2019\/01\/sonoraenequipo_opt.png","width":375,"height":125,"caption":"Sonoraenequipo.com.mx"},"image":{"@id":"https:\/\/www.sonoraenequipo.com.mx\/#\/schema\/logo\/image\/"},"sameAs":["https:\/\/www.facebook.com\/SonoraEE\/","https:\/\/x.com\/sonoraenequipo","https:\/\/www.youtube.com\/channel\/UC338nW-lPEYmJQs4ZABQ1SQ"]},{"@type":"Person","@id":"https:\/\/www.sonoraenequipo.com.mx\/#\/schema\/person\/50102df0fb23a8fa9e8effad8fa81386","name":"enequipo","image":{"@type":"ImageObject","inLanguage":"es","@id":"https:\/\/www.sonoraenequipo.com.mx\/#\/schema\/person\/image\/","url":"https:\/\/secure.gravatar.com\/avatar\/049821681b589dabc0bc20695993ccebb09f5b5d4d790cd9251b97faac7c652b?s=96&d=blank&r=g","contentUrl":"https:\/\/secure.gravatar.com\/avatar\/049821681b589dabc0bc20695993ccebb09f5b5d4d790cd9251b97faac7c652b?s=96&d=blank&r=g","caption":"enequipo"},"sameAs":["https:\/\/www.facebook.com\/SonoraEE"]}]}},"jetpack_featured_media_url":"https:\/\/www.sonoraenequipo.com.mx\/storage\/2021\/06\/migrantes-rescatados080621.jpg","_links":{"self":[{"href":"https:\/\/www.sonoraenequipo.com.mx\/api\/wp\/v2\/posts\/115857","targetHints":{"allow":["GET"]}}],"collection":[{"href":"https:\/\/www.sonoraenequipo.com.mx\/api\/wp\/v2\/posts"}],"about":[{"href":"https:\/\/www.sonoraenequipo.com.mx\/api\/wp\/v2\/types\/post"}],"author":[{"embeddable":true,"href":"https:\/\/www.sonoraenequipo.com.mx\/api\/wp\/v2\/users\/1"}],"replies":[{"embeddable":true,"href":"https:\/\/www.sonoraenequipo.com.mx\/api\/wp\/v2\/comments?post=115857"}],"version-history":[{"count":1,"href":"https:\/\/www.sonoraenequipo.com.mx\/api\/wp\/v2\/posts\/115857\/revisions"}],"predecessor-version":[{"id":115861,"href":"https:\/\/www.sonoraenequipo.com.mx\/api\/wp\/v2\/posts\/115857\/revisions\/115861"}],"wp:featuredmedia":[{"embeddable":true,"href":"https:\/\/www.sonoraenequipo.com.mx\/api\/wp\/v2\/media\/115860"}],"wp:attachment":[{"href":"https:\/\/www.sonoraenequipo.com.mx\/api\/wp\/v2\/media?parent=115857"}],"wp:term":[{"taxonomy":"category","embeddable":true,"href":"https:\/\/www.sonoraenequipo.com.mx\/api\/wp\/v2\/categories?post=115857"},{"taxonomy":"post_tag","embeddable":true,"href":"https:\/\/www.sonoraenequipo.com.mx\/api\/wp\/v2\/tags?post=115857"}],"curies":[{"name":"wp","href":"https:\/\/api.w.org\/{rel}","templated":true}]}}