{"id":115868,"date":"2021-06-08T10:30:56","date_gmt":"2021-06-08T17:30:56","guid":{"rendered":"https:\/\/www.sonoraenequipo.com.mx\/?p=115868"},"modified":"2021-06-08T14:15:05","modified_gmt":"2021-06-08T21:15:05","slug":"funcion-publica-inhabilita-por-10-anos-a-luis-videgaray","status":"publish","type":"post","link":"https:\/\/www.sonoraenequipo.com.mx\/funcion-publica-inhabilita-por-10-anos-a-luis-videgaray\/","title":{"rendered":"Funci\u00f3n P\u00fablica inhabilita por 10 a\u00f1os a Luis Videgaray"},"content":{"rendered":"<p>CIUDAD DE M\u00c9XICO. MX. \u2014 La Secretar\u00eda de la Funci\u00f3n P\u00fablica (SFP) inform\u00f3 que en mayo pasado se determin\u00f3 sancionar con la inhabilitaci\u00f3n por 10 a\u00f1os, para ocupar empleos, cargos o comisiones en el servicio p\u00fablico, a Luis Videgaray, exsecretario de Hacienda y Relaciones Exteriores en el sexenio de Enrique Pe\u00f1a Nieto.<\/p>\n<p>&nbsp;<\/p>\n<p> <\/p>\n<p>La SFP refiri\u00f3 en un comunicado que se acredit\u00f3 \u201cla falta de veracidad en sus declaraciones patrimoniales de tres a\u00f1os consecutivos, cuando se desempe\u00f1\u00f3 en las m\u00e1s altas funciones del gobierno federal, como secretario de Relaciones Exteriores y como secretario de Hacienda y Cr\u00e9dito P\u00fablico\u201d.<\/p>\n<p>&nbsp;<\/p>\n<p>Puntualiz\u00f3 que el involucrado fue notificado desde el 11 de mayo, pero el anuncio correspondiente se posterg\u00f3 hasta hoy, <em>\u201cpor respeto a la veda electoral\u201d.<\/em><\/p>\n<p>&nbsp;<\/p>\n<p><em>\u201cDesde la Secretar\u00eda de la Funci\u00f3n P\u00fablica se orden\u00f3 en junio de 2019 el inicio de la investigaci\u00f3n patrimonial sobre quien fuera secretario de Hacienda y Cr\u00e9dito P\u00fablico de diciembre de 2012 a septiembre de 2016, luego de conocer su posible participaci\u00f3n en la compra irregular de la planta de fertilizantes Agronitrogenados, la cual ocasion\u00f3 un millonario da\u00f1o patrimonial al Estado.<\/em><\/p>\n<p>&nbsp;<\/p>\n<p><em>\u201cLa sanci\u00f3n que hoy se informa es lo m\u00e1ximo que permite la ley dentro del procedimiento de responsabilidades por las omisiones en las declaraciones patrimoniales de un servidor p\u00fablico y es independiente de otros procedimientos de investigaci\u00f3n o sanci\u00f3n que pudieran estar en curso por esta u otras autoridades\u201d<\/em>, se\u00f1al\u00f3.<\/p>\n<p>&nbsp;<\/p>\n<p>&nbsp;<\/p>\n<p>(Publicada el 08\/06\/2021)<\/p>\n","protected":false},"excerpt":{"rendered":"<p>CIUDAD DE M\u00c9XICO. MX. \u2014 La Secretar\u00eda de la Funci\u00f3n P\u00fablica (SFP) inform\u00f3 que en&#8230;<\/p>\n","protected":false},"author":1,"featured_media":115875,"comment_status":"open","ping_status":"open","sticky":false,"template":"","format":"standard","meta":{"_monsterinsights_skip_tracking":false,"_monsterinsights_sitenote_active":false,"_monsterinsights_sitenote_note":"","_monsterinsights_sitenote_category":0,"footnotes":""},"categories":[5],"tags":[],"class_list":["post"],"yoast_head":" \n<title>Sonora en Equipo. Funci\u00f3n P\u00fablica inhabilita por 10 a\u00f1os a Luis Videgaray Rep\u00fablica<\/title>\n<meta name=\"description\" content=\"CIUDAD DE M\u00c9XICO. MX. \u2014 La Secretar\u00eda de la Funci\u00f3n P\u00fablica (SFP) inform\u00f3 que en mayo pasado se determin\u00f3 sancionar con la inhabilitaci\u00f3n por 10 a\u00f1os, En Sonora en Equipo publicamos toda la informaci\u00f3n de Sonora, M\u00e9xico y el Mundo de manera oportuna y busca que la libertad de expresi\u00f3n sea real. Visita nuestro medio informativo publicado desde Hermosillo, Sonora. %\" \/>\n<meta name=\"robots\" content=\"index, follow, max-snippet:-1, max-image-preview:large, max-video-preview:-1\" \/>\n<link rel=\"canonical\" href=\"https:\/\/www.sonoraenequipo.com.mx\/funcion-publica-inhabilita-por-10-anos-a-luis-videgaray\/\" \/>\n<meta property=\"og:locale\" content=\"es_ES\" \/>\n<meta property=\"og:type\" content=\"article\" \/>\n<meta property=\"og:title\" content=\"Sonora en Equipo. Funci\u00f3n P\u00fablica inhabilita por 10 a\u00f1os a Luis Videgaray Rep\u00fablica\" \/>\n<meta property=\"og:description\" content=\"CIUDAD DE M\u00c9XICO. MX. \u2014 La Secretar\u00eda de la Funci\u00f3n P\u00fablica (SFP) inform\u00f3 que en mayo pasado se determin\u00f3 sancionar con la inhabilitaci\u00f3n por 10 a\u00f1os, En Sonora en Equipo publicamos toda la informaci\u00f3n de Sonora, M\u00e9xico y el Mundo de manera oportuna y busca que la libertad de expresi\u00f3n sea real. Visita nuestro medio informativo publicado desde Hermosillo, Sonora. %\" \/>\n<meta property=\"og:url\" content=\"https:\/\/www.sonoraenequipo.com.mx\/funcion-publica-inhabilita-por-10-anos-a-luis-videgaray\/\" \/>\n<meta property=\"og:site_name\" content=\"Sonora en Equipo.\" \/>\n<meta property=\"article:publisher\" content=\"https:\/\/www.facebook.com\/SonoraEE\/\" \/>\n<meta property=\"article:author\" content=\"https:\/\/www.facebook.com\/SonoraEE\" \/>\n<meta property=\"article:published_time\" content=\"2021-06-08T17:30:56+00:00\" \/>\n<meta property=\"article:modified_time\" content=\"2021-06-08T21:15:05+00:00\" \/>\n<meta property=\"og:image\" content=\"https:\/\/www.sonoraenequipo.com.mx\/storage\/2021\/06\/Luis-videragay_opt.jpg\" \/>\n\t<meta property=\"og:image:width\" content=\"700\" \/>\n\t<meta property=\"og:image:height\" content=\"400\" \/>\n\t<meta property=\"og:image:type\" content=\"image\/jpeg\" \/>\n<meta name=\"author\" content=\"enequipo\" \/>\n<meta name=\"twitter:card\" content=\"summary_large_image\" \/>\n<meta name=\"twitter:creator\" content=\"@sonoraenequipo\" \/>\n<meta name=\"twitter:site\" content=\"@sonoraenequipo\" \/>\n<meta name=\"twitter:label1\" content=\"Escrito por\" \/>\n\t<meta name=\"twitter:data1\" content=\"enequipo\" \/>\n\t<meta name=\"twitter:label2\" content=\"Tiempo de lectura\" \/>\n\t<meta name=\"twitter:data2\" content=\"2 minutos\" \/>\n<script type=\"application\/ld+json\" class=\"yoast-schema-graph\">{\"@context\":\"https:\/\/schema.org\",\"@graph\":[{\"@type\":\"Article\",\"@id\":\"https:\/\/www.sonoraenequipo.com.mx\/funcion-publica-inhabilita-por-10-anos-a-luis-videgaray\/#article\",\"isPartOf\":{\"@id\":\"https:\/\/www.sonoraenequipo.com.mx\/funcion-publica-inhabilita-por-10-anos-a-luis-videgaray\/\"},\"author\":{\"name\":\"enequipo\",\"@id\":\"https:\/\/www.sonoraenequipo.com.mx\/#\/schema\/person\/50102df0fb23a8fa9e8effad8fa81386\"},\"headline\":\"Funci\u00f3n P\u00fablica inhabilita por 10 a\u00f1os a Luis Videgaray\",\"datePublished\":\"2021-06-08T17:30:56+00:00\",\"dateModified\":\"2021-06-08T21:15:05+00:00\",\"mainEntityOfPage\":{\"@id\":\"https:\/\/www.sonoraenequipo.com.mx\/funcion-publica-inhabilita-por-10-anos-a-luis-videgaray\/\"},\"wordCount\":272,\"commentCount\":0,\"publisher\":{\"@id\":\"https:\/\/www.sonoraenequipo.com.mx\/#organization\"},\"image\":{\"@id\":\"https:\/\/www.sonoraenequipo.com.mx\/funcion-publica-inhabilita-por-10-anos-a-luis-videgaray\/#primaryimage\"},\"thumbnailUrl\":\"https:\/\/www.sonoraenequipo.com.mx\/storage\/2021\/06\/Luis-videragay_opt.jpg\",\"articleSection\":[\"Rep\u00fablica\"],\"inLanguage\":\"es\",\"potentialAction\":[{\"@type\":\"CommentAction\",\"name\":\"Comment\",\"target\":[\"https:\/\/www.sonoraenequipo.com.mx\/funcion-publica-inhabilita-por-10-anos-a-luis-videgaray\/#respond\"]}]},{\"@type\":\"WebPage\",\"@id\":\"https:\/\/www.sonoraenequipo.com.mx\/funcion-publica-inhabilita-por-10-anos-a-luis-videgaray\/\",\"url\":\"https:\/\/www.sonoraenequipo.com.mx\/funcion-publica-inhabilita-por-10-anos-a-luis-videgaray\/\",\"name\":\"Sonora en Equipo. Funci\u00f3n P\u00fablica inhabilita por 10 a\u00f1os a Luis Videgaray Rep\u00fablica\",\"isPartOf\":{\"@id\":\"https:\/\/www.sonoraenequipo.com.mx\/#website\"},\"primaryImageOfPage\":{\"@id\":\"https:\/\/www.sonoraenequipo.com.mx\/funcion-publica-inhabilita-por-10-anos-a-luis-videgaray\/#primaryimage\"},\"image\":{\"@id\":\"https:\/\/www.sonoraenequipo.com.mx\/funcion-publica-inhabilita-por-10-anos-a-luis-videgaray\/#primaryimage\"},\"thumbnailUrl\":\"https:\/\/www.sonoraenequipo.com.mx\/storage\/2021\/06\/Luis-videragay_opt.jpg\",\"datePublished\":\"2021-06-08T17:30:56+00:00\",\"dateModified\":\"2021-06-08T21:15:05+00:00\",\"description\":\"CIUDAD DE M\u00c9XICO. MX. \u2014 La Secretar\u00eda de la Funci\u00f3n P\u00fablica (SFP) inform\u00f3 que en mayo pasado se determin\u00f3 sancionar con la inhabilitaci\u00f3n por 10 a\u00f1os, En Sonora en Equipo publicamos toda la informaci\u00f3n de Sonora, M\u00e9xico y el Mundo de manera oportuna y busca que la libertad de expresi\u00f3n sea real. Visita nuestro medio informativo publicado desde Hermosillo, Sonora. %\",\"breadcrumb\":{\"@id\":\"https:\/\/www.sonoraenequipo.com.mx\/funcion-publica-inhabilita-por-10-anos-a-luis-videgaray\/#breadcrumb\"},\"inLanguage\":\"es\",\"potentialAction\":[{\"@type\":\"ReadAction\",\"target\":[\"https:\/\/www.sonoraenequipo.com.mx\/funcion-publica-inhabilita-por-10-anos-a-luis-videgaray\/\"]}]},{\"@type\":\"ImageObject\",\"inLanguage\":\"es\",\"@id\":\"https:\/\/www.sonoraenequipo.com.mx\/funcion-publica-inhabilita-por-10-anos-a-luis-videgaray\/#primaryimage\",\"url\":\"https:\/\/www.sonoraenequipo.com.mx\/storage\/2021\/06\/Luis-videragay_opt.jpg\",\"contentUrl\":\"https:\/\/www.sonoraenequipo.com.mx\/storage\/2021\/06\/Luis-videragay_opt.jpg\",\"width\":700,\"height\":400},{\"@type\":\"BreadcrumbList\",\"@id\":\"https:\/\/www.sonoraenequipo.com.mx\/funcion-publica-inhabilita-por-10-anos-a-luis-videgaray\/#breadcrumb\",\"itemListElement\":[{\"@type\":\"ListItem\",\"position\":1,\"name\":\"Portada\",\"item\":\"https:\/\/www.sonoraenequipo.com.mx\/\"},{\"@type\":\"ListItem\",\"position\":2,\"name\":\"Funci\u00f3n P\u00fablica inhabilita por 10 a\u00f1os a Luis Videgaray\"}]},{\"@type\":\"WebSite\",\"@id\":\"https:\/\/www.sonoraenequipo.com.mx\/#website\",\"url\":\"https:\/\/www.sonoraenequipo.com.mx\/\",\"name\":\"Sonora en Equipo.\",\"description\":\"Diario en l\u00ednea con Noticias desde Hermosillo, Sonora\",\"publisher\":{\"@id\":\"https:\/\/www.sonoraenequipo.com.mx\/#organization\"},\"potentialAction\":[{\"@type\":\"SearchAction\",\"target\":{\"@type\":\"EntryPoint\",\"urlTemplate\":\"https:\/\/www.sonoraenequipo.com.mx\/?s={search_term_string}\"},\"query-input\":{\"@type\":\"PropertyValueSpecification\",\"valueRequired\":true,\"valueName\":\"search_term_string\"}}],\"inLanguage\":\"es\"},{\"@type\":\"Organization\",\"@id\":\"https:\/\/www.sonoraenequipo.com.mx\/#organization\",\"name\":\"Sonoraenequipo.com.mx\",\"url\":\"https:\/\/www.sonoraenequipo.com.mx\/\",\"logo\":{\"@type\":\"ImageObject\",\"inLanguage\":\"es\",\"@id\":\"https:\/\/www.sonoraenequipo.com.mx\/#\/schema\/logo\/image\/\",\"url\":\"https:\/\/www.sonoraenequipo.com.mx\/storage\/2019\/01\/sonoraenequipo_opt.png\",\"contentUrl\":\"https:\/\/www.sonoraenequipo.com.mx\/storage\/2019\/01\/sonoraenequipo_opt.png\",\"width\":375,\"height\":125,\"caption\":\"Sonoraenequipo.com.mx\"},\"image\":{\"@id\":\"https:\/\/www.sonoraenequipo.com.mx\/#\/schema\/logo\/image\/\"},\"sameAs\":[\"https:\/\/www.facebook.com\/SonoraEE\/\",\"https:\/\/x.com\/sonoraenequipo\",\"https:\/\/www.youtube.com\/channel\/UC338nW-lPEYmJQs4ZABQ1SQ\"]},{\"@type\":\"Person\",\"@id\":\"https:\/\/www.sonoraenequipo.com.mx\/#\/schema\/person\/50102df0fb23a8fa9e8effad8fa81386\",\"name\":\"enequipo\",\"image\":{\"@type\":\"ImageObject\",\"inLanguage\":\"es\",\"@id\":\"https:\/\/www.sonoraenequipo.com.mx\/#\/schema\/person\/image\/\",\"url\":\"https:\/\/secure.gravatar.com\/avatar\/049821681b589dabc0bc20695993ccebb09f5b5d4d790cd9251b97faac7c652b?s=96&d=blank&r=g\",\"contentUrl\":\"https:\/\/secure.gravatar.com\/avatar\/049821681b589dabc0bc20695993ccebb09f5b5d4d790cd9251b97faac7c652b?s=96&d=blank&r=g\",\"caption\":\"enequipo\"},\"sameAs\":[\"https:\/\/www.facebook.com\/SonoraEE\"]}]}<\/script>\n ","yoast_head_json":{"title":"Sonora en Equipo. Funci\u00f3n P\u00fablica inhabilita por 10 a\u00f1os a Luis Videgaray Rep\u00fablica","description":"CIUDAD DE M\u00c9XICO. MX. \u2014 La Secretar\u00eda de la Funci\u00f3n P\u00fablica (SFP) inform\u00f3 que en mayo pasado se determin\u00f3 sancionar con la inhabilitaci\u00f3n por 10 a\u00f1os, En Sonora en Equipo publicamos toda la informaci\u00f3n de Sonora, M\u00e9xico y el Mundo de manera oportuna y busca que la libertad de expresi\u00f3n sea real. Visita nuestro medio informativo publicado desde Hermosillo, Sonora. %","robots":{"index":"index","follow":"follow","max-snippet":"max-snippet:-1","max-image-preview":"max-image-preview:large","max-video-preview":"max-video-preview:-1"},"canonical":"https:\/\/www.sonoraenequipo.com.mx\/funcion-publica-inhabilita-por-10-anos-a-luis-videgaray\/","og_locale":"es_ES","og_type":"article","og_title":"Sonora en Equipo. Funci\u00f3n P\u00fablica inhabilita por 10 a\u00f1os a Luis Videgaray Rep\u00fablica","og_description":"CIUDAD DE M\u00c9XICO. MX. \u2014 La Secretar\u00eda de la Funci\u00f3n P\u00fablica (SFP) inform\u00f3 que en mayo pasado se determin\u00f3 sancionar con la inhabilitaci\u00f3n por 10 a\u00f1os, En Sonora en Equipo publicamos toda la informaci\u00f3n de Sonora, M\u00e9xico y el Mundo de manera oportuna y busca que la libertad de expresi\u00f3n sea real. Visita nuestro medio informativo publicado desde Hermosillo, Sonora. %","og_url":"https:\/\/www.sonoraenequipo.com.mx\/funcion-publica-inhabilita-por-10-anos-a-luis-videgaray\/","og_site_name":"Sonora en Equipo.","article_publisher":"https:\/\/www.facebook.com\/SonoraEE\/","article_author":"https:\/\/www.facebook.com\/SonoraEE","article_published_time":"2021-06-08T17:30:56+00:00","article_modified_time":"2021-06-08T21:15:05+00:00","og_image":[{"width":700,"height":400,"url":"https:\/\/www.sonoraenequipo.com.mx\/storage\/2021\/06\/Luis-videragay_opt.jpg","type":"image\/jpeg"}],"author":"enequipo","twitter_card":"summary_large_image","twitter_creator":"@sonoraenequipo","twitter_site":"@sonoraenequipo","twitter_misc":{"Escrito por":"enequipo","Tiempo de lectura":"2 minutos"},"schema":{"@context":"https:\/\/schema.org","@graph":[{"@type":"Article","@id":"https:\/\/www.sonoraenequipo.com.mx\/funcion-publica-inhabilita-por-10-anos-a-luis-videgaray\/#article","isPartOf":{"@id":"https:\/\/www.sonoraenequipo.com.mx\/funcion-publica-inhabilita-por-10-anos-a-luis-videgaray\/"},"author":{"name":"enequipo","@id":"https:\/\/www.sonoraenequipo.com.mx\/#\/schema\/person\/50102df0fb23a8fa9e8effad8fa81386"},"headline":"Funci\u00f3n P\u00fablica inhabilita por 10 a\u00f1os a Luis Videgaray","datePublished":"2021-06-08T17:30:56+00:00","dateModified":"2021-06-08T21:15:05+00:00","mainEntityOfPage":{"@id":"https:\/\/www.sonoraenequipo.com.mx\/funcion-publica-inhabilita-por-10-anos-a-luis-videgaray\/"},"wordCount":272,"commentCount":0,"publisher":{"@id":"https:\/\/www.sonoraenequipo.com.mx\/#organization"},"image":{"@id":"https:\/\/www.sonoraenequipo.com.mx\/funcion-publica-inhabilita-por-10-anos-a-luis-videgaray\/#primaryimage"},"thumbnailUrl":"https:\/\/www.sonoraenequipo.com.mx\/storage\/2021\/06\/Luis-videragay_opt.jpg","articleSection":["Rep\u00fablica"],"inLanguage":"es","potentialAction":[{"@type":"CommentAction","name":"Comment","target":["https:\/\/www.sonoraenequipo.com.mx\/funcion-publica-inhabilita-por-10-anos-a-luis-videgaray\/#respond"]}]},{"@type":"WebPage","@id":"https:\/\/www.sonoraenequipo.com.mx\/funcion-publica-inhabilita-por-10-anos-a-luis-videgaray\/","url":"https:\/\/www.sonoraenequipo.com.mx\/funcion-publica-inhabilita-por-10-anos-a-luis-videgaray\/","name":"Sonora en Equipo. Funci\u00f3n P\u00fablica inhabilita por 10 a\u00f1os a Luis Videgaray Rep\u00fablica","isPartOf":{"@id":"https:\/\/www.sonoraenequipo.com.mx\/#website"},"primaryImageOfPage":{"@id":"https:\/\/www.sonoraenequipo.com.mx\/funcion-publica-inhabilita-por-10-anos-a-luis-videgaray\/#primaryimage"},"image":{"@id":"https:\/\/www.sonoraenequipo.com.mx\/funcion-publica-inhabilita-por-10-anos-a-luis-videgaray\/#primaryimage"},"thumbnailUrl":"https:\/\/www.sonoraenequipo.com.mx\/storage\/2021\/06\/Luis-videragay_opt.jpg","datePublished":"2021-06-08T17:30:56+00:00","dateModified":"2021-06-08T21:15:05+00:00","description":"CIUDAD DE M\u00c9XICO. MX. \u2014 La Secretar\u00eda de la Funci\u00f3n P\u00fablica (SFP) inform\u00f3 que en mayo pasado se determin\u00f3 sancionar con la inhabilitaci\u00f3n por 10 a\u00f1os, En Sonora en Equipo publicamos toda la informaci\u00f3n de Sonora, M\u00e9xico y el Mundo de manera oportuna y busca que la libertad de expresi\u00f3n sea real. Visita nuestro medio informativo publicado desde Hermosillo, Sonora. %","breadcrumb":{"@id":"https:\/\/www.sonoraenequipo.com.mx\/funcion-publica-inhabilita-por-10-anos-a-luis-videgaray\/#breadcrumb"},"inLanguage":"es","potentialAction":[{"@type":"ReadAction","target":["https:\/\/www.sonoraenequipo.com.mx\/funcion-publica-inhabilita-por-10-anos-a-luis-videgaray\/"]}]},{"@type":"ImageObject","inLanguage":"es","@id":"https:\/\/www.sonoraenequipo.com.mx\/funcion-publica-inhabilita-por-10-anos-a-luis-videgaray\/#primaryimage","url":"https:\/\/www.sonoraenequipo.com.mx\/storage\/2021\/06\/Luis-videragay_opt.jpg","contentUrl":"https:\/\/www.sonoraenequipo.com.mx\/storage\/2021\/06\/Luis-videragay_opt.jpg","width":700,"height":400},{"@type":"BreadcrumbList","@id":"https:\/\/www.sonoraenequipo.com.mx\/funcion-publica-inhabilita-por-10-anos-a-luis-videgaray\/#breadcrumb","itemListElement":[{"@type":"ListItem","position":1,"name":"Portada","item":"https:\/\/www.sonoraenequipo.com.mx\/"},{"@type":"ListItem","position":2,"name":"Funci\u00f3n P\u00fablica inhabilita por 10 a\u00f1os a Luis Videgaray"}]},{"@type":"WebSite","@id":"https:\/\/www.sonoraenequipo.com.mx\/#website","url":"https:\/\/www.sonoraenequipo.com.mx\/","name":"Sonora en Equipo.","description":"Diario en l\u00ednea con Noticias desde Hermosillo, Sonora","publisher":{"@id":"https:\/\/www.sonoraenequipo.com.mx\/#organization"},"potentialAction":[{"@type":"SearchAction","target":{"@type":"EntryPoint","urlTemplate":"https:\/\/www.sonoraenequipo.com.mx\/?s={search_term_string}"},"query-input":{"@type":"PropertyValueSpecification","valueRequired":true,"valueName":"search_term_string"}}],"inLanguage":"es"},{"@type":"Organization","@id":"https:\/\/www.sonoraenequipo.com.mx\/#organization","name":"Sonoraenequipo.com.mx","url":"https:\/\/www.sonoraenequipo.com.mx\/","logo":{"@type":"ImageObject","inLanguage":"es","@id":"https:\/\/www.sonoraenequipo.com.mx\/#\/schema\/logo\/image\/","url":"https:\/\/www.sonoraenequipo.com.mx\/storage\/2019\/01\/sonoraenequipo_opt.png","contentUrl":"https:\/\/www.sonoraenequipo.com.mx\/storage\/2019\/01\/sonoraenequipo_opt.png","width":375,"height":125,"caption":"Sonoraenequipo.com.mx"},"image":{"@id":"https:\/\/www.sonoraenequipo.com.mx\/#\/schema\/logo\/image\/"},"sameAs":["https:\/\/www.facebook.com\/SonoraEE\/","https:\/\/x.com\/sonoraenequipo","https:\/\/www.youtube.com\/channel\/UC338nW-lPEYmJQs4ZABQ1SQ"]},{"@type":"Person","@id":"https:\/\/www.sonoraenequipo.com.mx\/#\/schema\/person\/50102df0fb23a8fa9e8effad8fa81386","name":"enequipo","image":{"@type":"ImageObject","inLanguage":"es","@id":"https:\/\/www.sonoraenequipo.com.mx\/#\/schema\/person\/image\/","url":"https:\/\/secure.gravatar.com\/avatar\/049821681b589dabc0bc20695993ccebb09f5b5d4d790cd9251b97faac7c652b?s=96&d=blank&r=g","contentUrl":"https:\/\/secure.gravatar.com\/avatar\/049821681b589dabc0bc20695993ccebb09f5b5d4d790cd9251b97faac7c652b?s=96&d=blank&r=g","caption":"enequipo"},"sameAs":["https:\/\/www.facebook.com\/SonoraEE"]}]}},"jetpack_featured_media_url":"https:\/\/www.sonoraenequipo.com.mx\/storage\/2021\/06\/Luis-videragay_opt.jpg","_links":{"self":[{"href":"https:\/\/www.sonoraenequipo.com.mx\/api\/wp\/v2\/posts\/115868","targetHints":{"allow":["GET"]}}],"collection":[{"href":"https:\/\/www.sonoraenequipo.com.mx\/api\/wp\/v2\/posts"}],"about":[{"href":"https:\/\/www.sonoraenequipo.com.mx\/api\/wp\/v2\/types\/post"}],"author":[{"embeddable":true,"href":"https:\/\/www.sonoraenequipo.com.mx\/api\/wp\/v2\/users\/1"}],"replies":[{"embeddable":true,"href":"https:\/\/www.sonoraenequipo.com.mx\/api\/wp\/v2\/comments?post=115868"}],"version-history":[{"count":1,"href":"https:\/\/www.sonoraenequipo.com.mx\/api\/wp\/v2\/posts\/115868\/revisions"}],"predecessor-version":[{"id":115878,"href":"https:\/\/www.sonoraenequipo.com.mx\/api\/wp\/v2\/posts\/115868\/revisions\/115878"}],"wp:featuredmedia":[{"embeddable":true,"href":"https:\/\/www.sonoraenequipo.com.mx\/api\/wp\/v2\/media\/115875"}],"wp:attachment":[{"href":"https:\/\/www.sonoraenequipo.com.mx\/api\/wp\/v2\/media?parent=115868"}],"wp:term":[{"taxonomy":"category","embeddable":true,"href":"https:\/\/www.sonoraenequipo.com.mx\/api\/wp\/v2\/categories?post=115868"},{"taxonomy":"post_tag","embeddable":true,"href":"https:\/\/www.sonoraenequipo.com.mx\/api\/wp\/v2\/tags?post=115868"}],"curies":[{"name":"wp","href":"https:\/\/api.w.org\/{rel}","templated":true}]}}