{"id":115879,"date":"2021-06-08T14:35:44","date_gmt":"2021-06-08T21:35:44","guid":{"rendered":"https:\/\/www.sonoraenequipo.com.mx\/?p=115879"},"modified":"2021-06-08T19:11:10","modified_gmt":"2021-06-09T02:11:10","slug":"es-contagioso-el-hongo-negro-lo-que-hay-que-saber","status":"publish","type":"post","link":"https:\/\/www.sonoraenequipo.com.mx\/es-contagioso-el-hongo-negro-lo-que-hay-que-saber\/","title":{"rendered":"\u00bfEs contagioso el hongo negro?, lo que hay que saber"},"content":{"rendered":"<p>ESPECIAL. \u2014 La mucormicosis es provocada por la exposici\u00f3n al moho mucor, que se encuentra habitualmente en la tierra, el aire e incluso en la nariz y las mucosas humanas.<\/p>\n<p>&nbsp;<\/p>\n<p> <\/p>\n<p>&nbsp;<\/p>\n<p>Gregorio Avenda\u00f1o se comenz\u00f3 a sentir mal el mi\u00e9rcoles 26 de mayo, dej\u00f3 de comer y ya para el s\u00e1bado 29 ten\u00eda una par\u00e1lisis facial, por lo que su familia lo llev\u00f3 a la cl\u00ednica del Instituto Mexicano del Seguro Social ubicada en la colonia Centro del municipio de Chalco. Los reportes m\u00e9dicos indicaban: murcomicosis, una infecci\u00f3n f\u00fangica conocida como hongo negro.<\/p>\n<p>&nbsp;<\/p>\n<p>El hongo negro se ha popularizado en India, luego de que a pacientes sobrevivientes de covid-19 les fuera diagnosticada esta enfermedad a causa de una murcomicosis, pero qu\u00e9 es este padecimiento, \u00bfpuede llegar a ser contagioso y convertirse en la pr\u00f3xima pandemia?<\/p>\n<p>&nbsp;<\/p>\n<h3>\u00bfQu\u00e9 es el hongo negro?<\/h3>\n<p>&nbsp;<\/p>\n<p>El hongo negro es una peligrosa infecci\u00f3n, mejor conocida como mucormicosis, la cual es relativamente rara, pero los m\u00e9dicos temen que su repentino aumento pueda complicar a\u00fan m\u00e1s la lucha contra covid-19; sin embargo este padecimiento se registra m\u00e1s en pacientes recuperados por covid-19.<\/p>\n<p>&nbsp;<\/p>\n<p>De acuerdo con Hugo L\u00f3pez-Gatell, subsecretario de Prevenci\u00f3n y Promoci\u00f3n de la Salud, estos hongos existen en el medio ambiente y est\u00e1n en circulaci\u00f3n continua y no nos pasa nada a menos que tengamos inmunosupresi\u00f3n grave.<\/p>\n<p>&nbsp;<\/p>\n<p>La mucormicosis est\u00e1 provocada por la exposici\u00f3n al moho mucor, que se encuentra habitualmente en la tierra, el aire e incluso en la nariz y las mucosas humanas.<\/p>\n<p>&nbsp;<\/p>\n<p>Se extiende a trav\u00e9s del aparato respiratorio y erosiona las estructuras faciales. En ocasiones, los m\u00e9dicos tienen que extirpar el ojo de forma quir\u00fargica para impedir que la infecci\u00f3n llegue al cerebro.<\/p>\n<p>&nbsp;<\/p>\n<p>Esta infecci\u00f3n f\u00fangica afecta a los senos paranales, el cerebro y los pulmones, lo cual puede ser mortal en personas diab\u00e9ticas o gravemente inmunodeprimidas, as\u00ed como en pacientes con c\u00e1ncer o personas con VIH\/Sida.<\/p>\n<p>&nbsp;<\/p>\n<h3>\u00bfEs contagioso el hongo negro?<\/h3>\n<p>&nbsp;<\/p>\n<p>El riesgo de contagiarse por esta afecci\u00f3n es poca, puesto que este hongo negro se encuentra en nuestro ambiente; sin embargo, puede atacar mayormente a personas con inmunosupresi\u00f3n como pacientes con c\u00e1ncer, pacientes con VIH o inclusive que tomen medicamentos inmunosupresores como puede ocurrir con el covid-19.<\/p>\n<p>&nbsp;<\/p>\n<p>Hugo L\u00f3pez-Gatell mencion\u00f3 que el covid-19 no necesariamente aumenta el riesgo de mucormicosis, pero el uso excesivo de esteroides para el tratamiento puede ser una de las causas por lo que puede desarrollarse la enfermedad.<\/p>\n<p>&nbsp;<\/p>\n<p><em>\u00abEl covid-19 no necesariamente aumenta el riesgo de mucormicosis, pero el uso excesivo de esteroides para el tratamiento puede ser la causa de que pacientes con el virus SARS-CoV-2 tengan esta infecci\u00f3n\u00bb<\/em>, coment\u00f3 el m\u00e9dico en redes sociales.<\/p>\n<p>&nbsp;<\/p>\n<p>En conferencia de prensa vespertina, Hugo L\u00f3pez-Gatell aclar\u00f3 que no hay que ser alarmistas en esta situaci\u00f3n, pues esta es una rara infecci\u00f3n que ocurre siempre y cuando la persona est\u00e9 inmunosupremida, ya que estas enfermedades, llamadas oportunistas, aprovechan para atacar al cuerpo humano.<\/p>\n<p>&nbsp;<\/p>\n<p><em>\u00abEn varias ocasiones nos referimos al peligro de abusar de la cortisona en el tratamiento de covid-19 y cuando se usan estas dosis elevadas ocurre una inmunosupresi\u00f3n, las defensas del cuerpo se apagan y este tipo de organismos oportunistas afectan y pueden dar este tipo de lesi\u00f3n\u00bb.<\/em><\/p>\n<p>&nbsp;<\/p>\n<p>(Publicada el 08\/06\/2021)<\/p>\n","protected":false},"excerpt":{"rendered":"<p>ESPECIAL. \u2014 La mucormicosis es provocada por la exposici\u00f3n al moho mucor, que se encuentra&#8230;<\/p>\n","protected":false},"author":1,"featured_media":115877,"comment_status":"open","ping_status":"open","sticky":false,"template":"","format":"standard","meta":{"_monsterinsights_skip_tracking":false,"_monsterinsights_sitenote_active":false,"_monsterinsights_sitenote_note":"","_monsterinsights_sitenote_category":0,"footnotes":""},"categories":[12],"tags":[],"class_list":["post"],"yoast_head":" \n<title>Sonora en Equipo. \u00bfEs contagioso el hongo negro?, lo que hay que saber Especiales<\/title>\n<meta name=\"description\" content=\"ESPECIAL. \u2014 La mucormicosis es provocada por la exposici\u00f3n al moho mucor, que se encuentra habitualmente en la tierra, el aire e incluso en la nariz y las En Sonora en Equipo publicamos toda la informaci\u00f3n de Sonora, M\u00e9xico y el Mundo de manera oportuna y busca que la libertad de expresi\u00f3n sea real. Visita nuestro medio informativo publicado desde Hermosillo, Sonora. %\" \/>\n<meta name=\"robots\" content=\"index, follow, max-snippet:-1, max-image-preview:large, max-video-preview:-1\" \/>\n<link rel=\"canonical\" href=\"https:\/\/www.sonoraenequipo.com.mx\/es-contagioso-el-hongo-negro-lo-que-hay-que-saber\/\" \/>\n<meta property=\"og:locale\" content=\"es_ES\" \/>\n<meta property=\"og:type\" content=\"article\" \/>\n<meta property=\"og:title\" content=\"Sonora en Equipo. \u00bfEs contagioso el hongo negro?, lo que hay que saber Especiales\" \/>\n<meta property=\"og:description\" content=\"ESPECIAL. \u2014 La mucormicosis es provocada por la exposici\u00f3n al moho mucor, que se encuentra habitualmente en la tierra, el aire e incluso en la nariz y las En Sonora en Equipo publicamos toda la informaci\u00f3n de Sonora, M\u00e9xico y el Mundo de manera oportuna y busca que la libertad de expresi\u00f3n sea real. Visita nuestro medio informativo publicado desde Hermosillo, Sonora. %\" \/>\n<meta property=\"og:url\" content=\"https:\/\/www.sonoraenequipo.com.mx\/es-contagioso-el-hongo-negro-lo-que-hay-que-saber\/\" \/>\n<meta property=\"og:site_name\" content=\"Sonora en Equipo.\" \/>\n<meta property=\"article:publisher\" content=\"https:\/\/www.facebook.com\/SonoraEE\/\" \/>\n<meta property=\"article:author\" content=\"https:\/\/www.facebook.com\/SonoraEE\" \/>\n<meta property=\"article:published_time\" content=\"2021-06-08T21:35:44+00:00\" \/>\n<meta property=\"article:modified_time\" content=\"2021-06-09T02:11:10+00:00\" \/>\n<meta property=\"og:image\" content=\"https:\/\/www.sonoraenequipo.com.mx\/storage\/2021\/06\/subsecrretario-de-salud_opt.jpg\" \/>\n\t<meta property=\"og:image:width\" content=\"700\" \/>\n\t<meta property=\"og:image:height\" content=\"400\" \/>\n\t<meta property=\"og:image:type\" content=\"image\/jpeg\" \/>\n<meta name=\"author\" content=\"enequipo\" \/>\n<meta name=\"twitter:card\" content=\"summary_large_image\" \/>\n<meta name=\"twitter:creator\" content=\"@sonoraenequipo\" \/>\n<meta name=\"twitter:site\" content=\"@sonoraenequipo\" \/>\n<meta name=\"twitter:label1\" content=\"Escrito por\" \/>\n\t<meta name=\"twitter:data1\" content=\"enequipo\" \/>\n\t<meta name=\"twitter:label2\" content=\"Tiempo de lectura\" \/>\n\t<meta name=\"twitter:data2\" content=\"3 minutos\" \/>\n<script type=\"application\/ld+json\" class=\"yoast-schema-graph\">{\"@context\":\"https:\/\/schema.org\",\"@graph\":[{\"@type\":\"Article\",\"@id\":\"https:\/\/www.sonoraenequipo.com.mx\/es-contagioso-el-hongo-negro-lo-que-hay-que-saber\/#article\",\"isPartOf\":{\"@id\":\"https:\/\/www.sonoraenequipo.com.mx\/es-contagioso-el-hongo-negro-lo-que-hay-que-saber\/\"},\"author\":{\"name\":\"enequipo\",\"@id\":\"https:\/\/www.sonoraenequipo.com.mx\/#\/schema\/person\/50102df0fb23a8fa9e8effad8fa81386\"},\"headline\":\"\u00bfEs contagioso el hongo negro?, lo que hay que saber\",\"datePublished\":\"2021-06-08T21:35:44+00:00\",\"dateModified\":\"2021-06-09T02:11:10+00:00\",\"mainEntityOfPage\":{\"@id\":\"https:\/\/www.sonoraenequipo.com.mx\/es-contagioso-el-hongo-negro-lo-que-hay-que-saber\/\"},\"wordCount\":597,\"commentCount\":0,\"publisher\":{\"@id\":\"https:\/\/www.sonoraenequipo.com.mx\/#organization\"},\"image\":{\"@id\":\"https:\/\/www.sonoraenequipo.com.mx\/es-contagioso-el-hongo-negro-lo-que-hay-que-saber\/#primaryimage\"},\"thumbnailUrl\":\"https:\/\/www.sonoraenequipo.com.mx\/storage\/2021\/06\/subsecrretario-de-salud_opt.jpg\",\"articleSection\":[\"Especiales\"],\"inLanguage\":\"es\",\"potentialAction\":[{\"@type\":\"CommentAction\",\"name\":\"Comment\",\"target\":[\"https:\/\/www.sonoraenequipo.com.mx\/es-contagioso-el-hongo-negro-lo-que-hay-que-saber\/#respond\"]}]},{\"@type\":\"WebPage\",\"@id\":\"https:\/\/www.sonoraenequipo.com.mx\/es-contagioso-el-hongo-negro-lo-que-hay-que-saber\/\",\"url\":\"https:\/\/www.sonoraenequipo.com.mx\/es-contagioso-el-hongo-negro-lo-que-hay-que-saber\/\",\"name\":\"Sonora en Equipo. \u00bfEs contagioso el hongo negro?, lo que hay que saber Especiales\",\"isPartOf\":{\"@id\":\"https:\/\/www.sonoraenequipo.com.mx\/#website\"},\"primaryImageOfPage\":{\"@id\":\"https:\/\/www.sonoraenequipo.com.mx\/es-contagioso-el-hongo-negro-lo-que-hay-que-saber\/#primaryimage\"},\"image\":{\"@id\":\"https:\/\/www.sonoraenequipo.com.mx\/es-contagioso-el-hongo-negro-lo-que-hay-que-saber\/#primaryimage\"},\"thumbnailUrl\":\"https:\/\/www.sonoraenequipo.com.mx\/storage\/2021\/06\/subsecrretario-de-salud_opt.jpg\",\"datePublished\":\"2021-06-08T21:35:44+00:00\",\"dateModified\":\"2021-06-09T02:11:10+00:00\",\"description\":\"ESPECIAL. \u2014 La mucormicosis es provocada por la exposici\u00f3n al moho mucor, que se encuentra habitualmente en la tierra, el aire e incluso en la nariz y las En Sonora en Equipo publicamos toda la informaci\u00f3n de Sonora, M\u00e9xico y el Mundo de manera oportuna y busca que la libertad de expresi\u00f3n sea real. Visita nuestro medio informativo publicado desde Hermosillo, Sonora. %\",\"breadcrumb\":{\"@id\":\"https:\/\/www.sonoraenequipo.com.mx\/es-contagioso-el-hongo-negro-lo-que-hay-que-saber\/#breadcrumb\"},\"inLanguage\":\"es\",\"potentialAction\":[{\"@type\":\"ReadAction\",\"target\":[\"https:\/\/www.sonoraenequipo.com.mx\/es-contagioso-el-hongo-negro-lo-que-hay-que-saber\/\"]}]},{\"@type\":\"ImageObject\",\"inLanguage\":\"es\",\"@id\":\"https:\/\/www.sonoraenequipo.com.mx\/es-contagioso-el-hongo-negro-lo-que-hay-que-saber\/#primaryimage\",\"url\":\"https:\/\/www.sonoraenequipo.com.mx\/storage\/2021\/06\/subsecrretario-de-salud_opt.jpg\",\"contentUrl\":\"https:\/\/www.sonoraenequipo.com.mx\/storage\/2021\/06\/subsecrretario-de-salud_opt.jpg\",\"width\":700,\"height\":400},{\"@type\":\"BreadcrumbList\",\"@id\":\"https:\/\/www.sonoraenequipo.com.mx\/es-contagioso-el-hongo-negro-lo-que-hay-que-saber\/#breadcrumb\",\"itemListElement\":[{\"@type\":\"ListItem\",\"position\":1,\"name\":\"Portada\",\"item\":\"https:\/\/www.sonoraenequipo.com.mx\/\"},{\"@type\":\"ListItem\",\"position\":2,\"name\":\"\u00bfEs contagioso el hongo negro?, lo que hay que saber\"}]},{\"@type\":\"WebSite\",\"@id\":\"https:\/\/www.sonoraenequipo.com.mx\/#website\",\"url\":\"https:\/\/www.sonoraenequipo.com.mx\/\",\"name\":\"Sonora en Equipo.\",\"description\":\"Diario en l\u00ednea con Noticias desde Hermosillo, Sonora\",\"publisher\":{\"@id\":\"https:\/\/www.sonoraenequipo.com.mx\/#organization\"},\"potentialAction\":[{\"@type\":\"SearchAction\",\"target\":{\"@type\":\"EntryPoint\",\"urlTemplate\":\"https:\/\/www.sonoraenequipo.com.mx\/?s={search_term_string}\"},\"query-input\":{\"@type\":\"PropertyValueSpecification\",\"valueRequired\":true,\"valueName\":\"search_term_string\"}}],\"inLanguage\":\"es\"},{\"@type\":\"Organization\",\"@id\":\"https:\/\/www.sonoraenequipo.com.mx\/#organization\",\"name\":\"Sonoraenequipo.com.mx\",\"url\":\"https:\/\/www.sonoraenequipo.com.mx\/\",\"logo\":{\"@type\":\"ImageObject\",\"inLanguage\":\"es\",\"@id\":\"https:\/\/www.sonoraenequipo.com.mx\/#\/schema\/logo\/image\/\",\"url\":\"https:\/\/www.sonoraenequipo.com.mx\/storage\/2019\/01\/sonoraenequipo_opt.png\",\"contentUrl\":\"https:\/\/www.sonoraenequipo.com.mx\/storage\/2019\/01\/sonoraenequipo_opt.png\",\"width\":375,\"height\":125,\"caption\":\"Sonoraenequipo.com.mx\"},\"image\":{\"@id\":\"https:\/\/www.sonoraenequipo.com.mx\/#\/schema\/logo\/image\/\"},\"sameAs\":[\"https:\/\/www.facebook.com\/SonoraEE\/\",\"https:\/\/x.com\/sonoraenequipo\",\"https:\/\/www.youtube.com\/channel\/UC338nW-lPEYmJQs4ZABQ1SQ\"]},{\"@type\":\"Person\",\"@id\":\"https:\/\/www.sonoraenequipo.com.mx\/#\/schema\/person\/50102df0fb23a8fa9e8effad8fa81386\",\"name\":\"enequipo\",\"image\":{\"@type\":\"ImageObject\",\"inLanguage\":\"es\",\"@id\":\"https:\/\/www.sonoraenequipo.com.mx\/#\/schema\/person\/image\/\",\"url\":\"https:\/\/secure.gravatar.com\/avatar\/049821681b589dabc0bc20695993ccebb09f5b5d4d790cd9251b97faac7c652b?s=96&d=blank&r=g\",\"contentUrl\":\"https:\/\/secure.gravatar.com\/avatar\/049821681b589dabc0bc20695993ccebb09f5b5d4d790cd9251b97faac7c652b?s=96&d=blank&r=g\",\"caption\":\"enequipo\"},\"sameAs\":[\"https:\/\/www.facebook.com\/SonoraEE\"]}]}<\/script>\n ","yoast_head_json":{"title":"Sonora en Equipo. \u00bfEs contagioso el hongo negro?, lo que hay que saber Especiales","description":"ESPECIAL. \u2014 La mucormicosis es provocada por la exposici\u00f3n al moho mucor, que se encuentra habitualmente en la tierra, el aire e incluso en la nariz y las En Sonora en Equipo publicamos toda la informaci\u00f3n de Sonora, M\u00e9xico y el Mundo de manera oportuna y busca que la libertad de expresi\u00f3n sea real. Visita nuestro medio informativo publicado desde Hermosillo, Sonora. %","robots":{"index":"index","follow":"follow","max-snippet":"max-snippet:-1","max-image-preview":"max-image-preview:large","max-video-preview":"max-video-preview:-1"},"canonical":"https:\/\/www.sonoraenequipo.com.mx\/es-contagioso-el-hongo-negro-lo-que-hay-que-saber\/","og_locale":"es_ES","og_type":"article","og_title":"Sonora en Equipo. \u00bfEs contagioso el hongo negro?, lo que hay que saber Especiales","og_description":"ESPECIAL. \u2014 La mucormicosis es provocada por la exposici\u00f3n al moho mucor, que se encuentra habitualmente en la tierra, el aire e incluso en la nariz y las En Sonora en Equipo publicamos toda la informaci\u00f3n de Sonora, M\u00e9xico y el Mundo de manera oportuna y busca que la libertad de expresi\u00f3n sea real. Visita nuestro medio informativo publicado desde Hermosillo, Sonora. %","og_url":"https:\/\/www.sonoraenequipo.com.mx\/es-contagioso-el-hongo-negro-lo-que-hay-que-saber\/","og_site_name":"Sonora en Equipo.","article_publisher":"https:\/\/www.facebook.com\/SonoraEE\/","article_author":"https:\/\/www.facebook.com\/SonoraEE","article_published_time":"2021-06-08T21:35:44+00:00","article_modified_time":"2021-06-09T02:11:10+00:00","og_image":[{"width":700,"height":400,"url":"https:\/\/www.sonoraenequipo.com.mx\/storage\/2021\/06\/subsecrretario-de-salud_opt.jpg","type":"image\/jpeg"}],"author":"enequipo","twitter_card":"summary_large_image","twitter_creator":"@sonoraenequipo","twitter_site":"@sonoraenequipo","twitter_misc":{"Escrito por":"enequipo","Tiempo de lectura":"3 minutos"},"schema":{"@context":"https:\/\/schema.org","@graph":[{"@type":"Article","@id":"https:\/\/www.sonoraenequipo.com.mx\/es-contagioso-el-hongo-negro-lo-que-hay-que-saber\/#article","isPartOf":{"@id":"https:\/\/www.sonoraenequipo.com.mx\/es-contagioso-el-hongo-negro-lo-que-hay-que-saber\/"},"author":{"name":"enequipo","@id":"https:\/\/www.sonoraenequipo.com.mx\/#\/schema\/person\/50102df0fb23a8fa9e8effad8fa81386"},"headline":"\u00bfEs contagioso el hongo negro?, lo que hay que saber","datePublished":"2021-06-08T21:35:44+00:00","dateModified":"2021-06-09T02:11:10+00:00","mainEntityOfPage":{"@id":"https:\/\/www.sonoraenequipo.com.mx\/es-contagioso-el-hongo-negro-lo-que-hay-que-saber\/"},"wordCount":597,"commentCount":0,"publisher":{"@id":"https:\/\/www.sonoraenequipo.com.mx\/#organization"},"image":{"@id":"https:\/\/www.sonoraenequipo.com.mx\/es-contagioso-el-hongo-negro-lo-que-hay-que-saber\/#primaryimage"},"thumbnailUrl":"https:\/\/www.sonoraenequipo.com.mx\/storage\/2021\/06\/subsecrretario-de-salud_opt.jpg","articleSection":["Especiales"],"inLanguage":"es","potentialAction":[{"@type":"CommentAction","name":"Comment","target":["https:\/\/www.sonoraenequipo.com.mx\/es-contagioso-el-hongo-negro-lo-que-hay-que-saber\/#respond"]}]},{"@type":"WebPage","@id":"https:\/\/www.sonoraenequipo.com.mx\/es-contagioso-el-hongo-negro-lo-que-hay-que-saber\/","url":"https:\/\/www.sonoraenequipo.com.mx\/es-contagioso-el-hongo-negro-lo-que-hay-que-saber\/","name":"Sonora en Equipo. \u00bfEs contagioso el hongo negro?, lo que hay que saber Especiales","isPartOf":{"@id":"https:\/\/www.sonoraenequipo.com.mx\/#website"},"primaryImageOfPage":{"@id":"https:\/\/www.sonoraenequipo.com.mx\/es-contagioso-el-hongo-negro-lo-que-hay-que-saber\/#primaryimage"},"image":{"@id":"https:\/\/www.sonoraenequipo.com.mx\/es-contagioso-el-hongo-negro-lo-que-hay-que-saber\/#primaryimage"},"thumbnailUrl":"https:\/\/www.sonoraenequipo.com.mx\/storage\/2021\/06\/subsecrretario-de-salud_opt.jpg","datePublished":"2021-06-08T21:35:44+00:00","dateModified":"2021-06-09T02:11:10+00:00","description":"ESPECIAL. \u2014 La mucormicosis es provocada por la exposici\u00f3n al moho mucor, que se encuentra habitualmente en la tierra, el aire e incluso en la nariz y las En Sonora en Equipo publicamos toda la informaci\u00f3n de Sonora, M\u00e9xico y el Mundo de manera oportuna y busca que la libertad de expresi\u00f3n sea real. Visita nuestro medio informativo publicado desde Hermosillo, Sonora. %","breadcrumb":{"@id":"https:\/\/www.sonoraenequipo.com.mx\/es-contagioso-el-hongo-negro-lo-que-hay-que-saber\/#breadcrumb"},"inLanguage":"es","potentialAction":[{"@type":"ReadAction","target":["https:\/\/www.sonoraenequipo.com.mx\/es-contagioso-el-hongo-negro-lo-que-hay-que-saber\/"]}]},{"@type":"ImageObject","inLanguage":"es","@id":"https:\/\/www.sonoraenequipo.com.mx\/es-contagioso-el-hongo-negro-lo-que-hay-que-saber\/#primaryimage","url":"https:\/\/www.sonoraenequipo.com.mx\/storage\/2021\/06\/subsecrretario-de-salud_opt.jpg","contentUrl":"https:\/\/www.sonoraenequipo.com.mx\/storage\/2021\/06\/subsecrretario-de-salud_opt.jpg","width":700,"height":400},{"@type":"BreadcrumbList","@id":"https:\/\/www.sonoraenequipo.com.mx\/es-contagioso-el-hongo-negro-lo-que-hay-que-saber\/#breadcrumb","itemListElement":[{"@type":"ListItem","position":1,"name":"Portada","item":"https:\/\/www.sonoraenequipo.com.mx\/"},{"@type":"ListItem","position":2,"name":"\u00bfEs contagioso el hongo negro?, lo que hay que saber"}]},{"@type":"WebSite","@id":"https:\/\/www.sonoraenequipo.com.mx\/#website","url":"https:\/\/www.sonoraenequipo.com.mx\/","name":"Sonora en Equipo.","description":"Diario en l\u00ednea con Noticias desde Hermosillo, Sonora","publisher":{"@id":"https:\/\/www.sonoraenequipo.com.mx\/#organization"},"potentialAction":[{"@type":"SearchAction","target":{"@type":"EntryPoint","urlTemplate":"https:\/\/www.sonoraenequipo.com.mx\/?s={search_term_string}"},"query-input":{"@type":"PropertyValueSpecification","valueRequired":true,"valueName":"search_term_string"}}],"inLanguage":"es"},{"@type":"Organization","@id":"https:\/\/www.sonoraenequipo.com.mx\/#organization","name":"Sonoraenequipo.com.mx","url":"https:\/\/www.sonoraenequipo.com.mx\/","logo":{"@type":"ImageObject","inLanguage":"es","@id":"https:\/\/www.sonoraenequipo.com.mx\/#\/schema\/logo\/image\/","url":"https:\/\/www.sonoraenequipo.com.mx\/storage\/2019\/01\/sonoraenequipo_opt.png","contentUrl":"https:\/\/www.sonoraenequipo.com.mx\/storage\/2019\/01\/sonoraenequipo_opt.png","width":375,"height":125,"caption":"Sonoraenequipo.com.mx"},"image":{"@id":"https:\/\/www.sonoraenequipo.com.mx\/#\/schema\/logo\/image\/"},"sameAs":["https:\/\/www.facebook.com\/SonoraEE\/","https:\/\/x.com\/sonoraenequipo","https:\/\/www.youtube.com\/channel\/UC338nW-lPEYmJQs4ZABQ1SQ"]},{"@type":"Person","@id":"https:\/\/www.sonoraenequipo.com.mx\/#\/schema\/person\/50102df0fb23a8fa9e8effad8fa81386","name":"enequipo","image":{"@type":"ImageObject","inLanguage":"es","@id":"https:\/\/www.sonoraenequipo.com.mx\/#\/schema\/person\/image\/","url":"https:\/\/secure.gravatar.com\/avatar\/049821681b589dabc0bc20695993ccebb09f5b5d4d790cd9251b97faac7c652b?s=96&d=blank&r=g","contentUrl":"https:\/\/secure.gravatar.com\/avatar\/049821681b589dabc0bc20695993ccebb09f5b5d4d790cd9251b97faac7c652b?s=96&d=blank&r=g","caption":"enequipo"},"sameAs":["https:\/\/www.facebook.com\/SonoraEE"]}]}},"jetpack_featured_media_url":"https:\/\/www.sonoraenequipo.com.mx\/storage\/2021\/06\/subsecrretario-de-salud_opt.jpg","_links":{"self":[{"href":"https:\/\/www.sonoraenequipo.com.mx\/api\/wp\/v2\/posts\/115879","targetHints":{"allow":["GET"]}}],"collection":[{"href":"https:\/\/www.sonoraenequipo.com.mx\/api\/wp\/v2\/posts"}],"about":[{"href":"https:\/\/www.sonoraenequipo.com.mx\/api\/wp\/v2\/types\/post"}],"author":[{"embeddable":true,"href":"https:\/\/www.sonoraenequipo.com.mx\/api\/wp\/v2\/users\/1"}],"replies":[{"embeddable":true,"href":"https:\/\/www.sonoraenequipo.com.mx\/api\/wp\/v2\/comments?post=115879"}],"version-history":[{"count":1,"href":"https:\/\/www.sonoraenequipo.com.mx\/api\/wp\/v2\/posts\/115879\/revisions"}],"predecessor-version":[{"id":115894,"href":"https:\/\/www.sonoraenequipo.com.mx\/api\/wp\/v2\/posts\/115879\/revisions\/115894"}],"wp:featuredmedia":[{"embeddable":true,"href":"https:\/\/www.sonoraenequipo.com.mx\/api\/wp\/v2\/media\/115877"}],"wp:attachment":[{"href":"https:\/\/www.sonoraenequipo.com.mx\/api\/wp\/v2\/media?parent=115879"}],"wp:term":[{"taxonomy":"category","embeddable":true,"href":"https:\/\/www.sonoraenequipo.com.mx\/api\/wp\/v2\/categories?post=115879"},{"taxonomy":"post_tag","embeddable":true,"href":"https:\/\/www.sonoraenequipo.com.mx\/api\/wp\/v2\/tags?post=115879"}],"curies":[{"name":"wp","href":"https:\/\/api.w.org\/{rel}","templated":true}]}}