{"id":115886,"date":"2021-06-08T18:12:27","date_gmt":"2021-06-09T01:12:27","guid":{"rendered":"https:\/\/www.sonoraenequipo.com.mx\/?p=115886"},"modified":"2021-06-09T06:16:29","modified_gmt":"2021-06-09T13:16:29","slug":"presenta-ford-a-nivel-mundial-maverick-modelo-que-se-ensamblara-en-sonora","status":"publish","type":"post","link":"https:\/\/www.sonoraenequipo.com.mx\/presenta-ford-a-nivel-mundial-maverick-modelo-que-se-ensamblara-en-sonora\/","title":{"rendered":"Presenta Ford a nivel mundial Maverick, modelo que se ensamblar\u00e1 en Sonora"},"content":{"rendered":"<p>HERMOSILLO, SONORA. MX. \u2014 Este martes la compa\u00f1\u00eda Ford dio a conocer a nivel mundial su nuevo modelo pick up Maverick que ser\u00e1 ensamblado en la planta Hermosillo, lo que viene a reforzar la confianza que se tiene en el estado de Sonora y en su mano de obra calificada, adem\u00e1s de destacar el estado a nivel mundial en el sector automotriz, inform\u00f3 Jorge Vidal Ahumada, secretario de Econom\u00eda.<\/p>\n<p>&nbsp;<\/p>\n<p> <\/p>\n<p>&nbsp;<\/p>\n<p>Dijo que se present\u00f3 a nivel mundial el Pick Up compacto Maverick, producto completamente nuevo que hace crecer a la familia Ford, presentaci\u00f3n que se hizo a trav\u00e9s de los canales digitales de la compa\u00f1\u00eda.<\/p>\n<p>&nbsp;<\/p>\n<p><em>\u201cEstamos muy contentos por el anuncio que Ford hizo de la producci\u00f3n de la pick up Maverick, que se ensamblar\u00e1 en la Planta Hermosillo, este tema lo hemos platicado con los directivos de la compa\u00f1\u00eda desde hace meses, qu\u00e9 bueno que ya lo hicieron oficial\u201d,<\/em> se\u00f1al\u00f3 el funcionario estatal.<\/p>\n<p>&nbsp;<\/p>\n<p>El titular de Econom\u00eda resalt\u00f3 que la relaci\u00f3n que se tiene con la empresa, las gestiones de la gobernadora Claudia Pavlovich, la confianza en la paz laboral que predomina en la entidad y la mano de obra calificada, han sido fundamentales para que a\u00fan en \u00e9poca de pandemia se hagan inversiones importantes en el estado y se realicen anuncios tan importantes como \u00e9ste.<\/p>\n<p>&nbsp;<\/p>\n<p><em>\u201cUna vez m\u00e1s se reconoce la calidad laboral de los sonorenses y se pone a nivel mundial el nombre de Sonora, no es menor el hecho de que dos nuevos modelos se anuncien en un solo a\u00f1o y se produzcan en la planta de Hermosillo\u201d,<\/em> recalc\u00f3 el funcionario estatal.<\/p>\n<p>&nbsp;<\/p>\n<p>Con la llegada de un nuevo modelo para ensamble en la planta de esta capital, se afianza la estad\u00eda de Ford en Sonora y se terminan los rumores de a\u00f1os atr\u00e1s de que la compa\u00f1\u00eda se ir\u00eda de esta ciudad, asegur\u00f3 Vidal Ahumada.<\/p>\n<p>&nbsp;<\/p>\n<p>Explic\u00f3 que el ensamble de la pick up Maverick se realizar\u00e1 bajo la misma l\u00ednea de producci\u00f3n de la nueva Bronco Sport que fue adaptada con una millonaria inversi\u00f3n de m\u00e1s de mil 700 millones de d\u00f3lares en las instalaciones de la planta Ford Hermosillo y m\u00e1s de 350 millones de d\u00f3lares de sus proveedoras.<\/p>\n<p>&nbsp;<\/p>\n<p>Record\u00f3 que en el mes de julio de 2020 la compa\u00f1\u00eda Ford en la planta Hermosillo present\u00f3 el nuevo modelo Bronco Sport a la gobernadora Claudia Pavlovich y meses despu\u00e9s anunci\u00f3 el ensamble de un nuevo producto, esto es una gran muestra de que esta planta es reconocida a nivel mundial por su equipo tanto de maquinaria como de personal, puntualiz\u00f3 Vidal Ahumada.<\/p>\n<p>&nbsp;<\/p>\n<p>Fecha de Publicaci\u00f3n\u00a0\u00a0 martes\u00a0 \/ 8\u00a0 \/ junio \/ 2021<\/p>\n","protected":false},"excerpt":{"rendered":"<p>HERMOSILLO, SONORA. MX. \u2014 Este martes la compa\u00f1\u00eda Ford dio a conocer a nivel mundial&#8230;<\/p>\n","protected":false},"author":1,"featured_media":115887,"comment_status":"open","ping_status":"open","sticky":false,"template":"","format":"standard","meta":{"_monsterinsights_skip_tracking":false,"_monsterinsights_sitenote_active":false,"_monsterinsights_sitenote_note":"","_monsterinsights_sitenote_category":0,"footnotes":""},"categories":[22],"tags":[5777,15],"class_list":["post"],"yoast_head":" \n<title>Sonora en Equipo. Presenta Ford a nivel mundial Maverick, modelo que se ensamblar\u00e1 en Sonora Sonora<\/title>\n<meta name=\"description\" content=\"HERMOSILLO, SONORA. MX. \u2014 Este martes la compa\u00f1\u00eda Ford dio a conocer a nivel mundial su nuevo modelo pick up Maverick que ser\u00e1 ensamblado en la planta En Sonora en Equipo publicamos toda la informaci\u00f3n de Sonora, M\u00e9xico y el Mundo de manera oportuna y busca que la libertad de expresi\u00f3n sea real. Visita nuestro medio informativo publicado desde Hermosillo, Sonora. %\" \/>\n<meta name=\"robots\" content=\"index, follow, max-snippet:-1, max-image-preview:large, max-video-preview:-1\" \/>\n<link rel=\"canonical\" href=\"https:\/\/www.sonoraenequipo.com.mx\/presenta-ford-a-nivel-mundial-maverick-modelo-que-se-ensamblara-en-sonora\/\" \/>\n<meta property=\"og:locale\" content=\"es_ES\" \/>\n<meta property=\"og:type\" content=\"article\" \/>\n<meta property=\"og:title\" content=\"Sonora en Equipo. Presenta Ford a nivel mundial Maverick, modelo que se ensamblar\u00e1 en Sonora Sonora\" \/>\n<meta property=\"og:description\" content=\"HERMOSILLO, SONORA. MX. \u2014 Este martes la compa\u00f1\u00eda Ford dio a conocer a nivel mundial su nuevo modelo pick up Maverick que ser\u00e1 ensamblado en la planta En Sonora en Equipo publicamos toda la informaci\u00f3n de Sonora, M\u00e9xico y el Mundo de manera oportuna y busca que la libertad de expresi\u00f3n sea real. Visita nuestro medio informativo publicado desde Hermosillo, Sonora. %\" \/>\n<meta property=\"og:url\" content=\"https:\/\/www.sonoraenequipo.com.mx\/presenta-ford-a-nivel-mundial-maverick-modelo-que-se-ensamblara-en-sonora\/\" \/>\n<meta property=\"og:site_name\" content=\"Sonora en Equipo.\" \/>\n<meta property=\"article:publisher\" content=\"https:\/\/www.facebook.com\/SonoraEE\/\" \/>\n<meta property=\"article:author\" content=\"https:\/\/www.facebook.com\/SonoraEE\" \/>\n<meta property=\"article:published_time\" content=\"2021-06-09T01:12:27+00:00\" \/>\n<meta property=\"article:modified_time\" content=\"2021-06-09T13:16:29+00:00\" \/>\n<meta property=\"og:image\" content=\"https:\/\/www.sonoraenequipo.com.mx\/storage\/2021\/06\/ford-maverick.jpg\" \/>\n\t<meta property=\"og:image:width\" content=\"750\" \/>\n\t<meta property=\"og:image:height\" content=\"422\" \/>\n\t<meta property=\"og:image:type\" content=\"image\/jpeg\" \/>\n<meta name=\"author\" content=\"enequipo\" \/>\n<meta name=\"twitter:card\" content=\"summary_large_image\" \/>\n<meta name=\"twitter:creator\" content=\"@sonoraenequipo\" \/>\n<meta name=\"twitter:site\" content=\"@sonoraenequipo\" \/>\n<meta name=\"twitter:label1\" content=\"Escrito por\" \/>\n\t<meta name=\"twitter:data1\" content=\"enequipo\" \/>\n\t<meta name=\"twitter:label2\" content=\"Tiempo de lectura\" \/>\n\t<meta name=\"twitter:data2\" content=\"2 minutos\" \/>\n<script type=\"application\/ld+json\" class=\"yoast-schema-graph\">{\"@context\":\"https:\/\/schema.org\",\"@graph\":[{\"@type\":\"Article\",\"@id\":\"https:\/\/www.sonoraenequipo.com.mx\/presenta-ford-a-nivel-mundial-maverick-modelo-que-se-ensamblara-en-sonora\/#article\",\"isPartOf\":{\"@id\":\"https:\/\/www.sonoraenequipo.com.mx\/presenta-ford-a-nivel-mundial-maverick-modelo-que-se-ensamblara-en-sonora\/\"},\"author\":{\"name\":\"enequipo\",\"@id\":\"https:\/\/www.sonoraenequipo.com.mx\/#\/schema\/person\/50102df0fb23a8fa9e8effad8fa81386\"},\"headline\":\"Presenta Ford a nivel mundial Maverick, modelo que se ensamblar\u00e1 en Sonora\",\"datePublished\":\"2021-06-09T01:12:27+00:00\",\"dateModified\":\"2021-06-09T13:16:29+00:00\",\"mainEntityOfPage\":{\"@id\":\"https:\/\/www.sonoraenequipo.com.mx\/presenta-ford-a-nivel-mundial-maverick-modelo-que-se-ensamblara-en-sonora\/\"},\"wordCount\":477,\"commentCount\":0,\"publisher\":{\"@id\":\"https:\/\/www.sonoraenequipo.com.mx\/#organization\"},\"image\":{\"@id\":\"https:\/\/www.sonoraenequipo.com.mx\/presenta-ford-a-nivel-mundial-maverick-modelo-que-se-ensamblara-en-sonora\/#primaryimage\"},\"thumbnailUrl\":\"https:\/\/www.sonoraenequipo.com.mx\/storage\/2021\/06\/ford-maverick.jpg\",\"keywords\":[\"ford maverick\",\"Sonora\"],\"articleSection\":[\"Sonora\"],\"inLanguage\":\"es\",\"potentialAction\":[{\"@type\":\"CommentAction\",\"name\":\"Comment\",\"target\":[\"https:\/\/www.sonoraenequipo.com.mx\/presenta-ford-a-nivel-mundial-maverick-modelo-que-se-ensamblara-en-sonora\/#respond\"]}]},{\"@type\":\"WebPage\",\"@id\":\"https:\/\/www.sonoraenequipo.com.mx\/presenta-ford-a-nivel-mundial-maverick-modelo-que-se-ensamblara-en-sonora\/\",\"url\":\"https:\/\/www.sonoraenequipo.com.mx\/presenta-ford-a-nivel-mundial-maverick-modelo-que-se-ensamblara-en-sonora\/\",\"name\":\"Sonora en Equipo. Presenta Ford a nivel mundial Maverick, modelo que se ensamblar\u00e1 en Sonora Sonora\",\"isPartOf\":{\"@id\":\"https:\/\/www.sonoraenequipo.com.mx\/#website\"},\"primaryImageOfPage\":{\"@id\":\"https:\/\/www.sonoraenequipo.com.mx\/presenta-ford-a-nivel-mundial-maverick-modelo-que-se-ensamblara-en-sonora\/#primaryimage\"},\"image\":{\"@id\":\"https:\/\/www.sonoraenequipo.com.mx\/presenta-ford-a-nivel-mundial-maverick-modelo-que-se-ensamblara-en-sonora\/#primaryimage\"},\"thumbnailUrl\":\"https:\/\/www.sonoraenequipo.com.mx\/storage\/2021\/06\/ford-maverick.jpg\",\"datePublished\":\"2021-06-09T01:12:27+00:00\",\"dateModified\":\"2021-06-09T13:16:29+00:00\",\"description\":\"HERMOSILLO, SONORA. MX. \u2014 Este martes la compa\u00f1\u00eda Ford dio a conocer a nivel mundial su nuevo modelo pick up Maverick que ser\u00e1 ensamblado en la planta En Sonora en Equipo publicamos toda la informaci\u00f3n de Sonora, M\u00e9xico y el Mundo de manera oportuna y busca que la libertad de expresi\u00f3n sea real. Visita nuestro medio informativo publicado desde Hermosillo, Sonora. %\",\"breadcrumb\":{\"@id\":\"https:\/\/www.sonoraenequipo.com.mx\/presenta-ford-a-nivel-mundial-maverick-modelo-que-se-ensamblara-en-sonora\/#breadcrumb\"},\"inLanguage\":\"es\",\"potentialAction\":[{\"@type\":\"ReadAction\",\"target\":[\"https:\/\/www.sonoraenequipo.com.mx\/presenta-ford-a-nivel-mundial-maverick-modelo-que-se-ensamblara-en-sonora\/\"]}]},{\"@type\":\"ImageObject\",\"inLanguage\":\"es\",\"@id\":\"https:\/\/www.sonoraenequipo.com.mx\/presenta-ford-a-nivel-mundial-maverick-modelo-que-se-ensamblara-en-sonora\/#primaryimage\",\"url\":\"https:\/\/www.sonoraenequipo.com.mx\/storage\/2021\/06\/ford-maverick.jpg\",\"contentUrl\":\"https:\/\/www.sonoraenequipo.com.mx\/storage\/2021\/06\/ford-maverick.jpg\",\"width\":750,\"height\":422},{\"@type\":\"BreadcrumbList\",\"@id\":\"https:\/\/www.sonoraenequipo.com.mx\/presenta-ford-a-nivel-mundial-maverick-modelo-que-se-ensamblara-en-sonora\/#breadcrumb\",\"itemListElement\":[{\"@type\":\"ListItem\",\"position\":1,\"name\":\"Portada\",\"item\":\"https:\/\/www.sonoraenequipo.com.mx\/\"},{\"@type\":\"ListItem\",\"position\":2,\"name\":\"Presenta Ford a nivel mundial Maverick, modelo que se ensamblar\u00e1 en Sonora\"}]},{\"@type\":\"WebSite\",\"@id\":\"https:\/\/www.sonoraenequipo.com.mx\/#website\",\"url\":\"https:\/\/www.sonoraenequipo.com.mx\/\",\"name\":\"Sonora en Equipo.\",\"description\":\"Diario en l\u00ednea con Noticias desde Hermosillo, Sonora\",\"publisher\":{\"@id\":\"https:\/\/www.sonoraenequipo.com.mx\/#organization\"},\"potentialAction\":[{\"@type\":\"SearchAction\",\"target\":{\"@type\":\"EntryPoint\",\"urlTemplate\":\"https:\/\/www.sonoraenequipo.com.mx\/?s={search_term_string}\"},\"query-input\":{\"@type\":\"PropertyValueSpecification\",\"valueRequired\":true,\"valueName\":\"search_term_string\"}}],\"inLanguage\":\"es\"},{\"@type\":\"Organization\",\"@id\":\"https:\/\/www.sonoraenequipo.com.mx\/#organization\",\"name\":\"Sonoraenequipo.com.mx\",\"url\":\"https:\/\/www.sonoraenequipo.com.mx\/\",\"logo\":{\"@type\":\"ImageObject\",\"inLanguage\":\"es\",\"@id\":\"https:\/\/www.sonoraenequipo.com.mx\/#\/schema\/logo\/image\/\",\"url\":\"https:\/\/www.sonoraenequipo.com.mx\/storage\/2019\/01\/sonoraenequipo_opt.png\",\"contentUrl\":\"https:\/\/www.sonoraenequipo.com.mx\/storage\/2019\/01\/sonoraenequipo_opt.png\",\"width\":375,\"height\":125,\"caption\":\"Sonoraenequipo.com.mx\"},\"image\":{\"@id\":\"https:\/\/www.sonoraenequipo.com.mx\/#\/schema\/logo\/image\/\"},\"sameAs\":[\"https:\/\/www.facebook.com\/SonoraEE\/\",\"https:\/\/x.com\/sonoraenequipo\",\"https:\/\/www.youtube.com\/channel\/UC338nW-lPEYmJQs4ZABQ1SQ\"]},{\"@type\":\"Person\",\"@id\":\"https:\/\/www.sonoraenequipo.com.mx\/#\/schema\/person\/50102df0fb23a8fa9e8effad8fa81386\",\"name\":\"enequipo\",\"image\":{\"@type\":\"ImageObject\",\"inLanguage\":\"es\",\"@id\":\"https:\/\/www.sonoraenequipo.com.mx\/#\/schema\/person\/image\/\",\"url\":\"https:\/\/secure.gravatar.com\/avatar\/049821681b589dabc0bc20695993ccebb09f5b5d4d790cd9251b97faac7c652b?s=96&d=blank&r=g\",\"contentUrl\":\"https:\/\/secure.gravatar.com\/avatar\/049821681b589dabc0bc20695993ccebb09f5b5d4d790cd9251b97faac7c652b?s=96&d=blank&r=g\",\"caption\":\"enequipo\"},\"sameAs\":[\"https:\/\/www.facebook.com\/SonoraEE\"]}]}<\/script>\n ","yoast_head_json":{"title":"Sonora en Equipo. Presenta Ford a nivel mundial Maverick, modelo que se ensamblar\u00e1 en Sonora Sonora","description":"HERMOSILLO, SONORA. MX. \u2014 Este martes la compa\u00f1\u00eda Ford dio a conocer a nivel mundial su nuevo modelo pick up Maverick que ser\u00e1 ensamblado en la planta En Sonora en Equipo publicamos toda la informaci\u00f3n de Sonora, M\u00e9xico y el Mundo de manera oportuna y busca que la libertad de expresi\u00f3n sea real. Visita nuestro medio informativo publicado desde Hermosillo, Sonora. %","robots":{"index":"index","follow":"follow","max-snippet":"max-snippet:-1","max-image-preview":"max-image-preview:large","max-video-preview":"max-video-preview:-1"},"canonical":"https:\/\/www.sonoraenequipo.com.mx\/presenta-ford-a-nivel-mundial-maverick-modelo-que-se-ensamblara-en-sonora\/","og_locale":"es_ES","og_type":"article","og_title":"Sonora en Equipo. Presenta Ford a nivel mundial Maverick, modelo que se ensamblar\u00e1 en Sonora Sonora","og_description":"HERMOSILLO, SONORA. MX. \u2014 Este martes la compa\u00f1\u00eda Ford dio a conocer a nivel mundial su nuevo modelo pick up Maverick que ser\u00e1 ensamblado en la planta En Sonora en Equipo publicamos toda la informaci\u00f3n de Sonora, M\u00e9xico y el Mundo de manera oportuna y busca que la libertad de expresi\u00f3n sea real. Visita nuestro medio informativo publicado desde Hermosillo, Sonora. %","og_url":"https:\/\/www.sonoraenequipo.com.mx\/presenta-ford-a-nivel-mundial-maverick-modelo-que-se-ensamblara-en-sonora\/","og_site_name":"Sonora en Equipo.","article_publisher":"https:\/\/www.facebook.com\/SonoraEE\/","article_author":"https:\/\/www.facebook.com\/SonoraEE","article_published_time":"2021-06-09T01:12:27+00:00","article_modified_time":"2021-06-09T13:16:29+00:00","og_image":[{"width":750,"height":422,"url":"https:\/\/www.sonoraenequipo.com.mx\/storage\/2021\/06\/ford-maverick.jpg","type":"image\/jpeg"}],"author":"enequipo","twitter_card":"summary_large_image","twitter_creator":"@sonoraenequipo","twitter_site":"@sonoraenequipo","twitter_misc":{"Escrito por":"enequipo","Tiempo de lectura":"2 minutos"},"schema":{"@context":"https:\/\/schema.org","@graph":[{"@type":"Article","@id":"https:\/\/www.sonoraenequipo.com.mx\/presenta-ford-a-nivel-mundial-maverick-modelo-que-se-ensamblara-en-sonora\/#article","isPartOf":{"@id":"https:\/\/www.sonoraenequipo.com.mx\/presenta-ford-a-nivel-mundial-maverick-modelo-que-se-ensamblara-en-sonora\/"},"author":{"name":"enequipo","@id":"https:\/\/www.sonoraenequipo.com.mx\/#\/schema\/person\/50102df0fb23a8fa9e8effad8fa81386"},"headline":"Presenta Ford a nivel mundial Maverick, modelo que se ensamblar\u00e1 en Sonora","datePublished":"2021-06-09T01:12:27+00:00","dateModified":"2021-06-09T13:16:29+00:00","mainEntityOfPage":{"@id":"https:\/\/www.sonoraenequipo.com.mx\/presenta-ford-a-nivel-mundial-maverick-modelo-que-se-ensamblara-en-sonora\/"},"wordCount":477,"commentCount":0,"publisher":{"@id":"https:\/\/www.sonoraenequipo.com.mx\/#organization"},"image":{"@id":"https:\/\/www.sonoraenequipo.com.mx\/presenta-ford-a-nivel-mundial-maverick-modelo-que-se-ensamblara-en-sonora\/#primaryimage"},"thumbnailUrl":"https:\/\/www.sonoraenequipo.com.mx\/storage\/2021\/06\/ford-maverick.jpg","keywords":["ford maverick","Sonora"],"articleSection":["Sonora"],"inLanguage":"es","potentialAction":[{"@type":"CommentAction","name":"Comment","target":["https:\/\/www.sonoraenequipo.com.mx\/presenta-ford-a-nivel-mundial-maverick-modelo-que-se-ensamblara-en-sonora\/#respond"]}]},{"@type":"WebPage","@id":"https:\/\/www.sonoraenequipo.com.mx\/presenta-ford-a-nivel-mundial-maverick-modelo-que-se-ensamblara-en-sonora\/","url":"https:\/\/www.sonoraenequipo.com.mx\/presenta-ford-a-nivel-mundial-maverick-modelo-que-se-ensamblara-en-sonora\/","name":"Sonora en Equipo. Presenta Ford a nivel mundial Maverick, modelo que se ensamblar\u00e1 en Sonora Sonora","isPartOf":{"@id":"https:\/\/www.sonoraenequipo.com.mx\/#website"},"primaryImageOfPage":{"@id":"https:\/\/www.sonoraenequipo.com.mx\/presenta-ford-a-nivel-mundial-maverick-modelo-que-se-ensamblara-en-sonora\/#primaryimage"},"image":{"@id":"https:\/\/www.sonoraenequipo.com.mx\/presenta-ford-a-nivel-mundial-maverick-modelo-que-se-ensamblara-en-sonora\/#primaryimage"},"thumbnailUrl":"https:\/\/www.sonoraenequipo.com.mx\/storage\/2021\/06\/ford-maverick.jpg","datePublished":"2021-06-09T01:12:27+00:00","dateModified":"2021-06-09T13:16:29+00:00","description":"HERMOSILLO, SONORA. MX. \u2014 Este martes la compa\u00f1\u00eda Ford dio a conocer a nivel mundial su nuevo modelo pick up Maverick que ser\u00e1 ensamblado en la planta En Sonora en Equipo publicamos toda la informaci\u00f3n de Sonora, M\u00e9xico y el Mundo de manera oportuna y busca que la libertad de expresi\u00f3n sea real. Visita nuestro medio informativo publicado desde Hermosillo, Sonora. %","breadcrumb":{"@id":"https:\/\/www.sonoraenequipo.com.mx\/presenta-ford-a-nivel-mundial-maverick-modelo-que-se-ensamblara-en-sonora\/#breadcrumb"},"inLanguage":"es","potentialAction":[{"@type":"ReadAction","target":["https:\/\/www.sonoraenequipo.com.mx\/presenta-ford-a-nivel-mundial-maverick-modelo-que-se-ensamblara-en-sonora\/"]}]},{"@type":"ImageObject","inLanguage":"es","@id":"https:\/\/www.sonoraenequipo.com.mx\/presenta-ford-a-nivel-mundial-maverick-modelo-que-se-ensamblara-en-sonora\/#primaryimage","url":"https:\/\/www.sonoraenequipo.com.mx\/storage\/2021\/06\/ford-maverick.jpg","contentUrl":"https:\/\/www.sonoraenequipo.com.mx\/storage\/2021\/06\/ford-maverick.jpg","width":750,"height":422},{"@type":"BreadcrumbList","@id":"https:\/\/www.sonoraenequipo.com.mx\/presenta-ford-a-nivel-mundial-maverick-modelo-que-se-ensamblara-en-sonora\/#breadcrumb","itemListElement":[{"@type":"ListItem","position":1,"name":"Portada","item":"https:\/\/www.sonoraenequipo.com.mx\/"},{"@type":"ListItem","position":2,"name":"Presenta Ford a nivel mundial Maverick, modelo que se ensamblar\u00e1 en Sonora"}]},{"@type":"WebSite","@id":"https:\/\/www.sonoraenequipo.com.mx\/#website","url":"https:\/\/www.sonoraenequipo.com.mx\/","name":"Sonora en Equipo.","description":"Diario en l\u00ednea con Noticias desde Hermosillo, Sonora","publisher":{"@id":"https:\/\/www.sonoraenequipo.com.mx\/#organization"},"potentialAction":[{"@type":"SearchAction","target":{"@type":"EntryPoint","urlTemplate":"https:\/\/www.sonoraenequipo.com.mx\/?s={search_term_string}"},"query-input":{"@type":"PropertyValueSpecification","valueRequired":true,"valueName":"search_term_string"}}],"inLanguage":"es"},{"@type":"Organization","@id":"https:\/\/www.sonoraenequipo.com.mx\/#organization","name":"Sonoraenequipo.com.mx","url":"https:\/\/www.sonoraenequipo.com.mx\/","logo":{"@type":"ImageObject","inLanguage":"es","@id":"https:\/\/www.sonoraenequipo.com.mx\/#\/schema\/logo\/image\/","url":"https:\/\/www.sonoraenequipo.com.mx\/storage\/2019\/01\/sonoraenequipo_opt.png","contentUrl":"https:\/\/www.sonoraenequipo.com.mx\/storage\/2019\/01\/sonoraenequipo_opt.png","width":375,"height":125,"caption":"Sonoraenequipo.com.mx"},"image":{"@id":"https:\/\/www.sonoraenequipo.com.mx\/#\/schema\/logo\/image\/"},"sameAs":["https:\/\/www.facebook.com\/SonoraEE\/","https:\/\/x.com\/sonoraenequipo","https:\/\/www.youtube.com\/channel\/UC338nW-lPEYmJQs4ZABQ1SQ"]},{"@type":"Person","@id":"https:\/\/www.sonoraenequipo.com.mx\/#\/schema\/person\/50102df0fb23a8fa9e8effad8fa81386","name":"enequipo","image":{"@type":"ImageObject","inLanguage":"es","@id":"https:\/\/www.sonoraenequipo.com.mx\/#\/schema\/person\/image\/","url":"https:\/\/secure.gravatar.com\/avatar\/049821681b589dabc0bc20695993ccebb09f5b5d4d790cd9251b97faac7c652b?s=96&d=blank&r=g","contentUrl":"https:\/\/secure.gravatar.com\/avatar\/049821681b589dabc0bc20695993ccebb09f5b5d4d790cd9251b97faac7c652b?s=96&d=blank&r=g","caption":"enequipo"},"sameAs":["https:\/\/www.facebook.com\/SonoraEE"]}]}},"jetpack_featured_media_url":"https:\/\/www.sonoraenequipo.com.mx\/storage\/2021\/06\/ford-maverick.jpg","_links":{"self":[{"href":"https:\/\/www.sonoraenequipo.com.mx\/api\/wp\/v2\/posts\/115886","targetHints":{"allow":["GET"]}}],"collection":[{"href":"https:\/\/www.sonoraenequipo.com.mx\/api\/wp\/v2\/posts"}],"about":[{"href":"https:\/\/www.sonoraenequipo.com.mx\/api\/wp\/v2\/types\/post"}],"author":[{"embeddable":true,"href":"https:\/\/www.sonoraenequipo.com.mx\/api\/wp\/v2\/users\/1"}],"replies":[{"embeddable":true,"href":"https:\/\/www.sonoraenequipo.com.mx\/api\/wp\/v2\/comments?post=115886"}],"version-history":[{"count":3,"href":"https:\/\/www.sonoraenequipo.com.mx\/api\/wp\/v2\/posts\/115886\/revisions"}],"predecessor-version":[{"id":115920,"href":"https:\/\/www.sonoraenequipo.com.mx\/api\/wp\/v2\/posts\/115886\/revisions\/115920"}],"wp:featuredmedia":[{"embeddable":true,"href":"https:\/\/www.sonoraenequipo.com.mx\/api\/wp\/v2\/media\/115887"}],"wp:attachment":[{"href":"https:\/\/www.sonoraenequipo.com.mx\/api\/wp\/v2\/media?parent=115886"}],"wp:term":[{"taxonomy":"category","embeddable":true,"href":"https:\/\/www.sonoraenequipo.com.mx\/api\/wp\/v2\/categories?post=115886"},{"taxonomy":"post_tag","embeddable":true,"href":"https:\/\/www.sonoraenequipo.com.mx\/api\/wp\/v2\/tags?post=115886"}],"curies":[{"name":"wp","href":"https:\/\/api.w.org\/{rel}","templated":true}]}}