{"id":115889,"date":"2021-06-08T18:22:31","date_gmt":"2021-06-09T01:22:31","guid":{"rendered":"https:\/\/www.sonoraenequipo.com.mx\/?p=115889"},"modified":"2021-06-08T18:22:31","modified_gmt":"2021-06-09T01:22:31","slug":"falla-electrica-de-cfe-afecta-operacion-de-pozos-en-captacion-calizas","status":"publish","type":"post","link":"https:\/\/www.sonoraenequipo.com.mx\/falla-electrica-de-cfe-afecta-operacion-de-pozos-en-captacion-calizas\/","title":{"rendered":"Falla el\u00e9ctrica de CFE afecta operaci\u00f3n de pozos en captaci\u00f3n Calizas"},"content":{"rendered":"<p>HERMOSILLO, SONORA,MX.\u2500\u2500\u00a0 Por motivo de una falla el\u00e9ctrica ocasionada por el desprendimiento de cuchillas en infraestructura de la Comisi\u00f3n Federal de Electricidad (CFE), poco antes de la 1:00pm de este martes 08 de junio se present\u00f3 un apag\u00f3n en el sector de la captaci\u00f3n Calizas que a su vez ocasion\u00f3 el paro en los sistemas de bombeo.<\/p>\n<p>&nbsp;<\/p>\n<p>Herman Valenzuela Salas, Coordinador Operativo de Agua de Hermosillo, inform\u00f3 que los pozos 6, 7 y 8 de esta bater\u00eda dejaron de operar por espacio de dos horas debido a la falla el\u00e9ctrica.<\/p>\n<p>&nbsp;<\/p>\n<p>Esto provoc\u00f3, dijo, que se afectara la distribuci\u00f3n de agua para algunas de las colonias del norte de la capital sonorense, en las que se registraron bajas presiones y en algunos casos ausencia del servicio.<\/p>\n<p>&nbsp;<\/p>\n<p>Coment\u00f3 adem\u00e1s que, a pesar de que esta falla fue solucionada por parte de t\u00e9cnicos de CFE, el apag\u00f3n de los pozos gener\u00f3 que los tanques de distribuci\u00f3n quedaran sin los vol\u00famenes necesarios para ofrecer un servicio \u00f3ptimo.<\/p>\n<p>&nbsp;<\/p>\n<p>Valenzuela Salas explic\u00f3 que a partir de la notificaci\u00f3n de la ca\u00edda del sistema el\u00e9ctrico se iniciaron las maniobras de redireccionamiento de flujos que permitir\u00e1n compensar el servicio en algunas de las colonias afectadas, entre las que se encuentran Jes\u00fas Garc\u00eda, Sacramento, Bachoco, Ley 57, Lomas de Madrid, Jacinto L\u00f3pez, Solidaridad, Insurgentes, Norberto Ortega, Villa Sonora, Aranjuez Residencial, Los \u00c1ngeles, Villas del Cortijo y Villas del Cort\u00e9s, por mencionar algunas.<\/p>\n<p>&nbsp;<\/p>\n<p>Al agradecer a nombre de la paramunicipal la comprensi\u00f3n de los usuarios que se ven afectados por este incidente ajeno a Agua de Hermosillo, el funcionario agreg\u00f3 que se espera que durante el transcurso del d\u00eda se avanzar\u00e1 en la regularizaci\u00f3n del servicio, con el objetivo de lograr su reposici\u00f3n total a partir del mi\u00e9rcoles.<\/p>\n<p>&nbsp;<\/p>\n<p>Fecha de Publicaci\u00f3n\u00a0\u00a0 martes\u00a0 \/ 8\u00a0 \/ junio \/ 2021<\/p>\n","protected":false},"excerpt":{"rendered":"<p>HERMOSILLO, SONORA,MX.\u2500\u2500\u00a0 Por motivo de una falla el\u00e9ctrica ocasionada por el desprendimiento de cuchillas en&#8230;<\/p>\n","protected":false},"author":1,"featured_media":115890,"comment_status":"open","ping_status":"open","sticky":false,"template":"","format":"standard","meta":{"_monsterinsights_skip_tracking":false,"_monsterinsights_sitenote_active":false,"_monsterinsights_sitenote_note":"","_monsterinsights_sitenote_category":0,"footnotes":""},"categories":[4],"tags":[1288],"class_list":["post"],"yoast_head":" \n<title>Sonora en Equipo. Falla el\u00e9ctrica de CFE afecta operaci\u00f3n de pozos en captaci\u00f3n Calizas Municipios<\/title>\n<meta name=\"description\" content=\"HERMOSILLO, SONORA,MX.\u2500\u2500\u00a0 Por motivo de una falla el\u00e9ctrica ocasionada por el desprendimiento de cuchillas en infraestructura de la Comisi\u00f3n Federal de En Sonora en Equipo publicamos toda la informaci\u00f3n de Sonora, M\u00e9xico y el Mundo de manera oportuna y busca que la libertad de expresi\u00f3n sea real. Visita nuestro medio informativo publicado desde Hermosillo, Sonora. %\" \/>\n<meta name=\"robots\" content=\"index, follow, max-snippet:-1, max-image-preview:large, max-video-preview:-1\" \/>\n<link rel=\"canonical\" href=\"https:\/\/www.sonoraenequipo.com.mx\/falla-electrica-de-cfe-afecta-operacion-de-pozos-en-captacion-calizas\/\" \/>\n<meta property=\"og:locale\" content=\"es_ES\" \/>\n<meta property=\"og:type\" content=\"article\" \/>\n<meta property=\"og:title\" content=\"Sonora en Equipo. Falla el\u00e9ctrica de CFE afecta operaci\u00f3n de pozos en captaci\u00f3n Calizas Municipios\" \/>\n<meta property=\"og:description\" content=\"HERMOSILLO, SONORA,MX.\u2500\u2500\u00a0 Por motivo de una falla el\u00e9ctrica ocasionada por el desprendimiento de cuchillas en infraestructura de la Comisi\u00f3n Federal de En Sonora en Equipo publicamos toda la informaci\u00f3n de Sonora, M\u00e9xico y el Mundo de manera oportuna y busca que la libertad de expresi\u00f3n sea real. Visita nuestro medio informativo publicado desde Hermosillo, Sonora. %\" \/>\n<meta property=\"og:url\" content=\"https:\/\/www.sonoraenequipo.com.mx\/falla-electrica-de-cfe-afecta-operacion-de-pozos-en-captacion-calizas\/\" \/>\n<meta property=\"og:site_name\" content=\"Sonora en Equipo.\" \/>\n<meta property=\"article:publisher\" content=\"https:\/\/www.facebook.com\/SonoraEE\/\" \/>\n<meta property=\"article:author\" content=\"https:\/\/www.facebook.com\/SonoraEE\" \/>\n<meta property=\"article:published_time\" content=\"2021-06-09T01:22:31+00:00\" \/>\n<meta property=\"og:image\" content=\"https:\/\/www.sonoraenequipo.com.mx\/storage\/2021\/06\/calizas.jpg\" \/>\n\t<meta property=\"og:image:width\" content=\"700\" \/>\n\t<meta property=\"og:image:height\" content=\"400\" \/>\n\t<meta property=\"og:image:type\" content=\"image\/jpeg\" \/>\n<meta name=\"author\" content=\"enequipo\" \/>\n<meta name=\"twitter:card\" content=\"summary_large_image\" \/>\n<meta name=\"twitter:creator\" content=\"@sonoraenequipo\" \/>\n<meta name=\"twitter:site\" content=\"@sonoraenequipo\" \/>\n<meta name=\"twitter:label1\" content=\"Escrito por\" \/>\n\t<meta name=\"twitter:data1\" content=\"enequipo\" \/>\n\t<meta name=\"twitter:label2\" content=\"Tiempo de lectura\" \/>\n\t<meta name=\"twitter:data2\" content=\"2 minutos\" \/>\n<script type=\"application\/ld+json\" class=\"yoast-schema-graph\">{\"@context\":\"https:\/\/schema.org\",\"@graph\":[{\"@type\":\"Article\",\"@id\":\"https:\/\/www.sonoraenequipo.com.mx\/falla-electrica-de-cfe-afecta-operacion-de-pozos-en-captacion-calizas\/#article\",\"isPartOf\":{\"@id\":\"https:\/\/www.sonoraenequipo.com.mx\/falla-electrica-de-cfe-afecta-operacion-de-pozos-en-captacion-calizas\/\"},\"author\":{\"name\":\"enequipo\",\"@id\":\"https:\/\/www.sonoraenequipo.com.mx\/#\/schema\/person\/50102df0fb23a8fa9e8effad8fa81386\"},\"headline\":\"Falla el\u00e9ctrica de CFE afecta operaci\u00f3n de pozos en captaci\u00f3n Calizas\",\"datePublished\":\"2021-06-09T01:22:31+00:00\",\"mainEntityOfPage\":{\"@id\":\"https:\/\/www.sonoraenequipo.com.mx\/falla-electrica-de-cfe-afecta-operacion-de-pozos-en-captacion-calizas\/\"},\"wordCount\":335,\"commentCount\":0,\"publisher\":{\"@id\":\"https:\/\/www.sonoraenequipo.com.mx\/#organization\"},\"image\":{\"@id\":\"https:\/\/www.sonoraenequipo.com.mx\/falla-electrica-de-cfe-afecta-operacion-de-pozos-en-captacion-calizas\/#primaryimage\"},\"thumbnailUrl\":\"https:\/\/www.sonoraenequipo.com.mx\/storage\/2021\/06\/calizas.jpg\",\"keywords\":[\"AGUAH DE HERMOSILLO\"],\"articleSection\":[\"Municipios\"],\"inLanguage\":\"es\",\"potentialAction\":[{\"@type\":\"CommentAction\",\"name\":\"Comment\",\"target\":[\"https:\/\/www.sonoraenequipo.com.mx\/falla-electrica-de-cfe-afecta-operacion-de-pozos-en-captacion-calizas\/#respond\"]}]},{\"@type\":\"WebPage\",\"@id\":\"https:\/\/www.sonoraenequipo.com.mx\/falla-electrica-de-cfe-afecta-operacion-de-pozos-en-captacion-calizas\/\",\"url\":\"https:\/\/www.sonoraenequipo.com.mx\/falla-electrica-de-cfe-afecta-operacion-de-pozos-en-captacion-calizas\/\",\"name\":\"Sonora en Equipo. Falla el\u00e9ctrica de CFE afecta operaci\u00f3n de pozos en captaci\u00f3n Calizas Municipios\",\"isPartOf\":{\"@id\":\"https:\/\/www.sonoraenequipo.com.mx\/#website\"},\"primaryImageOfPage\":{\"@id\":\"https:\/\/www.sonoraenequipo.com.mx\/falla-electrica-de-cfe-afecta-operacion-de-pozos-en-captacion-calizas\/#primaryimage\"},\"image\":{\"@id\":\"https:\/\/www.sonoraenequipo.com.mx\/falla-electrica-de-cfe-afecta-operacion-de-pozos-en-captacion-calizas\/#primaryimage\"},\"thumbnailUrl\":\"https:\/\/www.sonoraenequipo.com.mx\/storage\/2021\/06\/calizas.jpg\",\"datePublished\":\"2021-06-09T01:22:31+00:00\",\"description\":\"HERMOSILLO, SONORA,MX.\u2500\u2500\u00a0 Por motivo de una falla el\u00e9ctrica ocasionada por el desprendimiento de cuchillas en infraestructura de la Comisi\u00f3n Federal de En Sonora en Equipo publicamos toda la informaci\u00f3n de Sonora, M\u00e9xico y el Mundo de manera oportuna y busca que la libertad de expresi\u00f3n sea real. Visita nuestro medio informativo publicado desde Hermosillo, Sonora. %\",\"breadcrumb\":{\"@id\":\"https:\/\/www.sonoraenequipo.com.mx\/falla-electrica-de-cfe-afecta-operacion-de-pozos-en-captacion-calizas\/#breadcrumb\"},\"inLanguage\":\"es\",\"potentialAction\":[{\"@type\":\"ReadAction\",\"target\":[\"https:\/\/www.sonoraenequipo.com.mx\/falla-electrica-de-cfe-afecta-operacion-de-pozos-en-captacion-calizas\/\"]}]},{\"@type\":\"ImageObject\",\"inLanguage\":\"es\",\"@id\":\"https:\/\/www.sonoraenequipo.com.mx\/falla-electrica-de-cfe-afecta-operacion-de-pozos-en-captacion-calizas\/#primaryimage\",\"url\":\"https:\/\/www.sonoraenequipo.com.mx\/storage\/2021\/06\/calizas.jpg\",\"contentUrl\":\"https:\/\/www.sonoraenequipo.com.mx\/storage\/2021\/06\/calizas.jpg\",\"width\":700,\"height\":400},{\"@type\":\"BreadcrumbList\",\"@id\":\"https:\/\/www.sonoraenequipo.com.mx\/falla-electrica-de-cfe-afecta-operacion-de-pozos-en-captacion-calizas\/#breadcrumb\",\"itemListElement\":[{\"@type\":\"ListItem\",\"position\":1,\"name\":\"Portada\",\"item\":\"https:\/\/www.sonoraenequipo.com.mx\/\"},{\"@type\":\"ListItem\",\"position\":2,\"name\":\"Falla el\u00e9ctrica de CFE afecta operaci\u00f3n de pozos en captaci\u00f3n Calizas\"}]},{\"@type\":\"WebSite\",\"@id\":\"https:\/\/www.sonoraenequipo.com.mx\/#website\",\"url\":\"https:\/\/www.sonoraenequipo.com.mx\/\",\"name\":\"Sonora en Equipo.\",\"description\":\"Diario en l\u00ednea con Noticias desde Hermosillo, Sonora\",\"publisher\":{\"@id\":\"https:\/\/www.sonoraenequipo.com.mx\/#organization\"},\"potentialAction\":[{\"@type\":\"SearchAction\",\"target\":{\"@type\":\"EntryPoint\",\"urlTemplate\":\"https:\/\/www.sonoraenequipo.com.mx\/?s={search_term_string}\"},\"query-input\":{\"@type\":\"PropertyValueSpecification\",\"valueRequired\":true,\"valueName\":\"search_term_string\"}}],\"inLanguage\":\"es\"},{\"@type\":\"Organization\",\"@id\":\"https:\/\/www.sonoraenequipo.com.mx\/#organization\",\"name\":\"Sonoraenequipo.com.mx\",\"url\":\"https:\/\/www.sonoraenequipo.com.mx\/\",\"logo\":{\"@type\":\"ImageObject\",\"inLanguage\":\"es\",\"@id\":\"https:\/\/www.sonoraenequipo.com.mx\/#\/schema\/logo\/image\/\",\"url\":\"https:\/\/www.sonoraenequipo.com.mx\/storage\/2019\/01\/sonoraenequipo_opt.png\",\"contentUrl\":\"https:\/\/www.sonoraenequipo.com.mx\/storage\/2019\/01\/sonoraenequipo_opt.png\",\"width\":375,\"height\":125,\"caption\":\"Sonoraenequipo.com.mx\"},\"image\":{\"@id\":\"https:\/\/www.sonoraenequipo.com.mx\/#\/schema\/logo\/image\/\"},\"sameAs\":[\"https:\/\/www.facebook.com\/SonoraEE\/\",\"https:\/\/x.com\/sonoraenequipo\",\"https:\/\/www.youtube.com\/channel\/UC338nW-lPEYmJQs4ZABQ1SQ\"]},{\"@type\":\"Person\",\"@id\":\"https:\/\/www.sonoraenequipo.com.mx\/#\/schema\/person\/50102df0fb23a8fa9e8effad8fa81386\",\"name\":\"enequipo\",\"image\":{\"@type\":\"ImageObject\",\"inLanguage\":\"es\",\"@id\":\"https:\/\/www.sonoraenequipo.com.mx\/#\/schema\/person\/image\/\",\"url\":\"https:\/\/secure.gravatar.com\/avatar\/049821681b589dabc0bc20695993ccebb09f5b5d4d790cd9251b97faac7c652b?s=96&d=blank&r=g\",\"contentUrl\":\"https:\/\/secure.gravatar.com\/avatar\/049821681b589dabc0bc20695993ccebb09f5b5d4d790cd9251b97faac7c652b?s=96&d=blank&r=g\",\"caption\":\"enequipo\"},\"sameAs\":[\"https:\/\/www.facebook.com\/SonoraEE\"]}]}<\/script>\n ","yoast_head_json":{"title":"Sonora en Equipo. Falla el\u00e9ctrica de CFE afecta operaci\u00f3n de pozos en captaci\u00f3n Calizas Municipios","description":"HERMOSILLO, SONORA,MX.\u2500\u2500\u00a0 Por motivo de una falla el\u00e9ctrica ocasionada por el desprendimiento de cuchillas en infraestructura de la Comisi\u00f3n Federal de En Sonora en Equipo publicamos toda la informaci\u00f3n de Sonora, M\u00e9xico y el Mundo de manera oportuna y busca que la libertad de expresi\u00f3n sea real. Visita nuestro medio informativo publicado desde Hermosillo, Sonora. %","robots":{"index":"index","follow":"follow","max-snippet":"max-snippet:-1","max-image-preview":"max-image-preview:large","max-video-preview":"max-video-preview:-1"},"canonical":"https:\/\/www.sonoraenequipo.com.mx\/falla-electrica-de-cfe-afecta-operacion-de-pozos-en-captacion-calizas\/","og_locale":"es_ES","og_type":"article","og_title":"Sonora en Equipo. Falla el\u00e9ctrica de CFE afecta operaci\u00f3n de pozos en captaci\u00f3n Calizas Municipios","og_description":"HERMOSILLO, SONORA,MX.\u2500\u2500\u00a0 Por motivo de una falla el\u00e9ctrica ocasionada por el desprendimiento de cuchillas en infraestructura de la Comisi\u00f3n Federal de En Sonora en Equipo publicamos toda la informaci\u00f3n de Sonora, M\u00e9xico y el Mundo de manera oportuna y busca que la libertad de expresi\u00f3n sea real. Visita nuestro medio informativo publicado desde Hermosillo, Sonora. %","og_url":"https:\/\/www.sonoraenequipo.com.mx\/falla-electrica-de-cfe-afecta-operacion-de-pozos-en-captacion-calizas\/","og_site_name":"Sonora en Equipo.","article_publisher":"https:\/\/www.facebook.com\/SonoraEE\/","article_author":"https:\/\/www.facebook.com\/SonoraEE","article_published_time":"2021-06-09T01:22:31+00:00","og_image":[{"width":700,"height":400,"url":"https:\/\/www.sonoraenequipo.com.mx\/storage\/2021\/06\/calizas.jpg","type":"image\/jpeg"}],"author":"enequipo","twitter_card":"summary_large_image","twitter_creator":"@sonoraenequipo","twitter_site":"@sonoraenequipo","twitter_misc":{"Escrito por":"enequipo","Tiempo de lectura":"2 minutos"},"schema":{"@context":"https:\/\/schema.org","@graph":[{"@type":"Article","@id":"https:\/\/www.sonoraenequipo.com.mx\/falla-electrica-de-cfe-afecta-operacion-de-pozos-en-captacion-calizas\/#article","isPartOf":{"@id":"https:\/\/www.sonoraenequipo.com.mx\/falla-electrica-de-cfe-afecta-operacion-de-pozos-en-captacion-calizas\/"},"author":{"name":"enequipo","@id":"https:\/\/www.sonoraenequipo.com.mx\/#\/schema\/person\/50102df0fb23a8fa9e8effad8fa81386"},"headline":"Falla el\u00e9ctrica de CFE afecta operaci\u00f3n de pozos en captaci\u00f3n Calizas","datePublished":"2021-06-09T01:22:31+00:00","mainEntityOfPage":{"@id":"https:\/\/www.sonoraenequipo.com.mx\/falla-electrica-de-cfe-afecta-operacion-de-pozos-en-captacion-calizas\/"},"wordCount":335,"commentCount":0,"publisher":{"@id":"https:\/\/www.sonoraenequipo.com.mx\/#organization"},"image":{"@id":"https:\/\/www.sonoraenequipo.com.mx\/falla-electrica-de-cfe-afecta-operacion-de-pozos-en-captacion-calizas\/#primaryimage"},"thumbnailUrl":"https:\/\/www.sonoraenequipo.com.mx\/storage\/2021\/06\/calizas.jpg","keywords":["AGUAH DE HERMOSILLO"],"articleSection":["Municipios"],"inLanguage":"es","potentialAction":[{"@type":"CommentAction","name":"Comment","target":["https:\/\/www.sonoraenequipo.com.mx\/falla-electrica-de-cfe-afecta-operacion-de-pozos-en-captacion-calizas\/#respond"]}]},{"@type":"WebPage","@id":"https:\/\/www.sonoraenequipo.com.mx\/falla-electrica-de-cfe-afecta-operacion-de-pozos-en-captacion-calizas\/","url":"https:\/\/www.sonoraenequipo.com.mx\/falla-electrica-de-cfe-afecta-operacion-de-pozos-en-captacion-calizas\/","name":"Sonora en Equipo. Falla el\u00e9ctrica de CFE afecta operaci\u00f3n de pozos en captaci\u00f3n Calizas Municipios","isPartOf":{"@id":"https:\/\/www.sonoraenequipo.com.mx\/#website"},"primaryImageOfPage":{"@id":"https:\/\/www.sonoraenequipo.com.mx\/falla-electrica-de-cfe-afecta-operacion-de-pozos-en-captacion-calizas\/#primaryimage"},"image":{"@id":"https:\/\/www.sonoraenequipo.com.mx\/falla-electrica-de-cfe-afecta-operacion-de-pozos-en-captacion-calizas\/#primaryimage"},"thumbnailUrl":"https:\/\/www.sonoraenequipo.com.mx\/storage\/2021\/06\/calizas.jpg","datePublished":"2021-06-09T01:22:31+00:00","description":"HERMOSILLO, SONORA,MX.\u2500\u2500\u00a0 Por motivo de una falla el\u00e9ctrica ocasionada por el desprendimiento de cuchillas en infraestructura de la Comisi\u00f3n Federal de En Sonora en Equipo publicamos toda la informaci\u00f3n de Sonora, M\u00e9xico y el Mundo de manera oportuna y busca que la libertad de expresi\u00f3n sea real. Visita nuestro medio informativo publicado desde Hermosillo, Sonora. %","breadcrumb":{"@id":"https:\/\/www.sonoraenequipo.com.mx\/falla-electrica-de-cfe-afecta-operacion-de-pozos-en-captacion-calizas\/#breadcrumb"},"inLanguage":"es","potentialAction":[{"@type":"ReadAction","target":["https:\/\/www.sonoraenequipo.com.mx\/falla-electrica-de-cfe-afecta-operacion-de-pozos-en-captacion-calizas\/"]}]},{"@type":"ImageObject","inLanguage":"es","@id":"https:\/\/www.sonoraenequipo.com.mx\/falla-electrica-de-cfe-afecta-operacion-de-pozos-en-captacion-calizas\/#primaryimage","url":"https:\/\/www.sonoraenequipo.com.mx\/storage\/2021\/06\/calizas.jpg","contentUrl":"https:\/\/www.sonoraenequipo.com.mx\/storage\/2021\/06\/calizas.jpg","width":700,"height":400},{"@type":"BreadcrumbList","@id":"https:\/\/www.sonoraenequipo.com.mx\/falla-electrica-de-cfe-afecta-operacion-de-pozos-en-captacion-calizas\/#breadcrumb","itemListElement":[{"@type":"ListItem","position":1,"name":"Portada","item":"https:\/\/www.sonoraenequipo.com.mx\/"},{"@type":"ListItem","position":2,"name":"Falla el\u00e9ctrica de CFE afecta operaci\u00f3n de pozos en captaci\u00f3n Calizas"}]},{"@type":"WebSite","@id":"https:\/\/www.sonoraenequipo.com.mx\/#website","url":"https:\/\/www.sonoraenequipo.com.mx\/","name":"Sonora en Equipo.","description":"Diario en l\u00ednea con Noticias desde Hermosillo, Sonora","publisher":{"@id":"https:\/\/www.sonoraenequipo.com.mx\/#organization"},"potentialAction":[{"@type":"SearchAction","target":{"@type":"EntryPoint","urlTemplate":"https:\/\/www.sonoraenequipo.com.mx\/?s={search_term_string}"},"query-input":{"@type":"PropertyValueSpecification","valueRequired":true,"valueName":"search_term_string"}}],"inLanguage":"es"},{"@type":"Organization","@id":"https:\/\/www.sonoraenequipo.com.mx\/#organization","name":"Sonoraenequipo.com.mx","url":"https:\/\/www.sonoraenequipo.com.mx\/","logo":{"@type":"ImageObject","inLanguage":"es","@id":"https:\/\/www.sonoraenequipo.com.mx\/#\/schema\/logo\/image\/","url":"https:\/\/www.sonoraenequipo.com.mx\/storage\/2019\/01\/sonoraenequipo_opt.png","contentUrl":"https:\/\/www.sonoraenequipo.com.mx\/storage\/2019\/01\/sonoraenequipo_opt.png","width":375,"height":125,"caption":"Sonoraenequipo.com.mx"},"image":{"@id":"https:\/\/www.sonoraenequipo.com.mx\/#\/schema\/logo\/image\/"},"sameAs":["https:\/\/www.facebook.com\/SonoraEE\/","https:\/\/x.com\/sonoraenequipo","https:\/\/www.youtube.com\/channel\/UC338nW-lPEYmJQs4ZABQ1SQ"]},{"@type":"Person","@id":"https:\/\/www.sonoraenequipo.com.mx\/#\/schema\/person\/50102df0fb23a8fa9e8effad8fa81386","name":"enequipo","image":{"@type":"ImageObject","inLanguage":"es","@id":"https:\/\/www.sonoraenequipo.com.mx\/#\/schema\/person\/image\/","url":"https:\/\/secure.gravatar.com\/avatar\/049821681b589dabc0bc20695993ccebb09f5b5d4d790cd9251b97faac7c652b?s=96&d=blank&r=g","contentUrl":"https:\/\/secure.gravatar.com\/avatar\/049821681b589dabc0bc20695993ccebb09f5b5d4d790cd9251b97faac7c652b?s=96&d=blank&r=g","caption":"enequipo"},"sameAs":["https:\/\/www.facebook.com\/SonoraEE"]}]}},"jetpack_featured_media_url":"https:\/\/www.sonoraenequipo.com.mx\/storage\/2021\/06\/calizas.jpg","_links":{"self":[{"href":"https:\/\/www.sonoraenequipo.com.mx\/api\/wp\/v2\/posts\/115889","targetHints":{"allow":["GET"]}}],"collection":[{"href":"https:\/\/www.sonoraenequipo.com.mx\/api\/wp\/v2\/posts"}],"about":[{"href":"https:\/\/www.sonoraenequipo.com.mx\/api\/wp\/v2\/types\/post"}],"author":[{"embeddable":true,"href":"https:\/\/www.sonoraenequipo.com.mx\/api\/wp\/v2\/users\/1"}],"replies":[{"embeddable":true,"href":"https:\/\/www.sonoraenequipo.com.mx\/api\/wp\/v2\/comments?post=115889"}],"version-history":[{"count":1,"href":"https:\/\/www.sonoraenequipo.com.mx\/api\/wp\/v2\/posts\/115889\/revisions"}],"predecessor-version":[{"id":115891,"href":"https:\/\/www.sonoraenequipo.com.mx\/api\/wp\/v2\/posts\/115889\/revisions\/115891"}],"wp:featuredmedia":[{"embeddable":true,"href":"https:\/\/www.sonoraenequipo.com.mx\/api\/wp\/v2\/media\/115890"}],"wp:attachment":[{"href":"https:\/\/www.sonoraenequipo.com.mx\/api\/wp\/v2\/media?parent=115889"}],"wp:term":[{"taxonomy":"category","embeddable":true,"href":"https:\/\/www.sonoraenequipo.com.mx\/api\/wp\/v2\/categories?post=115889"},{"taxonomy":"post_tag","embeddable":true,"href":"https:\/\/www.sonoraenequipo.com.mx\/api\/wp\/v2\/tags?post=115889"}],"curies":[{"name":"wp","href":"https:\/\/api.w.org\/{rel}","templated":true}]}}