{"id":115892,"date":"2021-06-08T19:00:13","date_gmt":"2021-06-09T02:00:13","guid":{"rendered":"https:\/\/www.sonoraenequipo.com.mx\/?p=115892"},"modified":"2021-06-08T21:33:17","modified_gmt":"2021-06-09T04:33:17","slug":"llama-proteccion-civil-a-extremar-precauciones-por-altas-temperaturas-en-sonora","status":"publish","type":"post","link":"https:\/\/www.sonoraenequipo.com.mx\/llama-proteccion-civil-a-extremar-precauciones-por-altas-temperaturas-en-sonora\/","title":{"rendered":"Llama Protecci\u00f3n Civil a extremar precauciones por altas temperaturas en Sonora"},"content":{"rendered":"<p>HERMOSILLO, SONORA,MX.\u2500\u2500 Un llamado a la poblaci\u00f3n a extremar precauci\u00f3n por las altas temperaturas que se registran en la entidad realiz\u00f3 la Secretar\u00eda de Gobierno a trav\u00e9s de la Coordinaci\u00f3n Estatal de Protecci\u00f3n Civil (CEPC).<\/p>\n<p>&nbsp;<\/p>\n<p> <\/p>\n<p>&nbsp;<\/p>\n<p>La CEPC da a conocer que, de acuerdo con la informaci\u00f3n proporcionada por el Servicio Meteorol\u00f3gico Nacional de la Comisi\u00f3n Nacional del Agua, se pronostican temperaturas altas a extremas en Sonora durante los d\u00edas 9, 10, 11 y 12 de junio.<\/p>\n<p>&nbsp;<\/p>\n<p>Se espera que en la regi\u00f3n noroeste el mi\u00e9rcoles 9 se registren de 38 a 43 cent\u00edgrados, mientras que el jueves 10, de 39 a 44, viernes 11 de 38 a 44 y el s\u00e1bado 12 de 39 a 44.<\/p>\n<p>&nbsp;<\/p>\n<p>El pron\u00f3stico en la regi\u00f3n norte y noreste es de temperaturas de 36 a 40 cent\u00edgrados el mi\u00e9rcoles 9 y jueves 10, el viernes 11 de 37 a 41 y el s\u00e1bado de 36 a 40 cent\u00edgrados.<\/p>\n<p>&nbsp;<\/p>\n<p>Lo que corresponde a la regi\u00f3n central y costa se pronostica de 39 a 44 grados el mi\u00e9rcoles 9, el jueves 10 de 39 a 45, viernes 11 de 40 a 47, y 39 a 44 cent\u00edgrados el s\u00e1bado 12.<\/p>\n<p>&nbsp;<\/p>\n<p>En la regi\u00f3n sur de 38 a 45 cent\u00edgrados el mi\u00e9rcoles 9, de 39 a 45 los d\u00edas jueves 10 y viernes 11, y de 38 a 43 cent\u00edgrados el s\u00e1bado 12.<\/p>\n<p>&nbsp;<\/p>\n<p>As\u00ed tambi\u00e9n en la regi\u00f3n serrana de 36 a 38 cent\u00edgrados el mi\u00e9rcoles 9, de 36 a 40 el jueves 10, de 36 a 42 el viernes 11 y de 35 a 42 el s\u00e1bado 12.<\/p>\n<p>&nbsp;<\/p>\n<p>Ante el pron\u00f3stico de altas temperaturas, la CEPC recomienda atender las siguientes medidas:<\/p>\n<ul>\n<li>Evitar exponerse al sol entre las 11:00 y 15:00 horas.<\/li>\n<li>Realizar actividades al aire libre de preferencia durante las primeras horas del d\u00eda.<\/li>\n<li>Vestir ropa ligera, de colores claros, usar sombrero o sombrilla para protegerse del sol.<\/li>\n<li>Cubrir las ventanas que reciban luz del sol, colocando persianas, cortinas, peri\u00f3dicos, lo que permitir\u00e1 disminuir hasta en 80% el calor en el interior de la casa.<\/li>\n<li>Nunca permanecer, ni permitir que otros permanezcan, en un veh\u00edculo cerrado, sin ventilaci\u00f3n.<\/li>\n<\/ul>\n<p>&nbsp;<\/p>\n<p>Asimismo, para evitar riesgos de contraer enfermedades transmitidas por alimentos y agua contaminados, se recomienda:<\/p>\n<ul>\n<li>Lavado de manos antes de comer y despu\u00e9s de ir al ba\u00f1o.<\/li>\n<li>Consumir pescados y mariscos bien cocidos o fritos.<\/li>\n<li>Lavar y desinfectar las frutas y verduras que se consuman crudas<\/li>\n<li>Ingerir agua hervida, clorada o desinfectada.<\/li>\n<li>Evitar consumir alimentos de dudosa procedencia en v\u00eda p\u00fablica.<\/li>\n<li>Consumir los alimentos inmediatamente despu\u00e9s de su preparaci\u00f3n.<\/li>\n<li>No dejar los alimentos cocidos a temperatura ambiente por m\u00e1s de 2 horas.<\/li>\n<li>Refrigerar lo m\u00e1s pronto posible los alimentos cocinados y los perecederos, preferentemente bajo 5\u00b0C.<\/li>\n<li>No guardar comida mucho tiempo, aunque est\u00e9 en el refrigerador.<\/li>\n<li>Los alimentos infantiles deben consumirse en el momento y no guardarse.<\/li>\n<li>No descongelar los alimentos a temperatura ambiente.<\/li>\n<li>Aumentar el consumo de l\u00edquidos, evitar l\u00edquidos con cafe\u00edna, azucarados o bebidas alcoh\u00f3licas, ya que provocan p\u00e9rdida de l\u00edquidos corporales.<\/li>\n<\/ul>\n<p>&nbsp;<\/p>\n<p>La CEPC reitera que si se presenta sintomatolog\u00eda relacionada con deshidrataci\u00f3n como sed, boca seca, dolor de cabeza, piel seca y fr\u00eda, respiraci\u00f3n r\u00e1pida y mareo o aturdimiento, as\u00ed como cuadros diarreicos, se debe acudir de inmediato a la unidad de salud m\u00e1s cercana y, sobre todo, poner especial cuidado en ni\u00f1os menores de 5 a\u00f1os y adultos mayores, que representan la poblaci\u00f3n m\u00e1s susceptible de sufrir da\u00f1os a la salud asociados a altas temperaturas.<\/p>\n<p>Fecha de Publicaci\u00f3n\u00a0\u00a0 martes\u00a0 \/ 8\u00a0 \/ junio \/ 2021<\/p>\n<p>&nbsp;<\/p>\n","protected":false},"excerpt":{"rendered":"<p>HERMOSILLO, SONORA,MX.\u2500\u2500 Un llamado a la poblaci\u00f3n a extremar precauci\u00f3n por las altas temperaturas que&#8230;<\/p>\n","protected":false},"author":1,"featured_media":67030,"comment_status":"open","ping_status":"open","sticky":false,"template":"","format":"standard","meta":{"_monsterinsights_skip_tracking":false,"_monsterinsights_sitenote_active":false,"_monsterinsights_sitenote_note":"","_monsterinsights_sitenote_category":0,"footnotes":""},"categories":[22],"tags":[3209,15],"class_list":["post"],"yoast_head":" \n<title>Sonora en Equipo. Llama Protecci\u00f3n Civil a extremar precauciones por altas temperaturas en Sonora Sonora<\/title>\n<meta name=\"description\" content=\"HERMOSILLO, SONORA,MX.\u2500\u2500 Un llamado a la poblaci\u00f3n a extremar precauci\u00f3n por las altas temperaturas que se registran en la entidad realiz\u00f3 la Secretar\u00eda En Sonora en Equipo publicamos toda la informaci\u00f3n de Sonora, M\u00e9xico y el Mundo de manera oportuna y busca que la libertad de expresi\u00f3n sea real. Visita nuestro medio informativo publicado desde Hermosillo, Sonora. %\" \/>\n<meta name=\"robots\" content=\"index, follow, max-snippet:-1, max-image-preview:large, max-video-preview:-1\" \/>\n<link rel=\"canonical\" href=\"https:\/\/www.sonoraenequipo.com.mx\/llama-proteccion-civil-a-extremar-precauciones-por-altas-temperaturas-en-sonora\/\" \/>\n<meta property=\"og:locale\" content=\"es_ES\" \/>\n<meta property=\"og:type\" content=\"article\" \/>\n<meta property=\"og:title\" content=\"Sonora en Equipo. Llama Protecci\u00f3n Civil a extremar precauciones por altas temperaturas en Sonora Sonora\" \/>\n<meta property=\"og:description\" content=\"HERMOSILLO, SONORA,MX.\u2500\u2500 Un llamado a la poblaci\u00f3n a extremar precauci\u00f3n por las altas temperaturas que se registran en la entidad realiz\u00f3 la Secretar\u00eda En Sonora en Equipo publicamos toda la informaci\u00f3n de Sonora, M\u00e9xico y el Mundo de manera oportuna y busca que la libertad de expresi\u00f3n sea real. Visita nuestro medio informativo publicado desde Hermosillo, Sonora. %\" \/>\n<meta property=\"og:url\" content=\"https:\/\/www.sonoraenequipo.com.mx\/llama-proteccion-civil-a-extremar-precauciones-por-altas-temperaturas-en-sonora\/\" \/>\n<meta property=\"og:site_name\" content=\"Sonora en Equipo.\" \/>\n<meta property=\"article:publisher\" content=\"https:\/\/www.facebook.com\/SonoraEE\/\" \/>\n<meta property=\"article:author\" content=\"https:\/\/www.facebook.com\/SonoraEE\" \/>\n<meta property=\"article:published_time\" content=\"2021-06-09T02:00:13+00:00\" \/>\n<meta property=\"article:modified_time\" content=\"2021-06-09T04:33:17+00:00\" \/>\n<meta property=\"og:image\" content=\"https:\/\/www.sonoraenequipo.com.mx\/storage\/2019\/09\/LLUVIA-Y-CALOR.jpg\" \/>\n\t<meta property=\"og:image:width\" content=\"600\" \/>\n\t<meta property=\"og:image:height\" content=\"424\" \/>\n\t<meta property=\"og:image:type\" content=\"image\/jpeg\" \/>\n<meta name=\"author\" content=\"enequipo\" \/>\n<meta name=\"twitter:card\" content=\"summary_large_image\" \/>\n<meta name=\"twitter:creator\" content=\"@sonoraenequipo\" \/>\n<meta name=\"twitter:site\" content=\"@sonoraenequipo\" \/>\n<meta name=\"twitter:label1\" content=\"Escrito por\" \/>\n\t<meta name=\"twitter:data1\" content=\"enequipo\" \/>\n\t<meta name=\"twitter:label2\" content=\"Tiempo de lectura\" \/>\n\t<meta name=\"twitter:data2\" content=\"3 minutos\" \/>\n<script type=\"application\/ld+json\" class=\"yoast-schema-graph\">{\"@context\":\"https:\/\/schema.org\",\"@graph\":[{\"@type\":\"Article\",\"@id\":\"https:\/\/www.sonoraenequipo.com.mx\/llama-proteccion-civil-a-extremar-precauciones-por-altas-temperaturas-en-sonora\/#article\",\"isPartOf\":{\"@id\":\"https:\/\/www.sonoraenequipo.com.mx\/llama-proteccion-civil-a-extremar-precauciones-por-altas-temperaturas-en-sonora\/\"},\"author\":{\"name\":\"enequipo\",\"@id\":\"https:\/\/www.sonoraenequipo.com.mx\/#\/schema\/person\/50102df0fb23a8fa9e8effad8fa81386\"},\"headline\":\"Llama Protecci\u00f3n Civil a extremar precauciones por altas temperaturas en Sonora\",\"datePublished\":\"2021-06-09T02:00:13+00:00\",\"dateModified\":\"2021-06-09T04:33:17+00:00\",\"mainEntityOfPage\":{\"@id\":\"https:\/\/www.sonoraenequipo.com.mx\/llama-proteccion-civil-a-extremar-precauciones-por-altas-temperaturas-en-sonora\/\"},\"wordCount\":601,\"commentCount\":0,\"publisher\":{\"@id\":\"https:\/\/www.sonoraenequipo.com.mx\/#organization\"},\"image\":{\"@id\":\"https:\/\/www.sonoraenequipo.com.mx\/llama-proteccion-civil-a-extremar-precauciones-por-altas-temperaturas-en-sonora\/#primaryimage\"},\"thumbnailUrl\":\"https:\/\/www.sonoraenequipo.com.mx\/storage\/2019\/09\/LLUVIA-Y-CALOR.jpg\",\"keywords\":[\"calor\",\"Sonora\"],\"articleSection\":[\"Sonora\"],\"inLanguage\":\"es\",\"potentialAction\":[{\"@type\":\"CommentAction\",\"name\":\"Comment\",\"target\":[\"https:\/\/www.sonoraenequipo.com.mx\/llama-proteccion-civil-a-extremar-precauciones-por-altas-temperaturas-en-sonora\/#respond\"]}]},{\"@type\":\"WebPage\",\"@id\":\"https:\/\/www.sonoraenequipo.com.mx\/llama-proteccion-civil-a-extremar-precauciones-por-altas-temperaturas-en-sonora\/\",\"url\":\"https:\/\/www.sonoraenequipo.com.mx\/llama-proteccion-civil-a-extremar-precauciones-por-altas-temperaturas-en-sonora\/\",\"name\":\"Sonora en Equipo. Llama Protecci\u00f3n Civil a extremar precauciones por altas temperaturas en Sonora Sonora\",\"isPartOf\":{\"@id\":\"https:\/\/www.sonoraenequipo.com.mx\/#website\"},\"primaryImageOfPage\":{\"@id\":\"https:\/\/www.sonoraenequipo.com.mx\/llama-proteccion-civil-a-extremar-precauciones-por-altas-temperaturas-en-sonora\/#primaryimage\"},\"image\":{\"@id\":\"https:\/\/www.sonoraenequipo.com.mx\/llama-proteccion-civil-a-extremar-precauciones-por-altas-temperaturas-en-sonora\/#primaryimage\"},\"thumbnailUrl\":\"https:\/\/www.sonoraenequipo.com.mx\/storage\/2019\/09\/LLUVIA-Y-CALOR.jpg\",\"datePublished\":\"2021-06-09T02:00:13+00:00\",\"dateModified\":\"2021-06-09T04:33:17+00:00\",\"description\":\"HERMOSILLO, SONORA,MX.\u2500\u2500 Un llamado a la poblaci\u00f3n a extremar precauci\u00f3n por las altas temperaturas que se registran en la entidad realiz\u00f3 la Secretar\u00eda En Sonora en Equipo publicamos toda la informaci\u00f3n de Sonora, M\u00e9xico y el Mundo de manera oportuna y busca que la libertad de expresi\u00f3n sea real. Visita nuestro medio informativo publicado desde Hermosillo, Sonora. %\",\"breadcrumb\":{\"@id\":\"https:\/\/www.sonoraenequipo.com.mx\/llama-proteccion-civil-a-extremar-precauciones-por-altas-temperaturas-en-sonora\/#breadcrumb\"},\"inLanguage\":\"es\",\"potentialAction\":[{\"@type\":\"ReadAction\",\"target\":[\"https:\/\/www.sonoraenequipo.com.mx\/llama-proteccion-civil-a-extremar-precauciones-por-altas-temperaturas-en-sonora\/\"]}]},{\"@type\":\"ImageObject\",\"inLanguage\":\"es\",\"@id\":\"https:\/\/www.sonoraenequipo.com.mx\/llama-proteccion-civil-a-extremar-precauciones-por-altas-temperaturas-en-sonora\/#primaryimage\",\"url\":\"https:\/\/www.sonoraenequipo.com.mx\/storage\/2019\/09\/LLUVIA-Y-CALOR.jpg\",\"contentUrl\":\"https:\/\/www.sonoraenequipo.com.mx\/storage\/2019\/09\/LLUVIA-Y-CALOR.jpg\",\"width\":600,\"height\":424},{\"@type\":\"BreadcrumbList\",\"@id\":\"https:\/\/www.sonoraenequipo.com.mx\/llama-proteccion-civil-a-extremar-precauciones-por-altas-temperaturas-en-sonora\/#breadcrumb\",\"itemListElement\":[{\"@type\":\"ListItem\",\"position\":1,\"name\":\"Portada\",\"item\":\"https:\/\/www.sonoraenequipo.com.mx\/\"},{\"@type\":\"ListItem\",\"position\":2,\"name\":\"Llama Protecci\u00f3n Civil a extremar precauciones por altas temperaturas en Sonora\"}]},{\"@type\":\"WebSite\",\"@id\":\"https:\/\/www.sonoraenequipo.com.mx\/#website\",\"url\":\"https:\/\/www.sonoraenequipo.com.mx\/\",\"name\":\"Sonora en Equipo.\",\"description\":\"Diario en l\u00ednea con Noticias desde Hermosillo, Sonora\",\"publisher\":{\"@id\":\"https:\/\/www.sonoraenequipo.com.mx\/#organization\"},\"potentialAction\":[{\"@type\":\"SearchAction\",\"target\":{\"@type\":\"EntryPoint\",\"urlTemplate\":\"https:\/\/www.sonoraenequipo.com.mx\/?s={search_term_string}\"},\"query-input\":{\"@type\":\"PropertyValueSpecification\",\"valueRequired\":true,\"valueName\":\"search_term_string\"}}],\"inLanguage\":\"es\"},{\"@type\":\"Organization\",\"@id\":\"https:\/\/www.sonoraenequipo.com.mx\/#organization\",\"name\":\"Sonoraenequipo.com.mx\",\"url\":\"https:\/\/www.sonoraenequipo.com.mx\/\",\"logo\":{\"@type\":\"ImageObject\",\"inLanguage\":\"es\",\"@id\":\"https:\/\/www.sonoraenequipo.com.mx\/#\/schema\/logo\/image\/\",\"url\":\"https:\/\/www.sonoraenequipo.com.mx\/storage\/2019\/01\/sonoraenequipo_opt.png\",\"contentUrl\":\"https:\/\/www.sonoraenequipo.com.mx\/storage\/2019\/01\/sonoraenequipo_opt.png\",\"width\":375,\"height\":125,\"caption\":\"Sonoraenequipo.com.mx\"},\"image\":{\"@id\":\"https:\/\/www.sonoraenequipo.com.mx\/#\/schema\/logo\/image\/\"},\"sameAs\":[\"https:\/\/www.facebook.com\/SonoraEE\/\",\"https:\/\/x.com\/sonoraenequipo\",\"https:\/\/www.youtube.com\/channel\/UC338nW-lPEYmJQs4ZABQ1SQ\"]},{\"@type\":\"Person\",\"@id\":\"https:\/\/www.sonoraenequipo.com.mx\/#\/schema\/person\/50102df0fb23a8fa9e8effad8fa81386\",\"name\":\"enequipo\",\"image\":{\"@type\":\"ImageObject\",\"inLanguage\":\"es\",\"@id\":\"https:\/\/www.sonoraenequipo.com.mx\/#\/schema\/person\/image\/\",\"url\":\"https:\/\/secure.gravatar.com\/avatar\/049821681b589dabc0bc20695993ccebb09f5b5d4d790cd9251b97faac7c652b?s=96&d=blank&r=g\",\"contentUrl\":\"https:\/\/secure.gravatar.com\/avatar\/049821681b589dabc0bc20695993ccebb09f5b5d4d790cd9251b97faac7c652b?s=96&d=blank&r=g\",\"caption\":\"enequipo\"},\"sameAs\":[\"https:\/\/www.facebook.com\/SonoraEE\"]}]}<\/script>\n ","yoast_head_json":{"title":"Sonora en Equipo. Llama Protecci\u00f3n Civil a extremar precauciones por altas temperaturas en Sonora Sonora","description":"HERMOSILLO, SONORA,MX.\u2500\u2500 Un llamado a la poblaci\u00f3n a extremar precauci\u00f3n por las altas temperaturas que se registran en la entidad realiz\u00f3 la Secretar\u00eda En Sonora en Equipo publicamos toda la informaci\u00f3n de Sonora, M\u00e9xico y el Mundo de manera oportuna y busca que la libertad de expresi\u00f3n sea real. Visita nuestro medio informativo publicado desde Hermosillo, Sonora. %","robots":{"index":"index","follow":"follow","max-snippet":"max-snippet:-1","max-image-preview":"max-image-preview:large","max-video-preview":"max-video-preview:-1"},"canonical":"https:\/\/www.sonoraenequipo.com.mx\/llama-proteccion-civil-a-extremar-precauciones-por-altas-temperaturas-en-sonora\/","og_locale":"es_ES","og_type":"article","og_title":"Sonora en Equipo. Llama Protecci\u00f3n Civil a extremar precauciones por altas temperaturas en Sonora Sonora","og_description":"HERMOSILLO, SONORA,MX.\u2500\u2500 Un llamado a la poblaci\u00f3n a extremar precauci\u00f3n por las altas temperaturas que se registran en la entidad realiz\u00f3 la Secretar\u00eda En Sonora en Equipo publicamos toda la informaci\u00f3n de Sonora, M\u00e9xico y el Mundo de manera oportuna y busca que la libertad de expresi\u00f3n sea real. Visita nuestro medio informativo publicado desde Hermosillo, Sonora. %","og_url":"https:\/\/www.sonoraenequipo.com.mx\/llama-proteccion-civil-a-extremar-precauciones-por-altas-temperaturas-en-sonora\/","og_site_name":"Sonora en Equipo.","article_publisher":"https:\/\/www.facebook.com\/SonoraEE\/","article_author":"https:\/\/www.facebook.com\/SonoraEE","article_published_time":"2021-06-09T02:00:13+00:00","article_modified_time":"2021-06-09T04:33:17+00:00","og_image":[{"width":600,"height":424,"url":"https:\/\/www.sonoraenequipo.com.mx\/storage\/2019\/09\/LLUVIA-Y-CALOR.jpg","type":"image\/jpeg"}],"author":"enequipo","twitter_card":"summary_large_image","twitter_creator":"@sonoraenequipo","twitter_site":"@sonoraenequipo","twitter_misc":{"Escrito por":"enequipo","Tiempo de lectura":"3 minutos"},"schema":{"@context":"https:\/\/schema.org","@graph":[{"@type":"Article","@id":"https:\/\/www.sonoraenequipo.com.mx\/llama-proteccion-civil-a-extremar-precauciones-por-altas-temperaturas-en-sonora\/#article","isPartOf":{"@id":"https:\/\/www.sonoraenequipo.com.mx\/llama-proteccion-civil-a-extremar-precauciones-por-altas-temperaturas-en-sonora\/"},"author":{"name":"enequipo","@id":"https:\/\/www.sonoraenequipo.com.mx\/#\/schema\/person\/50102df0fb23a8fa9e8effad8fa81386"},"headline":"Llama Protecci\u00f3n Civil a extremar precauciones por altas temperaturas en Sonora","datePublished":"2021-06-09T02:00:13+00:00","dateModified":"2021-06-09T04:33:17+00:00","mainEntityOfPage":{"@id":"https:\/\/www.sonoraenequipo.com.mx\/llama-proteccion-civil-a-extremar-precauciones-por-altas-temperaturas-en-sonora\/"},"wordCount":601,"commentCount":0,"publisher":{"@id":"https:\/\/www.sonoraenequipo.com.mx\/#organization"},"image":{"@id":"https:\/\/www.sonoraenequipo.com.mx\/llama-proteccion-civil-a-extremar-precauciones-por-altas-temperaturas-en-sonora\/#primaryimage"},"thumbnailUrl":"https:\/\/www.sonoraenequipo.com.mx\/storage\/2019\/09\/LLUVIA-Y-CALOR.jpg","keywords":["calor","Sonora"],"articleSection":["Sonora"],"inLanguage":"es","potentialAction":[{"@type":"CommentAction","name":"Comment","target":["https:\/\/www.sonoraenequipo.com.mx\/llama-proteccion-civil-a-extremar-precauciones-por-altas-temperaturas-en-sonora\/#respond"]}]},{"@type":"WebPage","@id":"https:\/\/www.sonoraenequipo.com.mx\/llama-proteccion-civil-a-extremar-precauciones-por-altas-temperaturas-en-sonora\/","url":"https:\/\/www.sonoraenequipo.com.mx\/llama-proteccion-civil-a-extremar-precauciones-por-altas-temperaturas-en-sonora\/","name":"Sonora en Equipo. Llama Protecci\u00f3n Civil a extremar precauciones por altas temperaturas en Sonora Sonora","isPartOf":{"@id":"https:\/\/www.sonoraenequipo.com.mx\/#website"},"primaryImageOfPage":{"@id":"https:\/\/www.sonoraenequipo.com.mx\/llama-proteccion-civil-a-extremar-precauciones-por-altas-temperaturas-en-sonora\/#primaryimage"},"image":{"@id":"https:\/\/www.sonoraenequipo.com.mx\/llama-proteccion-civil-a-extremar-precauciones-por-altas-temperaturas-en-sonora\/#primaryimage"},"thumbnailUrl":"https:\/\/www.sonoraenequipo.com.mx\/storage\/2019\/09\/LLUVIA-Y-CALOR.jpg","datePublished":"2021-06-09T02:00:13+00:00","dateModified":"2021-06-09T04:33:17+00:00","description":"HERMOSILLO, SONORA,MX.\u2500\u2500 Un llamado a la poblaci\u00f3n a extremar precauci\u00f3n por las altas temperaturas que se registran en la entidad realiz\u00f3 la Secretar\u00eda En Sonora en Equipo publicamos toda la informaci\u00f3n de Sonora, M\u00e9xico y el Mundo de manera oportuna y busca que la libertad de expresi\u00f3n sea real. Visita nuestro medio informativo publicado desde Hermosillo, Sonora. %","breadcrumb":{"@id":"https:\/\/www.sonoraenequipo.com.mx\/llama-proteccion-civil-a-extremar-precauciones-por-altas-temperaturas-en-sonora\/#breadcrumb"},"inLanguage":"es","potentialAction":[{"@type":"ReadAction","target":["https:\/\/www.sonoraenequipo.com.mx\/llama-proteccion-civil-a-extremar-precauciones-por-altas-temperaturas-en-sonora\/"]}]},{"@type":"ImageObject","inLanguage":"es","@id":"https:\/\/www.sonoraenequipo.com.mx\/llama-proteccion-civil-a-extremar-precauciones-por-altas-temperaturas-en-sonora\/#primaryimage","url":"https:\/\/www.sonoraenequipo.com.mx\/storage\/2019\/09\/LLUVIA-Y-CALOR.jpg","contentUrl":"https:\/\/www.sonoraenequipo.com.mx\/storage\/2019\/09\/LLUVIA-Y-CALOR.jpg","width":600,"height":424},{"@type":"BreadcrumbList","@id":"https:\/\/www.sonoraenequipo.com.mx\/llama-proteccion-civil-a-extremar-precauciones-por-altas-temperaturas-en-sonora\/#breadcrumb","itemListElement":[{"@type":"ListItem","position":1,"name":"Portada","item":"https:\/\/www.sonoraenequipo.com.mx\/"},{"@type":"ListItem","position":2,"name":"Llama Protecci\u00f3n Civil a extremar precauciones por altas temperaturas en Sonora"}]},{"@type":"WebSite","@id":"https:\/\/www.sonoraenequipo.com.mx\/#website","url":"https:\/\/www.sonoraenequipo.com.mx\/","name":"Sonora en Equipo.","description":"Diario en l\u00ednea con Noticias desde Hermosillo, Sonora","publisher":{"@id":"https:\/\/www.sonoraenequipo.com.mx\/#organization"},"potentialAction":[{"@type":"SearchAction","target":{"@type":"EntryPoint","urlTemplate":"https:\/\/www.sonoraenequipo.com.mx\/?s={search_term_string}"},"query-input":{"@type":"PropertyValueSpecification","valueRequired":true,"valueName":"search_term_string"}}],"inLanguage":"es"},{"@type":"Organization","@id":"https:\/\/www.sonoraenequipo.com.mx\/#organization","name":"Sonoraenequipo.com.mx","url":"https:\/\/www.sonoraenequipo.com.mx\/","logo":{"@type":"ImageObject","inLanguage":"es","@id":"https:\/\/www.sonoraenequipo.com.mx\/#\/schema\/logo\/image\/","url":"https:\/\/www.sonoraenequipo.com.mx\/storage\/2019\/01\/sonoraenequipo_opt.png","contentUrl":"https:\/\/www.sonoraenequipo.com.mx\/storage\/2019\/01\/sonoraenequipo_opt.png","width":375,"height":125,"caption":"Sonoraenequipo.com.mx"},"image":{"@id":"https:\/\/www.sonoraenequipo.com.mx\/#\/schema\/logo\/image\/"},"sameAs":["https:\/\/www.facebook.com\/SonoraEE\/","https:\/\/x.com\/sonoraenequipo","https:\/\/www.youtube.com\/channel\/UC338nW-lPEYmJQs4ZABQ1SQ"]},{"@type":"Person","@id":"https:\/\/www.sonoraenequipo.com.mx\/#\/schema\/person\/50102df0fb23a8fa9e8effad8fa81386","name":"enequipo","image":{"@type":"ImageObject","inLanguage":"es","@id":"https:\/\/www.sonoraenequipo.com.mx\/#\/schema\/person\/image\/","url":"https:\/\/secure.gravatar.com\/avatar\/049821681b589dabc0bc20695993ccebb09f5b5d4d790cd9251b97faac7c652b?s=96&d=blank&r=g","contentUrl":"https:\/\/secure.gravatar.com\/avatar\/049821681b589dabc0bc20695993ccebb09f5b5d4d790cd9251b97faac7c652b?s=96&d=blank&r=g","caption":"enequipo"},"sameAs":["https:\/\/www.facebook.com\/SonoraEE"]}]}},"jetpack_featured_media_url":"https:\/\/www.sonoraenequipo.com.mx\/storage\/2019\/09\/LLUVIA-Y-CALOR.jpg","_links":{"self":[{"href":"https:\/\/www.sonoraenequipo.com.mx\/api\/wp\/v2\/posts\/115892","targetHints":{"allow":["GET"]}}],"collection":[{"href":"https:\/\/www.sonoraenequipo.com.mx\/api\/wp\/v2\/posts"}],"about":[{"href":"https:\/\/www.sonoraenequipo.com.mx\/api\/wp\/v2\/types\/post"}],"author":[{"embeddable":true,"href":"https:\/\/www.sonoraenequipo.com.mx\/api\/wp\/v2\/users\/1"}],"replies":[{"embeddable":true,"href":"https:\/\/www.sonoraenequipo.com.mx\/api\/wp\/v2\/comments?post=115892"}],"version-history":[{"count":3,"href":"https:\/\/www.sonoraenequipo.com.mx\/api\/wp\/v2\/posts\/115892\/revisions"}],"predecessor-version":[{"id":115918,"href":"https:\/\/www.sonoraenequipo.com.mx\/api\/wp\/v2\/posts\/115892\/revisions\/115918"}],"wp:featuredmedia":[{"embeddable":true,"href":"https:\/\/www.sonoraenequipo.com.mx\/api\/wp\/v2\/media\/67030"}],"wp:attachment":[{"href":"https:\/\/www.sonoraenequipo.com.mx\/api\/wp\/v2\/media?parent=115892"}],"wp:term":[{"taxonomy":"category","embeddable":true,"href":"https:\/\/www.sonoraenequipo.com.mx\/api\/wp\/v2\/categories?post=115892"},{"taxonomy":"post_tag","embeddable":true,"href":"https:\/\/www.sonoraenequipo.com.mx\/api\/wp\/v2\/tags?post=115892"}],"curies":[{"name":"wp","href":"https:\/\/api.w.org\/{rel}","templated":true}]}}