{"id":115906,"date":"2021-06-08T16:22:02","date_gmt":"2021-06-08T23:22:02","guid":{"rendered":"https:\/\/www.sonoraenequipo.com.mx\/?p=115906"},"modified":"2021-06-08T20:44:24","modified_gmt":"2021-06-09T03:44:24","slug":"sentencian-a-5-anos-de-prision-a-expolicia-que-torturo-a-lydia-cacho","status":"publish","type":"post","link":"https:\/\/www.sonoraenequipo.com.mx\/sentencian-a-5-anos-de-prision-a-expolicia-que-torturo-a-lydia-cacho\/","title":{"rendered":"Sentencian a 5 a\u00f1os de prisi\u00f3n a expolic\u00eda que tortur\u00f3 a Lydia Cacho"},"content":{"rendered":"<p>CANC\u00daN, QUINTANA ROO. MX. \u2014 Un juez federal con sede en Quintana Roo, sentenci\u00f3 a cinco a\u00f1os de prisi\u00f3n al ex agente de polic\u00eda Miguel Mora Olvera, tras ser declarado culpable de haber cometido actos de tortura en contra de la periodista Lydia Cacho.<\/p>\n<p>&nbsp;<\/p>\n<p> <\/p>\n<p>&nbsp;<\/p>\n<p>Esta condena forma parte de las acciones de consignaci\u00f3n y actuaciones presentadas ante el Juez Segundo de Distrito en Quintana Roo, por la Fiscal\u00eda Especial para la Atenci\u00f3n de Delitos cometidos contra la Libertad de Expresi\u00f3n (Feadle), en las que otros ex servidores p\u00fablicos ya han sido condenados o se encuentran sujetos a proceso penal.<\/p>\n<p>&nbsp;<\/p>\n<p>&nbsp;<\/p>\n<p>(Publicada el 08\/06\/2021)<\/p>\n","protected":false},"excerpt":{"rendered":"<p>CANC\u00daN, QUINTANA ROO. MX. \u2014 Un juez federal con sede en Quintana Roo, sentenci\u00f3 a&#8230;<\/p>\n","protected":false},"author":1,"featured_media":115873,"comment_status":"open","ping_status":"open","sticky":false,"template":"","format":"standard","meta":{"_monsterinsights_skip_tracking":false,"_monsterinsights_sitenote_active":false,"_monsterinsights_sitenote_note":"","_monsterinsights_sitenote_category":0,"footnotes":""},"categories":[5],"tags":[],"class_list":["post"],"yoast_head":" \n<title>Sonora en Equipo. Sentencian a 5 a\u00f1os de prisi\u00f3n a expolic\u00eda que tortur\u00f3 a Lydia Cacho Rep\u00fablica<\/title>\n<meta name=\"description\" content=\"CANC\u00daN, QUINTANA ROO. MX. \u2014 Un juez federal con sede en Quintana Roo, sentenci\u00f3 a cinco a\u00f1os de prisi\u00f3n al ex agente de polic\u00eda Miguel Mora Olvera, tras En Sonora en Equipo publicamos toda la informaci\u00f3n de Sonora, M\u00e9xico y el Mundo de manera oportuna y busca que la libertad de expresi\u00f3n sea real. Visita nuestro medio informativo publicado desde Hermosillo, Sonora. %\" \/>\n<meta name=\"robots\" content=\"index, follow, max-snippet:-1, max-image-preview:large, max-video-preview:-1\" \/>\n<link rel=\"canonical\" href=\"https:\/\/www.sonoraenequipo.com.mx\/sentencian-a-5-anos-de-prision-a-expolicia-que-torturo-a-lydia-cacho\/\" \/>\n<meta property=\"og:locale\" content=\"es_ES\" \/>\n<meta property=\"og:type\" content=\"article\" \/>\n<meta property=\"og:title\" content=\"Sonora en Equipo. Sentencian a 5 a\u00f1os de prisi\u00f3n a expolic\u00eda que tortur\u00f3 a Lydia Cacho Rep\u00fablica\" \/>\n<meta property=\"og:description\" content=\"CANC\u00daN, QUINTANA ROO. MX. \u2014 Un juez federal con sede en Quintana Roo, sentenci\u00f3 a cinco a\u00f1os de prisi\u00f3n al ex agente de polic\u00eda Miguel Mora Olvera, tras En Sonora en Equipo publicamos toda la informaci\u00f3n de Sonora, M\u00e9xico y el Mundo de manera oportuna y busca que la libertad de expresi\u00f3n sea real. Visita nuestro medio informativo publicado desde Hermosillo, Sonora. %\" \/>\n<meta property=\"og:url\" content=\"https:\/\/www.sonoraenequipo.com.mx\/sentencian-a-5-anos-de-prision-a-expolicia-que-torturo-a-lydia-cacho\/\" \/>\n<meta property=\"og:site_name\" content=\"Sonora en Equipo.\" \/>\n<meta property=\"article:publisher\" content=\"https:\/\/www.facebook.com\/SonoraEE\/\" \/>\n<meta property=\"article:author\" content=\"https:\/\/www.facebook.com\/SonoraEE\" \/>\n<meta property=\"article:published_time\" content=\"2021-06-08T23:22:02+00:00\" \/>\n<meta property=\"article:modified_time\" content=\"2021-06-09T03:44:24+00:00\" \/>\n<meta property=\"og:image\" content=\"https:\/\/www.sonoraenequipo.com.mx\/storage\/2021\/06\/lidia-cacho_opt.jpg\" \/>\n\t<meta property=\"og:image:width\" content=\"700\" \/>\n\t<meta property=\"og:image:height\" content=\"400\" \/>\n\t<meta property=\"og:image:type\" content=\"image\/jpeg\" \/>\n<meta name=\"author\" content=\"enequipo\" \/>\n<meta name=\"twitter:card\" content=\"summary_large_image\" \/>\n<meta name=\"twitter:creator\" content=\"@sonoraenequipo\" \/>\n<meta name=\"twitter:site\" content=\"@sonoraenequipo\" \/>\n<meta name=\"twitter:label1\" content=\"Escrito por\" \/>\n\t<meta name=\"twitter:data1\" content=\"enequipo\" \/>\n\t<meta name=\"twitter:label2\" content=\"Tiempo de lectura\" \/>\n\t<meta name=\"twitter:data2\" content=\"1 minuto\" \/>\n<script type=\"application\/ld+json\" class=\"yoast-schema-graph\">{\"@context\":\"https:\/\/schema.org\",\"@graph\":[{\"@type\":\"Article\",\"@id\":\"https:\/\/www.sonoraenequipo.com.mx\/sentencian-a-5-anos-de-prision-a-expolicia-que-torturo-a-lydia-cacho\/#article\",\"isPartOf\":{\"@id\":\"https:\/\/www.sonoraenequipo.com.mx\/sentencian-a-5-anos-de-prision-a-expolicia-que-torturo-a-lydia-cacho\/\"},\"author\":{\"name\":\"enequipo\",\"@id\":\"https:\/\/www.sonoraenequipo.com.mx\/#\/schema\/person\/50102df0fb23a8fa9e8effad8fa81386\"},\"headline\":\"Sentencian a 5 a\u00f1os de prisi\u00f3n a expolic\u00eda que tortur\u00f3 a Lydia Cacho\",\"datePublished\":\"2021-06-08T23:22:02+00:00\",\"dateModified\":\"2021-06-09T03:44:24+00:00\",\"mainEntityOfPage\":{\"@id\":\"https:\/\/www.sonoraenequipo.com.mx\/sentencian-a-5-anos-de-prision-a-expolicia-que-torturo-a-lydia-cacho\/\"},\"wordCount\":128,\"commentCount\":0,\"publisher\":{\"@id\":\"https:\/\/www.sonoraenequipo.com.mx\/#organization\"},\"image\":{\"@id\":\"https:\/\/www.sonoraenequipo.com.mx\/sentencian-a-5-anos-de-prision-a-expolicia-que-torturo-a-lydia-cacho\/#primaryimage\"},\"thumbnailUrl\":\"https:\/\/www.sonoraenequipo.com.mx\/storage\/2021\/06\/lidia-cacho_opt.jpg\",\"articleSection\":[\"Rep\u00fablica\"],\"inLanguage\":\"es\",\"potentialAction\":[{\"@type\":\"CommentAction\",\"name\":\"Comment\",\"target\":[\"https:\/\/www.sonoraenequipo.com.mx\/sentencian-a-5-anos-de-prision-a-expolicia-que-torturo-a-lydia-cacho\/#respond\"]}]},{\"@type\":\"WebPage\",\"@id\":\"https:\/\/www.sonoraenequipo.com.mx\/sentencian-a-5-anos-de-prision-a-expolicia-que-torturo-a-lydia-cacho\/\",\"url\":\"https:\/\/www.sonoraenequipo.com.mx\/sentencian-a-5-anos-de-prision-a-expolicia-que-torturo-a-lydia-cacho\/\",\"name\":\"Sonora en Equipo. Sentencian a 5 a\u00f1os de prisi\u00f3n a expolic\u00eda que tortur\u00f3 a Lydia Cacho Rep\u00fablica\",\"isPartOf\":{\"@id\":\"https:\/\/www.sonoraenequipo.com.mx\/#website\"},\"primaryImageOfPage\":{\"@id\":\"https:\/\/www.sonoraenequipo.com.mx\/sentencian-a-5-anos-de-prision-a-expolicia-que-torturo-a-lydia-cacho\/#primaryimage\"},\"image\":{\"@id\":\"https:\/\/www.sonoraenequipo.com.mx\/sentencian-a-5-anos-de-prision-a-expolicia-que-torturo-a-lydia-cacho\/#primaryimage\"},\"thumbnailUrl\":\"https:\/\/www.sonoraenequipo.com.mx\/storage\/2021\/06\/lidia-cacho_opt.jpg\",\"datePublished\":\"2021-06-08T23:22:02+00:00\",\"dateModified\":\"2021-06-09T03:44:24+00:00\",\"description\":\"CANC\u00daN, QUINTANA ROO. MX. \u2014 Un juez federal con sede en Quintana Roo, sentenci\u00f3 a cinco a\u00f1os de prisi\u00f3n al ex agente de polic\u00eda Miguel Mora Olvera, tras En Sonora en Equipo publicamos toda la informaci\u00f3n de Sonora, M\u00e9xico y el Mundo de manera oportuna y busca que la libertad de expresi\u00f3n sea real. Visita nuestro medio informativo publicado desde Hermosillo, Sonora. %\",\"breadcrumb\":{\"@id\":\"https:\/\/www.sonoraenequipo.com.mx\/sentencian-a-5-anos-de-prision-a-expolicia-que-torturo-a-lydia-cacho\/#breadcrumb\"},\"inLanguage\":\"es\",\"potentialAction\":[{\"@type\":\"ReadAction\",\"target\":[\"https:\/\/www.sonoraenequipo.com.mx\/sentencian-a-5-anos-de-prision-a-expolicia-que-torturo-a-lydia-cacho\/\"]}]},{\"@type\":\"ImageObject\",\"inLanguage\":\"es\",\"@id\":\"https:\/\/www.sonoraenequipo.com.mx\/sentencian-a-5-anos-de-prision-a-expolicia-que-torturo-a-lydia-cacho\/#primaryimage\",\"url\":\"https:\/\/www.sonoraenequipo.com.mx\/storage\/2021\/06\/lidia-cacho_opt.jpg\",\"contentUrl\":\"https:\/\/www.sonoraenequipo.com.mx\/storage\/2021\/06\/lidia-cacho_opt.jpg\",\"width\":700,\"height\":400},{\"@type\":\"BreadcrumbList\",\"@id\":\"https:\/\/www.sonoraenequipo.com.mx\/sentencian-a-5-anos-de-prision-a-expolicia-que-torturo-a-lydia-cacho\/#breadcrumb\",\"itemListElement\":[{\"@type\":\"ListItem\",\"position\":1,\"name\":\"Portada\",\"item\":\"https:\/\/www.sonoraenequipo.com.mx\/\"},{\"@type\":\"ListItem\",\"position\":2,\"name\":\"Sentencian a 5 a\u00f1os de prisi\u00f3n a expolic\u00eda que tortur\u00f3 a Lydia Cacho\"}]},{\"@type\":\"WebSite\",\"@id\":\"https:\/\/www.sonoraenequipo.com.mx\/#website\",\"url\":\"https:\/\/www.sonoraenequipo.com.mx\/\",\"name\":\"Sonora en Equipo.\",\"description\":\"Diario en l\u00ednea con Noticias desde Hermosillo, Sonora\",\"publisher\":{\"@id\":\"https:\/\/www.sonoraenequipo.com.mx\/#organization\"},\"potentialAction\":[{\"@type\":\"SearchAction\",\"target\":{\"@type\":\"EntryPoint\",\"urlTemplate\":\"https:\/\/www.sonoraenequipo.com.mx\/?s={search_term_string}\"},\"query-input\":{\"@type\":\"PropertyValueSpecification\",\"valueRequired\":true,\"valueName\":\"search_term_string\"}}],\"inLanguage\":\"es\"},{\"@type\":\"Organization\",\"@id\":\"https:\/\/www.sonoraenequipo.com.mx\/#organization\",\"name\":\"Sonoraenequipo.com.mx\",\"url\":\"https:\/\/www.sonoraenequipo.com.mx\/\",\"logo\":{\"@type\":\"ImageObject\",\"inLanguage\":\"es\",\"@id\":\"https:\/\/www.sonoraenequipo.com.mx\/#\/schema\/logo\/image\/\",\"url\":\"https:\/\/www.sonoraenequipo.com.mx\/storage\/2019\/01\/sonoraenequipo_opt.png\",\"contentUrl\":\"https:\/\/www.sonoraenequipo.com.mx\/storage\/2019\/01\/sonoraenequipo_opt.png\",\"width\":375,\"height\":125,\"caption\":\"Sonoraenequipo.com.mx\"},\"image\":{\"@id\":\"https:\/\/www.sonoraenequipo.com.mx\/#\/schema\/logo\/image\/\"},\"sameAs\":[\"https:\/\/www.facebook.com\/SonoraEE\/\",\"https:\/\/x.com\/sonoraenequipo\",\"https:\/\/www.youtube.com\/channel\/UC338nW-lPEYmJQs4ZABQ1SQ\"]},{\"@type\":\"Person\",\"@id\":\"https:\/\/www.sonoraenequipo.com.mx\/#\/schema\/person\/50102df0fb23a8fa9e8effad8fa81386\",\"name\":\"enequipo\",\"image\":{\"@type\":\"ImageObject\",\"inLanguage\":\"es\",\"@id\":\"https:\/\/www.sonoraenequipo.com.mx\/#\/schema\/person\/image\/\",\"url\":\"https:\/\/secure.gravatar.com\/avatar\/049821681b589dabc0bc20695993ccebb09f5b5d4d790cd9251b97faac7c652b?s=96&d=blank&r=g\",\"contentUrl\":\"https:\/\/secure.gravatar.com\/avatar\/049821681b589dabc0bc20695993ccebb09f5b5d4d790cd9251b97faac7c652b?s=96&d=blank&r=g\",\"caption\":\"enequipo\"},\"sameAs\":[\"https:\/\/www.facebook.com\/SonoraEE\"]}]}<\/script>\n ","yoast_head_json":{"title":"Sonora en Equipo. Sentencian a 5 a\u00f1os de prisi\u00f3n a expolic\u00eda que tortur\u00f3 a Lydia Cacho Rep\u00fablica","description":"CANC\u00daN, QUINTANA ROO. MX. \u2014 Un juez federal con sede en Quintana Roo, sentenci\u00f3 a cinco a\u00f1os de prisi\u00f3n al ex agente de polic\u00eda Miguel Mora Olvera, tras En Sonora en Equipo publicamos toda la informaci\u00f3n de Sonora, M\u00e9xico y el Mundo de manera oportuna y busca que la libertad de expresi\u00f3n sea real. Visita nuestro medio informativo publicado desde Hermosillo, Sonora. %","robots":{"index":"index","follow":"follow","max-snippet":"max-snippet:-1","max-image-preview":"max-image-preview:large","max-video-preview":"max-video-preview:-1"},"canonical":"https:\/\/www.sonoraenequipo.com.mx\/sentencian-a-5-anos-de-prision-a-expolicia-que-torturo-a-lydia-cacho\/","og_locale":"es_ES","og_type":"article","og_title":"Sonora en Equipo. Sentencian a 5 a\u00f1os de prisi\u00f3n a expolic\u00eda que tortur\u00f3 a Lydia Cacho Rep\u00fablica","og_description":"CANC\u00daN, QUINTANA ROO. MX. \u2014 Un juez federal con sede en Quintana Roo, sentenci\u00f3 a cinco a\u00f1os de prisi\u00f3n al ex agente de polic\u00eda Miguel Mora Olvera, tras En Sonora en Equipo publicamos toda la informaci\u00f3n de Sonora, M\u00e9xico y el Mundo de manera oportuna y busca que la libertad de expresi\u00f3n sea real. Visita nuestro medio informativo publicado desde Hermosillo, Sonora. %","og_url":"https:\/\/www.sonoraenequipo.com.mx\/sentencian-a-5-anos-de-prision-a-expolicia-que-torturo-a-lydia-cacho\/","og_site_name":"Sonora en Equipo.","article_publisher":"https:\/\/www.facebook.com\/SonoraEE\/","article_author":"https:\/\/www.facebook.com\/SonoraEE","article_published_time":"2021-06-08T23:22:02+00:00","article_modified_time":"2021-06-09T03:44:24+00:00","og_image":[{"width":700,"height":400,"url":"https:\/\/www.sonoraenequipo.com.mx\/storage\/2021\/06\/lidia-cacho_opt.jpg","type":"image\/jpeg"}],"author":"enequipo","twitter_card":"summary_large_image","twitter_creator":"@sonoraenequipo","twitter_site":"@sonoraenequipo","twitter_misc":{"Escrito por":"enequipo","Tiempo de lectura":"1 minuto"},"schema":{"@context":"https:\/\/schema.org","@graph":[{"@type":"Article","@id":"https:\/\/www.sonoraenequipo.com.mx\/sentencian-a-5-anos-de-prision-a-expolicia-que-torturo-a-lydia-cacho\/#article","isPartOf":{"@id":"https:\/\/www.sonoraenequipo.com.mx\/sentencian-a-5-anos-de-prision-a-expolicia-que-torturo-a-lydia-cacho\/"},"author":{"name":"enequipo","@id":"https:\/\/www.sonoraenequipo.com.mx\/#\/schema\/person\/50102df0fb23a8fa9e8effad8fa81386"},"headline":"Sentencian a 5 a\u00f1os de prisi\u00f3n a expolic\u00eda que tortur\u00f3 a Lydia Cacho","datePublished":"2021-06-08T23:22:02+00:00","dateModified":"2021-06-09T03:44:24+00:00","mainEntityOfPage":{"@id":"https:\/\/www.sonoraenequipo.com.mx\/sentencian-a-5-anos-de-prision-a-expolicia-que-torturo-a-lydia-cacho\/"},"wordCount":128,"commentCount":0,"publisher":{"@id":"https:\/\/www.sonoraenequipo.com.mx\/#organization"},"image":{"@id":"https:\/\/www.sonoraenequipo.com.mx\/sentencian-a-5-anos-de-prision-a-expolicia-que-torturo-a-lydia-cacho\/#primaryimage"},"thumbnailUrl":"https:\/\/www.sonoraenequipo.com.mx\/storage\/2021\/06\/lidia-cacho_opt.jpg","articleSection":["Rep\u00fablica"],"inLanguage":"es","potentialAction":[{"@type":"CommentAction","name":"Comment","target":["https:\/\/www.sonoraenequipo.com.mx\/sentencian-a-5-anos-de-prision-a-expolicia-que-torturo-a-lydia-cacho\/#respond"]}]},{"@type":"WebPage","@id":"https:\/\/www.sonoraenequipo.com.mx\/sentencian-a-5-anos-de-prision-a-expolicia-que-torturo-a-lydia-cacho\/","url":"https:\/\/www.sonoraenequipo.com.mx\/sentencian-a-5-anos-de-prision-a-expolicia-que-torturo-a-lydia-cacho\/","name":"Sonora en Equipo. Sentencian a 5 a\u00f1os de prisi\u00f3n a expolic\u00eda que tortur\u00f3 a Lydia Cacho Rep\u00fablica","isPartOf":{"@id":"https:\/\/www.sonoraenequipo.com.mx\/#website"},"primaryImageOfPage":{"@id":"https:\/\/www.sonoraenequipo.com.mx\/sentencian-a-5-anos-de-prision-a-expolicia-que-torturo-a-lydia-cacho\/#primaryimage"},"image":{"@id":"https:\/\/www.sonoraenequipo.com.mx\/sentencian-a-5-anos-de-prision-a-expolicia-que-torturo-a-lydia-cacho\/#primaryimage"},"thumbnailUrl":"https:\/\/www.sonoraenequipo.com.mx\/storage\/2021\/06\/lidia-cacho_opt.jpg","datePublished":"2021-06-08T23:22:02+00:00","dateModified":"2021-06-09T03:44:24+00:00","description":"CANC\u00daN, QUINTANA ROO. MX. \u2014 Un juez federal con sede en Quintana Roo, sentenci\u00f3 a cinco a\u00f1os de prisi\u00f3n al ex agente de polic\u00eda Miguel Mora Olvera, tras En Sonora en Equipo publicamos toda la informaci\u00f3n de Sonora, M\u00e9xico y el Mundo de manera oportuna y busca que la libertad de expresi\u00f3n sea real. Visita nuestro medio informativo publicado desde Hermosillo, Sonora. %","breadcrumb":{"@id":"https:\/\/www.sonoraenequipo.com.mx\/sentencian-a-5-anos-de-prision-a-expolicia-que-torturo-a-lydia-cacho\/#breadcrumb"},"inLanguage":"es","potentialAction":[{"@type":"ReadAction","target":["https:\/\/www.sonoraenequipo.com.mx\/sentencian-a-5-anos-de-prision-a-expolicia-que-torturo-a-lydia-cacho\/"]}]},{"@type":"ImageObject","inLanguage":"es","@id":"https:\/\/www.sonoraenequipo.com.mx\/sentencian-a-5-anos-de-prision-a-expolicia-que-torturo-a-lydia-cacho\/#primaryimage","url":"https:\/\/www.sonoraenequipo.com.mx\/storage\/2021\/06\/lidia-cacho_opt.jpg","contentUrl":"https:\/\/www.sonoraenequipo.com.mx\/storage\/2021\/06\/lidia-cacho_opt.jpg","width":700,"height":400},{"@type":"BreadcrumbList","@id":"https:\/\/www.sonoraenequipo.com.mx\/sentencian-a-5-anos-de-prision-a-expolicia-que-torturo-a-lydia-cacho\/#breadcrumb","itemListElement":[{"@type":"ListItem","position":1,"name":"Portada","item":"https:\/\/www.sonoraenequipo.com.mx\/"},{"@type":"ListItem","position":2,"name":"Sentencian a 5 a\u00f1os de prisi\u00f3n a expolic\u00eda que tortur\u00f3 a Lydia Cacho"}]},{"@type":"WebSite","@id":"https:\/\/www.sonoraenequipo.com.mx\/#website","url":"https:\/\/www.sonoraenequipo.com.mx\/","name":"Sonora en Equipo.","description":"Diario en l\u00ednea con Noticias desde Hermosillo, Sonora","publisher":{"@id":"https:\/\/www.sonoraenequipo.com.mx\/#organization"},"potentialAction":[{"@type":"SearchAction","target":{"@type":"EntryPoint","urlTemplate":"https:\/\/www.sonoraenequipo.com.mx\/?s={search_term_string}"},"query-input":{"@type":"PropertyValueSpecification","valueRequired":true,"valueName":"search_term_string"}}],"inLanguage":"es"},{"@type":"Organization","@id":"https:\/\/www.sonoraenequipo.com.mx\/#organization","name":"Sonoraenequipo.com.mx","url":"https:\/\/www.sonoraenequipo.com.mx\/","logo":{"@type":"ImageObject","inLanguage":"es","@id":"https:\/\/www.sonoraenequipo.com.mx\/#\/schema\/logo\/image\/","url":"https:\/\/www.sonoraenequipo.com.mx\/storage\/2019\/01\/sonoraenequipo_opt.png","contentUrl":"https:\/\/www.sonoraenequipo.com.mx\/storage\/2019\/01\/sonoraenequipo_opt.png","width":375,"height":125,"caption":"Sonoraenequipo.com.mx"},"image":{"@id":"https:\/\/www.sonoraenequipo.com.mx\/#\/schema\/logo\/image\/"},"sameAs":["https:\/\/www.facebook.com\/SonoraEE\/","https:\/\/x.com\/sonoraenequipo","https:\/\/www.youtube.com\/channel\/UC338nW-lPEYmJQs4ZABQ1SQ"]},{"@type":"Person","@id":"https:\/\/www.sonoraenequipo.com.mx\/#\/schema\/person\/50102df0fb23a8fa9e8effad8fa81386","name":"enequipo","image":{"@type":"ImageObject","inLanguage":"es","@id":"https:\/\/www.sonoraenequipo.com.mx\/#\/schema\/person\/image\/","url":"https:\/\/secure.gravatar.com\/avatar\/049821681b589dabc0bc20695993ccebb09f5b5d4d790cd9251b97faac7c652b?s=96&d=blank&r=g","contentUrl":"https:\/\/secure.gravatar.com\/avatar\/049821681b589dabc0bc20695993ccebb09f5b5d4d790cd9251b97faac7c652b?s=96&d=blank&r=g","caption":"enequipo"},"sameAs":["https:\/\/www.facebook.com\/SonoraEE"]}]}},"jetpack_featured_media_url":"https:\/\/www.sonoraenequipo.com.mx\/storage\/2021\/06\/lidia-cacho_opt.jpg","_links":{"self":[{"href":"https:\/\/www.sonoraenequipo.com.mx\/api\/wp\/v2\/posts\/115906","targetHints":{"allow":["GET"]}}],"collection":[{"href":"https:\/\/www.sonoraenequipo.com.mx\/api\/wp\/v2\/posts"}],"about":[{"href":"https:\/\/www.sonoraenequipo.com.mx\/api\/wp\/v2\/types\/post"}],"author":[{"embeddable":true,"href":"https:\/\/www.sonoraenequipo.com.mx\/api\/wp\/v2\/users\/1"}],"replies":[{"embeddable":true,"href":"https:\/\/www.sonoraenequipo.com.mx\/api\/wp\/v2\/comments?post=115906"}],"version-history":[{"count":1,"href":"https:\/\/www.sonoraenequipo.com.mx\/api\/wp\/v2\/posts\/115906\/revisions"}],"predecessor-version":[{"id":115907,"href":"https:\/\/www.sonoraenequipo.com.mx\/api\/wp\/v2\/posts\/115906\/revisions\/115907"}],"wp:featuredmedia":[{"embeddable":true,"href":"https:\/\/www.sonoraenequipo.com.mx\/api\/wp\/v2\/media\/115873"}],"wp:attachment":[{"href":"https:\/\/www.sonoraenequipo.com.mx\/api\/wp\/v2\/media?parent=115906"}],"wp:term":[{"taxonomy":"category","embeddable":true,"href":"https:\/\/www.sonoraenequipo.com.mx\/api\/wp\/v2\/categories?post=115906"},{"taxonomy":"post_tag","embeddable":true,"href":"https:\/\/www.sonoraenequipo.com.mx\/api\/wp\/v2\/tags?post=115906"}],"curies":[{"name":"wp","href":"https:\/\/api.w.org\/{rel}","templated":true}]}}