{"id":115908,"date":"2021-06-08T11:00:48","date_gmt":"2021-06-08T18:00:48","guid":{"rendered":"https:\/\/www.sonoraenequipo.com.mx\/?p=115908"},"modified":"2021-06-08T20:53:54","modified_gmt":"2021-06-09T03:53:54","slug":"con-mas-de-50-mil-asistentes-asi-festejo-samuel-garcia-en-la-macroplaza","status":"publish","type":"post","link":"https:\/\/www.sonoraenequipo.com.mx\/con-mas-de-50-mil-asistentes-asi-festejo-samuel-garcia-en-la-macroplaza\/","title":{"rendered":"Con m\u00e1s de 50 mil asistentes, as\u00ed festej\u00f3 Samuel Garc\u00eda en la Macroplaza"},"content":{"rendered":"<p>MONTERREY, NUEVO LE\u00d3N. MX. \u2014 Samuel Garc\u00eda Sep\u00falveda, virtual triunfador en las elecciones por el gobierno de Nuevo Le\u00f3n, celebr\u00f3 la noche de ayer con m\u00e1s de 50 mil asistentes en la Macroplaza de Monterrey, as\u00ed lo expres\u00f3 en su cuenta de Twitter.<\/p>\n<p>&nbsp;<\/p>\n<p> <\/p>\n<p><em>\u00abMe comprometo a que a Nuevo Le\u00f3n le vaya bien, porque si al nuevo gobierno le va bien, le ir\u00e1 bien a Nuevo Le\u00f3n. La campa\u00f1a ya se acab\u00f3 y todos debemos ponernos a trabajar. Para los pr\u00f3ximos 6 a\u00f1os los necesitamos a todos, nos necesitamos todos y todas\u00bb.<\/em><\/p>\n<h3>\nAgradece felicitaci\u00f3n<\/h3>\n<p>Adri\u00e1n de la Garza, abanderado de la coalici\u00f3n PRI-PRD por la gubernatura de Nuevo Le\u00f3n, reconoci\u00f3 que los resultados del Programa de Resultados Electorales Preliminares (PREP) no le favorecen.<\/p>\n<p><em>\u00abComo es de conocimiento p\u00fablico, ha concluido la captura del PREP, mismos (resultados) que no me favorecen\u00bb<\/em>.<\/p>\n<p>A trav\u00e9s de un video en redes sociales, De la Garza Santos se\u00f1al\u00f3 que las elecciones le dejaron una gran satisfacci\u00f3n, porque le dieron la oportunidad de recorrer Nuevo Le\u00f3n, <em>\u00abel estado que me vio nacer y al que tanto quiero\u00bb.<\/em><\/p>\n<p>&nbsp;<\/p>\n<p>En su mensaje, reiter\u00f3 su agradecimiento a los m\u00e1s de medio mill\u00f3n de ciudadanos y ciudadanas que confiaron en su proyecto y se\u00f1al\u00f3 que esa muestra de apoyo lo compromete a seguir viendo por Nuevo Le\u00f3n \u00abdesde cualquier trinchera que me encuentre\u00bb.<\/p>\n<p>&nbsp;<\/p>\n<p>Al respecto, Samuel Garc\u00eda tambi\u00e9n le dedic\u00f3 un mensaje en sus redes sociales: \u00abReconozco la altura de miras de Adri\u00e1n de la Garza por el mensaje que dio hace unos minutos, y por la llamada que recib\u00ed para felicitarme\u00bb, escribi\u00f3 el virtual triunfador.<\/p>\n<p><a class=\"twitter-timeline\" data-width=\"640\" data-height=\"960\" data-dnt=\"true\" href=\"https:\/\/twitter.com\/samuel_garcias?ref_src=twsrc%5Etfw\">Tweets by samuel_garcias<\/a><script async src=\"https:\/\/platform.twitter.com\/widgets.js\" charset=\"utf-8\"><\/script><\/p>\n<p>&nbsp;<\/p>\n<p>&nbsp;<\/p>\n<p>(Publicada el 08\/06\/2021)<\/p>\n","protected":false},"excerpt":{"rendered":"<p>MONTERREY, NUEVO LE\u00d3N. MX. \u2014 Samuel Garc\u00eda Sep\u00falveda, virtual triunfador en las elecciones por el&#8230;<\/p>\n","protected":false},"author":1,"featured_media":115909,"comment_status":"open","ping_status":"open","sticky":false,"template":"","format":"standard","meta":{"_monsterinsights_skip_tracking":false,"_monsterinsights_sitenote_active":false,"_monsterinsights_sitenote_note":"","_monsterinsights_sitenote_category":0,"footnotes":""},"categories":[5],"tags":[],"class_list":["post"],"yoast_head":" \n<title>Sonora en Equipo. Con m\u00e1s de 50 mil asistentes, as\u00ed festej\u00f3 Samuel Garc\u00eda en la Macroplaza Rep\u00fablica<\/title>\n<meta name=\"description\" content=\"MONTERREY, NUEVO LE\u00d3N. MX. \u2014 Samuel Garc\u00eda Sep\u00falveda, virtual triunfador en las elecciones por el gobierno de Nuevo Le\u00f3n, celebr\u00f3 la noche de ayer con m\u00e1s En Sonora en Equipo publicamos toda la informaci\u00f3n de Sonora, M\u00e9xico y el Mundo de manera oportuna y busca que la libertad de expresi\u00f3n sea real. Visita nuestro medio informativo publicado desde Hermosillo, Sonora. %\" \/>\n<meta name=\"robots\" content=\"index, follow, max-snippet:-1, max-image-preview:large, max-video-preview:-1\" \/>\n<link rel=\"canonical\" href=\"https:\/\/www.sonoraenequipo.com.mx\/con-mas-de-50-mil-asistentes-asi-festejo-samuel-garcia-en-la-macroplaza\/\" \/>\n<meta property=\"og:locale\" content=\"es_ES\" \/>\n<meta property=\"og:type\" content=\"article\" \/>\n<meta property=\"og:title\" content=\"Sonora en Equipo. Con m\u00e1s de 50 mil asistentes, as\u00ed festej\u00f3 Samuel Garc\u00eda en la Macroplaza Rep\u00fablica\" \/>\n<meta property=\"og:description\" content=\"MONTERREY, NUEVO LE\u00d3N. MX. \u2014 Samuel Garc\u00eda Sep\u00falveda, virtual triunfador en las elecciones por el gobierno de Nuevo Le\u00f3n, celebr\u00f3 la noche de ayer con m\u00e1s En Sonora en Equipo publicamos toda la informaci\u00f3n de Sonora, M\u00e9xico y el Mundo de manera oportuna y busca que la libertad de expresi\u00f3n sea real. Visita nuestro medio informativo publicado desde Hermosillo, Sonora. %\" \/>\n<meta property=\"og:url\" content=\"https:\/\/www.sonoraenequipo.com.mx\/con-mas-de-50-mil-asistentes-asi-festejo-samuel-garcia-en-la-macroplaza\/\" \/>\n<meta property=\"og:site_name\" content=\"Sonora en Equipo.\" \/>\n<meta property=\"article:publisher\" content=\"https:\/\/www.facebook.com\/SonoraEE\/\" \/>\n<meta property=\"article:author\" content=\"https:\/\/www.facebook.com\/SonoraEE\" \/>\n<meta property=\"article:published_time\" content=\"2021-06-08T18:00:48+00:00\" \/>\n<meta property=\"article:modified_time\" content=\"2021-06-09T03:53:54+00:00\" \/>\n<meta property=\"og:image\" content=\"https:\/\/www.sonoraenequipo.com.mx\/storage\/2021\/06\/mega-plaza_opt.jpg\" \/>\n\t<meta property=\"og:image:width\" content=\"700\" \/>\n\t<meta property=\"og:image:height\" content=\"400\" \/>\n\t<meta property=\"og:image:type\" content=\"image\/jpeg\" \/>\n<meta name=\"author\" content=\"enequipo\" \/>\n<meta name=\"twitter:card\" content=\"summary_large_image\" \/>\n<meta name=\"twitter:creator\" content=\"@sonoraenequipo\" \/>\n<meta name=\"twitter:site\" content=\"@sonoraenequipo\" \/>\n<meta name=\"twitter:label1\" content=\"Escrito por\" \/>\n\t<meta name=\"twitter:data1\" content=\"enequipo\" \/>\n\t<meta name=\"twitter:label2\" content=\"Tiempo de lectura\" \/>\n\t<meta name=\"twitter:data2\" content=\"2 minutos\" \/>\n<script type=\"application\/ld+json\" class=\"yoast-schema-graph\">{\"@context\":\"https:\/\/schema.org\",\"@graph\":[{\"@type\":\"Article\",\"@id\":\"https:\/\/www.sonoraenequipo.com.mx\/con-mas-de-50-mil-asistentes-asi-festejo-samuel-garcia-en-la-macroplaza\/#article\",\"isPartOf\":{\"@id\":\"https:\/\/www.sonoraenequipo.com.mx\/con-mas-de-50-mil-asistentes-asi-festejo-samuel-garcia-en-la-macroplaza\/\"},\"author\":{\"name\":\"enequipo\",\"@id\":\"https:\/\/www.sonoraenequipo.com.mx\/#\/schema\/person\/50102df0fb23a8fa9e8effad8fa81386\"},\"headline\":\"Con m\u00e1s de 50 mil asistentes, as\u00ed festej\u00f3 Samuel Garc\u00eda en la Macroplaza\",\"datePublished\":\"2021-06-08T18:00:48+00:00\",\"dateModified\":\"2021-06-09T03:53:54+00:00\",\"mainEntityOfPage\":{\"@id\":\"https:\/\/www.sonoraenequipo.com.mx\/con-mas-de-50-mil-asistentes-asi-festejo-samuel-garcia-en-la-macroplaza\/\"},\"wordCount\":315,\"commentCount\":0,\"publisher\":{\"@id\":\"https:\/\/www.sonoraenequipo.com.mx\/#organization\"},\"image\":{\"@id\":\"https:\/\/www.sonoraenequipo.com.mx\/con-mas-de-50-mil-asistentes-asi-festejo-samuel-garcia-en-la-macroplaza\/#primaryimage\"},\"thumbnailUrl\":\"https:\/\/www.sonoraenequipo.com.mx\/storage\/2021\/06\/mega-plaza_opt.jpg\",\"articleSection\":[\"Rep\u00fablica\"],\"inLanguage\":\"es\",\"potentialAction\":[{\"@type\":\"CommentAction\",\"name\":\"Comment\",\"target\":[\"https:\/\/www.sonoraenequipo.com.mx\/con-mas-de-50-mil-asistentes-asi-festejo-samuel-garcia-en-la-macroplaza\/#respond\"]}]},{\"@type\":\"WebPage\",\"@id\":\"https:\/\/www.sonoraenequipo.com.mx\/con-mas-de-50-mil-asistentes-asi-festejo-samuel-garcia-en-la-macroplaza\/\",\"url\":\"https:\/\/www.sonoraenequipo.com.mx\/con-mas-de-50-mil-asistentes-asi-festejo-samuel-garcia-en-la-macroplaza\/\",\"name\":\"Sonora en Equipo. Con m\u00e1s de 50 mil asistentes, as\u00ed festej\u00f3 Samuel Garc\u00eda en la Macroplaza Rep\u00fablica\",\"isPartOf\":{\"@id\":\"https:\/\/www.sonoraenequipo.com.mx\/#website\"},\"primaryImageOfPage\":{\"@id\":\"https:\/\/www.sonoraenequipo.com.mx\/con-mas-de-50-mil-asistentes-asi-festejo-samuel-garcia-en-la-macroplaza\/#primaryimage\"},\"image\":{\"@id\":\"https:\/\/www.sonoraenequipo.com.mx\/con-mas-de-50-mil-asistentes-asi-festejo-samuel-garcia-en-la-macroplaza\/#primaryimage\"},\"thumbnailUrl\":\"https:\/\/www.sonoraenequipo.com.mx\/storage\/2021\/06\/mega-plaza_opt.jpg\",\"datePublished\":\"2021-06-08T18:00:48+00:00\",\"dateModified\":\"2021-06-09T03:53:54+00:00\",\"description\":\"MONTERREY, NUEVO LE\u00d3N. MX. \u2014 Samuel Garc\u00eda Sep\u00falveda, virtual triunfador en las elecciones por el gobierno de Nuevo Le\u00f3n, celebr\u00f3 la noche de ayer con m\u00e1s En Sonora en Equipo publicamos toda la informaci\u00f3n de Sonora, M\u00e9xico y el Mundo de manera oportuna y busca que la libertad de expresi\u00f3n sea real. Visita nuestro medio informativo publicado desde Hermosillo, Sonora. %\",\"breadcrumb\":{\"@id\":\"https:\/\/www.sonoraenequipo.com.mx\/con-mas-de-50-mil-asistentes-asi-festejo-samuel-garcia-en-la-macroplaza\/#breadcrumb\"},\"inLanguage\":\"es\",\"potentialAction\":[{\"@type\":\"ReadAction\",\"target\":[\"https:\/\/www.sonoraenequipo.com.mx\/con-mas-de-50-mil-asistentes-asi-festejo-samuel-garcia-en-la-macroplaza\/\"]}]},{\"@type\":\"ImageObject\",\"inLanguage\":\"es\",\"@id\":\"https:\/\/www.sonoraenequipo.com.mx\/con-mas-de-50-mil-asistentes-asi-festejo-samuel-garcia-en-la-macroplaza\/#primaryimage\",\"url\":\"https:\/\/www.sonoraenequipo.com.mx\/storage\/2021\/06\/mega-plaza_opt.jpg\",\"contentUrl\":\"https:\/\/www.sonoraenequipo.com.mx\/storage\/2021\/06\/mega-plaza_opt.jpg\",\"width\":700,\"height\":400},{\"@type\":\"BreadcrumbList\",\"@id\":\"https:\/\/www.sonoraenequipo.com.mx\/con-mas-de-50-mil-asistentes-asi-festejo-samuel-garcia-en-la-macroplaza\/#breadcrumb\",\"itemListElement\":[{\"@type\":\"ListItem\",\"position\":1,\"name\":\"Portada\",\"item\":\"https:\/\/www.sonoraenequipo.com.mx\/\"},{\"@type\":\"ListItem\",\"position\":2,\"name\":\"Con m\u00e1s de 50 mil asistentes, as\u00ed festej\u00f3 Samuel Garc\u00eda en la Macroplaza\"}]},{\"@type\":\"WebSite\",\"@id\":\"https:\/\/www.sonoraenequipo.com.mx\/#website\",\"url\":\"https:\/\/www.sonoraenequipo.com.mx\/\",\"name\":\"Sonora en Equipo.\",\"description\":\"Diario en l\u00ednea con Noticias desde Hermosillo, Sonora\",\"publisher\":{\"@id\":\"https:\/\/www.sonoraenequipo.com.mx\/#organization\"},\"potentialAction\":[{\"@type\":\"SearchAction\",\"target\":{\"@type\":\"EntryPoint\",\"urlTemplate\":\"https:\/\/www.sonoraenequipo.com.mx\/?s={search_term_string}\"},\"query-input\":{\"@type\":\"PropertyValueSpecification\",\"valueRequired\":true,\"valueName\":\"search_term_string\"}}],\"inLanguage\":\"es\"},{\"@type\":\"Organization\",\"@id\":\"https:\/\/www.sonoraenequipo.com.mx\/#organization\",\"name\":\"Sonoraenequipo.com.mx\",\"url\":\"https:\/\/www.sonoraenequipo.com.mx\/\",\"logo\":{\"@type\":\"ImageObject\",\"inLanguage\":\"es\",\"@id\":\"https:\/\/www.sonoraenequipo.com.mx\/#\/schema\/logo\/image\/\",\"url\":\"https:\/\/www.sonoraenequipo.com.mx\/storage\/2019\/01\/sonoraenequipo_opt.png\",\"contentUrl\":\"https:\/\/www.sonoraenequipo.com.mx\/storage\/2019\/01\/sonoraenequipo_opt.png\",\"width\":375,\"height\":125,\"caption\":\"Sonoraenequipo.com.mx\"},\"image\":{\"@id\":\"https:\/\/www.sonoraenequipo.com.mx\/#\/schema\/logo\/image\/\"},\"sameAs\":[\"https:\/\/www.facebook.com\/SonoraEE\/\",\"https:\/\/x.com\/sonoraenequipo\",\"https:\/\/www.youtube.com\/channel\/UC338nW-lPEYmJQs4ZABQ1SQ\"]},{\"@type\":\"Person\",\"@id\":\"https:\/\/www.sonoraenequipo.com.mx\/#\/schema\/person\/50102df0fb23a8fa9e8effad8fa81386\",\"name\":\"enequipo\",\"image\":{\"@type\":\"ImageObject\",\"inLanguage\":\"es\",\"@id\":\"https:\/\/www.sonoraenequipo.com.mx\/#\/schema\/person\/image\/\",\"url\":\"https:\/\/secure.gravatar.com\/avatar\/049821681b589dabc0bc20695993ccebb09f5b5d4d790cd9251b97faac7c652b?s=96&d=blank&r=g\",\"contentUrl\":\"https:\/\/secure.gravatar.com\/avatar\/049821681b589dabc0bc20695993ccebb09f5b5d4d790cd9251b97faac7c652b?s=96&d=blank&r=g\",\"caption\":\"enequipo\"},\"sameAs\":[\"https:\/\/www.facebook.com\/SonoraEE\"]}]}<\/script>\n ","yoast_head_json":{"title":"Sonora en Equipo. Con m\u00e1s de 50 mil asistentes, as\u00ed festej\u00f3 Samuel Garc\u00eda en la Macroplaza Rep\u00fablica","description":"MONTERREY, NUEVO LE\u00d3N. MX. \u2014 Samuel Garc\u00eda Sep\u00falveda, virtual triunfador en las elecciones por el gobierno de Nuevo Le\u00f3n, celebr\u00f3 la noche de ayer con m\u00e1s En Sonora en Equipo publicamos toda la informaci\u00f3n de Sonora, M\u00e9xico y el Mundo de manera oportuna y busca que la libertad de expresi\u00f3n sea real. Visita nuestro medio informativo publicado desde Hermosillo, Sonora. %","robots":{"index":"index","follow":"follow","max-snippet":"max-snippet:-1","max-image-preview":"max-image-preview:large","max-video-preview":"max-video-preview:-1"},"canonical":"https:\/\/www.sonoraenequipo.com.mx\/con-mas-de-50-mil-asistentes-asi-festejo-samuel-garcia-en-la-macroplaza\/","og_locale":"es_ES","og_type":"article","og_title":"Sonora en Equipo. Con m\u00e1s de 50 mil asistentes, as\u00ed festej\u00f3 Samuel Garc\u00eda en la Macroplaza Rep\u00fablica","og_description":"MONTERREY, NUEVO LE\u00d3N. MX. \u2014 Samuel Garc\u00eda Sep\u00falveda, virtual triunfador en las elecciones por el gobierno de Nuevo Le\u00f3n, celebr\u00f3 la noche de ayer con m\u00e1s En Sonora en Equipo publicamos toda la informaci\u00f3n de Sonora, M\u00e9xico y el Mundo de manera oportuna y busca que la libertad de expresi\u00f3n sea real. Visita nuestro medio informativo publicado desde Hermosillo, Sonora. %","og_url":"https:\/\/www.sonoraenequipo.com.mx\/con-mas-de-50-mil-asistentes-asi-festejo-samuel-garcia-en-la-macroplaza\/","og_site_name":"Sonora en Equipo.","article_publisher":"https:\/\/www.facebook.com\/SonoraEE\/","article_author":"https:\/\/www.facebook.com\/SonoraEE","article_published_time":"2021-06-08T18:00:48+00:00","article_modified_time":"2021-06-09T03:53:54+00:00","og_image":[{"width":700,"height":400,"url":"https:\/\/www.sonoraenequipo.com.mx\/storage\/2021\/06\/mega-plaza_opt.jpg","type":"image\/jpeg"}],"author":"enequipo","twitter_card":"summary_large_image","twitter_creator":"@sonoraenequipo","twitter_site":"@sonoraenequipo","twitter_misc":{"Escrito por":"enequipo","Tiempo de lectura":"2 minutos"},"schema":{"@context":"https:\/\/schema.org","@graph":[{"@type":"Article","@id":"https:\/\/www.sonoraenequipo.com.mx\/con-mas-de-50-mil-asistentes-asi-festejo-samuel-garcia-en-la-macroplaza\/#article","isPartOf":{"@id":"https:\/\/www.sonoraenequipo.com.mx\/con-mas-de-50-mil-asistentes-asi-festejo-samuel-garcia-en-la-macroplaza\/"},"author":{"name":"enequipo","@id":"https:\/\/www.sonoraenequipo.com.mx\/#\/schema\/person\/50102df0fb23a8fa9e8effad8fa81386"},"headline":"Con m\u00e1s de 50 mil asistentes, as\u00ed festej\u00f3 Samuel Garc\u00eda en la Macroplaza","datePublished":"2021-06-08T18:00:48+00:00","dateModified":"2021-06-09T03:53:54+00:00","mainEntityOfPage":{"@id":"https:\/\/www.sonoraenequipo.com.mx\/con-mas-de-50-mil-asistentes-asi-festejo-samuel-garcia-en-la-macroplaza\/"},"wordCount":315,"commentCount":0,"publisher":{"@id":"https:\/\/www.sonoraenequipo.com.mx\/#organization"},"image":{"@id":"https:\/\/www.sonoraenequipo.com.mx\/con-mas-de-50-mil-asistentes-asi-festejo-samuel-garcia-en-la-macroplaza\/#primaryimage"},"thumbnailUrl":"https:\/\/www.sonoraenequipo.com.mx\/storage\/2021\/06\/mega-plaza_opt.jpg","articleSection":["Rep\u00fablica"],"inLanguage":"es","potentialAction":[{"@type":"CommentAction","name":"Comment","target":["https:\/\/www.sonoraenequipo.com.mx\/con-mas-de-50-mil-asistentes-asi-festejo-samuel-garcia-en-la-macroplaza\/#respond"]}]},{"@type":"WebPage","@id":"https:\/\/www.sonoraenequipo.com.mx\/con-mas-de-50-mil-asistentes-asi-festejo-samuel-garcia-en-la-macroplaza\/","url":"https:\/\/www.sonoraenequipo.com.mx\/con-mas-de-50-mil-asistentes-asi-festejo-samuel-garcia-en-la-macroplaza\/","name":"Sonora en Equipo. Con m\u00e1s de 50 mil asistentes, as\u00ed festej\u00f3 Samuel Garc\u00eda en la Macroplaza Rep\u00fablica","isPartOf":{"@id":"https:\/\/www.sonoraenequipo.com.mx\/#website"},"primaryImageOfPage":{"@id":"https:\/\/www.sonoraenequipo.com.mx\/con-mas-de-50-mil-asistentes-asi-festejo-samuel-garcia-en-la-macroplaza\/#primaryimage"},"image":{"@id":"https:\/\/www.sonoraenequipo.com.mx\/con-mas-de-50-mil-asistentes-asi-festejo-samuel-garcia-en-la-macroplaza\/#primaryimage"},"thumbnailUrl":"https:\/\/www.sonoraenequipo.com.mx\/storage\/2021\/06\/mega-plaza_opt.jpg","datePublished":"2021-06-08T18:00:48+00:00","dateModified":"2021-06-09T03:53:54+00:00","description":"MONTERREY, NUEVO LE\u00d3N. MX. \u2014 Samuel Garc\u00eda Sep\u00falveda, virtual triunfador en las elecciones por el gobierno de Nuevo Le\u00f3n, celebr\u00f3 la noche de ayer con m\u00e1s En Sonora en Equipo publicamos toda la informaci\u00f3n de Sonora, M\u00e9xico y el Mundo de manera oportuna y busca que la libertad de expresi\u00f3n sea real. Visita nuestro medio informativo publicado desde Hermosillo, Sonora. %","breadcrumb":{"@id":"https:\/\/www.sonoraenequipo.com.mx\/con-mas-de-50-mil-asistentes-asi-festejo-samuel-garcia-en-la-macroplaza\/#breadcrumb"},"inLanguage":"es","potentialAction":[{"@type":"ReadAction","target":["https:\/\/www.sonoraenequipo.com.mx\/con-mas-de-50-mil-asistentes-asi-festejo-samuel-garcia-en-la-macroplaza\/"]}]},{"@type":"ImageObject","inLanguage":"es","@id":"https:\/\/www.sonoraenequipo.com.mx\/con-mas-de-50-mil-asistentes-asi-festejo-samuel-garcia-en-la-macroplaza\/#primaryimage","url":"https:\/\/www.sonoraenequipo.com.mx\/storage\/2021\/06\/mega-plaza_opt.jpg","contentUrl":"https:\/\/www.sonoraenequipo.com.mx\/storage\/2021\/06\/mega-plaza_opt.jpg","width":700,"height":400},{"@type":"BreadcrumbList","@id":"https:\/\/www.sonoraenequipo.com.mx\/con-mas-de-50-mil-asistentes-asi-festejo-samuel-garcia-en-la-macroplaza\/#breadcrumb","itemListElement":[{"@type":"ListItem","position":1,"name":"Portada","item":"https:\/\/www.sonoraenequipo.com.mx\/"},{"@type":"ListItem","position":2,"name":"Con m\u00e1s de 50 mil asistentes, as\u00ed festej\u00f3 Samuel Garc\u00eda en la Macroplaza"}]},{"@type":"WebSite","@id":"https:\/\/www.sonoraenequipo.com.mx\/#website","url":"https:\/\/www.sonoraenequipo.com.mx\/","name":"Sonora en Equipo.","description":"Diario en l\u00ednea con Noticias desde Hermosillo, Sonora","publisher":{"@id":"https:\/\/www.sonoraenequipo.com.mx\/#organization"},"potentialAction":[{"@type":"SearchAction","target":{"@type":"EntryPoint","urlTemplate":"https:\/\/www.sonoraenequipo.com.mx\/?s={search_term_string}"},"query-input":{"@type":"PropertyValueSpecification","valueRequired":true,"valueName":"search_term_string"}}],"inLanguage":"es"},{"@type":"Organization","@id":"https:\/\/www.sonoraenequipo.com.mx\/#organization","name":"Sonoraenequipo.com.mx","url":"https:\/\/www.sonoraenequipo.com.mx\/","logo":{"@type":"ImageObject","inLanguage":"es","@id":"https:\/\/www.sonoraenequipo.com.mx\/#\/schema\/logo\/image\/","url":"https:\/\/www.sonoraenequipo.com.mx\/storage\/2019\/01\/sonoraenequipo_opt.png","contentUrl":"https:\/\/www.sonoraenequipo.com.mx\/storage\/2019\/01\/sonoraenequipo_opt.png","width":375,"height":125,"caption":"Sonoraenequipo.com.mx"},"image":{"@id":"https:\/\/www.sonoraenequipo.com.mx\/#\/schema\/logo\/image\/"},"sameAs":["https:\/\/www.facebook.com\/SonoraEE\/","https:\/\/x.com\/sonoraenequipo","https:\/\/www.youtube.com\/channel\/UC338nW-lPEYmJQs4ZABQ1SQ"]},{"@type":"Person","@id":"https:\/\/www.sonoraenequipo.com.mx\/#\/schema\/person\/50102df0fb23a8fa9e8effad8fa81386","name":"enequipo","image":{"@type":"ImageObject","inLanguage":"es","@id":"https:\/\/www.sonoraenequipo.com.mx\/#\/schema\/person\/image\/","url":"https:\/\/secure.gravatar.com\/avatar\/049821681b589dabc0bc20695993ccebb09f5b5d4d790cd9251b97faac7c652b?s=96&d=blank&r=g","contentUrl":"https:\/\/secure.gravatar.com\/avatar\/049821681b589dabc0bc20695993ccebb09f5b5d4d790cd9251b97faac7c652b?s=96&d=blank&r=g","caption":"enequipo"},"sameAs":["https:\/\/www.facebook.com\/SonoraEE"]}]}},"jetpack_featured_media_url":"https:\/\/www.sonoraenequipo.com.mx\/storage\/2021\/06\/mega-plaza_opt.jpg","_links":{"self":[{"href":"https:\/\/www.sonoraenequipo.com.mx\/api\/wp\/v2\/posts\/115908","targetHints":{"allow":["GET"]}}],"collection":[{"href":"https:\/\/www.sonoraenequipo.com.mx\/api\/wp\/v2\/posts"}],"about":[{"href":"https:\/\/www.sonoraenequipo.com.mx\/api\/wp\/v2\/types\/post"}],"author":[{"embeddable":true,"href":"https:\/\/www.sonoraenequipo.com.mx\/api\/wp\/v2\/users\/1"}],"replies":[{"embeddable":true,"href":"https:\/\/www.sonoraenequipo.com.mx\/api\/wp\/v2\/comments?post=115908"}],"version-history":[{"count":1,"href":"https:\/\/www.sonoraenequipo.com.mx\/api\/wp\/v2\/posts\/115908\/revisions"}],"predecessor-version":[{"id":115910,"href":"https:\/\/www.sonoraenequipo.com.mx\/api\/wp\/v2\/posts\/115908\/revisions\/115910"}],"wp:featuredmedia":[{"embeddable":true,"href":"https:\/\/www.sonoraenequipo.com.mx\/api\/wp\/v2\/media\/115909"}],"wp:attachment":[{"href":"https:\/\/www.sonoraenequipo.com.mx\/api\/wp\/v2\/media?parent=115908"}],"wp:term":[{"taxonomy":"category","embeddable":true,"href":"https:\/\/www.sonoraenequipo.com.mx\/api\/wp\/v2\/categories?post=115908"},{"taxonomy":"post_tag","embeddable":true,"href":"https:\/\/www.sonoraenequipo.com.mx\/api\/wp\/v2\/tags?post=115908"}],"curies":[{"name":"wp","href":"https:\/\/api.w.org\/{rel}","templated":true}]}}