{"id":115932,"date":"2021-06-08T23:55:44","date_gmt":"2021-06-09T06:55:44","guid":{"rendered":"https:\/\/www.sonoraenequipo.com.mx\/?p=115932"},"modified":"2021-06-09T07:36:37","modified_gmt":"2021-06-09T14:36:37","slug":"la-esposa-de-joaquin-guzman-el-chapo-se-presentara-ante-una-corte-el-jueves-10-de-junio-de-2021","status":"publish","type":"post","link":"https:\/\/www.sonoraenequipo.com.mx\/la-esposa-de-joaquin-guzman-el-chapo-se-presentara-ante-una-corte-el-jueves-10-de-junio-de-2021\/","title":{"rendered":"La esposa de Joaquin Guzm\u00e1n \u00abEl Chapo\u00bb se presentar\u00e1  ante una corte el jueves 10 de junio de 2021"},"content":{"rendered":"<p>NUEVA YORK, ESTADOS UNIDOS. \u2014 Emma Coronel, la esposa del capo mexicano Joaqu\u00edn el \u00abChapo\u00bb Guzm\u00e1n, se declarar\u00e1 culpable esta semana en Estados Unidos de cargos de colaborar con su esposo en el tr\u00e1fico de drogas y en ayudarlo a escapar de prisi\u00f3n, afirma hoy el diario The New York Times.<\/p>\n<p>&nbsp;<\/p>\n<p> <\/p>\n<p>Seg\u00fan el peri\u00f3dico estadounidense, que cita a una fuente cercana al caso, se prev\u00e9 que Coronel se declare culpable este jueves, en su pr\u00f3xima audiencia ante la corte del tribunal federal del Distrito de Columbia.<\/p>\n<p>&nbsp;<\/p>\n<p>Coronel habr\u00eda llegado a un acuerdo con los fiscales para obtener una sentencia menor, el cual no requiere que coopere con autoridades estadounidenses, tambi\u00e9n seg\u00fan la misma fuente.<\/p>\n<p>&nbsp;<\/p>\n<p><img loading=\"lazy\" decoding=\"async\" class=\" size-large x-left\" src=\"https:\/\/www.sonoraenequipo.com.mx\/storage\/2021\/06\/nytimes-Emma-Coronel_opt-401x480.jpg\" alt=\"\" width=\"401\" height=\"480\" \/>La esposa del <em>\u00abChapo\u00bb,<\/em> quien cuenta con nacionalidad mexicana y estadounidense, fue detenida en febrero pasado en el aeropuerto Dulles International, en el estado de Virginia, y desde entonces ha estado en prisi\u00f3n.<\/p>\n<h3><\/h3>\n<h3>Los cargos en contra de Emma Coronel<\/h3>\n<p>&nbsp;<\/p>\n<p>Autoridades de Estados Unidos acusan a Coronel de participar en una asociaci\u00f3n delictiva para traficar coca\u00edna, metanfetaminas, hero\u00edna y marihuana. Adem\u00e1s de haberse unido a otros para ayudar a Guzm\u00e1n a escapar de la c\u00e1rcel del Altiplano, en Almoloya de Ju\u00e1rez, M\u00e9xico, en julio de 2015.<\/p>\n<p>&nbsp;<\/p>\n<p>Emma Coronel se entreg\u00f3 a las autoridades de EU; busca ser testigo protegido<\/p>\n<p>&nbsp;<\/p>\n<p>Por esos cargos, la esposa del \u00abChapo\u00bb Guzm\u00e1n enfrenta una pena m\u00ednima de 10 a\u00f1os de c\u00e1rcel y una m\u00e1xima de cadena perpetua, adem\u00e1s de una posible multa de 10 millones de d\u00f3lares.<\/p>\n<p>&nbsp;<\/p>\n<p>(Publicada el 08\/06\/2021)<\/p>\n","protected":false},"excerpt":{"rendered":"<p>NUEVA YORK, ESTADOS UNIDOS. \u2014 Emma Coronel, la esposa del capo mexicano Joaqu\u00edn el \u00abChapo\u00bb&#8230;<\/p>\n","protected":false},"author":1,"featured_media":115934,"comment_status":"open","ping_status":"open","sticky":false,"template":"","format":"standard","meta":{"_monsterinsights_skip_tracking":false,"_monsterinsights_sitenote_active":false,"_monsterinsights_sitenote_note":"","_monsterinsights_sitenote_category":0,"footnotes":""},"categories":[3],"tags":[5184,150,5778,5779,171],"class_list":["post"],"yoast_head":" \n<title>Sonora en Equipo. La esposa de Joaquin Guzm\u00e1n &quot;El Chapo&quot; se presentar\u00e1 ante una corte el jueves 10 de junio de 2021 MUNDO<\/title>\n<meta name=\"description\" content=\"NUEVA YORK, ESTADOS UNIDOS. \u2014 Emma Coronel, la esposa del capo mexicano Joaqu\u00edn el &quot;Chapo&quot; Guzm\u00e1n, se declarar\u00e1 culpable esta semana en Estados Unidos de En Sonora en Equipo publicamos toda la informaci\u00f3n de Sonora, M\u00e9xico y el Mundo de manera oportuna y busca que la libertad de expresi\u00f3n sea real. Visita nuestro medio informativo publicado desde Hermosillo, Sonora. %\" \/>\n<meta name=\"robots\" content=\"index, follow, max-snippet:-1, max-image-preview:large, max-video-preview:-1\" \/>\n<link rel=\"canonical\" href=\"https:\/\/www.sonoraenequipo.com.mx\/la-esposa-de-joaquin-guzman-el-chapo-se-presentara-ante-una-corte-el-jueves-10-de-junio-de-2021\/\" \/>\n<meta property=\"og:locale\" content=\"es_ES\" \/>\n<meta property=\"og:type\" content=\"article\" \/>\n<meta property=\"og:title\" content=\"Sonora en Equipo. La esposa de Joaquin Guzm\u00e1n &quot;El Chapo&quot; se presentar\u00e1 ante una corte el jueves 10 de junio de 2021 MUNDO\" \/>\n<meta property=\"og:description\" content=\"NUEVA YORK, ESTADOS UNIDOS. \u2014 Emma Coronel, la esposa del capo mexicano Joaqu\u00edn el &quot;Chapo&quot; Guzm\u00e1n, se declarar\u00e1 culpable esta semana en Estados Unidos de En Sonora en Equipo publicamos toda la informaci\u00f3n de Sonora, M\u00e9xico y el Mundo de manera oportuna y busca que la libertad de expresi\u00f3n sea real. Visita nuestro medio informativo publicado desde Hermosillo, Sonora. %\" \/>\n<meta property=\"og:url\" content=\"https:\/\/www.sonoraenequipo.com.mx\/la-esposa-de-joaquin-guzman-el-chapo-se-presentara-ante-una-corte-el-jueves-10-de-junio-de-2021\/\" \/>\n<meta property=\"og:site_name\" content=\"Sonora en Equipo.\" \/>\n<meta property=\"article:publisher\" content=\"https:\/\/www.facebook.com\/SonoraEE\/\" \/>\n<meta property=\"article:author\" content=\"https:\/\/www.facebook.com\/SonoraEE\" \/>\n<meta property=\"article:published_time\" content=\"2021-06-09T06:55:44+00:00\" \/>\n<meta property=\"article:modified_time\" content=\"2021-06-09T14:36:37+00:00\" \/>\n<meta property=\"og:image\" content=\"https:\/\/www.sonoraenequipo.com.mx\/storage\/2021\/06\/emma-coronel_opt.jpg\" \/>\n\t<meta property=\"og:image:width\" content=\"700\" \/>\n\t<meta property=\"og:image:height\" content=\"400\" \/>\n\t<meta property=\"og:image:type\" content=\"image\/jpeg\" \/>\n<meta name=\"author\" content=\"enequipo\" \/>\n<meta name=\"twitter:card\" content=\"summary_large_image\" \/>\n<meta name=\"twitter:creator\" content=\"@sonoraenequipo\" \/>\n<meta name=\"twitter:site\" content=\"@sonoraenequipo\" \/>\n<meta name=\"twitter:label1\" content=\"Escrito por\" \/>\n\t<meta name=\"twitter:data1\" content=\"enequipo\" \/>\n\t<meta name=\"twitter:label2\" content=\"Tiempo de lectura\" \/>\n\t<meta name=\"twitter:data2\" content=\"2 minutos\" \/>\n<script type=\"application\/ld+json\" class=\"yoast-schema-graph\">{\"@context\":\"https:\/\/schema.org\",\"@graph\":[{\"@type\":\"Article\",\"@id\":\"https:\/\/www.sonoraenequipo.com.mx\/la-esposa-de-joaquin-guzman-el-chapo-se-presentara-ante-una-corte-el-jueves-10-de-junio-de-2021\/#article\",\"isPartOf\":{\"@id\":\"https:\/\/www.sonoraenequipo.com.mx\/la-esposa-de-joaquin-guzman-el-chapo-se-presentara-ante-una-corte-el-jueves-10-de-junio-de-2021\/\"},\"author\":{\"name\":\"enequipo\",\"@id\":\"https:\/\/www.sonoraenequipo.com.mx\/#\/schema\/person\/50102df0fb23a8fa9e8effad8fa81386\"},\"headline\":\"La esposa de Joaquin Guzm\u00e1n \u00abEl Chapo\u00bb se presentar\u00e1 ante una corte el jueves 10 de junio de 2021\",\"datePublished\":\"2021-06-09T06:55:44+00:00\",\"dateModified\":\"2021-06-09T14:36:37+00:00\",\"mainEntityOfPage\":{\"@id\":\"https:\/\/www.sonoraenequipo.com.mx\/la-esposa-de-joaquin-guzman-el-chapo-se-presentara-ante-una-corte-el-jueves-10-de-junio-de-2021\/\"},\"wordCount\":295,\"commentCount\":0,\"publisher\":{\"@id\":\"https:\/\/www.sonoraenequipo.com.mx\/#organization\"},\"image\":{\"@id\":\"https:\/\/www.sonoraenequipo.com.mx\/la-esposa-de-joaquin-guzman-el-chapo-se-presentara-ante-una-corte-el-jueves-10-de-junio-de-2021\/#primaryimage\"},\"thumbnailUrl\":\"https:\/\/www.sonoraenequipo.com.mx\/storage\/2021\/06\/emma-coronel_opt.jpg\",\"keywords\":[\"Emma Coronel\",\"estados unidos\",\"Joaqu\u00edn Chapo Guzm\u00e1n\",\"Juicios\",\"Narcotr\u00e1fico\"],\"articleSection\":[\"MUNDO\"],\"inLanguage\":\"es\",\"potentialAction\":[{\"@type\":\"CommentAction\",\"name\":\"Comment\",\"target\":[\"https:\/\/www.sonoraenequipo.com.mx\/la-esposa-de-joaquin-guzman-el-chapo-se-presentara-ante-una-corte-el-jueves-10-de-junio-de-2021\/#respond\"]}]},{\"@type\":\"WebPage\",\"@id\":\"https:\/\/www.sonoraenequipo.com.mx\/la-esposa-de-joaquin-guzman-el-chapo-se-presentara-ante-una-corte-el-jueves-10-de-junio-de-2021\/\",\"url\":\"https:\/\/www.sonoraenequipo.com.mx\/la-esposa-de-joaquin-guzman-el-chapo-se-presentara-ante-una-corte-el-jueves-10-de-junio-de-2021\/\",\"name\":\"Sonora en Equipo. La esposa de Joaquin Guzm\u00e1n \\\"El Chapo\\\" se presentar\u00e1 ante una corte el jueves 10 de junio de 2021 MUNDO\",\"isPartOf\":{\"@id\":\"https:\/\/www.sonoraenequipo.com.mx\/#website\"},\"primaryImageOfPage\":{\"@id\":\"https:\/\/www.sonoraenequipo.com.mx\/la-esposa-de-joaquin-guzman-el-chapo-se-presentara-ante-una-corte-el-jueves-10-de-junio-de-2021\/#primaryimage\"},\"image\":{\"@id\":\"https:\/\/www.sonoraenequipo.com.mx\/la-esposa-de-joaquin-guzman-el-chapo-se-presentara-ante-una-corte-el-jueves-10-de-junio-de-2021\/#primaryimage\"},\"thumbnailUrl\":\"https:\/\/www.sonoraenequipo.com.mx\/storage\/2021\/06\/emma-coronel_opt.jpg\",\"datePublished\":\"2021-06-09T06:55:44+00:00\",\"dateModified\":\"2021-06-09T14:36:37+00:00\",\"description\":\"NUEVA YORK, ESTADOS UNIDOS. \u2014 Emma Coronel, la esposa del capo mexicano Joaqu\u00edn el \\\"Chapo\\\" Guzm\u00e1n, se declarar\u00e1 culpable esta semana en Estados Unidos de En Sonora en Equipo publicamos toda la informaci\u00f3n de Sonora, M\u00e9xico y el Mundo de manera oportuna y busca que la libertad de expresi\u00f3n sea real. Visita nuestro medio informativo publicado desde Hermosillo, Sonora. %\",\"breadcrumb\":{\"@id\":\"https:\/\/www.sonoraenequipo.com.mx\/la-esposa-de-joaquin-guzman-el-chapo-se-presentara-ante-una-corte-el-jueves-10-de-junio-de-2021\/#breadcrumb\"},\"inLanguage\":\"es\",\"potentialAction\":[{\"@type\":\"ReadAction\",\"target\":[\"https:\/\/www.sonoraenequipo.com.mx\/la-esposa-de-joaquin-guzman-el-chapo-se-presentara-ante-una-corte-el-jueves-10-de-junio-de-2021\/\"]}]},{\"@type\":\"ImageObject\",\"inLanguage\":\"es\",\"@id\":\"https:\/\/www.sonoraenequipo.com.mx\/la-esposa-de-joaquin-guzman-el-chapo-se-presentara-ante-una-corte-el-jueves-10-de-junio-de-2021\/#primaryimage\",\"url\":\"https:\/\/www.sonoraenequipo.com.mx\/storage\/2021\/06\/emma-coronel_opt.jpg\",\"contentUrl\":\"https:\/\/www.sonoraenequipo.com.mx\/storage\/2021\/06\/emma-coronel_opt.jpg\",\"width\":700,\"height\":400},{\"@type\":\"BreadcrumbList\",\"@id\":\"https:\/\/www.sonoraenequipo.com.mx\/la-esposa-de-joaquin-guzman-el-chapo-se-presentara-ante-una-corte-el-jueves-10-de-junio-de-2021\/#breadcrumb\",\"itemListElement\":[{\"@type\":\"ListItem\",\"position\":1,\"name\":\"Portada\",\"item\":\"https:\/\/www.sonoraenequipo.com.mx\/\"},{\"@type\":\"ListItem\",\"position\":2,\"name\":\"La esposa de Joaquin Guzm\u00e1n \u00abEl Chapo\u00bb se presentar\u00e1 ante una corte el jueves 10 de junio de 2021\"}]},{\"@type\":\"WebSite\",\"@id\":\"https:\/\/www.sonoraenequipo.com.mx\/#website\",\"url\":\"https:\/\/www.sonoraenequipo.com.mx\/\",\"name\":\"Sonora en Equipo.\",\"description\":\"Diario en l\u00ednea con Noticias desde Hermosillo, Sonora\",\"publisher\":{\"@id\":\"https:\/\/www.sonoraenequipo.com.mx\/#organization\"},\"potentialAction\":[{\"@type\":\"SearchAction\",\"target\":{\"@type\":\"EntryPoint\",\"urlTemplate\":\"https:\/\/www.sonoraenequipo.com.mx\/?s={search_term_string}\"},\"query-input\":{\"@type\":\"PropertyValueSpecification\",\"valueRequired\":true,\"valueName\":\"search_term_string\"}}],\"inLanguage\":\"es\"},{\"@type\":\"Organization\",\"@id\":\"https:\/\/www.sonoraenequipo.com.mx\/#organization\",\"name\":\"Sonoraenequipo.com.mx\",\"url\":\"https:\/\/www.sonoraenequipo.com.mx\/\",\"logo\":{\"@type\":\"ImageObject\",\"inLanguage\":\"es\",\"@id\":\"https:\/\/www.sonoraenequipo.com.mx\/#\/schema\/logo\/image\/\",\"url\":\"https:\/\/www.sonoraenequipo.com.mx\/storage\/2019\/01\/sonoraenequipo_opt.png\",\"contentUrl\":\"https:\/\/www.sonoraenequipo.com.mx\/storage\/2019\/01\/sonoraenequipo_opt.png\",\"width\":375,\"height\":125,\"caption\":\"Sonoraenequipo.com.mx\"},\"image\":{\"@id\":\"https:\/\/www.sonoraenequipo.com.mx\/#\/schema\/logo\/image\/\"},\"sameAs\":[\"https:\/\/www.facebook.com\/SonoraEE\/\",\"https:\/\/x.com\/sonoraenequipo\",\"https:\/\/www.youtube.com\/channel\/UC338nW-lPEYmJQs4ZABQ1SQ\"]},{\"@type\":\"Person\",\"@id\":\"https:\/\/www.sonoraenequipo.com.mx\/#\/schema\/person\/50102df0fb23a8fa9e8effad8fa81386\",\"name\":\"enequipo\",\"image\":{\"@type\":\"ImageObject\",\"inLanguage\":\"es\",\"@id\":\"https:\/\/www.sonoraenequipo.com.mx\/#\/schema\/person\/image\/\",\"url\":\"https:\/\/secure.gravatar.com\/avatar\/049821681b589dabc0bc20695993ccebb09f5b5d4d790cd9251b97faac7c652b?s=96&d=blank&r=g\",\"contentUrl\":\"https:\/\/secure.gravatar.com\/avatar\/049821681b589dabc0bc20695993ccebb09f5b5d4d790cd9251b97faac7c652b?s=96&d=blank&r=g\",\"caption\":\"enequipo\"},\"sameAs\":[\"https:\/\/www.facebook.com\/SonoraEE\"]}]}<\/script>\n ","yoast_head_json":{"title":"Sonora en Equipo. La esposa de Joaquin Guzm\u00e1n \"El Chapo\" se presentar\u00e1 ante una corte el jueves 10 de junio de 2021 MUNDO","description":"NUEVA YORK, ESTADOS UNIDOS. \u2014 Emma Coronel, la esposa del capo mexicano Joaqu\u00edn el \"Chapo\" Guzm\u00e1n, se declarar\u00e1 culpable esta semana en Estados Unidos de En Sonora en Equipo publicamos toda la informaci\u00f3n de Sonora, M\u00e9xico y el Mundo de manera oportuna y busca que la libertad de expresi\u00f3n sea real. Visita nuestro medio informativo publicado desde Hermosillo, Sonora. %","robots":{"index":"index","follow":"follow","max-snippet":"max-snippet:-1","max-image-preview":"max-image-preview:large","max-video-preview":"max-video-preview:-1"},"canonical":"https:\/\/www.sonoraenequipo.com.mx\/la-esposa-de-joaquin-guzman-el-chapo-se-presentara-ante-una-corte-el-jueves-10-de-junio-de-2021\/","og_locale":"es_ES","og_type":"article","og_title":"Sonora en Equipo. La esposa de Joaquin Guzm\u00e1n \"El Chapo\" se presentar\u00e1 ante una corte el jueves 10 de junio de 2021 MUNDO","og_description":"NUEVA YORK, ESTADOS UNIDOS. \u2014 Emma Coronel, la esposa del capo mexicano Joaqu\u00edn el \"Chapo\" Guzm\u00e1n, se declarar\u00e1 culpable esta semana en Estados Unidos de En Sonora en Equipo publicamos toda la informaci\u00f3n de Sonora, M\u00e9xico y el Mundo de manera oportuna y busca que la libertad de expresi\u00f3n sea real. Visita nuestro medio informativo publicado desde Hermosillo, Sonora. %","og_url":"https:\/\/www.sonoraenequipo.com.mx\/la-esposa-de-joaquin-guzman-el-chapo-se-presentara-ante-una-corte-el-jueves-10-de-junio-de-2021\/","og_site_name":"Sonora en Equipo.","article_publisher":"https:\/\/www.facebook.com\/SonoraEE\/","article_author":"https:\/\/www.facebook.com\/SonoraEE","article_published_time":"2021-06-09T06:55:44+00:00","article_modified_time":"2021-06-09T14:36:37+00:00","og_image":[{"width":700,"height":400,"url":"https:\/\/www.sonoraenequipo.com.mx\/storage\/2021\/06\/emma-coronel_opt.jpg","type":"image\/jpeg"}],"author":"enequipo","twitter_card":"summary_large_image","twitter_creator":"@sonoraenequipo","twitter_site":"@sonoraenequipo","twitter_misc":{"Escrito por":"enequipo","Tiempo de lectura":"2 minutos"},"schema":{"@context":"https:\/\/schema.org","@graph":[{"@type":"Article","@id":"https:\/\/www.sonoraenequipo.com.mx\/la-esposa-de-joaquin-guzman-el-chapo-se-presentara-ante-una-corte-el-jueves-10-de-junio-de-2021\/#article","isPartOf":{"@id":"https:\/\/www.sonoraenequipo.com.mx\/la-esposa-de-joaquin-guzman-el-chapo-se-presentara-ante-una-corte-el-jueves-10-de-junio-de-2021\/"},"author":{"name":"enequipo","@id":"https:\/\/www.sonoraenequipo.com.mx\/#\/schema\/person\/50102df0fb23a8fa9e8effad8fa81386"},"headline":"La esposa de Joaquin Guzm\u00e1n \u00abEl Chapo\u00bb se presentar\u00e1 ante una corte el jueves 10 de junio de 2021","datePublished":"2021-06-09T06:55:44+00:00","dateModified":"2021-06-09T14:36:37+00:00","mainEntityOfPage":{"@id":"https:\/\/www.sonoraenequipo.com.mx\/la-esposa-de-joaquin-guzman-el-chapo-se-presentara-ante-una-corte-el-jueves-10-de-junio-de-2021\/"},"wordCount":295,"commentCount":0,"publisher":{"@id":"https:\/\/www.sonoraenequipo.com.mx\/#organization"},"image":{"@id":"https:\/\/www.sonoraenequipo.com.mx\/la-esposa-de-joaquin-guzman-el-chapo-se-presentara-ante-una-corte-el-jueves-10-de-junio-de-2021\/#primaryimage"},"thumbnailUrl":"https:\/\/www.sonoraenequipo.com.mx\/storage\/2021\/06\/emma-coronel_opt.jpg","keywords":["Emma Coronel","estados unidos","Joaqu\u00edn Chapo Guzm\u00e1n","Juicios","Narcotr\u00e1fico"],"articleSection":["MUNDO"],"inLanguage":"es","potentialAction":[{"@type":"CommentAction","name":"Comment","target":["https:\/\/www.sonoraenequipo.com.mx\/la-esposa-de-joaquin-guzman-el-chapo-se-presentara-ante-una-corte-el-jueves-10-de-junio-de-2021\/#respond"]}]},{"@type":"WebPage","@id":"https:\/\/www.sonoraenequipo.com.mx\/la-esposa-de-joaquin-guzman-el-chapo-se-presentara-ante-una-corte-el-jueves-10-de-junio-de-2021\/","url":"https:\/\/www.sonoraenequipo.com.mx\/la-esposa-de-joaquin-guzman-el-chapo-se-presentara-ante-una-corte-el-jueves-10-de-junio-de-2021\/","name":"Sonora en Equipo. La esposa de Joaquin Guzm\u00e1n \"El Chapo\" se presentar\u00e1 ante una corte el jueves 10 de junio de 2021 MUNDO","isPartOf":{"@id":"https:\/\/www.sonoraenequipo.com.mx\/#website"},"primaryImageOfPage":{"@id":"https:\/\/www.sonoraenequipo.com.mx\/la-esposa-de-joaquin-guzman-el-chapo-se-presentara-ante-una-corte-el-jueves-10-de-junio-de-2021\/#primaryimage"},"image":{"@id":"https:\/\/www.sonoraenequipo.com.mx\/la-esposa-de-joaquin-guzman-el-chapo-se-presentara-ante-una-corte-el-jueves-10-de-junio-de-2021\/#primaryimage"},"thumbnailUrl":"https:\/\/www.sonoraenequipo.com.mx\/storage\/2021\/06\/emma-coronel_opt.jpg","datePublished":"2021-06-09T06:55:44+00:00","dateModified":"2021-06-09T14:36:37+00:00","description":"NUEVA YORK, ESTADOS UNIDOS. \u2014 Emma Coronel, la esposa del capo mexicano Joaqu\u00edn el \"Chapo\" Guzm\u00e1n, se declarar\u00e1 culpable esta semana en Estados Unidos de En Sonora en Equipo publicamos toda la informaci\u00f3n de Sonora, M\u00e9xico y el Mundo de manera oportuna y busca que la libertad de expresi\u00f3n sea real. Visita nuestro medio informativo publicado desde Hermosillo, Sonora. %","breadcrumb":{"@id":"https:\/\/www.sonoraenequipo.com.mx\/la-esposa-de-joaquin-guzman-el-chapo-se-presentara-ante-una-corte-el-jueves-10-de-junio-de-2021\/#breadcrumb"},"inLanguage":"es","potentialAction":[{"@type":"ReadAction","target":["https:\/\/www.sonoraenequipo.com.mx\/la-esposa-de-joaquin-guzman-el-chapo-se-presentara-ante-una-corte-el-jueves-10-de-junio-de-2021\/"]}]},{"@type":"ImageObject","inLanguage":"es","@id":"https:\/\/www.sonoraenequipo.com.mx\/la-esposa-de-joaquin-guzman-el-chapo-se-presentara-ante-una-corte-el-jueves-10-de-junio-de-2021\/#primaryimage","url":"https:\/\/www.sonoraenequipo.com.mx\/storage\/2021\/06\/emma-coronel_opt.jpg","contentUrl":"https:\/\/www.sonoraenequipo.com.mx\/storage\/2021\/06\/emma-coronel_opt.jpg","width":700,"height":400},{"@type":"BreadcrumbList","@id":"https:\/\/www.sonoraenequipo.com.mx\/la-esposa-de-joaquin-guzman-el-chapo-se-presentara-ante-una-corte-el-jueves-10-de-junio-de-2021\/#breadcrumb","itemListElement":[{"@type":"ListItem","position":1,"name":"Portada","item":"https:\/\/www.sonoraenequipo.com.mx\/"},{"@type":"ListItem","position":2,"name":"La esposa de Joaquin Guzm\u00e1n \u00abEl Chapo\u00bb se presentar\u00e1 ante una corte el jueves 10 de junio de 2021"}]},{"@type":"WebSite","@id":"https:\/\/www.sonoraenequipo.com.mx\/#website","url":"https:\/\/www.sonoraenequipo.com.mx\/","name":"Sonora en Equipo.","description":"Diario en l\u00ednea con Noticias desde Hermosillo, Sonora","publisher":{"@id":"https:\/\/www.sonoraenequipo.com.mx\/#organization"},"potentialAction":[{"@type":"SearchAction","target":{"@type":"EntryPoint","urlTemplate":"https:\/\/www.sonoraenequipo.com.mx\/?s={search_term_string}"},"query-input":{"@type":"PropertyValueSpecification","valueRequired":true,"valueName":"search_term_string"}}],"inLanguage":"es"},{"@type":"Organization","@id":"https:\/\/www.sonoraenequipo.com.mx\/#organization","name":"Sonoraenequipo.com.mx","url":"https:\/\/www.sonoraenequipo.com.mx\/","logo":{"@type":"ImageObject","inLanguage":"es","@id":"https:\/\/www.sonoraenequipo.com.mx\/#\/schema\/logo\/image\/","url":"https:\/\/www.sonoraenequipo.com.mx\/storage\/2019\/01\/sonoraenequipo_opt.png","contentUrl":"https:\/\/www.sonoraenequipo.com.mx\/storage\/2019\/01\/sonoraenequipo_opt.png","width":375,"height":125,"caption":"Sonoraenequipo.com.mx"},"image":{"@id":"https:\/\/www.sonoraenequipo.com.mx\/#\/schema\/logo\/image\/"},"sameAs":["https:\/\/www.facebook.com\/SonoraEE\/","https:\/\/x.com\/sonoraenequipo","https:\/\/www.youtube.com\/channel\/UC338nW-lPEYmJQs4ZABQ1SQ"]},{"@type":"Person","@id":"https:\/\/www.sonoraenequipo.com.mx\/#\/schema\/person\/50102df0fb23a8fa9e8effad8fa81386","name":"enequipo","image":{"@type":"ImageObject","inLanguage":"es","@id":"https:\/\/www.sonoraenequipo.com.mx\/#\/schema\/person\/image\/","url":"https:\/\/secure.gravatar.com\/avatar\/049821681b589dabc0bc20695993ccebb09f5b5d4d790cd9251b97faac7c652b?s=96&d=blank&r=g","contentUrl":"https:\/\/secure.gravatar.com\/avatar\/049821681b589dabc0bc20695993ccebb09f5b5d4d790cd9251b97faac7c652b?s=96&d=blank&r=g","caption":"enequipo"},"sameAs":["https:\/\/www.facebook.com\/SonoraEE"]}]}},"jetpack_featured_media_url":"https:\/\/www.sonoraenequipo.com.mx\/storage\/2021\/06\/emma-coronel_opt.jpg","_links":{"self":[{"href":"https:\/\/www.sonoraenequipo.com.mx\/api\/wp\/v2\/posts\/115932","targetHints":{"allow":["GET"]}}],"collection":[{"href":"https:\/\/www.sonoraenequipo.com.mx\/api\/wp\/v2\/posts"}],"about":[{"href":"https:\/\/www.sonoraenequipo.com.mx\/api\/wp\/v2\/types\/post"}],"author":[{"embeddable":true,"href":"https:\/\/www.sonoraenequipo.com.mx\/api\/wp\/v2\/users\/1"}],"replies":[{"embeddable":true,"href":"https:\/\/www.sonoraenequipo.com.mx\/api\/wp\/v2\/comments?post=115932"}],"version-history":[{"count":3,"href":"https:\/\/www.sonoraenequipo.com.mx\/api\/wp\/v2\/posts\/115932\/revisions"}],"predecessor-version":[{"id":115937,"href":"https:\/\/www.sonoraenequipo.com.mx\/api\/wp\/v2\/posts\/115932\/revisions\/115937"}],"wp:featuredmedia":[{"embeddable":true,"href":"https:\/\/www.sonoraenequipo.com.mx\/api\/wp\/v2\/media\/115934"}],"wp:attachment":[{"href":"https:\/\/www.sonoraenequipo.com.mx\/api\/wp\/v2\/media?parent=115932"}],"wp:term":[{"taxonomy":"category","embeddable":true,"href":"https:\/\/www.sonoraenequipo.com.mx\/api\/wp\/v2\/categories?post=115932"},{"taxonomy":"post_tag","embeddable":true,"href":"https:\/\/www.sonoraenequipo.com.mx\/api\/wp\/v2\/tags?post=115932"}],"curies":[{"name":"wp","href":"https:\/\/api.w.org\/{rel}","templated":true}]}}