{"id":115938,"date":"2021-06-09T06:36:58","date_gmt":"2021-06-09T13:36:58","guid":{"rendered":"https:\/\/www.sonoraenequipo.com.mx\/?p=115938"},"modified":"2021-06-09T08:20:03","modified_gmt":"2021-06-09T15:20:03","slug":"la-sfp-defendera-la-sancion-que-se-le-dio-a-luis-videgaray","status":"publish","type":"post","link":"https:\/\/www.sonoraenequipo.com.mx\/la-sfp-defendera-la-sancion-que-se-le-dio-a-luis-videgaray\/","title":{"rendered":"La SFP defender\u00e1 la sanci\u00f3n que se le di\u00f3 a Luis Videgaray"},"content":{"rendered":"<p>CIUDAD DE M\u00c9XICO. MX. \u2014 Luego de que Luis Videgaray, extitular de la Secretar\u00eda de Hacienda y Cr\u00e9dito P\u00fablico (SHCP), anunciara que impugnar\u00e1 la inhabilitaci\u00f3n por 10 a\u00f1os hecha por la Secretar\u00eda de la Funci\u00f3n P\u00fablica (SFP) al asegurar que las cuentas bancarias de las que se le acusa haber ocultado eran tarjetas de cr\u00e9dito sin saldo, la dependencia federal replic\u00f3 que estas cuentas s\u00ed eran bancarias y contaban con saldo.<\/p>\n<p>&nbsp;<\/p>\n<p> <\/p>\n<p>En una tarjeta informativa enviada por la Direcci\u00f3n General de Comunicaci\u00f3n Social de la SFP, se indica que la omisi\u00f3n de reportar saldos en cuentas constituye una falta administrativa grave que vulnera la integridad y la \u00e9tica en el servicio p\u00fablico, y \u00e9sta fue reiterada de 2015 a 2017.<\/p>\n<p>&nbsp;<\/p>\n<p>Se\u00f1al\u00f3 que para la inhabilitaci\u00f3n por 10 a\u00f1os se aplic\u00f3 la Ley Federal de Responsabilidades Administrativas de los Servidores P\u00fablicos en un procedimiento sancionador administrativo culminado, por lo que \u00abno se trata de una mera acusaci\u00f3n\u00bb.<\/p>\n<p>&nbsp;<\/p>\n<p>La Direcci\u00f3n General de Comunicaci\u00f3n Social de la SFP manifest\u00f3 que da la bienvenida a la impugnaci\u00f3n anunciada, donde \u00ab<em>defenderemos la legalidad y pulcritud de nuestra sanci\u00f3n\u00bb.<\/em><\/p>\n<p>&nbsp;<\/p>\n<p>Esta ma\u00f1ana, la SFP anunci\u00f3 que hab\u00eda inhabilitado por 10 a\u00f1os a Luis Videgaray por falta de veracidad en sus declaraciones patrimoniales durante tres a\u00f1os consecutivos.<\/p>\n<p>&nbsp;<\/p>\n<p>La dependencia federal detall\u00f3 que el tambi\u00e9n exsecretario de Relaciones Exteriores fue notificado de esta inhabilitaci\u00f3n desde el 11 de mayo, pero el anuncio se posterg\u00f3 hasta hoy por respeto a la veda electoral.<\/p>\n<p>&nbsp;<\/p>\n<h3>Luis Videgaray dice que impugnar\u00e1 resoluci\u00f3n de la SFP<\/h3>\n<p>&nbsp;<\/p>\n<p>M\u00e1s tarde, Luis Videgaray inform\u00f3 que impugnar\u00e1 esta resoluci\u00f3n, pues argument\u00f3 que las cuentas bancarias a las que se refiere la SFP son en realidad tarjetas de cr\u00e9dito que no ten\u00edan saldo deudor a la fecha de reporte de cada declaraci\u00f3n.<\/p>\n<p>&nbsp;<\/p>\n<p>En un comunicado difundido en su cuenta de Twitter, el tambi\u00e9n exsecretario de Relaciones Exteriores (SRE) indic\u00f3 que \u00abes deber de todos los mexicanos apoyar al Presidente L\u00f3pez Obrador en su lucha contra la corrupci\u00f3n\u00bb.<\/p>\n<p>&nbsp;<\/p>\n<p><em>\u00abEs deber de todos los mexicanos apoyar la lucha contra la corrupci\u00f3n que encabeza el Presidente Andr\u00e9s Manuel L\u00f3pez Obrador. En mi caso lo har\u00e9 impugnando la resoluci\u00f3n por la v\u00eda institucional, con pleno respeto a la SFP y sin litigar en los medios de comunicaci\u00f3n o en las redes sociales\u00bb,<\/em> asever\u00f3.<\/p>\n<p>&nbsp;<\/p>\n<p>(Publicada el 09\/06\/2021)<\/p>\n","protected":false},"excerpt":{"rendered":"<p>CIUDAD DE M\u00c9XICO. MX. \u2014 Luego de que Luis Videgaray, extitular de la Secretar\u00eda de&#8230;<\/p>\n","protected":false},"author":1,"featured_media":115942,"comment_status":"open","ping_status":"open","sticky":false,"template":"","format":"standard","meta":{"_monsterinsights_skip_tracking":false,"_monsterinsights_sitenote_active":false,"_monsterinsights_sitenote_note":"","_monsterinsights_sitenote_category":0,"footnotes":""},"categories":[5],"tags":[278,321,535,1025],"class_list":["post"],"yoast_head":" \n<title>Sonora en Equipo. La SFP defender\u00e1 la sanci\u00f3n que se le di\u00f3 a Luis Videgaray Rep\u00fablica<\/title>\n<meta name=\"description\" content=\"CIUDAD DE M\u00c9XICO. MX. \u2014 Luego de que Luis Videgaray, extitular de la Secretar\u00eda de Hacienda y Cr\u00e9dito P\u00fablico (SHCP), anunciara que impugnar\u00e1 la En Sonora en Equipo publicamos toda la informaci\u00f3n de Sonora, M\u00e9xico y el Mundo de manera oportuna y busca que la libertad de expresi\u00f3n sea real. Visita nuestro medio informativo publicado desde Hermosillo, Sonora. %\" \/>\n<meta name=\"robots\" content=\"index, follow, max-snippet:-1, max-image-preview:large, max-video-preview:-1\" \/>\n<link rel=\"canonical\" href=\"https:\/\/www.sonoraenequipo.com.mx\/la-sfp-defendera-la-sancion-que-se-le-dio-a-luis-videgaray\/\" \/>\n<meta property=\"og:locale\" content=\"es_ES\" \/>\n<meta property=\"og:type\" content=\"article\" \/>\n<meta property=\"og:title\" content=\"Sonora en Equipo. La SFP defender\u00e1 la sanci\u00f3n que se le di\u00f3 a Luis Videgaray Rep\u00fablica\" \/>\n<meta property=\"og:description\" content=\"CIUDAD DE M\u00c9XICO. MX. \u2014 Luego de que Luis Videgaray, extitular de la Secretar\u00eda de Hacienda y Cr\u00e9dito P\u00fablico (SHCP), anunciara que impugnar\u00e1 la En Sonora en Equipo publicamos toda la informaci\u00f3n de Sonora, M\u00e9xico y el Mundo de manera oportuna y busca que la libertad de expresi\u00f3n sea real. Visita nuestro medio informativo publicado desde Hermosillo, Sonora. %\" \/>\n<meta property=\"og:url\" content=\"https:\/\/www.sonoraenequipo.com.mx\/la-sfp-defendera-la-sancion-que-se-le-dio-a-luis-videgaray\/\" \/>\n<meta property=\"og:site_name\" content=\"Sonora en Equipo.\" \/>\n<meta property=\"article:publisher\" content=\"https:\/\/www.facebook.com\/SonoraEE\/\" \/>\n<meta property=\"article:author\" content=\"https:\/\/www.facebook.com\/SonoraEE\" \/>\n<meta property=\"article:published_time\" content=\"2021-06-09T13:36:58+00:00\" \/>\n<meta property=\"article:modified_time\" content=\"2021-06-09T15:20:03+00:00\" \/>\n<meta property=\"og:image\" content=\"https:\/\/www.sonoraenequipo.com.mx\/storage\/2021\/06\/Funcion-Publica_opt.jpg\" \/>\n\t<meta property=\"og:image:width\" content=\"700\" \/>\n\t<meta property=\"og:image:height\" content=\"400\" \/>\n\t<meta property=\"og:image:type\" content=\"image\/jpeg\" \/>\n<meta name=\"author\" content=\"enequipo\" \/>\n<meta name=\"twitter:card\" content=\"summary_large_image\" \/>\n<meta name=\"twitter:creator\" content=\"@sonoraenequipo\" \/>\n<meta name=\"twitter:site\" content=\"@sonoraenequipo\" \/>\n<meta name=\"twitter:label1\" content=\"Escrito por\" \/>\n\t<meta name=\"twitter:data1\" content=\"enequipo\" \/>\n\t<meta name=\"twitter:label2\" content=\"Tiempo de lectura\" \/>\n\t<meta name=\"twitter:data2\" content=\"2 minutos\" \/>\n<script type=\"application\/ld+json\" class=\"yoast-schema-graph\">{\"@context\":\"https:\/\/schema.org\",\"@graph\":[{\"@type\":\"Article\",\"@id\":\"https:\/\/www.sonoraenequipo.com.mx\/la-sfp-defendera-la-sancion-que-se-le-dio-a-luis-videgaray\/#article\",\"isPartOf\":{\"@id\":\"https:\/\/www.sonoraenequipo.com.mx\/la-sfp-defendera-la-sancion-que-se-le-dio-a-luis-videgaray\/\"},\"author\":{\"name\":\"enequipo\",\"@id\":\"https:\/\/www.sonoraenequipo.com.mx\/#\/schema\/person\/50102df0fb23a8fa9e8effad8fa81386\"},\"headline\":\"La SFP defender\u00e1 la sanci\u00f3n que se le di\u00f3 a Luis Videgaray\",\"datePublished\":\"2021-06-09T13:36:58+00:00\",\"dateModified\":\"2021-06-09T15:20:03+00:00\",\"mainEntityOfPage\":{\"@id\":\"https:\/\/www.sonoraenequipo.com.mx\/la-sfp-defendera-la-sancion-que-se-le-dio-a-luis-videgaray\/\"},\"wordCount\":442,\"commentCount\":0,\"publisher\":{\"@id\":\"https:\/\/www.sonoraenequipo.com.mx\/#organization\"},\"image\":{\"@id\":\"https:\/\/www.sonoraenequipo.com.mx\/la-sfp-defendera-la-sancion-que-se-le-dio-a-luis-videgaray\/#primaryimage\"},\"thumbnailUrl\":\"https:\/\/www.sonoraenequipo.com.mx\/storage\/2021\/06\/Funcion-Publica_opt.jpg\",\"keywords\":[\"Corrupci\u00f3n\",\"Gobierno de M\u00e9xico\",\"Luis Videgaray\",\"SFP\"],\"articleSection\":[\"Rep\u00fablica\"],\"inLanguage\":\"es\",\"potentialAction\":[{\"@type\":\"CommentAction\",\"name\":\"Comment\",\"target\":[\"https:\/\/www.sonoraenequipo.com.mx\/la-sfp-defendera-la-sancion-que-se-le-dio-a-luis-videgaray\/#respond\"]}]},{\"@type\":\"WebPage\",\"@id\":\"https:\/\/www.sonoraenequipo.com.mx\/la-sfp-defendera-la-sancion-que-se-le-dio-a-luis-videgaray\/\",\"url\":\"https:\/\/www.sonoraenequipo.com.mx\/la-sfp-defendera-la-sancion-que-se-le-dio-a-luis-videgaray\/\",\"name\":\"Sonora en Equipo. La SFP defender\u00e1 la sanci\u00f3n que se le di\u00f3 a Luis Videgaray Rep\u00fablica\",\"isPartOf\":{\"@id\":\"https:\/\/www.sonoraenequipo.com.mx\/#website\"},\"primaryImageOfPage\":{\"@id\":\"https:\/\/www.sonoraenequipo.com.mx\/la-sfp-defendera-la-sancion-que-se-le-dio-a-luis-videgaray\/#primaryimage\"},\"image\":{\"@id\":\"https:\/\/www.sonoraenequipo.com.mx\/la-sfp-defendera-la-sancion-que-se-le-dio-a-luis-videgaray\/#primaryimage\"},\"thumbnailUrl\":\"https:\/\/www.sonoraenequipo.com.mx\/storage\/2021\/06\/Funcion-Publica_opt.jpg\",\"datePublished\":\"2021-06-09T13:36:58+00:00\",\"dateModified\":\"2021-06-09T15:20:03+00:00\",\"description\":\"CIUDAD DE M\u00c9XICO. MX. \u2014 Luego de que Luis Videgaray, extitular de la Secretar\u00eda de Hacienda y Cr\u00e9dito P\u00fablico (SHCP), anunciara que impugnar\u00e1 la En Sonora en Equipo publicamos toda la informaci\u00f3n de Sonora, M\u00e9xico y el Mundo de manera oportuna y busca que la libertad de expresi\u00f3n sea real. Visita nuestro medio informativo publicado desde Hermosillo, Sonora. %\",\"breadcrumb\":{\"@id\":\"https:\/\/www.sonoraenequipo.com.mx\/la-sfp-defendera-la-sancion-que-se-le-dio-a-luis-videgaray\/#breadcrumb\"},\"inLanguage\":\"es\",\"potentialAction\":[{\"@type\":\"ReadAction\",\"target\":[\"https:\/\/www.sonoraenequipo.com.mx\/la-sfp-defendera-la-sancion-que-se-le-dio-a-luis-videgaray\/\"]}]},{\"@type\":\"ImageObject\",\"inLanguage\":\"es\",\"@id\":\"https:\/\/www.sonoraenequipo.com.mx\/la-sfp-defendera-la-sancion-que-se-le-dio-a-luis-videgaray\/#primaryimage\",\"url\":\"https:\/\/www.sonoraenequipo.com.mx\/storage\/2021\/06\/Funcion-Publica_opt.jpg\",\"contentUrl\":\"https:\/\/www.sonoraenequipo.com.mx\/storage\/2021\/06\/Funcion-Publica_opt.jpg\",\"width\":700,\"height\":400},{\"@type\":\"BreadcrumbList\",\"@id\":\"https:\/\/www.sonoraenequipo.com.mx\/la-sfp-defendera-la-sancion-que-se-le-dio-a-luis-videgaray\/#breadcrumb\",\"itemListElement\":[{\"@type\":\"ListItem\",\"position\":1,\"name\":\"Portada\",\"item\":\"https:\/\/www.sonoraenequipo.com.mx\/\"},{\"@type\":\"ListItem\",\"position\":2,\"name\":\"La SFP defender\u00e1 la sanci\u00f3n que se le di\u00f3 a Luis Videgaray\"}]},{\"@type\":\"WebSite\",\"@id\":\"https:\/\/www.sonoraenequipo.com.mx\/#website\",\"url\":\"https:\/\/www.sonoraenequipo.com.mx\/\",\"name\":\"Sonora en Equipo.\",\"description\":\"Diario en l\u00ednea con Noticias desde Hermosillo, Sonora\",\"publisher\":{\"@id\":\"https:\/\/www.sonoraenequipo.com.mx\/#organization\"},\"potentialAction\":[{\"@type\":\"SearchAction\",\"target\":{\"@type\":\"EntryPoint\",\"urlTemplate\":\"https:\/\/www.sonoraenequipo.com.mx\/?s={search_term_string}\"},\"query-input\":{\"@type\":\"PropertyValueSpecification\",\"valueRequired\":true,\"valueName\":\"search_term_string\"}}],\"inLanguage\":\"es\"},{\"@type\":\"Organization\",\"@id\":\"https:\/\/www.sonoraenequipo.com.mx\/#organization\",\"name\":\"Sonoraenequipo.com.mx\",\"url\":\"https:\/\/www.sonoraenequipo.com.mx\/\",\"logo\":{\"@type\":\"ImageObject\",\"inLanguage\":\"es\",\"@id\":\"https:\/\/www.sonoraenequipo.com.mx\/#\/schema\/logo\/image\/\",\"url\":\"https:\/\/www.sonoraenequipo.com.mx\/storage\/2019\/01\/sonoraenequipo_opt.png\",\"contentUrl\":\"https:\/\/www.sonoraenequipo.com.mx\/storage\/2019\/01\/sonoraenequipo_opt.png\",\"width\":375,\"height\":125,\"caption\":\"Sonoraenequipo.com.mx\"},\"image\":{\"@id\":\"https:\/\/www.sonoraenequipo.com.mx\/#\/schema\/logo\/image\/\"},\"sameAs\":[\"https:\/\/www.facebook.com\/SonoraEE\/\",\"https:\/\/x.com\/sonoraenequipo\",\"https:\/\/www.youtube.com\/channel\/UC338nW-lPEYmJQs4ZABQ1SQ\"]},{\"@type\":\"Person\",\"@id\":\"https:\/\/www.sonoraenequipo.com.mx\/#\/schema\/person\/50102df0fb23a8fa9e8effad8fa81386\",\"name\":\"enequipo\",\"image\":{\"@type\":\"ImageObject\",\"inLanguage\":\"es\",\"@id\":\"https:\/\/www.sonoraenequipo.com.mx\/#\/schema\/person\/image\/\",\"url\":\"https:\/\/secure.gravatar.com\/avatar\/049821681b589dabc0bc20695993ccebb09f5b5d4d790cd9251b97faac7c652b?s=96&d=blank&r=g\",\"contentUrl\":\"https:\/\/secure.gravatar.com\/avatar\/049821681b589dabc0bc20695993ccebb09f5b5d4d790cd9251b97faac7c652b?s=96&d=blank&r=g\",\"caption\":\"enequipo\"},\"sameAs\":[\"https:\/\/www.facebook.com\/SonoraEE\"]}]}<\/script>\n ","yoast_head_json":{"title":"Sonora en Equipo. La SFP defender\u00e1 la sanci\u00f3n que se le di\u00f3 a Luis Videgaray Rep\u00fablica","description":"CIUDAD DE M\u00c9XICO. MX. \u2014 Luego de que Luis Videgaray, extitular de la Secretar\u00eda de Hacienda y Cr\u00e9dito P\u00fablico (SHCP), anunciara que impugnar\u00e1 la En Sonora en Equipo publicamos toda la informaci\u00f3n de Sonora, M\u00e9xico y el Mundo de manera oportuna y busca que la libertad de expresi\u00f3n sea real. Visita nuestro medio informativo publicado desde Hermosillo, Sonora. %","robots":{"index":"index","follow":"follow","max-snippet":"max-snippet:-1","max-image-preview":"max-image-preview:large","max-video-preview":"max-video-preview:-1"},"canonical":"https:\/\/www.sonoraenequipo.com.mx\/la-sfp-defendera-la-sancion-que-se-le-dio-a-luis-videgaray\/","og_locale":"es_ES","og_type":"article","og_title":"Sonora en Equipo. La SFP defender\u00e1 la sanci\u00f3n que se le di\u00f3 a Luis Videgaray Rep\u00fablica","og_description":"CIUDAD DE M\u00c9XICO. MX. \u2014 Luego de que Luis Videgaray, extitular de la Secretar\u00eda de Hacienda y Cr\u00e9dito P\u00fablico (SHCP), anunciara que impugnar\u00e1 la En Sonora en Equipo publicamos toda la informaci\u00f3n de Sonora, M\u00e9xico y el Mundo de manera oportuna y busca que la libertad de expresi\u00f3n sea real. Visita nuestro medio informativo publicado desde Hermosillo, Sonora. %","og_url":"https:\/\/www.sonoraenequipo.com.mx\/la-sfp-defendera-la-sancion-que-se-le-dio-a-luis-videgaray\/","og_site_name":"Sonora en Equipo.","article_publisher":"https:\/\/www.facebook.com\/SonoraEE\/","article_author":"https:\/\/www.facebook.com\/SonoraEE","article_published_time":"2021-06-09T13:36:58+00:00","article_modified_time":"2021-06-09T15:20:03+00:00","og_image":[{"width":700,"height":400,"url":"https:\/\/www.sonoraenequipo.com.mx\/storage\/2021\/06\/Funcion-Publica_opt.jpg","type":"image\/jpeg"}],"author":"enequipo","twitter_card":"summary_large_image","twitter_creator":"@sonoraenequipo","twitter_site":"@sonoraenequipo","twitter_misc":{"Escrito por":"enequipo","Tiempo de lectura":"2 minutos"},"schema":{"@context":"https:\/\/schema.org","@graph":[{"@type":"Article","@id":"https:\/\/www.sonoraenequipo.com.mx\/la-sfp-defendera-la-sancion-que-se-le-dio-a-luis-videgaray\/#article","isPartOf":{"@id":"https:\/\/www.sonoraenequipo.com.mx\/la-sfp-defendera-la-sancion-que-se-le-dio-a-luis-videgaray\/"},"author":{"name":"enequipo","@id":"https:\/\/www.sonoraenequipo.com.mx\/#\/schema\/person\/50102df0fb23a8fa9e8effad8fa81386"},"headline":"La SFP defender\u00e1 la sanci\u00f3n que se le di\u00f3 a Luis Videgaray","datePublished":"2021-06-09T13:36:58+00:00","dateModified":"2021-06-09T15:20:03+00:00","mainEntityOfPage":{"@id":"https:\/\/www.sonoraenequipo.com.mx\/la-sfp-defendera-la-sancion-que-se-le-dio-a-luis-videgaray\/"},"wordCount":442,"commentCount":0,"publisher":{"@id":"https:\/\/www.sonoraenequipo.com.mx\/#organization"},"image":{"@id":"https:\/\/www.sonoraenequipo.com.mx\/la-sfp-defendera-la-sancion-que-se-le-dio-a-luis-videgaray\/#primaryimage"},"thumbnailUrl":"https:\/\/www.sonoraenequipo.com.mx\/storage\/2021\/06\/Funcion-Publica_opt.jpg","keywords":["Corrupci\u00f3n","Gobierno de M\u00e9xico","Luis Videgaray","SFP"],"articleSection":["Rep\u00fablica"],"inLanguage":"es","potentialAction":[{"@type":"CommentAction","name":"Comment","target":["https:\/\/www.sonoraenequipo.com.mx\/la-sfp-defendera-la-sancion-que-se-le-dio-a-luis-videgaray\/#respond"]}]},{"@type":"WebPage","@id":"https:\/\/www.sonoraenequipo.com.mx\/la-sfp-defendera-la-sancion-que-se-le-dio-a-luis-videgaray\/","url":"https:\/\/www.sonoraenequipo.com.mx\/la-sfp-defendera-la-sancion-que-se-le-dio-a-luis-videgaray\/","name":"Sonora en Equipo. La SFP defender\u00e1 la sanci\u00f3n que se le di\u00f3 a Luis Videgaray Rep\u00fablica","isPartOf":{"@id":"https:\/\/www.sonoraenequipo.com.mx\/#website"},"primaryImageOfPage":{"@id":"https:\/\/www.sonoraenequipo.com.mx\/la-sfp-defendera-la-sancion-que-se-le-dio-a-luis-videgaray\/#primaryimage"},"image":{"@id":"https:\/\/www.sonoraenequipo.com.mx\/la-sfp-defendera-la-sancion-que-se-le-dio-a-luis-videgaray\/#primaryimage"},"thumbnailUrl":"https:\/\/www.sonoraenequipo.com.mx\/storage\/2021\/06\/Funcion-Publica_opt.jpg","datePublished":"2021-06-09T13:36:58+00:00","dateModified":"2021-06-09T15:20:03+00:00","description":"CIUDAD DE M\u00c9XICO. MX. \u2014 Luego de que Luis Videgaray, extitular de la Secretar\u00eda de Hacienda y Cr\u00e9dito P\u00fablico (SHCP), anunciara que impugnar\u00e1 la En Sonora en Equipo publicamos toda la informaci\u00f3n de Sonora, M\u00e9xico y el Mundo de manera oportuna y busca que la libertad de expresi\u00f3n sea real. Visita nuestro medio informativo publicado desde Hermosillo, Sonora. %","breadcrumb":{"@id":"https:\/\/www.sonoraenequipo.com.mx\/la-sfp-defendera-la-sancion-que-se-le-dio-a-luis-videgaray\/#breadcrumb"},"inLanguage":"es","potentialAction":[{"@type":"ReadAction","target":["https:\/\/www.sonoraenequipo.com.mx\/la-sfp-defendera-la-sancion-que-se-le-dio-a-luis-videgaray\/"]}]},{"@type":"ImageObject","inLanguage":"es","@id":"https:\/\/www.sonoraenequipo.com.mx\/la-sfp-defendera-la-sancion-que-se-le-dio-a-luis-videgaray\/#primaryimage","url":"https:\/\/www.sonoraenequipo.com.mx\/storage\/2021\/06\/Funcion-Publica_opt.jpg","contentUrl":"https:\/\/www.sonoraenequipo.com.mx\/storage\/2021\/06\/Funcion-Publica_opt.jpg","width":700,"height":400},{"@type":"BreadcrumbList","@id":"https:\/\/www.sonoraenequipo.com.mx\/la-sfp-defendera-la-sancion-que-se-le-dio-a-luis-videgaray\/#breadcrumb","itemListElement":[{"@type":"ListItem","position":1,"name":"Portada","item":"https:\/\/www.sonoraenequipo.com.mx\/"},{"@type":"ListItem","position":2,"name":"La SFP defender\u00e1 la sanci\u00f3n que se le di\u00f3 a Luis Videgaray"}]},{"@type":"WebSite","@id":"https:\/\/www.sonoraenequipo.com.mx\/#website","url":"https:\/\/www.sonoraenequipo.com.mx\/","name":"Sonora en Equipo.","description":"Diario en l\u00ednea con Noticias desde Hermosillo, Sonora","publisher":{"@id":"https:\/\/www.sonoraenequipo.com.mx\/#organization"},"potentialAction":[{"@type":"SearchAction","target":{"@type":"EntryPoint","urlTemplate":"https:\/\/www.sonoraenequipo.com.mx\/?s={search_term_string}"},"query-input":{"@type":"PropertyValueSpecification","valueRequired":true,"valueName":"search_term_string"}}],"inLanguage":"es"},{"@type":"Organization","@id":"https:\/\/www.sonoraenequipo.com.mx\/#organization","name":"Sonoraenequipo.com.mx","url":"https:\/\/www.sonoraenequipo.com.mx\/","logo":{"@type":"ImageObject","inLanguage":"es","@id":"https:\/\/www.sonoraenequipo.com.mx\/#\/schema\/logo\/image\/","url":"https:\/\/www.sonoraenequipo.com.mx\/storage\/2019\/01\/sonoraenequipo_opt.png","contentUrl":"https:\/\/www.sonoraenequipo.com.mx\/storage\/2019\/01\/sonoraenequipo_opt.png","width":375,"height":125,"caption":"Sonoraenequipo.com.mx"},"image":{"@id":"https:\/\/www.sonoraenequipo.com.mx\/#\/schema\/logo\/image\/"},"sameAs":["https:\/\/www.facebook.com\/SonoraEE\/","https:\/\/x.com\/sonoraenequipo","https:\/\/www.youtube.com\/channel\/UC338nW-lPEYmJQs4ZABQ1SQ"]},{"@type":"Person","@id":"https:\/\/www.sonoraenequipo.com.mx\/#\/schema\/person\/50102df0fb23a8fa9e8effad8fa81386","name":"enequipo","image":{"@type":"ImageObject","inLanguage":"es","@id":"https:\/\/www.sonoraenequipo.com.mx\/#\/schema\/person\/image\/","url":"https:\/\/secure.gravatar.com\/avatar\/049821681b589dabc0bc20695993ccebb09f5b5d4d790cd9251b97faac7c652b?s=96&d=blank&r=g","contentUrl":"https:\/\/secure.gravatar.com\/avatar\/049821681b589dabc0bc20695993ccebb09f5b5d4d790cd9251b97faac7c652b?s=96&d=blank&r=g","caption":"enequipo"},"sameAs":["https:\/\/www.facebook.com\/SonoraEE"]}]}},"jetpack_featured_media_url":"https:\/\/www.sonoraenequipo.com.mx\/storage\/2021\/06\/Funcion-Publica_opt.jpg","_links":{"self":[{"href":"https:\/\/www.sonoraenequipo.com.mx\/api\/wp\/v2\/posts\/115938","targetHints":{"allow":["GET"]}}],"collection":[{"href":"https:\/\/www.sonoraenequipo.com.mx\/api\/wp\/v2\/posts"}],"about":[{"href":"https:\/\/www.sonoraenequipo.com.mx\/api\/wp\/v2\/types\/post"}],"author":[{"embeddable":true,"href":"https:\/\/www.sonoraenequipo.com.mx\/api\/wp\/v2\/users\/1"}],"replies":[{"embeddable":true,"href":"https:\/\/www.sonoraenequipo.com.mx\/api\/wp\/v2\/comments?post=115938"}],"version-history":[{"count":2,"href":"https:\/\/www.sonoraenequipo.com.mx\/api\/wp\/v2\/posts\/115938\/revisions"}],"predecessor-version":[{"id":115953,"href":"https:\/\/www.sonoraenequipo.com.mx\/api\/wp\/v2\/posts\/115938\/revisions\/115953"}],"wp:featuredmedia":[{"embeddable":true,"href":"https:\/\/www.sonoraenequipo.com.mx\/api\/wp\/v2\/media\/115942"}],"wp:attachment":[{"href":"https:\/\/www.sonoraenequipo.com.mx\/api\/wp\/v2\/media?parent=115938"}],"wp:term":[{"taxonomy":"category","embeddable":true,"href":"https:\/\/www.sonoraenequipo.com.mx\/api\/wp\/v2\/categories?post=115938"},{"taxonomy":"post_tag","embeddable":true,"href":"https:\/\/www.sonoraenequipo.com.mx\/api\/wp\/v2\/tags?post=115938"}],"curies":[{"name":"wp","href":"https:\/\/api.w.org\/{rel}","templated":true}]}}