{"id":115944,"date":"2021-06-09T07:30:02","date_gmt":"2021-06-09T14:30:02","guid":{"rendered":"https:\/\/www.sonoraenequipo.com.mx\/?p=115944"},"modified":"2021-06-09T08:18:52","modified_gmt":"2021-06-09T15:18:52","slug":"mexico-da-el-visto-bueno-a-suero-equino-para-tratar-covid","status":"publish","type":"post","link":"https:\/\/www.sonoraenequipo.com.mx\/mexico-da-el-visto-bueno-a-suero-equino-para-tratar-covid\/","title":{"rendered":"M\u00e9xico da el visto bueno a suero equino para tratar Covid"},"content":{"rendered":"<p>CIUDAD DE M\u00c9XICO.MX. \u2014 El Comit\u00e9 de Mol\u00e9culas Nuevas de la Comisi\u00f3n Federal para la Protecci\u00f3n contra Riesgos Sanitarios (Cofepris) dio el visto bueno al uso de emergencia del suero equino para tratar a pacientes con Covid-19 de moderado a severo.<\/p>\n<p>&nbsp;<\/p>\n<p> <\/p>\n<p>&nbsp;<\/p>\n<p>Seg\u00fan El Financiero, este martes sesion\u00f3 el comit\u00e9 sobre la solicitud de registro y uso de emergencia del medicamento Inmunoglobulinas equinas fragmentos F(ab\u00b4) 2 anti SARS-CoV2.<\/p>\n<p>&nbsp;<\/p>\n<p>Luego de ser sometido a consideraci\u00f3n recibi\u00f3 una opini\u00f3n favorable un\u00e1nime por parte de los expertos y expertas para su uso de emergencia para el tratamiento de pacientes adultos con enfermedad de curso moderado a severo.<\/p>\n<p>&nbsp;<\/p>\n<p>Sin embargo, esta opini\u00f3n queda condicionada a las recomendaciones en la indicaci\u00f3n terap\u00e9utica, as\u00ed como a la presentaci\u00f3n de informaci\u00f3n adicional de estudios cl\u00ednicos.<\/p>\n<p>&nbsp;<\/p>\n<p>Esta decisi\u00f3n forma parte del proceso requerido por la Cofepris para el cumplimiento de los requisitos de calidad, seguridad y eficacia, necesarios la autorizaci\u00f3n de un producto.<\/p>\n<p>&nbsp;<\/p>\n<p>Por lo que cabe resaltar que el comit\u00e9 no autoriza o rechaza mol\u00e9culas; emite una opini\u00f3n t\u00e9cnica favorable o no favorable basada en la evidencia cient\u00edfica y m\u00e9dica presentada, misma que no es vinculante y que es integrada por los laboratorios a sus expedientes presentados ante la Comisi\u00f3n de Autorizaci\u00f3n Sanitaria.<\/p>\n<p>&nbsp;<\/p>\n<p>El pasado 11 de enero, Hugo L\u00f3pez Gatell, subsecretario de Prevenci\u00f3n y Promoci\u00f3n de la Salud, dio a conocer, tras su gira de trabajo en Argentina, que se analizar\u00eda traer a M\u00e9xico un suero equino creado en dicha naci\u00f3n sudamericana que puede reducir en un 40 por ciento la mortalidad en personas con enfermedad grave por COVID-19.<\/p>\n<p>&nbsp;<\/p>\n<p><em>\u201cEl s\u00e1bado tuvimos una reuni\u00f3n sobre biotecnolog\u00eda con cient\u00edficos muy prestigiados. (\u2026) La junta fue sobre la producci\u00f3n de un suero equino hiperinmune fabricado en caballos\u201d<\/em>, coment\u00f3 el doctor en Epidemiolog\u00eda.<\/p>\n<p>&nbsp;<\/p>\n<p>\u201c<em>A trav\u00e9s de biotecnolog\u00eda han logrado tener una formulaci\u00f3n que es a\u00fan m\u00e1s segura y con resultados preliminares, de sus ensayos cl\u00ednicos, parece que logran reducir hasta 40 por ciento la mortalidad en personas con enfermedad grave\u201d,<\/em> continu\u00f3.<\/p>\n<p>&nbsp;<\/p>\n<p>(Publicada el 09\/06\/2021)<\/p>\n","protected":false},"excerpt":{"rendered":"<p>CIUDAD DE M\u00c9XICO.MX. \u2014 El Comit\u00e9 de Mol\u00e9culas Nuevas de la Comisi\u00f3n Federal para la&#8230;<\/p>\n","protected":false},"author":1,"featured_media":115940,"comment_status":"open","ping_status":"open","sticky":false,"template":"","format":"standard","meta":{"_monsterinsights_skip_tracking":false,"_monsterinsights_sitenote_active":false,"_monsterinsights_sitenote_note":"","_monsterinsights_sitenote_category":0,"footnotes":""},"categories":[2216],"tags":[],"class_list":["post"],"yoast_head":" \n<title>Sonora en Equipo. M\u00e9xico da el visto bueno a suero equino para tratar Covid Ciencia y Tecnolog\u00eda<\/title>\n<meta name=\"description\" content=\"CIUDAD DE M\u00c9XICO.MX. \u2014 El Comit\u00e9 de Mol\u00e9culas Nuevas de la Comisi\u00f3n Federal para la Protecci\u00f3n contra Riesgos Sanitarios (Cofepris) dio el visto bueno al En Sonora en Equipo publicamos toda la informaci\u00f3n de Sonora, M\u00e9xico y el Mundo de manera oportuna y busca que la libertad de expresi\u00f3n sea real. Visita nuestro medio informativo publicado desde Hermosillo, Sonora. %\" \/>\n<meta name=\"robots\" content=\"index, follow, max-snippet:-1, max-image-preview:large, max-video-preview:-1\" \/>\n<link rel=\"canonical\" href=\"https:\/\/www.sonoraenequipo.com.mx\/mexico-da-el-visto-bueno-a-suero-equino-para-tratar-covid\/\" \/>\n<meta property=\"og:locale\" content=\"es_ES\" \/>\n<meta property=\"og:type\" content=\"article\" \/>\n<meta property=\"og:title\" content=\"Sonora en Equipo. M\u00e9xico da el visto bueno a suero equino para tratar Covid Ciencia y Tecnolog\u00eda\" \/>\n<meta property=\"og:description\" content=\"CIUDAD DE M\u00c9XICO.MX. \u2014 El Comit\u00e9 de Mol\u00e9culas Nuevas de la Comisi\u00f3n Federal para la Protecci\u00f3n contra Riesgos Sanitarios (Cofepris) dio el visto bueno al En Sonora en Equipo publicamos toda la informaci\u00f3n de Sonora, M\u00e9xico y el Mundo de manera oportuna y busca que la libertad de expresi\u00f3n sea real. Visita nuestro medio informativo publicado desde Hermosillo, Sonora. %\" \/>\n<meta property=\"og:url\" content=\"https:\/\/www.sonoraenequipo.com.mx\/mexico-da-el-visto-bueno-a-suero-equino-para-tratar-covid\/\" \/>\n<meta property=\"og:site_name\" content=\"Sonora en Equipo.\" \/>\n<meta property=\"article:publisher\" content=\"https:\/\/www.facebook.com\/SonoraEE\/\" \/>\n<meta property=\"article:author\" content=\"https:\/\/www.facebook.com\/SonoraEE\" \/>\n<meta property=\"article:published_time\" content=\"2021-06-09T14:30:02+00:00\" \/>\n<meta property=\"article:modified_time\" content=\"2021-06-09T15:18:52+00:00\" \/>\n<meta property=\"og:image\" content=\"https:\/\/www.sonoraenequipo.com.mx\/storage\/2021\/06\/suero-EQUINO_opt.jpg\" \/>\n\t<meta property=\"og:image:width\" content=\"700\" \/>\n\t<meta property=\"og:image:height\" content=\"400\" \/>\n\t<meta property=\"og:image:type\" content=\"image\/jpeg\" \/>\n<meta name=\"author\" content=\"enequipo\" \/>\n<meta name=\"twitter:card\" content=\"summary_large_image\" \/>\n<meta name=\"twitter:creator\" content=\"@sonoraenequipo\" \/>\n<meta name=\"twitter:site\" content=\"@sonoraenequipo\" \/>\n<meta name=\"twitter:label1\" content=\"Escrito por\" \/>\n\t<meta name=\"twitter:data1\" content=\"enequipo\" \/>\n\t<meta name=\"twitter:label2\" content=\"Tiempo de lectura\" \/>\n\t<meta name=\"twitter:data2\" content=\"2 minutos\" \/>\n<script type=\"application\/ld+json\" class=\"yoast-schema-graph\">{\"@context\":\"https:\/\/schema.org\",\"@graph\":[{\"@type\":\"Article\",\"@id\":\"https:\/\/www.sonoraenequipo.com.mx\/mexico-da-el-visto-bueno-a-suero-equino-para-tratar-covid\/#article\",\"isPartOf\":{\"@id\":\"https:\/\/www.sonoraenequipo.com.mx\/mexico-da-el-visto-bueno-a-suero-equino-para-tratar-covid\/\"},\"author\":{\"name\":\"enequipo\",\"@id\":\"https:\/\/www.sonoraenequipo.com.mx\/#\/schema\/person\/50102df0fb23a8fa9e8effad8fa81386\"},\"headline\":\"M\u00e9xico da el visto bueno a suero equino para tratar Covid\",\"datePublished\":\"2021-06-09T14:30:02+00:00\",\"dateModified\":\"2021-06-09T15:18:52+00:00\",\"mainEntityOfPage\":{\"@id\":\"https:\/\/www.sonoraenequipo.com.mx\/mexico-da-el-visto-bueno-a-suero-equino-para-tratar-covid\/\"},\"wordCount\":392,\"commentCount\":0,\"publisher\":{\"@id\":\"https:\/\/www.sonoraenequipo.com.mx\/#organization\"},\"image\":{\"@id\":\"https:\/\/www.sonoraenequipo.com.mx\/mexico-da-el-visto-bueno-a-suero-equino-para-tratar-covid\/#primaryimage\"},\"thumbnailUrl\":\"https:\/\/www.sonoraenequipo.com.mx\/storage\/2021\/06\/suero-EQUINO_opt.jpg\",\"articleSection\":[\"Ciencia y Tecnolog\u00eda\"],\"inLanguage\":\"es\",\"potentialAction\":[{\"@type\":\"CommentAction\",\"name\":\"Comment\",\"target\":[\"https:\/\/www.sonoraenequipo.com.mx\/mexico-da-el-visto-bueno-a-suero-equino-para-tratar-covid\/#respond\"]}]},{\"@type\":\"WebPage\",\"@id\":\"https:\/\/www.sonoraenequipo.com.mx\/mexico-da-el-visto-bueno-a-suero-equino-para-tratar-covid\/\",\"url\":\"https:\/\/www.sonoraenequipo.com.mx\/mexico-da-el-visto-bueno-a-suero-equino-para-tratar-covid\/\",\"name\":\"Sonora en Equipo. M\u00e9xico da el visto bueno a suero equino para tratar Covid Ciencia y Tecnolog\u00eda\",\"isPartOf\":{\"@id\":\"https:\/\/www.sonoraenequipo.com.mx\/#website\"},\"primaryImageOfPage\":{\"@id\":\"https:\/\/www.sonoraenequipo.com.mx\/mexico-da-el-visto-bueno-a-suero-equino-para-tratar-covid\/#primaryimage\"},\"image\":{\"@id\":\"https:\/\/www.sonoraenequipo.com.mx\/mexico-da-el-visto-bueno-a-suero-equino-para-tratar-covid\/#primaryimage\"},\"thumbnailUrl\":\"https:\/\/www.sonoraenequipo.com.mx\/storage\/2021\/06\/suero-EQUINO_opt.jpg\",\"datePublished\":\"2021-06-09T14:30:02+00:00\",\"dateModified\":\"2021-06-09T15:18:52+00:00\",\"description\":\"CIUDAD DE M\u00c9XICO.MX. \u2014 El Comit\u00e9 de Mol\u00e9culas Nuevas de la Comisi\u00f3n Federal para la Protecci\u00f3n contra Riesgos Sanitarios (Cofepris) dio el visto bueno al En Sonora en Equipo publicamos toda la informaci\u00f3n de Sonora, M\u00e9xico y el Mundo de manera oportuna y busca que la libertad de expresi\u00f3n sea real. Visita nuestro medio informativo publicado desde Hermosillo, Sonora. %\",\"breadcrumb\":{\"@id\":\"https:\/\/www.sonoraenequipo.com.mx\/mexico-da-el-visto-bueno-a-suero-equino-para-tratar-covid\/#breadcrumb\"},\"inLanguage\":\"es\",\"potentialAction\":[{\"@type\":\"ReadAction\",\"target\":[\"https:\/\/www.sonoraenequipo.com.mx\/mexico-da-el-visto-bueno-a-suero-equino-para-tratar-covid\/\"]}]},{\"@type\":\"ImageObject\",\"inLanguage\":\"es\",\"@id\":\"https:\/\/www.sonoraenequipo.com.mx\/mexico-da-el-visto-bueno-a-suero-equino-para-tratar-covid\/#primaryimage\",\"url\":\"https:\/\/www.sonoraenequipo.com.mx\/storage\/2021\/06\/suero-EQUINO_opt.jpg\",\"contentUrl\":\"https:\/\/www.sonoraenequipo.com.mx\/storage\/2021\/06\/suero-EQUINO_opt.jpg\",\"width\":700,\"height\":400},{\"@type\":\"BreadcrumbList\",\"@id\":\"https:\/\/www.sonoraenequipo.com.mx\/mexico-da-el-visto-bueno-a-suero-equino-para-tratar-covid\/#breadcrumb\",\"itemListElement\":[{\"@type\":\"ListItem\",\"position\":1,\"name\":\"Portada\",\"item\":\"https:\/\/www.sonoraenequipo.com.mx\/\"},{\"@type\":\"ListItem\",\"position\":2,\"name\":\"M\u00e9xico da el visto bueno a suero equino para tratar Covid\"}]},{\"@type\":\"WebSite\",\"@id\":\"https:\/\/www.sonoraenequipo.com.mx\/#website\",\"url\":\"https:\/\/www.sonoraenequipo.com.mx\/\",\"name\":\"Sonora en Equipo.\",\"description\":\"Diario en l\u00ednea con Noticias desde Hermosillo, Sonora\",\"publisher\":{\"@id\":\"https:\/\/www.sonoraenequipo.com.mx\/#organization\"},\"potentialAction\":[{\"@type\":\"SearchAction\",\"target\":{\"@type\":\"EntryPoint\",\"urlTemplate\":\"https:\/\/www.sonoraenequipo.com.mx\/?s={search_term_string}\"},\"query-input\":{\"@type\":\"PropertyValueSpecification\",\"valueRequired\":true,\"valueName\":\"search_term_string\"}}],\"inLanguage\":\"es\"},{\"@type\":\"Organization\",\"@id\":\"https:\/\/www.sonoraenequipo.com.mx\/#organization\",\"name\":\"Sonoraenequipo.com.mx\",\"url\":\"https:\/\/www.sonoraenequipo.com.mx\/\",\"logo\":{\"@type\":\"ImageObject\",\"inLanguage\":\"es\",\"@id\":\"https:\/\/www.sonoraenequipo.com.mx\/#\/schema\/logo\/image\/\",\"url\":\"https:\/\/www.sonoraenequipo.com.mx\/storage\/2019\/01\/sonoraenequipo_opt.png\",\"contentUrl\":\"https:\/\/www.sonoraenequipo.com.mx\/storage\/2019\/01\/sonoraenequipo_opt.png\",\"width\":375,\"height\":125,\"caption\":\"Sonoraenequipo.com.mx\"},\"image\":{\"@id\":\"https:\/\/www.sonoraenequipo.com.mx\/#\/schema\/logo\/image\/\"},\"sameAs\":[\"https:\/\/www.facebook.com\/SonoraEE\/\",\"https:\/\/x.com\/sonoraenequipo\",\"https:\/\/www.youtube.com\/channel\/UC338nW-lPEYmJQs4ZABQ1SQ\"]},{\"@type\":\"Person\",\"@id\":\"https:\/\/www.sonoraenequipo.com.mx\/#\/schema\/person\/50102df0fb23a8fa9e8effad8fa81386\",\"name\":\"enequipo\",\"image\":{\"@type\":\"ImageObject\",\"inLanguage\":\"es\",\"@id\":\"https:\/\/www.sonoraenequipo.com.mx\/#\/schema\/person\/image\/\",\"url\":\"https:\/\/secure.gravatar.com\/avatar\/049821681b589dabc0bc20695993ccebb09f5b5d4d790cd9251b97faac7c652b?s=96&d=blank&r=g\",\"contentUrl\":\"https:\/\/secure.gravatar.com\/avatar\/049821681b589dabc0bc20695993ccebb09f5b5d4d790cd9251b97faac7c652b?s=96&d=blank&r=g\",\"caption\":\"enequipo\"},\"sameAs\":[\"https:\/\/www.facebook.com\/SonoraEE\"]}]}<\/script>\n ","yoast_head_json":{"title":"Sonora en Equipo. M\u00e9xico da el visto bueno a suero equino para tratar Covid Ciencia y Tecnolog\u00eda","description":"CIUDAD DE M\u00c9XICO.MX. \u2014 El Comit\u00e9 de Mol\u00e9culas Nuevas de la Comisi\u00f3n Federal para la Protecci\u00f3n contra Riesgos Sanitarios (Cofepris) dio el visto bueno al En Sonora en Equipo publicamos toda la informaci\u00f3n de Sonora, M\u00e9xico y el Mundo de manera oportuna y busca que la libertad de expresi\u00f3n sea real. Visita nuestro medio informativo publicado desde Hermosillo, Sonora. %","robots":{"index":"index","follow":"follow","max-snippet":"max-snippet:-1","max-image-preview":"max-image-preview:large","max-video-preview":"max-video-preview:-1"},"canonical":"https:\/\/www.sonoraenequipo.com.mx\/mexico-da-el-visto-bueno-a-suero-equino-para-tratar-covid\/","og_locale":"es_ES","og_type":"article","og_title":"Sonora en Equipo. M\u00e9xico da el visto bueno a suero equino para tratar Covid Ciencia y Tecnolog\u00eda","og_description":"CIUDAD DE M\u00c9XICO.MX. \u2014 El Comit\u00e9 de Mol\u00e9culas Nuevas de la Comisi\u00f3n Federal para la Protecci\u00f3n contra Riesgos Sanitarios (Cofepris) dio el visto bueno al En Sonora en Equipo publicamos toda la informaci\u00f3n de Sonora, M\u00e9xico y el Mundo de manera oportuna y busca que la libertad de expresi\u00f3n sea real. Visita nuestro medio informativo publicado desde Hermosillo, Sonora. %","og_url":"https:\/\/www.sonoraenequipo.com.mx\/mexico-da-el-visto-bueno-a-suero-equino-para-tratar-covid\/","og_site_name":"Sonora en Equipo.","article_publisher":"https:\/\/www.facebook.com\/SonoraEE\/","article_author":"https:\/\/www.facebook.com\/SonoraEE","article_published_time":"2021-06-09T14:30:02+00:00","article_modified_time":"2021-06-09T15:18:52+00:00","og_image":[{"width":700,"height":400,"url":"https:\/\/www.sonoraenequipo.com.mx\/storage\/2021\/06\/suero-EQUINO_opt.jpg","type":"image\/jpeg"}],"author":"enequipo","twitter_card":"summary_large_image","twitter_creator":"@sonoraenequipo","twitter_site":"@sonoraenequipo","twitter_misc":{"Escrito por":"enequipo","Tiempo de lectura":"2 minutos"},"schema":{"@context":"https:\/\/schema.org","@graph":[{"@type":"Article","@id":"https:\/\/www.sonoraenequipo.com.mx\/mexico-da-el-visto-bueno-a-suero-equino-para-tratar-covid\/#article","isPartOf":{"@id":"https:\/\/www.sonoraenequipo.com.mx\/mexico-da-el-visto-bueno-a-suero-equino-para-tratar-covid\/"},"author":{"name":"enequipo","@id":"https:\/\/www.sonoraenequipo.com.mx\/#\/schema\/person\/50102df0fb23a8fa9e8effad8fa81386"},"headline":"M\u00e9xico da el visto bueno a suero equino para tratar Covid","datePublished":"2021-06-09T14:30:02+00:00","dateModified":"2021-06-09T15:18:52+00:00","mainEntityOfPage":{"@id":"https:\/\/www.sonoraenequipo.com.mx\/mexico-da-el-visto-bueno-a-suero-equino-para-tratar-covid\/"},"wordCount":392,"commentCount":0,"publisher":{"@id":"https:\/\/www.sonoraenequipo.com.mx\/#organization"},"image":{"@id":"https:\/\/www.sonoraenequipo.com.mx\/mexico-da-el-visto-bueno-a-suero-equino-para-tratar-covid\/#primaryimage"},"thumbnailUrl":"https:\/\/www.sonoraenequipo.com.mx\/storage\/2021\/06\/suero-EQUINO_opt.jpg","articleSection":["Ciencia y Tecnolog\u00eda"],"inLanguage":"es","potentialAction":[{"@type":"CommentAction","name":"Comment","target":["https:\/\/www.sonoraenequipo.com.mx\/mexico-da-el-visto-bueno-a-suero-equino-para-tratar-covid\/#respond"]}]},{"@type":"WebPage","@id":"https:\/\/www.sonoraenequipo.com.mx\/mexico-da-el-visto-bueno-a-suero-equino-para-tratar-covid\/","url":"https:\/\/www.sonoraenequipo.com.mx\/mexico-da-el-visto-bueno-a-suero-equino-para-tratar-covid\/","name":"Sonora en Equipo. M\u00e9xico da el visto bueno a suero equino para tratar Covid Ciencia y Tecnolog\u00eda","isPartOf":{"@id":"https:\/\/www.sonoraenequipo.com.mx\/#website"},"primaryImageOfPage":{"@id":"https:\/\/www.sonoraenequipo.com.mx\/mexico-da-el-visto-bueno-a-suero-equino-para-tratar-covid\/#primaryimage"},"image":{"@id":"https:\/\/www.sonoraenequipo.com.mx\/mexico-da-el-visto-bueno-a-suero-equino-para-tratar-covid\/#primaryimage"},"thumbnailUrl":"https:\/\/www.sonoraenequipo.com.mx\/storage\/2021\/06\/suero-EQUINO_opt.jpg","datePublished":"2021-06-09T14:30:02+00:00","dateModified":"2021-06-09T15:18:52+00:00","description":"CIUDAD DE M\u00c9XICO.MX. \u2014 El Comit\u00e9 de Mol\u00e9culas Nuevas de la Comisi\u00f3n Federal para la Protecci\u00f3n contra Riesgos Sanitarios (Cofepris) dio el visto bueno al En Sonora en Equipo publicamos toda la informaci\u00f3n de Sonora, M\u00e9xico y el Mundo de manera oportuna y busca que la libertad de expresi\u00f3n sea real. Visita nuestro medio informativo publicado desde Hermosillo, Sonora. %","breadcrumb":{"@id":"https:\/\/www.sonoraenequipo.com.mx\/mexico-da-el-visto-bueno-a-suero-equino-para-tratar-covid\/#breadcrumb"},"inLanguage":"es","potentialAction":[{"@type":"ReadAction","target":["https:\/\/www.sonoraenequipo.com.mx\/mexico-da-el-visto-bueno-a-suero-equino-para-tratar-covid\/"]}]},{"@type":"ImageObject","inLanguage":"es","@id":"https:\/\/www.sonoraenequipo.com.mx\/mexico-da-el-visto-bueno-a-suero-equino-para-tratar-covid\/#primaryimage","url":"https:\/\/www.sonoraenequipo.com.mx\/storage\/2021\/06\/suero-EQUINO_opt.jpg","contentUrl":"https:\/\/www.sonoraenequipo.com.mx\/storage\/2021\/06\/suero-EQUINO_opt.jpg","width":700,"height":400},{"@type":"BreadcrumbList","@id":"https:\/\/www.sonoraenequipo.com.mx\/mexico-da-el-visto-bueno-a-suero-equino-para-tratar-covid\/#breadcrumb","itemListElement":[{"@type":"ListItem","position":1,"name":"Portada","item":"https:\/\/www.sonoraenequipo.com.mx\/"},{"@type":"ListItem","position":2,"name":"M\u00e9xico da el visto bueno a suero equino para tratar Covid"}]},{"@type":"WebSite","@id":"https:\/\/www.sonoraenequipo.com.mx\/#website","url":"https:\/\/www.sonoraenequipo.com.mx\/","name":"Sonora en Equipo.","description":"Diario en l\u00ednea con Noticias desde Hermosillo, Sonora","publisher":{"@id":"https:\/\/www.sonoraenequipo.com.mx\/#organization"},"potentialAction":[{"@type":"SearchAction","target":{"@type":"EntryPoint","urlTemplate":"https:\/\/www.sonoraenequipo.com.mx\/?s={search_term_string}"},"query-input":{"@type":"PropertyValueSpecification","valueRequired":true,"valueName":"search_term_string"}}],"inLanguage":"es"},{"@type":"Organization","@id":"https:\/\/www.sonoraenequipo.com.mx\/#organization","name":"Sonoraenequipo.com.mx","url":"https:\/\/www.sonoraenequipo.com.mx\/","logo":{"@type":"ImageObject","inLanguage":"es","@id":"https:\/\/www.sonoraenequipo.com.mx\/#\/schema\/logo\/image\/","url":"https:\/\/www.sonoraenequipo.com.mx\/storage\/2019\/01\/sonoraenequipo_opt.png","contentUrl":"https:\/\/www.sonoraenequipo.com.mx\/storage\/2019\/01\/sonoraenequipo_opt.png","width":375,"height":125,"caption":"Sonoraenequipo.com.mx"},"image":{"@id":"https:\/\/www.sonoraenequipo.com.mx\/#\/schema\/logo\/image\/"},"sameAs":["https:\/\/www.facebook.com\/SonoraEE\/","https:\/\/x.com\/sonoraenequipo","https:\/\/www.youtube.com\/channel\/UC338nW-lPEYmJQs4ZABQ1SQ"]},{"@type":"Person","@id":"https:\/\/www.sonoraenequipo.com.mx\/#\/schema\/person\/50102df0fb23a8fa9e8effad8fa81386","name":"enequipo","image":{"@type":"ImageObject","inLanguage":"es","@id":"https:\/\/www.sonoraenequipo.com.mx\/#\/schema\/person\/image\/","url":"https:\/\/secure.gravatar.com\/avatar\/049821681b589dabc0bc20695993ccebb09f5b5d4d790cd9251b97faac7c652b?s=96&d=blank&r=g","contentUrl":"https:\/\/secure.gravatar.com\/avatar\/049821681b589dabc0bc20695993ccebb09f5b5d4d790cd9251b97faac7c652b?s=96&d=blank&r=g","caption":"enequipo"},"sameAs":["https:\/\/www.facebook.com\/SonoraEE"]}]}},"jetpack_featured_media_url":"https:\/\/www.sonoraenequipo.com.mx\/storage\/2021\/06\/suero-EQUINO_opt.jpg","_links":{"self":[{"href":"https:\/\/www.sonoraenequipo.com.mx\/api\/wp\/v2\/posts\/115944","targetHints":{"allow":["GET"]}}],"collection":[{"href":"https:\/\/www.sonoraenequipo.com.mx\/api\/wp\/v2\/posts"}],"about":[{"href":"https:\/\/www.sonoraenequipo.com.mx\/api\/wp\/v2\/types\/post"}],"author":[{"embeddable":true,"href":"https:\/\/www.sonoraenequipo.com.mx\/api\/wp\/v2\/users\/1"}],"replies":[{"embeddable":true,"href":"https:\/\/www.sonoraenequipo.com.mx\/api\/wp\/v2\/comments?post=115944"}],"version-history":[{"count":2,"href":"https:\/\/www.sonoraenequipo.com.mx\/api\/wp\/v2\/posts\/115944\/revisions"}],"predecessor-version":[{"id":115952,"href":"https:\/\/www.sonoraenequipo.com.mx\/api\/wp\/v2\/posts\/115944\/revisions\/115952"}],"wp:featuredmedia":[{"embeddable":true,"href":"https:\/\/www.sonoraenequipo.com.mx\/api\/wp\/v2\/media\/115940"}],"wp:attachment":[{"href":"https:\/\/www.sonoraenequipo.com.mx\/api\/wp\/v2\/media?parent=115944"}],"wp:term":[{"taxonomy":"category","embeddable":true,"href":"https:\/\/www.sonoraenequipo.com.mx\/api\/wp\/v2\/categories?post=115944"},{"taxonomy":"post_tag","embeddable":true,"href":"https:\/\/www.sonoraenequipo.com.mx\/api\/wp\/v2\/tags?post=115944"}],"curies":[{"name":"wp","href":"https:\/\/api.w.org\/{rel}","templated":true}]}}