{"id":115954,"date":"2021-06-09T12:39:51","date_gmt":"2021-06-09T19:39:51","guid":{"rendered":"https:\/\/www.sonoraenequipo.com.mx\/?p=115954"},"modified":"2021-06-09T12:40:31","modified_gmt":"2021-06-09T19:40:31","slug":"localizan-ultimos-tres-cuerpos-de-trabajadores-en-mina-de-coahuila","status":"publish","type":"post","link":"https:\/\/www.sonoraenequipo.com.mx\/localizan-ultimos-tres-cuerpos-de-trabajadores-en-mina-de-coahuila\/","title":{"rendered":"Localizan \u00faltimos tres cuerpos de trabajadores en mina de Coahuila"},"content":{"rendered":"<p>M\u00daZQUIZ, COAHUILA.MX. \u2014 Durante la madrugada de este mi\u00e9rcoles fueron ubicados, sin vida, los tres trabajadores que a\u00fan permanec\u00edan atrapados en la mina Micar\u00e1n, en el ejido Rancher\u00edas.<\/p>\n<p>&nbsp;<\/p>\n<p> <\/p>\n<p>&nbsp;<\/p>\n<p>Los restos de Francisco Brise\u00f1o, de 24 a\u00f1os de edad; Ernesto Dami\u00e1n Robles, de 27 a\u00f1os, y Jos\u00e9 Leopoldo M\u00e9ndez, de 24 a\u00f1os, fueron hallados sin vida en la diagonal 7, \u00faltimo tramo donde permanec\u00edan los trabajos de b\u00fasqueda, que se hab\u00edan complicado por el fango originado tras la inundaci\u00f3n de los t\u00faneles, y sus cuerpos ser\u00e1n rescatados en el transcurso de esta ma\u00f1ana.<\/p>\n<p>&nbsp;<\/p>\n<p>De acuerdo a los primeros reportes, los rescatistas comenzaron a percibir fuertes olores en el \u00faltimo nivel de la mina y confirmaron que se trataba de los trabajadores.<\/p>\n<p>&nbsp;<\/p>\n<p>El tiro de la mina se inund\u00f3 el viernes pasado despu\u00e9s del mediod\u00eda, debido a que las paredes de un tajo anegado por las lluvias se derrumb\u00f3 y el agua cubri\u00f3 la zona en donde se encontraban nueve trabajadores, de los cuales s\u00f3lo dos de ellos lograron salir.<\/p>\n<p>&nbsp;<\/p>\n<p>(Publicada el 09\/06\/2021 \/Leopoldo Ramos)<\/p>\n","protected":false},"excerpt":{"rendered":"<p>M\u00daZQUIZ, COAHUILA.MX. \u2014 Durante la madrugada de este mi\u00e9rcoles fueron ubicados, sin vida, los tres&#8230;<\/p>\n","protected":false},"author":1,"featured_media":115955,"comment_status":"open","ping_status":"open","sticky":false,"template":"","format":"standard","meta":{"_monsterinsights_skip_tracking":false,"_monsterinsights_sitenote_active":false,"_monsterinsights_sitenote_note":"","_monsterinsights_sitenote_category":0,"footnotes":""},"categories":[5],"tags":[],"class_list":["post"],"yoast_head":" \n<title>Sonora en Equipo. Localizan \u00faltimos tres cuerpos de trabajadores en mina de Coahuila Rep\u00fablica<\/title>\n<meta name=\"description\" content=\"M\u00daZQUIZ, COAHUILA.MX. \u2014 Durante la madrugada de este mi\u00e9rcoles fueron ubicados, sin vida, los tres trabajadores que a\u00fan permanec\u00edan atrapados en la mina En Sonora en Equipo publicamos toda la informaci\u00f3n de Sonora, M\u00e9xico y el Mundo de manera oportuna y busca que la libertad de expresi\u00f3n sea real. Visita nuestro medio informativo publicado desde Hermosillo, Sonora. %\" \/>\n<meta name=\"robots\" content=\"index, follow, max-snippet:-1, max-image-preview:large, max-video-preview:-1\" \/>\n<link rel=\"canonical\" href=\"https:\/\/www.sonoraenequipo.com.mx\/localizan-ultimos-tres-cuerpos-de-trabajadores-en-mina-de-coahuila\/\" \/>\n<meta property=\"og:locale\" content=\"es_ES\" \/>\n<meta property=\"og:type\" content=\"article\" \/>\n<meta property=\"og:title\" content=\"Sonora en Equipo. Localizan \u00faltimos tres cuerpos de trabajadores en mina de Coahuila Rep\u00fablica\" \/>\n<meta property=\"og:description\" content=\"M\u00daZQUIZ, COAHUILA.MX. \u2014 Durante la madrugada de este mi\u00e9rcoles fueron ubicados, sin vida, los tres trabajadores que a\u00fan permanec\u00edan atrapados en la mina En Sonora en Equipo publicamos toda la informaci\u00f3n de Sonora, M\u00e9xico y el Mundo de manera oportuna y busca que la libertad de expresi\u00f3n sea real. Visita nuestro medio informativo publicado desde Hermosillo, Sonora. %\" \/>\n<meta property=\"og:url\" content=\"https:\/\/www.sonoraenequipo.com.mx\/localizan-ultimos-tres-cuerpos-de-trabajadores-en-mina-de-coahuila\/\" \/>\n<meta property=\"og:site_name\" content=\"Sonora en Equipo.\" \/>\n<meta property=\"article:publisher\" content=\"https:\/\/www.facebook.com\/SonoraEE\/\" \/>\n<meta property=\"article:author\" content=\"https:\/\/www.facebook.com\/SonoraEE\" \/>\n<meta property=\"article:published_time\" content=\"2021-06-09T19:39:51+00:00\" \/>\n<meta property=\"article:modified_time\" content=\"2021-06-09T19:40:31+00:00\" \/>\n<meta property=\"og:image\" content=\"https:\/\/www.sonoraenequipo.com.mx\/storage\/2021\/06\/mina-muzquiz-tras-colapso_opt.jpg\" \/>\n\t<meta property=\"og:image:width\" content=\"700\" \/>\n\t<meta property=\"og:image:height\" content=\"400\" \/>\n\t<meta property=\"og:image:type\" content=\"image\/jpeg\" \/>\n<meta name=\"author\" content=\"enequipo\" \/>\n<meta name=\"twitter:card\" content=\"summary_large_image\" \/>\n<meta name=\"twitter:creator\" content=\"@sonoraenequipo\" \/>\n<meta name=\"twitter:site\" content=\"@sonoraenequipo\" \/>\n<meta name=\"twitter:label1\" content=\"Escrito por\" \/>\n\t<meta name=\"twitter:data1\" content=\"enequipo\" \/>\n\t<meta name=\"twitter:label2\" content=\"Tiempo de lectura\" \/>\n\t<meta name=\"twitter:data2\" content=\"1 minuto\" \/>\n<script type=\"application\/ld+json\" class=\"yoast-schema-graph\">{\"@context\":\"https:\/\/schema.org\",\"@graph\":[{\"@type\":\"Article\",\"@id\":\"https:\/\/www.sonoraenequipo.com.mx\/localizan-ultimos-tres-cuerpos-de-trabajadores-en-mina-de-coahuila\/#article\",\"isPartOf\":{\"@id\":\"https:\/\/www.sonoraenequipo.com.mx\/localizan-ultimos-tres-cuerpos-de-trabajadores-en-mina-de-coahuila\/\"},\"author\":{\"name\":\"enequipo\",\"@id\":\"https:\/\/www.sonoraenequipo.com.mx\/#\/schema\/person\/50102df0fb23a8fa9e8effad8fa81386\"},\"headline\":\"Localizan \u00faltimos tres cuerpos de trabajadores en mina de Coahuila\",\"datePublished\":\"2021-06-09T19:39:51+00:00\",\"dateModified\":\"2021-06-09T19:40:31+00:00\",\"mainEntityOfPage\":{\"@id\":\"https:\/\/www.sonoraenequipo.com.mx\/localizan-ultimos-tres-cuerpos-de-trabajadores-en-mina-de-coahuila\/\"},\"wordCount\":205,\"commentCount\":0,\"publisher\":{\"@id\":\"https:\/\/www.sonoraenequipo.com.mx\/#organization\"},\"image\":{\"@id\":\"https:\/\/www.sonoraenequipo.com.mx\/localizan-ultimos-tres-cuerpos-de-trabajadores-en-mina-de-coahuila\/#primaryimage\"},\"thumbnailUrl\":\"https:\/\/www.sonoraenequipo.com.mx\/storage\/2021\/06\/mina-muzquiz-tras-colapso_opt.jpg\",\"articleSection\":[\"Rep\u00fablica\"],\"inLanguage\":\"es\",\"potentialAction\":[{\"@type\":\"CommentAction\",\"name\":\"Comment\",\"target\":[\"https:\/\/www.sonoraenequipo.com.mx\/localizan-ultimos-tres-cuerpos-de-trabajadores-en-mina-de-coahuila\/#respond\"]}]},{\"@type\":\"WebPage\",\"@id\":\"https:\/\/www.sonoraenequipo.com.mx\/localizan-ultimos-tres-cuerpos-de-trabajadores-en-mina-de-coahuila\/\",\"url\":\"https:\/\/www.sonoraenequipo.com.mx\/localizan-ultimos-tres-cuerpos-de-trabajadores-en-mina-de-coahuila\/\",\"name\":\"Sonora en Equipo. Localizan \u00faltimos tres cuerpos de trabajadores en mina de Coahuila Rep\u00fablica\",\"isPartOf\":{\"@id\":\"https:\/\/www.sonoraenequipo.com.mx\/#website\"},\"primaryImageOfPage\":{\"@id\":\"https:\/\/www.sonoraenequipo.com.mx\/localizan-ultimos-tres-cuerpos-de-trabajadores-en-mina-de-coahuila\/#primaryimage\"},\"image\":{\"@id\":\"https:\/\/www.sonoraenequipo.com.mx\/localizan-ultimos-tres-cuerpos-de-trabajadores-en-mina-de-coahuila\/#primaryimage\"},\"thumbnailUrl\":\"https:\/\/www.sonoraenequipo.com.mx\/storage\/2021\/06\/mina-muzquiz-tras-colapso_opt.jpg\",\"datePublished\":\"2021-06-09T19:39:51+00:00\",\"dateModified\":\"2021-06-09T19:40:31+00:00\",\"description\":\"M\u00daZQUIZ, COAHUILA.MX. \u2014 Durante la madrugada de este mi\u00e9rcoles fueron ubicados, sin vida, los tres trabajadores que a\u00fan permanec\u00edan atrapados en la mina En Sonora en Equipo publicamos toda la informaci\u00f3n de Sonora, M\u00e9xico y el Mundo de manera oportuna y busca que la libertad de expresi\u00f3n sea real. Visita nuestro medio informativo publicado desde Hermosillo, Sonora. %\",\"breadcrumb\":{\"@id\":\"https:\/\/www.sonoraenequipo.com.mx\/localizan-ultimos-tres-cuerpos-de-trabajadores-en-mina-de-coahuila\/#breadcrumb\"},\"inLanguage\":\"es\",\"potentialAction\":[{\"@type\":\"ReadAction\",\"target\":[\"https:\/\/www.sonoraenequipo.com.mx\/localizan-ultimos-tres-cuerpos-de-trabajadores-en-mina-de-coahuila\/\"]}]},{\"@type\":\"ImageObject\",\"inLanguage\":\"es\",\"@id\":\"https:\/\/www.sonoraenequipo.com.mx\/localizan-ultimos-tres-cuerpos-de-trabajadores-en-mina-de-coahuila\/#primaryimage\",\"url\":\"https:\/\/www.sonoraenequipo.com.mx\/storage\/2021\/06\/mina-muzquiz-tras-colapso_opt.jpg\",\"contentUrl\":\"https:\/\/www.sonoraenequipo.com.mx\/storage\/2021\/06\/mina-muzquiz-tras-colapso_opt.jpg\",\"width\":700,\"height\":400},{\"@type\":\"BreadcrumbList\",\"@id\":\"https:\/\/www.sonoraenequipo.com.mx\/localizan-ultimos-tres-cuerpos-de-trabajadores-en-mina-de-coahuila\/#breadcrumb\",\"itemListElement\":[{\"@type\":\"ListItem\",\"position\":1,\"name\":\"Portada\",\"item\":\"https:\/\/www.sonoraenequipo.com.mx\/\"},{\"@type\":\"ListItem\",\"position\":2,\"name\":\"Localizan \u00faltimos tres cuerpos de trabajadores en mina de Coahuila\"}]},{\"@type\":\"WebSite\",\"@id\":\"https:\/\/www.sonoraenequipo.com.mx\/#website\",\"url\":\"https:\/\/www.sonoraenequipo.com.mx\/\",\"name\":\"Sonora en Equipo.\",\"description\":\"Diario en l\u00ednea con Noticias desde Hermosillo, Sonora\",\"publisher\":{\"@id\":\"https:\/\/www.sonoraenequipo.com.mx\/#organization\"},\"potentialAction\":[{\"@type\":\"SearchAction\",\"target\":{\"@type\":\"EntryPoint\",\"urlTemplate\":\"https:\/\/www.sonoraenequipo.com.mx\/?s={search_term_string}\"},\"query-input\":{\"@type\":\"PropertyValueSpecification\",\"valueRequired\":true,\"valueName\":\"search_term_string\"}}],\"inLanguage\":\"es\"},{\"@type\":\"Organization\",\"@id\":\"https:\/\/www.sonoraenequipo.com.mx\/#organization\",\"name\":\"Sonoraenequipo.com.mx\",\"url\":\"https:\/\/www.sonoraenequipo.com.mx\/\",\"logo\":{\"@type\":\"ImageObject\",\"inLanguage\":\"es\",\"@id\":\"https:\/\/www.sonoraenequipo.com.mx\/#\/schema\/logo\/image\/\",\"url\":\"https:\/\/www.sonoraenequipo.com.mx\/storage\/2019\/01\/sonoraenequipo_opt.png\",\"contentUrl\":\"https:\/\/www.sonoraenequipo.com.mx\/storage\/2019\/01\/sonoraenequipo_opt.png\",\"width\":375,\"height\":125,\"caption\":\"Sonoraenequipo.com.mx\"},\"image\":{\"@id\":\"https:\/\/www.sonoraenequipo.com.mx\/#\/schema\/logo\/image\/\"},\"sameAs\":[\"https:\/\/www.facebook.com\/SonoraEE\/\",\"https:\/\/x.com\/sonoraenequipo\",\"https:\/\/www.youtube.com\/channel\/UC338nW-lPEYmJQs4ZABQ1SQ\"]},{\"@type\":\"Person\",\"@id\":\"https:\/\/www.sonoraenequipo.com.mx\/#\/schema\/person\/50102df0fb23a8fa9e8effad8fa81386\",\"name\":\"enequipo\",\"image\":{\"@type\":\"ImageObject\",\"inLanguage\":\"es\",\"@id\":\"https:\/\/www.sonoraenequipo.com.mx\/#\/schema\/person\/image\/\",\"url\":\"https:\/\/secure.gravatar.com\/avatar\/049821681b589dabc0bc20695993ccebb09f5b5d4d790cd9251b97faac7c652b?s=96&d=blank&r=g\",\"contentUrl\":\"https:\/\/secure.gravatar.com\/avatar\/049821681b589dabc0bc20695993ccebb09f5b5d4d790cd9251b97faac7c652b?s=96&d=blank&r=g\",\"caption\":\"enequipo\"},\"sameAs\":[\"https:\/\/www.facebook.com\/SonoraEE\"]}]}<\/script>\n ","yoast_head_json":{"title":"Sonora en Equipo. Localizan \u00faltimos tres cuerpos de trabajadores en mina de Coahuila Rep\u00fablica","description":"M\u00daZQUIZ, COAHUILA.MX. \u2014 Durante la madrugada de este mi\u00e9rcoles fueron ubicados, sin vida, los tres trabajadores que a\u00fan permanec\u00edan atrapados en la mina En Sonora en Equipo publicamos toda la informaci\u00f3n de Sonora, M\u00e9xico y el Mundo de manera oportuna y busca que la libertad de expresi\u00f3n sea real. Visita nuestro medio informativo publicado desde Hermosillo, Sonora. %","robots":{"index":"index","follow":"follow","max-snippet":"max-snippet:-1","max-image-preview":"max-image-preview:large","max-video-preview":"max-video-preview:-1"},"canonical":"https:\/\/www.sonoraenequipo.com.mx\/localizan-ultimos-tres-cuerpos-de-trabajadores-en-mina-de-coahuila\/","og_locale":"es_ES","og_type":"article","og_title":"Sonora en Equipo. Localizan \u00faltimos tres cuerpos de trabajadores en mina de Coahuila Rep\u00fablica","og_description":"M\u00daZQUIZ, COAHUILA.MX. \u2014 Durante la madrugada de este mi\u00e9rcoles fueron ubicados, sin vida, los tres trabajadores que a\u00fan permanec\u00edan atrapados en la mina En Sonora en Equipo publicamos toda la informaci\u00f3n de Sonora, M\u00e9xico y el Mundo de manera oportuna y busca que la libertad de expresi\u00f3n sea real. Visita nuestro medio informativo publicado desde Hermosillo, Sonora. %","og_url":"https:\/\/www.sonoraenequipo.com.mx\/localizan-ultimos-tres-cuerpos-de-trabajadores-en-mina-de-coahuila\/","og_site_name":"Sonora en Equipo.","article_publisher":"https:\/\/www.facebook.com\/SonoraEE\/","article_author":"https:\/\/www.facebook.com\/SonoraEE","article_published_time":"2021-06-09T19:39:51+00:00","article_modified_time":"2021-06-09T19:40:31+00:00","og_image":[{"width":700,"height":400,"url":"https:\/\/www.sonoraenequipo.com.mx\/storage\/2021\/06\/mina-muzquiz-tras-colapso_opt.jpg","type":"image\/jpeg"}],"author":"enequipo","twitter_card":"summary_large_image","twitter_creator":"@sonoraenequipo","twitter_site":"@sonoraenequipo","twitter_misc":{"Escrito por":"enequipo","Tiempo de lectura":"1 minuto"},"schema":{"@context":"https:\/\/schema.org","@graph":[{"@type":"Article","@id":"https:\/\/www.sonoraenequipo.com.mx\/localizan-ultimos-tres-cuerpos-de-trabajadores-en-mina-de-coahuila\/#article","isPartOf":{"@id":"https:\/\/www.sonoraenequipo.com.mx\/localizan-ultimos-tres-cuerpos-de-trabajadores-en-mina-de-coahuila\/"},"author":{"name":"enequipo","@id":"https:\/\/www.sonoraenequipo.com.mx\/#\/schema\/person\/50102df0fb23a8fa9e8effad8fa81386"},"headline":"Localizan \u00faltimos tres cuerpos de trabajadores en mina de Coahuila","datePublished":"2021-06-09T19:39:51+00:00","dateModified":"2021-06-09T19:40:31+00:00","mainEntityOfPage":{"@id":"https:\/\/www.sonoraenequipo.com.mx\/localizan-ultimos-tres-cuerpos-de-trabajadores-en-mina-de-coahuila\/"},"wordCount":205,"commentCount":0,"publisher":{"@id":"https:\/\/www.sonoraenequipo.com.mx\/#organization"},"image":{"@id":"https:\/\/www.sonoraenequipo.com.mx\/localizan-ultimos-tres-cuerpos-de-trabajadores-en-mina-de-coahuila\/#primaryimage"},"thumbnailUrl":"https:\/\/www.sonoraenequipo.com.mx\/storage\/2021\/06\/mina-muzquiz-tras-colapso_opt.jpg","articleSection":["Rep\u00fablica"],"inLanguage":"es","potentialAction":[{"@type":"CommentAction","name":"Comment","target":["https:\/\/www.sonoraenequipo.com.mx\/localizan-ultimos-tres-cuerpos-de-trabajadores-en-mina-de-coahuila\/#respond"]}]},{"@type":"WebPage","@id":"https:\/\/www.sonoraenequipo.com.mx\/localizan-ultimos-tres-cuerpos-de-trabajadores-en-mina-de-coahuila\/","url":"https:\/\/www.sonoraenequipo.com.mx\/localizan-ultimos-tres-cuerpos-de-trabajadores-en-mina-de-coahuila\/","name":"Sonora en Equipo. Localizan \u00faltimos tres cuerpos de trabajadores en mina de Coahuila Rep\u00fablica","isPartOf":{"@id":"https:\/\/www.sonoraenequipo.com.mx\/#website"},"primaryImageOfPage":{"@id":"https:\/\/www.sonoraenequipo.com.mx\/localizan-ultimos-tres-cuerpos-de-trabajadores-en-mina-de-coahuila\/#primaryimage"},"image":{"@id":"https:\/\/www.sonoraenequipo.com.mx\/localizan-ultimos-tres-cuerpos-de-trabajadores-en-mina-de-coahuila\/#primaryimage"},"thumbnailUrl":"https:\/\/www.sonoraenequipo.com.mx\/storage\/2021\/06\/mina-muzquiz-tras-colapso_opt.jpg","datePublished":"2021-06-09T19:39:51+00:00","dateModified":"2021-06-09T19:40:31+00:00","description":"M\u00daZQUIZ, COAHUILA.MX. \u2014 Durante la madrugada de este mi\u00e9rcoles fueron ubicados, sin vida, los tres trabajadores que a\u00fan permanec\u00edan atrapados en la mina En Sonora en Equipo publicamos toda la informaci\u00f3n de Sonora, M\u00e9xico y el Mundo de manera oportuna y busca que la libertad de expresi\u00f3n sea real. Visita nuestro medio informativo publicado desde Hermosillo, Sonora. %","breadcrumb":{"@id":"https:\/\/www.sonoraenequipo.com.mx\/localizan-ultimos-tres-cuerpos-de-trabajadores-en-mina-de-coahuila\/#breadcrumb"},"inLanguage":"es","potentialAction":[{"@type":"ReadAction","target":["https:\/\/www.sonoraenequipo.com.mx\/localizan-ultimos-tres-cuerpos-de-trabajadores-en-mina-de-coahuila\/"]}]},{"@type":"ImageObject","inLanguage":"es","@id":"https:\/\/www.sonoraenequipo.com.mx\/localizan-ultimos-tres-cuerpos-de-trabajadores-en-mina-de-coahuila\/#primaryimage","url":"https:\/\/www.sonoraenequipo.com.mx\/storage\/2021\/06\/mina-muzquiz-tras-colapso_opt.jpg","contentUrl":"https:\/\/www.sonoraenequipo.com.mx\/storage\/2021\/06\/mina-muzquiz-tras-colapso_opt.jpg","width":700,"height":400},{"@type":"BreadcrumbList","@id":"https:\/\/www.sonoraenequipo.com.mx\/localizan-ultimos-tres-cuerpos-de-trabajadores-en-mina-de-coahuila\/#breadcrumb","itemListElement":[{"@type":"ListItem","position":1,"name":"Portada","item":"https:\/\/www.sonoraenequipo.com.mx\/"},{"@type":"ListItem","position":2,"name":"Localizan \u00faltimos tres cuerpos de trabajadores en mina de Coahuila"}]},{"@type":"WebSite","@id":"https:\/\/www.sonoraenequipo.com.mx\/#website","url":"https:\/\/www.sonoraenequipo.com.mx\/","name":"Sonora en Equipo.","description":"Diario en l\u00ednea con Noticias desde Hermosillo, Sonora","publisher":{"@id":"https:\/\/www.sonoraenequipo.com.mx\/#organization"},"potentialAction":[{"@type":"SearchAction","target":{"@type":"EntryPoint","urlTemplate":"https:\/\/www.sonoraenequipo.com.mx\/?s={search_term_string}"},"query-input":{"@type":"PropertyValueSpecification","valueRequired":true,"valueName":"search_term_string"}}],"inLanguage":"es"},{"@type":"Organization","@id":"https:\/\/www.sonoraenequipo.com.mx\/#organization","name":"Sonoraenequipo.com.mx","url":"https:\/\/www.sonoraenequipo.com.mx\/","logo":{"@type":"ImageObject","inLanguage":"es","@id":"https:\/\/www.sonoraenequipo.com.mx\/#\/schema\/logo\/image\/","url":"https:\/\/www.sonoraenequipo.com.mx\/storage\/2019\/01\/sonoraenequipo_opt.png","contentUrl":"https:\/\/www.sonoraenequipo.com.mx\/storage\/2019\/01\/sonoraenequipo_opt.png","width":375,"height":125,"caption":"Sonoraenequipo.com.mx"},"image":{"@id":"https:\/\/www.sonoraenequipo.com.mx\/#\/schema\/logo\/image\/"},"sameAs":["https:\/\/www.facebook.com\/SonoraEE\/","https:\/\/x.com\/sonoraenequipo","https:\/\/www.youtube.com\/channel\/UC338nW-lPEYmJQs4ZABQ1SQ"]},{"@type":"Person","@id":"https:\/\/www.sonoraenequipo.com.mx\/#\/schema\/person\/50102df0fb23a8fa9e8effad8fa81386","name":"enequipo","image":{"@type":"ImageObject","inLanguage":"es","@id":"https:\/\/www.sonoraenequipo.com.mx\/#\/schema\/person\/image\/","url":"https:\/\/secure.gravatar.com\/avatar\/049821681b589dabc0bc20695993ccebb09f5b5d4d790cd9251b97faac7c652b?s=96&d=blank&r=g","contentUrl":"https:\/\/secure.gravatar.com\/avatar\/049821681b589dabc0bc20695993ccebb09f5b5d4d790cd9251b97faac7c652b?s=96&d=blank&r=g","caption":"enequipo"},"sameAs":["https:\/\/www.facebook.com\/SonoraEE"]}]}},"jetpack_featured_media_url":"https:\/\/www.sonoraenequipo.com.mx\/storage\/2021\/06\/mina-muzquiz-tras-colapso_opt.jpg","_links":{"self":[{"href":"https:\/\/www.sonoraenequipo.com.mx\/api\/wp\/v2\/posts\/115954","targetHints":{"allow":["GET"]}}],"collection":[{"href":"https:\/\/www.sonoraenequipo.com.mx\/api\/wp\/v2\/posts"}],"about":[{"href":"https:\/\/www.sonoraenequipo.com.mx\/api\/wp\/v2\/types\/post"}],"author":[{"embeddable":true,"href":"https:\/\/www.sonoraenequipo.com.mx\/api\/wp\/v2\/users\/1"}],"replies":[{"embeddable":true,"href":"https:\/\/www.sonoraenequipo.com.mx\/api\/wp\/v2\/comments?post=115954"}],"version-history":[{"count":1,"href":"https:\/\/www.sonoraenequipo.com.mx\/api\/wp\/v2\/posts\/115954\/revisions"}],"predecessor-version":[{"id":115957,"href":"https:\/\/www.sonoraenequipo.com.mx\/api\/wp\/v2\/posts\/115954\/revisions\/115957"}],"wp:featuredmedia":[{"embeddable":true,"href":"https:\/\/www.sonoraenequipo.com.mx\/api\/wp\/v2\/media\/115955"}],"wp:attachment":[{"href":"https:\/\/www.sonoraenequipo.com.mx\/api\/wp\/v2\/media?parent=115954"}],"wp:term":[{"taxonomy":"category","embeddable":true,"href":"https:\/\/www.sonoraenequipo.com.mx\/api\/wp\/v2\/categories?post=115954"},{"taxonomy":"post_tag","embeddable":true,"href":"https:\/\/www.sonoraenequipo.com.mx\/api\/wp\/v2\/tags?post=115954"}],"curies":[{"name":"wp","href":"https:\/\/api.w.org\/{rel}","templated":true}]}}