{"id":115958,"date":"2021-06-09T14:00:49","date_gmt":"2021-06-09T21:00:49","guid":{"rendered":"https:\/\/www.sonoraenequipo.com.mx\/?p=115958"},"modified":"2021-06-09T14:01:56","modified_gmt":"2021-06-09T21:01:56","slug":"propone-amlo-a-herrera-para-el-bdem-ramirez-de-la-o-a-la-shcp","status":"publish","type":"post","link":"https:\/\/www.sonoraenequipo.com.mx\/propone-amlo-a-herrera-para-el-bdem-ramirez-de-la-o-a-la-shcp\/","title":{"rendered":"Propone AMLO a Herrera para el BdeM; Ram\u00edrez de la O, a la SHCP"},"content":{"rendered":"<p>CIUDAD DE M\u00c9XICO. MX. \u2014 El presidente Andr\u00e9s Manuel L\u00f3pez Obrador propondr\u00e1 a Arturo Herrera, hasta hoy secretario de Hacienda, como gobernador del Banco de M\u00e9xico y en remplazo nombr\u00f3 en el cargo a Rogelio Ram\u00edrez de la O.<\/p>\n<p>&nbsp;<\/p>\n<p> <\/p>\n<p>&nbsp;<\/p>\n<p><em>\u201cUn cambio para el bien de M\u00e9xico\u201d,<\/em> se\u00f1al\u00f3 el mandatario a trav\u00e9s de redes sociales.<\/p>\n<p>&nbsp;<\/p>\n<p>Los dos, agreg\u00f3, son buenos economistas: Arturo, un profesional en la materia y Rogelio, doctor en econom\u00eda, egresado de la UNAM y de Cambridge.<\/p>\n<p>&nbsp;<\/p>\n<p><em>\u201cContinuaremos actuando con responsabilidad, sin endeudar al pa\u00eds, no gastando m\u00e1s de lo que ingrese al erario, con austeridad y honestidad\u201d<\/em>, puntualiz\u00f3 el presidente.<\/p>\n<p>&nbsp;<\/p>\n<p>Adem\u00e1s, dijo, no aumentaremos impuestos ni el precio de las gasolinas, el di\u00e9sel, el gas o la luz y, algo muy importante, en el destino del presupuesto, primero los pobres.<\/p>\n<p>&nbsp;<\/p>\n<p>Tras el anuncio, el presidente L\u00f3pez Obrador dijo que los cambios tienen como prop\u00f3sito mantener la estabilidad y la pol\u00edtica econ\u00f3mica en lo que resta del sexenio, por lo cual pidi\u00f3 que <em>\u201cno haya nerviosismo, que no haya incertidumbre, que se lleve a cabo este relevo de manera ordenada\u201d.<\/em><\/p>\n<p>&nbsp;<\/p>\n<p>Adem\u00e1s, explic\u00f3,se trata de hacer una proyecci\u00f3n multianual en la materia, especialmente del Presupuesto de Egresos de la Federaci\u00f3n y con ello asegurar, por ejemplo, el pago y aumento de las pensiones a adultos mayores.<\/p>\n<h3>\nMensaje presidencial<\/h3>\n<p>Aqu\u00ed el mensaje del jefe del Ejecutivo, difundido la tarde de hoy mi\u00e9rcoles, desde un sal\u00f3n de Palacio Nacional, acompa\u00f1ado por los funcionarios:<\/p>\n<p>Me da gusto comunicarme con ustedes, informarle al pueblo de M\u00e9xico, a mujeres y hombres de nuestro pa\u00eds, que he tomado una decisi\u00f3n de acuerdo con mis facultades.<\/p>\n<p>Vamos a llevar a cabo unos cambios muy importantes; el actual secretario de Hacienda, Arturo Herrera, va a ser propuesto para ocupar el cargo de Gobernador del Banco de M\u00e9xico.<\/p>\n<p>&nbsp;<\/p>\n<p>En su momento voy a enviar esta propuesta al Senado y a Arturo lo va a sustituir Rogelio Ram\u00edrez de la O, el va a ser el pr\u00f3ximo secretario de Hacienda.<\/p>\n<p>\u00bfPor qu\u00e9 estos cambios? En lo fundamental porque queremos en este segundo tramo del gobierno, despu\u00e9s de las elecciones federales para la integraci\u00f3n de la nueva legislatura, queremos mantener estabilidad macroecon\u00f3mica, queremos mantener la pol\u00edtica econ\u00f3mica que nos ha dado muy buenos resultados porque a pesar de la pandemia, la crisis econ\u00f3mica se ha ido superando, vamos saliendo, lo hemos hecho mejor, con todo respeto que otros pa\u00edses, y no nos hemos endeudado, eso es important\u00edsimo.<\/p>\n<p>Casi todos los pa\u00edses, con la pandemia, recurrieron a contratar deuda, nosotros no lo hicimos.<\/p>\n<p>Tambi\u00e9n no se ha devaluado nuestra moneda, al contrario, se ha fortalecido el peso, tenemos una moneda fuerte y tenemos equilibrio en otras variables de la econom\u00eda pero lo m\u00e1s importante es que hemos cumplido con el compromiso de no aumentar el precio de los energ\u00e9ticos: la luz, gasolinas, el diesel, hemos cumplido no aumentando los impuestos, y hemos cumplido siendo un gobierno austero y honesto, y esto nos ha permitido liberar muchos fondos para el desarrollo, para el bienestar.<\/p>\n<p>Y vamos a seguir apoyando a la gente humilde, a la gente pobre, va a aumentar la pensi\u00f3n a los adultos mayores, va a crecer todos los programas de apoyo a la salud, a la educaci\u00f3n.<\/p>\n<p>Y, por eso, este cambio, que no haya nerviosismo, que no haya certidumbre, que se lleve a cabo este relevo de manera ordenada.<\/p>\n<p>Hace unos d\u00edas me preguntaron si iba yo a proponer al actual gobernador del Banco de M\u00e9xico, es decir, que continuara el actual gobernador del Banco de M\u00e9xico, dije que no y esto se entendi\u00f3 por algunos de que pod\u00eda producir incertidumbre.<\/p>\n<p>Entonces, ya, como me lo preguntaron, ahora ya lo confirmo: va a ser Arturo Herrera, que ha hecho muy buen trabajo en la secretar\u00eda de Hacienda, que le agradezco mucho por su colaboraci\u00f3n y apoyo, y en la secretar\u00eda de Hacienda pues llega un maestro de la econom\u00eda, doctor en econom\u00eda, un hombre experimentado, serio, que me va a ayudar mucho porque entre otras cosas el me ha apoyado desde hace muchos a\u00f1os en todo lo que tiene que ver con el manejo de la econom\u00eda, el c\u00f3mo hacer un gobierno eficiente, austero, sobrio, y que el presupuesto le llegue de manera directa a la gente, sin intermediarios.<\/p>\n<p>Entonces, es un cambio para bien de nuestro pa\u00eds, ahora vamos a tener tranquilidad porque el movimiento que nos puso aqu\u00ed en la Presidencia sali\u00f3 bien en las elecciones, vamos a tener la mayor\u00eda para que se cuente con el presupuesto que se requiere.<\/p>\n<p>El Congreso, en particular la C\u00e1mara de Diputados tiene como facultad exclusiva la autorizaci\u00f3n del presupuesto y se necesita la mitad m\u00e1s uno, una mayor\u00eda simple y eso ya se logr\u00f3 el domingo pasado.<\/p>\n<p>Esto nos permite no s\u00f3lo tener la seguridad de que vamos a contar con el presupuesto suficiente para financiar los programas de desarrollo y de bienestar sino que tambi\u00e9n tenemos que hacer una proyecci\u00f3n del presupuesto multianual, hasta el 24, porque en el caso de las pensiones para adultos mayores van a ir aumentando poco a poco hasta que enero de 2024 reciba el doble de lo que est\u00e1 recibiendo en la actualidad, pero para eso requerimos hacer una proyecci\u00f3n de ingresos y tambi\u00e9n de c\u00f3mo vamos a ir aumentando el presupuesto en cada una de las partidas.<\/p>\n<p>&nbsp;<\/p>\n<p>(Publicada el 09\/06\/2021 \/ Fabiola Mart\u00ednez y N\u00e9stor Jim\u00e9nez)<\/p>\n","protected":false},"excerpt":{"rendered":"<p>CIUDAD DE M\u00c9XICO. MX. \u2014 El presidente Andr\u00e9s Manuel L\u00f3pez Obrador propondr\u00e1 a Arturo Herrera,&#8230;<\/p>\n","protected":false},"author":1,"featured_media":115974,"comment_status":"open","ping_status":"open","sticky":false,"template":"","format":"standard","meta":{"_monsterinsights_skip_tracking":false,"_monsterinsights_sitenote_active":false,"_monsterinsights_sitenote_note":"","_monsterinsights_sitenote_category":0,"footnotes":""},"categories":[5],"tags":[],"class_list":["post"],"yoast_head":" \n<title>Sonora en Equipo. Propone AMLO a Herrera para el BdeM; Ram\u00edrez de la O, a la SHCP Rep\u00fablica<\/title>\n<meta name=\"description\" content=\"CIUDAD DE M\u00c9XICO. MX. \u2014 El presidente Andr\u00e9s Manuel L\u00f3pez Obrador propondr\u00e1 a Arturo Herrera, hasta hoy secretario de Hacienda, como gobernador del Banco En Sonora en Equipo publicamos toda la informaci\u00f3n de Sonora, M\u00e9xico y el Mundo de manera oportuna y busca que la libertad de expresi\u00f3n sea real. Visita nuestro medio informativo publicado desde Hermosillo, Sonora. %\" \/>\n<meta name=\"robots\" content=\"index, follow, max-snippet:-1, max-image-preview:large, max-video-preview:-1\" \/>\n<link rel=\"canonical\" href=\"https:\/\/www.sonoraenequipo.com.mx\/propone-amlo-a-herrera-para-el-bdem-ramirez-de-la-o-a-la-shcp\/\" \/>\n<meta property=\"og:locale\" content=\"es_ES\" \/>\n<meta property=\"og:type\" content=\"article\" \/>\n<meta property=\"og:title\" content=\"Sonora en Equipo. Propone AMLO a Herrera para el BdeM; Ram\u00edrez de la O, a la SHCP Rep\u00fablica\" \/>\n<meta property=\"og:description\" content=\"CIUDAD DE M\u00c9XICO. MX. \u2014 El presidente Andr\u00e9s Manuel L\u00f3pez Obrador propondr\u00e1 a Arturo Herrera, hasta hoy secretario de Hacienda, como gobernador del Banco En Sonora en Equipo publicamos toda la informaci\u00f3n de Sonora, M\u00e9xico y el Mundo de manera oportuna y busca que la libertad de expresi\u00f3n sea real. Visita nuestro medio informativo publicado desde Hermosillo, Sonora. %\" \/>\n<meta property=\"og:url\" content=\"https:\/\/www.sonoraenequipo.com.mx\/propone-amlo-a-herrera-para-el-bdem-ramirez-de-la-o-a-la-shcp\/\" \/>\n<meta property=\"og:site_name\" content=\"Sonora en Equipo.\" \/>\n<meta property=\"article:publisher\" content=\"https:\/\/www.facebook.com\/SonoraEE\/\" \/>\n<meta property=\"article:author\" content=\"https:\/\/www.facebook.com\/SonoraEE\" \/>\n<meta property=\"article:published_time\" content=\"2021-06-09T21:00:49+00:00\" \/>\n<meta property=\"article:modified_time\" content=\"2021-06-09T21:01:56+00:00\" \/>\n<meta property=\"og:image\" content=\"https:\/\/www.sonoraenequipo.com.mx\/storage\/2021\/06\/Presidente-con-Arturo-Herrera-y-Rogelio-de-la-O_opt.jpg\" \/>\n\t<meta property=\"og:image:width\" content=\"700\" \/>\n\t<meta property=\"og:image:height\" content=\"466\" \/>\n\t<meta property=\"og:image:type\" content=\"image\/jpeg\" \/>\n<meta name=\"author\" content=\"enequipo\" \/>\n<meta name=\"twitter:card\" content=\"summary_large_image\" \/>\n<meta name=\"twitter:creator\" content=\"@sonoraenequipo\" \/>\n<meta name=\"twitter:site\" content=\"@sonoraenequipo\" \/>\n<meta name=\"twitter:label1\" content=\"Escrito por\" \/>\n\t<meta name=\"twitter:data1\" content=\"enequipo\" \/>\n\t<meta name=\"twitter:label2\" content=\"Tiempo de lectura\" \/>\n\t<meta name=\"twitter:data2\" content=\"4 minutos\" \/>\n<script type=\"application\/ld+json\" class=\"yoast-schema-graph\">{\"@context\":\"https:\/\/schema.org\",\"@graph\":[{\"@type\":\"Article\",\"@id\":\"https:\/\/www.sonoraenequipo.com.mx\/propone-amlo-a-herrera-para-el-bdem-ramirez-de-la-o-a-la-shcp\/#article\",\"isPartOf\":{\"@id\":\"https:\/\/www.sonoraenequipo.com.mx\/propone-amlo-a-herrera-para-el-bdem-ramirez-de-la-o-a-la-shcp\/\"},\"author\":{\"name\":\"enequipo\",\"@id\":\"https:\/\/www.sonoraenequipo.com.mx\/#\/schema\/person\/50102df0fb23a8fa9e8effad8fa81386\"},\"headline\":\"Propone AMLO a Herrera para el BdeM; Ram\u00edrez de la O, a la SHCP\",\"datePublished\":\"2021-06-09T21:00:49+00:00\",\"dateModified\":\"2021-06-09T21:01:56+00:00\",\"mainEntityOfPage\":{\"@id\":\"https:\/\/www.sonoraenequipo.com.mx\/propone-amlo-a-herrera-para-el-bdem-ramirez-de-la-o-a-la-shcp\/\"},\"wordCount\":986,\"commentCount\":0,\"publisher\":{\"@id\":\"https:\/\/www.sonoraenequipo.com.mx\/#organization\"},\"image\":{\"@id\":\"https:\/\/www.sonoraenequipo.com.mx\/propone-amlo-a-herrera-para-el-bdem-ramirez-de-la-o-a-la-shcp\/#primaryimage\"},\"thumbnailUrl\":\"https:\/\/www.sonoraenequipo.com.mx\/storage\/2021\/06\/Presidente-con-Arturo-Herrera-y-Rogelio-de-la-O_opt.jpg\",\"articleSection\":[\"Rep\u00fablica\"],\"inLanguage\":\"es\",\"potentialAction\":[{\"@type\":\"CommentAction\",\"name\":\"Comment\",\"target\":[\"https:\/\/www.sonoraenequipo.com.mx\/propone-amlo-a-herrera-para-el-bdem-ramirez-de-la-o-a-la-shcp\/#respond\"]}]},{\"@type\":\"WebPage\",\"@id\":\"https:\/\/www.sonoraenequipo.com.mx\/propone-amlo-a-herrera-para-el-bdem-ramirez-de-la-o-a-la-shcp\/\",\"url\":\"https:\/\/www.sonoraenequipo.com.mx\/propone-amlo-a-herrera-para-el-bdem-ramirez-de-la-o-a-la-shcp\/\",\"name\":\"Sonora en Equipo. Propone AMLO a Herrera para el BdeM; Ram\u00edrez de la O, a la SHCP Rep\u00fablica\",\"isPartOf\":{\"@id\":\"https:\/\/www.sonoraenequipo.com.mx\/#website\"},\"primaryImageOfPage\":{\"@id\":\"https:\/\/www.sonoraenequipo.com.mx\/propone-amlo-a-herrera-para-el-bdem-ramirez-de-la-o-a-la-shcp\/#primaryimage\"},\"image\":{\"@id\":\"https:\/\/www.sonoraenequipo.com.mx\/propone-amlo-a-herrera-para-el-bdem-ramirez-de-la-o-a-la-shcp\/#primaryimage\"},\"thumbnailUrl\":\"https:\/\/www.sonoraenequipo.com.mx\/storage\/2021\/06\/Presidente-con-Arturo-Herrera-y-Rogelio-de-la-O_opt.jpg\",\"datePublished\":\"2021-06-09T21:00:49+00:00\",\"dateModified\":\"2021-06-09T21:01:56+00:00\",\"description\":\"CIUDAD DE M\u00c9XICO. MX. \u2014 El presidente Andr\u00e9s Manuel L\u00f3pez Obrador propondr\u00e1 a Arturo Herrera, hasta hoy secretario de Hacienda, como gobernador del Banco En Sonora en Equipo publicamos toda la informaci\u00f3n de Sonora, M\u00e9xico y el Mundo de manera oportuna y busca que la libertad de expresi\u00f3n sea real. Visita nuestro medio informativo publicado desde Hermosillo, Sonora. %\",\"breadcrumb\":{\"@id\":\"https:\/\/www.sonoraenequipo.com.mx\/propone-amlo-a-herrera-para-el-bdem-ramirez-de-la-o-a-la-shcp\/#breadcrumb\"},\"inLanguage\":\"es\",\"potentialAction\":[{\"@type\":\"ReadAction\",\"target\":[\"https:\/\/www.sonoraenequipo.com.mx\/propone-amlo-a-herrera-para-el-bdem-ramirez-de-la-o-a-la-shcp\/\"]}]},{\"@type\":\"ImageObject\",\"inLanguage\":\"es\",\"@id\":\"https:\/\/www.sonoraenequipo.com.mx\/propone-amlo-a-herrera-para-el-bdem-ramirez-de-la-o-a-la-shcp\/#primaryimage\",\"url\":\"https:\/\/www.sonoraenequipo.com.mx\/storage\/2021\/06\/Presidente-con-Arturo-Herrera-y-Rogelio-de-la-O_opt.jpg\",\"contentUrl\":\"https:\/\/www.sonoraenequipo.com.mx\/storage\/2021\/06\/Presidente-con-Arturo-Herrera-y-Rogelio-de-la-O_opt.jpg\",\"width\":700,\"height\":466},{\"@type\":\"BreadcrumbList\",\"@id\":\"https:\/\/www.sonoraenequipo.com.mx\/propone-amlo-a-herrera-para-el-bdem-ramirez-de-la-o-a-la-shcp\/#breadcrumb\",\"itemListElement\":[{\"@type\":\"ListItem\",\"position\":1,\"name\":\"Portada\",\"item\":\"https:\/\/www.sonoraenequipo.com.mx\/\"},{\"@type\":\"ListItem\",\"position\":2,\"name\":\"Propone AMLO a Herrera para el BdeM; Ram\u00edrez de la O, a la SHCP\"}]},{\"@type\":\"WebSite\",\"@id\":\"https:\/\/www.sonoraenequipo.com.mx\/#website\",\"url\":\"https:\/\/www.sonoraenequipo.com.mx\/\",\"name\":\"Sonora en Equipo.\",\"description\":\"Diario en l\u00ednea con Noticias desde Hermosillo, Sonora\",\"publisher\":{\"@id\":\"https:\/\/www.sonoraenequipo.com.mx\/#organization\"},\"potentialAction\":[{\"@type\":\"SearchAction\",\"target\":{\"@type\":\"EntryPoint\",\"urlTemplate\":\"https:\/\/www.sonoraenequipo.com.mx\/?s={search_term_string}\"},\"query-input\":{\"@type\":\"PropertyValueSpecification\",\"valueRequired\":true,\"valueName\":\"search_term_string\"}}],\"inLanguage\":\"es\"},{\"@type\":\"Organization\",\"@id\":\"https:\/\/www.sonoraenequipo.com.mx\/#organization\",\"name\":\"Sonoraenequipo.com.mx\",\"url\":\"https:\/\/www.sonoraenequipo.com.mx\/\",\"logo\":{\"@type\":\"ImageObject\",\"inLanguage\":\"es\",\"@id\":\"https:\/\/www.sonoraenequipo.com.mx\/#\/schema\/logo\/image\/\",\"url\":\"https:\/\/www.sonoraenequipo.com.mx\/storage\/2019\/01\/sonoraenequipo_opt.png\",\"contentUrl\":\"https:\/\/www.sonoraenequipo.com.mx\/storage\/2019\/01\/sonoraenequipo_opt.png\",\"width\":375,\"height\":125,\"caption\":\"Sonoraenequipo.com.mx\"},\"image\":{\"@id\":\"https:\/\/www.sonoraenequipo.com.mx\/#\/schema\/logo\/image\/\"},\"sameAs\":[\"https:\/\/www.facebook.com\/SonoraEE\/\",\"https:\/\/x.com\/sonoraenequipo\",\"https:\/\/www.youtube.com\/channel\/UC338nW-lPEYmJQs4ZABQ1SQ\"]},{\"@type\":\"Person\",\"@id\":\"https:\/\/www.sonoraenequipo.com.mx\/#\/schema\/person\/50102df0fb23a8fa9e8effad8fa81386\",\"name\":\"enequipo\",\"image\":{\"@type\":\"ImageObject\",\"inLanguage\":\"es\",\"@id\":\"https:\/\/www.sonoraenequipo.com.mx\/#\/schema\/person\/image\/\",\"url\":\"https:\/\/secure.gravatar.com\/avatar\/049821681b589dabc0bc20695993ccebb09f5b5d4d790cd9251b97faac7c652b?s=96&d=blank&r=g\",\"contentUrl\":\"https:\/\/secure.gravatar.com\/avatar\/049821681b589dabc0bc20695993ccebb09f5b5d4d790cd9251b97faac7c652b?s=96&d=blank&r=g\",\"caption\":\"enequipo\"},\"sameAs\":[\"https:\/\/www.facebook.com\/SonoraEE\"]}]}<\/script>\n ","yoast_head_json":{"title":"Sonora en Equipo. Propone AMLO a Herrera para el BdeM; Ram\u00edrez de la O, a la SHCP Rep\u00fablica","description":"CIUDAD DE M\u00c9XICO. MX. \u2014 El presidente Andr\u00e9s Manuel L\u00f3pez Obrador propondr\u00e1 a Arturo Herrera, hasta hoy secretario de Hacienda, como gobernador del Banco En Sonora en Equipo publicamos toda la informaci\u00f3n de Sonora, M\u00e9xico y el Mundo de manera oportuna y busca que la libertad de expresi\u00f3n sea real. Visita nuestro medio informativo publicado desde Hermosillo, Sonora. %","robots":{"index":"index","follow":"follow","max-snippet":"max-snippet:-1","max-image-preview":"max-image-preview:large","max-video-preview":"max-video-preview:-1"},"canonical":"https:\/\/www.sonoraenequipo.com.mx\/propone-amlo-a-herrera-para-el-bdem-ramirez-de-la-o-a-la-shcp\/","og_locale":"es_ES","og_type":"article","og_title":"Sonora en Equipo. Propone AMLO a Herrera para el BdeM; Ram\u00edrez de la O, a la SHCP Rep\u00fablica","og_description":"CIUDAD DE M\u00c9XICO. MX. \u2014 El presidente Andr\u00e9s Manuel L\u00f3pez Obrador propondr\u00e1 a Arturo Herrera, hasta hoy secretario de Hacienda, como gobernador del Banco En Sonora en Equipo publicamos toda la informaci\u00f3n de Sonora, M\u00e9xico y el Mundo de manera oportuna y busca que la libertad de expresi\u00f3n sea real. Visita nuestro medio informativo publicado desde Hermosillo, Sonora. %","og_url":"https:\/\/www.sonoraenequipo.com.mx\/propone-amlo-a-herrera-para-el-bdem-ramirez-de-la-o-a-la-shcp\/","og_site_name":"Sonora en Equipo.","article_publisher":"https:\/\/www.facebook.com\/SonoraEE\/","article_author":"https:\/\/www.facebook.com\/SonoraEE","article_published_time":"2021-06-09T21:00:49+00:00","article_modified_time":"2021-06-09T21:01:56+00:00","og_image":[{"width":700,"height":466,"url":"https:\/\/www.sonoraenequipo.com.mx\/storage\/2021\/06\/Presidente-con-Arturo-Herrera-y-Rogelio-de-la-O_opt.jpg","type":"image\/jpeg"}],"author":"enequipo","twitter_card":"summary_large_image","twitter_creator":"@sonoraenequipo","twitter_site":"@sonoraenequipo","twitter_misc":{"Escrito por":"enequipo","Tiempo de lectura":"4 minutos"},"schema":{"@context":"https:\/\/schema.org","@graph":[{"@type":"Article","@id":"https:\/\/www.sonoraenequipo.com.mx\/propone-amlo-a-herrera-para-el-bdem-ramirez-de-la-o-a-la-shcp\/#article","isPartOf":{"@id":"https:\/\/www.sonoraenequipo.com.mx\/propone-amlo-a-herrera-para-el-bdem-ramirez-de-la-o-a-la-shcp\/"},"author":{"name":"enequipo","@id":"https:\/\/www.sonoraenequipo.com.mx\/#\/schema\/person\/50102df0fb23a8fa9e8effad8fa81386"},"headline":"Propone AMLO a Herrera para el BdeM; Ram\u00edrez de la O, a la SHCP","datePublished":"2021-06-09T21:00:49+00:00","dateModified":"2021-06-09T21:01:56+00:00","mainEntityOfPage":{"@id":"https:\/\/www.sonoraenequipo.com.mx\/propone-amlo-a-herrera-para-el-bdem-ramirez-de-la-o-a-la-shcp\/"},"wordCount":986,"commentCount":0,"publisher":{"@id":"https:\/\/www.sonoraenequipo.com.mx\/#organization"},"image":{"@id":"https:\/\/www.sonoraenequipo.com.mx\/propone-amlo-a-herrera-para-el-bdem-ramirez-de-la-o-a-la-shcp\/#primaryimage"},"thumbnailUrl":"https:\/\/www.sonoraenequipo.com.mx\/storage\/2021\/06\/Presidente-con-Arturo-Herrera-y-Rogelio-de-la-O_opt.jpg","articleSection":["Rep\u00fablica"],"inLanguage":"es","potentialAction":[{"@type":"CommentAction","name":"Comment","target":["https:\/\/www.sonoraenequipo.com.mx\/propone-amlo-a-herrera-para-el-bdem-ramirez-de-la-o-a-la-shcp\/#respond"]}]},{"@type":"WebPage","@id":"https:\/\/www.sonoraenequipo.com.mx\/propone-amlo-a-herrera-para-el-bdem-ramirez-de-la-o-a-la-shcp\/","url":"https:\/\/www.sonoraenequipo.com.mx\/propone-amlo-a-herrera-para-el-bdem-ramirez-de-la-o-a-la-shcp\/","name":"Sonora en Equipo. Propone AMLO a Herrera para el BdeM; Ram\u00edrez de la O, a la SHCP Rep\u00fablica","isPartOf":{"@id":"https:\/\/www.sonoraenequipo.com.mx\/#website"},"primaryImageOfPage":{"@id":"https:\/\/www.sonoraenequipo.com.mx\/propone-amlo-a-herrera-para-el-bdem-ramirez-de-la-o-a-la-shcp\/#primaryimage"},"image":{"@id":"https:\/\/www.sonoraenequipo.com.mx\/propone-amlo-a-herrera-para-el-bdem-ramirez-de-la-o-a-la-shcp\/#primaryimage"},"thumbnailUrl":"https:\/\/www.sonoraenequipo.com.mx\/storage\/2021\/06\/Presidente-con-Arturo-Herrera-y-Rogelio-de-la-O_opt.jpg","datePublished":"2021-06-09T21:00:49+00:00","dateModified":"2021-06-09T21:01:56+00:00","description":"CIUDAD DE M\u00c9XICO. MX. \u2014 El presidente Andr\u00e9s Manuel L\u00f3pez Obrador propondr\u00e1 a Arturo Herrera, hasta hoy secretario de Hacienda, como gobernador del Banco En Sonora en Equipo publicamos toda la informaci\u00f3n de Sonora, M\u00e9xico y el Mundo de manera oportuna y busca que la libertad de expresi\u00f3n sea real. Visita nuestro medio informativo publicado desde Hermosillo, Sonora. %","breadcrumb":{"@id":"https:\/\/www.sonoraenequipo.com.mx\/propone-amlo-a-herrera-para-el-bdem-ramirez-de-la-o-a-la-shcp\/#breadcrumb"},"inLanguage":"es","potentialAction":[{"@type":"ReadAction","target":["https:\/\/www.sonoraenequipo.com.mx\/propone-amlo-a-herrera-para-el-bdem-ramirez-de-la-o-a-la-shcp\/"]}]},{"@type":"ImageObject","inLanguage":"es","@id":"https:\/\/www.sonoraenequipo.com.mx\/propone-amlo-a-herrera-para-el-bdem-ramirez-de-la-o-a-la-shcp\/#primaryimage","url":"https:\/\/www.sonoraenequipo.com.mx\/storage\/2021\/06\/Presidente-con-Arturo-Herrera-y-Rogelio-de-la-O_opt.jpg","contentUrl":"https:\/\/www.sonoraenequipo.com.mx\/storage\/2021\/06\/Presidente-con-Arturo-Herrera-y-Rogelio-de-la-O_opt.jpg","width":700,"height":466},{"@type":"BreadcrumbList","@id":"https:\/\/www.sonoraenequipo.com.mx\/propone-amlo-a-herrera-para-el-bdem-ramirez-de-la-o-a-la-shcp\/#breadcrumb","itemListElement":[{"@type":"ListItem","position":1,"name":"Portada","item":"https:\/\/www.sonoraenequipo.com.mx\/"},{"@type":"ListItem","position":2,"name":"Propone AMLO a Herrera para el BdeM; Ram\u00edrez de la O, a la SHCP"}]},{"@type":"WebSite","@id":"https:\/\/www.sonoraenequipo.com.mx\/#website","url":"https:\/\/www.sonoraenequipo.com.mx\/","name":"Sonora en Equipo.","description":"Diario en l\u00ednea con Noticias desde Hermosillo, Sonora","publisher":{"@id":"https:\/\/www.sonoraenequipo.com.mx\/#organization"},"potentialAction":[{"@type":"SearchAction","target":{"@type":"EntryPoint","urlTemplate":"https:\/\/www.sonoraenequipo.com.mx\/?s={search_term_string}"},"query-input":{"@type":"PropertyValueSpecification","valueRequired":true,"valueName":"search_term_string"}}],"inLanguage":"es"},{"@type":"Organization","@id":"https:\/\/www.sonoraenequipo.com.mx\/#organization","name":"Sonoraenequipo.com.mx","url":"https:\/\/www.sonoraenequipo.com.mx\/","logo":{"@type":"ImageObject","inLanguage":"es","@id":"https:\/\/www.sonoraenequipo.com.mx\/#\/schema\/logo\/image\/","url":"https:\/\/www.sonoraenequipo.com.mx\/storage\/2019\/01\/sonoraenequipo_opt.png","contentUrl":"https:\/\/www.sonoraenequipo.com.mx\/storage\/2019\/01\/sonoraenequipo_opt.png","width":375,"height":125,"caption":"Sonoraenequipo.com.mx"},"image":{"@id":"https:\/\/www.sonoraenequipo.com.mx\/#\/schema\/logo\/image\/"},"sameAs":["https:\/\/www.facebook.com\/SonoraEE\/","https:\/\/x.com\/sonoraenequipo","https:\/\/www.youtube.com\/channel\/UC338nW-lPEYmJQs4ZABQ1SQ"]},{"@type":"Person","@id":"https:\/\/www.sonoraenequipo.com.mx\/#\/schema\/person\/50102df0fb23a8fa9e8effad8fa81386","name":"enequipo","image":{"@type":"ImageObject","inLanguage":"es","@id":"https:\/\/www.sonoraenequipo.com.mx\/#\/schema\/person\/image\/","url":"https:\/\/secure.gravatar.com\/avatar\/049821681b589dabc0bc20695993ccebb09f5b5d4d790cd9251b97faac7c652b?s=96&d=blank&r=g","contentUrl":"https:\/\/secure.gravatar.com\/avatar\/049821681b589dabc0bc20695993ccebb09f5b5d4d790cd9251b97faac7c652b?s=96&d=blank&r=g","caption":"enequipo"},"sameAs":["https:\/\/www.facebook.com\/SonoraEE"]}]}},"jetpack_featured_media_url":"https:\/\/www.sonoraenequipo.com.mx\/storage\/2021\/06\/Presidente-con-Arturo-Herrera-y-Rogelio-de-la-O_opt.jpg","_links":{"self":[{"href":"https:\/\/www.sonoraenequipo.com.mx\/api\/wp\/v2\/posts\/115958","targetHints":{"allow":["GET"]}}],"collection":[{"href":"https:\/\/www.sonoraenequipo.com.mx\/api\/wp\/v2\/posts"}],"about":[{"href":"https:\/\/www.sonoraenequipo.com.mx\/api\/wp\/v2\/types\/post"}],"author":[{"embeddable":true,"href":"https:\/\/www.sonoraenequipo.com.mx\/api\/wp\/v2\/users\/1"}],"replies":[{"embeddable":true,"href":"https:\/\/www.sonoraenequipo.com.mx\/api\/wp\/v2\/comments?post=115958"}],"version-history":[{"count":1,"href":"https:\/\/www.sonoraenequipo.com.mx\/api\/wp\/v2\/posts\/115958\/revisions"}],"predecessor-version":[{"id":115976,"href":"https:\/\/www.sonoraenequipo.com.mx\/api\/wp\/v2\/posts\/115958\/revisions\/115976"}],"wp:featuredmedia":[{"embeddable":true,"href":"https:\/\/www.sonoraenequipo.com.mx\/api\/wp\/v2\/media\/115974"}],"wp:attachment":[{"href":"https:\/\/www.sonoraenequipo.com.mx\/api\/wp\/v2\/media?parent=115958"}],"wp:term":[{"taxonomy":"category","embeddable":true,"href":"https:\/\/www.sonoraenequipo.com.mx\/api\/wp\/v2\/categories?post=115958"},{"taxonomy":"post_tag","embeddable":true,"href":"https:\/\/www.sonoraenequipo.com.mx\/api\/wp\/v2\/tags?post=115958"}],"curies":[{"name":"wp","href":"https:\/\/api.w.org\/{rel}","templated":true}]}}