{"id":115963,"date":"2021-06-09T13:19:16","date_gmt":"2021-06-09T20:19:16","guid":{"rendered":"https:\/\/www.sonoraenequipo.com.mx\/?p=115963"},"modified":"2021-06-09T14:17:42","modified_gmt":"2021-06-09T21:17:42","slug":"no-debemos-bajar-la-guardia-hasta-que-todos-estemos-vacunados-contra-el-covid-clausen","status":"publish","type":"post","link":"https:\/\/www.sonoraenequipo.com.mx\/no-debemos-bajar-la-guardia-hasta-que-todos-estemos-vacunados-contra-el-covid-clausen\/","title":{"rendered":"No debemos bajar la guardia hasta que todos estemos vacunados contra el COVID: \u00a0Clausen"},"content":{"rendered":"<p>&nbsp;<\/p>\n<p>Hermosillo, Sonora, junio 08 del 2021. Actualmente, las personas que m\u00e1s se est\u00e1n contagiando de COVID-19 en Sonora son las de entre 20 a 29 a\u00f1os y de 40 a 49 a\u00f1os, est\u00e1 claro que no est\u00e1n respetando los protocolos sanitarios y est\u00e1n poniendo en riesgo al resto de los sonorenses, asegur\u00f3 Enrique Clausen Iberri.<\/p>\n<p>&nbsp;<\/p>\n<p>Despu\u00e9s de confirmarse un deceso y 47 nuevos casos por Covid, el secretario de Salud pidi\u00f3 a las y los sonorenses no olvidar cuanta gente ha muerto porque otros no respetaron las medidas sanitarias.<\/p>\n<p>&nbsp;<\/p>\n<p>\u201cYa no se vale que justos sigan pagando por pecadores, bajar la guardia es mortal; usa cubrebocas; l\u00e1vate las manos; guarda distancia; ventila los lugares y evita las aglomeraciones\u201d, coment\u00f3.<\/p>\n<p>&nbsp;<\/p>\n<p>Claussen Iberri exhort\u00f3 a las y los sonorenses a no dejar las medidas sanitarias y no bajar la guardia, por m\u00e1s repetitivo que sea, hasta que todas y todos est\u00e9n protegidos con la vacunaci\u00f3n.<\/p>\n<p>&nbsp;<\/p>\n<p>En cuanto a los datos estad\u00edsticos de hoy, 68 mil 374 personas se han recuperado en Sonora, dos pacientes fueron dados de alta. Se confirm\u00f3 un deceso en una mujer, residente de Hermosillo; derechohabiente del IMSS; con ello se acumulan 6 mil 401 defunciones.<\/p>\n<p>&nbsp;<\/p>\n<p>Hoy se suman 47 nuevos casos por Covid, en 28 hombres y 19 mujeres; en total residentes de Navojoa 18; Hermosillo 16, Nogales nueve; Caborca dos; Altar y Cajeme uno cada uno. Con ellos se acumulan 75 mil 505 casos.<\/p>\n<p>&nbsp;<\/p>\n<p>Se confirmaron dos casos pedi\u00e1tricos en un ni\u00f1o y una ni\u00f1a; acumul\u00e1ndose mil 429 casos en total; no se confirmaron casos en mujeres embarazadas. De los 47 casos confirmados de hoy, uno fue en un trabajador de la salud.<\/p>\n<p>&nbsp;<\/p>\n<p>Al momento, se han realizado 136 mil 473 pruebas; 75 mil 505 casos confirmados y 60 mil 968 casos; 5 mil 672 personas presentan cuadro leve (644 activos y 5,028 seguimiento terminado); 63 mil 346 pacientes curados; 86 personas se encuentran hospitalizados (10 estables, 53 graves, 23 cr\u00edticos).<\/p>\n<p>&nbsp;<\/p>\n<p>Casos COVID-19 en Sonora 75,505 casos confirmados y 6,401 defunciones.<\/p>\n<p>&nbsp;<\/p>\n<p>Fecha de Publicaci\u00f3n\u00a0\u00a0 mi\u00e9rcoles\u00a0 \/ 9\u00a0 \/ junio \/ 2021<\/p>\n<p>&nbsp;<\/p>\n","protected":false},"excerpt":{"rendered":"<p>&nbsp; Hermosillo, Sonora, junio 08 del 2021. Actualmente, las personas que m\u00e1s se est\u00e1n contagiando&#8230;<\/p>\n","protected":false},"author":1,"featured_media":115964,"comment_status":"open","ping_status":"open","sticky":false,"template":"","format":"standard","meta":{"_monsterinsights_skip_tracking":false,"_monsterinsights_sitenote_active":false,"_monsterinsights_sitenote_note":"","_monsterinsights_sitenote_category":0,"footnotes":""},"categories":[22],"tags":[4249,15],"class_list":["post"],"yoast_head":" \n<title>Sonora en Equipo. No debemos bajar la guardia hasta que todos estemos vacunados contra el COVID: \u00a0Clausen Sonora<\/title>\n<meta name=\"description\" content=\"&nbsp; Hermosillo, Sonora, junio 08 del 2021. Actualmente, las personas que m\u00e1s se est\u00e1n contagiando de COVID-19 en Sonora son las de entre 20 a 29 a\u00f1os y En Sonora en Equipo publicamos toda la informaci\u00f3n de Sonora, M\u00e9xico y el Mundo de manera oportuna y busca que la libertad de expresi\u00f3n sea real. Visita nuestro medio informativo publicado desde Hermosillo, Sonora. %\" \/>\n<meta name=\"robots\" content=\"index, follow, max-snippet:-1, max-image-preview:large, max-video-preview:-1\" \/>\n<link rel=\"canonical\" href=\"https:\/\/www.sonoraenequipo.com.mx\/no-debemos-bajar-la-guardia-hasta-que-todos-estemos-vacunados-contra-el-covid-clausen\/\" \/>\n<meta property=\"og:locale\" content=\"es_ES\" \/>\n<meta property=\"og:type\" content=\"article\" \/>\n<meta property=\"og:title\" content=\"Sonora en Equipo. No debemos bajar la guardia hasta que todos estemos vacunados contra el COVID: \u00a0Clausen Sonora\" \/>\n<meta property=\"og:description\" content=\"&nbsp; Hermosillo, Sonora, junio 08 del 2021. Actualmente, las personas que m\u00e1s se est\u00e1n contagiando de COVID-19 en Sonora son las de entre 20 a 29 a\u00f1os y En Sonora en Equipo publicamos toda la informaci\u00f3n de Sonora, M\u00e9xico y el Mundo de manera oportuna y busca que la libertad de expresi\u00f3n sea real. Visita nuestro medio informativo publicado desde Hermosillo, Sonora. %\" \/>\n<meta property=\"og:url\" content=\"https:\/\/www.sonoraenequipo.com.mx\/no-debemos-bajar-la-guardia-hasta-que-todos-estemos-vacunados-contra-el-covid-clausen\/\" \/>\n<meta property=\"og:site_name\" content=\"Sonora en Equipo.\" \/>\n<meta property=\"article:publisher\" content=\"https:\/\/www.facebook.com\/SonoraEE\/\" \/>\n<meta property=\"article:author\" content=\"https:\/\/www.facebook.com\/SonoraEE\" \/>\n<meta property=\"article:published_time\" content=\"2021-06-09T20:19:16+00:00\" \/>\n<meta property=\"article:modified_time\" content=\"2021-06-09T21:17:42+00:00\" \/>\n<meta property=\"og:image\" content=\"https:\/\/www.sonoraenequipo.com.mx\/storage\/2021\/06\/e-clausen16.jpg\" \/>\n\t<meta property=\"og:image:width\" content=\"700\" \/>\n\t<meta property=\"og:image:height\" content=\"400\" \/>\n\t<meta property=\"og:image:type\" content=\"image\/jpeg\" \/>\n<meta name=\"author\" content=\"enequipo\" \/>\n<meta name=\"twitter:card\" content=\"summary_large_image\" \/>\n<meta name=\"twitter:creator\" content=\"@sonoraenequipo\" \/>\n<meta name=\"twitter:site\" content=\"@sonoraenequipo\" \/>\n<meta name=\"twitter:label1\" content=\"Escrito por\" \/>\n\t<meta name=\"twitter:data1\" content=\"enequipo\" \/>\n\t<meta name=\"twitter:label2\" content=\"Tiempo de lectura\" \/>\n\t<meta name=\"twitter:data2\" content=\"2 minutos\" \/>\n<script type=\"application\/ld+json\" class=\"yoast-schema-graph\">{\"@context\":\"https:\/\/schema.org\",\"@graph\":[{\"@type\":\"Article\",\"@id\":\"https:\/\/www.sonoraenequipo.com.mx\/no-debemos-bajar-la-guardia-hasta-que-todos-estemos-vacunados-contra-el-covid-clausen\/#article\",\"isPartOf\":{\"@id\":\"https:\/\/www.sonoraenequipo.com.mx\/no-debemos-bajar-la-guardia-hasta-que-todos-estemos-vacunados-contra-el-covid-clausen\/\"},\"author\":{\"name\":\"enequipo\",\"@id\":\"https:\/\/www.sonoraenequipo.com.mx\/#\/schema\/person\/50102df0fb23a8fa9e8effad8fa81386\"},\"headline\":\"No debemos bajar la guardia hasta que todos estemos vacunados contra el COVID: \u00a0Clausen\",\"datePublished\":\"2021-06-09T20:19:16+00:00\",\"dateModified\":\"2021-06-09T21:17:42+00:00\",\"mainEntityOfPage\":{\"@id\":\"https:\/\/www.sonoraenequipo.com.mx\/no-debemos-bajar-la-guardia-hasta-que-todos-estemos-vacunados-contra-el-covid-clausen\/\"},\"wordCount\":345,\"commentCount\":0,\"publisher\":{\"@id\":\"https:\/\/www.sonoraenequipo.com.mx\/#organization\"},\"image\":{\"@id\":\"https:\/\/www.sonoraenequipo.com.mx\/no-debemos-bajar-la-guardia-hasta-que-todos-estemos-vacunados-contra-el-covid-clausen\/#primaryimage\"},\"thumbnailUrl\":\"https:\/\/www.sonoraenequipo.com.mx\/storage\/2021\/06\/e-clausen16.jpg\",\"keywords\":[\"covid\",\"Sonora\"],\"articleSection\":[\"Sonora\"],\"inLanguage\":\"es\",\"potentialAction\":[{\"@type\":\"CommentAction\",\"name\":\"Comment\",\"target\":[\"https:\/\/www.sonoraenequipo.com.mx\/no-debemos-bajar-la-guardia-hasta-que-todos-estemos-vacunados-contra-el-covid-clausen\/#respond\"]}]},{\"@type\":\"WebPage\",\"@id\":\"https:\/\/www.sonoraenequipo.com.mx\/no-debemos-bajar-la-guardia-hasta-que-todos-estemos-vacunados-contra-el-covid-clausen\/\",\"url\":\"https:\/\/www.sonoraenequipo.com.mx\/no-debemos-bajar-la-guardia-hasta-que-todos-estemos-vacunados-contra-el-covid-clausen\/\",\"name\":\"Sonora en Equipo. No debemos bajar la guardia hasta que todos estemos vacunados contra el COVID: \u00a0Clausen Sonora\",\"isPartOf\":{\"@id\":\"https:\/\/www.sonoraenequipo.com.mx\/#website\"},\"primaryImageOfPage\":{\"@id\":\"https:\/\/www.sonoraenequipo.com.mx\/no-debemos-bajar-la-guardia-hasta-que-todos-estemos-vacunados-contra-el-covid-clausen\/#primaryimage\"},\"image\":{\"@id\":\"https:\/\/www.sonoraenequipo.com.mx\/no-debemos-bajar-la-guardia-hasta-que-todos-estemos-vacunados-contra-el-covid-clausen\/#primaryimage\"},\"thumbnailUrl\":\"https:\/\/www.sonoraenequipo.com.mx\/storage\/2021\/06\/e-clausen16.jpg\",\"datePublished\":\"2021-06-09T20:19:16+00:00\",\"dateModified\":\"2021-06-09T21:17:42+00:00\",\"description\":\"&nbsp; Hermosillo, Sonora, junio 08 del 2021. Actualmente, las personas que m\u00e1s se est\u00e1n contagiando de COVID-19 en Sonora son las de entre 20 a 29 a\u00f1os y En Sonora en Equipo publicamos toda la informaci\u00f3n de Sonora, M\u00e9xico y el Mundo de manera oportuna y busca que la libertad de expresi\u00f3n sea real. Visita nuestro medio informativo publicado desde Hermosillo, Sonora. %\",\"breadcrumb\":{\"@id\":\"https:\/\/www.sonoraenequipo.com.mx\/no-debemos-bajar-la-guardia-hasta-que-todos-estemos-vacunados-contra-el-covid-clausen\/#breadcrumb\"},\"inLanguage\":\"es\",\"potentialAction\":[{\"@type\":\"ReadAction\",\"target\":[\"https:\/\/www.sonoraenequipo.com.mx\/no-debemos-bajar-la-guardia-hasta-que-todos-estemos-vacunados-contra-el-covid-clausen\/\"]}]},{\"@type\":\"ImageObject\",\"inLanguage\":\"es\",\"@id\":\"https:\/\/www.sonoraenequipo.com.mx\/no-debemos-bajar-la-guardia-hasta-que-todos-estemos-vacunados-contra-el-covid-clausen\/#primaryimage\",\"url\":\"https:\/\/www.sonoraenequipo.com.mx\/storage\/2021\/06\/e-clausen16.jpg\",\"contentUrl\":\"https:\/\/www.sonoraenequipo.com.mx\/storage\/2021\/06\/e-clausen16.jpg\",\"width\":700,\"height\":400},{\"@type\":\"BreadcrumbList\",\"@id\":\"https:\/\/www.sonoraenequipo.com.mx\/no-debemos-bajar-la-guardia-hasta-que-todos-estemos-vacunados-contra-el-covid-clausen\/#breadcrumb\",\"itemListElement\":[{\"@type\":\"ListItem\",\"position\":1,\"name\":\"Portada\",\"item\":\"https:\/\/www.sonoraenequipo.com.mx\/\"},{\"@type\":\"ListItem\",\"position\":2,\"name\":\"No debemos bajar la guardia hasta que todos estemos vacunados contra el COVID: \u00a0Clausen\"}]},{\"@type\":\"WebSite\",\"@id\":\"https:\/\/www.sonoraenequipo.com.mx\/#website\",\"url\":\"https:\/\/www.sonoraenequipo.com.mx\/\",\"name\":\"Sonora en Equipo.\",\"description\":\"Diario en l\u00ednea con Noticias desde Hermosillo, Sonora\",\"publisher\":{\"@id\":\"https:\/\/www.sonoraenequipo.com.mx\/#organization\"},\"potentialAction\":[{\"@type\":\"SearchAction\",\"target\":{\"@type\":\"EntryPoint\",\"urlTemplate\":\"https:\/\/www.sonoraenequipo.com.mx\/?s={search_term_string}\"},\"query-input\":{\"@type\":\"PropertyValueSpecification\",\"valueRequired\":true,\"valueName\":\"search_term_string\"}}],\"inLanguage\":\"es\"},{\"@type\":\"Organization\",\"@id\":\"https:\/\/www.sonoraenequipo.com.mx\/#organization\",\"name\":\"Sonoraenequipo.com.mx\",\"url\":\"https:\/\/www.sonoraenequipo.com.mx\/\",\"logo\":{\"@type\":\"ImageObject\",\"inLanguage\":\"es\",\"@id\":\"https:\/\/www.sonoraenequipo.com.mx\/#\/schema\/logo\/image\/\",\"url\":\"https:\/\/www.sonoraenequipo.com.mx\/storage\/2019\/01\/sonoraenequipo_opt.png\",\"contentUrl\":\"https:\/\/www.sonoraenequipo.com.mx\/storage\/2019\/01\/sonoraenequipo_opt.png\",\"width\":375,\"height\":125,\"caption\":\"Sonoraenequipo.com.mx\"},\"image\":{\"@id\":\"https:\/\/www.sonoraenequipo.com.mx\/#\/schema\/logo\/image\/\"},\"sameAs\":[\"https:\/\/www.facebook.com\/SonoraEE\/\",\"https:\/\/x.com\/sonoraenequipo\",\"https:\/\/www.youtube.com\/channel\/UC338nW-lPEYmJQs4ZABQ1SQ\"]},{\"@type\":\"Person\",\"@id\":\"https:\/\/www.sonoraenequipo.com.mx\/#\/schema\/person\/50102df0fb23a8fa9e8effad8fa81386\",\"name\":\"enequipo\",\"image\":{\"@type\":\"ImageObject\",\"inLanguage\":\"es\",\"@id\":\"https:\/\/www.sonoraenequipo.com.mx\/#\/schema\/person\/image\/\",\"url\":\"https:\/\/secure.gravatar.com\/avatar\/049821681b589dabc0bc20695993ccebb09f5b5d4d790cd9251b97faac7c652b?s=96&d=blank&r=g\",\"contentUrl\":\"https:\/\/secure.gravatar.com\/avatar\/049821681b589dabc0bc20695993ccebb09f5b5d4d790cd9251b97faac7c652b?s=96&d=blank&r=g\",\"caption\":\"enequipo\"},\"sameAs\":[\"https:\/\/www.facebook.com\/SonoraEE\"]}]}<\/script>\n ","yoast_head_json":{"title":"Sonora en Equipo. No debemos bajar la guardia hasta que todos estemos vacunados contra el COVID: \u00a0Clausen Sonora","description":"&nbsp; Hermosillo, Sonora, junio 08 del 2021. Actualmente, las personas que m\u00e1s se est\u00e1n contagiando de COVID-19 en Sonora son las de entre 20 a 29 a\u00f1os y En Sonora en Equipo publicamos toda la informaci\u00f3n de Sonora, M\u00e9xico y el Mundo de manera oportuna y busca que la libertad de expresi\u00f3n sea real. Visita nuestro medio informativo publicado desde Hermosillo, Sonora. %","robots":{"index":"index","follow":"follow","max-snippet":"max-snippet:-1","max-image-preview":"max-image-preview:large","max-video-preview":"max-video-preview:-1"},"canonical":"https:\/\/www.sonoraenequipo.com.mx\/no-debemos-bajar-la-guardia-hasta-que-todos-estemos-vacunados-contra-el-covid-clausen\/","og_locale":"es_ES","og_type":"article","og_title":"Sonora en Equipo. No debemos bajar la guardia hasta que todos estemos vacunados contra el COVID: \u00a0Clausen Sonora","og_description":"&nbsp; Hermosillo, Sonora, junio 08 del 2021. Actualmente, las personas que m\u00e1s se est\u00e1n contagiando de COVID-19 en Sonora son las de entre 20 a 29 a\u00f1os y En Sonora en Equipo publicamos toda la informaci\u00f3n de Sonora, M\u00e9xico y el Mundo de manera oportuna y busca que la libertad de expresi\u00f3n sea real. Visita nuestro medio informativo publicado desde Hermosillo, Sonora. %","og_url":"https:\/\/www.sonoraenequipo.com.mx\/no-debemos-bajar-la-guardia-hasta-que-todos-estemos-vacunados-contra-el-covid-clausen\/","og_site_name":"Sonora en Equipo.","article_publisher":"https:\/\/www.facebook.com\/SonoraEE\/","article_author":"https:\/\/www.facebook.com\/SonoraEE","article_published_time":"2021-06-09T20:19:16+00:00","article_modified_time":"2021-06-09T21:17:42+00:00","og_image":[{"width":700,"height":400,"url":"https:\/\/www.sonoraenequipo.com.mx\/storage\/2021\/06\/e-clausen16.jpg","type":"image\/jpeg"}],"author":"enequipo","twitter_card":"summary_large_image","twitter_creator":"@sonoraenequipo","twitter_site":"@sonoraenequipo","twitter_misc":{"Escrito por":"enequipo","Tiempo de lectura":"2 minutos"},"schema":{"@context":"https:\/\/schema.org","@graph":[{"@type":"Article","@id":"https:\/\/www.sonoraenequipo.com.mx\/no-debemos-bajar-la-guardia-hasta-que-todos-estemos-vacunados-contra-el-covid-clausen\/#article","isPartOf":{"@id":"https:\/\/www.sonoraenequipo.com.mx\/no-debemos-bajar-la-guardia-hasta-que-todos-estemos-vacunados-contra-el-covid-clausen\/"},"author":{"name":"enequipo","@id":"https:\/\/www.sonoraenequipo.com.mx\/#\/schema\/person\/50102df0fb23a8fa9e8effad8fa81386"},"headline":"No debemos bajar la guardia hasta que todos estemos vacunados contra el COVID: \u00a0Clausen","datePublished":"2021-06-09T20:19:16+00:00","dateModified":"2021-06-09T21:17:42+00:00","mainEntityOfPage":{"@id":"https:\/\/www.sonoraenequipo.com.mx\/no-debemos-bajar-la-guardia-hasta-que-todos-estemos-vacunados-contra-el-covid-clausen\/"},"wordCount":345,"commentCount":0,"publisher":{"@id":"https:\/\/www.sonoraenequipo.com.mx\/#organization"},"image":{"@id":"https:\/\/www.sonoraenequipo.com.mx\/no-debemos-bajar-la-guardia-hasta-que-todos-estemos-vacunados-contra-el-covid-clausen\/#primaryimage"},"thumbnailUrl":"https:\/\/www.sonoraenequipo.com.mx\/storage\/2021\/06\/e-clausen16.jpg","keywords":["covid","Sonora"],"articleSection":["Sonora"],"inLanguage":"es","potentialAction":[{"@type":"CommentAction","name":"Comment","target":["https:\/\/www.sonoraenequipo.com.mx\/no-debemos-bajar-la-guardia-hasta-que-todos-estemos-vacunados-contra-el-covid-clausen\/#respond"]}]},{"@type":"WebPage","@id":"https:\/\/www.sonoraenequipo.com.mx\/no-debemos-bajar-la-guardia-hasta-que-todos-estemos-vacunados-contra-el-covid-clausen\/","url":"https:\/\/www.sonoraenequipo.com.mx\/no-debemos-bajar-la-guardia-hasta-que-todos-estemos-vacunados-contra-el-covid-clausen\/","name":"Sonora en Equipo. No debemos bajar la guardia hasta que todos estemos vacunados contra el COVID: \u00a0Clausen Sonora","isPartOf":{"@id":"https:\/\/www.sonoraenequipo.com.mx\/#website"},"primaryImageOfPage":{"@id":"https:\/\/www.sonoraenequipo.com.mx\/no-debemos-bajar-la-guardia-hasta-que-todos-estemos-vacunados-contra-el-covid-clausen\/#primaryimage"},"image":{"@id":"https:\/\/www.sonoraenequipo.com.mx\/no-debemos-bajar-la-guardia-hasta-que-todos-estemos-vacunados-contra-el-covid-clausen\/#primaryimage"},"thumbnailUrl":"https:\/\/www.sonoraenequipo.com.mx\/storage\/2021\/06\/e-clausen16.jpg","datePublished":"2021-06-09T20:19:16+00:00","dateModified":"2021-06-09T21:17:42+00:00","description":"&nbsp; Hermosillo, Sonora, junio 08 del 2021. Actualmente, las personas que m\u00e1s se est\u00e1n contagiando de COVID-19 en Sonora son las de entre 20 a 29 a\u00f1os y En Sonora en Equipo publicamos toda la informaci\u00f3n de Sonora, M\u00e9xico y el Mundo de manera oportuna y busca que la libertad de expresi\u00f3n sea real. Visita nuestro medio informativo publicado desde Hermosillo, Sonora. %","breadcrumb":{"@id":"https:\/\/www.sonoraenequipo.com.mx\/no-debemos-bajar-la-guardia-hasta-que-todos-estemos-vacunados-contra-el-covid-clausen\/#breadcrumb"},"inLanguage":"es","potentialAction":[{"@type":"ReadAction","target":["https:\/\/www.sonoraenequipo.com.mx\/no-debemos-bajar-la-guardia-hasta-que-todos-estemos-vacunados-contra-el-covid-clausen\/"]}]},{"@type":"ImageObject","inLanguage":"es","@id":"https:\/\/www.sonoraenequipo.com.mx\/no-debemos-bajar-la-guardia-hasta-que-todos-estemos-vacunados-contra-el-covid-clausen\/#primaryimage","url":"https:\/\/www.sonoraenequipo.com.mx\/storage\/2021\/06\/e-clausen16.jpg","contentUrl":"https:\/\/www.sonoraenequipo.com.mx\/storage\/2021\/06\/e-clausen16.jpg","width":700,"height":400},{"@type":"BreadcrumbList","@id":"https:\/\/www.sonoraenequipo.com.mx\/no-debemos-bajar-la-guardia-hasta-que-todos-estemos-vacunados-contra-el-covid-clausen\/#breadcrumb","itemListElement":[{"@type":"ListItem","position":1,"name":"Portada","item":"https:\/\/www.sonoraenequipo.com.mx\/"},{"@type":"ListItem","position":2,"name":"No debemos bajar la guardia hasta que todos estemos vacunados contra el COVID: \u00a0Clausen"}]},{"@type":"WebSite","@id":"https:\/\/www.sonoraenequipo.com.mx\/#website","url":"https:\/\/www.sonoraenequipo.com.mx\/","name":"Sonora en Equipo.","description":"Diario en l\u00ednea con Noticias desde Hermosillo, Sonora","publisher":{"@id":"https:\/\/www.sonoraenequipo.com.mx\/#organization"},"potentialAction":[{"@type":"SearchAction","target":{"@type":"EntryPoint","urlTemplate":"https:\/\/www.sonoraenequipo.com.mx\/?s={search_term_string}"},"query-input":{"@type":"PropertyValueSpecification","valueRequired":true,"valueName":"search_term_string"}}],"inLanguage":"es"},{"@type":"Organization","@id":"https:\/\/www.sonoraenequipo.com.mx\/#organization","name":"Sonoraenequipo.com.mx","url":"https:\/\/www.sonoraenequipo.com.mx\/","logo":{"@type":"ImageObject","inLanguage":"es","@id":"https:\/\/www.sonoraenequipo.com.mx\/#\/schema\/logo\/image\/","url":"https:\/\/www.sonoraenequipo.com.mx\/storage\/2019\/01\/sonoraenequipo_opt.png","contentUrl":"https:\/\/www.sonoraenequipo.com.mx\/storage\/2019\/01\/sonoraenequipo_opt.png","width":375,"height":125,"caption":"Sonoraenequipo.com.mx"},"image":{"@id":"https:\/\/www.sonoraenequipo.com.mx\/#\/schema\/logo\/image\/"},"sameAs":["https:\/\/www.facebook.com\/SonoraEE\/","https:\/\/x.com\/sonoraenequipo","https:\/\/www.youtube.com\/channel\/UC338nW-lPEYmJQs4ZABQ1SQ"]},{"@type":"Person","@id":"https:\/\/www.sonoraenequipo.com.mx\/#\/schema\/person\/50102df0fb23a8fa9e8effad8fa81386","name":"enequipo","image":{"@type":"ImageObject","inLanguage":"es","@id":"https:\/\/www.sonoraenequipo.com.mx\/#\/schema\/person\/image\/","url":"https:\/\/secure.gravatar.com\/avatar\/049821681b589dabc0bc20695993ccebb09f5b5d4d790cd9251b97faac7c652b?s=96&d=blank&r=g","contentUrl":"https:\/\/secure.gravatar.com\/avatar\/049821681b589dabc0bc20695993ccebb09f5b5d4d790cd9251b97faac7c652b?s=96&d=blank&r=g","caption":"enequipo"},"sameAs":["https:\/\/www.facebook.com\/SonoraEE"]}]}},"jetpack_featured_media_url":"https:\/\/www.sonoraenequipo.com.mx\/storage\/2021\/06\/e-clausen16.jpg","_links":{"self":[{"href":"https:\/\/www.sonoraenequipo.com.mx\/api\/wp\/v2\/posts\/115963","targetHints":{"allow":["GET"]}}],"collection":[{"href":"https:\/\/www.sonoraenequipo.com.mx\/api\/wp\/v2\/posts"}],"about":[{"href":"https:\/\/www.sonoraenequipo.com.mx\/api\/wp\/v2\/types\/post"}],"author":[{"embeddable":true,"href":"https:\/\/www.sonoraenequipo.com.mx\/api\/wp\/v2\/users\/1"}],"replies":[{"embeddable":true,"href":"https:\/\/www.sonoraenequipo.com.mx\/api\/wp\/v2\/comments?post=115963"}],"version-history":[{"count":1,"href":"https:\/\/www.sonoraenequipo.com.mx\/api\/wp\/v2\/posts\/115963\/revisions"}],"predecessor-version":[{"id":115965,"href":"https:\/\/www.sonoraenequipo.com.mx\/api\/wp\/v2\/posts\/115963\/revisions\/115965"}],"wp:featuredmedia":[{"embeddable":true,"href":"https:\/\/www.sonoraenequipo.com.mx\/api\/wp\/v2\/media\/115964"}],"wp:attachment":[{"href":"https:\/\/www.sonoraenequipo.com.mx\/api\/wp\/v2\/media?parent=115963"}],"wp:term":[{"taxonomy":"category","embeddable":true,"href":"https:\/\/www.sonoraenequipo.com.mx\/api\/wp\/v2\/categories?post=115963"},{"taxonomy":"post_tag","embeddable":true,"href":"https:\/\/www.sonoraenequipo.com.mx\/api\/wp\/v2\/tags?post=115963"}],"curies":[{"name":"wp","href":"https:\/\/api.w.org\/{rel}","templated":true}]}}