{"id":115966,"date":"2021-06-09T11:30:00","date_gmt":"2021-06-09T18:30:00","guid":{"rendered":"https:\/\/www.sonoraenequipo.com.mx\/?p=115966"},"modified":"2021-06-09T14:16:20","modified_gmt":"2021-06-09T21:16:20","slug":"reanudan-vacunacion-contra-covid-19-en-sonora-salud","status":"publish","type":"post","link":"https:\/\/www.sonoraenequipo.com.mx\/reanudan-vacunacion-contra-covid-19-en-sonora-salud\/","title":{"rendered":"Reanudan vacunaci\u00f3n contra COVID-19 en Sonora: Salud"},"content":{"rendered":"<p>HERMOSILLO, SONORA,MX.\u2500\u2500 La vacunaci\u00f3n contra COVID-19 fue reanudada en Sonora este mi\u00e9rcoles con la aplicaci\u00f3n de la primera dosis a personas de 40 a 49 a\u00f1os de Sonoyta, Puerto Pe\u00f1asco y San Luis R\u00edo Colorado y, este jueves, iniciar\u00e1 el proceso para completar el esquema a mayores de 60 a\u00f1os de Hermosillo, inform\u00f3 Concepci\u00f3n F\u00e9lix Lares.<\/p>\n<p>&nbsp;<\/p>\n<p>La encargada estatal de vacunaci\u00f3n de la Secretar\u00eda de Salud puntualiz\u00f3 que en los citados municipios se est\u00e1 aplicando el biol\u00f3gico de AstraZeneca y este 10 de junio tambi\u00e9n en Guaymas y Caborca se vacunar\u00e1 en primera dosis a personas de 40 a 49 a\u00f1os, pero con la vacuna de Pfizer.<\/p>\n<p>&nbsp;<\/p>\n<p>\u201cContinuamos seg\u00fan el Plan Nacional de Vacunaci\u00f3n, se les pide a quienes est\u00e9n en su turno de vacunaci\u00f3n acudir seg\u00fan la hora y d\u00eda que les toca, usando su cubrebocas, respetando sana distancia y si toman alg\u00fan medicamento tomarlo previamente\u2019\u2019, dijo.<\/p>\n<p>&nbsp;<\/p>\n<p>Puntualiz\u00f3 que en Hermosillo se tendr\u00e1n 22 puntos de vacunaci\u00f3n para la aplicaci\u00f3n de la segunda dosis a adultos mayores de 60 a\u00f1os, en un horario de 7:00 a 13:00 horas en unos centros y de 8:00 a 18:00 horas en otros puntos de vacunaci\u00f3n, en los cuales se pide acudir seg\u00fan el d\u00eda por edad, en orden descendente de mayor a menor edad, el cual podr\u00e1n checar en vacunatehermosillo.unison.mx.<\/p>\n<p>&nbsp;<\/p>\n<p>Los puntos de vacunaci\u00f3n que estar\u00e1n de 7:00 a 13:00 horas, se\u00f1al\u00f3, son: H\u00e1bitat Solidaridad IV, Escuela Melchor Ocampo, Primaria General Pascual P\u00e9rez, Secundaria Estatal T\u00e9cnica 15, CBTIS 206, H\u00e1bitat Internacional, Escuela 6 de Abril, CBTIS 11, Cobach Reforma, CBTIS 132, Secundaria 5 Jos\u00e9 Vasconcelos, Cobach Norte, H\u00e1bitat Los Olivos, H\u00e1bitat Las Minitas, Centro Amah Altares.<\/p>\n<p>&nbsp;<\/p>\n<p>De 8:00 a 18:00 horas, apunt\u00f3, se vacunar\u00e1 en los centros de vacunaci\u00f3n del H\u00e1bitat Poblado Miguel Alem\u00e1n, Centro CAPTS Bah\u00eda de Kino, Centro de Usos M\u00faltiples (CUM), SUM Hospital Militar, Primaria Jes\u00fas Garc\u00eda (San Pedro), Universidad de Sonora y Teatro del Auditorio Cobach Villa de Seris.<\/p>\n<p>Fecha de Publicaci\u00f3n\u00a0\u00a0 mi\u00e9rcoles\u00a0 \/ 9\u00a0 \/ junio \/ 2021<\/p>\n","protected":false},"excerpt":{"rendered":"<p>HERMOSILLO, SONORA,MX.\u2500\u2500 La vacunaci\u00f3n contra COVID-19 fue reanudada en Sonora este mi\u00e9rcoles con la aplicaci\u00f3n&#8230;<\/p>\n","protected":false},"author":1,"featured_media":115967,"comment_status":"open","ping_status":"open","sticky":false,"template":"","format":"standard","meta":{"_monsterinsights_skip_tracking":false,"_monsterinsights_sitenote_active":false,"_monsterinsights_sitenote_note":"","_monsterinsights_sitenote_category":0,"footnotes":""},"categories":[22],"tags":[4249,15],"class_list":["post"],"yoast_head":" \n<title>Sonora en Equipo. Reanudan vacunaci\u00f3n contra COVID-19 en Sonora: Salud Sonora<\/title>\n<meta name=\"description\" content=\"HERMOSILLO, SONORA,MX.\u2500\u2500 La vacunaci\u00f3n contra COVID-19 fue reanudada en Sonora este mi\u00e9rcoles con la aplicaci\u00f3n de la primera dosis a personas de 40 a 49 En Sonora en Equipo publicamos toda la informaci\u00f3n de Sonora, M\u00e9xico y el Mundo de manera oportuna y busca que la libertad de expresi\u00f3n sea real. Visita nuestro medio informativo publicado desde Hermosillo, Sonora. %\" \/>\n<meta name=\"robots\" content=\"index, follow, max-snippet:-1, max-image-preview:large, max-video-preview:-1\" \/>\n<link rel=\"canonical\" href=\"https:\/\/www.sonoraenequipo.com.mx\/reanudan-vacunacion-contra-covid-19-en-sonora-salud\/\" \/>\n<meta property=\"og:locale\" content=\"es_ES\" \/>\n<meta property=\"og:type\" content=\"article\" \/>\n<meta property=\"og:title\" content=\"Sonora en Equipo. Reanudan vacunaci\u00f3n contra COVID-19 en Sonora: Salud Sonora\" \/>\n<meta property=\"og:description\" content=\"HERMOSILLO, SONORA,MX.\u2500\u2500 La vacunaci\u00f3n contra COVID-19 fue reanudada en Sonora este mi\u00e9rcoles con la aplicaci\u00f3n de la primera dosis a personas de 40 a 49 En Sonora en Equipo publicamos toda la informaci\u00f3n de Sonora, M\u00e9xico y el Mundo de manera oportuna y busca que la libertad de expresi\u00f3n sea real. Visita nuestro medio informativo publicado desde Hermosillo, Sonora. %\" \/>\n<meta property=\"og:url\" content=\"https:\/\/www.sonoraenequipo.com.mx\/reanudan-vacunacion-contra-covid-19-en-sonora-salud\/\" \/>\n<meta property=\"og:site_name\" content=\"Sonora en Equipo.\" \/>\n<meta property=\"article:publisher\" content=\"https:\/\/www.facebook.com\/SonoraEE\/\" \/>\n<meta property=\"article:author\" content=\"https:\/\/www.facebook.com\/SonoraEE\" \/>\n<meta property=\"article:published_time\" content=\"2021-06-09T18:30:00+00:00\" \/>\n<meta property=\"article:modified_time\" content=\"2021-06-09T21:16:20+00:00\" \/>\n<meta property=\"og:image\" content=\"https:\/\/www.sonoraenequipo.com.mx\/storage\/2021\/06\/vacunacion-hmo3.jpg\" \/>\n\t<meta property=\"og:image:width\" content=\"500\" \/>\n\t<meta property=\"og:image:height\" content=\"300\" \/>\n\t<meta property=\"og:image:type\" content=\"image\/jpeg\" \/>\n<meta name=\"author\" content=\"enequipo\" \/>\n<meta name=\"twitter:card\" content=\"summary_large_image\" \/>\n<meta name=\"twitter:creator\" content=\"@sonoraenequipo\" \/>\n<meta name=\"twitter:site\" content=\"@sonoraenequipo\" \/>\n<meta name=\"twitter:label1\" content=\"Escrito por\" \/>\n\t<meta name=\"twitter:data1\" content=\"enequipo\" \/>\n\t<meta name=\"twitter:label2\" content=\"Tiempo de lectura\" \/>\n\t<meta name=\"twitter:data2\" content=\"2 minutos\" \/>\n<script type=\"application\/ld+json\" class=\"yoast-schema-graph\">{\"@context\":\"https:\/\/schema.org\",\"@graph\":[{\"@type\":\"Article\",\"@id\":\"https:\/\/www.sonoraenequipo.com.mx\/reanudan-vacunacion-contra-covid-19-en-sonora-salud\/#article\",\"isPartOf\":{\"@id\":\"https:\/\/www.sonoraenequipo.com.mx\/reanudan-vacunacion-contra-covid-19-en-sonora-salud\/\"},\"author\":{\"name\":\"enequipo\",\"@id\":\"https:\/\/www.sonoraenequipo.com.mx\/#\/schema\/person\/50102df0fb23a8fa9e8effad8fa81386\"},\"headline\":\"Reanudan vacunaci\u00f3n contra COVID-19 en Sonora: Salud\",\"datePublished\":\"2021-06-09T18:30:00+00:00\",\"dateModified\":\"2021-06-09T21:16:20+00:00\",\"mainEntityOfPage\":{\"@id\":\"https:\/\/www.sonoraenequipo.com.mx\/reanudan-vacunacion-contra-covid-19-en-sonora-salud\/\"},\"wordCount\":367,\"commentCount\":0,\"publisher\":{\"@id\":\"https:\/\/www.sonoraenequipo.com.mx\/#organization\"},\"image\":{\"@id\":\"https:\/\/www.sonoraenequipo.com.mx\/reanudan-vacunacion-contra-covid-19-en-sonora-salud\/#primaryimage\"},\"thumbnailUrl\":\"https:\/\/www.sonoraenequipo.com.mx\/storage\/2021\/06\/vacunacion-hmo3.jpg\",\"keywords\":[\"covid\",\"Sonora\"],\"articleSection\":[\"Sonora\"],\"inLanguage\":\"es\",\"potentialAction\":[{\"@type\":\"CommentAction\",\"name\":\"Comment\",\"target\":[\"https:\/\/www.sonoraenequipo.com.mx\/reanudan-vacunacion-contra-covid-19-en-sonora-salud\/#respond\"]}]},{\"@type\":\"WebPage\",\"@id\":\"https:\/\/www.sonoraenequipo.com.mx\/reanudan-vacunacion-contra-covid-19-en-sonora-salud\/\",\"url\":\"https:\/\/www.sonoraenequipo.com.mx\/reanudan-vacunacion-contra-covid-19-en-sonora-salud\/\",\"name\":\"Sonora en Equipo. Reanudan vacunaci\u00f3n contra COVID-19 en Sonora: Salud Sonora\",\"isPartOf\":{\"@id\":\"https:\/\/www.sonoraenequipo.com.mx\/#website\"},\"primaryImageOfPage\":{\"@id\":\"https:\/\/www.sonoraenequipo.com.mx\/reanudan-vacunacion-contra-covid-19-en-sonora-salud\/#primaryimage\"},\"image\":{\"@id\":\"https:\/\/www.sonoraenequipo.com.mx\/reanudan-vacunacion-contra-covid-19-en-sonora-salud\/#primaryimage\"},\"thumbnailUrl\":\"https:\/\/www.sonoraenequipo.com.mx\/storage\/2021\/06\/vacunacion-hmo3.jpg\",\"datePublished\":\"2021-06-09T18:30:00+00:00\",\"dateModified\":\"2021-06-09T21:16:20+00:00\",\"description\":\"HERMOSILLO, SONORA,MX.\u2500\u2500 La vacunaci\u00f3n contra COVID-19 fue reanudada en Sonora este mi\u00e9rcoles con la aplicaci\u00f3n de la primera dosis a personas de 40 a 49 En Sonora en Equipo publicamos toda la informaci\u00f3n de Sonora, M\u00e9xico y el Mundo de manera oportuna y busca que la libertad de expresi\u00f3n sea real. Visita nuestro medio informativo publicado desde Hermosillo, Sonora. %\",\"breadcrumb\":{\"@id\":\"https:\/\/www.sonoraenequipo.com.mx\/reanudan-vacunacion-contra-covid-19-en-sonora-salud\/#breadcrumb\"},\"inLanguage\":\"es\",\"potentialAction\":[{\"@type\":\"ReadAction\",\"target\":[\"https:\/\/www.sonoraenequipo.com.mx\/reanudan-vacunacion-contra-covid-19-en-sonora-salud\/\"]}]},{\"@type\":\"ImageObject\",\"inLanguage\":\"es\",\"@id\":\"https:\/\/www.sonoraenequipo.com.mx\/reanudan-vacunacion-contra-covid-19-en-sonora-salud\/#primaryimage\",\"url\":\"https:\/\/www.sonoraenequipo.com.mx\/storage\/2021\/06\/vacunacion-hmo3.jpg\",\"contentUrl\":\"https:\/\/www.sonoraenequipo.com.mx\/storage\/2021\/06\/vacunacion-hmo3.jpg\",\"width\":500,\"height\":300},{\"@type\":\"BreadcrumbList\",\"@id\":\"https:\/\/www.sonoraenequipo.com.mx\/reanudan-vacunacion-contra-covid-19-en-sonora-salud\/#breadcrumb\",\"itemListElement\":[{\"@type\":\"ListItem\",\"position\":1,\"name\":\"Portada\",\"item\":\"https:\/\/www.sonoraenequipo.com.mx\/\"},{\"@type\":\"ListItem\",\"position\":2,\"name\":\"Reanudan vacunaci\u00f3n contra COVID-19 en Sonora: Salud\"}]},{\"@type\":\"WebSite\",\"@id\":\"https:\/\/www.sonoraenequipo.com.mx\/#website\",\"url\":\"https:\/\/www.sonoraenequipo.com.mx\/\",\"name\":\"Sonora en Equipo.\",\"description\":\"Diario en l\u00ednea con Noticias desde Hermosillo, Sonora\",\"publisher\":{\"@id\":\"https:\/\/www.sonoraenequipo.com.mx\/#organization\"},\"potentialAction\":[{\"@type\":\"SearchAction\",\"target\":{\"@type\":\"EntryPoint\",\"urlTemplate\":\"https:\/\/www.sonoraenequipo.com.mx\/?s={search_term_string}\"},\"query-input\":{\"@type\":\"PropertyValueSpecification\",\"valueRequired\":true,\"valueName\":\"search_term_string\"}}],\"inLanguage\":\"es\"},{\"@type\":\"Organization\",\"@id\":\"https:\/\/www.sonoraenequipo.com.mx\/#organization\",\"name\":\"Sonoraenequipo.com.mx\",\"url\":\"https:\/\/www.sonoraenequipo.com.mx\/\",\"logo\":{\"@type\":\"ImageObject\",\"inLanguage\":\"es\",\"@id\":\"https:\/\/www.sonoraenequipo.com.mx\/#\/schema\/logo\/image\/\",\"url\":\"https:\/\/www.sonoraenequipo.com.mx\/storage\/2019\/01\/sonoraenequipo_opt.png\",\"contentUrl\":\"https:\/\/www.sonoraenequipo.com.mx\/storage\/2019\/01\/sonoraenequipo_opt.png\",\"width\":375,\"height\":125,\"caption\":\"Sonoraenequipo.com.mx\"},\"image\":{\"@id\":\"https:\/\/www.sonoraenequipo.com.mx\/#\/schema\/logo\/image\/\"},\"sameAs\":[\"https:\/\/www.facebook.com\/SonoraEE\/\",\"https:\/\/x.com\/sonoraenequipo\",\"https:\/\/www.youtube.com\/channel\/UC338nW-lPEYmJQs4ZABQ1SQ\"]},{\"@type\":\"Person\",\"@id\":\"https:\/\/www.sonoraenequipo.com.mx\/#\/schema\/person\/50102df0fb23a8fa9e8effad8fa81386\",\"name\":\"enequipo\",\"image\":{\"@type\":\"ImageObject\",\"inLanguage\":\"es\",\"@id\":\"https:\/\/www.sonoraenequipo.com.mx\/#\/schema\/person\/image\/\",\"url\":\"https:\/\/secure.gravatar.com\/avatar\/049821681b589dabc0bc20695993ccebb09f5b5d4d790cd9251b97faac7c652b?s=96&d=blank&r=g\",\"contentUrl\":\"https:\/\/secure.gravatar.com\/avatar\/049821681b589dabc0bc20695993ccebb09f5b5d4d790cd9251b97faac7c652b?s=96&d=blank&r=g\",\"caption\":\"enequipo\"},\"sameAs\":[\"https:\/\/www.facebook.com\/SonoraEE\"]}]}<\/script>\n ","yoast_head_json":{"title":"Sonora en Equipo. Reanudan vacunaci\u00f3n contra COVID-19 en Sonora: Salud Sonora","description":"HERMOSILLO, SONORA,MX.\u2500\u2500 La vacunaci\u00f3n contra COVID-19 fue reanudada en Sonora este mi\u00e9rcoles con la aplicaci\u00f3n de la primera dosis a personas de 40 a 49 En Sonora en Equipo publicamos toda la informaci\u00f3n de Sonora, M\u00e9xico y el Mundo de manera oportuna y busca que la libertad de expresi\u00f3n sea real. Visita nuestro medio informativo publicado desde Hermosillo, Sonora. %","robots":{"index":"index","follow":"follow","max-snippet":"max-snippet:-1","max-image-preview":"max-image-preview:large","max-video-preview":"max-video-preview:-1"},"canonical":"https:\/\/www.sonoraenequipo.com.mx\/reanudan-vacunacion-contra-covid-19-en-sonora-salud\/","og_locale":"es_ES","og_type":"article","og_title":"Sonora en Equipo. Reanudan vacunaci\u00f3n contra COVID-19 en Sonora: Salud Sonora","og_description":"HERMOSILLO, SONORA,MX.\u2500\u2500 La vacunaci\u00f3n contra COVID-19 fue reanudada en Sonora este mi\u00e9rcoles con la aplicaci\u00f3n de la primera dosis a personas de 40 a 49 En Sonora en Equipo publicamos toda la informaci\u00f3n de Sonora, M\u00e9xico y el Mundo de manera oportuna y busca que la libertad de expresi\u00f3n sea real. Visita nuestro medio informativo publicado desde Hermosillo, Sonora. %","og_url":"https:\/\/www.sonoraenequipo.com.mx\/reanudan-vacunacion-contra-covid-19-en-sonora-salud\/","og_site_name":"Sonora en Equipo.","article_publisher":"https:\/\/www.facebook.com\/SonoraEE\/","article_author":"https:\/\/www.facebook.com\/SonoraEE","article_published_time":"2021-06-09T18:30:00+00:00","article_modified_time":"2021-06-09T21:16:20+00:00","og_image":[{"width":500,"height":300,"url":"https:\/\/www.sonoraenequipo.com.mx\/storage\/2021\/06\/vacunacion-hmo3.jpg","type":"image\/jpeg"}],"author":"enequipo","twitter_card":"summary_large_image","twitter_creator":"@sonoraenequipo","twitter_site":"@sonoraenequipo","twitter_misc":{"Escrito por":"enequipo","Tiempo de lectura":"2 minutos"},"schema":{"@context":"https:\/\/schema.org","@graph":[{"@type":"Article","@id":"https:\/\/www.sonoraenequipo.com.mx\/reanudan-vacunacion-contra-covid-19-en-sonora-salud\/#article","isPartOf":{"@id":"https:\/\/www.sonoraenequipo.com.mx\/reanudan-vacunacion-contra-covid-19-en-sonora-salud\/"},"author":{"name":"enequipo","@id":"https:\/\/www.sonoraenequipo.com.mx\/#\/schema\/person\/50102df0fb23a8fa9e8effad8fa81386"},"headline":"Reanudan vacunaci\u00f3n contra COVID-19 en Sonora: Salud","datePublished":"2021-06-09T18:30:00+00:00","dateModified":"2021-06-09T21:16:20+00:00","mainEntityOfPage":{"@id":"https:\/\/www.sonoraenequipo.com.mx\/reanudan-vacunacion-contra-covid-19-en-sonora-salud\/"},"wordCount":367,"commentCount":0,"publisher":{"@id":"https:\/\/www.sonoraenequipo.com.mx\/#organization"},"image":{"@id":"https:\/\/www.sonoraenequipo.com.mx\/reanudan-vacunacion-contra-covid-19-en-sonora-salud\/#primaryimage"},"thumbnailUrl":"https:\/\/www.sonoraenequipo.com.mx\/storage\/2021\/06\/vacunacion-hmo3.jpg","keywords":["covid","Sonora"],"articleSection":["Sonora"],"inLanguage":"es","potentialAction":[{"@type":"CommentAction","name":"Comment","target":["https:\/\/www.sonoraenequipo.com.mx\/reanudan-vacunacion-contra-covid-19-en-sonora-salud\/#respond"]}]},{"@type":"WebPage","@id":"https:\/\/www.sonoraenequipo.com.mx\/reanudan-vacunacion-contra-covid-19-en-sonora-salud\/","url":"https:\/\/www.sonoraenequipo.com.mx\/reanudan-vacunacion-contra-covid-19-en-sonora-salud\/","name":"Sonora en Equipo. Reanudan vacunaci\u00f3n contra COVID-19 en Sonora: Salud Sonora","isPartOf":{"@id":"https:\/\/www.sonoraenequipo.com.mx\/#website"},"primaryImageOfPage":{"@id":"https:\/\/www.sonoraenequipo.com.mx\/reanudan-vacunacion-contra-covid-19-en-sonora-salud\/#primaryimage"},"image":{"@id":"https:\/\/www.sonoraenequipo.com.mx\/reanudan-vacunacion-contra-covid-19-en-sonora-salud\/#primaryimage"},"thumbnailUrl":"https:\/\/www.sonoraenequipo.com.mx\/storage\/2021\/06\/vacunacion-hmo3.jpg","datePublished":"2021-06-09T18:30:00+00:00","dateModified":"2021-06-09T21:16:20+00:00","description":"HERMOSILLO, SONORA,MX.\u2500\u2500 La vacunaci\u00f3n contra COVID-19 fue reanudada en Sonora este mi\u00e9rcoles con la aplicaci\u00f3n de la primera dosis a personas de 40 a 49 En Sonora en Equipo publicamos toda la informaci\u00f3n de Sonora, M\u00e9xico y el Mundo de manera oportuna y busca que la libertad de expresi\u00f3n sea real. Visita nuestro medio informativo publicado desde Hermosillo, Sonora. %","breadcrumb":{"@id":"https:\/\/www.sonoraenequipo.com.mx\/reanudan-vacunacion-contra-covid-19-en-sonora-salud\/#breadcrumb"},"inLanguage":"es","potentialAction":[{"@type":"ReadAction","target":["https:\/\/www.sonoraenequipo.com.mx\/reanudan-vacunacion-contra-covid-19-en-sonora-salud\/"]}]},{"@type":"ImageObject","inLanguage":"es","@id":"https:\/\/www.sonoraenequipo.com.mx\/reanudan-vacunacion-contra-covid-19-en-sonora-salud\/#primaryimage","url":"https:\/\/www.sonoraenequipo.com.mx\/storage\/2021\/06\/vacunacion-hmo3.jpg","contentUrl":"https:\/\/www.sonoraenequipo.com.mx\/storage\/2021\/06\/vacunacion-hmo3.jpg","width":500,"height":300},{"@type":"BreadcrumbList","@id":"https:\/\/www.sonoraenequipo.com.mx\/reanudan-vacunacion-contra-covid-19-en-sonora-salud\/#breadcrumb","itemListElement":[{"@type":"ListItem","position":1,"name":"Portada","item":"https:\/\/www.sonoraenequipo.com.mx\/"},{"@type":"ListItem","position":2,"name":"Reanudan vacunaci\u00f3n contra COVID-19 en Sonora: Salud"}]},{"@type":"WebSite","@id":"https:\/\/www.sonoraenequipo.com.mx\/#website","url":"https:\/\/www.sonoraenequipo.com.mx\/","name":"Sonora en Equipo.","description":"Diario en l\u00ednea con Noticias desde Hermosillo, Sonora","publisher":{"@id":"https:\/\/www.sonoraenequipo.com.mx\/#organization"},"potentialAction":[{"@type":"SearchAction","target":{"@type":"EntryPoint","urlTemplate":"https:\/\/www.sonoraenequipo.com.mx\/?s={search_term_string}"},"query-input":{"@type":"PropertyValueSpecification","valueRequired":true,"valueName":"search_term_string"}}],"inLanguage":"es"},{"@type":"Organization","@id":"https:\/\/www.sonoraenequipo.com.mx\/#organization","name":"Sonoraenequipo.com.mx","url":"https:\/\/www.sonoraenequipo.com.mx\/","logo":{"@type":"ImageObject","inLanguage":"es","@id":"https:\/\/www.sonoraenequipo.com.mx\/#\/schema\/logo\/image\/","url":"https:\/\/www.sonoraenequipo.com.mx\/storage\/2019\/01\/sonoraenequipo_opt.png","contentUrl":"https:\/\/www.sonoraenequipo.com.mx\/storage\/2019\/01\/sonoraenequipo_opt.png","width":375,"height":125,"caption":"Sonoraenequipo.com.mx"},"image":{"@id":"https:\/\/www.sonoraenequipo.com.mx\/#\/schema\/logo\/image\/"},"sameAs":["https:\/\/www.facebook.com\/SonoraEE\/","https:\/\/x.com\/sonoraenequipo","https:\/\/www.youtube.com\/channel\/UC338nW-lPEYmJQs4ZABQ1SQ"]},{"@type":"Person","@id":"https:\/\/www.sonoraenequipo.com.mx\/#\/schema\/person\/50102df0fb23a8fa9e8effad8fa81386","name":"enequipo","image":{"@type":"ImageObject","inLanguage":"es","@id":"https:\/\/www.sonoraenequipo.com.mx\/#\/schema\/person\/image\/","url":"https:\/\/secure.gravatar.com\/avatar\/049821681b589dabc0bc20695993ccebb09f5b5d4d790cd9251b97faac7c652b?s=96&d=blank&r=g","contentUrl":"https:\/\/secure.gravatar.com\/avatar\/049821681b589dabc0bc20695993ccebb09f5b5d4d790cd9251b97faac7c652b?s=96&d=blank&r=g","caption":"enequipo"},"sameAs":["https:\/\/www.facebook.com\/SonoraEE"]}]}},"jetpack_featured_media_url":"https:\/\/www.sonoraenequipo.com.mx\/storage\/2021\/06\/vacunacion-hmo3.jpg","_links":{"self":[{"href":"https:\/\/www.sonoraenequipo.com.mx\/api\/wp\/v2\/posts\/115966","targetHints":{"allow":["GET"]}}],"collection":[{"href":"https:\/\/www.sonoraenequipo.com.mx\/api\/wp\/v2\/posts"}],"about":[{"href":"https:\/\/www.sonoraenequipo.com.mx\/api\/wp\/v2\/types\/post"}],"author":[{"embeddable":true,"href":"https:\/\/www.sonoraenequipo.com.mx\/api\/wp\/v2\/users\/1"}],"replies":[{"embeddable":true,"href":"https:\/\/www.sonoraenequipo.com.mx\/api\/wp\/v2\/comments?post=115966"}],"version-history":[{"count":1,"href":"https:\/\/www.sonoraenequipo.com.mx\/api\/wp\/v2\/posts\/115966\/revisions"}],"predecessor-version":[{"id":115968,"href":"https:\/\/www.sonoraenequipo.com.mx\/api\/wp\/v2\/posts\/115966\/revisions\/115968"}],"wp:featuredmedia":[{"embeddable":true,"href":"https:\/\/www.sonoraenequipo.com.mx\/api\/wp\/v2\/media\/115967"}],"wp:attachment":[{"href":"https:\/\/www.sonoraenequipo.com.mx\/api\/wp\/v2\/media?parent=115966"}],"wp:term":[{"taxonomy":"category","embeddable":true,"href":"https:\/\/www.sonoraenequipo.com.mx\/api\/wp\/v2\/categories?post=115966"},{"taxonomy":"post_tag","embeddable":true,"href":"https:\/\/www.sonoraenequipo.com.mx\/api\/wp\/v2\/tags?post=115966"}],"curies":[{"name":"wp","href":"https:\/\/api.w.org\/{rel}","templated":true}]}}