{"id":115977,"date":"2021-06-09T13:45:59","date_gmt":"2021-06-09T20:45:59","guid":{"rendered":"https:\/\/www.sonoraenequipo.com.mx\/?p=115977"},"modified":"2021-06-09T14:14:43","modified_gmt":"2021-06-09T21:14:43","slug":"mexicanos-salieron-de-los-indios-argentinos-llegamos-de-europa-alberto-fernandez","status":"publish","type":"post","link":"https:\/\/www.sonoraenequipo.com.mx\/mexicanos-salieron-de-los-indios-argentinos-llegamos-de-europa-alberto-fernandez\/","title":{"rendered":"\u201cMexicanos salieron de los indios; argentinos llegamos de Europa\u201d: Alberto Fern\u00e1ndez"},"content":{"rendered":"<p>BUENOS AIRES, ARGENTINA. \u2014 Fuertes cr\u00edticas han desatado los comentarios que el presidente de Argentina, Alberto Fern\u00e1ndez, realiz\u00f3 en contra la comunidad mexicana y brasile\u00f1a, mismos que ya han sido tachados de racistas.<\/p>\n<p>&nbsp;<\/p>\n<p> <\/p>\n<p>&nbsp;<\/p>\n<p>Las declaraciones se dieron durante un conferencia conjunta que dio con su hom\u00f3logo espa\u00f1ol, Pedro S\u00e1nchez, en la que el argentino se dijo \u201ceurope\u00edsta\u201d y retom\u00f3 en un sentido totalmente opuesto las palabras del nobel Octavio Paz.<\/p>\n<p>&nbsp;<\/p>\n<p>\u201cEscribi\u00f3 alguna vez Octavio Paz que los mexicanos salieron de los indios, los brasileros salieron de la selva, pero nosotros los argentinos llegamos de los barcos. Eran barcos que ven\u00edan de Europa\u201d, dijo el Presidente en la Casa Rosada.<\/p>\n<p>&nbsp;<\/p>\n<p>No obstante, dista mucho de lo escrito un d\u00eda por el novelista mexicano, quien se\u00f1al\u00f3: \u201cLos mexicanos descienden de los aztecas; los peruanos, de los incas, y los argentinos, de los barcos\u201d.<\/p>\n<p>&nbsp;<\/p>\n<p>Su frase m\u00e1s bien aludi\u00f3 a una canci\u00f3n del argentino Litto Nebbia, de quien Fern\u00e1ndez se ha declarado fan, y lo reafirm\u00f3 inconscientemente este d\u00eda con su resbal\u00f3n.<\/p>\n<p>&nbsp;<\/p>\n<p>Cabe precisar que tanto M\u00e9xico como Brasil son pa\u00edses multi\u00e9tnicos y multiculturales debido a que en episodios de su historia experimentaron una oleada de inmigraci\u00f3n a sus tierras.<\/p>\n<p>&nbsp;<\/p>\n<p>Espec\u00edficamente, en M\u00e9xico la comunidad ind\u00edgena mezcl\u00f3 sus ra\u00edces con los espa\u00f1oles, portugueses, franceses, la comunidad negra y dem\u00e1s pueblos, sobre todo tras la \u00e9poca de la Conquista espa\u00f1ola.<\/p>\n<p>Incluso ciudadanos argentinos tambi\u00e9n han salido a criticar las palabras del mandatario, tras acusar que en Argentina tambi\u00e9n hay pueblos originarios que no son reconocidos.<\/p>\n<p><a class=\"twitter-timeline\" data-width=\"640\" data-height=\"960\" data-dnt=\"true\" href=\"https:\/\/twitter.com\/Agente__?ref_src=twsrc%5Etfw\">Tweets by Agente__<\/a><script async src=\"https:\/\/platform.twitter.com\/widgets.js\" charset=\"utf-8\"><\/script><\/p>\n<p>&nbsp;<\/p>\n<p>(Publicada el 09\/06\/2021\/JUAN MABROMATA \/ AFP)<\/p>\n","protected":false},"excerpt":{"rendered":"<p>BUENOS AIRES, ARGENTINA. \u2014 Fuertes cr\u00edticas han desatado los comentarios que el presidente de Argentina,&#8230;<\/p>\n","protected":false},"author":1,"featured_media":0,"comment_status":"open","ping_status":"open","sticky":false,"template":"","format":"standard","meta":{"_monsterinsights_skip_tracking":false,"_monsterinsights_sitenote_active":false,"_monsterinsights_sitenote_note":"","_monsterinsights_sitenote_category":0,"footnotes":""},"categories":[1],"tags":[],"class_list":["post"],"yoast_head":" \n<title>Sonora en Equipo. \u201cMexicanos salieron de los indios; argentinos llegamos de Europa\u201d: Alberto Fern\u00e1ndez<\/title>\n<meta name=\"description\" content=\"BUENOS AIRES, ARGENTINA. \u2014 Fuertes cr\u00edticas han desatado los comentarios que el presidente de Argentina, Alberto Fern\u00e1ndez, realiz\u00f3 en contra la comunidad En Sonora en Equipo publicamos toda la informaci\u00f3n de Sonora, M\u00e9xico y el Mundo de manera oportuna y busca que la libertad de expresi\u00f3n sea real. Visita nuestro medio informativo publicado desde Hermosillo, Sonora. %\" \/>\n<meta name=\"robots\" content=\"index, follow, max-snippet:-1, max-image-preview:large, max-video-preview:-1\" \/>\n<link rel=\"canonical\" href=\"https:\/\/www.sonoraenequipo.com.mx\/mexicanos-salieron-de-los-indios-argentinos-llegamos-de-europa-alberto-fernandez\/\" \/>\n<meta property=\"og:locale\" content=\"es_ES\" \/>\n<meta property=\"og:type\" content=\"article\" \/>\n<meta property=\"og:title\" content=\"Sonora en Equipo. \u201cMexicanos salieron de los indios; argentinos llegamos de Europa\u201d: Alberto Fern\u00e1ndez\" \/>\n<meta property=\"og:description\" content=\"BUENOS AIRES, ARGENTINA. \u2014 Fuertes cr\u00edticas han desatado los comentarios que el presidente de Argentina, Alberto Fern\u00e1ndez, realiz\u00f3 en contra la comunidad En Sonora en Equipo publicamos toda la informaci\u00f3n de Sonora, M\u00e9xico y el Mundo de manera oportuna y busca que la libertad de expresi\u00f3n sea real. Visita nuestro medio informativo publicado desde Hermosillo, Sonora. %\" \/>\n<meta property=\"og:url\" content=\"https:\/\/www.sonoraenequipo.com.mx\/mexicanos-salieron-de-los-indios-argentinos-llegamos-de-europa-alberto-fernandez\/\" \/>\n<meta property=\"og:site_name\" content=\"Sonora en Equipo.\" \/>\n<meta property=\"article:publisher\" content=\"https:\/\/www.facebook.com\/SonoraEE\/\" \/>\n<meta property=\"article:author\" content=\"https:\/\/www.facebook.com\/SonoraEE\" \/>\n<meta property=\"article:published_time\" content=\"2021-06-09T20:45:59+00:00\" \/>\n<meta property=\"article:modified_time\" content=\"2021-06-09T21:14:43+00:00\" \/>\n<meta name=\"author\" content=\"enequipo\" \/>\n<meta name=\"twitter:card\" content=\"summary_large_image\" \/>\n<meta name=\"twitter:creator\" content=\"@sonoraenequipo\" \/>\n<meta name=\"twitter:site\" content=\"@sonoraenequipo\" \/>\n<meta name=\"twitter:label1\" content=\"Escrito por\" \/>\n\t<meta name=\"twitter:data1\" content=\"enequipo\" \/>\n\t<meta name=\"twitter:label2\" content=\"Tiempo de lectura\" \/>\n\t<meta name=\"twitter:data2\" content=\"2 minutos\" \/>\n<script type=\"application\/ld+json\" class=\"yoast-schema-graph\">{\"@context\":\"https:\/\/schema.org\",\"@graph\":[{\"@type\":\"Article\",\"@id\":\"https:\/\/www.sonoraenequipo.com.mx\/mexicanos-salieron-de-los-indios-argentinos-llegamos-de-europa-alberto-fernandez\/#article\",\"isPartOf\":{\"@id\":\"https:\/\/www.sonoraenequipo.com.mx\/mexicanos-salieron-de-los-indios-argentinos-llegamos-de-europa-alberto-fernandez\/\"},\"author\":{\"name\":\"enequipo\",\"@id\":\"https:\/\/www.sonoraenequipo.com.mx\/#\/schema\/person\/50102df0fb23a8fa9e8effad8fa81386\"},\"headline\":\"\u201cMexicanos salieron de los indios; argentinos llegamos de Europa\u201d: Alberto Fern\u00e1ndez\",\"datePublished\":\"2021-06-09T20:45:59+00:00\",\"dateModified\":\"2021-06-09T21:14:43+00:00\",\"mainEntityOfPage\":{\"@id\":\"https:\/\/www.sonoraenequipo.com.mx\/mexicanos-salieron-de-los-indios-argentinos-llegamos-de-europa-alberto-fernandez\/\"},\"wordCount\":307,\"commentCount\":0,\"publisher\":{\"@id\":\"https:\/\/www.sonoraenequipo.com.mx\/#organization\"},\"articleSection\":[\"Sin categorizar\"],\"inLanguage\":\"es\",\"potentialAction\":[{\"@type\":\"CommentAction\",\"name\":\"Comment\",\"target\":[\"https:\/\/www.sonoraenequipo.com.mx\/mexicanos-salieron-de-los-indios-argentinos-llegamos-de-europa-alberto-fernandez\/#respond\"]}]},{\"@type\":\"WebPage\",\"@id\":\"https:\/\/www.sonoraenequipo.com.mx\/mexicanos-salieron-de-los-indios-argentinos-llegamos-de-europa-alberto-fernandez\/\",\"url\":\"https:\/\/www.sonoraenequipo.com.mx\/mexicanos-salieron-de-los-indios-argentinos-llegamos-de-europa-alberto-fernandez\/\",\"name\":\"Sonora en Equipo. \u201cMexicanos salieron de los indios; argentinos llegamos de Europa\u201d: Alberto Fern\u00e1ndez\",\"isPartOf\":{\"@id\":\"https:\/\/www.sonoraenequipo.com.mx\/#website\"},\"datePublished\":\"2021-06-09T20:45:59+00:00\",\"dateModified\":\"2021-06-09T21:14:43+00:00\",\"description\":\"BUENOS AIRES, ARGENTINA. \u2014 Fuertes cr\u00edticas han desatado los comentarios que el presidente de Argentina, Alberto Fern\u00e1ndez, realiz\u00f3 en contra la comunidad En Sonora en Equipo publicamos toda la informaci\u00f3n de Sonora, M\u00e9xico y el Mundo de manera oportuna y busca que la libertad de expresi\u00f3n sea real. Visita nuestro medio informativo publicado desde Hermosillo, Sonora. %\",\"breadcrumb\":{\"@id\":\"https:\/\/www.sonoraenequipo.com.mx\/mexicanos-salieron-de-los-indios-argentinos-llegamos-de-europa-alberto-fernandez\/#breadcrumb\"},\"inLanguage\":\"es\",\"potentialAction\":[{\"@type\":\"ReadAction\",\"target\":[\"https:\/\/www.sonoraenequipo.com.mx\/mexicanos-salieron-de-los-indios-argentinos-llegamos-de-europa-alberto-fernandez\/\"]}]},{\"@type\":\"BreadcrumbList\",\"@id\":\"https:\/\/www.sonoraenequipo.com.mx\/mexicanos-salieron-de-los-indios-argentinos-llegamos-de-europa-alberto-fernandez\/#breadcrumb\",\"itemListElement\":[{\"@type\":\"ListItem\",\"position\":1,\"name\":\"Portada\",\"item\":\"https:\/\/www.sonoraenequipo.com.mx\/\"},{\"@type\":\"ListItem\",\"position\":2,\"name\":\"\u201cMexicanos salieron de los indios; argentinos llegamos de Europa\u201d: Alberto Fern\u00e1ndez\"}]},{\"@type\":\"WebSite\",\"@id\":\"https:\/\/www.sonoraenequipo.com.mx\/#website\",\"url\":\"https:\/\/www.sonoraenequipo.com.mx\/\",\"name\":\"Sonora en Equipo.\",\"description\":\"Diario en l\u00ednea con Noticias desde Hermosillo, Sonora\",\"publisher\":{\"@id\":\"https:\/\/www.sonoraenequipo.com.mx\/#organization\"},\"potentialAction\":[{\"@type\":\"SearchAction\",\"target\":{\"@type\":\"EntryPoint\",\"urlTemplate\":\"https:\/\/www.sonoraenequipo.com.mx\/?s={search_term_string}\"},\"query-input\":{\"@type\":\"PropertyValueSpecification\",\"valueRequired\":true,\"valueName\":\"search_term_string\"}}],\"inLanguage\":\"es\"},{\"@type\":\"Organization\",\"@id\":\"https:\/\/www.sonoraenequipo.com.mx\/#organization\",\"name\":\"Sonoraenequipo.com.mx\",\"url\":\"https:\/\/www.sonoraenequipo.com.mx\/\",\"logo\":{\"@type\":\"ImageObject\",\"inLanguage\":\"es\",\"@id\":\"https:\/\/www.sonoraenequipo.com.mx\/#\/schema\/logo\/image\/\",\"url\":\"https:\/\/www.sonoraenequipo.com.mx\/storage\/2019\/01\/sonoraenequipo_opt.png\",\"contentUrl\":\"https:\/\/www.sonoraenequipo.com.mx\/storage\/2019\/01\/sonoraenequipo_opt.png\",\"width\":375,\"height\":125,\"caption\":\"Sonoraenequipo.com.mx\"},\"image\":{\"@id\":\"https:\/\/www.sonoraenequipo.com.mx\/#\/schema\/logo\/image\/\"},\"sameAs\":[\"https:\/\/www.facebook.com\/SonoraEE\/\",\"https:\/\/x.com\/sonoraenequipo\",\"https:\/\/www.youtube.com\/channel\/UC338nW-lPEYmJQs4ZABQ1SQ\"]},{\"@type\":\"Person\",\"@id\":\"https:\/\/www.sonoraenequipo.com.mx\/#\/schema\/person\/50102df0fb23a8fa9e8effad8fa81386\",\"name\":\"enequipo\",\"image\":{\"@type\":\"ImageObject\",\"inLanguage\":\"es\",\"@id\":\"https:\/\/www.sonoraenequipo.com.mx\/#\/schema\/person\/image\/\",\"url\":\"https:\/\/secure.gravatar.com\/avatar\/049821681b589dabc0bc20695993ccebb09f5b5d4d790cd9251b97faac7c652b?s=96&d=blank&r=g\",\"contentUrl\":\"https:\/\/secure.gravatar.com\/avatar\/049821681b589dabc0bc20695993ccebb09f5b5d4d790cd9251b97faac7c652b?s=96&d=blank&r=g\",\"caption\":\"enequipo\"},\"sameAs\":[\"https:\/\/www.facebook.com\/SonoraEE\"]}]}<\/script>\n ","yoast_head_json":{"title":"Sonora en Equipo. \u201cMexicanos salieron de los indios; argentinos llegamos de Europa\u201d: Alberto Fern\u00e1ndez","description":"BUENOS AIRES, ARGENTINA. \u2014 Fuertes cr\u00edticas han desatado los comentarios que el presidente de Argentina, Alberto Fern\u00e1ndez, realiz\u00f3 en contra la comunidad En Sonora en Equipo publicamos toda la informaci\u00f3n de Sonora, M\u00e9xico y el Mundo de manera oportuna y busca que la libertad de expresi\u00f3n sea real. Visita nuestro medio informativo publicado desde Hermosillo, Sonora. %","robots":{"index":"index","follow":"follow","max-snippet":"max-snippet:-1","max-image-preview":"max-image-preview:large","max-video-preview":"max-video-preview:-1"},"canonical":"https:\/\/www.sonoraenequipo.com.mx\/mexicanos-salieron-de-los-indios-argentinos-llegamos-de-europa-alberto-fernandez\/","og_locale":"es_ES","og_type":"article","og_title":"Sonora en Equipo. \u201cMexicanos salieron de los indios; argentinos llegamos de Europa\u201d: Alberto Fern\u00e1ndez","og_description":"BUENOS AIRES, ARGENTINA. \u2014 Fuertes cr\u00edticas han desatado los comentarios que el presidente de Argentina, Alberto Fern\u00e1ndez, realiz\u00f3 en contra la comunidad En Sonora en Equipo publicamos toda la informaci\u00f3n de Sonora, M\u00e9xico y el Mundo de manera oportuna y busca que la libertad de expresi\u00f3n sea real. Visita nuestro medio informativo publicado desde Hermosillo, Sonora. %","og_url":"https:\/\/www.sonoraenequipo.com.mx\/mexicanos-salieron-de-los-indios-argentinos-llegamos-de-europa-alberto-fernandez\/","og_site_name":"Sonora en Equipo.","article_publisher":"https:\/\/www.facebook.com\/SonoraEE\/","article_author":"https:\/\/www.facebook.com\/SonoraEE","article_published_time":"2021-06-09T20:45:59+00:00","article_modified_time":"2021-06-09T21:14:43+00:00","author":"enequipo","twitter_card":"summary_large_image","twitter_creator":"@sonoraenequipo","twitter_site":"@sonoraenequipo","twitter_misc":{"Escrito por":"enequipo","Tiempo de lectura":"2 minutos"},"schema":{"@context":"https:\/\/schema.org","@graph":[{"@type":"Article","@id":"https:\/\/www.sonoraenequipo.com.mx\/mexicanos-salieron-de-los-indios-argentinos-llegamos-de-europa-alberto-fernandez\/#article","isPartOf":{"@id":"https:\/\/www.sonoraenequipo.com.mx\/mexicanos-salieron-de-los-indios-argentinos-llegamos-de-europa-alberto-fernandez\/"},"author":{"name":"enequipo","@id":"https:\/\/www.sonoraenequipo.com.mx\/#\/schema\/person\/50102df0fb23a8fa9e8effad8fa81386"},"headline":"\u201cMexicanos salieron de los indios; argentinos llegamos de Europa\u201d: Alberto Fern\u00e1ndez","datePublished":"2021-06-09T20:45:59+00:00","dateModified":"2021-06-09T21:14:43+00:00","mainEntityOfPage":{"@id":"https:\/\/www.sonoraenequipo.com.mx\/mexicanos-salieron-de-los-indios-argentinos-llegamos-de-europa-alberto-fernandez\/"},"wordCount":307,"commentCount":0,"publisher":{"@id":"https:\/\/www.sonoraenequipo.com.mx\/#organization"},"articleSection":["Sin categorizar"],"inLanguage":"es","potentialAction":[{"@type":"CommentAction","name":"Comment","target":["https:\/\/www.sonoraenequipo.com.mx\/mexicanos-salieron-de-los-indios-argentinos-llegamos-de-europa-alberto-fernandez\/#respond"]}]},{"@type":"WebPage","@id":"https:\/\/www.sonoraenequipo.com.mx\/mexicanos-salieron-de-los-indios-argentinos-llegamos-de-europa-alberto-fernandez\/","url":"https:\/\/www.sonoraenequipo.com.mx\/mexicanos-salieron-de-los-indios-argentinos-llegamos-de-europa-alberto-fernandez\/","name":"Sonora en Equipo. \u201cMexicanos salieron de los indios; argentinos llegamos de Europa\u201d: Alberto Fern\u00e1ndez","isPartOf":{"@id":"https:\/\/www.sonoraenequipo.com.mx\/#website"},"datePublished":"2021-06-09T20:45:59+00:00","dateModified":"2021-06-09T21:14:43+00:00","description":"BUENOS AIRES, ARGENTINA. \u2014 Fuertes cr\u00edticas han desatado los comentarios que el presidente de Argentina, Alberto Fern\u00e1ndez, realiz\u00f3 en contra la comunidad En Sonora en Equipo publicamos toda la informaci\u00f3n de Sonora, M\u00e9xico y el Mundo de manera oportuna y busca que la libertad de expresi\u00f3n sea real. Visita nuestro medio informativo publicado desde Hermosillo, Sonora. %","breadcrumb":{"@id":"https:\/\/www.sonoraenequipo.com.mx\/mexicanos-salieron-de-los-indios-argentinos-llegamos-de-europa-alberto-fernandez\/#breadcrumb"},"inLanguage":"es","potentialAction":[{"@type":"ReadAction","target":["https:\/\/www.sonoraenequipo.com.mx\/mexicanos-salieron-de-los-indios-argentinos-llegamos-de-europa-alberto-fernandez\/"]}]},{"@type":"BreadcrumbList","@id":"https:\/\/www.sonoraenequipo.com.mx\/mexicanos-salieron-de-los-indios-argentinos-llegamos-de-europa-alberto-fernandez\/#breadcrumb","itemListElement":[{"@type":"ListItem","position":1,"name":"Portada","item":"https:\/\/www.sonoraenequipo.com.mx\/"},{"@type":"ListItem","position":2,"name":"\u201cMexicanos salieron de los indios; argentinos llegamos de Europa\u201d: Alberto Fern\u00e1ndez"}]},{"@type":"WebSite","@id":"https:\/\/www.sonoraenequipo.com.mx\/#website","url":"https:\/\/www.sonoraenequipo.com.mx\/","name":"Sonora en Equipo.","description":"Diario en l\u00ednea con Noticias desde Hermosillo, Sonora","publisher":{"@id":"https:\/\/www.sonoraenequipo.com.mx\/#organization"},"potentialAction":[{"@type":"SearchAction","target":{"@type":"EntryPoint","urlTemplate":"https:\/\/www.sonoraenequipo.com.mx\/?s={search_term_string}"},"query-input":{"@type":"PropertyValueSpecification","valueRequired":true,"valueName":"search_term_string"}}],"inLanguage":"es"},{"@type":"Organization","@id":"https:\/\/www.sonoraenequipo.com.mx\/#organization","name":"Sonoraenequipo.com.mx","url":"https:\/\/www.sonoraenequipo.com.mx\/","logo":{"@type":"ImageObject","inLanguage":"es","@id":"https:\/\/www.sonoraenequipo.com.mx\/#\/schema\/logo\/image\/","url":"https:\/\/www.sonoraenequipo.com.mx\/storage\/2019\/01\/sonoraenequipo_opt.png","contentUrl":"https:\/\/www.sonoraenequipo.com.mx\/storage\/2019\/01\/sonoraenequipo_opt.png","width":375,"height":125,"caption":"Sonoraenequipo.com.mx"},"image":{"@id":"https:\/\/www.sonoraenequipo.com.mx\/#\/schema\/logo\/image\/"},"sameAs":["https:\/\/www.facebook.com\/SonoraEE\/","https:\/\/x.com\/sonoraenequipo","https:\/\/www.youtube.com\/channel\/UC338nW-lPEYmJQs4ZABQ1SQ"]},{"@type":"Person","@id":"https:\/\/www.sonoraenequipo.com.mx\/#\/schema\/person\/50102df0fb23a8fa9e8effad8fa81386","name":"enequipo","image":{"@type":"ImageObject","inLanguage":"es","@id":"https:\/\/www.sonoraenequipo.com.mx\/#\/schema\/person\/image\/","url":"https:\/\/secure.gravatar.com\/avatar\/049821681b589dabc0bc20695993ccebb09f5b5d4d790cd9251b97faac7c652b?s=96&d=blank&r=g","contentUrl":"https:\/\/secure.gravatar.com\/avatar\/049821681b589dabc0bc20695993ccebb09f5b5d4d790cd9251b97faac7c652b?s=96&d=blank&r=g","caption":"enequipo"},"sameAs":["https:\/\/www.facebook.com\/SonoraEE"]}]}},"jetpack_featured_media_url":"","_links":{"self":[{"href":"https:\/\/www.sonoraenequipo.com.mx\/api\/wp\/v2\/posts\/115977","targetHints":{"allow":["GET"]}}],"collection":[{"href":"https:\/\/www.sonoraenequipo.com.mx\/api\/wp\/v2\/posts"}],"about":[{"href":"https:\/\/www.sonoraenequipo.com.mx\/api\/wp\/v2\/types\/post"}],"author":[{"embeddable":true,"href":"https:\/\/www.sonoraenequipo.com.mx\/api\/wp\/v2\/users\/1"}],"replies":[{"embeddable":true,"href":"https:\/\/www.sonoraenequipo.com.mx\/api\/wp\/v2\/comments?post=115977"}],"version-history":[{"count":1,"href":"https:\/\/www.sonoraenequipo.com.mx\/api\/wp\/v2\/posts\/115977\/revisions"}],"predecessor-version":[{"id":115978,"href":"https:\/\/www.sonoraenequipo.com.mx\/api\/wp\/v2\/posts\/115977\/revisions\/115978"}],"wp:attachment":[{"href":"https:\/\/www.sonoraenequipo.com.mx\/api\/wp\/v2\/media?parent=115977"}],"wp:term":[{"taxonomy":"category","embeddable":true,"href":"https:\/\/www.sonoraenequipo.com.mx\/api\/wp\/v2\/categories?post=115977"},{"taxonomy":"post_tag","embeddable":true,"href":"https:\/\/www.sonoraenequipo.com.mx\/api\/wp\/v2\/tags?post=115977"}],"curies":[{"name":"wp","href":"https:\/\/api.w.org\/{rel}","templated":true}]}}