{"id":115982,"date":"2021-06-09T16:06:04","date_gmt":"2021-06-09T23:06:04","guid":{"rendered":"https:\/\/www.sonoraenequipo.com.mx\/?p=115982"},"modified":"2021-06-09T18:18:01","modified_gmt":"2021-06-10T01:18:01","slug":"podran-hermosillenses-de-escasos-recursos-comprar-viviendas-recuperadas-por-infonavit","status":"publish","type":"post","link":"https:\/\/www.sonoraenequipo.com.mx\/podran-hermosillenses-de-escasos-recursos-comprar-viviendas-recuperadas-por-infonavit\/","title":{"rendered":"Podr\u00e1n hermosillenses de escasos recursos comprar viviendas recuperadas por Infonavit"},"content":{"rendered":"<p>HERMOSILLO, SONORA,MX.\u2500\u2500 \u201cComo un esfuerzo que vale mucho la pena\u201d, defini\u00f3 el alcalde de Hermosillo, Ferm\u00edn Gonz\u00e1lez Gaxiola, el convenio que este mi\u00e9rcoles formalizaron el Gobierno Municipal y la delegaci\u00f3n Sonora del Infonavit, el cual posibilitar\u00e1 a familias de escasos recursos de la localidad adquirir casas recuperadas del abandono por esta \u00faltima instituci\u00f3n.<\/p>\n<p>El mun\u00edcipe firm\u00f3 como testigo de honor el documento en el que tambi\u00e9n signaron Mar\u00eda Antonieta Laso L\u00f3pez, Directora de Promotora Inmobiliaria del Municipio de Hermosillo y Vladimir Barboza V\u00e1squez, Delegado del instituto en la entidad.<\/p>\n<p>Esta formalizaci\u00f3n culmina cerca de 3 a\u00f1os de trabajos articulados en torno al objetivo de brindar soluciones de vivienda digna y accesible a familias en condici\u00f3n desfavorecida, y tambi\u00e9n recuperar el ambiente urbano en el que se localizan dichos inmuebles, se explic\u00f3 durante la reuni\u00f3n en la que participaron Joaqu\u00edn Rodr\u00edguez V\u00e9jar, Secretario del Ayuntamiento y Benito P\u00e9rez Valenzuela, S\u00edndico Municipal.<\/p>\n<p>El Alcalde hizo votos porque el grave y complejo problema de las viviendas abandonadas y vandalizadas encuentre en este convenio una ruta de soluci\u00f3n viable y definitiva, que a su vez se traduzca en un hogar digno y con certeza jur\u00eddica para quienes lo necesitan.<\/p>\n<p>En cuanto a las mesas de trabajo que siguen entre los equipos t\u00e9cnicos de ambas instituciones firmantes, ser\u00e1n para definir y poner a disposici\u00f3n del Municipio, v\u00eda la Promotora Inmobiliaria, el inventario de vivienda recuperada susceptible de ser adquirido, as\u00ed como la metodolog\u00eda con que se calcular\u00e1 su precio y las rehabilitaciones necesarias se explic\u00f3.<\/p>\n<p>\u201cNosotros somos una administraci\u00f3n honesta a toda prueba, y lo hemos demostrado, no llegamos aqu\u00ed para enriquecernos o quedarnos con un pedacito de tierra, ni un metro cuadrado, vinimos aqu\u00ed a cumplir un compromiso, especialmente con la gente m\u00e1s humilde, por el bien de todos\u201d, estableci\u00f3 el Presidente Municipal.<\/p>\n<p>Comentaron que los tr\u00e1mites no dar\u00e1n margen de maniobra a l\u00edderes que busquen sacar provecho de la necesidad de vivienda de terceros, ya que ser\u00e1n completamente personalizados y rigurosos.<\/p>\n<p>Fecha de Publicaci\u00f3n\u00a0\u00a0 mi\u00e9rcoles\u00a0 \/ 9\u00a0 \/ junio \/ 2021<\/p>\n","protected":false},"excerpt":{"rendered":"<p>HERMOSILLO, SONORA,MX.\u2500\u2500 \u201cComo un esfuerzo que vale mucho la pena\u201d, defini\u00f3 el alcalde de Hermosillo,&#8230;<\/p>\n","protected":false},"author":1,"featured_media":115983,"comment_status":"open","ping_status":"open","sticky":false,"template":"","format":"standard","meta":{"_monsterinsights_skip_tracking":false,"_monsterinsights_sitenote_active":false,"_monsterinsights_sitenote_note":"","_monsterinsights_sitenote_category":0,"footnotes":""},"categories":[4],"tags":[35,903,5784],"class_list":["post"],"yoast_head":" \n<title>Sonora en Equipo. Podr\u00e1n hermosillenses de escasos recursos comprar viviendas recuperadas por Infonavit Municipios<\/title>\n<meta name=\"description\" content=\"HERMOSILLO, SONORA,MX.\u2500\u2500 \u201cComo un esfuerzo que vale mucho la pena\u201d, defini\u00f3 el alcalde de Hermosillo, Ferm\u00edn Gonz\u00e1lez Gaxiola, el convenio que este En Sonora en Equipo publicamos toda la informaci\u00f3n de Sonora, M\u00e9xico y el Mundo de manera oportuna y busca que la libertad de expresi\u00f3n sea real. Visita nuestro medio informativo publicado desde Hermosillo, Sonora. %\" \/>\n<meta name=\"robots\" content=\"index, follow, max-snippet:-1, max-image-preview:large, max-video-preview:-1\" \/>\n<link rel=\"canonical\" href=\"https:\/\/www.sonoraenequipo.com.mx\/podran-hermosillenses-de-escasos-recursos-comprar-viviendas-recuperadas-por-infonavit\/\" \/>\n<meta property=\"og:locale\" content=\"es_ES\" \/>\n<meta property=\"og:type\" content=\"article\" \/>\n<meta property=\"og:title\" content=\"Sonora en Equipo. Podr\u00e1n hermosillenses de escasos recursos comprar viviendas recuperadas por Infonavit Municipios\" \/>\n<meta property=\"og:description\" content=\"HERMOSILLO, SONORA,MX.\u2500\u2500 \u201cComo un esfuerzo que vale mucho la pena\u201d, defini\u00f3 el alcalde de Hermosillo, Ferm\u00edn Gonz\u00e1lez Gaxiola, el convenio que este En Sonora en Equipo publicamos toda la informaci\u00f3n de Sonora, M\u00e9xico y el Mundo de manera oportuna y busca que la libertad de expresi\u00f3n sea real. Visita nuestro medio informativo publicado desde Hermosillo, Sonora. %\" \/>\n<meta property=\"og:url\" content=\"https:\/\/www.sonoraenequipo.com.mx\/podran-hermosillenses-de-escasos-recursos-comprar-viviendas-recuperadas-por-infonavit\/\" \/>\n<meta property=\"og:site_name\" content=\"Sonora en Equipo.\" \/>\n<meta property=\"article:publisher\" content=\"https:\/\/www.facebook.com\/SonoraEE\/\" \/>\n<meta property=\"article:author\" content=\"https:\/\/www.facebook.com\/SonoraEE\" \/>\n<meta property=\"article:published_time\" content=\"2021-06-09T23:06:04+00:00\" \/>\n<meta property=\"article:modified_time\" content=\"2021-06-10T01:18:01+00:00\" \/>\n<meta property=\"og:image\" content=\"https:\/\/www.sonoraenequipo.com.mx\/storage\/2021\/06\/FGG090621.jpg\" \/>\n\t<meta property=\"og:image:width\" content=\"700\" \/>\n\t<meta property=\"og:image:height\" content=\"400\" \/>\n\t<meta property=\"og:image:type\" content=\"image\/jpeg\" \/>\n<meta name=\"author\" content=\"enequipo\" \/>\n<meta name=\"twitter:card\" content=\"summary_large_image\" \/>\n<meta name=\"twitter:creator\" content=\"@sonoraenequipo\" \/>\n<meta name=\"twitter:site\" content=\"@sonoraenequipo\" \/>\n<meta name=\"twitter:label1\" content=\"Escrito por\" \/>\n\t<meta name=\"twitter:data1\" content=\"enequipo\" \/>\n\t<meta name=\"twitter:label2\" content=\"Tiempo de lectura\" \/>\n\t<meta name=\"twitter:data2\" content=\"2 minutos\" \/>\n<script type=\"application\/ld+json\" class=\"yoast-schema-graph\">{\"@context\":\"https:\/\/schema.org\",\"@graph\":[{\"@type\":\"Article\",\"@id\":\"https:\/\/www.sonoraenequipo.com.mx\/podran-hermosillenses-de-escasos-recursos-comprar-viviendas-recuperadas-por-infonavit\/#article\",\"isPartOf\":{\"@id\":\"https:\/\/www.sonoraenequipo.com.mx\/podran-hermosillenses-de-escasos-recursos-comprar-viviendas-recuperadas-por-infonavit\/\"},\"author\":{\"name\":\"enequipo\",\"@id\":\"https:\/\/www.sonoraenequipo.com.mx\/#\/schema\/person\/50102df0fb23a8fa9e8effad8fa81386\"},\"headline\":\"Podr\u00e1n hermosillenses de escasos recursos comprar viviendas recuperadas por Infonavit\",\"datePublished\":\"2021-06-09T23:06:04+00:00\",\"dateModified\":\"2021-06-10T01:18:01+00:00\",\"mainEntityOfPage\":{\"@id\":\"https:\/\/www.sonoraenequipo.com.mx\/podran-hermosillenses-de-escasos-recursos-comprar-viviendas-recuperadas-por-infonavit\/\"},\"wordCount\":379,\"commentCount\":0,\"publisher\":{\"@id\":\"https:\/\/www.sonoraenequipo.com.mx\/#organization\"},\"image\":{\"@id\":\"https:\/\/www.sonoraenequipo.com.mx\/podran-hermosillenses-de-escasos-recursos-comprar-viviendas-recuperadas-por-infonavit\/#primaryimage\"},\"thumbnailUrl\":\"https:\/\/www.sonoraenequipo.com.mx\/storage\/2021\/06\/FGG090621.jpg\",\"keywords\":[\"hermosillo\",\"INFONAVIT\",\"vivienda recuperada\"],\"articleSection\":[\"Municipios\"],\"inLanguage\":\"es\",\"potentialAction\":[{\"@type\":\"CommentAction\",\"name\":\"Comment\",\"target\":[\"https:\/\/www.sonoraenequipo.com.mx\/podran-hermosillenses-de-escasos-recursos-comprar-viviendas-recuperadas-por-infonavit\/#respond\"]}]},{\"@type\":\"WebPage\",\"@id\":\"https:\/\/www.sonoraenequipo.com.mx\/podran-hermosillenses-de-escasos-recursos-comprar-viviendas-recuperadas-por-infonavit\/\",\"url\":\"https:\/\/www.sonoraenequipo.com.mx\/podran-hermosillenses-de-escasos-recursos-comprar-viviendas-recuperadas-por-infonavit\/\",\"name\":\"Sonora en Equipo. Podr\u00e1n hermosillenses de escasos recursos comprar viviendas recuperadas por Infonavit Municipios\",\"isPartOf\":{\"@id\":\"https:\/\/www.sonoraenequipo.com.mx\/#website\"},\"primaryImageOfPage\":{\"@id\":\"https:\/\/www.sonoraenequipo.com.mx\/podran-hermosillenses-de-escasos-recursos-comprar-viviendas-recuperadas-por-infonavit\/#primaryimage\"},\"image\":{\"@id\":\"https:\/\/www.sonoraenequipo.com.mx\/podran-hermosillenses-de-escasos-recursos-comprar-viviendas-recuperadas-por-infonavit\/#primaryimage\"},\"thumbnailUrl\":\"https:\/\/www.sonoraenequipo.com.mx\/storage\/2021\/06\/FGG090621.jpg\",\"datePublished\":\"2021-06-09T23:06:04+00:00\",\"dateModified\":\"2021-06-10T01:18:01+00:00\",\"description\":\"HERMOSILLO, SONORA,MX.\u2500\u2500 \u201cComo un esfuerzo que vale mucho la pena\u201d, defini\u00f3 el alcalde de Hermosillo, Ferm\u00edn Gonz\u00e1lez Gaxiola, el convenio que este En Sonora en Equipo publicamos toda la informaci\u00f3n de Sonora, M\u00e9xico y el Mundo de manera oportuna y busca que la libertad de expresi\u00f3n sea real. Visita nuestro medio informativo publicado desde Hermosillo, Sonora. %\",\"breadcrumb\":{\"@id\":\"https:\/\/www.sonoraenequipo.com.mx\/podran-hermosillenses-de-escasos-recursos-comprar-viviendas-recuperadas-por-infonavit\/#breadcrumb\"},\"inLanguage\":\"es\",\"potentialAction\":[{\"@type\":\"ReadAction\",\"target\":[\"https:\/\/www.sonoraenequipo.com.mx\/podran-hermosillenses-de-escasos-recursos-comprar-viviendas-recuperadas-por-infonavit\/\"]}]},{\"@type\":\"ImageObject\",\"inLanguage\":\"es\",\"@id\":\"https:\/\/www.sonoraenequipo.com.mx\/podran-hermosillenses-de-escasos-recursos-comprar-viviendas-recuperadas-por-infonavit\/#primaryimage\",\"url\":\"https:\/\/www.sonoraenequipo.com.mx\/storage\/2021\/06\/FGG090621.jpg\",\"contentUrl\":\"https:\/\/www.sonoraenequipo.com.mx\/storage\/2021\/06\/FGG090621.jpg\",\"width\":700,\"height\":400},{\"@type\":\"BreadcrumbList\",\"@id\":\"https:\/\/www.sonoraenequipo.com.mx\/podran-hermosillenses-de-escasos-recursos-comprar-viviendas-recuperadas-por-infonavit\/#breadcrumb\",\"itemListElement\":[{\"@type\":\"ListItem\",\"position\":1,\"name\":\"Portada\",\"item\":\"https:\/\/www.sonoraenequipo.com.mx\/\"},{\"@type\":\"ListItem\",\"position\":2,\"name\":\"Podr\u00e1n hermosillenses de escasos recursos comprar viviendas recuperadas por Infonavit\"}]},{\"@type\":\"WebSite\",\"@id\":\"https:\/\/www.sonoraenequipo.com.mx\/#website\",\"url\":\"https:\/\/www.sonoraenequipo.com.mx\/\",\"name\":\"Sonora en Equipo.\",\"description\":\"Diario en l\u00ednea con Noticias desde Hermosillo, Sonora\",\"publisher\":{\"@id\":\"https:\/\/www.sonoraenequipo.com.mx\/#organization\"},\"potentialAction\":[{\"@type\":\"SearchAction\",\"target\":{\"@type\":\"EntryPoint\",\"urlTemplate\":\"https:\/\/www.sonoraenequipo.com.mx\/?s={search_term_string}\"},\"query-input\":{\"@type\":\"PropertyValueSpecification\",\"valueRequired\":true,\"valueName\":\"search_term_string\"}}],\"inLanguage\":\"es\"},{\"@type\":\"Organization\",\"@id\":\"https:\/\/www.sonoraenequipo.com.mx\/#organization\",\"name\":\"Sonoraenequipo.com.mx\",\"url\":\"https:\/\/www.sonoraenequipo.com.mx\/\",\"logo\":{\"@type\":\"ImageObject\",\"inLanguage\":\"es\",\"@id\":\"https:\/\/www.sonoraenequipo.com.mx\/#\/schema\/logo\/image\/\",\"url\":\"https:\/\/www.sonoraenequipo.com.mx\/storage\/2019\/01\/sonoraenequipo_opt.png\",\"contentUrl\":\"https:\/\/www.sonoraenequipo.com.mx\/storage\/2019\/01\/sonoraenequipo_opt.png\",\"width\":375,\"height\":125,\"caption\":\"Sonoraenequipo.com.mx\"},\"image\":{\"@id\":\"https:\/\/www.sonoraenequipo.com.mx\/#\/schema\/logo\/image\/\"},\"sameAs\":[\"https:\/\/www.facebook.com\/SonoraEE\/\",\"https:\/\/x.com\/sonoraenequipo\",\"https:\/\/www.youtube.com\/channel\/UC338nW-lPEYmJQs4ZABQ1SQ\"]},{\"@type\":\"Person\",\"@id\":\"https:\/\/www.sonoraenequipo.com.mx\/#\/schema\/person\/50102df0fb23a8fa9e8effad8fa81386\",\"name\":\"enequipo\",\"image\":{\"@type\":\"ImageObject\",\"inLanguage\":\"es\",\"@id\":\"https:\/\/www.sonoraenequipo.com.mx\/#\/schema\/person\/image\/\",\"url\":\"https:\/\/secure.gravatar.com\/avatar\/049821681b589dabc0bc20695993ccebb09f5b5d4d790cd9251b97faac7c652b?s=96&d=blank&r=g\",\"contentUrl\":\"https:\/\/secure.gravatar.com\/avatar\/049821681b589dabc0bc20695993ccebb09f5b5d4d790cd9251b97faac7c652b?s=96&d=blank&r=g\",\"caption\":\"enequipo\"},\"sameAs\":[\"https:\/\/www.facebook.com\/SonoraEE\"]}]}<\/script>\n ","yoast_head_json":{"title":"Sonora en Equipo. Podr\u00e1n hermosillenses de escasos recursos comprar viviendas recuperadas por Infonavit Municipios","description":"HERMOSILLO, SONORA,MX.\u2500\u2500 \u201cComo un esfuerzo que vale mucho la pena\u201d, defini\u00f3 el alcalde de Hermosillo, Ferm\u00edn Gonz\u00e1lez Gaxiola, el convenio que este En Sonora en Equipo publicamos toda la informaci\u00f3n de Sonora, M\u00e9xico y el Mundo de manera oportuna y busca que la libertad de expresi\u00f3n sea real. Visita nuestro medio informativo publicado desde Hermosillo, Sonora. %","robots":{"index":"index","follow":"follow","max-snippet":"max-snippet:-1","max-image-preview":"max-image-preview:large","max-video-preview":"max-video-preview:-1"},"canonical":"https:\/\/www.sonoraenequipo.com.mx\/podran-hermosillenses-de-escasos-recursos-comprar-viviendas-recuperadas-por-infonavit\/","og_locale":"es_ES","og_type":"article","og_title":"Sonora en Equipo. Podr\u00e1n hermosillenses de escasos recursos comprar viviendas recuperadas por Infonavit Municipios","og_description":"HERMOSILLO, SONORA,MX.\u2500\u2500 \u201cComo un esfuerzo que vale mucho la pena\u201d, defini\u00f3 el alcalde de Hermosillo, Ferm\u00edn Gonz\u00e1lez Gaxiola, el convenio que este En Sonora en Equipo publicamos toda la informaci\u00f3n de Sonora, M\u00e9xico y el Mundo de manera oportuna y busca que la libertad de expresi\u00f3n sea real. Visita nuestro medio informativo publicado desde Hermosillo, Sonora. %","og_url":"https:\/\/www.sonoraenequipo.com.mx\/podran-hermosillenses-de-escasos-recursos-comprar-viviendas-recuperadas-por-infonavit\/","og_site_name":"Sonora en Equipo.","article_publisher":"https:\/\/www.facebook.com\/SonoraEE\/","article_author":"https:\/\/www.facebook.com\/SonoraEE","article_published_time":"2021-06-09T23:06:04+00:00","article_modified_time":"2021-06-10T01:18:01+00:00","og_image":[{"width":700,"height":400,"url":"https:\/\/www.sonoraenequipo.com.mx\/storage\/2021\/06\/FGG090621.jpg","type":"image\/jpeg"}],"author":"enequipo","twitter_card":"summary_large_image","twitter_creator":"@sonoraenequipo","twitter_site":"@sonoraenequipo","twitter_misc":{"Escrito por":"enequipo","Tiempo de lectura":"2 minutos"},"schema":{"@context":"https:\/\/schema.org","@graph":[{"@type":"Article","@id":"https:\/\/www.sonoraenequipo.com.mx\/podran-hermosillenses-de-escasos-recursos-comprar-viviendas-recuperadas-por-infonavit\/#article","isPartOf":{"@id":"https:\/\/www.sonoraenequipo.com.mx\/podran-hermosillenses-de-escasos-recursos-comprar-viviendas-recuperadas-por-infonavit\/"},"author":{"name":"enequipo","@id":"https:\/\/www.sonoraenequipo.com.mx\/#\/schema\/person\/50102df0fb23a8fa9e8effad8fa81386"},"headline":"Podr\u00e1n hermosillenses de escasos recursos comprar viviendas recuperadas por Infonavit","datePublished":"2021-06-09T23:06:04+00:00","dateModified":"2021-06-10T01:18:01+00:00","mainEntityOfPage":{"@id":"https:\/\/www.sonoraenequipo.com.mx\/podran-hermosillenses-de-escasos-recursos-comprar-viviendas-recuperadas-por-infonavit\/"},"wordCount":379,"commentCount":0,"publisher":{"@id":"https:\/\/www.sonoraenequipo.com.mx\/#organization"},"image":{"@id":"https:\/\/www.sonoraenequipo.com.mx\/podran-hermosillenses-de-escasos-recursos-comprar-viviendas-recuperadas-por-infonavit\/#primaryimage"},"thumbnailUrl":"https:\/\/www.sonoraenequipo.com.mx\/storage\/2021\/06\/FGG090621.jpg","keywords":["hermosillo","INFONAVIT","vivienda recuperada"],"articleSection":["Municipios"],"inLanguage":"es","potentialAction":[{"@type":"CommentAction","name":"Comment","target":["https:\/\/www.sonoraenequipo.com.mx\/podran-hermosillenses-de-escasos-recursos-comprar-viviendas-recuperadas-por-infonavit\/#respond"]}]},{"@type":"WebPage","@id":"https:\/\/www.sonoraenequipo.com.mx\/podran-hermosillenses-de-escasos-recursos-comprar-viviendas-recuperadas-por-infonavit\/","url":"https:\/\/www.sonoraenequipo.com.mx\/podran-hermosillenses-de-escasos-recursos-comprar-viviendas-recuperadas-por-infonavit\/","name":"Sonora en Equipo. Podr\u00e1n hermosillenses de escasos recursos comprar viviendas recuperadas por Infonavit Municipios","isPartOf":{"@id":"https:\/\/www.sonoraenequipo.com.mx\/#website"},"primaryImageOfPage":{"@id":"https:\/\/www.sonoraenequipo.com.mx\/podran-hermosillenses-de-escasos-recursos-comprar-viviendas-recuperadas-por-infonavit\/#primaryimage"},"image":{"@id":"https:\/\/www.sonoraenequipo.com.mx\/podran-hermosillenses-de-escasos-recursos-comprar-viviendas-recuperadas-por-infonavit\/#primaryimage"},"thumbnailUrl":"https:\/\/www.sonoraenequipo.com.mx\/storage\/2021\/06\/FGG090621.jpg","datePublished":"2021-06-09T23:06:04+00:00","dateModified":"2021-06-10T01:18:01+00:00","description":"HERMOSILLO, SONORA,MX.\u2500\u2500 \u201cComo un esfuerzo que vale mucho la pena\u201d, defini\u00f3 el alcalde de Hermosillo, Ferm\u00edn Gonz\u00e1lez Gaxiola, el convenio que este En Sonora en Equipo publicamos toda la informaci\u00f3n de Sonora, M\u00e9xico y el Mundo de manera oportuna y busca que la libertad de expresi\u00f3n sea real. Visita nuestro medio informativo publicado desde Hermosillo, Sonora. %","breadcrumb":{"@id":"https:\/\/www.sonoraenequipo.com.mx\/podran-hermosillenses-de-escasos-recursos-comprar-viviendas-recuperadas-por-infonavit\/#breadcrumb"},"inLanguage":"es","potentialAction":[{"@type":"ReadAction","target":["https:\/\/www.sonoraenequipo.com.mx\/podran-hermosillenses-de-escasos-recursos-comprar-viviendas-recuperadas-por-infonavit\/"]}]},{"@type":"ImageObject","inLanguage":"es","@id":"https:\/\/www.sonoraenequipo.com.mx\/podran-hermosillenses-de-escasos-recursos-comprar-viviendas-recuperadas-por-infonavit\/#primaryimage","url":"https:\/\/www.sonoraenequipo.com.mx\/storage\/2021\/06\/FGG090621.jpg","contentUrl":"https:\/\/www.sonoraenequipo.com.mx\/storage\/2021\/06\/FGG090621.jpg","width":700,"height":400},{"@type":"BreadcrumbList","@id":"https:\/\/www.sonoraenequipo.com.mx\/podran-hermosillenses-de-escasos-recursos-comprar-viviendas-recuperadas-por-infonavit\/#breadcrumb","itemListElement":[{"@type":"ListItem","position":1,"name":"Portada","item":"https:\/\/www.sonoraenequipo.com.mx\/"},{"@type":"ListItem","position":2,"name":"Podr\u00e1n hermosillenses de escasos recursos comprar viviendas recuperadas por Infonavit"}]},{"@type":"WebSite","@id":"https:\/\/www.sonoraenequipo.com.mx\/#website","url":"https:\/\/www.sonoraenequipo.com.mx\/","name":"Sonora en Equipo.","description":"Diario en l\u00ednea con Noticias desde Hermosillo, Sonora","publisher":{"@id":"https:\/\/www.sonoraenequipo.com.mx\/#organization"},"potentialAction":[{"@type":"SearchAction","target":{"@type":"EntryPoint","urlTemplate":"https:\/\/www.sonoraenequipo.com.mx\/?s={search_term_string}"},"query-input":{"@type":"PropertyValueSpecification","valueRequired":true,"valueName":"search_term_string"}}],"inLanguage":"es"},{"@type":"Organization","@id":"https:\/\/www.sonoraenequipo.com.mx\/#organization","name":"Sonoraenequipo.com.mx","url":"https:\/\/www.sonoraenequipo.com.mx\/","logo":{"@type":"ImageObject","inLanguage":"es","@id":"https:\/\/www.sonoraenequipo.com.mx\/#\/schema\/logo\/image\/","url":"https:\/\/www.sonoraenequipo.com.mx\/storage\/2019\/01\/sonoraenequipo_opt.png","contentUrl":"https:\/\/www.sonoraenequipo.com.mx\/storage\/2019\/01\/sonoraenequipo_opt.png","width":375,"height":125,"caption":"Sonoraenequipo.com.mx"},"image":{"@id":"https:\/\/www.sonoraenequipo.com.mx\/#\/schema\/logo\/image\/"},"sameAs":["https:\/\/www.facebook.com\/SonoraEE\/","https:\/\/x.com\/sonoraenequipo","https:\/\/www.youtube.com\/channel\/UC338nW-lPEYmJQs4ZABQ1SQ"]},{"@type":"Person","@id":"https:\/\/www.sonoraenequipo.com.mx\/#\/schema\/person\/50102df0fb23a8fa9e8effad8fa81386","name":"enequipo","image":{"@type":"ImageObject","inLanguage":"es","@id":"https:\/\/www.sonoraenequipo.com.mx\/#\/schema\/person\/image\/","url":"https:\/\/secure.gravatar.com\/avatar\/049821681b589dabc0bc20695993ccebb09f5b5d4d790cd9251b97faac7c652b?s=96&d=blank&r=g","contentUrl":"https:\/\/secure.gravatar.com\/avatar\/049821681b589dabc0bc20695993ccebb09f5b5d4d790cd9251b97faac7c652b?s=96&d=blank&r=g","caption":"enequipo"},"sameAs":["https:\/\/www.facebook.com\/SonoraEE"]}]}},"jetpack_featured_media_url":"https:\/\/www.sonoraenequipo.com.mx\/storage\/2021\/06\/FGG090621.jpg","_links":{"self":[{"href":"https:\/\/www.sonoraenequipo.com.mx\/api\/wp\/v2\/posts\/115982","targetHints":{"allow":["GET"]}}],"collection":[{"href":"https:\/\/www.sonoraenequipo.com.mx\/api\/wp\/v2\/posts"}],"about":[{"href":"https:\/\/www.sonoraenequipo.com.mx\/api\/wp\/v2\/types\/post"}],"author":[{"embeddable":true,"href":"https:\/\/www.sonoraenequipo.com.mx\/api\/wp\/v2\/users\/1"}],"replies":[{"embeddable":true,"href":"https:\/\/www.sonoraenequipo.com.mx\/api\/wp\/v2\/comments?post=115982"}],"version-history":[{"count":2,"href":"https:\/\/www.sonoraenequipo.com.mx\/api\/wp\/v2\/posts\/115982\/revisions"}],"predecessor-version":[{"id":115985,"href":"https:\/\/www.sonoraenequipo.com.mx\/api\/wp\/v2\/posts\/115982\/revisions\/115985"}],"wp:featuredmedia":[{"embeddable":true,"href":"https:\/\/www.sonoraenequipo.com.mx\/api\/wp\/v2\/media\/115983"}],"wp:attachment":[{"href":"https:\/\/www.sonoraenequipo.com.mx\/api\/wp\/v2\/media?parent=115982"}],"wp:term":[{"taxonomy":"category","embeddable":true,"href":"https:\/\/www.sonoraenequipo.com.mx\/api\/wp\/v2\/categories?post=115982"},{"taxonomy":"post_tag","embeddable":true,"href":"https:\/\/www.sonoraenequipo.com.mx\/api\/wp\/v2\/tags?post=115982"}],"curies":[{"name":"wp","href":"https:\/\/api.w.org\/{rel}","templated":true}]}}