{"id":115986,"date":"2021-06-09T17:29:22","date_gmt":"2021-06-10T00:29:22","guid":{"rendered":"https:\/\/www.sonoraenequipo.com.mx\/?p=115986"},"modified":"2021-06-09T17:29:22","modified_gmt":"2021-06-10T00:29:22","slug":"anuncian-jornada-de-reforestacion-en-el-carcamo","status":"publish","type":"post","link":"https:\/\/www.sonoraenequipo.com.mx\/anuncian-jornada-de-reforestacion-en-el-carcamo\/","title":{"rendered":"Anuncian jornada de reforestaci\u00f3n en \u201cEl C\u00e1rcamo\u201d"},"content":{"rendered":"<p>HERMOSILLO, SONORA,MX.\u2500\u2500 Para fomentar el cuidado de la vegetaci\u00f3n en la capital sonorense y el compromiso con el mantenimiento de diferentes especies, la Procuradur\u00eda Ambiental del Estado de Sonora (Proaes) y 19 organizaciones civiles y empresas \u201cambientalmente responsables\u201d, llevar\u00e1n a cabo la Jornada de reforestaci\u00f3n y adopci\u00f3n de \u00e1rboles \u201cPlantando historias\u201d, en la zona denominada \u201cEl C\u00e1rcamo\u201d, donde se plantar\u00e1n m\u00e1s de 400 ejemplares nativos de la regi\u00f3n.<\/p>\n<p>&nbsp;<\/p>\n<p>Jos\u00e9 Jes\u00fas Roch\u00edn Morales, titular de la Proaes, invit\u00f3 a la comunidad hermosillense a participar el s\u00e1bado 19 de junio en esta actividad que forma parte del programa Sonora Ambiental.<\/p>\n<p>&nbsp;<\/p>\n<p>Con la dependencia, participan el Colegio Sonorense de Ec\u00f3logos AC, PROFAUNA AC, Caminantes del Desierto AC, SerNatura, Corredor Biol\u00f3gico Hermosillo y Colaboraci\u00f3n Ecol\u00f3gica; Reduce Tu Huella, Venados Sustentables, Cultura Verde, Bukis a la Calle, +Vida Hmo, Dictus Unison, Naturalia A.C., All for One, ACTUES, De Ra\u00edz por Sonora, Hermosillo Plogging, Juventud Verde, Fomento a la Cultura Ambiental, entre otras que se siguen sumando.<\/p>\n<p>&nbsp;<\/p>\n<p>Para esta primera edici\u00f3n, dijo, se eligi\u00f3 \u201cEl C\u00e1rcamo\u201d, \u00e1rea ubicada al oriente de la ciudad de Hermosillo, donde actualmente se desarrollan actividades deportivas y recreativas; all\u00ed se plantar\u00e1n m\u00e1s de 400 \u00e1rboles, entre ellos, Mezquite, Palo Verde, Palo Fierro y Tepehuaje, especies todas nativas de la regi\u00f3n, que han sido donados por diferentes instituciones y empresas.<\/p>\n<p>\u201cEste es un esfuerzo en equipo con diversas organizaciones ambientalistas del estado, as\u00ed como empresas que forman parte del programa \u201cSonora Ambiental\u201d. Todos estamos trabajando para que la comunidad se interese en plantar estas especies que son testigo de muchas historias en nuestras vidas, queremos que se comprometan a cuidarlos, mantenerlos y hacerlos parte tambi\u00e9n de su propia historia\u201d, puntualiz\u00f3.<\/p>\n<p>&nbsp;<\/p>\n<p>El Procurador ambiental destac\u00f3 la importancia de la tecnolog\u00eda en esta jornada que no solo implica la reforestaci\u00f3n, sino tambi\u00e9n la adopci\u00f3n de los ejemplares plantados y de los ya existentes, para lo cual se ha desarrollado una App para celular con la que se podr\u00e1 identificar, con geolocalizaci\u00f3n, la ubicaci\u00f3n del \u00e1rbol adoptado y darle seguimiento a su mantenimiento de forma interactiva.<\/p>\n<p>&nbsp;<\/p>\n<p>Antonio Esquer, del Colegio Sonorense de Ec\u00f3logos, comparti\u00f3 que esta es la primera actividad de varias que se llevar\u00e1n a cabo en conjunto para involucrar a la comunidad en acciones a favor del medio ambiente.<\/p>\n<p>&nbsp;<\/p>\n<p>La jornada \u201cPlantando historias\u201d #AdoptaUn\u00c1rbol, se desarrollar\u00e1 el s\u00e1bado 19 de junio a partir de las 8 de la ma\u00f1ana y la invitaci\u00f3n est\u00e1 abierta para las familias hermosillenses a sumarse, adoptar un \u00e1rbol e iniciar nuevas historias en la comunidad, concluy\u00f3 Roch\u00edn Morales.<\/p>\n<p>Fecha de Publicaci\u00f3n\u00a0\u00a0 mi\u00e9rcoles\u00a0 \/ 9\u00a0 \/ junio \/ 2021<\/p>\n<p>&nbsp;<\/p>\n<p>&nbsp;<\/p>\n","protected":false},"excerpt":{"rendered":"<p>HERMOSILLO, SONORA,MX.\u2500\u2500 Para fomentar el cuidado de la vegetaci\u00f3n en la capital sonorense y el&#8230;<\/p>\n","protected":false},"author":1,"featured_media":115987,"comment_status":"open","ping_status":"open","sticky":false,"template":"","format":"standard","meta":{"_monsterinsights_skip_tracking":false,"_monsterinsights_sitenote_active":false,"_monsterinsights_sitenote_note":"","_monsterinsights_sitenote_category":0,"footnotes":""},"categories":[22],"tags":[5786,35,3410,5785],"class_list":["post"],"yoast_head":" \n<title>Sonora en Equipo. Anuncian jornada de reforestaci\u00f3n en \u201cEl C\u00e1rcamo\u201d Sonora<\/title>\n<meta name=\"description\" content=\"HERMOSILLO, SONORA,MX.\u2500\u2500 Para fomentar el cuidado de la vegetaci\u00f3n en la capital sonorense y el compromiso con el mantenimiento de diferentes especies, la En Sonora en Equipo publicamos toda la informaci\u00f3n de Sonora, M\u00e9xico y el Mundo de manera oportuna y busca que la libertad de expresi\u00f3n sea real. Visita nuestro medio informativo publicado desde Hermosillo, Sonora. %\" \/>\n<meta name=\"robots\" content=\"index, follow, max-snippet:-1, max-image-preview:large, max-video-preview:-1\" \/>\n<link rel=\"canonical\" href=\"https:\/\/www.sonoraenequipo.com.mx\/anuncian-jornada-de-reforestacion-en-el-carcamo\/\" \/>\n<meta property=\"og:locale\" content=\"es_ES\" \/>\n<meta property=\"og:type\" content=\"article\" \/>\n<meta property=\"og:title\" content=\"Sonora en Equipo. Anuncian jornada de reforestaci\u00f3n en \u201cEl C\u00e1rcamo\u201d Sonora\" \/>\n<meta property=\"og:description\" content=\"HERMOSILLO, SONORA,MX.\u2500\u2500 Para fomentar el cuidado de la vegetaci\u00f3n en la capital sonorense y el compromiso con el mantenimiento de diferentes especies, la En Sonora en Equipo publicamos toda la informaci\u00f3n de Sonora, M\u00e9xico y el Mundo de manera oportuna y busca que la libertad de expresi\u00f3n sea real. Visita nuestro medio informativo publicado desde Hermosillo, Sonora. %\" \/>\n<meta property=\"og:url\" content=\"https:\/\/www.sonoraenequipo.com.mx\/anuncian-jornada-de-reforestacion-en-el-carcamo\/\" \/>\n<meta property=\"og:site_name\" content=\"Sonora en Equipo.\" \/>\n<meta property=\"article:publisher\" content=\"https:\/\/www.facebook.com\/SonoraEE\/\" \/>\n<meta property=\"article:author\" content=\"https:\/\/www.facebook.com\/SonoraEE\" \/>\n<meta property=\"article:published_time\" content=\"2021-06-10T00:29:22+00:00\" \/>\n<meta property=\"og:image\" content=\"https:\/\/www.sonoraenequipo.com.mx\/storage\/2021\/06\/carcamo.jpg\" \/>\n\t<meta property=\"og:image:width\" content=\"700\" \/>\n\t<meta property=\"og:image:height\" content=\"400\" \/>\n\t<meta property=\"og:image:type\" content=\"image\/jpeg\" \/>\n<meta name=\"author\" content=\"enequipo\" \/>\n<meta name=\"twitter:card\" content=\"summary_large_image\" \/>\n<meta name=\"twitter:creator\" content=\"@sonoraenequipo\" \/>\n<meta name=\"twitter:site\" content=\"@sonoraenequipo\" \/>\n<meta name=\"twitter:label1\" content=\"Escrito por\" \/>\n\t<meta name=\"twitter:data1\" content=\"enequipo\" \/>\n\t<meta name=\"twitter:label2\" content=\"Tiempo de lectura\" \/>\n\t<meta name=\"twitter:data2\" content=\"2 minutos\" \/>\n<script type=\"application\/ld+json\" class=\"yoast-schema-graph\">{\"@context\":\"https:\/\/schema.org\",\"@graph\":[{\"@type\":\"Article\",\"@id\":\"https:\/\/www.sonoraenequipo.com.mx\/anuncian-jornada-de-reforestacion-en-el-carcamo\/#article\",\"isPartOf\":{\"@id\":\"https:\/\/www.sonoraenequipo.com.mx\/anuncian-jornada-de-reforestacion-en-el-carcamo\/\"},\"author\":{\"name\":\"enequipo\",\"@id\":\"https:\/\/www.sonoraenequipo.com.mx\/#\/schema\/person\/50102df0fb23a8fa9e8effad8fa81386\"},\"headline\":\"Anuncian jornada de reforestaci\u00f3n en \u201cEl C\u00e1rcamo\u201d\",\"datePublished\":\"2021-06-10T00:29:22+00:00\",\"mainEntityOfPage\":{\"@id\":\"https:\/\/www.sonoraenequipo.com.mx\/anuncian-jornada-de-reforestacion-en-el-carcamo\/\"},\"wordCount\":476,\"commentCount\":0,\"publisher\":{\"@id\":\"https:\/\/www.sonoraenequipo.com.mx\/#organization\"},\"image\":{\"@id\":\"https:\/\/www.sonoraenequipo.com.mx\/anuncian-jornada-de-reforestacion-en-el-carcamo\/#primaryimage\"},\"thumbnailUrl\":\"https:\/\/www.sonoraenequipo.com.mx\/storage\/2021\/06\/carcamo.jpg\",\"keywords\":[\"c\u00e1rcamo\",\"hermosillo\",\"reforestacion\",\"sonora ambiental\"],\"articleSection\":[\"Sonora\"],\"inLanguage\":\"es\",\"potentialAction\":[{\"@type\":\"CommentAction\",\"name\":\"Comment\",\"target\":[\"https:\/\/www.sonoraenequipo.com.mx\/anuncian-jornada-de-reforestacion-en-el-carcamo\/#respond\"]}]},{\"@type\":\"WebPage\",\"@id\":\"https:\/\/www.sonoraenequipo.com.mx\/anuncian-jornada-de-reforestacion-en-el-carcamo\/\",\"url\":\"https:\/\/www.sonoraenequipo.com.mx\/anuncian-jornada-de-reforestacion-en-el-carcamo\/\",\"name\":\"Sonora en Equipo. Anuncian jornada de reforestaci\u00f3n en \u201cEl C\u00e1rcamo\u201d Sonora\",\"isPartOf\":{\"@id\":\"https:\/\/www.sonoraenequipo.com.mx\/#website\"},\"primaryImageOfPage\":{\"@id\":\"https:\/\/www.sonoraenequipo.com.mx\/anuncian-jornada-de-reforestacion-en-el-carcamo\/#primaryimage\"},\"image\":{\"@id\":\"https:\/\/www.sonoraenequipo.com.mx\/anuncian-jornada-de-reforestacion-en-el-carcamo\/#primaryimage\"},\"thumbnailUrl\":\"https:\/\/www.sonoraenequipo.com.mx\/storage\/2021\/06\/carcamo.jpg\",\"datePublished\":\"2021-06-10T00:29:22+00:00\",\"description\":\"HERMOSILLO, SONORA,MX.\u2500\u2500 Para fomentar el cuidado de la vegetaci\u00f3n en la capital sonorense y el compromiso con el mantenimiento de diferentes especies, la En Sonora en Equipo publicamos toda la informaci\u00f3n de Sonora, M\u00e9xico y el Mundo de manera oportuna y busca que la libertad de expresi\u00f3n sea real. Visita nuestro medio informativo publicado desde Hermosillo, Sonora. %\",\"breadcrumb\":{\"@id\":\"https:\/\/www.sonoraenequipo.com.mx\/anuncian-jornada-de-reforestacion-en-el-carcamo\/#breadcrumb\"},\"inLanguage\":\"es\",\"potentialAction\":[{\"@type\":\"ReadAction\",\"target\":[\"https:\/\/www.sonoraenequipo.com.mx\/anuncian-jornada-de-reforestacion-en-el-carcamo\/\"]}]},{\"@type\":\"ImageObject\",\"inLanguage\":\"es\",\"@id\":\"https:\/\/www.sonoraenequipo.com.mx\/anuncian-jornada-de-reforestacion-en-el-carcamo\/#primaryimage\",\"url\":\"https:\/\/www.sonoraenequipo.com.mx\/storage\/2021\/06\/carcamo.jpg\",\"contentUrl\":\"https:\/\/www.sonoraenequipo.com.mx\/storage\/2021\/06\/carcamo.jpg\",\"width\":700,\"height\":400},{\"@type\":\"BreadcrumbList\",\"@id\":\"https:\/\/www.sonoraenequipo.com.mx\/anuncian-jornada-de-reforestacion-en-el-carcamo\/#breadcrumb\",\"itemListElement\":[{\"@type\":\"ListItem\",\"position\":1,\"name\":\"Portada\",\"item\":\"https:\/\/www.sonoraenequipo.com.mx\/\"},{\"@type\":\"ListItem\",\"position\":2,\"name\":\"Anuncian jornada de reforestaci\u00f3n en \u201cEl C\u00e1rcamo\u201d\"}]},{\"@type\":\"WebSite\",\"@id\":\"https:\/\/www.sonoraenequipo.com.mx\/#website\",\"url\":\"https:\/\/www.sonoraenequipo.com.mx\/\",\"name\":\"Sonora en Equipo.\",\"description\":\"Diario en l\u00ednea con Noticias desde Hermosillo, Sonora\",\"publisher\":{\"@id\":\"https:\/\/www.sonoraenequipo.com.mx\/#organization\"},\"potentialAction\":[{\"@type\":\"SearchAction\",\"target\":{\"@type\":\"EntryPoint\",\"urlTemplate\":\"https:\/\/www.sonoraenequipo.com.mx\/?s={search_term_string}\"},\"query-input\":{\"@type\":\"PropertyValueSpecification\",\"valueRequired\":true,\"valueName\":\"search_term_string\"}}],\"inLanguage\":\"es\"},{\"@type\":\"Organization\",\"@id\":\"https:\/\/www.sonoraenequipo.com.mx\/#organization\",\"name\":\"Sonoraenequipo.com.mx\",\"url\":\"https:\/\/www.sonoraenequipo.com.mx\/\",\"logo\":{\"@type\":\"ImageObject\",\"inLanguage\":\"es\",\"@id\":\"https:\/\/www.sonoraenequipo.com.mx\/#\/schema\/logo\/image\/\",\"url\":\"https:\/\/www.sonoraenequipo.com.mx\/storage\/2019\/01\/sonoraenequipo_opt.png\",\"contentUrl\":\"https:\/\/www.sonoraenequipo.com.mx\/storage\/2019\/01\/sonoraenequipo_opt.png\",\"width\":375,\"height\":125,\"caption\":\"Sonoraenequipo.com.mx\"},\"image\":{\"@id\":\"https:\/\/www.sonoraenequipo.com.mx\/#\/schema\/logo\/image\/\"},\"sameAs\":[\"https:\/\/www.facebook.com\/SonoraEE\/\",\"https:\/\/x.com\/sonoraenequipo\",\"https:\/\/www.youtube.com\/channel\/UC338nW-lPEYmJQs4ZABQ1SQ\"]},{\"@type\":\"Person\",\"@id\":\"https:\/\/www.sonoraenequipo.com.mx\/#\/schema\/person\/50102df0fb23a8fa9e8effad8fa81386\",\"name\":\"enequipo\",\"image\":{\"@type\":\"ImageObject\",\"inLanguage\":\"es\",\"@id\":\"https:\/\/www.sonoraenequipo.com.mx\/#\/schema\/person\/image\/\",\"url\":\"https:\/\/secure.gravatar.com\/avatar\/049821681b589dabc0bc20695993ccebb09f5b5d4d790cd9251b97faac7c652b?s=96&d=blank&r=g\",\"contentUrl\":\"https:\/\/secure.gravatar.com\/avatar\/049821681b589dabc0bc20695993ccebb09f5b5d4d790cd9251b97faac7c652b?s=96&d=blank&r=g\",\"caption\":\"enequipo\"},\"sameAs\":[\"https:\/\/www.facebook.com\/SonoraEE\"]}]}<\/script>\n ","yoast_head_json":{"title":"Sonora en Equipo. Anuncian jornada de reforestaci\u00f3n en \u201cEl C\u00e1rcamo\u201d Sonora","description":"HERMOSILLO, SONORA,MX.\u2500\u2500 Para fomentar el cuidado de la vegetaci\u00f3n en la capital sonorense y el compromiso con el mantenimiento de diferentes especies, la En Sonora en Equipo publicamos toda la informaci\u00f3n de Sonora, M\u00e9xico y el Mundo de manera oportuna y busca que la libertad de expresi\u00f3n sea real. Visita nuestro medio informativo publicado desde Hermosillo, Sonora. %","robots":{"index":"index","follow":"follow","max-snippet":"max-snippet:-1","max-image-preview":"max-image-preview:large","max-video-preview":"max-video-preview:-1"},"canonical":"https:\/\/www.sonoraenequipo.com.mx\/anuncian-jornada-de-reforestacion-en-el-carcamo\/","og_locale":"es_ES","og_type":"article","og_title":"Sonora en Equipo. Anuncian jornada de reforestaci\u00f3n en \u201cEl C\u00e1rcamo\u201d Sonora","og_description":"HERMOSILLO, SONORA,MX.\u2500\u2500 Para fomentar el cuidado de la vegetaci\u00f3n en la capital sonorense y el compromiso con el mantenimiento de diferentes especies, la En Sonora en Equipo publicamos toda la informaci\u00f3n de Sonora, M\u00e9xico y el Mundo de manera oportuna y busca que la libertad de expresi\u00f3n sea real. Visita nuestro medio informativo publicado desde Hermosillo, Sonora. %","og_url":"https:\/\/www.sonoraenequipo.com.mx\/anuncian-jornada-de-reforestacion-en-el-carcamo\/","og_site_name":"Sonora en Equipo.","article_publisher":"https:\/\/www.facebook.com\/SonoraEE\/","article_author":"https:\/\/www.facebook.com\/SonoraEE","article_published_time":"2021-06-10T00:29:22+00:00","og_image":[{"width":700,"height":400,"url":"https:\/\/www.sonoraenequipo.com.mx\/storage\/2021\/06\/carcamo.jpg","type":"image\/jpeg"}],"author":"enequipo","twitter_card":"summary_large_image","twitter_creator":"@sonoraenequipo","twitter_site":"@sonoraenequipo","twitter_misc":{"Escrito por":"enequipo","Tiempo de lectura":"2 minutos"},"schema":{"@context":"https:\/\/schema.org","@graph":[{"@type":"Article","@id":"https:\/\/www.sonoraenequipo.com.mx\/anuncian-jornada-de-reforestacion-en-el-carcamo\/#article","isPartOf":{"@id":"https:\/\/www.sonoraenequipo.com.mx\/anuncian-jornada-de-reforestacion-en-el-carcamo\/"},"author":{"name":"enequipo","@id":"https:\/\/www.sonoraenequipo.com.mx\/#\/schema\/person\/50102df0fb23a8fa9e8effad8fa81386"},"headline":"Anuncian jornada de reforestaci\u00f3n en \u201cEl C\u00e1rcamo\u201d","datePublished":"2021-06-10T00:29:22+00:00","mainEntityOfPage":{"@id":"https:\/\/www.sonoraenequipo.com.mx\/anuncian-jornada-de-reforestacion-en-el-carcamo\/"},"wordCount":476,"commentCount":0,"publisher":{"@id":"https:\/\/www.sonoraenequipo.com.mx\/#organization"},"image":{"@id":"https:\/\/www.sonoraenequipo.com.mx\/anuncian-jornada-de-reforestacion-en-el-carcamo\/#primaryimage"},"thumbnailUrl":"https:\/\/www.sonoraenequipo.com.mx\/storage\/2021\/06\/carcamo.jpg","keywords":["c\u00e1rcamo","hermosillo","reforestacion","sonora ambiental"],"articleSection":["Sonora"],"inLanguage":"es","potentialAction":[{"@type":"CommentAction","name":"Comment","target":["https:\/\/www.sonoraenequipo.com.mx\/anuncian-jornada-de-reforestacion-en-el-carcamo\/#respond"]}]},{"@type":"WebPage","@id":"https:\/\/www.sonoraenequipo.com.mx\/anuncian-jornada-de-reforestacion-en-el-carcamo\/","url":"https:\/\/www.sonoraenequipo.com.mx\/anuncian-jornada-de-reforestacion-en-el-carcamo\/","name":"Sonora en Equipo. Anuncian jornada de reforestaci\u00f3n en \u201cEl C\u00e1rcamo\u201d Sonora","isPartOf":{"@id":"https:\/\/www.sonoraenequipo.com.mx\/#website"},"primaryImageOfPage":{"@id":"https:\/\/www.sonoraenequipo.com.mx\/anuncian-jornada-de-reforestacion-en-el-carcamo\/#primaryimage"},"image":{"@id":"https:\/\/www.sonoraenequipo.com.mx\/anuncian-jornada-de-reforestacion-en-el-carcamo\/#primaryimage"},"thumbnailUrl":"https:\/\/www.sonoraenequipo.com.mx\/storage\/2021\/06\/carcamo.jpg","datePublished":"2021-06-10T00:29:22+00:00","description":"HERMOSILLO, SONORA,MX.\u2500\u2500 Para fomentar el cuidado de la vegetaci\u00f3n en la capital sonorense y el compromiso con el mantenimiento de diferentes especies, la En Sonora en Equipo publicamos toda la informaci\u00f3n de Sonora, M\u00e9xico y el Mundo de manera oportuna y busca que la libertad de expresi\u00f3n sea real. Visita nuestro medio informativo publicado desde Hermosillo, Sonora. %","breadcrumb":{"@id":"https:\/\/www.sonoraenequipo.com.mx\/anuncian-jornada-de-reforestacion-en-el-carcamo\/#breadcrumb"},"inLanguage":"es","potentialAction":[{"@type":"ReadAction","target":["https:\/\/www.sonoraenequipo.com.mx\/anuncian-jornada-de-reforestacion-en-el-carcamo\/"]}]},{"@type":"ImageObject","inLanguage":"es","@id":"https:\/\/www.sonoraenequipo.com.mx\/anuncian-jornada-de-reforestacion-en-el-carcamo\/#primaryimage","url":"https:\/\/www.sonoraenequipo.com.mx\/storage\/2021\/06\/carcamo.jpg","contentUrl":"https:\/\/www.sonoraenequipo.com.mx\/storage\/2021\/06\/carcamo.jpg","width":700,"height":400},{"@type":"BreadcrumbList","@id":"https:\/\/www.sonoraenequipo.com.mx\/anuncian-jornada-de-reforestacion-en-el-carcamo\/#breadcrumb","itemListElement":[{"@type":"ListItem","position":1,"name":"Portada","item":"https:\/\/www.sonoraenequipo.com.mx\/"},{"@type":"ListItem","position":2,"name":"Anuncian jornada de reforestaci\u00f3n en \u201cEl C\u00e1rcamo\u201d"}]},{"@type":"WebSite","@id":"https:\/\/www.sonoraenequipo.com.mx\/#website","url":"https:\/\/www.sonoraenequipo.com.mx\/","name":"Sonora en Equipo.","description":"Diario en l\u00ednea con Noticias desde Hermosillo, Sonora","publisher":{"@id":"https:\/\/www.sonoraenequipo.com.mx\/#organization"},"potentialAction":[{"@type":"SearchAction","target":{"@type":"EntryPoint","urlTemplate":"https:\/\/www.sonoraenequipo.com.mx\/?s={search_term_string}"},"query-input":{"@type":"PropertyValueSpecification","valueRequired":true,"valueName":"search_term_string"}}],"inLanguage":"es"},{"@type":"Organization","@id":"https:\/\/www.sonoraenequipo.com.mx\/#organization","name":"Sonoraenequipo.com.mx","url":"https:\/\/www.sonoraenequipo.com.mx\/","logo":{"@type":"ImageObject","inLanguage":"es","@id":"https:\/\/www.sonoraenequipo.com.mx\/#\/schema\/logo\/image\/","url":"https:\/\/www.sonoraenequipo.com.mx\/storage\/2019\/01\/sonoraenequipo_opt.png","contentUrl":"https:\/\/www.sonoraenequipo.com.mx\/storage\/2019\/01\/sonoraenequipo_opt.png","width":375,"height":125,"caption":"Sonoraenequipo.com.mx"},"image":{"@id":"https:\/\/www.sonoraenequipo.com.mx\/#\/schema\/logo\/image\/"},"sameAs":["https:\/\/www.facebook.com\/SonoraEE\/","https:\/\/x.com\/sonoraenequipo","https:\/\/www.youtube.com\/channel\/UC338nW-lPEYmJQs4ZABQ1SQ"]},{"@type":"Person","@id":"https:\/\/www.sonoraenequipo.com.mx\/#\/schema\/person\/50102df0fb23a8fa9e8effad8fa81386","name":"enequipo","image":{"@type":"ImageObject","inLanguage":"es","@id":"https:\/\/www.sonoraenequipo.com.mx\/#\/schema\/person\/image\/","url":"https:\/\/secure.gravatar.com\/avatar\/049821681b589dabc0bc20695993ccebb09f5b5d4d790cd9251b97faac7c652b?s=96&d=blank&r=g","contentUrl":"https:\/\/secure.gravatar.com\/avatar\/049821681b589dabc0bc20695993ccebb09f5b5d4d790cd9251b97faac7c652b?s=96&d=blank&r=g","caption":"enequipo"},"sameAs":["https:\/\/www.facebook.com\/SonoraEE"]}]}},"jetpack_featured_media_url":"https:\/\/www.sonoraenequipo.com.mx\/storage\/2021\/06\/carcamo.jpg","_links":{"self":[{"href":"https:\/\/www.sonoraenequipo.com.mx\/api\/wp\/v2\/posts\/115986","targetHints":{"allow":["GET"]}}],"collection":[{"href":"https:\/\/www.sonoraenequipo.com.mx\/api\/wp\/v2\/posts"}],"about":[{"href":"https:\/\/www.sonoraenequipo.com.mx\/api\/wp\/v2\/types\/post"}],"author":[{"embeddable":true,"href":"https:\/\/www.sonoraenequipo.com.mx\/api\/wp\/v2\/users\/1"}],"replies":[{"embeddable":true,"href":"https:\/\/www.sonoraenequipo.com.mx\/api\/wp\/v2\/comments?post=115986"}],"version-history":[{"count":1,"href":"https:\/\/www.sonoraenequipo.com.mx\/api\/wp\/v2\/posts\/115986\/revisions"}],"predecessor-version":[{"id":115988,"href":"https:\/\/www.sonoraenequipo.com.mx\/api\/wp\/v2\/posts\/115986\/revisions\/115988"}],"wp:featuredmedia":[{"embeddable":true,"href":"https:\/\/www.sonoraenequipo.com.mx\/api\/wp\/v2\/media\/115987"}],"wp:attachment":[{"href":"https:\/\/www.sonoraenequipo.com.mx\/api\/wp\/v2\/media?parent=115986"}],"wp:term":[{"taxonomy":"category","embeddable":true,"href":"https:\/\/www.sonoraenequipo.com.mx\/api\/wp\/v2\/categories?post=115986"},{"taxonomy":"post_tag","embeddable":true,"href":"https:\/\/www.sonoraenequipo.com.mx\/api\/wp\/v2\/tags?post=115986"}],"curies":[{"name":"wp","href":"https:\/\/api.w.org\/{rel}","templated":true}]}}