{"id":115989,"date":"2021-06-09T18:08:39","date_gmt":"2021-06-10T01:08:39","guid":{"rendered":"https:\/\/www.sonoraenequipo.com.mx\/?p=115989"},"modified":"2021-06-09T18:08:39","modified_gmt":"2021-06-10T01:08:39","slug":"policias-de-hermosillo-abaten-a-un-individuo-tras-agresion-armada-en-la-colonia-san-luis","status":"publish","type":"post","link":"https:\/\/www.sonoraenequipo.com.mx\/policias-de-hermosillo-abaten-a-un-individuo-tras-agresion-armada-en-la-colonia-san-luis\/","title":{"rendered":"Polic\u00edas de Hermosillo abaten a un individuo tras agresi\u00f3n armada en la colonia San Luis"},"content":{"rendered":"<p>HERMOSILLO, SONORA,MX.\u2500\u2500 Un hombre de entre 25 y 30 a\u00f1os muri\u00f3 despu\u00e9s de atacar con arma de fuego a elementos municipales, en calles de la colonia San Luis, en la Salida Norte de Hermosillo.<\/p>\n<p>Los hechos que derivaron en este fallecimiento iniciaron a las 13:30 horas, momento en el que se recibi\u00f3 un reporte de robo con violencia en una tienda de conveniencia de las calles San Javier y bulevar Maz\u00f3n L\u00f3pez.<\/p>\n<p>En atenci\u00f3n a este reporte, agentes de la Polic\u00eda de Hermosillo iniciaron la b\u00fasqueda del se\u00f1alado, quien vest\u00eda camiseta tipo polo de color rojo, pantal\u00f3n de mezclilla y tenis negros, ubic\u00e1ndolo en las calles Lampazos y Parral.<\/p>\n<p>&nbsp;<\/p>\n<p>&nbsp;<\/p>\n<p>&nbsp;<\/p>\n<p>Al hacer contacto con el sujeto, este sac\u00f3 un arma de fuego tipo pistola escuadra, marca Glock, calibre .40, la cual dispar\u00f3 en contra de los oficiales, impactando en varias ocasiones una de las unidades policiales.<\/p>\n<p>&nbsp;<\/p>\n<p>&nbsp;<\/p>\n<p>&nbsp;<\/p>\n<p>En respuesta a esta agresi\u00f3n real e inminente, los polic\u00edas repelieron el ataque haciendo uso de sus armas cargo, quedando el sujeto herido en la calle.<\/p>\n<p>&nbsp;<\/p>\n<p>&nbsp;<\/p>\n<p>&nbsp;<\/p>\n<p>De inmediato se pidi\u00f3 la presencia de param\u00e9dicos, acudiendo al sitio la unidad de Cruz Roja, cuyos abordantes informaron que la persona ya no contaba con signos vitales.<\/p>\n<p>&nbsp;<\/p>\n<p>&nbsp;<\/p>\n<p>&nbsp;<\/p>\n<p>El lugar de intervenci\u00f3n fue resguardado, junto al arma utilizada por el sujeto.<\/p>\n<p>Se dio aviso a personal de Fiscal\u00eda General de Justicia para las diligencias legales correspondientes al hecho.<\/p>\n<p>Fecha de Publicaci\u00f3n\u00a0\u00a0 mi\u00e9rcoles\u00a0 \/ 9\u00a0 \/ junio \/ 2021<\/p>\n<p>&nbsp;<\/p>\n","protected":false},"excerpt":{"rendered":"<p>HERMOSILLO, SONORA,MX.\u2500\u2500 Un hombre de entre 25 y 30 a\u00f1os muri\u00f3 despu\u00e9s de atacar con&#8230;<\/p>\n","protected":false},"author":1,"featured_media":115990,"comment_status":"open","ping_status":"open","sticky":false,"template":"","format":"standard","meta":{"_monsterinsights_skip_tracking":false,"_monsterinsights_sitenote_active":false,"_monsterinsights_sitenote_note":"","_monsterinsights_sitenote_category":0,"footnotes":""},"categories":[3144],"tags":[4693],"class_list":["post"],"yoast_head":" \n<title>Sonora en Equipo. Polic\u00edas de Hermosillo abaten a un individuo tras agresi\u00f3n armada en la colonia San Luis Polic\u00edaca<\/title>\n<meta name=\"description\" content=\"HERMOSILLO, SONORA,MX.\u2500\u2500 Un hombre de entre 25 y 30 a\u00f1os muri\u00f3 despu\u00e9s de atacar con arma de fuego a elementos municipales, en calles de la colonia San En Sonora en Equipo publicamos toda la informaci\u00f3n de Sonora, M\u00e9xico y el Mundo de manera oportuna y busca que la libertad de expresi\u00f3n sea real. Visita nuestro medio informativo publicado desde Hermosillo, Sonora. %\" \/>\n<meta name=\"robots\" content=\"index, follow, max-snippet:-1, max-image-preview:large, max-video-preview:-1\" \/>\n<link rel=\"canonical\" href=\"https:\/\/www.sonoraenequipo.com.mx\/policias-de-hermosillo-abaten-a-un-individuo-tras-agresion-armada-en-la-colonia-san-luis\/\" \/>\n<meta property=\"og:locale\" content=\"es_ES\" \/>\n<meta property=\"og:type\" content=\"article\" \/>\n<meta property=\"og:title\" content=\"Sonora en Equipo. Polic\u00edas de Hermosillo abaten a un individuo tras agresi\u00f3n armada en la colonia San Luis Polic\u00edaca\" \/>\n<meta property=\"og:description\" content=\"HERMOSILLO, SONORA,MX.\u2500\u2500 Un hombre de entre 25 y 30 a\u00f1os muri\u00f3 despu\u00e9s de atacar con arma de fuego a elementos municipales, en calles de la colonia San En Sonora en Equipo publicamos toda la informaci\u00f3n de Sonora, M\u00e9xico y el Mundo de manera oportuna y busca que la libertad de expresi\u00f3n sea real. Visita nuestro medio informativo publicado desde Hermosillo, Sonora. %\" \/>\n<meta property=\"og:url\" content=\"https:\/\/www.sonoraenequipo.com.mx\/policias-de-hermosillo-abaten-a-un-individuo-tras-agresion-armada-en-la-colonia-san-luis\/\" \/>\n<meta property=\"og:site_name\" content=\"Sonora en Equipo.\" \/>\n<meta property=\"article:publisher\" content=\"https:\/\/www.facebook.com\/SonoraEE\/\" \/>\n<meta property=\"article:author\" content=\"https:\/\/www.facebook.com\/SonoraEE\" \/>\n<meta property=\"article:published_time\" content=\"2021-06-10T01:08:39+00:00\" \/>\n<meta property=\"og:image\" content=\"https:\/\/www.sonoraenequipo.com.mx\/storage\/2021\/06\/glock.jpg\" \/>\n\t<meta property=\"og:image:width\" content=\"700\" \/>\n\t<meta property=\"og:image:height\" content=\"400\" \/>\n\t<meta property=\"og:image:type\" content=\"image\/jpeg\" \/>\n<meta name=\"author\" content=\"enequipo\" \/>\n<meta name=\"twitter:card\" content=\"summary_large_image\" \/>\n<meta name=\"twitter:creator\" content=\"@sonoraenequipo\" \/>\n<meta name=\"twitter:site\" content=\"@sonoraenequipo\" \/>\n<meta name=\"twitter:label1\" content=\"Escrito por\" \/>\n\t<meta name=\"twitter:data1\" content=\"enequipo\" \/>\n\t<meta name=\"twitter:label2\" content=\"Tiempo de lectura\" \/>\n\t<meta name=\"twitter:data2\" content=\"2 minutos\" \/>\n<script type=\"application\/ld+json\" class=\"yoast-schema-graph\">{\"@context\":\"https:\/\/schema.org\",\"@graph\":[{\"@type\":\"Article\",\"@id\":\"https:\/\/www.sonoraenequipo.com.mx\/policias-de-hermosillo-abaten-a-un-individuo-tras-agresion-armada-en-la-colonia-san-luis\/#article\",\"isPartOf\":{\"@id\":\"https:\/\/www.sonoraenequipo.com.mx\/policias-de-hermosillo-abaten-a-un-individuo-tras-agresion-armada-en-la-colonia-san-luis\/\"},\"author\":{\"name\":\"enequipo\",\"@id\":\"https:\/\/www.sonoraenequipo.com.mx\/#\/schema\/person\/50102df0fb23a8fa9e8effad8fa81386\"},\"headline\":\"Polic\u00edas de Hermosillo abaten a un individuo tras agresi\u00f3n armada en la colonia San Luis\",\"datePublished\":\"2021-06-10T01:08:39+00:00\",\"mainEntityOfPage\":{\"@id\":\"https:\/\/www.sonoraenequipo.com.mx\/policias-de-hermosillo-abaten-a-un-individuo-tras-agresion-armada-en-la-colonia-san-luis\/\"},\"wordCount\":279,\"commentCount\":0,\"publisher\":{\"@id\":\"https:\/\/www.sonoraenequipo.com.mx\/#organization\"},\"image\":{\"@id\":\"https:\/\/www.sonoraenequipo.com.mx\/policias-de-hermosillo-abaten-a-un-individuo-tras-agresion-armada-en-la-colonia-san-luis\/#primaryimage\"},\"thumbnailUrl\":\"https:\/\/www.sonoraenequipo.com.mx\/storage\/2021\/06\/glock.jpg\",\"keywords\":[\"POLICIA HERMOSILLO\"],\"articleSection\":[\"Polic\u00edaca\"],\"inLanguage\":\"es\",\"potentialAction\":[{\"@type\":\"CommentAction\",\"name\":\"Comment\",\"target\":[\"https:\/\/www.sonoraenequipo.com.mx\/policias-de-hermosillo-abaten-a-un-individuo-tras-agresion-armada-en-la-colonia-san-luis\/#respond\"]}]},{\"@type\":\"WebPage\",\"@id\":\"https:\/\/www.sonoraenequipo.com.mx\/policias-de-hermosillo-abaten-a-un-individuo-tras-agresion-armada-en-la-colonia-san-luis\/\",\"url\":\"https:\/\/www.sonoraenequipo.com.mx\/policias-de-hermosillo-abaten-a-un-individuo-tras-agresion-armada-en-la-colonia-san-luis\/\",\"name\":\"Sonora en Equipo. Polic\u00edas de Hermosillo abaten a un individuo tras agresi\u00f3n armada en la colonia San Luis Polic\u00edaca\",\"isPartOf\":{\"@id\":\"https:\/\/www.sonoraenequipo.com.mx\/#website\"},\"primaryImageOfPage\":{\"@id\":\"https:\/\/www.sonoraenequipo.com.mx\/policias-de-hermosillo-abaten-a-un-individuo-tras-agresion-armada-en-la-colonia-san-luis\/#primaryimage\"},\"image\":{\"@id\":\"https:\/\/www.sonoraenequipo.com.mx\/policias-de-hermosillo-abaten-a-un-individuo-tras-agresion-armada-en-la-colonia-san-luis\/#primaryimage\"},\"thumbnailUrl\":\"https:\/\/www.sonoraenequipo.com.mx\/storage\/2021\/06\/glock.jpg\",\"datePublished\":\"2021-06-10T01:08:39+00:00\",\"description\":\"HERMOSILLO, SONORA,MX.\u2500\u2500 Un hombre de entre 25 y 30 a\u00f1os muri\u00f3 despu\u00e9s de atacar con arma de fuego a elementos municipales, en calles de la colonia San En Sonora en Equipo publicamos toda la informaci\u00f3n de Sonora, M\u00e9xico y el Mundo de manera oportuna y busca que la libertad de expresi\u00f3n sea real. Visita nuestro medio informativo publicado desde Hermosillo, Sonora. %\",\"breadcrumb\":{\"@id\":\"https:\/\/www.sonoraenequipo.com.mx\/policias-de-hermosillo-abaten-a-un-individuo-tras-agresion-armada-en-la-colonia-san-luis\/#breadcrumb\"},\"inLanguage\":\"es\",\"potentialAction\":[{\"@type\":\"ReadAction\",\"target\":[\"https:\/\/www.sonoraenequipo.com.mx\/policias-de-hermosillo-abaten-a-un-individuo-tras-agresion-armada-en-la-colonia-san-luis\/\"]}]},{\"@type\":\"ImageObject\",\"inLanguage\":\"es\",\"@id\":\"https:\/\/www.sonoraenequipo.com.mx\/policias-de-hermosillo-abaten-a-un-individuo-tras-agresion-armada-en-la-colonia-san-luis\/#primaryimage\",\"url\":\"https:\/\/www.sonoraenequipo.com.mx\/storage\/2021\/06\/glock.jpg\",\"contentUrl\":\"https:\/\/www.sonoraenequipo.com.mx\/storage\/2021\/06\/glock.jpg\",\"width\":700,\"height\":400,\"caption\":\"imagen para ilustrar\"},{\"@type\":\"BreadcrumbList\",\"@id\":\"https:\/\/www.sonoraenequipo.com.mx\/policias-de-hermosillo-abaten-a-un-individuo-tras-agresion-armada-en-la-colonia-san-luis\/#breadcrumb\",\"itemListElement\":[{\"@type\":\"ListItem\",\"position\":1,\"name\":\"Portada\",\"item\":\"https:\/\/www.sonoraenequipo.com.mx\/\"},{\"@type\":\"ListItem\",\"position\":2,\"name\":\"Polic\u00edas de Hermosillo abaten a un individuo tras agresi\u00f3n armada en la colonia San Luis\"}]},{\"@type\":\"WebSite\",\"@id\":\"https:\/\/www.sonoraenequipo.com.mx\/#website\",\"url\":\"https:\/\/www.sonoraenequipo.com.mx\/\",\"name\":\"Sonora en Equipo.\",\"description\":\"Diario en l\u00ednea con Noticias desde Hermosillo, Sonora\",\"publisher\":{\"@id\":\"https:\/\/www.sonoraenequipo.com.mx\/#organization\"},\"potentialAction\":[{\"@type\":\"SearchAction\",\"target\":{\"@type\":\"EntryPoint\",\"urlTemplate\":\"https:\/\/www.sonoraenequipo.com.mx\/?s={search_term_string}\"},\"query-input\":{\"@type\":\"PropertyValueSpecification\",\"valueRequired\":true,\"valueName\":\"search_term_string\"}}],\"inLanguage\":\"es\"},{\"@type\":\"Organization\",\"@id\":\"https:\/\/www.sonoraenequipo.com.mx\/#organization\",\"name\":\"Sonoraenequipo.com.mx\",\"url\":\"https:\/\/www.sonoraenequipo.com.mx\/\",\"logo\":{\"@type\":\"ImageObject\",\"inLanguage\":\"es\",\"@id\":\"https:\/\/www.sonoraenequipo.com.mx\/#\/schema\/logo\/image\/\",\"url\":\"https:\/\/www.sonoraenequipo.com.mx\/storage\/2019\/01\/sonoraenequipo_opt.png\",\"contentUrl\":\"https:\/\/www.sonoraenequipo.com.mx\/storage\/2019\/01\/sonoraenequipo_opt.png\",\"width\":375,\"height\":125,\"caption\":\"Sonoraenequipo.com.mx\"},\"image\":{\"@id\":\"https:\/\/www.sonoraenequipo.com.mx\/#\/schema\/logo\/image\/\"},\"sameAs\":[\"https:\/\/www.facebook.com\/SonoraEE\/\",\"https:\/\/x.com\/sonoraenequipo\",\"https:\/\/www.youtube.com\/channel\/UC338nW-lPEYmJQs4ZABQ1SQ\"]},{\"@type\":\"Person\",\"@id\":\"https:\/\/www.sonoraenequipo.com.mx\/#\/schema\/person\/50102df0fb23a8fa9e8effad8fa81386\",\"name\":\"enequipo\",\"image\":{\"@type\":\"ImageObject\",\"inLanguage\":\"es\",\"@id\":\"https:\/\/www.sonoraenequipo.com.mx\/#\/schema\/person\/image\/\",\"url\":\"https:\/\/secure.gravatar.com\/avatar\/049821681b589dabc0bc20695993ccebb09f5b5d4d790cd9251b97faac7c652b?s=96&d=blank&r=g\",\"contentUrl\":\"https:\/\/secure.gravatar.com\/avatar\/049821681b589dabc0bc20695993ccebb09f5b5d4d790cd9251b97faac7c652b?s=96&d=blank&r=g\",\"caption\":\"enequipo\"},\"sameAs\":[\"https:\/\/www.facebook.com\/SonoraEE\"]}]}<\/script>\n ","yoast_head_json":{"title":"Sonora en Equipo. Polic\u00edas de Hermosillo abaten a un individuo tras agresi\u00f3n armada en la colonia San Luis Polic\u00edaca","description":"HERMOSILLO, SONORA,MX.\u2500\u2500 Un hombre de entre 25 y 30 a\u00f1os muri\u00f3 despu\u00e9s de atacar con arma de fuego a elementos municipales, en calles de la colonia San En Sonora en Equipo publicamos toda la informaci\u00f3n de Sonora, M\u00e9xico y el Mundo de manera oportuna y busca que la libertad de expresi\u00f3n sea real. Visita nuestro medio informativo publicado desde Hermosillo, Sonora. %","robots":{"index":"index","follow":"follow","max-snippet":"max-snippet:-1","max-image-preview":"max-image-preview:large","max-video-preview":"max-video-preview:-1"},"canonical":"https:\/\/www.sonoraenequipo.com.mx\/policias-de-hermosillo-abaten-a-un-individuo-tras-agresion-armada-en-la-colonia-san-luis\/","og_locale":"es_ES","og_type":"article","og_title":"Sonora en Equipo. Polic\u00edas de Hermosillo abaten a un individuo tras agresi\u00f3n armada en la colonia San Luis Polic\u00edaca","og_description":"HERMOSILLO, SONORA,MX.\u2500\u2500 Un hombre de entre 25 y 30 a\u00f1os muri\u00f3 despu\u00e9s de atacar con arma de fuego a elementos municipales, en calles de la colonia San En Sonora en Equipo publicamos toda la informaci\u00f3n de Sonora, M\u00e9xico y el Mundo de manera oportuna y busca que la libertad de expresi\u00f3n sea real. Visita nuestro medio informativo publicado desde Hermosillo, Sonora. %","og_url":"https:\/\/www.sonoraenequipo.com.mx\/policias-de-hermosillo-abaten-a-un-individuo-tras-agresion-armada-en-la-colonia-san-luis\/","og_site_name":"Sonora en Equipo.","article_publisher":"https:\/\/www.facebook.com\/SonoraEE\/","article_author":"https:\/\/www.facebook.com\/SonoraEE","article_published_time":"2021-06-10T01:08:39+00:00","og_image":[{"width":700,"height":400,"url":"https:\/\/www.sonoraenequipo.com.mx\/storage\/2021\/06\/glock.jpg","type":"image\/jpeg"}],"author":"enequipo","twitter_card":"summary_large_image","twitter_creator":"@sonoraenequipo","twitter_site":"@sonoraenequipo","twitter_misc":{"Escrito por":"enequipo","Tiempo de lectura":"2 minutos"},"schema":{"@context":"https:\/\/schema.org","@graph":[{"@type":"Article","@id":"https:\/\/www.sonoraenequipo.com.mx\/policias-de-hermosillo-abaten-a-un-individuo-tras-agresion-armada-en-la-colonia-san-luis\/#article","isPartOf":{"@id":"https:\/\/www.sonoraenequipo.com.mx\/policias-de-hermosillo-abaten-a-un-individuo-tras-agresion-armada-en-la-colonia-san-luis\/"},"author":{"name":"enequipo","@id":"https:\/\/www.sonoraenequipo.com.mx\/#\/schema\/person\/50102df0fb23a8fa9e8effad8fa81386"},"headline":"Polic\u00edas de Hermosillo abaten a un individuo tras agresi\u00f3n armada en la colonia San Luis","datePublished":"2021-06-10T01:08:39+00:00","mainEntityOfPage":{"@id":"https:\/\/www.sonoraenequipo.com.mx\/policias-de-hermosillo-abaten-a-un-individuo-tras-agresion-armada-en-la-colonia-san-luis\/"},"wordCount":279,"commentCount":0,"publisher":{"@id":"https:\/\/www.sonoraenequipo.com.mx\/#organization"},"image":{"@id":"https:\/\/www.sonoraenequipo.com.mx\/policias-de-hermosillo-abaten-a-un-individuo-tras-agresion-armada-en-la-colonia-san-luis\/#primaryimage"},"thumbnailUrl":"https:\/\/www.sonoraenequipo.com.mx\/storage\/2021\/06\/glock.jpg","keywords":["POLICIA HERMOSILLO"],"articleSection":["Polic\u00edaca"],"inLanguage":"es","potentialAction":[{"@type":"CommentAction","name":"Comment","target":["https:\/\/www.sonoraenequipo.com.mx\/policias-de-hermosillo-abaten-a-un-individuo-tras-agresion-armada-en-la-colonia-san-luis\/#respond"]}]},{"@type":"WebPage","@id":"https:\/\/www.sonoraenequipo.com.mx\/policias-de-hermosillo-abaten-a-un-individuo-tras-agresion-armada-en-la-colonia-san-luis\/","url":"https:\/\/www.sonoraenequipo.com.mx\/policias-de-hermosillo-abaten-a-un-individuo-tras-agresion-armada-en-la-colonia-san-luis\/","name":"Sonora en Equipo. Polic\u00edas de Hermosillo abaten a un individuo tras agresi\u00f3n armada en la colonia San Luis Polic\u00edaca","isPartOf":{"@id":"https:\/\/www.sonoraenequipo.com.mx\/#website"},"primaryImageOfPage":{"@id":"https:\/\/www.sonoraenequipo.com.mx\/policias-de-hermosillo-abaten-a-un-individuo-tras-agresion-armada-en-la-colonia-san-luis\/#primaryimage"},"image":{"@id":"https:\/\/www.sonoraenequipo.com.mx\/policias-de-hermosillo-abaten-a-un-individuo-tras-agresion-armada-en-la-colonia-san-luis\/#primaryimage"},"thumbnailUrl":"https:\/\/www.sonoraenequipo.com.mx\/storage\/2021\/06\/glock.jpg","datePublished":"2021-06-10T01:08:39+00:00","description":"HERMOSILLO, SONORA,MX.\u2500\u2500 Un hombre de entre 25 y 30 a\u00f1os muri\u00f3 despu\u00e9s de atacar con arma de fuego a elementos municipales, en calles de la colonia San En Sonora en Equipo publicamos toda la informaci\u00f3n de Sonora, M\u00e9xico y el Mundo de manera oportuna y busca que la libertad de expresi\u00f3n sea real. Visita nuestro medio informativo publicado desde Hermosillo, Sonora. %","breadcrumb":{"@id":"https:\/\/www.sonoraenequipo.com.mx\/policias-de-hermosillo-abaten-a-un-individuo-tras-agresion-armada-en-la-colonia-san-luis\/#breadcrumb"},"inLanguage":"es","potentialAction":[{"@type":"ReadAction","target":["https:\/\/www.sonoraenequipo.com.mx\/policias-de-hermosillo-abaten-a-un-individuo-tras-agresion-armada-en-la-colonia-san-luis\/"]}]},{"@type":"ImageObject","inLanguage":"es","@id":"https:\/\/www.sonoraenequipo.com.mx\/policias-de-hermosillo-abaten-a-un-individuo-tras-agresion-armada-en-la-colonia-san-luis\/#primaryimage","url":"https:\/\/www.sonoraenequipo.com.mx\/storage\/2021\/06\/glock.jpg","contentUrl":"https:\/\/www.sonoraenequipo.com.mx\/storage\/2021\/06\/glock.jpg","width":700,"height":400,"caption":"imagen para ilustrar"},{"@type":"BreadcrumbList","@id":"https:\/\/www.sonoraenequipo.com.mx\/policias-de-hermosillo-abaten-a-un-individuo-tras-agresion-armada-en-la-colonia-san-luis\/#breadcrumb","itemListElement":[{"@type":"ListItem","position":1,"name":"Portada","item":"https:\/\/www.sonoraenequipo.com.mx\/"},{"@type":"ListItem","position":2,"name":"Polic\u00edas de Hermosillo abaten a un individuo tras agresi\u00f3n armada en la colonia San Luis"}]},{"@type":"WebSite","@id":"https:\/\/www.sonoraenequipo.com.mx\/#website","url":"https:\/\/www.sonoraenequipo.com.mx\/","name":"Sonora en Equipo.","description":"Diario en l\u00ednea con Noticias desde Hermosillo, Sonora","publisher":{"@id":"https:\/\/www.sonoraenequipo.com.mx\/#organization"},"potentialAction":[{"@type":"SearchAction","target":{"@type":"EntryPoint","urlTemplate":"https:\/\/www.sonoraenequipo.com.mx\/?s={search_term_string}"},"query-input":{"@type":"PropertyValueSpecification","valueRequired":true,"valueName":"search_term_string"}}],"inLanguage":"es"},{"@type":"Organization","@id":"https:\/\/www.sonoraenequipo.com.mx\/#organization","name":"Sonoraenequipo.com.mx","url":"https:\/\/www.sonoraenequipo.com.mx\/","logo":{"@type":"ImageObject","inLanguage":"es","@id":"https:\/\/www.sonoraenequipo.com.mx\/#\/schema\/logo\/image\/","url":"https:\/\/www.sonoraenequipo.com.mx\/storage\/2019\/01\/sonoraenequipo_opt.png","contentUrl":"https:\/\/www.sonoraenequipo.com.mx\/storage\/2019\/01\/sonoraenequipo_opt.png","width":375,"height":125,"caption":"Sonoraenequipo.com.mx"},"image":{"@id":"https:\/\/www.sonoraenequipo.com.mx\/#\/schema\/logo\/image\/"},"sameAs":["https:\/\/www.facebook.com\/SonoraEE\/","https:\/\/x.com\/sonoraenequipo","https:\/\/www.youtube.com\/channel\/UC338nW-lPEYmJQs4ZABQ1SQ"]},{"@type":"Person","@id":"https:\/\/www.sonoraenequipo.com.mx\/#\/schema\/person\/50102df0fb23a8fa9e8effad8fa81386","name":"enequipo","image":{"@type":"ImageObject","inLanguage":"es","@id":"https:\/\/www.sonoraenequipo.com.mx\/#\/schema\/person\/image\/","url":"https:\/\/secure.gravatar.com\/avatar\/049821681b589dabc0bc20695993ccebb09f5b5d4d790cd9251b97faac7c652b?s=96&d=blank&r=g","contentUrl":"https:\/\/secure.gravatar.com\/avatar\/049821681b589dabc0bc20695993ccebb09f5b5d4d790cd9251b97faac7c652b?s=96&d=blank&r=g","caption":"enequipo"},"sameAs":["https:\/\/www.facebook.com\/SonoraEE"]}]}},"jetpack_featured_media_url":"https:\/\/www.sonoraenequipo.com.mx\/storage\/2021\/06\/glock.jpg","_links":{"self":[{"href":"https:\/\/www.sonoraenequipo.com.mx\/api\/wp\/v2\/posts\/115989","targetHints":{"allow":["GET"]}}],"collection":[{"href":"https:\/\/www.sonoraenequipo.com.mx\/api\/wp\/v2\/posts"}],"about":[{"href":"https:\/\/www.sonoraenequipo.com.mx\/api\/wp\/v2\/types\/post"}],"author":[{"embeddable":true,"href":"https:\/\/www.sonoraenequipo.com.mx\/api\/wp\/v2\/users\/1"}],"replies":[{"embeddable":true,"href":"https:\/\/www.sonoraenequipo.com.mx\/api\/wp\/v2\/comments?post=115989"}],"version-history":[{"count":1,"href":"https:\/\/www.sonoraenequipo.com.mx\/api\/wp\/v2\/posts\/115989\/revisions"}],"predecessor-version":[{"id":115991,"href":"https:\/\/www.sonoraenequipo.com.mx\/api\/wp\/v2\/posts\/115989\/revisions\/115991"}],"wp:featuredmedia":[{"embeddable":true,"href":"https:\/\/www.sonoraenequipo.com.mx\/api\/wp\/v2\/media\/115990"}],"wp:attachment":[{"href":"https:\/\/www.sonoraenequipo.com.mx\/api\/wp\/v2\/media?parent=115989"}],"wp:term":[{"taxonomy":"category","embeddable":true,"href":"https:\/\/www.sonoraenequipo.com.mx\/api\/wp\/v2\/categories?post=115989"},{"taxonomy":"post_tag","embeddable":true,"href":"https:\/\/www.sonoraenequipo.com.mx\/api\/wp\/v2\/tags?post=115989"}],"curies":[{"name":"wp","href":"https:\/\/api.w.org\/{rel}","templated":true}]}}