{"id":116102,"date":"2021-06-10T23:25:59","date_gmt":"2021-06-11T06:25:59","guid":{"rendered":"https:\/\/www.sonoraenequipo.com.mx\/?p=116102"},"modified":"2021-06-11T08:19:53","modified_gmt":"2021-06-11T15:19:53","slug":"edgar-palomino-recibe-constancia-en-cucurpe-a-pesar-de-no-obtener-registro","status":"publish","type":"post","link":"https:\/\/www.sonoraenequipo.com.mx\/edgar-palomino-recibe-constancia-en-cucurpe-a-pesar-de-no-obtener-registro\/","title":{"rendered":"\u00c9dgar Palomino recibe constancia en Cucurpe a pesar de no obtener registro"},"content":{"rendered":"<p>CUCURPE, SONORA. MX. \u2014 <em>\u201cSiempre he estado de apoyo con la gente, en la labor social y creo que por eso recib\u00ed el apoyo de la gente para estar donde estoy ahorita como alcalde electo. <\/em><em>Siempre he estado aqu\u00ed y pudiera ser que fuera mi sue\u00f1o, ser el alcalde de mi Municipio\u201d<\/em>, dijo \u00c9dgar Palomino Ay\u00f3n, quien sin encontrarse registrado como candidato de un partido o independiente para la presidencia municipal de Cucurpe, recibi\u00f3 la mayor\u00eda de votos en la localidad.<\/p>\n<p>&nbsp;<\/p>\n<p> <\/p>\n<p>&nbsp;<\/p>\n<p>Palomino Ay\u00f3n es egresado de la Licenciatura en Derecho de la Universidad de Sonora, tiene 34 a\u00f1os y ha ocupado varios cargos en el servicio p\u00fablico, por lo que su sue\u00f1o ha sido ser alcalde de su municipio.<\/p>\n<p>&nbsp;<\/p>\n<p>En el periodo de 2009-2012 fue regidor, de 2015 a 2018 fue secretario del Ayuntamiento y de 2018 al 5 de abril de este a\u00f1o era el contralor municipal.<\/p>\n<h3>Perdi\u00f3 oportunidad de ser candidato<\/h3>\n<p>Siempre hab\u00eda estado con el Partido Acci\u00f3n Nacional y este a\u00f1o hab\u00eda pedido la oportunidad de ser el candidato, pero no se le permiti\u00f3; posteriormente Morena lo invit\u00f3 a participar y acept\u00f3 y se registr\u00f3, pero tampoco fue aprobado.<\/p>\n<p>&nbsp;<\/p>\n<p><em>\u201cDespu\u00e9s me dirig\u00ed al PT para registrarme cosa que no consegu\u00ed, me dirijo a Encuentro Solidario y me aceptan, cumplimos con todos los requisitos, pero en el acuerdo del Consejo del Instituto estatal Electoral no aparec\u00eda y fui a Hermosillo para averiguar y me comentaron que el dirigente retir\u00f3 la candidatura, se cumplieron los plazos y no obtuve mi registro\u201d<\/em>, coment\u00f3.<\/p>\n<h3>Recurri\u00f3 al recuadro blanco<\/h3>\n<p>As\u00ed decidi\u00f3 optar por la opci\u00f3n del recuadro en blanco, visitar casa por casa a los ciudadanos y explicarles c\u00f3mo pod\u00edan votar por el poniendo su nombre en el recuadro de candidatos no registrados.<\/p>\n<p>&nbsp;<\/p>\n<p>Y as\u00ed dur\u00f3 menos de quince d\u00edas en campa\u00f1a sin apoyo econ\u00f3mico de partidos, recorriendo algunas comunidades y este 6 de junio la gente vot\u00f3 por \u00e9l.<\/p>\n<p>&nbsp;<\/p>\n<p>En el registro del Programa de Resultados Electorales Preliminares (PREP) los votos se presentaron de la siguiente forma: 288 para Manuel Villa Paredes, del PAN; 24 para Mar\u00eda Trinidad Miranda, de Morena; 9 para Luz Imelda Ortega, del PRI y 3 para Erika Sacuachi, del PT:<\/p>\n<p>&nbsp;<\/p>\n<p>Mientras que en el apartado de candidaturas no registradas fue de 322 votos, donde aparec\u00eda el nombre de \u00c9dgar Palomino Ay\u00f3n.<\/p>\n<p>&nbsp;<\/p>\n<p>(Publicada el 10\/06\/2021)<\/p>\n","protected":false},"excerpt":{"rendered":"<p>CUCURPE, SONORA. MX. \u2014 \u201cSiempre he estado de apoyo con la gente, en la labor&#8230;<\/p>\n","protected":false},"author":1,"featured_media":116105,"comment_status":"open","ping_status":"open","sticky":false,"template":"","format":"standard","meta":{"_monsterinsights_skip_tracking":false,"_monsterinsights_sitenote_active":false,"_monsterinsights_sitenote_note":"","_monsterinsights_sitenote_category":0,"footnotes":""},"categories":[22],"tags":[],"class_list":["post"],"yoast_head":" \n<title>Sonora en Equipo. \u00c9dgar Palomino recibe constancia en Cucurpe a pesar de no obtener registro Sonora<\/title>\n<meta name=\"description\" content=\"CUCURPE, SONORA. MX. \u2014 \u201cSiempre he estado de apoyo con la gente, en la labor social y creo que por eso recib\u00ed el apoyo de la gente para estar donde estoy En Sonora en Equipo publicamos toda la informaci\u00f3n de Sonora, M\u00e9xico y el Mundo de manera oportuna y busca que la libertad de expresi\u00f3n sea real. Visita nuestro medio informativo publicado desde Hermosillo, Sonora. %\" \/>\n<meta name=\"robots\" content=\"index, follow, max-snippet:-1, max-image-preview:large, max-video-preview:-1\" \/>\n<link rel=\"canonical\" href=\"https:\/\/www.sonoraenequipo.com.mx\/edgar-palomino-recibe-constancia-en-cucurpe-a-pesar-de-no-obtener-registro\/\" \/>\n<meta property=\"og:locale\" content=\"es_ES\" \/>\n<meta property=\"og:type\" content=\"article\" \/>\n<meta property=\"og:title\" content=\"Sonora en Equipo. \u00c9dgar Palomino recibe constancia en Cucurpe a pesar de no obtener registro Sonora\" \/>\n<meta property=\"og:description\" content=\"CUCURPE, SONORA. MX. \u2014 \u201cSiempre he estado de apoyo con la gente, en la labor social y creo que por eso recib\u00ed el apoyo de la gente para estar donde estoy En Sonora en Equipo publicamos toda la informaci\u00f3n de Sonora, M\u00e9xico y el Mundo de manera oportuna y busca que la libertad de expresi\u00f3n sea real. Visita nuestro medio informativo publicado desde Hermosillo, Sonora. %\" \/>\n<meta property=\"og:url\" content=\"https:\/\/www.sonoraenequipo.com.mx\/edgar-palomino-recibe-constancia-en-cucurpe-a-pesar-de-no-obtener-registro\/\" \/>\n<meta property=\"og:site_name\" content=\"Sonora en Equipo.\" \/>\n<meta property=\"article:publisher\" content=\"https:\/\/www.facebook.com\/SonoraEE\/\" \/>\n<meta property=\"article:author\" content=\"https:\/\/www.facebook.com\/SonoraEE\" \/>\n<meta property=\"article:published_time\" content=\"2021-06-11T06:25:59+00:00\" \/>\n<meta property=\"article:modified_time\" content=\"2021-06-11T15:19:53+00:00\" \/>\n<meta property=\"og:image\" content=\"https:\/\/www.sonoraenequipo.com.mx\/storage\/2021\/06\/Edgar-Palomino-Ayon-Cucurpe_opt.jpg\" \/>\n\t<meta property=\"og:image:width\" content=\"700\" \/>\n\t<meta property=\"og:image:height\" content=\"400\" \/>\n\t<meta property=\"og:image:type\" content=\"image\/jpeg\" \/>\n<meta name=\"author\" content=\"enequipo\" \/>\n<meta name=\"twitter:card\" content=\"summary_large_image\" \/>\n<meta name=\"twitter:creator\" content=\"@sonoraenequipo\" \/>\n<meta name=\"twitter:site\" content=\"@sonoraenequipo\" \/>\n<meta name=\"twitter:label1\" content=\"Escrito por\" \/>\n\t<meta name=\"twitter:data1\" content=\"enequipo\" \/>\n\t<meta name=\"twitter:label2\" content=\"Tiempo de lectura\" \/>\n\t<meta name=\"twitter:data2\" content=\"2 minutos\" \/>\n<script type=\"application\/ld+json\" class=\"yoast-schema-graph\">{\"@context\":\"https:\/\/schema.org\",\"@graph\":[{\"@type\":\"Article\",\"@id\":\"https:\/\/www.sonoraenequipo.com.mx\/edgar-palomino-recibe-constancia-en-cucurpe-a-pesar-de-no-obtener-registro\/#article\",\"isPartOf\":{\"@id\":\"https:\/\/www.sonoraenequipo.com.mx\/edgar-palomino-recibe-constancia-en-cucurpe-a-pesar-de-no-obtener-registro\/\"},\"author\":{\"name\":\"enequipo\",\"@id\":\"https:\/\/www.sonoraenequipo.com.mx\/#\/schema\/person\/50102df0fb23a8fa9e8effad8fa81386\"},\"headline\":\"\u00c9dgar Palomino recibe constancia en Cucurpe a pesar de no obtener registro\",\"datePublished\":\"2021-06-11T06:25:59+00:00\",\"dateModified\":\"2021-06-11T15:19:53+00:00\",\"mainEntityOfPage\":{\"@id\":\"https:\/\/www.sonoraenequipo.com.mx\/edgar-palomino-recibe-constancia-en-cucurpe-a-pesar-de-no-obtener-registro\/\"},\"wordCount\":418,\"commentCount\":0,\"publisher\":{\"@id\":\"https:\/\/www.sonoraenequipo.com.mx\/#organization\"},\"image\":{\"@id\":\"https:\/\/www.sonoraenequipo.com.mx\/edgar-palomino-recibe-constancia-en-cucurpe-a-pesar-de-no-obtener-registro\/#primaryimage\"},\"thumbnailUrl\":\"https:\/\/www.sonoraenequipo.com.mx\/storage\/2021\/06\/Edgar-Palomino-Ayon-Cucurpe_opt.jpg\",\"articleSection\":[\"Sonora\"],\"inLanguage\":\"es\",\"potentialAction\":[{\"@type\":\"CommentAction\",\"name\":\"Comment\",\"target\":[\"https:\/\/www.sonoraenequipo.com.mx\/edgar-palomino-recibe-constancia-en-cucurpe-a-pesar-de-no-obtener-registro\/#respond\"]}]},{\"@type\":\"WebPage\",\"@id\":\"https:\/\/www.sonoraenequipo.com.mx\/edgar-palomino-recibe-constancia-en-cucurpe-a-pesar-de-no-obtener-registro\/\",\"url\":\"https:\/\/www.sonoraenequipo.com.mx\/edgar-palomino-recibe-constancia-en-cucurpe-a-pesar-de-no-obtener-registro\/\",\"name\":\"Sonora en Equipo. \u00c9dgar Palomino recibe constancia en Cucurpe a pesar de no obtener registro Sonora\",\"isPartOf\":{\"@id\":\"https:\/\/www.sonoraenequipo.com.mx\/#website\"},\"primaryImageOfPage\":{\"@id\":\"https:\/\/www.sonoraenequipo.com.mx\/edgar-palomino-recibe-constancia-en-cucurpe-a-pesar-de-no-obtener-registro\/#primaryimage\"},\"image\":{\"@id\":\"https:\/\/www.sonoraenequipo.com.mx\/edgar-palomino-recibe-constancia-en-cucurpe-a-pesar-de-no-obtener-registro\/#primaryimage\"},\"thumbnailUrl\":\"https:\/\/www.sonoraenequipo.com.mx\/storage\/2021\/06\/Edgar-Palomino-Ayon-Cucurpe_opt.jpg\",\"datePublished\":\"2021-06-11T06:25:59+00:00\",\"dateModified\":\"2021-06-11T15:19:53+00:00\",\"description\":\"CUCURPE, SONORA. MX. \u2014 \u201cSiempre he estado de apoyo con la gente, en la labor social y creo que por eso recib\u00ed el apoyo de la gente para estar donde estoy En Sonora en Equipo publicamos toda la informaci\u00f3n de Sonora, M\u00e9xico y el Mundo de manera oportuna y busca que la libertad de expresi\u00f3n sea real. Visita nuestro medio informativo publicado desde Hermosillo, Sonora. %\",\"breadcrumb\":{\"@id\":\"https:\/\/www.sonoraenequipo.com.mx\/edgar-palomino-recibe-constancia-en-cucurpe-a-pesar-de-no-obtener-registro\/#breadcrumb\"},\"inLanguage\":\"es\",\"potentialAction\":[{\"@type\":\"ReadAction\",\"target\":[\"https:\/\/www.sonoraenequipo.com.mx\/edgar-palomino-recibe-constancia-en-cucurpe-a-pesar-de-no-obtener-registro\/\"]}]},{\"@type\":\"ImageObject\",\"inLanguage\":\"es\",\"@id\":\"https:\/\/www.sonoraenequipo.com.mx\/edgar-palomino-recibe-constancia-en-cucurpe-a-pesar-de-no-obtener-registro\/#primaryimage\",\"url\":\"https:\/\/www.sonoraenequipo.com.mx\/storage\/2021\/06\/Edgar-Palomino-Ayon-Cucurpe_opt.jpg\",\"contentUrl\":\"https:\/\/www.sonoraenequipo.com.mx\/storage\/2021\/06\/Edgar-Palomino-Ayon-Cucurpe_opt.jpg\",\"width\":700,\"height\":400},{\"@type\":\"BreadcrumbList\",\"@id\":\"https:\/\/www.sonoraenequipo.com.mx\/edgar-palomino-recibe-constancia-en-cucurpe-a-pesar-de-no-obtener-registro\/#breadcrumb\",\"itemListElement\":[{\"@type\":\"ListItem\",\"position\":1,\"name\":\"Portada\",\"item\":\"https:\/\/www.sonoraenequipo.com.mx\/\"},{\"@type\":\"ListItem\",\"position\":2,\"name\":\"\u00c9dgar Palomino recibe constancia en Cucurpe a pesar de no obtener registro\"}]},{\"@type\":\"WebSite\",\"@id\":\"https:\/\/www.sonoraenequipo.com.mx\/#website\",\"url\":\"https:\/\/www.sonoraenequipo.com.mx\/\",\"name\":\"Sonora en Equipo.\",\"description\":\"Diario en l\u00ednea con Noticias desde Hermosillo, Sonora\",\"publisher\":{\"@id\":\"https:\/\/www.sonoraenequipo.com.mx\/#organization\"},\"potentialAction\":[{\"@type\":\"SearchAction\",\"target\":{\"@type\":\"EntryPoint\",\"urlTemplate\":\"https:\/\/www.sonoraenequipo.com.mx\/?s={search_term_string}\"},\"query-input\":{\"@type\":\"PropertyValueSpecification\",\"valueRequired\":true,\"valueName\":\"search_term_string\"}}],\"inLanguage\":\"es\"},{\"@type\":\"Organization\",\"@id\":\"https:\/\/www.sonoraenequipo.com.mx\/#organization\",\"name\":\"Sonoraenequipo.com.mx\",\"url\":\"https:\/\/www.sonoraenequipo.com.mx\/\",\"logo\":{\"@type\":\"ImageObject\",\"inLanguage\":\"es\",\"@id\":\"https:\/\/www.sonoraenequipo.com.mx\/#\/schema\/logo\/image\/\",\"url\":\"https:\/\/www.sonoraenequipo.com.mx\/storage\/2019\/01\/sonoraenequipo_opt.png\",\"contentUrl\":\"https:\/\/www.sonoraenequipo.com.mx\/storage\/2019\/01\/sonoraenequipo_opt.png\",\"width\":375,\"height\":125,\"caption\":\"Sonoraenequipo.com.mx\"},\"image\":{\"@id\":\"https:\/\/www.sonoraenequipo.com.mx\/#\/schema\/logo\/image\/\"},\"sameAs\":[\"https:\/\/www.facebook.com\/SonoraEE\/\",\"https:\/\/x.com\/sonoraenequipo\",\"https:\/\/www.youtube.com\/channel\/UC338nW-lPEYmJQs4ZABQ1SQ\"]},{\"@type\":\"Person\",\"@id\":\"https:\/\/www.sonoraenequipo.com.mx\/#\/schema\/person\/50102df0fb23a8fa9e8effad8fa81386\",\"name\":\"enequipo\",\"image\":{\"@type\":\"ImageObject\",\"inLanguage\":\"es\",\"@id\":\"https:\/\/www.sonoraenequipo.com.mx\/#\/schema\/person\/image\/\",\"url\":\"https:\/\/secure.gravatar.com\/avatar\/049821681b589dabc0bc20695993ccebb09f5b5d4d790cd9251b97faac7c652b?s=96&d=blank&r=g\",\"contentUrl\":\"https:\/\/secure.gravatar.com\/avatar\/049821681b589dabc0bc20695993ccebb09f5b5d4d790cd9251b97faac7c652b?s=96&d=blank&r=g\",\"caption\":\"enequipo\"},\"sameAs\":[\"https:\/\/www.facebook.com\/SonoraEE\"]}]}<\/script>\n ","yoast_head_json":{"title":"Sonora en Equipo. \u00c9dgar Palomino recibe constancia en Cucurpe a pesar de no obtener registro Sonora","description":"CUCURPE, SONORA. MX. \u2014 \u201cSiempre he estado de apoyo con la gente, en la labor social y creo que por eso recib\u00ed el apoyo de la gente para estar donde estoy En Sonora en Equipo publicamos toda la informaci\u00f3n de Sonora, M\u00e9xico y el Mundo de manera oportuna y busca que la libertad de expresi\u00f3n sea real. Visita nuestro medio informativo publicado desde Hermosillo, Sonora. %","robots":{"index":"index","follow":"follow","max-snippet":"max-snippet:-1","max-image-preview":"max-image-preview:large","max-video-preview":"max-video-preview:-1"},"canonical":"https:\/\/www.sonoraenequipo.com.mx\/edgar-palomino-recibe-constancia-en-cucurpe-a-pesar-de-no-obtener-registro\/","og_locale":"es_ES","og_type":"article","og_title":"Sonora en Equipo. \u00c9dgar Palomino recibe constancia en Cucurpe a pesar de no obtener registro Sonora","og_description":"CUCURPE, SONORA. MX. \u2014 \u201cSiempre he estado de apoyo con la gente, en la labor social y creo que por eso recib\u00ed el apoyo de la gente para estar donde estoy En Sonora en Equipo publicamos toda la informaci\u00f3n de Sonora, M\u00e9xico y el Mundo de manera oportuna y busca que la libertad de expresi\u00f3n sea real. Visita nuestro medio informativo publicado desde Hermosillo, Sonora. %","og_url":"https:\/\/www.sonoraenequipo.com.mx\/edgar-palomino-recibe-constancia-en-cucurpe-a-pesar-de-no-obtener-registro\/","og_site_name":"Sonora en Equipo.","article_publisher":"https:\/\/www.facebook.com\/SonoraEE\/","article_author":"https:\/\/www.facebook.com\/SonoraEE","article_published_time":"2021-06-11T06:25:59+00:00","article_modified_time":"2021-06-11T15:19:53+00:00","og_image":[{"width":700,"height":400,"url":"https:\/\/www.sonoraenequipo.com.mx\/storage\/2021\/06\/Edgar-Palomino-Ayon-Cucurpe_opt.jpg","type":"image\/jpeg"}],"author":"enequipo","twitter_card":"summary_large_image","twitter_creator":"@sonoraenequipo","twitter_site":"@sonoraenequipo","twitter_misc":{"Escrito por":"enequipo","Tiempo de lectura":"2 minutos"},"schema":{"@context":"https:\/\/schema.org","@graph":[{"@type":"Article","@id":"https:\/\/www.sonoraenequipo.com.mx\/edgar-palomino-recibe-constancia-en-cucurpe-a-pesar-de-no-obtener-registro\/#article","isPartOf":{"@id":"https:\/\/www.sonoraenequipo.com.mx\/edgar-palomino-recibe-constancia-en-cucurpe-a-pesar-de-no-obtener-registro\/"},"author":{"name":"enequipo","@id":"https:\/\/www.sonoraenequipo.com.mx\/#\/schema\/person\/50102df0fb23a8fa9e8effad8fa81386"},"headline":"\u00c9dgar Palomino recibe constancia en Cucurpe a pesar de no obtener registro","datePublished":"2021-06-11T06:25:59+00:00","dateModified":"2021-06-11T15:19:53+00:00","mainEntityOfPage":{"@id":"https:\/\/www.sonoraenequipo.com.mx\/edgar-palomino-recibe-constancia-en-cucurpe-a-pesar-de-no-obtener-registro\/"},"wordCount":418,"commentCount":0,"publisher":{"@id":"https:\/\/www.sonoraenequipo.com.mx\/#organization"},"image":{"@id":"https:\/\/www.sonoraenequipo.com.mx\/edgar-palomino-recibe-constancia-en-cucurpe-a-pesar-de-no-obtener-registro\/#primaryimage"},"thumbnailUrl":"https:\/\/www.sonoraenequipo.com.mx\/storage\/2021\/06\/Edgar-Palomino-Ayon-Cucurpe_opt.jpg","articleSection":["Sonora"],"inLanguage":"es","potentialAction":[{"@type":"CommentAction","name":"Comment","target":["https:\/\/www.sonoraenequipo.com.mx\/edgar-palomino-recibe-constancia-en-cucurpe-a-pesar-de-no-obtener-registro\/#respond"]}]},{"@type":"WebPage","@id":"https:\/\/www.sonoraenequipo.com.mx\/edgar-palomino-recibe-constancia-en-cucurpe-a-pesar-de-no-obtener-registro\/","url":"https:\/\/www.sonoraenequipo.com.mx\/edgar-palomino-recibe-constancia-en-cucurpe-a-pesar-de-no-obtener-registro\/","name":"Sonora en Equipo. \u00c9dgar Palomino recibe constancia en Cucurpe a pesar de no obtener registro Sonora","isPartOf":{"@id":"https:\/\/www.sonoraenequipo.com.mx\/#website"},"primaryImageOfPage":{"@id":"https:\/\/www.sonoraenequipo.com.mx\/edgar-palomino-recibe-constancia-en-cucurpe-a-pesar-de-no-obtener-registro\/#primaryimage"},"image":{"@id":"https:\/\/www.sonoraenequipo.com.mx\/edgar-palomino-recibe-constancia-en-cucurpe-a-pesar-de-no-obtener-registro\/#primaryimage"},"thumbnailUrl":"https:\/\/www.sonoraenequipo.com.mx\/storage\/2021\/06\/Edgar-Palomino-Ayon-Cucurpe_opt.jpg","datePublished":"2021-06-11T06:25:59+00:00","dateModified":"2021-06-11T15:19:53+00:00","description":"CUCURPE, SONORA. MX. \u2014 \u201cSiempre he estado de apoyo con la gente, en la labor social y creo que por eso recib\u00ed el apoyo de la gente para estar donde estoy En Sonora en Equipo publicamos toda la informaci\u00f3n de Sonora, M\u00e9xico y el Mundo de manera oportuna y busca que la libertad de expresi\u00f3n sea real. Visita nuestro medio informativo publicado desde Hermosillo, Sonora. %","breadcrumb":{"@id":"https:\/\/www.sonoraenequipo.com.mx\/edgar-palomino-recibe-constancia-en-cucurpe-a-pesar-de-no-obtener-registro\/#breadcrumb"},"inLanguage":"es","potentialAction":[{"@type":"ReadAction","target":["https:\/\/www.sonoraenequipo.com.mx\/edgar-palomino-recibe-constancia-en-cucurpe-a-pesar-de-no-obtener-registro\/"]}]},{"@type":"ImageObject","inLanguage":"es","@id":"https:\/\/www.sonoraenequipo.com.mx\/edgar-palomino-recibe-constancia-en-cucurpe-a-pesar-de-no-obtener-registro\/#primaryimage","url":"https:\/\/www.sonoraenequipo.com.mx\/storage\/2021\/06\/Edgar-Palomino-Ayon-Cucurpe_opt.jpg","contentUrl":"https:\/\/www.sonoraenequipo.com.mx\/storage\/2021\/06\/Edgar-Palomino-Ayon-Cucurpe_opt.jpg","width":700,"height":400},{"@type":"BreadcrumbList","@id":"https:\/\/www.sonoraenequipo.com.mx\/edgar-palomino-recibe-constancia-en-cucurpe-a-pesar-de-no-obtener-registro\/#breadcrumb","itemListElement":[{"@type":"ListItem","position":1,"name":"Portada","item":"https:\/\/www.sonoraenequipo.com.mx\/"},{"@type":"ListItem","position":2,"name":"\u00c9dgar Palomino recibe constancia en Cucurpe a pesar de no obtener registro"}]},{"@type":"WebSite","@id":"https:\/\/www.sonoraenequipo.com.mx\/#website","url":"https:\/\/www.sonoraenequipo.com.mx\/","name":"Sonora en Equipo.","description":"Diario en l\u00ednea con Noticias desde Hermosillo, Sonora","publisher":{"@id":"https:\/\/www.sonoraenequipo.com.mx\/#organization"},"potentialAction":[{"@type":"SearchAction","target":{"@type":"EntryPoint","urlTemplate":"https:\/\/www.sonoraenequipo.com.mx\/?s={search_term_string}"},"query-input":{"@type":"PropertyValueSpecification","valueRequired":true,"valueName":"search_term_string"}}],"inLanguage":"es"},{"@type":"Organization","@id":"https:\/\/www.sonoraenequipo.com.mx\/#organization","name":"Sonoraenequipo.com.mx","url":"https:\/\/www.sonoraenequipo.com.mx\/","logo":{"@type":"ImageObject","inLanguage":"es","@id":"https:\/\/www.sonoraenequipo.com.mx\/#\/schema\/logo\/image\/","url":"https:\/\/www.sonoraenequipo.com.mx\/storage\/2019\/01\/sonoraenequipo_opt.png","contentUrl":"https:\/\/www.sonoraenequipo.com.mx\/storage\/2019\/01\/sonoraenequipo_opt.png","width":375,"height":125,"caption":"Sonoraenequipo.com.mx"},"image":{"@id":"https:\/\/www.sonoraenequipo.com.mx\/#\/schema\/logo\/image\/"},"sameAs":["https:\/\/www.facebook.com\/SonoraEE\/","https:\/\/x.com\/sonoraenequipo","https:\/\/www.youtube.com\/channel\/UC338nW-lPEYmJQs4ZABQ1SQ"]},{"@type":"Person","@id":"https:\/\/www.sonoraenequipo.com.mx\/#\/schema\/person\/50102df0fb23a8fa9e8effad8fa81386","name":"enequipo","image":{"@type":"ImageObject","inLanguage":"es","@id":"https:\/\/www.sonoraenequipo.com.mx\/#\/schema\/person\/image\/","url":"https:\/\/secure.gravatar.com\/avatar\/049821681b589dabc0bc20695993ccebb09f5b5d4d790cd9251b97faac7c652b?s=96&d=blank&r=g","contentUrl":"https:\/\/secure.gravatar.com\/avatar\/049821681b589dabc0bc20695993ccebb09f5b5d4d790cd9251b97faac7c652b?s=96&d=blank&r=g","caption":"enequipo"},"sameAs":["https:\/\/www.facebook.com\/SonoraEE"]}]}},"jetpack_featured_media_url":"https:\/\/www.sonoraenequipo.com.mx\/storage\/2021\/06\/Edgar-Palomino-Ayon-Cucurpe_opt.jpg","_links":{"self":[{"href":"https:\/\/www.sonoraenequipo.com.mx\/api\/wp\/v2\/posts\/116102","targetHints":{"allow":["GET"]}}],"collection":[{"href":"https:\/\/www.sonoraenequipo.com.mx\/api\/wp\/v2\/posts"}],"about":[{"href":"https:\/\/www.sonoraenequipo.com.mx\/api\/wp\/v2\/types\/post"}],"author":[{"embeddable":true,"href":"https:\/\/www.sonoraenequipo.com.mx\/api\/wp\/v2\/users\/1"}],"replies":[{"embeddable":true,"href":"https:\/\/www.sonoraenequipo.com.mx\/api\/wp\/v2\/comments?post=116102"}],"version-history":[{"count":2,"href":"https:\/\/www.sonoraenequipo.com.mx\/api\/wp\/v2\/posts\/116102\/revisions"}],"predecessor-version":[{"id":116111,"href":"https:\/\/www.sonoraenequipo.com.mx\/api\/wp\/v2\/posts\/116102\/revisions\/116111"}],"wp:featuredmedia":[{"embeddable":true,"href":"https:\/\/www.sonoraenequipo.com.mx\/api\/wp\/v2\/media\/116105"}],"wp:attachment":[{"href":"https:\/\/www.sonoraenequipo.com.mx\/api\/wp\/v2\/media?parent=116102"}],"wp:term":[{"taxonomy":"category","embeddable":true,"href":"https:\/\/www.sonoraenequipo.com.mx\/api\/wp\/v2\/categories?post=116102"},{"taxonomy":"post_tag","embeddable":true,"href":"https:\/\/www.sonoraenequipo.com.mx\/api\/wp\/v2\/tags?post=116102"}],"curies":[{"name":"wp","href":"https:\/\/api.w.org\/{rel}","templated":true}]}}