{"id":116118,"date":"2021-06-11T06:00:17","date_gmt":"2021-06-11T13:00:17","guid":{"rendered":"https:\/\/www.sonoraenequipo.com.mx\/?p=116118"},"modified":"2021-06-11T09:40:01","modified_gmt":"2021-06-11T16:40:01","slug":"emma-coronel-se-declaro-culpable-por-tres-delitos-relacionados-con-narcotrafico","status":"publish","type":"post","link":"https:\/\/www.sonoraenequipo.com.mx\/emma-coronel-se-declaro-culpable-por-tres-delitos-relacionados-con-narcotrafico\/","title":{"rendered":"Emma Coronel se declar\u00f3 culpable por tres delitos relacionados con narcotr\u00e1fico"},"content":{"rendered":"<p>NUEVA YORK.- Emma Coronel, la esposa del narcotraficante mexicano Joaqu\u00edn \u00abEl Chapo\u00bb Guzm\u00e1n, se declar\u00f3 este jueves culpable de tres delitos relacionados con el narcotr\u00e1fico en un juzgado del distrito de Washington DC tras un acuerdo con la Justicia de Estados Unidos.<\/p>\n<p>&nbsp;<\/p>\n<p> <\/p>\n<p>&nbsp;<\/p>\n<p>Coronel, cuyo caso fue desclasificado la noche del mi\u00e9rcoles por orden judicial, est\u00e1 acusada de dos delitos de conspiraci\u00f3n, uno para distribuir narc\u00f3ticos en EE.UU. y otro para blanquear dinero, y un tercer delito por realizar operaciones con propiedades de un narcotraficante extranjero importante.<\/p>\n<p>&nbsp;<\/p>\n<p>&nbsp;<\/p>\n<p>La esposa del exl\u00edder del c\u00e1rtel de Sinaloa, de 31 a\u00f1os y con doble nacionalidad mexicana y estadounidense, respondi\u00f3 escuetamente al juez Rudolph Contreras, que acept\u00f3 su declaraci\u00f3n, en una vista retransmitida por tel\u00e9fono en la que tambi\u00e9n dijo haber colaborado en las actividades y el escape de prisi\u00f3n de su marido en M\u00e9xico en 2015.<\/p>\n<p>&nbsp;<\/p>\n<p>&nbsp;<\/p>\n<p>(Publicada el 10\/06\/2021\/EFE)<\/p>\n","protected":false},"excerpt":{"rendered":"<p>NUEVA YORK.- Emma Coronel, la esposa del narcotraficante mexicano Joaqu\u00edn \u00abEl Chapo\u00bb Guzm\u00e1n, se declar\u00f3&#8230;<\/p>\n","protected":false},"author":1,"featured_media":116119,"comment_status":"open","ping_status":"open","sticky":false,"template":"","format":"standard","meta":{"_monsterinsights_skip_tracking":false,"_monsterinsights_sitenote_active":false,"_monsterinsights_sitenote_note":"","_monsterinsights_sitenote_category":0,"footnotes":""},"categories":[3],"tags":[],"class_list":["post"],"yoast_head":" \n<title>Sonora en Equipo. Emma Coronel se declar\u00f3 culpable por tres delitos relacionados con narcotr\u00e1fico MUNDO<\/title>\n<meta name=\"description\" content=\"NUEVA YORK.- Emma Coronel, la esposa del narcotraficante mexicano Joaqu\u00edn &quot;El Chapo&quot; Guzm\u00e1n, se declar\u00f3 este jueves culpable de tres delitos relacionados En Sonora en Equipo publicamos toda la informaci\u00f3n de Sonora, M\u00e9xico y el Mundo de manera oportuna y busca que la libertad de expresi\u00f3n sea real. Visita nuestro medio informativo publicado desde Hermosillo, Sonora. %\" \/>\n<meta name=\"robots\" content=\"index, follow, max-snippet:-1, max-image-preview:large, max-video-preview:-1\" \/>\n<link rel=\"canonical\" href=\"https:\/\/www.sonoraenequipo.com.mx\/emma-coronel-se-declaro-culpable-por-tres-delitos-relacionados-con-narcotrafico\/\" \/>\n<meta property=\"og:locale\" content=\"es_ES\" \/>\n<meta property=\"og:type\" content=\"article\" \/>\n<meta property=\"og:title\" content=\"Sonora en Equipo. Emma Coronel se declar\u00f3 culpable por tres delitos relacionados con narcotr\u00e1fico MUNDO\" \/>\n<meta property=\"og:description\" content=\"NUEVA YORK.- Emma Coronel, la esposa del narcotraficante mexicano Joaqu\u00edn &quot;El Chapo&quot; Guzm\u00e1n, se declar\u00f3 este jueves culpable de tres delitos relacionados En Sonora en Equipo publicamos toda la informaci\u00f3n de Sonora, M\u00e9xico y el Mundo de manera oportuna y busca que la libertad de expresi\u00f3n sea real. Visita nuestro medio informativo publicado desde Hermosillo, Sonora. %\" \/>\n<meta property=\"og:url\" content=\"https:\/\/www.sonoraenequipo.com.mx\/emma-coronel-se-declaro-culpable-por-tres-delitos-relacionados-con-narcotrafico\/\" \/>\n<meta property=\"og:site_name\" content=\"Sonora en Equipo.\" \/>\n<meta property=\"article:publisher\" content=\"https:\/\/www.facebook.com\/SonoraEE\/\" \/>\n<meta property=\"article:author\" content=\"https:\/\/www.facebook.com\/SonoraEE\" \/>\n<meta property=\"article:published_time\" content=\"2021-06-11T13:00:17+00:00\" \/>\n<meta property=\"article:modified_time\" content=\"2021-06-11T16:40:01+00:00\" \/>\n<meta property=\"og:image\" content=\"https:\/\/www.sonoraenequipo.com.mx\/storage\/2021\/06\/emma-coronel_opt-1.jpg\" \/>\n\t<meta property=\"og:image:width\" content=\"700\" \/>\n\t<meta property=\"og:image:height\" content=\"400\" \/>\n\t<meta property=\"og:image:type\" content=\"image\/jpeg\" \/>\n<meta name=\"author\" content=\"enequipo\" \/>\n<meta name=\"twitter:card\" content=\"summary_large_image\" \/>\n<meta name=\"twitter:creator\" content=\"@sonoraenequipo\" \/>\n<meta name=\"twitter:site\" content=\"@sonoraenequipo\" \/>\n<meta name=\"twitter:label1\" content=\"Escrito por\" \/>\n\t<meta name=\"twitter:data1\" content=\"enequipo\" \/>\n\t<meta name=\"twitter:label2\" content=\"Tiempo de lectura\" \/>\n\t<meta name=\"twitter:data2\" content=\"1 minuto\" \/>\n<script type=\"application\/ld+json\" class=\"yoast-schema-graph\">{\"@context\":\"https:\/\/schema.org\",\"@graph\":[{\"@type\":\"Article\",\"@id\":\"https:\/\/www.sonoraenequipo.com.mx\/emma-coronel-se-declaro-culpable-por-tres-delitos-relacionados-con-narcotrafico\/#article\",\"isPartOf\":{\"@id\":\"https:\/\/www.sonoraenequipo.com.mx\/emma-coronel-se-declaro-culpable-por-tres-delitos-relacionados-con-narcotrafico\/\"},\"author\":{\"name\":\"enequipo\",\"@id\":\"https:\/\/www.sonoraenequipo.com.mx\/#\/schema\/person\/50102df0fb23a8fa9e8effad8fa81386\"},\"headline\":\"Emma Coronel se declar\u00f3 culpable por tres delitos relacionados con narcotr\u00e1fico\",\"datePublished\":\"2021-06-11T13:00:17+00:00\",\"dateModified\":\"2021-06-11T16:40:01+00:00\",\"mainEntityOfPage\":{\"@id\":\"https:\/\/www.sonoraenequipo.com.mx\/emma-coronel-se-declaro-culpable-por-tres-delitos-relacionados-con-narcotrafico\/\"},\"wordCount\":177,\"commentCount\":0,\"publisher\":{\"@id\":\"https:\/\/www.sonoraenequipo.com.mx\/#organization\"},\"image\":{\"@id\":\"https:\/\/www.sonoraenequipo.com.mx\/emma-coronel-se-declaro-culpable-por-tres-delitos-relacionados-con-narcotrafico\/#primaryimage\"},\"thumbnailUrl\":\"https:\/\/www.sonoraenequipo.com.mx\/storage\/2021\/06\/emma-coronel_opt-1.jpg\",\"articleSection\":[\"MUNDO\"],\"inLanguage\":\"es\",\"potentialAction\":[{\"@type\":\"CommentAction\",\"name\":\"Comment\",\"target\":[\"https:\/\/www.sonoraenequipo.com.mx\/emma-coronel-se-declaro-culpable-por-tres-delitos-relacionados-con-narcotrafico\/#respond\"]}]},{\"@type\":\"WebPage\",\"@id\":\"https:\/\/www.sonoraenequipo.com.mx\/emma-coronel-se-declaro-culpable-por-tres-delitos-relacionados-con-narcotrafico\/\",\"url\":\"https:\/\/www.sonoraenequipo.com.mx\/emma-coronel-se-declaro-culpable-por-tres-delitos-relacionados-con-narcotrafico\/\",\"name\":\"Sonora en Equipo. Emma Coronel se declar\u00f3 culpable por tres delitos relacionados con narcotr\u00e1fico MUNDO\",\"isPartOf\":{\"@id\":\"https:\/\/www.sonoraenequipo.com.mx\/#website\"},\"primaryImageOfPage\":{\"@id\":\"https:\/\/www.sonoraenequipo.com.mx\/emma-coronel-se-declaro-culpable-por-tres-delitos-relacionados-con-narcotrafico\/#primaryimage\"},\"image\":{\"@id\":\"https:\/\/www.sonoraenequipo.com.mx\/emma-coronel-se-declaro-culpable-por-tres-delitos-relacionados-con-narcotrafico\/#primaryimage\"},\"thumbnailUrl\":\"https:\/\/www.sonoraenequipo.com.mx\/storage\/2021\/06\/emma-coronel_opt-1.jpg\",\"datePublished\":\"2021-06-11T13:00:17+00:00\",\"dateModified\":\"2021-06-11T16:40:01+00:00\",\"description\":\"NUEVA YORK.- Emma Coronel, la esposa del narcotraficante mexicano Joaqu\u00edn \\\"El Chapo\\\" Guzm\u00e1n, se declar\u00f3 este jueves culpable de tres delitos relacionados En Sonora en Equipo publicamos toda la informaci\u00f3n de Sonora, M\u00e9xico y el Mundo de manera oportuna y busca que la libertad de expresi\u00f3n sea real. Visita nuestro medio informativo publicado desde Hermosillo, Sonora. %\",\"breadcrumb\":{\"@id\":\"https:\/\/www.sonoraenequipo.com.mx\/emma-coronel-se-declaro-culpable-por-tres-delitos-relacionados-con-narcotrafico\/#breadcrumb\"},\"inLanguage\":\"es\",\"potentialAction\":[{\"@type\":\"ReadAction\",\"target\":[\"https:\/\/www.sonoraenequipo.com.mx\/emma-coronel-se-declaro-culpable-por-tres-delitos-relacionados-con-narcotrafico\/\"]}]},{\"@type\":\"ImageObject\",\"inLanguage\":\"es\",\"@id\":\"https:\/\/www.sonoraenequipo.com.mx\/emma-coronel-se-declaro-culpable-por-tres-delitos-relacionados-con-narcotrafico\/#primaryimage\",\"url\":\"https:\/\/www.sonoraenequipo.com.mx\/storage\/2021\/06\/emma-coronel_opt-1.jpg\",\"contentUrl\":\"https:\/\/www.sonoraenequipo.com.mx\/storage\/2021\/06\/emma-coronel_opt-1.jpg\",\"width\":700,\"height\":400},{\"@type\":\"BreadcrumbList\",\"@id\":\"https:\/\/www.sonoraenequipo.com.mx\/emma-coronel-se-declaro-culpable-por-tres-delitos-relacionados-con-narcotrafico\/#breadcrumb\",\"itemListElement\":[{\"@type\":\"ListItem\",\"position\":1,\"name\":\"Portada\",\"item\":\"https:\/\/www.sonoraenequipo.com.mx\/\"},{\"@type\":\"ListItem\",\"position\":2,\"name\":\"Emma Coronel se declar\u00f3 culpable por tres delitos relacionados con narcotr\u00e1fico\"}]},{\"@type\":\"WebSite\",\"@id\":\"https:\/\/www.sonoraenequipo.com.mx\/#website\",\"url\":\"https:\/\/www.sonoraenequipo.com.mx\/\",\"name\":\"Sonora en Equipo.\",\"description\":\"Diario en l\u00ednea con Noticias desde Hermosillo, Sonora\",\"publisher\":{\"@id\":\"https:\/\/www.sonoraenequipo.com.mx\/#organization\"},\"potentialAction\":[{\"@type\":\"SearchAction\",\"target\":{\"@type\":\"EntryPoint\",\"urlTemplate\":\"https:\/\/www.sonoraenequipo.com.mx\/?s={search_term_string}\"},\"query-input\":{\"@type\":\"PropertyValueSpecification\",\"valueRequired\":true,\"valueName\":\"search_term_string\"}}],\"inLanguage\":\"es\"},{\"@type\":\"Organization\",\"@id\":\"https:\/\/www.sonoraenequipo.com.mx\/#organization\",\"name\":\"Sonoraenequipo.com.mx\",\"url\":\"https:\/\/www.sonoraenequipo.com.mx\/\",\"logo\":{\"@type\":\"ImageObject\",\"inLanguage\":\"es\",\"@id\":\"https:\/\/www.sonoraenequipo.com.mx\/#\/schema\/logo\/image\/\",\"url\":\"https:\/\/www.sonoraenequipo.com.mx\/storage\/2019\/01\/sonoraenequipo_opt.png\",\"contentUrl\":\"https:\/\/www.sonoraenequipo.com.mx\/storage\/2019\/01\/sonoraenequipo_opt.png\",\"width\":375,\"height\":125,\"caption\":\"Sonoraenequipo.com.mx\"},\"image\":{\"@id\":\"https:\/\/www.sonoraenequipo.com.mx\/#\/schema\/logo\/image\/\"},\"sameAs\":[\"https:\/\/www.facebook.com\/SonoraEE\/\",\"https:\/\/x.com\/sonoraenequipo\",\"https:\/\/www.youtube.com\/channel\/UC338nW-lPEYmJQs4ZABQ1SQ\"]},{\"@type\":\"Person\",\"@id\":\"https:\/\/www.sonoraenequipo.com.mx\/#\/schema\/person\/50102df0fb23a8fa9e8effad8fa81386\",\"name\":\"enequipo\",\"image\":{\"@type\":\"ImageObject\",\"inLanguage\":\"es\",\"@id\":\"https:\/\/www.sonoraenequipo.com.mx\/#\/schema\/person\/image\/\",\"url\":\"https:\/\/secure.gravatar.com\/avatar\/049821681b589dabc0bc20695993ccebb09f5b5d4d790cd9251b97faac7c652b?s=96&d=blank&r=g\",\"contentUrl\":\"https:\/\/secure.gravatar.com\/avatar\/049821681b589dabc0bc20695993ccebb09f5b5d4d790cd9251b97faac7c652b?s=96&d=blank&r=g\",\"caption\":\"enequipo\"},\"sameAs\":[\"https:\/\/www.facebook.com\/SonoraEE\"]}]}<\/script>\n ","yoast_head_json":{"title":"Sonora en Equipo. Emma Coronel se declar\u00f3 culpable por tres delitos relacionados con narcotr\u00e1fico MUNDO","description":"NUEVA YORK.- Emma Coronel, la esposa del narcotraficante mexicano Joaqu\u00edn \"El Chapo\" Guzm\u00e1n, se declar\u00f3 este jueves culpable de tres delitos relacionados En Sonora en Equipo publicamos toda la informaci\u00f3n de Sonora, M\u00e9xico y el Mundo de manera oportuna y busca que la libertad de expresi\u00f3n sea real. Visita nuestro medio informativo publicado desde Hermosillo, Sonora. %","robots":{"index":"index","follow":"follow","max-snippet":"max-snippet:-1","max-image-preview":"max-image-preview:large","max-video-preview":"max-video-preview:-1"},"canonical":"https:\/\/www.sonoraenequipo.com.mx\/emma-coronel-se-declaro-culpable-por-tres-delitos-relacionados-con-narcotrafico\/","og_locale":"es_ES","og_type":"article","og_title":"Sonora en Equipo. Emma Coronel se declar\u00f3 culpable por tres delitos relacionados con narcotr\u00e1fico MUNDO","og_description":"NUEVA YORK.- Emma Coronel, la esposa del narcotraficante mexicano Joaqu\u00edn \"El Chapo\" Guzm\u00e1n, se declar\u00f3 este jueves culpable de tres delitos relacionados En Sonora en Equipo publicamos toda la informaci\u00f3n de Sonora, M\u00e9xico y el Mundo de manera oportuna y busca que la libertad de expresi\u00f3n sea real. Visita nuestro medio informativo publicado desde Hermosillo, Sonora. %","og_url":"https:\/\/www.sonoraenequipo.com.mx\/emma-coronel-se-declaro-culpable-por-tres-delitos-relacionados-con-narcotrafico\/","og_site_name":"Sonora en Equipo.","article_publisher":"https:\/\/www.facebook.com\/SonoraEE\/","article_author":"https:\/\/www.facebook.com\/SonoraEE","article_published_time":"2021-06-11T13:00:17+00:00","article_modified_time":"2021-06-11T16:40:01+00:00","og_image":[{"width":700,"height":400,"url":"https:\/\/www.sonoraenequipo.com.mx\/storage\/2021\/06\/emma-coronel_opt-1.jpg","type":"image\/jpeg"}],"author":"enequipo","twitter_card":"summary_large_image","twitter_creator":"@sonoraenequipo","twitter_site":"@sonoraenequipo","twitter_misc":{"Escrito por":"enequipo","Tiempo de lectura":"1 minuto"},"schema":{"@context":"https:\/\/schema.org","@graph":[{"@type":"Article","@id":"https:\/\/www.sonoraenequipo.com.mx\/emma-coronel-se-declaro-culpable-por-tres-delitos-relacionados-con-narcotrafico\/#article","isPartOf":{"@id":"https:\/\/www.sonoraenequipo.com.mx\/emma-coronel-se-declaro-culpable-por-tres-delitos-relacionados-con-narcotrafico\/"},"author":{"name":"enequipo","@id":"https:\/\/www.sonoraenequipo.com.mx\/#\/schema\/person\/50102df0fb23a8fa9e8effad8fa81386"},"headline":"Emma Coronel se declar\u00f3 culpable por tres delitos relacionados con narcotr\u00e1fico","datePublished":"2021-06-11T13:00:17+00:00","dateModified":"2021-06-11T16:40:01+00:00","mainEntityOfPage":{"@id":"https:\/\/www.sonoraenequipo.com.mx\/emma-coronel-se-declaro-culpable-por-tres-delitos-relacionados-con-narcotrafico\/"},"wordCount":177,"commentCount":0,"publisher":{"@id":"https:\/\/www.sonoraenequipo.com.mx\/#organization"},"image":{"@id":"https:\/\/www.sonoraenequipo.com.mx\/emma-coronel-se-declaro-culpable-por-tres-delitos-relacionados-con-narcotrafico\/#primaryimage"},"thumbnailUrl":"https:\/\/www.sonoraenequipo.com.mx\/storage\/2021\/06\/emma-coronel_opt-1.jpg","articleSection":["MUNDO"],"inLanguage":"es","potentialAction":[{"@type":"CommentAction","name":"Comment","target":["https:\/\/www.sonoraenequipo.com.mx\/emma-coronel-se-declaro-culpable-por-tres-delitos-relacionados-con-narcotrafico\/#respond"]}]},{"@type":"WebPage","@id":"https:\/\/www.sonoraenequipo.com.mx\/emma-coronel-se-declaro-culpable-por-tres-delitos-relacionados-con-narcotrafico\/","url":"https:\/\/www.sonoraenequipo.com.mx\/emma-coronel-se-declaro-culpable-por-tres-delitos-relacionados-con-narcotrafico\/","name":"Sonora en Equipo. Emma Coronel se declar\u00f3 culpable por tres delitos relacionados con narcotr\u00e1fico MUNDO","isPartOf":{"@id":"https:\/\/www.sonoraenequipo.com.mx\/#website"},"primaryImageOfPage":{"@id":"https:\/\/www.sonoraenequipo.com.mx\/emma-coronel-se-declaro-culpable-por-tres-delitos-relacionados-con-narcotrafico\/#primaryimage"},"image":{"@id":"https:\/\/www.sonoraenequipo.com.mx\/emma-coronel-se-declaro-culpable-por-tres-delitos-relacionados-con-narcotrafico\/#primaryimage"},"thumbnailUrl":"https:\/\/www.sonoraenequipo.com.mx\/storage\/2021\/06\/emma-coronel_opt-1.jpg","datePublished":"2021-06-11T13:00:17+00:00","dateModified":"2021-06-11T16:40:01+00:00","description":"NUEVA YORK.- Emma Coronel, la esposa del narcotraficante mexicano Joaqu\u00edn \"El Chapo\" Guzm\u00e1n, se declar\u00f3 este jueves culpable de tres delitos relacionados En Sonora en Equipo publicamos toda la informaci\u00f3n de Sonora, M\u00e9xico y el Mundo de manera oportuna y busca que la libertad de expresi\u00f3n sea real. Visita nuestro medio informativo publicado desde Hermosillo, Sonora. %","breadcrumb":{"@id":"https:\/\/www.sonoraenequipo.com.mx\/emma-coronel-se-declaro-culpable-por-tres-delitos-relacionados-con-narcotrafico\/#breadcrumb"},"inLanguage":"es","potentialAction":[{"@type":"ReadAction","target":["https:\/\/www.sonoraenequipo.com.mx\/emma-coronel-se-declaro-culpable-por-tres-delitos-relacionados-con-narcotrafico\/"]}]},{"@type":"ImageObject","inLanguage":"es","@id":"https:\/\/www.sonoraenequipo.com.mx\/emma-coronel-se-declaro-culpable-por-tres-delitos-relacionados-con-narcotrafico\/#primaryimage","url":"https:\/\/www.sonoraenequipo.com.mx\/storage\/2021\/06\/emma-coronel_opt-1.jpg","contentUrl":"https:\/\/www.sonoraenequipo.com.mx\/storage\/2021\/06\/emma-coronel_opt-1.jpg","width":700,"height":400},{"@type":"BreadcrumbList","@id":"https:\/\/www.sonoraenequipo.com.mx\/emma-coronel-se-declaro-culpable-por-tres-delitos-relacionados-con-narcotrafico\/#breadcrumb","itemListElement":[{"@type":"ListItem","position":1,"name":"Portada","item":"https:\/\/www.sonoraenequipo.com.mx\/"},{"@type":"ListItem","position":2,"name":"Emma Coronel se declar\u00f3 culpable por tres delitos relacionados con narcotr\u00e1fico"}]},{"@type":"WebSite","@id":"https:\/\/www.sonoraenequipo.com.mx\/#website","url":"https:\/\/www.sonoraenequipo.com.mx\/","name":"Sonora en Equipo.","description":"Diario en l\u00ednea con Noticias desde Hermosillo, Sonora","publisher":{"@id":"https:\/\/www.sonoraenequipo.com.mx\/#organization"},"potentialAction":[{"@type":"SearchAction","target":{"@type":"EntryPoint","urlTemplate":"https:\/\/www.sonoraenequipo.com.mx\/?s={search_term_string}"},"query-input":{"@type":"PropertyValueSpecification","valueRequired":true,"valueName":"search_term_string"}}],"inLanguage":"es"},{"@type":"Organization","@id":"https:\/\/www.sonoraenequipo.com.mx\/#organization","name":"Sonoraenequipo.com.mx","url":"https:\/\/www.sonoraenequipo.com.mx\/","logo":{"@type":"ImageObject","inLanguage":"es","@id":"https:\/\/www.sonoraenequipo.com.mx\/#\/schema\/logo\/image\/","url":"https:\/\/www.sonoraenequipo.com.mx\/storage\/2019\/01\/sonoraenequipo_opt.png","contentUrl":"https:\/\/www.sonoraenequipo.com.mx\/storage\/2019\/01\/sonoraenequipo_opt.png","width":375,"height":125,"caption":"Sonoraenequipo.com.mx"},"image":{"@id":"https:\/\/www.sonoraenequipo.com.mx\/#\/schema\/logo\/image\/"},"sameAs":["https:\/\/www.facebook.com\/SonoraEE\/","https:\/\/x.com\/sonoraenequipo","https:\/\/www.youtube.com\/channel\/UC338nW-lPEYmJQs4ZABQ1SQ"]},{"@type":"Person","@id":"https:\/\/www.sonoraenequipo.com.mx\/#\/schema\/person\/50102df0fb23a8fa9e8effad8fa81386","name":"enequipo","image":{"@type":"ImageObject","inLanguage":"es","@id":"https:\/\/www.sonoraenequipo.com.mx\/#\/schema\/person\/image\/","url":"https:\/\/secure.gravatar.com\/avatar\/049821681b589dabc0bc20695993ccebb09f5b5d4d790cd9251b97faac7c652b?s=96&d=blank&r=g","contentUrl":"https:\/\/secure.gravatar.com\/avatar\/049821681b589dabc0bc20695993ccebb09f5b5d4d790cd9251b97faac7c652b?s=96&d=blank&r=g","caption":"enequipo"},"sameAs":["https:\/\/www.facebook.com\/SonoraEE"]}]}},"jetpack_featured_media_url":"https:\/\/www.sonoraenequipo.com.mx\/storage\/2021\/06\/emma-coronel_opt-1.jpg","_links":{"self":[{"href":"https:\/\/www.sonoraenequipo.com.mx\/api\/wp\/v2\/posts\/116118","targetHints":{"allow":["GET"]}}],"collection":[{"href":"https:\/\/www.sonoraenequipo.com.mx\/api\/wp\/v2\/posts"}],"about":[{"href":"https:\/\/www.sonoraenequipo.com.mx\/api\/wp\/v2\/types\/post"}],"author":[{"embeddable":true,"href":"https:\/\/www.sonoraenequipo.com.mx\/api\/wp\/v2\/users\/1"}],"replies":[{"embeddable":true,"href":"https:\/\/www.sonoraenequipo.com.mx\/api\/wp\/v2\/comments?post=116118"}],"version-history":[{"count":1,"href":"https:\/\/www.sonoraenequipo.com.mx\/api\/wp\/v2\/posts\/116118\/revisions"}],"predecessor-version":[{"id":116121,"href":"https:\/\/www.sonoraenequipo.com.mx\/api\/wp\/v2\/posts\/116118\/revisions\/116121"}],"wp:featuredmedia":[{"embeddable":true,"href":"https:\/\/www.sonoraenequipo.com.mx\/api\/wp\/v2\/media\/116119"}],"wp:attachment":[{"href":"https:\/\/www.sonoraenequipo.com.mx\/api\/wp\/v2\/media?parent=116118"}],"wp:term":[{"taxonomy":"category","embeddable":true,"href":"https:\/\/www.sonoraenequipo.com.mx\/api\/wp\/v2\/categories?post=116118"},{"taxonomy":"post_tag","embeddable":true,"href":"https:\/\/www.sonoraenequipo.com.mx\/api\/wp\/v2\/tags?post=116118"}],"curies":[{"name":"wp","href":"https:\/\/api.w.org\/{rel}","templated":true}]}}