{"id":116122,"date":"2021-06-11T08:20:23","date_gmt":"2021-06-11T15:20:23","guid":{"rendered":"https:\/\/www.sonoraenequipo.com.mx\/?p=116122"},"modified":"2021-06-11T16:12:41","modified_gmt":"2021-06-11T23:12:41","slug":"puntualiza-sheinbaum-que-mienten-los-que-aseguran-que-la-4t-es-autoritaria","status":"publish","type":"post","link":"https:\/\/www.sonoraenequipo.com.mx\/puntualiza-sheinbaum-que-mienten-los-que-aseguran-que-la-4t-es-autoritaria\/","title":{"rendered":"Puntualiza Sheinbaum que mienten los que aseguran que la 4T es autoritaria"},"content":{"rendered":"<p>CDMX. M\u00c9XICO. \u2014 Mienten los que aseguran que el proyecto de la Cuarta Transformaci\u00f3n encabezado por el presidente Andr\u00e9s Manuel L\u00f3pez Obrador es autoritario, asegur\u00f3 la jefa de gobierno de la Ciudad de M\u00e9xico, Claudia Sheinbaum.<\/p>\n<p>&nbsp;<\/p>\n<p> <\/p>\n<p>Al encabezar -desde el Faro Cosmos- la Conmemoraci\u00f3n de los 50 a\u00f1os de la masacre del 10 de junio, la mandataria capitalina reconoci\u00f3 a quienes fueron participes del movimiento estudiantil ya que dijo, fueron ellos los que sembraron una parte fundamental de las libertades democr\u00e1ticas del pa\u00eds.<\/p>\n<p>Sostuvo que, aunque han pasado cinco d\u00e9cadas, no se debe olvidar a los gobiernos autoritarios, aquellos que por salvaguardar el poder estuvieron dispuestos a utilizar armas en contra de inocentes.<\/p>\n<p><em>\u201cDe ah\u00ed venimos, eso es lo que somos, eso es lo que es esta ciudad, y por eso hay que recordarlo todos los d\u00edas, porque no puede regresar un r\u00e9gimen autoritario, no puede regresar un r\u00e9gimen antidemocr\u00e1tico, represivo. Las distintas libertades que se han abierto con esta Cuarta Transformaci\u00f3n de la Rep\u00fablica \u2013que, desde una campa\u00f1a mentirosa, han dicho que es autoritaria\u2013 y, justamente, el reconocer y el revivir esta historia de lo que fue el autoritarismo en M\u00e9xico y de recordar lo que significa este r\u00e9gimen de libertades que se abre con la Cuarta Transformaci\u00f3n, es fundamental seguirlo repitiendo. Y que no se nos olvide hacer conciencia todos y cada uno de los d\u00edas\u201d,<\/em> se\u00f1al\u00f3 Claudia Sheinbaum.<\/p>\n<p>&nbsp;<\/p>\n<p>En el acto en el que se devel\u00f3 una placa para recordar a los j\u00f3venes que perdieron la vida a manos de integrantes del grupo paramilitar denominado<em> \u201cHalcones\u201d<\/em>, el subsecretario de Derechos Humanos, Poblaci\u00f3n y Migraci\u00f3n de la Secretar\u00eda de Gobernaci\u00f3n, Alejandro Encinas sostuvo que, aunque lo intentaron, ni Gustavo D\u00edaz Ordaz, ni Luis Echeverr\u00eda \u00c1lvarez lograron contener a una generaci\u00f3n que hoy forma parte de la transformaci\u00f3n de M\u00e9xico.<\/p>\n<p>&nbsp;<\/p>\n<p><em>\u201cInici\u00f3 una represi\u00f3n que pretend\u00eda exterminar todo tipo de disidencia pol\u00edtica. Sin embargo, se equivocaron y fracasaron, porque esa generaci\u00f3n del 68 como la generaci\u00f3n del 71, inici\u00f3 tambi\u00e9n una insurgencia pol\u00edtica por v\u00edas muy diversas de expresi\u00f3n que \u2013lo mismo, desde los grupos armados hasta esta ruptura pol\u00edtica y cultural de esta generaci\u00f3n\u2013, llev\u00f3 m\u00e1s adelante no solo una reforma pol\u00edtica para reconocer derechos y libertades, sino una transici\u00f3n que ha permitido la llegada de un Proyecto Transformador en nuestro pa\u00eds\u201d,<\/em> mencion\u00f3 Alejandro Encinas, subsecretario de Derechos Humanos, Poblaci\u00f3n y Migraci\u00f3n de la Segob.<\/p>\n<p>&nbsp;<\/p>\n<p>Encinas Rodr\u00edguez hizo entrega a Sheinbaum Pardo y a la historiadora Beatriz Guti\u00e9rrez M\u00fcller de un ejemplar del <em>\u201cInforme Hist\u00f3rico a la Sociedad Mexicana 2006<\/em>\u201d, que la Fiscal\u00eda Especial para Movimientos Sociales y Pol\u00edticos del Pasado realiz\u00f3 hace 15 a\u00f1os para conocer los hechos vinculados con los movimientos pol\u00edticos y sociales del pasado con la Guerra Sucia.<\/p>\n<p>&nbsp;<\/p>\n<p>En el evento tambi\u00e9n estuvieron presentes la fiscal general de Justicia de la Ciudad de M\u00e9xico, Ernestina Godoy; la secretaria de Educaci\u00f3n, Ciencia, Tecnolog\u00eda e Innovaci\u00f3n, Rosaura Ruiz, la secretaria de Cultura, Vanessa Boh\u00f3rquez; la rectora de la Universidad Aut\u00f3noma de la Ciudad de M\u00e9xico (UACM), Tania Rodr\u00edguez; y la directora de la Benem\u00e9rita Escuela Nacional de Maestros, Guadalupe Ugalde, as\u00ed como sobrevivientes de la masacre del 10 de junio de 1971.<\/p>\n<p>&nbsp;<\/p>\n<p>&nbsp;<\/p>\n<p>(Publicada el 11\/06\/2021 \/ Exc\u00e9lsior)<\/p>\n","protected":false},"excerpt":{"rendered":"<p>CDMX. M\u00c9XICO. \u2014 Mienten los que aseguran que el proyecto de la Cuarta Transformaci\u00f3n encabezado&#8230;<\/p>\n","protected":false},"author":1,"featured_media":116123,"comment_status":"open","ping_status":"open","sticky":false,"template":"","format":"standard","meta":{"_monsterinsights_skip_tracking":false,"_monsterinsights_sitenote_active":false,"_monsterinsights_sitenote_note":"","_monsterinsights_sitenote_category":0,"footnotes":""},"categories":[5],"tags":[],"class_list":["post"],"yoast_head":" \n<title>Sonora en Equipo. Puntualiza Sheinbaum que mienten los que aseguran que la 4T es autoritaria Rep\u00fablica<\/title>\n<meta name=\"description\" content=\"CDMX. M\u00c9XICO. \u2014 Mienten los que aseguran que el proyecto de la Cuarta Transformaci\u00f3n encabezado por el presidente Andr\u00e9s Manuel L\u00f3pez Obrador es En Sonora en Equipo publicamos toda la informaci\u00f3n de Sonora, M\u00e9xico y el Mundo de manera oportuna y busca que la libertad de expresi\u00f3n sea real. Visita nuestro medio informativo publicado desde Hermosillo, Sonora. %\" \/>\n<meta name=\"robots\" content=\"index, follow, max-snippet:-1, max-image-preview:large, max-video-preview:-1\" \/>\n<link rel=\"canonical\" href=\"https:\/\/www.sonoraenequipo.com.mx\/puntualiza-sheinbaum-que-mienten-los-que-aseguran-que-la-4t-es-autoritaria\/\" \/>\n<meta property=\"og:locale\" content=\"es_ES\" \/>\n<meta property=\"og:type\" content=\"article\" \/>\n<meta property=\"og:title\" content=\"Sonora en Equipo. Puntualiza Sheinbaum que mienten los que aseguran que la 4T es autoritaria Rep\u00fablica\" \/>\n<meta property=\"og:description\" content=\"CDMX. M\u00c9XICO. \u2014 Mienten los que aseguran que el proyecto de la Cuarta Transformaci\u00f3n encabezado por el presidente Andr\u00e9s Manuel L\u00f3pez Obrador es En Sonora en Equipo publicamos toda la informaci\u00f3n de Sonora, M\u00e9xico y el Mundo de manera oportuna y busca que la libertad de expresi\u00f3n sea real. Visita nuestro medio informativo publicado desde Hermosillo, Sonora. %\" \/>\n<meta property=\"og:url\" content=\"https:\/\/www.sonoraenequipo.com.mx\/puntualiza-sheinbaum-que-mienten-los-que-aseguran-que-la-4t-es-autoritaria\/\" \/>\n<meta property=\"og:site_name\" content=\"Sonora en Equipo.\" \/>\n<meta property=\"article:publisher\" content=\"https:\/\/www.facebook.com\/SonoraEE\/\" \/>\n<meta property=\"article:author\" content=\"https:\/\/www.facebook.com\/SonoraEE\" \/>\n<meta property=\"article:published_time\" content=\"2021-06-11T15:20:23+00:00\" \/>\n<meta property=\"article:modified_time\" content=\"2021-06-11T23:12:41+00:00\" \/>\n<meta property=\"og:image\" content=\"https:\/\/www.sonoraenequipo.com.mx\/storage\/2021\/06\/claudia-sheinbaum11_opt.jpg\" \/>\n\t<meta property=\"og:image:width\" content=\"700\" \/>\n\t<meta property=\"og:image:height\" content=\"400\" \/>\n\t<meta property=\"og:image:type\" content=\"image\/jpeg\" \/>\n<meta name=\"author\" content=\"enequipo\" \/>\n<meta name=\"twitter:card\" content=\"summary_large_image\" \/>\n<meta name=\"twitter:creator\" content=\"@sonoraenequipo\" \/>\n<meta name=\"twitter:site\" content=\"@sonoraenequipo\" \/>\n<meta name=\"twitter:label1\" content=\"Escrito por\" \/>\n\t<meta name=\"twitter:data1\" content=\"enequipo\" \/>\n\t<meta name=\"twitter:label2\" content=\"Tiempo de lectura\" \/>\n\t<meta name=\"twitter:data2\" content=\"3 minutos\" \/>\n<script type=\"application\/ld+json\" class=\"yoast-schema-graph\">{\"@context\":\"https:\/\/schema.org\",\"@graph\":[{\"@type\":\"Article\",\"@id\":\"https:\/\/www.sonoraenequipo.com.mx\/puntualiza-sheinbaum-que-mienten-los-que-aseguran-que-la-4t-es-autoritaria\/#article\",\"isPartOf\":{\"@id\":\"https:\/\/www.sonoraenequipo.com.mx\/puntualiza-sheinbaum-que-mienten-los-que-aseguran-que-la-4t-es-autoritaria\/\"},\"author\":{\"name\":\"enequipo\",\"@id\":\"https:\/\/www.sonoraenequipo.com.mx\/#\/schema\/person\/50102df0fb23a8fa9e8effad8fa81386\"},\"headline\":\"Puntualiza Sheinbaum que mienten los que aseguran que la 4T es autoritaria\",\"datePublished\":\"2021-06-11T15:20:23+00:00\",\"dateModified\":\"2021-06-11T23:12:41+00:00\",\"mainEntityOfPage\":{\"@id\":\"https:\/\/www.sonoraenequipo.com.mx\/puntualiza-sheinbaum-que-mienten-los-que-aseguran-que-la-4t-es-autoritaria\/\"},\"wordCount\":606,\"commentCount\":0,\"publisher\":{\"@id\":\"https:\/\/www.sonoraenequipo.com.mx\/#organization\"},\"image\":{\"@id\":\"https:\/\/www.sonoraenequipo.com.mx\/puntualiza-sheinbaum-que-mienten-los-que-aseguran-que-la-4t-es-autoritaria\/#primaryimage\"},\"thumbnailUrl\":\"https:\/\/www.sonoraenequipo.com.mx\/storage\/2021\/06\/claudia-sheinbaum11_opt.jpg\",\"articleSection\":[\"Rep\u00fablica\"],\"inLanguage\":\"es\",\"potentialAction\":[{\"@type\":\"CommentAction\",\"name\":\"Comment\",\"target\":[\"https:\/\/www.sonoraenequipo.com.mx\/puntualiza-sheinbaum-que-mienten-los-que-aseguran-que-la-4t-es-autoritaria\/#respond\"]}]},{\"@type\":\"WebPage\",\"@id\":\"https:\/\/www.sonoraenequipo.com.mx\/puntualiza-sheinbaum-que-mienten-los-que-aseguran-que-la-4t-es-autoritaria\/\",\"url\":\"https:\/\/www.sonoraenequipo.com.mx\/puntualiza-sheinbaum-que-mienten-los-que-aseguran-que-la-4t-es-autoritaria\/\",\"name\":\"Sonora en Equipo. Puntualiza Sheinbaum que mienten los que aseguran que la 4T es autoritaria Rep\u00fablica\",\"isPartOf\":{\"@id\":\"https:\/\/www.sonoraenequipo.com.mx\/#website\"},\"primaryImageOfPage\":{\"@id\":\"https:\/\/www.sonoraenequipo.com.mx\/puntualiza-sheinbaum-que-mienten-los-que-aseguran-que-la-4t-es-autoritaria\/#primaryimage\"},\"image\":{\"@id\":\"https:\/\/www.sonoraenequipo.com.mx\/puntualiza-sheinbaum-que-mienten-los-que-aseguran-que-la-4t-es-autoritaria\/#primaryimage\"},\"thumbnailUrl\":\"https:\/\/www.sonoraenequipo.com.mx\/storage\/2021\/06\/claudia-sheinbaum11_opt.jpg\",\"datePublished\":\"2021-06-11T15:20:23+00:00\",\"dateModified\":\"2021-06-11T23:12:41+00:00\",\"description\":\"CDMX. M\u00c9XICO. \u2014 Mienten los que aseguran que el proyecto de la Cuarta Transformaci\u00f3n encabezado por el presidente Andr\u00e9s Manuel L\u00f3pez Obrador es En Sonora en Equipo publicamos toda la informaci\u00f3n de Sonora, M\u00e9xico y el Mundo de manera oportuna y busca que la libertad de expresi\u00f3n sea real. Visita nuestro medio informativo publicado desde Hermosillo, Sonora. %\",\"breadcrumb\":{\"@id\":\"https:\/\/www.sonoraenequipo.com.mx\/puntualiza-sheinbaum-que-mienten-los-que-aseguran-que-la-4t-es-autoritaria\/#breadcrumb\"},\"inLanguage\":\"es\",\"potentialAction\":[{\"@type\":\"ReadAction\",\"target\":[\"https:\/\/www.sonoraenequipo.com.mx\/puntualiza-sheinbaum-que-mienten-los-que-aseguran-que-la-4t-es-autoritaria\/\"]}]},{\"@type\":\"ImageObject\",\"inLanguage\":\"es\",\"@id\":\"https:\/\/www.sonoraenequipo.com.mx\/puntualiza-sheinbaum-que-mienten-los-que-aseguran-que-la-4t-es-autoritaria\/#primaryimage\",\"url\":\"https:\/\/www.sonoraenequipo.com.mx\/storage\/2021\/06\/claudia-sheinbaum11_opt.jpg\",\"contentUrl\":\"https:\/\/www.sonoraenequipo.com.mx\/storage\/2021\/06\/claudia-sheinbaum11_opt.jpg\",\"width\":700,\"height\":400},{\"@type\":\"BreadcrumbList\",\"@id\":\"https:\/\/www.sonoraenequipo.com.mx\/puntualiza-sheinbaum-que-mienten-los-que-aseguran-que-la-4t-es-autoritaria\/#breadcrumb\",\"itemListElement\":[{\"@type\":\"ListItem\",\"position\":1,\"name\":\"Portada\",\"item\":\"https:\/\/www.sonoraenequipo.com.mx\/\"},{\"@type\":\"ListItem\",\"position\":2,\"name\":\"Puntualiza Sheinbaum que mienten los que aseguran que la 4T es autoritaria\"}]},{\"@type\":\"WebSite\",\"@id\":\"https:\/\/www.sonoraenequipo.com.mx\/#website\",\"url\":\"https:\/\/www.sonoraenequipo.com.mx\/\",\"name\":\"Sonora en Equipo.\",\"description\":\"Diario en l\u00ednea con Noticias desde Hermosillo, Sonora\",\"publisher\":{\"@id\":\"https:\/\/www.sonoraenequipo.com.mx\/#organization\"},\"potentialAction\":[{\"@type\":\"SearchAction\",\"target\":{\"@type\":\"EntryPoint\",\"urlTemplate\":\"https:\/\/www.sonoraenequipo.com.mx\/?s={search_term_string}\"},\"query-input\":{\"@type\":\"PropertyValueSpecification\",\"valueRequired\":true,\"valueName\":\"search_term_string\"}}],\"inLanguage\":\"es\"},{\"@type\":\"Organization\",\"@id\":\"https:\/\/www.sonoraenequipo.com.mx\/#organization\",\"name\":\"Sonoraenequipo.com.mx\",\"url\":\"https:\/\/www.sonoraenequipo.com.mx\/\",\"logo\":{\"@type\":\"ImageObject\",\"inLanguage\":\"es\",\"@id\":\"https:\/\/www.sonoraenequipo.com.mx\/#\/schema\/logo\/image\/\",\"url\":\"https:\/\/www.sonoraenequipo.com.mx\/storage\/2019\/01\/sonoraenequipo_opt.png\",\"contentUrl\":\"https:\/\/www.sonoraenequipo.com.mx\/storage\/2019\/01\/sonoraenequipo_opt.png\",\"width\":375,\"height\":125,\"caption\":\"Sonoraenequipo.com.mx\"},\"image\":{\"@id\":\"https:\/\/www.sonoraenequipo.com.mx\/#\/schema\/logo\/image\/\"},\"sameAs\":[\"https:\/\/www.facebook.com\/SonoraEE\/\",\"https:\/\/x.com\/sonoraenequipo\",\"https:\/\/www.youtube.com\/channel\/UC338nW-lPEYmJQs4ZABQ1SQ\"]},{\"@type\":\"Person\",\"@id\":\"https:\/\/www.sonoraenequipo.com.mx\/#\/schema\/person\/50102df0fb23a8fa9e8effad8fa81386\",\"name\":\"enequipo\",\"image\":{\"@type\":\"ImageObject\",\"inLanguage\":\"es\",\"@id\":\"https:\/\/www.sonoraenequipo.com.mx\/#\/schema\/person\/image\/\",\"url\":\"https:\/\/secure.gravatar.com\/avatar\/049821681b589dabc0bc20695993ccebb09f5b5d4d790cd9251b97faac7c652b?s=96&d=blank&r=g\",\"contentUrl\":\"https:\/\/secure.gravatar.com\/avatar\/049821681b589dabc0bc20695993ccebb09f5b5d4d790cd9251b97faac7c652b?s=96&d=blank&r=g\",\"caption\":\"enequipo\"},\"sameAs\":[\"https:\/\/www.facebook.com\/SonoraEE\"]}]}<\/script>\n ","yoast_head_json":{"title":"Sonora en Equipo. Puntualiza Sheinbaum que mienten los que aseguran que la 4T es autoritaria Rep\u00fablica","description":"CDMX. M\u00c9XICO. \u2014 Mienten los que aseguran que el proyecto de la Cuarta Transformaci\u00f3n encabezado por el presidente Andr\u00e9s Manuel L\u00f3pez Obrador es En Sonora en Equipo publicamos toda la informaci\u00f3n de Sonora, M\u00e9xico y el Mundo de manera oportuna y busca que la libertad de expresi\u00f3n sea real. Visita nuestro medio informativo publicado desde Hermosillo, Sonora. %","robots":{"index":"index","follow":"follow","max-snippet":"max-snippet:-1","max-image-preview":"max-image-preview:large","max-video-preview":"max-video-preview:-1"},"canonical":"https:\/\/www.sonoraenequipo.com.mx\/puntualiza-sheinbaum-que-mienten-los-que-aseguran-que-la-4t-es-autoritaria\/","og_locale":"es_ES","og_type":"article","og_title":"Sonora en Equipo. Puntualiza Sheinbaum que mienten los que aseguran que la 4T es autoritaria Rep\u00fablica","og_description":"CDMX. M\u00c9XICO. \u2014 Mienten los que aseguran que el proyecto de la Cuarta Transformaci\u00f3n encabezado por el presidente Andr\u00e9s Manuel L\u00f3pez Obrador es En Sonora en Equipo publicamos toda la informaci\u00f3n de Sonora, M\u00e9xico y el Mundo de manera oportuna y busca que la libertad de expresi\u00f3n sea real. Visita nuestro medio informativo publicado desde Hermosillo, Sonora. %","og_url":"https:\/\/www.sonoraenequipo.com.mx\/puntualiza-sheinbaum-que-mienten-los-que-aseguran-que-la-4t-es-autoritaria\/","og_site_name":"Sonora en Equipo.","article_publisher":"https:\/\/www.facebook.com\/SonoraEE\/","article_author":"https:\/\/www.facebook.com\/SonoraEE","article_published_time":"2021-06-11T15:20:23+00:00","article_modified_time":"2021-06-11T23:12:41+00:00","og_image":[{"width":700,"height":400,"url":"https:\/\/www.sonoraenequipo.com.mx\/storage\/2021\/06\/claudia-sheinbaum11_opt.jpg","type":"image\/jpeg"}],"author":"enequipo","twitter_card":"summary_large_image","twitter_creator":"@sonoraenequipo","twitter_site":"@sonoraenequipo","twitter_misc":{"Escrito por":"enequipo","Tiempo de lectura":"3 minutos"},"schema":{"@context":"https:\/\/schema.org","@graph":[{"@type":"Article","@id":"https:\/\/www.sonoraenequipo.com.mx\/puntualiza-sheinbaum-que-mienten-los-que-aseguran-que-la-4t-es-autoritaria\/#article","isPartOf":{"@id":"https:\/\/www.sonoraenequipo.com.mx\/puntualiza-sheinbaum-que-mienten-los-que-aseguran-que-la-4t-es-autoritaria\/"},"author":{"name":"enequipo","@id":"https:\/\/www.sonoraenequipo.com.mx\/#\/schema\/person\/50102df0fb23a8fa9e8effad8fa81386"},"headline":"Puntualiza Sheinbaum que mienten los que aseguran que la 4T es autoritaria","datePublished":"2021-06-11T15:20:23+00:00","dateModified":"2021-06-11T23:12:41+00:00","mainEntityOfPage":{"@id":"https:\/\/www.sonoraenequipo.com.mx\/puntualiza-sheinbaum-que-mienten-los-que-aseguran-que-la-4t-es-autoritaria\/"},"wordCount":606,"commentCount":0,"publisher":{"@id":"https:\/\/www.sonoraenequipo.com.mx\/#organization"},"image":{"@id":"https:\/\/www.sonoraenequipo.com.mx\/puntualiza-sheinbaum-que-mienten-los-que-aseguran-que-la-4t-es-autoritaria\/#primaryimage"},"thumbnailUrl":"https:\/\/www.sonoraenequipo.com.mx\/storage\/2021\/06\/claudia-sheinbaum11_opt.jpg","articleSection":["Rep\u00fablica"],"inLanguage":"es","potentialAction":[{"@type":"CommentAction","name":"Comment","target":["https:\/\/www.sonoraenequipo.com.mx\/puntualiza-sheinbaum-que-mienten-los-que-aseguran-que-la-4t-es-autoritaria\/#respond"]}]},{"@type":"WebPage","@id":"https:\/\/www.sonoraenequipo.com.mx\/puntualiza-sheinbaum-que-mienten-los-que-aseguran-que-la-4t-es-autoritaria\/","url":"https:\/\/www.sonoraenequipo.com.mx\/puntualiza-sheinbaum-que-mienten-los-que-aseguran-que-la-4t-es-autoritaria\/","name":"Sonora en Equipo. Puntualiza Sheinbaum que mienten los que aseguran que la 4T es autoritaria Rep\u00fablica","isPartOf":{"@id":"https:\/\/www.sonoraenequipo.com.mx\/#website"},"primaryImageOfPage":{"@id":"https:\/\/www.sonoraenequipo.com.mx\/puntualiza-sheinbaum-que-mienten-los-que-aseguran-que-la-4t-es-autoritaria\/#primaryimage"},"image":{"@id":"https:\/\/www.sonoraenequipo.com.mx\/puntualiza-sheinbaum-que-mienten-los-que-aseguran-que-la-4t-es-autoritaria\/#primaryimage"},"thumbnailUrl":"https:\/\/www.sonoraenequipo.com.mx\/storage\/2021\/06\/claudia-sheinbaum11_opt.jpg","datePublished":"2021-06-11T15:20:23+00:00","dateModified":"2021-06-11T23:12:41+00:00","description":"CDMX. M\u00c9XICO. \u2014 Mienten los que aseguran que el proyecto de la Cuarta Transformaci\u00f3n encabezado por el presidente Andr\u00e9s Manuel L\u00f3pez Obrador es En Sonora en Equipo publicamos toda la informaci\u00f3n de Sonora, M\u00e9xico y el Mundo de manera oportuna y busca que la libertad de expresi\u00f3n sea real. Visita nuestro medio informativo publicado desde Hermosillo, Sonora. %","breadcrumb":{"@id":"https:\/\/www.sonoraenequipo.com.mx\/puntualiza-sheinbaum-que-mienten-los-que-aseguran-que-la-4t-es-autoritaria\/#breadcrumb"},"inLanguage":"es","potentialAction":[{"@type":"ReadAction","target":["https:\/\/www.sonoraenequipo.com.mx\/puntualiza-sheinbaum-que-mienten-los-que-aseguran-que-la-4t-es-autoritaria\/"]}]},{"@type":"ImageObject","inLanguage":"es","@id":"https:\/\/www.sonoraenequipo.com.mx\/puntualiza-sheinbaum-que-mienten-los-que-aseguran-que-la-4t-es-autoritaria\/#primaryimage","url":"https:\/\/www.sonoraenequipo.com.mx\/storage\/2021\/06\/claudia-sheinbaum11_opt.jpg","contentUrl":"https:\/\/www.sonoraenequipo.com.mx\/storage\/2021\/06\/claudia-sheinbaum11_opt.jpg","width":700,"height":400},{"@type":"BreadcrumbList","@id":"https:\/\/www.sonoraenequipo.com.mx\/puntualiza-sheinbaum-que-mienten-los-que-aseguran-que-la-4t-es-autoritaria\/#breadcrumb","itemListElement":[{"@type":"ListItem","position":1,"name":"Portada","item":"https:\/\/www.sonoraenequipo.com.mx\/"},{"@type":"ListItem","position":2,"name":"Puntualiza Sheinbaum que mienten los que aseguran que la 4T es autoritaria"}]},{"@type":"WebSite","@id":"https:\/\/www.sonoraenequipo.com.mx\/#website","url":"https:\/\/www.sonoraenequipo.com.mx\/","name":"Sonora en Equipo.","description":"Diario en l\u00ednea con Noticias desde Hermosillo, Sonora","publisher":{"@id":"https:\/\/www.sonoraenequipo.com.mx\/#organization"},"potentialAction":[{"@type":"SearchAction","target":{"@type":"EntryPoint","urlTemplate":"https:\/\/www.sonoraenequipo.com.mx\/?s={search_term_string}"},"query-input":{"@type":"PropertyValueSpecification","valueRequired":true,"valueName":"search_term_string"}}],"inLanguage":"es"},{"@type":"Organization","@id":"https:\/\/www.sonoraenequipo.com.mx\/#organization","name":"Sonoraenequipo.com.mx","url":"https:\/\/www.sonoraenequipo.com.mx\/","logo":{"@type":"ImageObject","inLanguage":"es","@id":"https:\/\/www.sonoraenequipo.com.mx\/#\/schema\/logo\/image\/","url":"https:\/\/www.sonoraenequipo.com.mx\/storage\/2019\/01\/sonoraenequipo_opt.png","contentUrl":"https:\/\/www.sonoraenequipo.com.mx\/storage\/2019\/01\/sonoraenequipo_opt.png","width":375,"height":125,"caption":"Sonoraenequipo.com.mx"},"image":{"@id":"https:\/\/www.sonoraenequipo.com.mx\/#\/schema\/logo\/image\/"},"sameAs":["https:\/\/www.facebook.com\/SonoraEE\/","https:\/\/x.com\/sonoraenequipo","https:\/\/www.youtube.com\/channel\/UC338nW-lPEYmJQs4ZABQ1SQ"]},{"@type":"Person","@id":"https:\/\/www.sonoraenequipo.com.mx\/#\/schema\/person\/50102df0fb23a8fa9e8effad8fa81386","name":"enequipo","image":{"@type":"ImageObject","inLanguage":"es","@id":"https:\/\/www.sonoraenequipo.com.mx\/#\/schema\/person\/image\/","url":"https:\/\/secure.gravatar.com\/avatar\/049821681b589dabc0bc20695993ccebb09f5b5d4d790cd9251b97faac7c652b?s=96&d=blank&r=g","contentUrl":"https:\/\/secure.gravatar.com\/avatar\/049821681b589dabc0bc20695993ccebb09f5b5d4d790cd9251b97faac7c652b?s=96&d=blank&r=g","caption":"enequipo"},"sameAs":["https:\/\/www.facebook.com\/SonoraEE"]}]}},"jetpack_featured_media_url":"https:\/\/www.sonoraenequipo.com.mx\/storage\/2021\/06\/claudia-sheinbaum11_opt.jpg","_links":{"self":[{"href":"https:\/\/www.sonoraenequipo.com.mx\/api\/wp\/v2\/posts\/116122","targetHints":{"allow":["GET"]}}],"collection":[{"href":"https:\/\/www.sonoraenequipo.com.mx\/api\/wp\/v2\/posts"}],"about":[{"href":"https:\/\/www.sonoraenequipo.com.mx\/api\/wp\/v2\/types\/post"}],"author":[{"embeddable":true,"href":"https:\/\/www.sonoraenequipo.com.mx\/api\/wp\/v2\/users\/1"}],"replies":[{"embeddable":true,"href":"https:\/\/www.sonoraenequipo.com.mx\/api\/wp\/v2\/comments?post=116122"}],"version-history":[{"count":1,"href":"https:\/\/www.sonoraenequipo.com.mx\/api\/wp\/v2\/posts\/116122\/revisions"}],"predecessor-version":[{"id":116124,"href":"https:\/\/www.sonoraenequipo.com.mx\/api\/wp\/v2\/posts\/116122\/revisions\/116124"}],"wp:featuredmedia":[{"embeddable":true,"href":"https:\/\/www.sonoraenequipo.com.mx\/api\/wp\/v2\/media\/116123"}],"wp:attachment":[{"href":"https:\/\/www.sonoraenequipo.com.mx\/api\/wp\/v2\/media?parent=116122"}],"wp:term":[{"taxonomy":"category","embeddable":true,"href":"https:\/\/www.sonoraenequipo.com.mx\/api\/wp\/v2\/categories?post=116122"},{"taxonomy":"post_tag","embeddable":true,"href":"https:\/\/www.sonoraenequipo.com.mx\/api\/wp\/v2\/tags?post=116122"}],"curies":[{"name":"wp","href":"https:\/\/api.w.org\/{rel}","templated":true}]}}