{"id":116140,"date":"2021-06-11T07:50:34","date_gmt":"2021-06-11T14:50:34","guid":{"rendered":"https:\/\/www.sonoraenequipo.com.mx\/?p=116140"},"modified":"2021-06-11T18:37:19","modified_gmt":"2021-06-12T01:37:19","slug":"puntualiza-delfina-gomez-que-desercion-escolar-en-mexico-por-pandemia-fue-del-2-5","status":"publish","type":"post","link":"https:\/\/www.sonoraenequipo.com.mx\/puntualiza-delfina-gomez-que-desercion-escolar-en-mexico-por-pandemia-fue-del-2-5\/","title":{"rendered":"Puntualiza Delfina G\u00f3mez que deserci\u00f3n escolar en M\u00e9xico por pandemia fue del 2.5%"},"content":{"rendered":"<p>CIUDAD DE M\u00c9XICO.MX. \u2014 La secretaria de Educaci\u00f3n P\u00fablica, Delfina G\u00f3mez, confirm\u00f3 que la tasa de deserci\u00f3n escolar por la pandemia de COVID-19 en M\u00e9xico fue de 2.5 por ciento, y no de 5 por ciento como se calcul\u00f3.<\/p>\n<p>&nbsp;<\/p>\n<p> <\/p>\n<p>En entrevista para Milenio, la titular de la SEP resalt\u00f3 que se revisa la plantilla docente para conocer cu\u00e1ntos maestros podr\u00edan jubilarse debido a su situaci\u00f3n de salud.<\/p>\n<p>&nbsp;<\/p>\n<p><em>\u201cEstamos haciendo un an\u00e1lisis de la cantidad de abandono escolar, tenemos algunos datos sentimos que es una reducci\u00f3n del 2.5 por ciento, no del cinco por ciento como se manej\u00f3. Se esta identificando a esos peque\u00f1os que abandonaron la escuela\u201d,<\/em> se\u00f1al\u00f3.<\/p>\n<p>&nbsp;<\/p>\n<p>La Encuesta para la Medici\u00f3n del Impacto del COVID-19 en la Educaci\u00f3n 2020 mostr\u00f3 que 5.2 millones de alumnos de 3 a 29 a\u00f1os no est\u00e1n inscritos por razones relacionadas con el COVID-19 que incluyen la falta de recursos.<\/p>\n<p>&nbsp;<\/p>\n<p>Esto representa el 9.6 por ciento de la poblaci\u00f3n total de esa edad.<\/p>\n<p>&nbsp;<\/p>\n<p>G\u00f3mez lament\u00f3 que los alumnos hubieran tenido que dejar la escuela por razones econ\u00f3micas y, asegur\u00f3 que se tratar\u00e1 de localizarlos para ofrecerles apoyo.<\/p>\n<p>&nbsp;<\/p>\n<p>La secretaria de Educaci\u00f3n se\u00f1al\u00f3 que la SEP se encuentra en comunicaci\u00f3n gobiernos locales para determinar la cantidad de docentes que han muerto a causa del virus o que padecen alguna enfermedad o condici\u00f3n que podr\u00eda poner en riesgo su regreso a las aulas.<\/p>\n<p>&nbsp;<\/p>\n<p>Resalt\u00f3 que debido a que antes de la pandemia un gran n\u00famero de profesores se encontraban en proceso de jubilaci\u00f3n por lo que piden informaci\u00f3n a las secretar\u00edas de educaci\u00f3n locales para calcular el n\u00famero de interinatos que se deber\u00e1n cubrir por la falta de docentes.<\/p>\n<p>&nbsp;<\/p>\n<p>(Publicada el 11\/06\/2021)<\/p>\n","protected":false},"excerpt":{"rendered":"<p>CIUDAD DE M\u00c9XICO.MX. \u2014 La secretaria de Educaci\u00f3n P\u00fablica, Delfina G\u00f3mez, confirm\u00f3 que la tasa&#8230;<\/p>\n","protected":false},"author":1,"featured_media":116141,"comment_status":"open","ping_status":"open","sticky":false,"template":"","format":"standard","meta":{"_monsterinsights_skip_tracking":false,"_monsterinsights_sitenote_active":false,"_monsterinsights_sitenote_note":"","_monsterinsights_sitenote_category":0,"footnotes":""},"categories":[5],"tags":[],"class_list":["post"],"yoast_head":" \n<title>Sonora en Equipo. Puntualiza Delfina G\u00f3mez que deserci\u00f3n escolar en M\u00e9xico por pandemia fue del 2.5% Rep\u00fablica<\/title>\n<meta name=\"description\" content=\"CIUDAD DE M\u00c9XICO.MX. \u2014 La secretaria de Educaci\u00f3n P\u00fablica, Delfina G\u00f3mez, confirm\u00f3 que la tasa de deserci\u00f3n escolar por la pandemia de COVID-19 en M\u00e9xico En Sonora en Equipo publicamos toda la informaci\u00f3n de Sonora, M\u00e9xico y el Mundo de manera oportuna y busca que la libertad de expresi\u00f3n sea real. Visita nuestro medio informativo publicado desde Hermosillo, Sonora. %\" \/>\n<meta name=\"robots\" content=\"index, follow, max-snippet:-1, max-image-preview:large, max-video-preview:-1\" \/>\n<link rel=\"canonical\" href=\"https:\/\/www.sonoraenequipo.com.mx\/puntualiza-delfina-gomez-que-desercion-escolar-en-mexico-por-pandemia-fue-del-2-5\/\" \/>\n<meta property=\"og:locale\" content=\"es_ES\" \/>\n<meta property=\"og:type\" content=\"article\" \/>\n<meta property=\"og:title\" content=\"Sonora en Equipo. Puntualiza Delfina G\u00f3mez que deserci\u00f3n escolar en M\u00e9xico por pandemia fue del 2.5% Rep\u00fablica\" \/>\n<meta property=\"og:description\" content=\"CIUDAD DE M\u00c9XICO.MX. \u2014 La secretaria de Educaci\u00f3n P\u00fablica, Delfina G\u00f3mez, confirm\u00f3 que la tasa de deserci\u00f3n escolar por la pandemia de COVID-19 en M\u00e9xico En Sonora en Equipo publicamos toda la informaci\u00f3n de Sonora, M\u00e9xico y el Mundo de manera oportuna y busca que la libertad de expresi\u00f3n sea real. Visita nuestro medio informativo publicado desde Hermosillo, Sonora. %\" \/>\n<meta property=\"og:url\" content=\"https:\/\/www.sonoraenequipo.com.mx\/puntualiza-delfina-gomez-que-desercion-escolar-en-mexico-por-pandemia-fue-del-2-5\/\" \/>\n<meta property=\"og:site_name\" content=\"Sonora en Equipo.\" \/>\n<meta property=\"article:publisher\" content=\"https:\/\/www.facebook.com\/SonoraEE\/\" \/>\n<meta property=\"article:author\" content=\"https:\/\/www.facebook.com\/SonoraEE\" \/>\n<meta property=\"article:published_time\" content=\"2021-06-11T14:50:34+00:00\" \/>\n<meta property=\"article:modified_time\" content=\"2021-06-12T01:37:19+00:00\" \/>\n<meta property=\"og:image\" content=\"https:\/\/www.sonoraenequipo.com.mx\/storage\/2021\/06\/desercion-escolar-en-mexico_opt.jpg\" \/>\n\t<meta property=\"og:image:width\" content=\"700\" \/>\n\t<meta property=\"og:image:height\" content=\"400\" \/>\n\t<meta property=\"og:image:type\" content=\"image\/jpeg\" \/>\n<meta name=\"author\" content=\"enequipo\" \/>\n<meta name=\"twitter:card\" content=\"summary_large_image\" \/>\n<meta name=\"twitter:creator\" content=\"@sonoraenequipo\" \/>\n<meta name=\"twitter:site\" content=\"@sonoraenequipo\" \/>\n<meta name=\"twitter:label1\" content=\"Escrito por\" \/>\n\t<meta name=\"twitter:data1\" content=\"enequipo\" \/>\n\t<meta name=\"twitter:label2\" content=\"Tiempo de lectura\" \/>\n\t<meta name=\"twitter:data2\" content=\"2 minutos\" \/>\n<script type=\"application\/ld+json\" class=\"yoast-schema-graph\">{\"@context\":\"https:\/\/schema.org\",\"@graph\":[{\"@type\":\"Article\",\"@id\":\"https:\/\/www.sonoraenequipo.com.mx\/puntualiza-delfina-gomez-que-desercion-escolar-en-mexico-por-pandemia-fue-del-2-5\/#article\",\"isPartOf\":{\"@id\":\"https:\/\/www.sonoraenequipo.com.mx\/puntualiza-delfina-gomez-que-desercion-escolar-en-mexico-por-pandemia-fue-del-2-5\/\"},\"author\":{\"name\":\"enequipo\",\"@id\":\"https:\/\/www.sonoraenequipo.com.mx\/#\/schema\/person\/50102df0fb23a8fa9e8effad8fa81386\"},\"headline\":\"Puntualiza Delfina G\u00f3mez que deserci\u00f3n escolar en M\u00e9xico por pandemia fue del 2.5%\",\"datePublished\":\"2021-06-11T14:50:34+00:00\",\"dateModified\":\"2021-06-12T01:37:19+00:00\",\"mainEntityOfPage\":{\"@id\":\"https:\/\/www.sonoraenequipo.com.mx\/puntualiza-delfina-gomez-que-desercion-escolar-en-mexico-por-pandemia-fue-del-2-5\/\"},\"wordCount\":323,\"commentCount\":0,\"publisher\":{\"@id\":\"https:\/\/www.sonoraenequipo.com.mx\/#organization\"},\"image\":{\"@id\":\"https:\/\/www.sonoraenequipo.com.mx\/puntualiza-delfina-gomez-que-desercion-escolar-en-mexico-por-pandemia-fue-del-2-5\/#primaryimage\"},\"thumbnailUrl\":\"https:\/\/www.sonoraenequipo.com.mx\/storage\/2021\/06\/desercion-escolar-en-mexico_opt.jpg\",\"articleSection\":[\"Rep\u00fablica\"],\"inLanguage\":\"es\",\"potentialAction\":[{\"@type\":\"CommentAction\",\"name\":\"Comment\",\"target\":[\"https:\/\/www.sonoraenequipo.com.mx\/puntualiza-delfina-gomez-que-desercion-escolar-en-mexico-por-pandemia-fue-del-2-5\/#respond\"]}]},{\"@type\":\"WebPage\",\"@id\":\"https:\/\/www.sonoraenequipo.com.mx\/puntualiza-delfina-gomez-que-desercion-escolar-en-mexico-por-pandemia-fue-del-2-5\/\",\"url\":\"https:\/\/www.sonoraenequipo.com.mx\/puntualiza-delfina-gomez-que-desercion-escolar-en-mexico-por-pandemia-fue-del-2-5\/\",\"name\":\"Sonora en Equipo. Puntualiza Delfina G\u00f3mez que deserci\u00f3n escolar en M\u00e9xico por pandemia fue del 2.5% Rep\u00fablica\",\"isPartOf\":{\"@id\":\"https:\/\/www.sonoraenequipo.com.mx\/#website\"},\"primaryImageOfPage\":{\"@id\":\"https:\/\/www.sonoraenequipo.com.mx\/puntualiza-delfina-gomez-que-desercion-escolar-en-mexico-por-pandemia-fue-del-2-5\/#primaryimage\"},\"image\":{\"@id\":\"https:\/\/www.sonoraenequipo.com.mx\/puntualiza-delfina-gomez-que-desercion-escolar-en-mexico-por-pandemia-fue-del-2-5\/#primaryimage\"},\"thumbnailUrl\":\"https:\/\/www.sonoraenequipo.com.mx\/storage\/2021\/06\/desercion-escolar-en-mexico_opt.jpg\",\"datePublished\":\"2021-06-11T14:50:34+00:00\",\"dateModified\":\"2021-06-12T01:37:19+00:00\",\"description\":\"CIUDAD DE M\u00c9XICO.MX. \u2014 La secretaria de Educaci\u00f3n P\u00fablica, Delfina G\u00f3mez, confirm\u00f3 que la tasa de deserci\u00f3n escolar por la pandemia de COVID-19 en M\u00e9xico En Sonora en Equipo publicamos toda la informaci\u00f3n de Sonora, M\u00e9xico y el Mundo de manera oportuna y busca que la libertad de expresi\u00f3n sea real. Visita nuestro medio informativo publicado desde Hermosillo, Sonora. %\",\"breadcrumb\":{\"@id\":\"https:\/\/www.sonoraenequipo.com.mx\/puntualiza-delfina-gomez-que-desercion-escolar-en-mexico-por-pandemia-fue-del-2-5\/#breadcrumb\"},\"inLanguage\":\"es\",\"potentialAction\":[{\"@type\":\"ReadAction\",\"target\":[\"https:\/\/www.sonoraenequipo.com.mx\/puntualiza-delfina-gomez-que-desercion-escolar-en-mexico-por-pandemia-fue-del-2-5\/\"]}]},{\"@type\":\"ImageObject\",\"inLanguage\":\"es\",\"@id\":\"https:\/\/www.sonoraenequipo.com.mx\/puntualiza-delfina-gomez-que-desercion-escolar-en-mexico-por-pandemia-fue-del-2-5\/#primaryimage\",\"url\":\"https:\/\/www.sonoraenequipo.com.mx\/storage\/2021\/06\/desercion-escolar-en-mexico_opt.jpg\",\"contentUrl\":\"https:\/\/www.sonoraenequipo.com.mx\/storage\/2021\/06\/desercion-escolar-en-mexico_opt.jpg\",\"width\":700,\"height\":400},{\"@type\":\"BreadcrumbList\",\"@id\":\"https:\/\/www.sonoraenequipo.com.mx\/puntualiza-delfina-gomez-que-desercion-escolar-en-mexico-por-pandemia-fue-del-2-5\/#breadcrumb\",\"itemListElement\":[{\"@type\":\"ListItem\",\"position\":1,\"name\":\"Portada\",\"item\":\"https:\/\/www.sonoraenequipo.com.mx\/\"},{\"@type\":\"ListItem\",\"position\":2,\"name\":\"Puntualiza Delfina G\u00f3mez que deserci\u00f3n escolar en M\u00e9xico por pandemia fue del 2.5%\"}]},{\"@type\":\"WebSite\",\"@id\":\"https:\/\/www.sonoraenequipo.com.mx\/#website\",\"url\":\"https:\/\/www.sonoraenequipo.com.mx\/\",\"name\":\"Sonora en Equipo.\",\"description\":\"Diario en l\u00ednea con Noticias desde Hermosillo, Sonora\",\"publisher\":{\"@id\":\"https:\/\/www.sonoraenequipo.com.mx\/#organization\"},\"potentialAction\":[{\"@type\":\"SearchAction\",\"target\":{\"@type\":\"EntryPoint\",\"urlTemplate\":\"https:\/\/www.sonoraenequipo.com.mx\/?s={search_term_string}\"},\"query-input\":{\"@type\":\"PropertyValueSpecification\",\"valueRequired\":true,\"valueName\":\"search_term_string\"}}],\"inLanguage\":\"es\"},{\"@type\":\"Organization\",\"@id\":\"https:\/\/www.sonoraenequipo.com.mx\/#organization\",\"name\":\"Sonoraenequipo.com.mx\",\"url\":\"https:\/\/www.sonoraenequipo.com.mx\/\",\"logo\":{\"@type\":\"ImageObject\",\"inLanguage\":\"es\",\"@id\":\"https:\/\/www.sonoraenequipo.com.mx\/#\/schema\/logo\/image\/\",\"url\":\"https:\/\/www.sonoraenequipo.com.mx\/storage\/2019\/01\/sonoraenequipo_opt.png\",\"contentUrl\":\"https:\/\/www.sonoraenequipo.com.mx\/storage\/2019\/01\/sonoraenequipo_opt.png\",\"width\":375,\"height\":125,\"caption\":\"Sonoraenequipo.com.mx\"},\"image\":{\"@id\":\"https:\/\/www.sonoraenequipo.com.mx\/#\/schema\/logo\/image\/\"},\"sameAs\":[\"https:\/\/www.facebook.com\/SonoraEE\/\",\"https:\/\/x.com\/sonoraenequipo\",\"https:\/\/www.youtube.com\/channel\/UC338nW-lPEYmJQs4ZABQ1SQ\"]},{\"@type\":\"Person\",\"@id\":\"https:\/\/www.sonoraenequipo.com.mx\/#\/schema\/person\/50102df0fb23a8fa9e8effad8fa81386\",\"name\":\"enequipo\",\"image\":{\"@type\":\"ImageObject\",\"inLanguage\":\"es\",\"@id\":\"https:\/\/www.sonoraenequipo.com.mx\/#\/schema\/person\/image\/\",\"url\":\"https:\/\/secure.gravatar.com\/avatar\/049821681b589dabc0bc20695993ccebb09f5b5d4d790cd9251b97faac7c652b?s=96&d=blank&r=g\",\"contentUrl\":\"https:\/\/secure.gravatar.com\/avatar\/049821681b589dabc0bc20695993ccebb09f5b5d4d790cd9251b97faac7c652b?s=96&d=blank&r=g\",\"caption\":\"enequipo\"},\"sameAs\":[\"https:\/\/www.facebook.com\/SonoraEE\"]}]}<\/script>\n ","yoast_head_json":{"title":"Sonora en Equipo. Puntualiza Delfina G\u00f3mez que deserci\u00f3n escolar en M\u00e9xico por pandemia fue del 2.5% Rep\u00fablica","description":"CIUDAD DE M\u00c9XICO.MX. \u2014 La secretaria de Educaci\u00f3n P\u00fablica, Delfina G\u00f3mez, confirm\u00f3 que la tasa de deserci\u00f3n escolar por la pandemia de COVID-19 en M\u00e9xico En Sonora en Equipo publicamos toda la informaci\u00f3n de Sonora, M\u00e9xico y el Mundo de manera oportuna y busca que la libertad de expresi\u00f3n sea real. Visita nuestro medio informativo publicado desde Hermosillo, Sonora. %","robots":{"index":"index","follow":"follow","max-snippet":"max-snippet:-1","max-image-preview":"max-image-preview:large","max-video-preview":"max-video-preview:-1"},"canonical":"https:\/\/www.sonoraenequipo.com.mx\/puntualiza-delfina-gomez-que-desercion-escolar-en-mexico-por-pandemia-fue-del-2-5\/","og_locale":"es_ES","og_type":"article","og_title":"Sonora en Equipo. Puntualiza Delfina G\u00f3mez que deserci\u00f3n escolar en M\u00e9xico por pandemia fue del 2.5% Rep\u00fablica","og_description":"CIUDAD DE M\u00c9XICO.MX. \u2014 La secretaria de Educaci\u00f3n P\u00fablica, Delfina G\u00f3mez, confirm\u00f3 que la tasa de deserci\u00f3n escolar por la pandemia de COVID-19 en M\u00e9xico En Sonora en Equipo publicamos toda la informaci\u00f3n de Sonora, M\u00e9xico y el Mundo de manera oportuna y busca que la libertad de expresi\u00f3n sea real. Visita nuestro medio informativo publicado desde Hermosillo, Sonora. %","og_url":"https:\/\/www.sonoraenequipo.com.mx\/puntualiza-delfina-gomez-que-desercion-escolar-en-mexico-por-pandemia-fue-del-2-5\/","og_site_name":"Sonora en Equipo.","article_publisher":"https:\/\/www.facebook.com\/SonoraEE\/","article_author":"https:\/\/www.facebook.com\/SonoraEE","article_published_time":"2021-06-11T14:50:34+00:00","article_modified_time":"2021-06-12T01:37:19+00:00","og_image":[{"width":700,"height":400,"url":"https:\/\/www.sonoraenequipo.com.mx\/storage\/2021\/06\/desercion-escolar-en-mexico_opt.jpg","type":"image\/jpeg"}],"author":"enequipo","twitter_card":"summary_large_image","twitter_creator":"@sonoraenequipo","twitter_site":"@sonoraenequipo","twitter_misc":{"Escrito por":"enequipo","Tiempo de lectura":"2 minutos"},"schema":{"@context":"https:\/\/schema.org","@graph":[{"@type":"Article","@id":"https:\/\/www.sonoraenequipo.com.mx\/puntualiza-delfina-gomez-que-desercion-escolar-en-mexico-por-pandemia-fue-del-2-5\/#article","isPartOf":{"@id":"https:\/\/www.sonoraenequipo.com.mx\/puntualiza-delfina-gomez-que-desercion-escolar-en-mexico-por-pandemia-fue-del-2-5\/"},"author":{"name":"enequipo","@id":"https:\/\/www.sonoraenequipo.com.mx\/#\/schema\/person\/50102df0fb23a8fa9e8effad8fa81386"},"headline":"Puntualiza Delfina G\u00f3mez que deserci\u00f3n escolar en M\u00e9xico por pandemia fue del 2.5%","datePublished":"2021-06-11T14:50:34+00:00","dateModified":"2021-06-12T01:37:19+00:00","mainEntityOfPage":{"@id":"https:\/\/www.sonoraenequipo.com.mx\/puntualiza-delfina-gomez-que-desercion-escolar-en-mexico-por-pandemia-fue-del-2-5\/"},"wordCount":323,"commentCount":0,"publisher":{"@id":"https:\/\/www.sonoraenequipo.com.mx\/#organization"},"image":{"@id":"https:\/\/www.sonoraenequipo.com.mx\/puntualiza-delfina-gomez-que-desercion-escolar-en-mexico-por-pandemia-fue-del-2-5\/#primaryimage"},"thumbnailUrl":"https:\/\/www.sonoraenequipo.com.mx\/storage\/2021\/06\/desercion-escolar-en-mexico_opt.jpg","articleSection":["Rep\u00fablica"],"inLanguage":"es","potentialAction":[{"@type":"CommentAction","name":"Comment","target":["https:\/\/www.sonoraenequipo.com.mx\/puntualiza-delfina-gomez-que-desercion-escolar-en-mexico-por-pandemia-fue-del-2-5\/#respond"]}]},{"@type":"WebPage","@id":"https:\/\/www.sonoraenequipo.com.mx\/puntualiza-delfina-gomez-que-desercion-escolar-en-mexico-por-pandemia-fue-del-2-5\/","url":"https:\/\/www.sonoraenequipo.com.mx\/puntualiza-delfina-gomez-que-desercion-escolar-en-mexico-por-pandemia-fue-del-2-5\/","name":"Sonora en Equipo. Puntualiza Delfina G\u00f3mez que deserci\u00f3n escolar en M\u00e9xico por pandemia fue del 2.5% Rep\u00fablica","isPartOf":{"@id":"https:\/\/www.sonoraenequipo.com.mx\/#website"},"primaryImageOfPage":{"@id":"https:\/\/www.sonoraenequipo.com.mx\/puntualiza-delfina-gomez-que-desercion-escolar-en-mexico-por-pandemia-fue-del-2-5\/#primaryimage"},"image":{"@id":"https:\/\/www.sonoraenequipo.com.mx\/puntualiza-delfina-gomez-que-desercion-escolar-en-mexico-por-pandemia-fue-del-2-5\/#primaryimage"},"thumbnailUrl":"https:\/\/www.sonoraenequipo.com.mx\/storage\/2021\/06\/desercion-escolar-en-mexico_opt.jpg","datePublished":"2021-06-11T14:50:34+00:00","dateModified":"2021-06-12T01:37:19+00:00","description":"CIUDAD DE M\u00c9XICO.MX. \u2014 La secretaria de Educaci\u00f3n P\u00fablica, Delfina G\u00f3mez, confirm\u00f3 que la tasa de deserci\u00f3n escolar por la pandemia de COVID-19 en M\u00e9xico En Sonora en Equipo publicamos toda la informaci\u00f3n de Sonora, M\u00e9xico y el Mundo de manera oportuna y busca que la libertad de expresi\u00f3n sea real. Visita nuestro medio informativo publicado desde Hermosillo, Sonora. %","breadcrumb":{"@id":"https:\/\/www.sonoraenequipo.com.mx\/puntualiza-delfina-gomez-que-desercion-escolar-en-mexico-por-pandemia-fue-del-2-5\/#breadcrumb"},"inLanguage":"es","potentialAction":[{"@type":"ReadAction","target":["https:\/\/www.sonoraenequipo.com.mx\/puntualiza-delfina-gomez-que-desercion-escolar-en-mexico-por-pandemia-fue-del-2-5\/"]}]},{"@type":"ImageObject","inLanguage":"es","@id":"https:\/\/www.sonoraenequipo.com.mx\/puntualiza-delfina-gomez-que-desercion-escolar-en-mexico-por-pandemia-fue-del-2-5\/#primaryimage","url":"https:\/\/www.sonoraenequipo.com.mx\/storage\/2021\/06\/desercion-escolar-en-mexico_opt.jpg","contentUrl":"https:\/\/www.sonoraenequipo.com.mx\/storage\/2021\/06\/desercion-escolar-en-mexico_opt.jpg","width":700,"height":400},{"@type":"BreadcrumbList","@id":"https:\/\/www.sonoraenequipo.com.mx\/puntualiza-delfina-gomez-que-desercion-escolar-en-mexico-por-pandemia-fue-del-2-5\/#breadcrumb","itemListElement":[{"@type":"ListItem","position":1,"name":"Portada","item":"https:\/\/www.sonoraenequipo.com.mx\/"},{"@type":"ListItem","position":2,"name":"Puntualiza Delfina G\u00f3mez que deserci\u00f3n escolar en M\u00e9xico por pandemia fue del 2.5%"}]},{"@type":"WebSite","@id":"https:\/\/www.sonoraenequipo.com.mx\/#website","url":"https:\/\/www.sonoraenequipo.com.mx\/","name":"Sonora en Equipo.","description":"Diario en l\u00ednea con Noticias desde Hermosillo, Sonora","publisher":{"@id":"https:\/\/www.sonoraenequipo.com.mx\/#organization"},"potentialAction":[{"@type":"SearchAction","target":{"@type":"EntryPoint","urlTemplate":"https:\/\/www.sonoraenequipo.com.mx\/?s={search_term_string}"},"query-input":{"@type":"PropertyValueSpecification","valueRequired":true,"valueName":"search_term_string"}}],"inLanguage":"es"},{"@type":"Organization","@id":"https:\/\/www.sonoraenequipo.com.mx\/#organization","name":"Sonoraenequipo.com.mx","url":"https:\/\/www.sonoraenequipo.com.mx\/","logo":{"@type":"ImageObject","inLanguage":"es","@id":"https:\/\/www.sonoraenequipo.com.mx\/#\/schema\/logo\/image\/","url":"https:\/\/www.sonoraenequipo.com.mx\/storage\/2019\/01\/sonoraenequipo_opt.png","contentUrl":"https:\/\/www.sonoraenequipo.com.mx\/storage\/2019\/01\/sonoraenequipo_opt.png","width":375,"height":125,"caption":"Sonoraenequipo.com.mx"},"image":{"@id":"https:\/\/www.sonoraenequipo.com.mx\/#\/schema\/logo\/image\/"},"sameAs":["https:\/\/www.facebook.com\/SonoraEE\/","https:\/\/x.com\/sonoraenequipo","https:\/\/www.youtube.com\/channel\/UC338nW-lPEYmJQs4ZABQ1SQ"]},{"@type":"Person","@id":"https:\/\/www.sonoraenequipo.com.mx\/#\/schema\/person\/50102df0fb23a8fa9e8effad8fa81386","name":"enequipo","image":{"@type":"ImageObject","inLanguage":"es","@id":"https:\/\/www.sonoraenequipo.com.mx\/#\/schema\/person\/image\/","url":"https:\/\/secure.gravatar.com\/avatar\/049821681b589dabc0bc20695993ccebb09f5b5d4d790cd9251b97faac7c652b?s=96&d=blank&r=g","contentUrl":"https:\/\/secure.gravatar.com\/avatar\/049821681b589dabc0bc20695993ccebb09f5b5d4d790cd9251b97faac7c652b?s=96&d=blank&r=g","caption":"enequipo"},"sameAs":["https:\/\/www.facebook.com\/SonoraEE"]}]}},"jetpack_featured_media_url":"https:\/\/www.sonoraenequipo.com.mx\/storage\/2021\/06\/desercion-escolar-en-mexico_opt.jpg","_links":{"self":[{"href":"https:\/\/www.sonoraenequipo.com.mx\/api\/wp\/v2\/posts\/116140","targetHints":{"allow":["GET"]}}],"collection":[{"href":"https:\/\/www.sonoraenequipo.com.mx\/api\/wp\/v2\/posts"}],"about":[{"href":"https:\/\/www.sonoraenequipo.com.mx\/api\/wp\/v2\/types\/post"}],"author":[{"embeddable":true,"href":"https:\/\/www.sonoraenequipo.com.mx\/api\/wp\/v2\/users\/1"}],"replies":[{"embeddable":true,"href":"https:\/\/www.sonoraenequipo.com.mx\/api\/wp\/v2\/comments?post=116140"}],"version-history":[{"count":1,"href":"https:\/\/www.sonoraenequipo.com.mx\/api\/wp\/v2\/posts\/116140\/revisions"}],"predecessor-version":[{"id":116142,"href":"https:\/\/www.sonoraenequipo.com.mx\/api\/wp\/v2\/posts\/116140\/revisions\/116142"}],"wp:featuredmedia":[{"embeddable":true,"href":"https:\/\/www.sonoraenequipo.com.mx\/api\/wp\/v2\/media\/116141"}],"wp:attachment":[{"href":"https:\/\/www.sonoraenequipo.com.mx\/api\/wp\/v2\/media?parent=116140"}],"wp:term":[{"taxonomy":"category","embeddable":true,"href":"https:\/\/www.sonoraenequipo.com.mx\/api\/wp\/v2\/categories?post=116140"},{"taxonomy":"post_tag","embeddable":true,"href":"https:\/\/www.sonoraenequipo.com.mx\/api\/wp\/v2\/tags?post=116140"}],"curies":[{"name":"wp","href":"https:\/\/api.w.org\/{rel}","templated":true}]}}