{"id":116477,"date":"2021-06-15T23:15:05","date_gmt":"2021-06-16T06:15:05","guid":{"rendered":"https:\/\/www.sonoraenequipo.com.mx\/?p=116477"},"modified":"2021-06-15T22:25:14","modified_gmt":"2021-06-16T05:25:14","slug":"cientificos-jovenes-transformaran-el-futuro-del-pais-ipn","status":"publish","type":"post","link":"https:\/\/www.sonoraenequipo.com.mx\/cientificos-jovenes-transformaran-el-futuro-del-pais-ipn\/","title":{"rendered":"Cient\u00edficos j\u00f3venes transformar\u00e1n el futuro del pa\u00eds: IPN"},"content":{"rendered":"<p>CIUDAD DE M\u00c9XICO. MX. \u2014 Las nuevas generaciones de cient\u00edficos ser\u00e1n las encargadas de transformar el futuro de M\u00e9xico, afirm\u00f3 el director general del Instituto Polit\u00e9cnico Nacional (IPN), Arturo Reyes Sandoval.<\/p>\n<p>&nbsp;<\/p>\n<p> <\/p>\n<p>&nbsp;<\/p>\n<p>El acad\u00e9mico encabez\u00f3, este martes, la ceremonia remota de premiaci\u00f3n a los Mejores Prototipos del Nivel Medio Superior del IPN 2021, en su edici\u00f3n n\u00famero 30, en la que participaron 231 proyectos.<\/p>\n<p>&nbsp;<\/p>\n<p>No duden en momento alguno, en llevar un paso adelante sus iniciativas, especialmente si se trata de servir y transformar a mayor bien las vidas de quienes m\u00e1s lo necesitan, cuentan con una s\u00f3lida formaci\u00f3n humana y t\u00e9cnica.<\/p>\n<p>&nbsp;<\/p>\n<p>&nbsp;<\/p>\n<p>Que junto con la experiencia adquirida en este certamen, sus nobles aspiraciones y perseverancia, constituyen el cincel y el mazo que dar\u00e1 luz a sus proyectos, y les llevar\u00e1n a trascender fronteras en M\u00e9xico y otras partes del mundo\u201d, expres\u00f3 Reyes Sandoval.<\/p>\n<p>&nbsp;<\/p>\n<p>&nbsp;<\/p>\n<p>Desde hace 30 a\u00f1os, la competencia Mejores Prototipos del Nivel Medio Superior del IPN convoca a los estudiantes a presentar proyectos, en diferentes \u00e1mbitos de la tecnolog\u00eda.<\/p>\n<p>&nbsp;<\/p>\n<p>&nbsp;<\/p>\n<p>En la categor\u00eda de mec\u00e1nica, el primer lugar fue para el Centro de Estudios Cient\u00edficos y Tecnol\u00f3gicos (CECyT) 2, \u201cMiguel Bernard\u201d, con el prototipo de m\u00e1quina tortilladora.<\/p>\n<p>&nbsp;<\/p>\n<p>&nbsp;<\/p>\n<p>En el rubro de software, el proyecto ganador fue para el plantel CECyT 9, \u201cJuan de Dios B\u00e1tiz\u201d, con prototipos denominados Onclass; y en la categor\u00eda de did\u00e1ctica, para el mismo planten con el proyecto \u201cMath Bee\u201d, entre otros premios.<\/p>\n<p>&nbsp;<\/p>\n<p>&nbsp;<\/p>\n<p>El director general del IPN, Reyes Sandoval, agreg\u00f3 que para este a\u00f1o se convoc\u00f3 a la comunidad polit\u00e9cnica a perfeccionar sus ideas y desarrollos, para llevarlos incluso a su escalamiento comercial, por lo que contar\u00e1n con el apoyo y orientaci\u00f3n de las autoridades acad\u00e9micas.<\/p>\n<p>&nbsp;<\/p>\n<p>&nbsp;<\/p>\n<p>Esa calidad formativa en la cual desde muy j\u00f3venes se ense\u00f1a a atacar los retos, a tratar de avanzar; se nos ense\u00f1a que, si no tiramos la toalla y nos esforzamos, podemos llegar a obtener grandes logros y un buen desarrollo en la vida\u201d, dijo.<\/p>\n<p>&nbsp;<\/p>\n<p>(Publicada el 15\/06\/2021)<\/p>\n","protected":false},"excerpt":{"rendered":"<p>CIUDAD DE M\u00c9XICO. MX. \u2014 Las nuevas generaciones de cient\u00edficos ser\u00e1n las encargadas de transformar&#8230;<\/p>\n","protected":false},"author":1,"featured_media":116478,"comment_status":"open","ping_status":"open","sticky":false,"template":"","format":"standard","meta":{"_monsterinsights_skip_tracking":false,"_monsterinsights_sitenote_active":false,"_monsterinsights_sitenote_note":"","_monsterinsights_sitenote_category":0,"footnotes":""},"categories":[5],"tags":[],"class_list":["post"],"yoast_head":" \n<title>Sonora en Equipo. Cient\u00edficos j\u00f3venes transformar\u00e1n el futuro del pa\u00eds: IPN Rep\u00fablica<\/title>\n<meta name=\"description\" content=\"CIUDAD DE M\u00c9XICO. MX. \u2014 Las nuevas generaciones de cient\u00edficos ser\u00e1n las encargadas de transformar el futuro de M\u00e9xico, afirm\u00f3 el director general del En Sonora en Equipo publicamos toda la informaci\u00f3n de Sonora, M\u00e9xico y el Mundo de manera oportuna y busca que la libertad de expresi\u00f3n sea real. Visita nuestro medio informativo publicado desde Hermosillo, Sonora. %\" \/>\n<meta name=\"robots\" content=\"index, follow, max-snippet:-1, max-image-preview:large, max-video-preview:-1\" \/>\n<link rel=\"canonical\" href=\"https:\/\/www.sonoraenequipo.com.mx\/cientificos-jovenes-transformaran-el-futuro-del-pais-ipn\/\" \/>\n<meta property=\"og:locale\" content=\"es_ES\" \/>\n<meta property=\"og:type\" content=\"article\" \/>\n<meta property=\"og:title\" content=\"Sonora en Equipo. Cient\u00edficos j\u00f3venes transformar\u00e1n el futuro del pa\u00eds: IPN Rep\u00fablica\" \/>\n<meta property=\"og:description\" content=\"CIUDAD DE M\u00c9XICO. MX. \u2014 Las nuevas generaciones de cient\u00edficos ser\u00e1n las encargadas de transformar el futuro de M\u00e9xico, afirm\u00f3 el director general del En Sonora en Equipo publicamos toda la informaci\u00f3n de Sonora, M\u00e9xico y el Mundo de manera oportuna y busca que la libertad de expresi\u00f3n sea real. Visita nuestro medio informativo publicado desde Hermosillo, Sonora. %\" \/>\n<meta property=\"og:url\" content=\"https:\/\/www.sonoraenequipo.com.mx\/cientificos-jovenes-transformaran-el-futuro-del-pais-ipn\/\" \/>\n<meta property=\"og:site_name\" content=\"Sonora en Equipo.\" \/>\n<meta property=\"article:publisher\" content=\"https:\/\/www.facebook.com\/SonoraEE\/\" \/>\n<meta property=\"article:author\" content=\"https:\/\/www.facebook.com\/SonoraEE\" \/>\n<meta property=\"article:published_time\" content=\"2021-06-16T06:15:05+00:00\" \/>\n<meta property=\"og:image\" content=\"https:\/\/www.sonoraenequipo.com.mx\/storage\/2021\/06\/politecnico-jovenes-futuro_opt.jpg\" \/>\n\t<meta property=\"og:image:width\" content=\"700\" \/>\n\t<meta property=\"og:image:height\" content=\"400\" \/>\n\t<meta property=\"og:image:type\" content=\"image\/jpeg\" \/>\n<meta name=\"author\" content=\"enequipo\" \/>\n<meta name=\"twitter:card\" content=\"summary_large_image\" \/>\n<meta name=\"twitter:creator\" content=\"@sonoraenequipo\" \/>\n<meta name=\"twitter:site\" content=\"@sonoraenequipo\" \/>\n<meta name=\"twitter:label1\" content=\"Escrito por\" \/>\n\t<meta name=\"twitter:data1\" content=\"enequipo\" \/>\n\t<meta name=\"twitter:label2\" content=\"Tiempo de lectura\" \/>\n\t<meta name=\"twitter:data2\" content=\"2 minutos\" \/>\n<script type=\"application\/ld+json\" class=\"yoast-schema-graph\">{\"@context\":\"https:\/\/schema.org\",\"@graph\":[{\"@type\":\"Article\",\"@id\":\"https:\/\/www.sonoraenequipo.com.mx\/cientificos-jovenes-transformaran-el-futuro-del-pais-ipn\/#article\",\"isPartOf\":{\"@id\":\"https:\/\/www.sonoraenequipo.com.mx\/cientificos-jovenes-transformaran-el-futuro-del-pais-ipn\/\"},\"author\":{\"name\":\"enequipo\",\"@id\":\"https:\/\/www.sonoraenequipo.com.mx\/#\/schema\/person\/50102df0fb23a8fa9e8effad8fa81386\"},\"headline\":\"Cient\u00edficos j\u00f3venes transformar\u00e1n el futuro del pa\u00eds: IPN\",\"datePublished\":\"2021-06-16T06:15:05+00:00\",\"mainEntityOfPage\":{\"@id\":\"https:\/\/www.sonoraenequipo.com.mx\/cientificos-jovenes-transformaran-el-futuro-del-pais-ipn\/\"},\"wordCount\":382,\"commentCount\":0,\"publisher\":{\"@id\":\"https:\/\/www.sonoraenequipo.com.mx\/#organization\"},\"image\":{\"@id\":\"https:\/\/www.sonoraenequipo.com.mx\/cientificos-jovenes-transformaran-el-futuro-del-pais-ipn\/#primaryimage\"},\"thumbnailUrl\":\"https:\/\/www.sonoraenequipo.com.mx\/storage\/2021\/06\/politecnico-jovenes-futuro_opt.jpg\",\"articleSection\":[\"Rep\u00fablica\"],\"inLanguage\":\"es\",\"potentialAction\":[{\"@type\":\"CommentAction\",\"name\":\"Comment\",\"target\":[\"https:\/\/www.sonoraenequipo.com.mx\/cientificos-jovenes-transformaran-el-futuro-del-pais-ipn\/#respond\"]}]},{\"@type\":\"WebPage\",\"@id\":\"https:\/\/www.sonoraenequipo.com.mx\/cientificos-jovenes-transformaran-el-futuro-del-pais-ipn\/\",\"url\":\"https:\/\/www.sonoraenequipo.com.mx\/cientificos-jovenes-transformaran-el-futuro-del-pais-ipn\/\",\"name\":\"Sonora en Equipo. Cient\u00edficos j\u00f3venes transformar\u00e1n el futuro del pa\u00eds: IPN Rep\u00fablica\",\"isPartOf\":{\"@id\":\"https:\/\/www.sonoraenequipo.com.mx\/#website\"},\"primaryImageOfPage\":{\"@id\":\"https:\/\/www.sonoraenequipo.com.mx\/cientificos-jovenes-transformaran-el-futuro-del-pais-ipn\/#primaryimage\"},\"image\":{\"@id\":\"https:\/\/www.sonoraenequipo.com.mx\/cientificos-jovenes-transformaran-el-futuro-del-pais-ipn\/#primaryimage\"},\"thumbnailUrl\":\"https:\/\/www.sonoraenequipo.com.mx\/storage\/2021\/06\/politecnico-jovenes-futuro_opt.jpg\",\"datePublished\":\"2021-06-16T06:15:05+00:00\",\"description\":\"CIUDAD DE M\u00c9XICO. MX. \u2014 Las nuevas generaciones de cient\u00edficos ser\u00e1n las encargadas de transformar el futuro de M\u00e9xico, afirm\u00f3 el director general del En Sonora en Equipo publicamos toda la informaci\u00f3n de Sonora, M\u00e9xico y el Mundo de manera oportuna y busca que la libertad de expresi\u00f3n sea real. Visita nuestro medio informativo publicado desde Hermosillo, Sonora. %\",\"breadcrumb\":{\"@id\":\"https:\/\/www.sonoraenequipo.com.mx\/cientificos-jovenes-transformaran-el-futuro-del-pais-ipn\/#breadcrumb\"},\"inLanguage\":\"es\",\"potentialAction\":[{\"@type\":\"ReadAction\",\"target\":[\"https:\/\/www.sonoraenequipo.com.mx\/cientificos-jovenes-transformaran-el-futuro-del-pais-ipn\/\"]}]},{\"@type\":\"ImageObject\",\"inLanguage\":\"es\",\"@id\":\"https:\/\/www.sonoraenequipo.com.mx\/cientificos-jovenes-transformaran-el-futuro-del-pais-ipn\/#primaryimage\",\"url\":\"https:\/\/www.sonoraenequipo.com.mx\/storage\/2021\/06\/politecnico-jovenes-futuro_opt.jpg\",\"contentUrl\":\"https:\/\/www.sonoraenequipo.com.mx\/storage\/2021\/06\/politecnico-jovenes-futuro_opt.jpg\",\"width\":700,\"height\":400},{\"@type\":\"BreadcrumbList\",\"@id\":\"https:\/\/www.sonoraenequipo.com.mx\/cientificos-jovenes-transformaran-el-futuro-del-pais-ipn\/#breadcrumb\",\"itemListElement\":[{\"@type\":\"ListItem\",\"position\":1,\"name\":\"Portada\",\"item\":\"https:\/\/www.sonoraenequipo.com.mx\/\"},{\"@type\":\"ListItem\",\"position\":2,\"name\":\"Cient\u00edficos j\u00f3venes transformar\u00e1n el futuro del pa\u00eds: IPN\"}]},{\"@type\":\"WebSite\",\"@id\":\"https:\/\/www.sonoraenequipo.com.mx\/#website\",\"url\":\"https:\/\/www.sonoraenequipo.com.mx\/\",\"name\":\"Sonora en Equipo.\",\"description\":\"Diario en l\u00ednea con Noticias desde Hermosillo, Sonora\",\"publisher\":{\"@id\":\"https:\/\/www.sonoraenequipo.com.mx\/#organization\"},\"potentialAction\":[{\"@type\":\"SearchAction\",\"target\":{\"@type\":\"EntryPoint\",\"urlTemplate\":\"https:\/\/www.sonoraenequipo.com.mx\/?s={search_term_string}\"},\"query-input\":{\"@type\":\"PropertyValueSpecification\",\"valueRequired\":true,\"valueName\":\"search_term_string\"}}],\"inLanguage\":\"es\"},{\"@type\":\"Organization\",\"@id\":\"https:\/\/www.sonoraenequipo.com.mx\/#organization\",\"name\":\"Sonoraenequipo.com.mx\",\"url\":\"https:\/\/www.sonoraenequipo.com.mx\/\",\"logo\":{\"@type\":\"ImageObject\",\"inLanguage\":\"es\",\"@id\":\"https:\/\/www.sonoraenequipo.com.mx\/#\/schema\/logo\/image\/\",\"url\":\"https:\/\/www.sonoraenequipo.com.mx\/storage\/2019\/01\/sonoraenequipo_opt.png\",\"contentUrl\":\"https:\/\/www.sonoraenequipo.com.mx\/storage\/2019\/01\/sonoraenequipo_opt.png\",\"width\":375,\"height\":125,\"caption\":\"Sonoraenequipo.com.mx\"},\"image\":{\"@id\":\"https:\/\/www.sonoraenequipo.com.mx\/#\/schema\/logo\/image\/\"},\"sameAs\":[\"https:\/\/www.facebook.com\/SonoraEE\/\",\"https:\/\/x.com\/sonoraenequipo\",\"https:\/\/www.youtube.com\/channel\/UC338nW-lPEYmJQs4ZABQ1SQ\"]},{\"@type\":\"Person\",\"@id\":\"https:\/\/www.sonoraenequipo.com.mx\/#\/schema\/person\/50102df0fb23a8fa9e8effad8fa81386\",\"name\":\"enequipo\",\"image\":{\"@type\":\"ImageObject\",\"inLanguage\":\"es\",\"@id\":\"https:\/\/www.sonoraenequipo.com.mx\/#\/schema\/person\/image\/\",\"url\":\"https:\/\/secure.gravatar.com\/avatar\/049821681b589dabc0bc20695993ccebb09f5b5d4d790cd9251b97faac7c652b?s=96&d=blank&r=g\",\"contentUrl\":\"https:\/\/secure.gravatar.com\/avatar\/049821681b589dabc0bc20695993ccebb09f5b5d4d790cd9251b97faac7c652b?s=96&d=blank&r=g\",\"caption\":\"enequipo\"},\"sameAs\":[\"https:\/\/www.facebook.com\/SonoraEE\"]}]}<\/script>\n ","yoast_head_json":{"title":"Sonora en Equipo. Cient\u00edficos j\u00f3venes transformar\u00e1n el futuro del pa\u00eds: IPN Rep\u00fablica","description":"CIUDAD DE M\u00c9XICO. MX. \u2014 Las nuevas generaciones de cient\u00edficos ser\u00e1n las encargadas de transformar el futuro de M\u00e9xico, afirm\u00f3 el director general del En Sonora en Equipo publicamos toda la informaci\u00f3n de Sonora, M\u00e9xico y el Mundo de manera oportuna y busca que la libertad de expresi\u00f3n sea real. Visita nuestro medio informativo publicado desde Hermosillo, Sonora. %","robots":{"index":"index","follow":"follow","max-snippet":"max-snippet:-1","max-image-preview":"max-image-preview:large","max-video-preview":"max-video-preview:-1"},"canonical":"https:\/\/www.sonoraenequipo.com.mx\/cientificos-jovenes-transformaran-el-futuro-del-pais-ipn\/","og_locale":"es_ES","og_type":"article","og_title":"Sonora en Equipo. Cient\u00edficos j\u00f3venes transformar\u00e1n el futuro del pa\u00eds: IPN Rep\u00fablica","og_description":"CIUDAD DE M\u00c9XICO. MX. \u2014 Las nuevas generaciones de cient\u00edficos ser\u00e1n las encargadas de transformar el futuro de M\u00e9xico, afirm\u00f3 el director general del En Sonora en Equipo publicamos toda la informaci\u00f3n de Sonora, M\u00e9xico y el Mundo de manera oportuna y busca que la libertad de expresi\u00f3n sea real. Visita nuestro medio informativo publicado desde Hermosillo, Sonora. %","og_url":"https:\/\/www.sonoraenequipo.com.mx\/cientificos-jovenes-transformaran-el-futuro-del-pais-ipn\/","og_site_name":"Sonora en Equipo.","article_publisher":"https:\/\/www.facebook.com\/SonoraEE\/","article_author":"https:\/\/www.facebook.com\/SonoraEE","article_published_time":"2021-06-16T06:15:05+00:00","og_image":[{"width":700,"height":400,"url":"https:\/\/www.sonoraenequipo.com.mx\/storage\/2021\/06\/politecnico-jovenes-futuro_opt.jpg","type":"image\/jpeg"}],"author":"enequipo","twitter_card":"summary_large_image","twitter_creator":"@sonoraenequipo","twitter_site":"@sonoraenequipo","twitter_misc":{"Escrito por":"enequipo","Tiempo de lectura":"2 minutos"},"schema":{"@context":"https:\/\/schema.org","@graph":[{"@type":"Article","@id":"https:\/\/www.sonoraenequipo.com.mx\/cientificos-jovenes-transformaran-el-futuro-del-pais-ipn\/#article","isPartOf":{"@id":"https:\/\/www.sonoraenequipo.com.mx\/cientificos-jovenes-transformaran-el-futuro-del-pais-ipn\/"},"author":{"name":"enequipo","@id":"https:\/\/www.sonoraenequipo.com.mx\/#\/schema\/person\/50102df0fb23a8fa9e8effad8fa81386"},"headline":"Cient\u00edficos j\u00f3venes transformar\u00e1n el futuro del pa\u00eds: IPN","datePublished":"2021-06-16T06:15:05+00:00","mainEntityOfPage":{"@id":"https:\/\/www.sonoraenequipo.com.mx\/cientificos-jovenes-transformaran-el-futuro-del-pais-ipn\/"},"wordCount":382,"commentCount":0,"publisher":{"@id":"https:\/\/www.sonoraenequipo.com.mx\/#organization"},"image":{"@id":"https:\/\/www.sonoraenequipo.com.mx\/cientificos-jovenes-transformaran-el-futuro-del-pais-ipn\/#primaryimage"},"thumbnailUrl":"https:\/\/www.sonoraenequipo.com.mx\/storage\/2021\/06\/politecnico-jovenes-futuro_opt.jpg","articleSection":["Rep\u00fablica"],"inLanguage":"es","potentialAction":[{"@type":"CommentAction","name":"Comment","target":["https:\/\/www.sonoraenequipo.com.mx\/cientificos-jovenes-transformaran-el-futuro-del-pais-ipn\/#respond"]}]},{"@type":"WebPage","@id":"https:\/\/www.sonoraenequipo.com.mx\/cientificos-jovenes-transformaran-el-futuro-del-pais-ipn\/","url":"https:\/\/www.sonoraenequipo.com.mx\/cientificos-jovenes-transformaran-el-futuro-del-pais-ipn\/","name":"Sonora en Equipo. Cient\u00edficos j\u00f3venes transformar\u00e1n el futuro del pa\u00eds: IPN Rep\u00fablica","isPartOf":{"@id":"https:\/\/www.sonoraenequipo.com.mx\/#website"},"primaryImageOfPage":{"@id":"https:\/\/www.sonoraenequipo.com.mx\/cientificos-jovenes-transformaran-el-futuro-del-pais-ipn\/#primaryimage"},"image":{"@id":"https:\/\/www.sonoraenequipo.com.mx\/cientificos-jovenes-transformaran-el-futuro-del-pais-ipn\/#primaryimage"},"thumbnailUrl":"https:\/\/www.sonoraenequipo.com.mx\/storage\/2021\/06\/politecnico-jovenes-futuro_opt.jpg","datePublished":"2021-06-16T06:15:05+00:00","description":"CIUDAD DE M\u00c9XICO. MX. \u2014 Las nuevas generaciones de cient\u00edficos ser\u00e1n las encargadas de transformar el futuro de M\u00e9xico, afirm\u00f3 el director general del En Sonora en Equipo publicamos toda la informaci\u00f3n de Sonora, M\u00e9xico y el Mundo de manera oportuna y busca que la libertad de expresi\u00f3n sea real. Visita nuestro medio informativo publicado desde Hermosillo, Sonora. %","breadcrumb":{"@id":"https:\/\/www.sonoraenequipo.com.mx\/cientificos-jovenes-transformaran-el-futuro-del-pais-ipn\/#breadcrumb"},"inLanguage":"es","potentialAction":[{"@type":"ReadAction","target":["https:\/\/www.sonoraenequipo.com.mx\/cientificos-jovenes-transformaran-el-futuro-del-pais-ipn\/"]}]},{"@type":"ImageObject","inLanguage":"es","@id":"https:\/\/www.sonoraenequipo.com.mx\/cientificos-jovenes-transformaran-el-futuro-del-pais-ipn\/#primaryimage","url":"https:\/\/www.sonoraenequipo.com.mx\/storage\/2021\/06\/politecnico-jovenes-futuro_opt.jpg","contentUrl":"https:\/\/www.sonoraenequipo.com.mx\/storage\/2021\/06\/politecnico-jovenes-futuro_opt.jpg","width":700,"height":400},{"@type":"BreadcrumbList","@id":"https:\/\/www.sonoraenequipo.com.mx\/cientificos-jovenes-transformaran-el-futuro-del-pais-ipn\/#breadcrumb","itemListElement":[{"@type":"ListItem","position":1,"name":"Portada","item":"https:\/\/www.sonoraenequipo.com.mx\/"},{"@type":"ListItem","position":2,"name":"Cient\u00edficos j\u00f3venes transformar\u00e1n el futuro del pa\u00eds: IPN"}]},{"@type":"WebSite","@id":"https:\/\/www.sonoraenequipo.com.mx\/#website","url":"https:\/\/www.sonoraenequipo.com.mx\/","name":"Sonora en Equipo.","description":"Diario en l\u00ednea con Noticias desde Hermosillo, Sonora","publisher":{"@id":"https:\/\/www.sonoraenequipo.com.mx\/#organization"},"potentialAction":[{"@type":"SearchAction","target":{"@type":"EntryPoint","urlTemplate":"https:\/\/www.sonoraenequipo.com.mx\/?s={search_term_string}"},"query-input":{"@type":"PropertyValueSpecification","valueRequired":true,"valueName":"search_term_string"}}],"inLanguage":"es"},{"@type":"Organization","@id":"https:\/\/www.sonoraenequipo.com.mx\/#organization","name":"Sonoraenequipo.com.mx","url":"https:\/\/www.sonoraenequipo.com.mx\/","logo":{"@type":"ImageObject","inLanguage":"es","@id":"https:\/\/www.sonoraenequipo.com.mx\/#\/schema\/logo\/image\/","url":"https:\/\/www.sonoraenequipo.com.mx\/storage\/2019\/01\/sonoraenequipo_opt.png","contentUrl":"https:\/\/www.sonoraenequipo.com.mx\/storage\/2019\/01\/sonoraenequipo_opt.png","width":375,"height":125,"caption":"Sonoraenequipo.com.mx"},"image":{"@id":"https:\/\/www.sonoraenequipo.com.mx\/#\/schema\/logo\/image\/"},"sameAs":["https:\/\/www.facebook.com\/SonoraEE\/","https:\/\/x.com\/sonoraenequipo","https:\/\/www.youtube.com\/channel\/UC338nW-lPEYmJQs4ZABQ1SQ"]},{"@type":"Person","@id":"https:\/\/www.sonoraenequipo.com.mx\/#\/schema\/person\/50102df0fb23a8fa9e8effad8fa81386","name":"enequipo","image":{"@type":"ImageObject","inLanguage":"es","@id":"https:\/\/www.sonoraenequipo.com.mx\/#\/schema\/person\/image\/","url":"https:\/\/secure.gravatar.com\/avatar\/049821681b589dabc0bc20695993ccebb09f5b5d4d790cd9251b97faac7c652b?s=96&d=blank&r=g","contentUrl":"https:\/\/secure.gravatar.com\/avatar\/049821681b589dabc0bc20695993ccebb09f5b5d4d790cd9251b97faac7c652b?s=96&d=blank&r=g","caption":"enequipo"},"sameAs":["https:\/\/www.facebook.com\/SonoraEE"]}]}},"jetpack_featured_media_url":"https:\/\/www.sonoraenequipo.com.mx\/storage\/2021\/06\/politecnico-jovenes-futuro_opt.jpg","_links":{"self":[{"href":"https:\/\/www.sonoraenequipo.com.mx\/api\/wp\/v2\/posts\/116477","targetHints":{"allow":["GET"]}}],"collection":[{"href":"https:\/\/www.sonoraenequipo.com.mx\/api\/wp\/v2\/posts"}],"about":[{"href":"https:\/\/www.sonoraenequipo.com.mx\/api\/wp\/v2\/types\/post"}],"author":[{"embeddable":true,"href":"https:\/\/www.sonoraenequipo.com.mx\/api\/wp\/v2\/users\/1"}],"replies":[{"embeddable":true,"href":"https:\/\/www.sonoraenequipo.com.mx\/api\/wp\/v2\/comments?post=116477"}],"version-history":[{"count":1,"href":"https:\/\/www.sonoraenequipo.com.mx\/api\/wp\/v2\/posts\/116477\/revisions"}],"predecessor-version":[{"id":116479,"href":"https:\/\/www.sonoraenequipo.com.mx\/api\/wp\/v2\/posts\/116477\/revisions\/116479"}],"wp:featuredmedia":[{"embeddable":true,"href":"https:\/\/www.sonoraenequipo.com.mx\/api\/wp\/v2\/media\/116478"}],"wp:attachment":[{"href":"https:\/\/www.sonoraenequipo.com.mx\/api\/wp\/v2\/media?parent=116477"}],"wp:term":[{"taxonomy":"category","embeddable":true,"href":"https:\/\/www.sonoraenequipo.com.mx\/api\/wp\/v2\/categories?post=116477"},{"taxonomy":"post_tag","embeddable":true,"href":"https:\/\/www.sonoraenequipo.com.mx\/api\/wp\/v2\/tags?post=116477"}],"curies":[{"name":"wp","href":"https:\/\/api.w.org\/{rel}","templated":true}]}}