{"id":116491,"date":"2021-06-16T11:00:03","date_gmt":"2021-06-16T18:00:03","guid":{"rendered":"https:\/\/www.sonoraenequipo.com.mx\/?p=116491"},"modified":"2021-06-16T12:52:56","modified_gmt":"2021-06-16T19:52:56","slug":"francia-dejara-de-exigir-mascarillas-en-exteriores-a-partir-de-este-jueves","status":"publish","type":"post","link":"https:\/\/www.sonoraenequipo.com.mx\/francia-dejara-de-exigir-mascarillas-en-exteriores-a-partir-de-este-jueves\/","title":{"rendered":"Francia dejar\u00e1 de exigir mascarillas en exteriores a partir de este jueves"},"content":{"rendered":"<p>PARIS FRANCIA.\u2500 El primer ministro de Francia, Jean Castex, anunci\u00f3 hoy que el uso de mascarillas dejar\u00e1 de ser obligatorio en espacios abiertos a partir de este jueves, y que, a partir del domingo, ya no se aplicar\u00e1 el toque de queda, lo que supone adelantar unos cambios que estaban previstos inicialmente para el 1 de julio. \u00abVamos a levantar la obligaci\u00f3n general de llevar mascarillas en el exterior\u00bb, ha confirmado Castex al t\u00e9rmino del Consejo de Ministros. De esta forma, s\u00f3lo ser\u00e1 necesario en ciertas circunstancias, seg\u00fan inform\u00f3 la agencia Europa Press.<\/p>\n<p>Las autoridades sanitarias notificaron el martes algo m\u00e1s de 3 mil 200 casos de COVID-19, ya lejos de los picos de marzo y abril. Francia acumula m\u00e1s de 5,7 millones de positivos y m\u00e1s de 84.000 v\u00edctimas mortales, seg\u00fan el Ministerio de Sanidad.<\/p>\n<p>&nbsp;<\/p>\n<p>Fecha de Publicaci\u00f3n\u00a0 mi\u00e9rcoles\u00a0 \/ 16\u00a0 \/ junio \/ 2021<\/p>\n","protected":false},"excerpt":{"rendered":"<p>PARIS FRANCIA.\u2500 El primer ministro de Francia, Jean Castex, anunci\u00f3 hoy que el uso de&#8230;<\/p>\n","protected":false},"author":1,"featured_media":116492,"comment_status":"open","ping_status":"open","sticky":false,"template":"","format":"standard","meta":{"_monsterinsights_skip_tracking":false,"_monsterinsights_sitenote_active":false,"_monsterinsights_sitenote_note":"","_monsterinsights_sitenote_category":0,"footnotes":""},"categories":[3],"tags":[4249],"class_list":["post"],"yoast_head":" \n<title>Sonora en Equipo. Francia dejar\u00e1 de exigir mascarillas en exteriores a partir de este jueves MUNDO<\/title>\n<meta name=\"description\" content=\"PARIS FRANCIA.\u2500 El primer ministro de Francia, Jean Castex, anunci\u00f3 hoy que el uso de mascarillas dejar\u00e1 de ser obligatorio en espacios abiertos a partir En Sonora en Equipo publicamos toda la informaci\u00f3n de Sonora, M\u00e9xico y el Mundo de manera oportuna y busca que la libertad de expresi\u00f3n sea real. Visita nuestro medio informativo publicado desde Hermosillo, Sonora. %\" \/>\n<meta name=\"robots\" content=\"index, follow, max-snippet:-1, max-image-preview:large, max-video-preview:-1\" \/>\n<link rel=\"canonical\" href=\"https:\/\/www.sonoraenequipo.com.mx\/francia-dejara-de-exigir-mascarillas-en-exteriores-a-partir-de-este-jueves\/\" \/>\n<meta property=\"og:locale\" content=\"es_ES\" \/>\n<meta property=\"og:type\" content=\"article\" \/>\n<meta property=\"og:title\" content=\"Sonora en Equipo. Francia dejar\u00e1 de exigir mascarillas en exteriores a partir de este jueves MUNDO\" \/>\n<meta property=\"og:description\" content=\"PARIS FRANCIA.\u2500 El primer ministro de Francia, Jean Castex, anunci\u00f3 hoy que el uso de mascarillas dejar\u00e1 de ser obligatorio en espacios abiertos a partir En Sonora en Equipo publicamos toda la informaci\u00f3n de Sonora, M\u00e9xico y el Mundo de manera oportuna y busca que la libertad de expresi\u00f3n sea real. Visita nuestro medio informativo publicado desde Hermosillo, Sonora. %\" \/>\n<meta property=\"og:url\" content=\"https:\/\/www.sonoraenequipo.com.mx\/francia-dejara-de-exigir-mascarillas-en-exteriores-a-partir-de-este-jueves\/\" \/>\n<meta property=\"og:site_name\" content=\"Sonora en Equipo.\" \/>\n<meta property=\"article:publisher\" content=\"https:\/\/www.facebook.com\/SonoraEE\/\" \/>\n<meta property=\"article:author\" content=\"https:\/\/www.facebook.com\/SonoraEE\" \/>\n<meta property=\"article:published_time\" content=\"2021-06-16T18:00:03+00:00\" \/>\n<meta property=\"article:modified_time\" content=\"2021-06-16T19:52:56+00:00\" \/>\n<meta property=\"og:image\" content=\"https:\/\/www.sonoraenequipo.com.mx\/storage\/2021\/06\/paris.jpg\" \/>\n\t<meta property=\"og:image:width\" content=\"700\" \/>\n\t<meta property=\"og:image:height\" content=\"400\" \/>\n\t<meta property=\"og:image:type\" content=\"image\/jpeg\" \/>\n<meta name=\"author\" content=\"enequipo\" \/>\n<meta name=\"twitter:card\" content=\"summary_large_image\" \/>\n<meta name=\"twitter:creator\" content=\"@sonoraenequipo\" \/>\n<meta name=\"twitter:site\" content=\"@sonoraenequipo\" \/>\n<meta name=\"twitter:label1\" content=\"Escrito por\" \/>\n\t<meta name=\"twitter:data1\" content=\"enequipo\" \/>\n\t<meta name=\"twitter:label2\" content=\"Tiempo de lectura\" \/>\n\t<meta name=\"twitter:data2\" content=\"1 minuto\" \/>\n<script type=\"application\/ld+json\" class=\"yoast-schema-graph\">{\"@context\":\"https:\/\/schema.org\",\"@graph\":[{\"@type\":\"Article\",\"@id\":\"https:\/\/www.sonoraenequipo.com.mx\/francia-dejara-de-exigir-mascarillas-en-exteriores-a-partir-de-este-jueves\/#article\",\"isPartOf\":{\"@id\":\"https:\/\/www.sonoraenequipo.com.mx\/francia-dejara-de-exigir-mascarillas-en-exteriores-a-partir-de-este-jueves\/\"},\"author\":{\"name\":\"enequipo\",\"@id\":\"https:\/\/www.sonoraenequipo.com.mx\/#\/schema\/person\/50102df0fb23a8fa9e8effad8fa81386\"},\"headline\":\"Francia dejar\u00e1 de exigir mascarillas en exteriores a partir de este jueves\",\"datePublished\":\"2021-06-16T18:00:03+00:00\",\"dateModified\":\"2021-06-16T19:52:56+00:00\",\"mainEntityOfPage\":{\"@id\":\"https:\/\/www.sonoraenequipo.com.mx\/francia-dejara-de-exigir-mascarillas-en-exteriores-a-partir-de-este-jueves\/\"},\"wordCount\":160,\"commentCount\":0,\"publisher\":{\"@id\":\"https:\/\/www.sonoraenequipo.com.mx\/#organization\"},\"image\":{\"@id\":\"https:\/\/www.sonoraenequipo.com.mx\/francia-dejara-de-exigir-mascarillas-en-exteriores-a-partir-de-este-jueves\/#primaryimage\"},\"thumbnailUrl\":\"https:\/\/www.sonoraenequipo.com.mx\/storage\/2021\/06\/paris.jpg\",\"keywords\":[\"covid\"],\"articleSection\":[\"MUNDO\"],\"inLanguage\":\"es\",\"potentialAction\":[{\"@type\":\"CommentAction\",\"name\":\"Comment\",\"target\":[\"https:\/\/www.sonoraenequipo.com.mx\/francia-dejara-de-exigir-mascarillas-en-exteriores-a-partir-de-este-jueves\/#respond\"]}]},{\"@type\":\"WebPage\",\"@id\":\"https:\/\/www.sonoraenequipo.com.mx\/francia-dejara-de-exigir-mascarillas-en-exteriores-a-partir-de-este-jueves\/\",\"url\":\"https:\/\/www.sonoraenequipo.com.mx\/francia-dejara-de-exigir-mascarillas-en-exteriores-a-partir-de-este-jueves\/\",\"name\":\"Sonora en Equipo. Francia dejar\u00e1 de exigir mascarillas en exteriores a partir de este jueves MUNDO\",\"isPartOf\":{\"@id\":\"https:\/\/www.sonoraenequipo.com.mx\/#website\"},\"primaryImageOfPage\":{\"@id\":\"https:\/\/www.sonoraenequipo.com.mx\/francia-dejara-de-exigir-mascarillas-en-exteriores-a-partir-de-este-jueves\/#primaryimage\"},\"image\":{\"@id\":\"https:\/\/www.sonoraenequipo.com.mx\/francia-dejara-de-exigir-mascarillas-en-exteriores-a-partir-de-este-jueves\/#primaryimage\"},\"thumbnailUrl\":\"https:\/\/www.sonoraenequipo.com.mx\/storage\/2021\/06\/paris.jpg\",\"datePublished\":\"2021-06-16T18:00:03+00:00\",\"dateModified\":\"2021-06-16T19:52:56+00:00\",\"description\":\"PARIS FRANCIA.\u2500 El primer ministro de Francia, Jean Castex, anunci\u00f3 hoy que el uso de mascarillas dejar\u00e1 de ser obligatorio en espacios abiertos a partir En Sonora en Equipo publicamos toda la informaci\u00f3n de Sonora, M\u00e9xico y el Mundo de manera oportuna y busca que la libertad de expresi\u00f3n sea real. Visita nuestro medio informativo publicado desde Hermosillo, Sonora. %\",\"breadcrumb\":{\"@id\":\"https:\/\/www.sonoraenequipo.com.mx\/francia-dejara-de-exigir-mascarillas-en-exteriores-a-partir-de-este-jueves\/#breadcrumb\"},\"inLanguage\":\"es\",\"potentialAction\":[{\"@type\":\"ReadAction\",\"target\":[\"https:\/\/www.sonoraenequipo.com.mx\/francia-dejara-de-exigir-mascarillas-en-exteriores-a-partir-de-este-jueves\/\"]}]},{\"@type\":\"ImageObject\",\"inLanguage\":\"es\",\"@id\":\"https:\/\/www.sonoraenequipo.com.mx\/francia-dejara-de-exigir-mascarillas-en-exteriores-a-partir-de-este-jueves\/#primaryimage\",\"url\":\"https:\/\/www.sonoraenequipo.com.mx\/storage\/2021\/06\/paris.jpg\",\"contentUrl\":\"https:\/\/www.sonoraenequipo.com.mx\/storage\/2021\/06\/paris.jpg\",\"width\":700,\"height\":400},{\"@type\":\"BreadcrumbList\",\"@id\":\"https:\/\/www.sonoraenequipo.com.mx\/francia-dejara-de-exigir-mascarillas-en-exteriores-a-partir-de-este-jueves\/#breadcrumb\",\"itemListElement\":[{\"@type\":\"ListItem\",\"position\":1,\"name\":\"Portada\",\"item\":\"https:\/\/www.sonoraenequipo.com.mx\/\"},{\"@type\":\"ListItem\",\"position\":2,\"name\":\"Francia dejar\u00e1 de exigir mascarillas en exteriores a partir de este jueves\"}]},{\"@type\":\"WebSite\",\"@id\":\"https:\/\/www.sonoraenequipo.com.mx\/#website\",\"url\":\"https:\/\/www.sonoraenequipo.com.mx\/\",\"name\":\"Sonora en Equipo.\",\"description\":\"Diario en l\u00ednea con Noticias desde Hermosillo, Sonora\",\"publisher\":{\"@id\":\"https:\/\/www.sonoraenequipo.com.mx\/#organization\"},\"potentialAction\":[{\"@type\":\"SearchAction\",\"target\":{\"@type\":\"EntryPoint\",\"urlTemplate\":\"https:\/\/www.sonoraenequipo.com.mx\/?s={search_term_string}\"},\"query-input\":{\"@type\":\"PropertyValueSpecification\",\"valueRequired\":true,\"valueName\":\"search_term_string\"}}],\"inLanguage\":\"es\"},{\"@type\":\"Organization\",\"@id\":\"https:\/\/www.sonoraenequipo.com.mx\/#organization\",\"name\":\"Sonoraenequipo.com.mx\",\"url\":\"https:\/\/www.sonoraenequipo.com.mx\/\",\"logo\":{\"@type\":\"ImageObject\",\"inLanguage\":\"es\",\"@id\":\"https:\/\/www.sonoraenequipo.com.mx\/#\/schema\/logo\/image\/\",\"url\":\"https:\/\/www.sonoraenequipo.com.mx\/storage\/2019\/01\/sonoraenequipo_opt.png\",\"contentUrl\":\"https:\/\/www.sonoraenequipo.com.mx\/storage\/2019\/01\/sonoraenequipo_opt.png\",\"width\":375,\"height\":125,\"caption\":\"Sonoraenequipo.com.mx\"},\"image\":{\"@id\":\"https:\/\/www.sonoraenequipo.com.mx\/#\/schema\/logo\/image\/\"},\"sameAs\":[\"https:\/\/www.facebook.com\/SonoraEE\/\",\"https:\/\/x.com\/sonoraenequipo\",\"https:\/\/www.youtube.com\/channel\/UC338nW-lPEYmJQs4ZABQ1SQ\"]},{\"@type\":\"Person\",\"@id\":\"https:\/\/www.sonoraenequipo.com.mx\/#\/schema\/person\/50102df0fb23a8fa9e8effad8fa81386\",\"name\":\"enequipo\",\"image\":{\"@type\":\"ImageObject\",\"inLanguage\":\"es\",\"@id\":\"https:\/\/www.sonoraenequipo.com.mx\/#\/schema\/person\/image\/\",\"url\":\"https:\/\/secure.gravatar.com\/avatar\/049821681b589dabc0bc20695993ccebb09f5b5d4d790cd9251b97faac7c652b?s=96&d=blank&r=g\",\"contentUrl\":\"https:\/\/secure.gravatar.com\/avatar\/049821681b589dabc0bc20695993ccebb09f5b5d4d790cd9251b97faac7c652b?s=96&d=blank&r=g\",\"caption\":\"enequipo\"},\"sameAs\":[\"https:\/\/www.facebook.com\/SonoraEE\"]}]}<\/script>\n ","yoast_head_json":{"title":"Sonora en Equipo. Francia dejar\u00e1 de exigir mascarillas en exteriores a partir de este jueves MUNDO","description":"PARIS FRANCIA.\u2500 El primer ministro de Francia, Jean Castex, anunci\u00f3 hoy que el uso de mascarillas dejar\u00e1 de ser obligatorio en espacios abiertos a partir En Sonora en Equipo publicamos toda la informaci\u00f3n de Sonora, M\u00e9xico y el Mundo de manera oportuna y busca que la libertad de expresi\u00f3n sea real. Visita nuestro medio informativo publicado desde Hermosillo, Sonora. %","robots":{"index":"index","follow":"follow","max-snippet":"max-snippet:-1","max-image-preview":"max-image-preview:large","max-video-preview":"max-video-preview:-1"},"canonical":"https:\/\/www.sonoraenequipo.com.mx\/francia-dejara-de-exigir-mascarillas-en-exteriores-a-partir-de-este-jueves\/","og_locale":"es_ES","og_type":"article","og_title":"Sonora en Equipo. Francia dejar\u00e1 de exigir mascarillas en exteriores a partir de este jueves MUNDO","og_description":"PARIS FRANCIA.\u2500 El primer ministro de Francia, Jean Castex, anunci\u00f3 hoy que el uso de mascarillas dejar\u00e1 de ser obligatorio en espacios abiertos a partir En Sonora en Equipo publicamos toda la informaci\u00f3n de Sonora, M\u00e9xico y el Mundo de manera oportuna y busca que la libertad de expresi\u00f3n sea real. Visita nuestro medio informativo publicado desde Hermosillo, Sonora. %","og_url":"https:\/\/www.sonoraenequipo.com.mx\/francia-dejara-de-exigir-mascarillas-en-exteriores-a-partir-de-este-jueves\/","og_site_name":"Sonora en Equipo.","article_publisher":"https:\/\/www.facebook.com\/SonoraEE\/","article_author":"https:\/\/www.facebook.com\/SonoraEE","article_published_time":"2021-06-16T18:00:03+00:00","article_modified_time":"2021-06-16T19:52:56+00:00","og_image":[{"width":700,"height":400,"url":"https:\/\/www.sonoraenequipo.com.mx\/storage\/2021\/06\/paris.jpg","type":"image\/jpeg"}],"author":"enequipo","twitter_card":"summary_large_image","twitter_creator":"@sonoraenequipo","twitter_site":"@sonoraenequipo","twitter_misc":{"Escrito por":"enequipo","Tiempo de lectura":"1 minuto"},"schema":{"@context":"https:\/\/schema.org","@graph":[{"@type":"Article","@id":"https:\/\/www.sonoraenequipo.com.mx\/francia-dejara-de-exigir-mascarillas-en-exteriores-a-partir-de-este-jueves\/#article","isPartOf":{"@id":"https:\/\/www.sonoraenequipo.com.mx\/francia-dejara-de-exigir-mascarillas-en-exteriores-a-partir-de-este-jueves\/"},"author":{"name":"enequipo","@id":"https:\/\/www.sonoraenequipo.com.mx\/#\/schema\/person\/50102df0fb23a8fa9e8effad8fa81386"},"headline":"Francia dejar\u00e1 de exigir mascarillas en exteriores a partir de este jueves","datePublished":"2021-06-16T18:00:03+00:00","dateModified":"2021-06-16T19:52:56+00:00","mainEntityOfPage":{"@id":"https:\/\/www.sonoraenequipo.com.mx\/francia-dejara-de-exigir-mascarillas-en-exteriores-a-partir-de-este-jueves\/"},"wordCount":160,"commentCount":0,"publisher":{"@id":"https:\/\/www.sonoraenequipo.com.mx\/#organization"},"image":{"@id":"https:\/\/www.sonoraenequipo.com.mx\/francia-dejara-de-exigir-mascarillas-en-exteriores-a-partir-de-este-jueves\/#primaryimage"},"thumbnailUrl":"https:\/\/www.sonoraenequipo.com.mx\/storage\/2021\/06\/paris.jpg","keywords":["covid"],"articleSection":["MUNDO"],"inLanguage":"es","potentialAction":[{"@type":"CommentAction","name":"Comment","target":["https:\/\/www.sonoraenequipo.com.mx\/francia-dejara-de-exigir-mascarillas-en-exteriores-a-partir-de-este-jueves\/#respond"]}]},{"@type":"WebPage","@id":"https:\/\/www.sonoraenequipo.com.mx\/francia-dejara-de-exigir-mascarillas-en-exteriores-a-partir-de-este-jueves\/","url":"https:\/\/www.sonoraenequipo.com.mx\/francia-dejara-de-exigir-mascarillas-en-exteriores-a-partir-de-este-jueves\/","name":"Sonora en Equipo. Francia dejar\u00e1 de exigir mascarillas en exteriores a partir de este jueves MUNDO","isPartOf":{"@id":"https:\/\/www.sonoraenequipo.com.mx\/#website"},"primaryImageOfPage":{"@id":"https:\/\/www.sonoraenequipo.com.mx\/francia-dejara-de-exigir-mascarillas-en-exteriores-a-partir-de-este-jueves\/#primaryimage"},"image":{"@id":"https:\/\/www.sonoraenequipo.com.mx\/francia-dejara-de-exigir-mascarillas-en-exteriores-a-partir-de-este-jueves\/#primaryimage"},"thumbnailUrl":"https:\/\/www.sonoraenequipo.com.mx\/storage\/2021\/06\/paris.jpg","datePublished":"2021-06-16T18:00:03+00:00","dateModified":"2021-06-16T19:52:56+00:00","description":"PARIS FRANCIA.\u2500 El primer ministro de Francia, Jean Castex, anunci\u00f3 hoy que el uso de mascarillas dejar\u00e1 de ser obligatorio en espacios abiertos a partir En Sonora en Equipo publicamos toda la informaci\u00f3n de Sonora, M\u00e9xico y el Mundo de manera oportuna y busca que la libertad de expresi\u00f3n sea real. Visita nuestro medio informativo publicado desde Hermosillo, Sonora. %","breadcrumb":{"@id":"https:\/\/www.sonoraenequipo.com.mx\/francia-dejara-de-exigir-mascarillas-en-exteriores-a-partir-de-este-jueves\/#breadcrumb"},"inLanguage":"es","potentialAction":[{"@type":"ReadAction","target":["https:\/\/www.sonoraenequipo.com.mx\/francia-dejara-de-exigir-mascarillas-en-exteriores-a-partir-de-este-jueves\/"]}]},{"@type":"ImageObject","inLanguage":"es","@id":"https:\/\/www.sonoraenequipo.com.mx\/francia-dejara-de-exigir-mascarillas-en-exteriores-a-partir-de-este-jueves\/#primaryimage","url":"https:\/\/www.sonoraenequipo.com.mx\/storage\/2021\/06\/paris.jpg","contentUrl":"https:\/\/www.sonoraenequipo.com.mx\/storage\/2021\/06\/paris.jpg","width":700,"height":400},{"@type":"BreadcrumbList","@id":"https:\/\/www.sonoraenequipo.com.mx\/francia-dejara-de-exigir-mascarillas-en-exteriores-a-partir-de-este-jueves\/#breadcrumb","itemListElement":[{"@type":"ListItem","position":1,"name":"Portada","item":"https:\/\/www.sonoraenequipo.com.mx\/"},{"@type":"ListItem","position":2,"name":"Francia dejar\u00e1 de exigir mascarillas en exteriores a partir de este jueves"}]},{"@type":"WebSite","@id":"https:\/\/www.sonoraenequipo.com.mx\/#website","url":"https:\/\/www.sonoraenequipo.com.mx\/","name":"Sonora en Equipo.","description":"Diario en l\u00ednea con Noticias desde Hermosillo, Sonora","publisher":{"@id":"https:\/\/www.sonoraenequipo.com.mx\/#organization"},"potentialAction":[{"@type":"SearchAction","target":{"@type":"EntryPoint","urlTemplate":"https:\/\/www.sonoraenequipo.com.mx\/?s={search_term_string}"},"query-input":{"@type":"PropertyValueSpecification","valueRequired":true,"valueName":"search_term_string"}}],"inLanguage":"es"},{"@type":"Organization","@id":"https:\/\/www.sonoraenequipo.com.mx\/#organization","name":"Sonoraenequipo.com.mx","url":"https:\/\/www.sonoraenequipo.com.mx\/","logo":{"@type":"ImageObject","inLanguage":"es","@id":"https:\/\/www.sonoraenequipo.com.mx\/#\/schema\/logo\/image\/","url":"https:\/\/www.sonoraenequipo.com.mx\/storage\/2019\/01\/sonoraenequipo_opt.png","contentUrl":"https:\/\/www.sonoraenequipo.com.mx\/storage\/2019\/01\/sonoraenequipo_opt.png","width":375,"height":125,"caption":"Sonoraenequipo.com.mx"},"image":{"@id":"https:\/\/www.sonoraenequipo.com.mx\/#\/schema\/logo\/image\/"},"sameAs":["https:\/\/www.facebook.com\/SonoraEE\/","https:\/\/x.com\/sonoraenequipo","https:\/\/www.youtube.com\/channel\/UC338nW-lPEYmJQs4ZABQ1SQ"]},{"@type":"Person","@id":"https:\/\/www.sonoraenequipo.com.mx\/#\/schema\/person\/50102df0fb23a8fa9e8effad8fa81386","name":"enequipo","image":{"@type":"ImageObject","inLanguage":"es","@id":"https:\/\/www.sonoraenequipo.com.mx\/#\/schema\/person\/image\/","url":"https:\/\/secure.gravatar.com\/avatar\/049821681b589dabc0bc20695993ccebb09f5b5d4d790cd9251b97faac7c652b?s=96&d=blank&r=g","contentUrl":"https:\/\/secure.gravatar.com\/avatar\/049821681b589dabc0bc20695993ccebb09f5b5d4d790cd9251b97faac7c652b?s=96&d=blank&r=g","caption":"enequipo"},"sameAs":["https:\/\/www.facebook.com\/SonoraEE"]}]}},"jetpack_featured_media_url":"https:\/\/www.sonoraenequipo.com.mx\/storage\/2021\/06\/paris.jpg","_links":{"self":[{"href":"https:\/\/www.sonoraenequipo.com.mx\/api\/wp\/v2\/posts\/116491","targetHints":{"allow":["GET"]}}],"collection":[{"href":"https:\/\/www.sonoraenequipo.com.mx\/api\/wp\/v2\/posts"}],"about":[{"href":"https:\/\/www.sonoraenequipo.com.mx\/api\/wp\/v2\/types\/post"}],"author":[{"embeddable":true,"href":"https:\/\/www.sonoraenequipo.com.mx\/api\/wp\/v2\/users\/1"}],"replies":[{"embeddable":true,"href":"https:\/\/www.sonoraenequipo.com.mx\/api\/wp\/v2\/comments?post=116491"}],"version-history":[{"count":1,"href":"https:\/\/www.sonoraenequipo.com.mx\/api\/wp\/v2\/posts\/116491\/revisions"}],"predecessor-version":[{"id":116493,"href":"https:\/\/www.sonoraenequipo.com.mx\/api\/wp\/v2\/posts\/116491\/revisions\/116493"}],"wp:featuredmedia":[{"embeddable":true,"href":"https:\/\/www.sonoraenequipo.com.mx\/api\/wp\/v2\/media\/116492"}],"wp:attachment":[{"href":"https:\/\/www.sonoraenequipo.com.mx\/api\/wp\/v2\/media?parent=116491"}],"wp:term":[{"taxonomy":"category","embeddable":true,"href":"https:\/\/www.sonoraenequipo.com.mx\/api\/wp\/v2\/categories?post=116491"},{"taxonomy":"post_tag","embeddable":true,"href":"https:\/\/www.sonoraenequipo.com.mx\/api\/wp\/v2\/tags?post=116491"}],"curies":[{"name":"wp","href":"https:\/\/api.w.org\/{rel}","templated":true}]}}