{"id":116494,"date":"2021-06-16T08:20:57","date_gmt":"2021-06-16T15:20:57","guid":{"rendered":"https:\/\/www.sonoraenequipo.com.mx\/?p=116494"},"modified":"2021-06-16T12:51:45","modified_gmt":"2021-06-16T19:51:45","slug":"quienes-ya-fueron-vacunados-deben-seguir-cuidandose-clausen","status":"publish","type":"post","link":"https:\/\/www.sonoraenequipo.com.mx\/quienes-ya-fueron-vacunados-deben-seguir-cuidandose-clausen\/","title":{"rendered":"Quienes ya fueron vacunados deben seguir cuid\u00e1ndose: Clausen"},"content":{"rendered":"<p>\u25baConfirma Secretar\u00eda de Salud 34 nuevos casos y 1 defunci\u00f3n por COVID-19 en Sonora<\/p>\n<p>HERMOSILLO, SONORA,MX.\u2500\u2500 Aunque las personas ya hayan completado su esquema de vacunaci\u00f3n contra COVID-19, no deben de bajar la guardia en lo que respecta a las medidas preventivas, ya\u00a0 que a\u00fan pueden contraer la enfermedad, se\u00f1al\u00f3 Enrique Clausen Iberri.<\/p>\n<p>&nbsp;<\/p>\n<p>El secretario de Salud en Sonora mencion\u00f3 que existe la duda entre la poblaci\u00f3n si deben mantener los protocolos sanitarios, los cuales asegur\u00f3 se tienen que mantener en beneficio de toda la poblaci\u00f3n.<\/p>\n<p>\u201cCon la campa\u00f1a de vacunaci\u00f3n ha surgido la duda de si una vez recibida la o las dosis necesarias se puede hacer a un lado el uso del cubrebocas y de las medidas preventivas. La respuesta es un definitivo y contundente. \u00a1NO!\u201d, se\u00f1al\u00f3.<\/p>\n<p>&nbsp;<\/p>\n<p>&nbsp;<\/p>\n<p>&nbsp;<\/p>\n<p>Clausen Iberri a\u00f1adi\u00f3 que el cubrebocas, el lavado de manos, y el distanciamiento siguen siendo obligatorios, ya que la vacuna solo protege contra s\u00edntomas severos del Covid-19.<\/p>\n<p>&nbsp;<\/p>\n<p>&nbsp;<\/p>\n<p>&nbsp;<\/p>\n<p>\u201cLa vacuna te protege de las severidades del coronavirus, inclusive de que vayas a morir por la enfermedad. Pero de ninguna manera evita que contagies o que te vayas a contagiar. Aun vacunado puedes ser portador asintom\u00e1tico del virus y tener la capacidad de infectar a otras personas\u201d, coment\u00f3.<\/p>\n<p>&nbsp;<\/p>\n<p>&nbsp;<\/p>\n<p>&nbsp;<\/p>\n<p>Hoy se confirm\u00f3 1 deceso por COVID-19 en una mujer residente de Huatabampo, con la que acumulan 6 mil 431 defunciones.<\/p>\n<p>&nbsp;<\/p>\n<p>&nbsp;<\/p>\n<p>&nbsp;<\/p>\n<p>Este d\u00eda se sumaron 34 nuevos casos en 23 mujeres y 11 hombres, residentes de: Hermosillo 23; Cajeme 4; Navojoa y Nogales 2 cada uno; Caborca, Cananea y Empalme 1 cada uno. Con ellos se acumulan 76 mil 328 casos en total,<\/p>\n<p>&nbsp;<\/p>\n<p>&nbsp;<\/p>\n<p>&nbsp;<\/p>\n<p>Se confirm\u00f3 1 caso pedi\u00e1trico en 1 ni\u00f1a; acumul\u00e1ndose mil 458 casos en total; adem\u00e1s se sum\u00f3 1 caso en una mujer embarazada; alcanzando un total de 527 casos.<\/p>\n<p>&nbsp;<\/p>\n<p>&nbsp;<\/p>\n<p>&nbsp;<\/p>\n<p>Al momento se han realizado 138 mil 353 pruebas, de las cuales 76 mil 328 son casos confirmados y 62 mil 025 casos descartados.<\/p>\n<p>&nbsp;<\/p>\n<p>&nbsp;<\/p>\n<p>&nbsp;<\/p>\n<p>Con cuadro leve se contabilizan 6 mil 438 personas, entre los cuales 906 son activos y 5 mil 532 con seguimiento terminado.<\/p>\n<p>&nbsp;<\/p>\n<p>&nbsp;<\/p>\n<p>&nbsp;<\/p>\n<p>De las 113 personas hospitalizadas 14 son estables, 71 graves, y 28 cr\u00edticos.<\/p>\n<p>&nbsp;<\/p>\n<p>&nbsp;<\/p>\n<p>&nbsp;<\/p>\n<p>A la fecha 68 mil 878 personas se han recuperado de Covid-19 en Sonora.<\/p>\n<p>&nbsp;<\/p>\n<p>&nbsp;<\/p>\n<p>&nbsp;<\/p>\n<p>&nbsp;<\/p>\n<p>&nbsp;<\/p>\n<p>Casos COVID-19 en Sonora 76,328 casos confirmados y 6,431 defunciones<\/p>\n<p>&nbsp;<\/p>\n<p>Fecha de Publicaci\u00f3n\u00a0 mi\u00e9rcoles\u00a0 \/ 16\u00a0 \/ junio \/ 2021<\/p>\n","protected":false},"excerpt":{"rendered":"<p>\u25baConfirma Secretar\u00eda de Salud 34 nuevos casos y 1 defunci\u00f3n por COVID-19 en Sonora HERMOSILLO,&#8230;<\/p>\n","protected":false},"author":1,"featured_media":113708,"comment_status":"open","ping_status":"open","sticky":false,"template":"","format":"standard","meta":{"_monsterinsights_skip_tracking":false,"_monsterinsights_sitenote_active":false,"_monsterinsights_sitenote_note":"","_monsterinsights_sitenote_category":0,"footnotes":""},"categories":[22],"tags":[4249,15],"class_list":["post"],"yoast_head":" \n<title>Sonora en Equipo. Quienes ya fueron vacunados deben seguir cuid\u00e1ndose: Clausen Sonora<\/title>\n<meta name=\"description\" content=\"\u25baConfirma Secretar\u00eda de Salud 34 nuevos casos y 1 defunci\u00f3n por COVID-19 en Sonora HERMOSILLO, SONORA,MX.\u2500\u2500 Aunque las personas ya hayan completado su En Sonora en Equipo publicamos toda la informaci\u00f3n de Sonora, M\u00e9xico y el Mundo de manera oportuna y busca que la libertad de expresi\u00f3n sea real. Visita nuestro medio informativo publicado desde Hermosillo, Sonora. %\" \/>\n<meta name=\"robots\" content=\"index, follow, max-snippet:-1, max-image-preview:large, max-video-preview:-1\" \/>\n<link rel=\"canonical\" href=\"https:\/\/www.sonoraenequipo.com.mx\/quienes-ya-fueron-vacunados-deben-seguir-cuidandose-clausen\/\" \/>\n<meta property=\"og:locale\" content=\"es_ES\" \/>\n<meta property=\"og:type\" content=\"article\" \/>\n<meta property=\"og:title\" content=\"Sonora en Equipo. Quienes ya fueron vacunados deben seguir cuid\u00e1ndose: Clausen Sonora\" \/>\n<meta property=\"og:description\" content=\"\u25baConfirma Secretar\u00eda de Salud 34 nuevos casos y 1 defunci\u00f3n por COVID-19 en Sonora HERMOSILLO, SONORA,MX.\u2500\u2500 Aunque las personas ya hayan completado su En Sonora en Equipo publicamos toda la informaci\u00f3n de Sonora, M\u00e9xico y el Mundo de manera oportuna y busca que la libertad de expresi\u00f3n sea real. Visita nuestro medio informativo publicado desde Hermosillo, Sonora. %\" \/>\n<meta property=\"og:url\" content=\"https:\/\/www.sonoraenequipo.com.mx\/quienes-ya-fueron-vacunados-deben-seguir-cuidandose-clausen\/\" \/>\n<meta property=\"og:site_name\" content=\"Sonora en Equipo.\" \/>\n<meta property=\"article:publisher\" content=\"https:\/\/www.facebook.com\/SonoraEE\/\" \/>\n<meta property=\"article:author\" content=\"https:\/\/www.facebook.com\/SonoraEE\" \/>\n<meta property=\"article:published_time\" content=\"2021-06-16T15:20:57+00:00\" \/>\n<meta property=\"article:modified_time\" content=\"2021-06-16T19:51:45+00:00\" \/>\n<meta property=\"og:image\" content=\"https:\/\/www.sonoraenequipo.com.mx\/storage\/2021\/05\/claudia-pavlovich-vacunacion_opt.jpg\" \/>\n\t<meta property=\"og:image:width\" content=\"601\" \/>\n\t<meta property=\"og:image:height\" content=\"400\" \/>\n\t<meta property=\"og:image:type\" content=\"image\/jpeg\" \/>\n<meta name=\"author\" content=\"enequipo\" \/>\n<meta name=\"twitter:card\" content=\"summary_large_image\" \/>\n<meta name=\"twitter:creator\" content=\"@sonoraenequipo\" \/>\n<meta name=\"twitter:site\" content=\"@sonoraenequipo\" \/>\n<meta name=\"twitter:label1\" content=\"Escrito por\" \/>\n\t<meta name=\"twitter:data1\" content=\"enequipo\" \/>\n\t<meta name=\"twitter:label2\" content=\"Tiempo de lectura\" \/>\n\t<meta name=\"twitter:data2\" content=\"2 minutos\" \/>\n<script type=\"application\/ld+json\" class=\"yoast-schema-graph\">{\"@context\":\"https:\/\/schema.org\",\"@graph\":[{\"@type\":\"Article\",\"@id\":\"https:\/\/www.sonoraenequipo.com.mx\/quienes-ya-fueron-vacunados-deben-seguir-cuidandose-clausen\/#article\",\"isPartOf\":{\"@id\":\"https:\/\/www.sonoraenequipo.com.mx\/quienes-ya-fueron-vacunados-deben-seguir-cuidandose-clausen\/\"},\"author\":{\"name\":\"enequipo\",\"@id\":\"https:\/\/www.sonoraenequipo.com.mx\/#\/schema\/person\/50102df0fb23a8fa9e8effad8fa81386\"},\"headline\":\"Quienes ya fueron vacunados deben seguir cuid\u00e1ndose: Clausen\",\"datePublished\":\"2021-06-16T15:20:57+00:00\",\"dateModified\":\"2021-06-16T19:51:45+00:00\",\"mainEntityOfPage\":{\"@id\":\"https:\/\/www.sonoraenequipo.com.mx\/quienes-ya-fueron-vacunados-deben-seguir-cuidandose-clausen\/\"},\"wordCount\":412,\"commentCount\":0,\"publisher\":{\"@id\":\"https:\/\/www.sonoraenequipo.com.mx\/#organization\"},\"image\":{\"@id\":\"https:\/\/www.sonoraenequipo.com.mx\/quienes-ya-fueron-vacunados-deben-seguir-cuidandose-clausen\/#primaryimage\"},\"thumbnailUrl\":\"https:\/\/www.sonoraenequipo.com.mx\/storage\/2021\/05\/claudia-pavlovich-vacunacion_opt.jpg\",\"keywords\":[\"covid\",\"Sonora\"],\"articleSection\":[\"Sonora\"],\"inLanguage\":\"es\",\"potentialAction\":[{\"@type\":\"CommentAction\",\"name\":\"Comment\",\"target\":[\"https:\/\/www.sonoraenequipo.com.mx\/quienes-ya-fueron-vacunados-deben-seguir-cuidandose-clausen\/#respond\"]}]},{\"@type\":\"WebPage\",\"@id\":\"https:\/\/www.sonoraenequipo.com.mx\/quienes-ya-fueron-vacunados-deben-seguir-cuidandose-clausen\/\",\"url\":\"https:\/\/www.sonoraenequipo.com.mx\/quienes-ya-fueron-vacunados-deben-seguir-cuidandose-clausen\/\",\"name\":\"Sonora en Equipo. Quienes ya fueron vacunados deben seguir cuid\u00e1ndose: Clausen Sonora\",\"isPartOf\":{\"@id\":\"https:\/\/www.sonoraenequipo.com.mx\/#website\"},\"primaryImageOfPage\":{\"@id\":\"https:\/\/www.sonoraenequipo.com.mx\/quienes-ya-fueron-vacunados-deben-seguir-cuidandose-clausen\/#primaryimage\"},\"image\":{\"@id\":\"https:\/\/www.sonoraenequipo.com.mx\/quienes-ya-fueron-vacunados-deben-seguir-cuidandose-clausen\/#primaryimage\"},\"thumbnailUrl\":\"https:\/\/www.sonoraenequipo.com.mx\/storage\/2021\/05\/claudia-pavlovich-vacunacion_opt.jpg\",\"datePublished\":\"2021-06-16T15:20:57+00:00\",\"dateModified\":\"2021-06-16T19:51:45+00:00\",\"description\":\"\u25baConfirma Secretar\u00eda de Salud 34 nuevos casos y 1 defunci\u00f3n por COVID-19 en Sonora HERMOSILLO, SONORA,MX.\u2500\u2500 Aunque las personas ya hayan completado su En Sonora en Equipo publicamos toda la informaci\u00f3n de Sonora, M\u00e9xico y el Mundo de manera oportuna y busca que la libertad de expresi\u00f3n sea real. Visita nuestro medio informativo publicado desde Hermosillo, Sonora. %\",\"breadcrumb\":{\"@id\":\"https:\/\/www.sonoraenequipo.com.mx\/quienes-ya-fueron-vacunados-deben-seguir-cuidandose-clausen\/#breadcrumb\"},\"inLanguage\":\"es\",\"potentialAction\":[{\"@type\":\"ReadAction\",\"target\":[\"https:\/\/www.sonoraenequipo.com.mx\/quienes-ya-fueron-vacunados-deben-seguir-cuidandose-clausen\/\"]}]},{\"@type\":\"ImageObject\",\"inLanguage\":\"es\",\"@id\":\"https:\/\/www.sonoraenequipo.com.mx\/quienes-ya-fueron-vacunados-deben-seguir-cuidandose-clausen\/#primaryimage\",\"url\":\"https:\/\/www.sonoraenequipo.com.mx\/storage\/2021\/05\/claudia-pavlovich-vacunacion_opt.jpg\",\"contentUrl\":\"https:\/\/www.sonoraenequipo.com.mx\/storage\/2021\/05\/claudia-pavlovich-vacunacion_opt.jpg\",\"width\":601,\"height\":400},{\"@type\":\"BreadcrumbList\",\"@id\":\"https:\/\/www.sonoraenequipo.com.mx\/quienes-ya-fueron-vacunados-deben-seguir-cuidandose-clausen\/#breadcrumb\",\"itemListElement\":[{\"@type\":\"ListItem\",\"position\":1,\"name\":\"Portada\",\"item\":\"https:\/\/www.sonoraenequipo.com.mx\/\"},{\"@type\":\"ListItem\",\"position\":2,\"name\":\"Quienes ya fueron vacunados deben seguir cuid\u00e1ndose: Clausen\"}]},{\"@type\":\"WebSite\",\"@id\":\"https:\/\/www.sonoraenequipo.com.mx\/#website\",\"url\":\"https:\/\/www.sonoraenequipo.com.mx\/\",\"name\":\"Sonora en Equipo.\",\"description\":\"Diario en l\u00ednea con Noticias desde Hermosillo, Sonora\",\"publisher\":{\"@id\":\"https:\/\/www.sonoraenequipo.com.mx\/#organization\"},\"potentialAction\":[{\"@type\":\"SearchAction\",\"target\":{\"@type\":\"EntryPoint\",\"urlTemplate\":\"https:\/\/www.sonoraenequipo.com.mx\/?s={search_term_string}\"},\"query-input\":{\"@type\":\"PropertyValueSpecification\",\"valueRequired\":true,\"valueName\":\"search_term_string\"}}],\"inLanguage\":\"es\"},{\"@type\":\"Organization\",\"@id\":\"https:\/\/www.sonoraenequipo.com.mx\/#organization\",\"name\":\"Sonoraenequipo.com.mx\",\"url\":\"https:\/\/www.sonoraenequipo.com.mx\/\",\"logo\":{\"@type\":\"ImageObject\",\"inLanguage\":\"es\",\"@id\":\"https:\/\/www.sonoraenequipo.com.mx\/#\/schema\/logo\/image\/\",\"url\":\"https:\/\/www.sonoraenequipo.com.mx\/storage\/2019\/01\/sonoraenequipo_opt.png\",\"contentUrl\":\"https:\/\/www.sonoraenequipo.com.mx\/storage\/2019\/01\/sonoraenequipo_opt.png\",\"width\":375,\"height\":125,\"caption\":\"Sonoraenequipo.com.mx\"},\"image\":{\"@id\":\"https:\/\/www.sonoraenequipo.com.mx\/#\/schema\/logo\/image\/\"},\"sameAs\":[\"https:\/\/www.facebook.com\/SonoraEE\/\",\"https:\/\/x.com\/sonoraenequipo\",\"https:\/\/www.youtube.com\/channel\/UC338nW-lPEYmJQs4ZABQ1SQ\"]},{\"@type\":\"Person\",\"@id\":\"https:\/\/www.sonoraenequipo.com.mx\/#\/schema\/person\/50102df0fb23a8fa9e8effad8fa81386\",\"name\":\"enequipo\",\"image\":{\"@type\":\"ImageObject\",\"inLanguage\":\"es\",\"@id\":\"https:\/\/www.sonoraenequipo.com.mx\/#\/schema\/person\/image\/\",\"url\":\"https:\/\/secure.gravatar.com\/avatar\/049821681b589dabc0bc20695993ccebb09f5b5d4d790cd9251b97faac7c652b?s=96&d=blank&r=g\",\"contentUrl\":\"https:\/\/secure.gravatar.com\/avatar\/049821681b589dabc0bc20695993ccebb09f5b5d4d790cd9251b97faac7c652b?s=96&d=blank&r=g\",\"caption\":\"enequipo\"},\"sameAs\":[\"https:\/\/www.facebook.com\/SonoraEE\"]}]}<\/script>\n ","yoast_head_json":{"title":"Sonora en Equipo. Quienes ya fueron vacunados deben seguir cuid\u00e1ndose: Clausen Sonora","description":"\u25baConfirma Secretar\u00eda de Salud 34 nuevos casos y 1 defunci\u00f3n por COVID-19 en Sonora HERMOSILLO, SONORA,MX.\u2500\u2500 Aunque las personas ya hayan completado su En Sonora en Equipo publicamos toda la informaci\u00f3n de Sonora, M\u00e9xico y el Mundo de manera oportuna y busca que la libertad de expresi\u00f3n sea real. Visita nuestro medio informativo publicado desde Hermosillo, Sonora. %","robots":{"index":"index","follow":"follow","max-snippet":"max-snippet:-1","max-image-preview":"max-image-preview:large","max-video-preview":"max-video-preview:-1"},"canonical":"https:\/\/www.sonoraenequipo.com.mx\/quienes-ya-fueron-vacunados-deben-seguir-cuidandose-clausen\/","og_locale":"es_ES","og_type":"article","og_title":"Sonora en Equipo. Quienes ya fueron vacunados deben seguir cuid\u00e1ndose: Clausen Sonora","og_description":"\u25baConfirma Secretar\u00eda de Salud 34 nuevos casos y 1 defunci\u00f3n por COVID-19 en Sonora HERMOSILLO, SONORA,MX.\u2500\u2500 Aunque las personas ya hayan completado su En Sonora en Equipo publicamos toda la informaci\u00f3n de Sonora, M\u00e9xico y el Mundo de manera oportuna y busca que la libertad de expresi\u00f3n sea real. Visita nuestro medio informativo publicado desde Hermosillo, Sonora. %","og_url":"https:\/\/www.sonoraenequipo.com.mx\/quienes-ya-fueron-vacunados-deben-seguir-cuidandose-clausen\/","og_site_name":"Sonora en Equipo.","article_publisher":"https:\/\/www.facebook.com\/SonoraEE\/","article_author":"https:\/\/www.facebook.com\/SonoraEE","article_published_time":"2021-06-16T15:20:57+00:00","article_modified_time":"2021-06-16T19:51:45+00:00","og_image":[{"width":601,"height":400,"url":"https:\/\/www.sonoraenequipo.com.mx\/storage\/2021\/05\/claudia-pavlovich-vacunacion_opt.jpg","type":"image\/jpeg"}],"author":"enequipo","twitter_card":"summary_large_image","twitter_creator":"@sonoraenequipo","twitter_site":"@sonoraenequipo","twitter_misc":{"Escrito por":"enequipo","Tiempo de lectura":"2 minutos"},"schema":{"@context":"https:\/\/schema.org","@graph":[{"@type":"Article","@id":"https:\/\/www.sonoraenequipo.com.mx\/quienes-ya-fueron-vacunados-deben-seguir-cuidandose-clausen\/#article","isPartOf":{"@id":"https:\/\/www.sonoraenequipo.com.mx\/quienes-ya-fueron-vacunados-deben-seguir-cuidandose-clausen\/"},"author":{"name":"enequipo","@id":"https:\/\/www.sonoraenequipo.com.mx\/#\/schema\/person\/50102df0fb23a8fa9e8effad8fa81386"},"headline":"Quienes ya fueron vacunados deben seguir cuid\u00e1ndose: Clausen","datePublished":"2021-06-16T15:20:57+00:00","dateModified":"2021-06-16T19:51:45+00:00","mainEntityOfPage":{"@id":"https:\/\/www.sonoraenequipo.com.mx\/quienes-ya-fueron-vacunados-deben-seguir-cuidandose-clausen\/"},"wordCount":412,"commentCount":0,"publisher":{"@id":"https:\/\/www.sonoraenequipo.com.mx\/#organization"},"image":{"@id":"https:\/\/www.sonoraenequipo.com.mx\/quienes-ya-fueron-vacunados-deben-seguir-cuidandose-clausen\/#primaryimage"},"thumbnailUrl":"https:\/\/www.sonoraenequipo.com.mx\/storage\/2021\/05\/claudia-pavlovich-vacunacion_opt.jpg","keywords":["covid","Sonora"],"articleSection":["Sonora"],"inLanguage":"es","potentialAction":[{"@type":"CommentAction","name":"Comment","target":["https:\/\/www.sonoraenequipo.com.mx\/quienes-ya-fueron-vacunados-deben-seguir-cuidandose-clausen\/#respond"]}]},{"@type":"WebPage","@id":"https:\/\/www.sonoraenequipo.com.mx\/quienes-ya-fueron-vacunados-deben-seguir-cuidandose-clausen\/","url":"https:\/\/www.sonoraenequipo.com.mx\/quienes-ya-fueron-vacunados-deben-seguir-cuidandose-clausen\/","name":"Sonora en Equipo. Quienes ya fueron vacunados deben seguir cuid\u00e1ndose: Clausen Sonora","isPartOf":{"@id":"https:\/\/www.sonoraenequipo.com.mx\/#website"},"primaryImageOfPage":{"@id":"https:\/\/www.sonoraenequipo.com.mx\/quienes-ya-fueron-vacunados-deben-seguir-cuidandose-clausen\/#primaryimage"},"image":{"@id":"https:\/\/www.sonoraenequipo.com.mx\/quienes-ya-fueron-vacunados-deben-seguir-cuidandose-clausen\/#primaryimage"},"thumbnailUrl":"https:\/\/www.sonoraenequipo.com.mx\/storage\/2021\/05\/claudia-pavlovich-vacunacion_opt.jpg","datePublished":"2021-06-16T15:20:57+00:00","dateModified":"2021-06-16T19:51:45+00:00","description":"\u25baConfirma Secretar\u00eda de Salud 34 nuevos casos y 1 defunci\u00f3n por COVID-19 en Sonora HERMOSILLO, SONORA,MX.\u2500\u2500 Aunque las personas ya hayan completado su En Sonora en Equipo publicamos toda la informaci\u00f3n de Sonora, M\u00e9xico y el Mundo de manera oportuna y busca que la libertad de expresi\u00f3n sea real. Visita nuestro medio informativo publicado desde Hermosillo, Sonora. %","breadcrumb":{"@id":"https:\/\/www.sonoraenequipo.com.mx\/quienes-ya-fueron-vacunados-deben-seguir-cuidandose-clausen\/#breadcrumb"},"inLanguage":"es","potentialAction":[{"@type":"ReadAction","target":["https:\/\/www.sonoraenequipo.com.mx\/quienes-ya-fueron-vacunados-deben-seguir-cuidandose-clausen\/"]}]},{"@type":"ImageObject","inLanguage":"es","@id":"https:\/\/www.sonoraenequipo.com.mx\/quienes-ya-fueron-vacunados-deben-seguir-cuidandose-clausen\/#primaryimage","url":"https:\/\/www.sonoraenequipo.com.mx\/storage\/2021\/05\/claudia-pavlovich-vacunacion_opt.jpg","contentUrl":"https:\/\/www.sonoraenequipo.com.mx\/storage\/2021\/05\/claudia-pavlovich-vacunacion_opt.jpg","width":601,"height":400},{"@type":"BreadcrumbList","@id":"https:\/\/www.sonoraenequipo.com.mx\/quienes-ya-fueron-vacunados-deben-seguir-cuidandose-clausen\/#breadcrumb","itemListElement":[{"@type":"ListItem","position":1,"name":"Portada","item":"https:\/\/www.sonoraenequipo.com.mx\/"},{"@type":"ListItem","position":2,"name":"Quienes ya fueron vacunados deben seguir cuid\u00e1ndose: Clausen"}]},{"@type":"WebSite","@id":"https:\/\/www.sonoraenequipo.com.mx\/#website","url":"https:\/\/www.sonoraenequipo.com.mx\/","name":"Sonora en Equipo.","description":"Diario en l\u00ednea con Noticias desde Hermosillo, Sonora","publisher":{"@id":"https:\/\/www.sonoraenequipo.com.mx\/#organization"},"potentialAction":[{"@type":"SearchAction","target":{"@type":"EntryPoint","urlTemplate":"https:\/\/www.sonoraenequipo.com.mx\/?s={search_term_string}"},"query-input":{"@type":"PropertyValueSpecification","valueRequired":true,"valueName":"search_term_string"}}],"inLanguage":"es"},{"@type":"Organization","@id":"https:\/\/www.sonoraenequipo.com.mx\/#organization","name":"Sonoraenequipo.com.mx","url":"https:\/\/www.sonoraenequipo.com.mx\/","logo":{"@type":"ImageObject","inLanguage":"es","@id":"https:\/\/www.sonoraenequipo.com.mx\/#\/schema\/logo\/image\/","url":"https:\/\/www.sonoraenequipo.com.mx\/storage\/2019\/01\/sonoraenequipo_opt.png","contentUrl":"https:\/\/www.sonoraenequipo.com.mx\/storage\/2019\/01\/sonoraenequipo_opt.png","width":375,"height":125,"caption":"Sonoraenequipo.com.mx"},"image":{"@id":"https:\/\/www.sonoraenequipo.com.mx\/#\/schema\/logo\/image\/"},"sameAs":["https:\/\/www.facebook.com\/SonoraEE\/","https:\/\/x.com\/sonoraenequipo","https:\/\/www.youtube.com\/channel\/UC338nW-lPEYmJQs4ZABQ1SQ"]},{"@type":"Person","@id":"https:\/\/www.sonoraenequipo.com.mx\/#\/schema\/person\/50102df0fb23a8fa9e8effad8fa81386","name":"enequipo","image":{"@type":"ImageObject","inLanguage":"es","@id":"https:\/\/www.sonoraenequipo.com.mx\/#\/schema\/person\/image\/","url":"https:\/\/secure.gravatar.com\/avatar\/049821681b589dabc0bc20695993ccebb09f5b5d4d790cd9251b97faac7c652b?s=96&d=blank&r=g","contentUrl":"https:\/\/secure.gravatar.com\/avatar\/049821681b589dabc0bc20695993ccebb09f5b5d4d790cd9251b97faac7c652b?s=96&d=blank&r=g","caption":"enequipo"},"sameAs":["https:\/\/www.facebook.com\/SonoraEE"]}]}},"jetpack_featured_media_url":"https:\/\/www.sonoraenequipo.com.mx\/storage\/2021\/05\/claudia-pavlovich-vacunacion_opt.jpg","_links":{"self":[{"href":"https:\/\/www.sonoraenequipo.com.mx\/api\/wp\/v2\/posts\/116494","targetHints":{"allow":["GET"]}}],"collection":[{"href":"https:\/\/www.sonoraenequipo.com.mx\/api\/wp\/v2\/posts"}],"about":[{"href":"https:\/\/www.sonoraenequipo.com.mx\/api\/wp\/v2\/types\/post"}],"author":[{"embeddable":true,"href":"https:\/\/www.sonoraenequipo.com.mx\/api\/wp\/v2\/users\/1"}],"replies":[{"embeddable":true,"href":"https:\/\/www.sonoraenequipo.com.mx\/api\/wp\/v2\/comments?post=116494"}],"version-history":[{"count":1,"href":"https:\/\/www.sonoraenequipo.com.mx\/api\/wp\/v2\/posts\/116494\/revisions"}],"predecessor-version":[{"id":116495,"href":"https:\/\/www.sonoraenequipo.com.mx\/api\/wp\/v2\/posts\/116494\/revisions\/116495"}],"wp:featuredmedia":[{"embeddable":true,"href":"https:\/\/www.sonoraenequipo.com.mx\/api\/wp\/v2\/media\/113708"}],"wp:attachment":[{"href":"https:\/\/www.sonoraenequipo.com.mx\/api\/wp\/v2\/media?parent=116494"}],"wp:term":[{"taxonomy":"category","embeddable":true,"href":"https:\/\/www.sonoraenequipo.com.mx\/api\/wp\/v2\/categories?post=116494"},{"taxonomy":"post_tag","embeddable":true,"href":"https:\/\/www.sonoraenequipo.com.mx\/api\/wp\/v2\/tags?post=116494"}],"curies":[{"name":"wp","href":"https:\/\/api.w.org\/{rel}","templated":true}]}}