{"id":116496,"date":"2021-06-16T11:20:57","date_gmt":"2021-06-16T18:20:57","guid":{"rendered":"https:\/\/www.sonoraenequipo.com.mx\/?p=116496"},"modified":"2021-06-16T12:50:33","modified_gmt":"2021-06-16T19:50:33","slug":"biden-a-putin-ee-uu-siempre-defendera-los-derechos-humanos","status":"publish","type":"post","link":"https:\/\/www.sonoraenequipo.com.mx\/biden-a-putin-ee-uu-siempre-defendera-los-derechos-humanos\/","title":{"rendered":"Biden a Putin: \u00abEE.UU. siempre defender\u00e1 los derechos humanos\u00bb"},"content":{"rendered":"<p>GINEBRA SUIZA.\u2500 \u00a0El presidente de Estados Unidos, Joe Biden, dijo el mi\u00e9rcoles que le expres\u00f3 al presidente ruso, Vladimir Putin, durante su cumbre en Ginebra que su agenda \u00abno es en contra de Rusia\u00bb, pero que Estados Unidos \u00absiempre hablar\u00e1 sobre los derechos humanos\u00bb.<\/p>\n<p>&nbsp;<\/p>\n<p>Biden dijo que plante\u00f3 el caso del disidente ruso Alexei Navalny, as\u00ed como el de dos estadounidenses \u00abencarcelados injustamente\u00bb en Rusia.<\/p>\n<p>&nbsp;<\/p>\n<p>\u00abLa conclusi\u00f3n es que le dije al presidente Putin que necesitamos tener algunas reglas b\u00e1sicas de la carretera, que todos podamos cumplir\u00bb, dijo Biden a los periodistas, y agreg\u00f3 que la conversaci\u00f3n que dur\u00f3 cerca de cuatro horas, tuvo un \u00abtono positivo\u00bb.<\/p>\n<p>&nbsp;<\/p>\n<p>La Casa Blanca confirm\u00f3 que uno de los acuerdos alcanzados fue en materia de seguridad nuclear.<\/p>\n<p>&nbsp;<\/p>\n<p>\u00abLa reciente pr\u00f3rroga del nuevo tratado START ejemplifica nuestro compromiso con el control de las armas nucleares. Hoy reafirmamos el principio de que una guerra nuclear no se puede ganar y nunca se debe pelear\u00bb, asegur\u00f3 la Casa Blanca en un comunicado conjunto, al final de la conferencia de prensa de Biden.<\/p>\n<p>Fecha de Publicaci\u00f3n\u00a0 mi\u00e9rcoles\u00a0 \/ 16\u00a0 \/ junio \/ 2021\/ Por Celia Mendoza, Laura Sep\u00falveda Arcila\/ VOA<\/p>\n","protected":false},"excerpt":{"rendered":"<p>GINEBRA SUIZA.\u2500 \u00a0El presidente de Estados Unidos, Joe Biden, dijo el mi\u00e9rcoles que le expres\u00f3&#8230;<\/p>\n","protected":false},"author":1,"featured_media":116497,"comment_status":"open","ping_status":"open","sticky":false,"template":"","format":"standard","meta":{"_monsterinsights_skip_tracking":false,"_monsterinsights_sitenote_active":false,"_monsterinsights_sitenote_note":"","_monsterinsights_sitenote_category":0,"footnotes":""},"categories":[3],"tags":[3376,5819],"class_list":["post"],"yoast_head":" \n<title>Sonora en Equipo. Biden a Putin: &quot;EE.UU. siempre defender\u00e1 los derechos humanos&quot; MUNDO<\/title>\n<meta name=\"description\" content=\"GINEBRA SUIZA.\u2500 \u00a0El presidente de Estados Unidos, Joe Biden, dijo el mi\u00e9rcoles que le expres\u00f3 al presidente ruso, Vladimir Putin, durante su cumbre en En Sonora en Equipo publicamos toda la informaci\u00f3n de Sonora, M\u00e9xico y el Mundo de manera oportuna y busca que la libertad de expresi\u00f3n sea real. Visita nuestro medio informativo publicado desde Hermosillo, Sonora. %\" \/>\n<meta name=\"robots\" content=\"index, follow, max-snippet:-1, max-image-preview:large, max-video-preview:-1\" \/>\n<link rel=\"canonical\" href=\"https:\/\/www.sonoraenequipo.com.mx\/biden-a-putin-ee-uu-siempre-defendera-los-derechos-humanos\/\" \/>\n<meta property=\"og:locale\" content=\"es_ES\" \/>\n<meta property=\"og:type\" content=\"article\" \/>\n<meta property=\"og:title\" content=\"Sonora en Equipo. Biden a Putin: &quot;EE.UU. siempre defender\u00e1 los derechos humanos&quot; MUNDO\" \/>\n<meta property=\"og:description\" content=\"GINEBRA SUIZA.\u2500 \u00a0El presidente de Estados Unidos, Joe Biden, dijo el mi\u00e9rcoles que le expres\u00f3 al presidente ruso, Vladimir Putin, durante su cumbre en En Sonora en Equipo publicamos toda la informaci\u00f3n de Sonora, M\u00e9xico y el Mundo de manera oportuna y busca que la libertad de expresi\u00f3n sea real. Visita nuestro medio informativo publicado desde Hermosillo, Sonora. %\" \/>\n<meta property=\"og:url\" content=\"https:\/\/www.sonoraenequipo.com.mx\/biden-a-putin-ee-uu-siempre-defendera-los-derechos-humanos\/\" \/>\n<meta property=\"og:site_name\" content=\"Sonora en Equipo.\" \/>\n<meta property=\"article:publisher\" content=\"https:\/\/www.facebook.com\/SonoraEE\/\" \/>\n<meta property=\"article:author\" content=\"https:\/\/www.facebook.com\/SonoraEE\" \/>\n<meta property=\"article:published_time\" content=\"2021-06-16T18:20:57+00:00\" \/>\n<meta property=\"article:modified_time\" content=\"2021-06-16T19:50:33+00:00\" \/>\n<meta property=\"og:image\" content=\"https:\/\/www.sonoraenequipo.com.mx\/storage\/2021\/06\/BIDEN-GINEBRA.jpg\" \/>\n\t<meta property=\"og:image:width\" content=\"700\" \/>\n\t<meta property=\"og:image:height\" content=\"400\" \/>\n\t<meta property=\"og:image:type\" content=\"image\/jpeg\" \/>\n<meta name=\"author\" content=\"enequipo\" \/>\n<meta name=\"twitter:card\" content=\"summary_large_image\" \/>\n<meta name=\"twitter:creator\" content=\"@sonoraenequipo\" \/>\n<meta name=\"twitter:site\" content=\"@sonoraenequipo\" \/>\n<meta name=\"twitter:label1\" content=\"Escrito por\" \/>\n\t<meta name=\"twitter:data1\" content=\"enequipo\" \/>\n\t<meta name=\"twitter:label2\" content=\"Tiempo de lectura\" \/>\n\t<meta name=\"twitter:data2\" content=\"1 minuto\" \/>\n<script type=\"application\/ld+json\" class=\"yoast-schema-graph\">{\"@context\":\"https:\/\/schema.org\",\"@graph\":[{\"@type\":\"Article\",\"@id\":\"https:\/\/www.sonoraenequipo.com.mx\/biden-a-putin-ee-uu-siempre-defendera-los-derechos-humanos\/#article\",\"isPartOf\":{\"@id\":\"https:\/\/www.sonoraenequipo.com.mx\/biden-a-putin-ee-uu-siempre-defendera-los-derechos-humanos\/\"},\"author\":{\"name\":\"enequipo\",\"@id\":\"https:\/\/www.sonoraenequipo.com.mx\/#\/schema\/person\/50102df0fb23a8fa9e8effad8fa81386\"},\"headline\":\"Biden a Putin: \u00abEE.UU. siempre defender\u00e1 los derechos humanos\u00bb\",\"datePublished\":\"2021-06-16T18:20:57+00:00\",\"dateModified\":\"2021-06-16T19:50:33+00:00\",\"mainEntityOfPage\":{\"@id\":\"https:\/\/www.sonoraenequipo.com.mx\/biden-a-putin-ee-uu-siempre-defendera-los-derechos-humanos\/\"},\"wordCount\":209,\"commentCount\":0,\"publisher\":{\"@id\":\"https:\/\/www.sonoraenequipo.com.mx\/#organization\"},\"image\":{\"@id\":\"https:\/\/www.sonoraenequipo.com.mx\/biden-a-putin-ee-uu-siempre-defendera-los-derechos-humanos\/#primaryimage\"},\"thumbnailUrl\":\"https:\/\/www.sonoraenequipo.com.mx\/storage\/2021\/06\/BIDEN-GINEBRA.jpg\",\"keywords\":[\"biden\",\"PUTIN\"],\"articleSection\":[\"MUNDO\"],\"inLanguage\":\"es\",\"potentialAction\":[{\"@type\":\"CommentAction\",\"name\":\"Comment\",\"target\":[\"https:\/\/www.sonoraenequipo.com.mx\/biden-a-putin-ee-uu-siempre-defendera-los-derechos-humanos\/#respond\"]}]},{\"@type\":\"WebPage\",\"@id\":\"https:\/\/www.sonoraenequipo.com.mx\/biden-a-putin-ee-uu-siempre-defendera-los-derechos-humanos\/\",\"url\":\"https:\/\/www.sonoraenequipo.com.mx\/biden-a-putin-ee-uu-siempre-defendera-los-derechos-humanos\/\",\"name\":\"Sonora en Equipo. Biden a Putin: \\\"EE.UU. siempre defender\u00e1 los derechos humanos\\\" MUNDO\",\"isPartOf\":{\"@id\":\"https:\/\/www.sonoraenequipo.com.mx\/#website\"},\"primaryImageOfPage\":{\"@id\":\"https:\/\/www.sonoraenequipo.com.mx\/biden-a-putin-ee-uu-siempre-defendera-los-derechos-humanos\/#primaryimage\"},\"image\":{\"@id\":\"https:\/\/www.sonoraenequipo.com.mx\/biden-a-putin-ee-uu-siempre-defendera-los-derechos-humanos\/#primaryimage\"},\"thumbnailUrl\":\"https:\/\/www.sonoraenequipo.com.mx\/storage\/2021\/06\/BIDEN-GINEBRA.jpg\",\"datePublished\":\"2021-06-16T18:20:57+00:00\",\"dateModified\":\"2021-06-16T19:50:33+00:00\",\"description\":\"GINEBRA SUIZA.\u2500 \u00a0El presidente de Estados Unidos, Joe Biden, dijo el mi\u00e9rcoles que le expres\u00f3 al presidente ruso, Vladimir Putin, durante su cumbre en En Sonora en Equipo publicamos toda la informaci\u00f3n de Sonora, M\u00e9xico y el Mundo de manera oportuna y busca que la libertad de expresi\u00f3n sea real. Visita nuestro medio informativo publicado desde Hermosillo, Sonora. %\",\"breadcrumb\":{\"@id\":\"https:\/\/www.sonoraenequipo.com.mx\/biden-a-putin-ee-uu-siempre-defendera-los-derechos-humanos\/#breadcrumb\"},\"inLanguage\":\"es\",\"potentialAction\":[{\"@type\":\"ReadAction\",\"target\":[\"https:\/\/www.sonoraenequipo.com.mx\/biden-a-putin-ee-uu-siempre-defendera-los-derechos-humanos\/\"]}]},{\"@type\":\"ImageObject\",\"inLanguage\":\"es\",\"@id\":\"https:\/\/www.sonoraenequipo.com.mx\/biden-a-putin-ee-uu-siempre-defendera-los-derechos-humanos\/#primaryimage\",\"url\":\"https:\/\/www.sonoraenequipo.com.mx\/storage\/2021\/06\/BIDEN-GINEBRA.jpg\",\"contentUrl\":\"https:\/\/www.sonoraenequipo.com.mx\/storage\/2021\/06\/BIDEN-GINEBRA.jpg\",\"width\":700,\"height\":400},{\"@type\":\"BreadcrumbList\",\"@id\":\"https:\/\/www.sonoraenequipo.com.mx\/biden-a-putin-ee-uu-siempre-defendera-los-derechos-humanos\/#breadcrumb\",\"itemListElement\":[{\"@type\":\"ListItem\",\"position\":1,\"name\":\"Portada\",\"item\":\"https:\/\/www.sonoraenequipo.com.mx\/\"},{\"@type\":\"ListItem\",\"position\":2,\"name\":\"Biden a Putin: \u00abEE.UU. siempre defender\u00e1 los derechos humanos\u00bb\"}]},{\"@type\":\"WebSite\",\"@id\":\"https:\/\/www.sonoraenequipo.com.mx\/#website\",\"url\":\"https:\/\/www.sonoraenequipo.com.mx\/\",\"name\":\"Sonora en Equipo.\",\"description\":\"Diario en l\u00ednea con Noticias desde Hermosillo, Sonora\",\"publisher\":{\"@id\":\"https:\/\/www.sonoraenequipo.com.mx\/#organization\"},\"potentialAction\":[{\"@type\":\"SearchAction\",\"target\":{\"@type\":\"EntryPoint\",\"urlTemplate\":\"https:\/\/www.sonoraenequipo.com.mx\/?s={search_term_string}\"},\"query-input\":{\"@type\":\"PropertyValueSpecification\",\"valueRequired\":true,\"valueName\":\"search_term_string\"}}],\"inLanguage\":\"es\"},{\"@type\":\"Organization\",\"@id\":\"https:\/\/www.sonoraenequipo.com.mx\/#organization\",\"name\":\"Sonoraenequipo.com.mx\",\"url\":\"https:\/\/www.sonoraenequipo.com.mx\/\",\"logo\":{\"@type\":\"ImageObject\",\"inLanguage\":\"es\",\"@id\":\"https:\/\/www.sonoraenequipo.com.mx\/#\/schema\/logo\/image\/\",\"url\":\"https:\/\/www.sonoraenequipo.com.mx\/storage\/2019\/01\/sonoraenequipo_opt.png\",\"contentUrl\":\"https:\/\/www.sonoraenequipo.com.mx\/storage\/2019\/01\/sonoraenequipo_opt.png\",\"width\":375,\"height\":125,\"caption\":\"Sonoraenequipo.com.mx\"},\"image\":{\"@id\":\"https:\/\/www.sonoraenequipo.com.mx\/#\/schema\/logo\/image\/\"},\"sameAs\":[\"https:\/\/www.facebook.com\/SonoraEE\/\",\"https:\/\/x.com\/sonoraenequipo\",\"https:\/\/www.youtube.com\/channel\/UC338nW-lPEYmJQs4ZABQ1SQ\"]},{\"@type\":\"Person\",\"@id\":\"https:\/\/www.sonoraenequipo.com.mx\/#\/schema\/person\/50102df0fb23a8fa9e8effad8fa81386\",\"name\":\"enequipo\",\"image\":{\"@type\":\"ImageObject\",\"inLanguage\":\"es\",\"@id\":\"https:\/\/www.sonoraenequipo.com.mx\/#\/schema\/person\/image\/\",\"url\":\"https:\/\/secure.gravatar.com\/avatar\/049821681b589dabc0bc20695993ccebb09f5b5d4d790cd9251b97faac7c652b?s=96&d=blank&r=g\",\"contentUrl\":\"https:\/\/secure.gravatar.com\/avatar\/049821681b589dabc0bc20695993ccebb09f5b5d4d790cd9251b97faac7c652b?s=96&d=blank&r=g\",\"caption\":\"enequipo\"},\"sameAs\":[\"https:\/\/www.facebook.com\/SonoraEE\"]}]}<\/script>\n ","yoast_head_json":{"title":"Sonora en Equipo. Biden a Putin: \"EE.UU. siempre defender\u00e1 los derechos humanos\" MUNDO","description":"GINEBRA SUIZA.\u2500 \u00a0El presidente de Estados Unidos, Joe Biden, dijo el mi\u00e9rcoles que le expres\u00f3 al presidente ruso, Vladimir Putin, durante su cumbre en En Sonora en Equipo publicamos toda la informaci\u00f3n de Sonora, M\u00e9xico y el Mundo de manera oportuna y busca que la libertad de expresi\u00f3n sea real. Visita nuestro medio informativo publicado desde Hermosillo, Sonora. %","robots":{"index":"index","follow":"follow","max-snippet":"max-snippet:-1","max-image-preview":"max-image-preview:large","max-video-preview":"max-video-preview:-1"},"canonical":"https:\/\/www.sonoraenequipo.com.mx\/biden-a-putin-ee-uu-siempre-defendera-los-derechos-humanos\/","og_locale":"es_ES","og_type":"article","og_title":"Sonora en Equipo. Biden a Putin: \"EE.UU. siempre defender\u00e1 los derechos humanos\" MUNDO","og_description":"GINEBRA SUIZA.\u2500 \u00a0El presidente de Estados Unidos, Joe Biden, dijo el mi\u00e9rcoles que le expres\u00f3 al presidente ruso, Vladimir Putin, durante su cumbre en En Sonora en Equipo publicamos toda la informaci\u00f3n de Sonora, M\u00e9xico y el Mundo de manera oportuna y busca que la libertad de expresi\u00f3n sea real. Visita nuestro medio informativo publicado desde Hermosillo, Sonora. %","og_url":"https:\/\/www.sonoraenequipo.com.mx\/biden-a-putin-ee-uu-siempre-defendera-los-derechos-humanos\/","og_site_name":"Sonora en Equipo.","article_publisher":"https:\/\/www.facebook.com\/SonoraEE\/","article_author":"https:\/\/www.facebook.com\/SonoraEE","article_published_time":"2021-06-16T18:20:57+00:00","article_modified_time":"2021-06-16T19:50:33+00:00","og_image":[{"width":700,"height":400,"url":"https:\/\/www.sonoraenequipo.com.mx\/storage\/2021\/06\/BIDEN-GINEBRA.jpg","type":"image\/jpeg"}],"author":"enequipo","twitter_card":"summary_large_image","twitter_creator":"@sonoraenequipo","twitter_site":"@sonoraenequipo","twitter_misc":{"Escrito por":"enequipo","Tiempo de lectura":"1 minuto"},"schema":{"@context":"https:\/\/schema.org","@graph":[{"@type":"Article","@id":"https:\/\/www.sonoraenequipo.com.mx\/biden-a-putin-ee-uu-siempre-defendera-los-derechos-humanos\/#article","isPartOf":{"@id":"https:\/\/www.sonoraenequipo.com.mx\/biden-a-putin-ee-uu-siempre-defendera-los-derechos-humanos\/"},"author":{"name":"enequipo","@id":"https:\/\/www.sonoraenequipo.com.mx\/#\/schema\/person\/50102df0fb23a8fa9e8effad8fa81386"},"headline":"Biden a Putin: \u00abEE.UU. siempre defender\u00e1 los derechos humanos\u00bb","datePublished":"2021-06-16T18:20:57+00:00","dateModified":"2021-06-16T19:50:33+00:00","mainEntityOfPage":{"@id":"https:\/\/www.sonoraenequipo.com.mx\/biden-a-putin-ee-uu-siempre-defendera-los-derechos-humanos\/"},"wordCount":209,"commentCount":0,"publisher":{"@id":"https:\/\/www.sonoraenequipo.com.mx\/#organization"},"image":{"@id":"https:\/\/www.sonoraenequipo.com.mx\/biden-a-putin-ee-uu-siempre-defendera-los-derechos-humanos\/#primaryimage"},"thumbnailUrl":"https:\/\/www.sonoraenequipo.com.mx\/storage\/2021\/06\/BIDEN-GINEBRA.jpg","keywords":["biden","PUTIN"],"articleSection":["MUNDO"],"inLanguage":"es","potentialAction":[{"@type":"CommentAction","name":"Comment","target":["https:\/\/www.sonoraenequipo.com.mx\/biden-a-putin-ee-uu-siempre-defendera-los-derechos-humanos\/#respond"]}]},{"@type":"WebPage","@id":"https:\/\/www.sonoraenequipo.com.mx\/biden-a-putin-ee-uu-siempre-defendera-los-derechos-humanos\/","url":"https:\/\/www.sonoraenequipo.com.mx\/biden-a-putin-ee-uu-siempre-defendera-los-derechos-humanos\/","name":"Sonora en Equipo. Biden a Putin: \"EE.UU. siempre defender\u00e1 los derechos humanos\" MUNDO","isPartOf":{"@id":"https:\/\/www.sonoraenequipo.com.mx\/#website"},"primaryImageOfPage":{"@id":"https:\/\/www.sonoraenequipo.com.mx\/biden-a-putin-ee-uu-siempre-defendera-los-derechos-humanos\/#primaryimage"},"image":{"@id":"https:\/\/www.sonoraenequipo.com.mx\/biden-a-putin-ee-uu-siempre-defendera-los-derechos-humanos\/#primaryimage"},"thumbnailUrl":"https:\/\/www.sonoraenequipo.com.mx\/storage\/2021\/06\/BIDEN-GINEBRA.jpg","datePublished":"2021-06-16T18:20:57+00:00","dateModified":"2021-06-16T19:50:33+00:00","description":"GINEBRA SUIZA.\u2500 \u00a0El presidente de Estados Unidos, Joe Biden, dijo el mi\u00e9rcoles que le expres\u00f3 al presidente ruso, Vladimir Putin, durante su cumbre en En Sonora en Equipo publicamos toda la informaci\u00f3n de Sonora, M\u00e9xico y el Mundo de manera oportuna y busca que la libertad de expresi\u00f3n sea real. Visita nuestro medio informativo publicado desde Hermosillo, Sonora. %","breadcrumb":{"@id":"https:\/\/www.sonoraenequipo.com.mx\/biden-a-putin-ee-uu-siempre-defendera-los-derechos-humanos\/#breadcrumb"},"inLanguage":"es","potentialAction":[{"@type":"ReadAction","target":["https:\/\/www.sonoraenequipo.com.mx\/biden-a-putin-ee-uu-siempre-defendera-los-derechos-humanos\/"]}]},{"@type":"ImageObject","inLanguage":"es","@id":"https:\/\/www.sonoraenequipo.com.mx\/biden-a-putin-ee-uu-siempre-defendera-los-derechos-humanos\/#primaryimage","url":"https:\/\/www.sonoraenequipo.com.mx\/storage\/2021\/06\/BIDEN-GINEBRA.jpg","contentUrl":"https:\/\/www.sonoraenequipo.com.mx\/storage\/2021\/06\/BIDEN-GINEBRA.jpg","width":700,"height":400},{"@type":"BreadcrumbList","@id":"https:\/\/www.sonoraenequipo.com.mx\/biden-a-putin-ee-uu-siempre-defendera-los-derechos-humanos\/#breadcrumb","itemListElement":[{"@type":"ListItem","position":1,"name":"Portada","item":"https:\/\/www.sonoraenequipo.com.mx\/"},{"@type":"ListItem","position":2,"name":"Biden a Putin: \u00abEE.UU. siempre defender\u00e1 los derechos humanos\u00bb"}]},{"@type":"WebSite","@id":"https:\/\/www.sonoraenequipo.com.mx\/#website","url":"https:\/\/www.sonoraenequipo.com.mx\/","name":"Sonora en Equipo.","description":"Diario en l\u00ednea con Noticias desde Hermosillo, Sonora","publisher":{"@id":"https:\/\/www.sonoraenequipo.com.mx\/#organization"},"potentialAction":[{"@type":"SearchAction","target":{"@type":"EntryPoint","urlTemplate":"https:\/\/www.sonoraenequipo.com.mx\/?s={search_term_string}"},"query-input":{"@type":"PropertyValueSpecification","valueRequired":true,"valueName":"search_term_string"}}],"inLanguage":"es"},{"@type":"Organization","@id":"https:\/\/www.sonoraenequipo.com.mx\/#organization","name":"Sonoraenequipo.com.mx","url":"https:\/\/www.sonoraenequipo.com.mx\/","logo":{"@type":"ImageObject","inLanguage":"es","@id":"https:\/\/www.sonoraenequipo.com.mx\/#\/schema\/logo\/image\/","url":"https:\/\/www.sonoraenequipo.com.mx\/storage\/2019\/01\/sonoraenequipo_opt.png","contentUrl":"https:\/\/www.sonoraenequipo.com.mx\/storage\/2019\/01\/sonoraenequipo_opt.png","width":375,"height":125,"caption":"Sonoraenequipo.com.mx"},"image":{"@id":"https:\/\/www.sonoraenequipo.com.mx\/#\/schema\/logo\/image\/"},"sameAs":["https:\/\/www.facebook.com\/SonoraEE\/","https:\/\/x.com\/sonoraenequipo","https:\/\/www.youtube.com\/channel\/UC338nW-lPEYmJQs4ZABQ1SQ"]},{"@type":"Person","@id":"https:\/\/www.sonoraenequipo.com.mx\/#\/schema\/person\/50102df0fb23a8fa9e8effad8fa81386","name":"enequipo","image":{"@type":"ImageObject","inLanguage":"es","@id":"https:\/\/www.sonoraenequipo.com.mx\/#\/schema\/person\/image\/","url":"https:\/\/secure.gravatar.com\/avatar\/049821681b589dabc0bc20695993ccebb09f5b5d4d790cd9251b97faac7c652b?s=96&d=blank&r=g","contentUrl":"https:\/\/secure.gravatar.com\/avatar\/049821681b589dabc0bc20695993ccebb09f5b5d4d790cd9251b97faac7c652b?s=96&d=blank&r=g","caption":"enequipo"},"sameAs":["https:\/\/www.facebook.com\/SonoraEE"]}]}},"jetpack_featured_media_url":"https:\/\/www.sonoraenequipo.com.mx\/storage\/2021\/06\/BIDEN-GINEBRA.jpg","_links":{"self":[{"href":"https:\/\/www.sonoraenequipo.com.mx\/api\/wp\/v2\/posts\/116496","targetHints":{"allow":["GET"]}}],"collection":[{"href":"https:\/\/www.sonoraenequipo.com.mx\/api\/wp\/v2\/posts"}],"about":[{"href":"https:\/\/www.sonoraenequipo.com.mx\/api\/wp\/v2\/types\/post"}],"author":[{"embeddable":true,"href":"https:\/\/www.sonoraenequipo.com.mx\/api\/wp\/v2\/users\/1"}],"replies":[{"embeddable":true,"href":"https:\/\/www.sonoraenequipo.com.mx\/api\/wp\/v2\/comments?post=116496"}],"version-history":[{"count":2,"href":"https:\/\/www.sonoraenequipo.com.mx\/api\/wp\/v2\/posts\/116496\/revisions"}],"predecessor-version":[{"id":116499,"href":"https:\/\/www.sonoraenequipo.com.mx\/api\/wp\/v2\/posts\/116496\/revisions\/116499"}],"wp:featuredmedia":[{"embeddable":true,"href":"https:\/\/www.sonoraenequipo.com.mx\/api\/wp\/v2\/media\/116497"}],"wp:attachment":[{"href":"https:\/\/www.sonoraenequipo.com.mx\/api\/wp\/v2\/media?parent=116496"}],"wp:term":[{"taxonomy":"category","embeddable":true,"href":"https:\/\/www.sonoraenequipo.com.mx\/api\/wp\/v2\/categories?post=116496"},{"taxonomy":"post_tag","embeddable":true,"href":"https:\/\/www.sonoraenequipo.com.mx\/api\/wp\/v2\/tags?post=116496"}],"curies":[{"name":"wp","href":"https:\/\/api.w.org\/{rel}","templated":true}]}}