{"id":116509,"date":"2021-06-16T10:30:23","date_gmt":"2021-06-16T17:30:23","guid":{"rendered":"https:\/\/www.sonoraenequipo.com.mx\/?p=116509"},"modified":"2021-06-16T13:05:55","modified_gmt":"2021-06-16T20:05:55","slug":"mexico-pasa-examen-de-sp-que-ratifica-calificacion-bbb-con-perspectiva-negativa","status":"publish","type":"post","link":"https:\/\/www.sonoraenequipo.com.mx\/mexico-pasa-examen-de-sp-que-ratifica-calificacion-bbb-con-perspectiva-negativa\/","title":{"rendered":"M\u00e9xico \u00abpasa examen\u00bb de S&#038;P, que ratifica calificaci\u00f3n \u00abBBB\u00bb con perspectiva negativa"},"content":{"rendered":"<p>CIUDAD DE M\u00c9XICO. MX. \u2014 La calificadora Standard &amp; Poor\u2019s (S&amp;P) ratific\u00f3 este martes la calificaci\u00f3n soberana de M\u00e9xico a BBB en moneda extranjera y de BBB+ en moneda local, ambas con perspectiva negativa.<\/p>\n<p>&nbsp;<\/p>\n<p> <\/p>\n<p>&nbsp;<\/p>\n<p>Este anuncio lo realiz\u00f3 la agencia luego de las elecciones del 6 de junio, donde el partido en el poder, Morena, junto con sus aliados mantuvieron la mayor\u00eda simple en la C\u00e1mara de Diputados, lo que, de acuerdo con S&amp;P, los mantiene bien posicionados para impulsar su agenda pol\u00edtica en la segunda parte del sexenio.<\/p>\n<p>&nbsp;<\/p>\n<p><em>\u201cSuponemos que mantendr\u00e1 una gesti\u00f3n macroecon\u00f3mica cautelosa, con una deuda neta del gobierno general que se mantendr\u00e1 estable en torno a 48 por ciento del Producto Interno Bruto (PIB) durante los pr\u00f3ximos tres a\u00f1os, mientras que el crecimiento se desacelerar\u00eda tras un repunte de 5.8 por ciento en 2021, debido a presiones en el entorno para hacer negocios; algunas antiguas y otras asociadas con pol\u00edticas recientes que pesan sobre la inversi\u00f3n\u201d,<\/em> expuso la calificadora.<\/p>\n<p>&nbsp;<\/p>\n<p>La agencia dijo que las calificaciones de M\u00e9xico se basan en las fortalezas y debilidades de su democracia, la cual ha generado estabilidad pol\u00edtica y cambios regulares de gobierno en las \u00faltimas dos d\u00e9cadas.<\/p>\n<p>&nbsp;<\/p>\n<p><em>\u201cDe hecho, el Instituto Nacional Electoral (INE) reci\u00e9n supervis\u00f3 las elecciones que en general no presentaron problemas ni impugnaciones, para alrededor de 20,000 cargos, las m\u00e1s grandes en la historia reciente del pa\u00eds\u201d<\/em>, sostuvo.<\/p>\n<p>&nbsp;<\/p>\n<p>S&amp;P sostuvo que M\u00e9xico no ha tenido el mismo dinamismo econ\u00f3mico que sus pares emergentes, y uno de los temas que tambi\u00e9n tiene pendiente es la seguridad p\u00fablica, lo que, entre otras cosas, ha llevado al pa\u00eds a una polarizaci\u00f3n pol\u00edtica.<\/p>\n<p>&nbsp;<\/p>\n<p><em>\u201cPrevemos que el crecimiento se mantenga por debajo del de sus pares, y que el repunte posterior a la pandemia pueda verse afectado por la d\u00e9bil confianza de los inversionistas privados debido al deterioro en el entorno empresarial<\/em>\u201d, indic\u00f3.<\/p>\n<p>&nbsp;<\/p>\n<p>Adem\u00e1s de ello, la calificadora reiter\u00f3 que Pemex puede seguir siendo una presi\u00f3n fiscal para el gobierno.<\/p>\n<p>&nbsp;<\/p>\n<p><em>\u201cLos mayores riesgos para el desempe\u00f1o fiscal del soberano se derivan del d\u00e9bil perfil financiero de la empresa estatal de energ\u00eda Pemex. Continuamos viendo la probabilidad de que el soberano brinde un apoyo extraordinario a Pemex como casi segura, y el historial de apoyo reciente refuerza esta evaluaci\u00f3n. Como tal, calificamos a Pemex al mismo nivel que el soberano, a pesar de su d\u00e9bil perfil financiero individual\u201d<\/em>, abund\u00f3.<\/p>\n<p>&nbsp;<\/p>\n<p>&nbsp;<\/p>\n<p>(Publicada el 16\/06\/2021\/Fuente: El Financiero)<\/p>\n","protected":false},"excerpt":{"rendered":"<p>CIUDAD DE M\u00c9XICO. MX. \u2014 La calificadora Standard &amp; Poor\u2019s (S&amp;P) ratific\u00f3 este martes la&#8230;<\/p>\n","protected":false},"author":1,"featured_media":116514,"comment_status":"open","ping_status":"open","sticky":false,"template":"","format":"standard","meta":{"_monsterinsights_skip_tracking":false,"_monsterinsights_sitenote_active":false,"_monsterinsights_sitenote_note":"","_monsterinsights_sitenote_category":0,"footnotes":""},"categories":[5],"tags":[],"class_list":["post"],"yoast_head":" \n<title>Sonora en Equipo. M\u00e9xico &quot;pasa examen&quot; de S&amp;P, que ratifica calificaci\u00f3n &quot;BBB&quot; con perspectiva negativa Rep\u00fablica<\/title>\n<meta name=\"description\" content=\"CIUDAD DE M\u00c9XICO. MX. \u2014 La calificadora Standard &amp; Poor\u2019s (S&amp;P) ratific\u00f3 este martes la calificaci\u00f3n soberana de M\u00e9xico a BBB en moneda extranjera En Sonora en Equipo publicamos toda la informaci\u00f3n de Sonora, M\u00e9xico y el Mundo de manera oportuna y busca que la libertad de expresi\u00f3n sea real. Visita nuestro medio informativo publicado desde Hermosillo, Sonora. %\" \/>\n<meta name=\"robots\" content=\"index, follow, max-snippet:-1, max-image-preview:large, max-video-preview:-1\" \/>\n<link rel=\"canonical\" href=\"https:\/\/www.sonoraenequipo.com.mx\/mexico-pasa-examen-de-sp-que-ratifica-calificacion-bbb-con-perspectiva-negativa\/\" \/>\n<meta property=\"og:locale\" content=\"es_ES\" \/>\n<meta property=\"og:type\" content=\"article\" \/>\n<meta property=\"og:title\" content=\"Sonora en Equipo. M\u00e9xico &quot;pasa examen&quot; de S&amp;P, que ratifica calificaci\u00f3n &quot;BBB&quot; con perspectiva negativa Rep\u00fablica\" \/>\n<meta property=\"og:description\" content=\"CIUDAD DE M\u00c9XICO. MX. \u2014 La calificadora Standard &amp; Poor\u2019s (S&amp;P) ratific\u00f3 este martes la calificaci\u00f3n soberana de M\u00e9xico a BBB en moneda extranjera En Sonora en Equipo publicamos toda la informaci\u00f3n de Sonora, M\u00e9xico y el Mundo de manera oportuna y busca que la libertad de expresi\u00f3n sea real. Visita nuestro medio informativo publicado desde Hermosillo, Sonora. %\" \/>\n<meta property=\"og:url\" content=\"https:\/\/www.sonoraenequipo.com.mx\/mexico-pasa-examen-de-sp-que-ratifica-calificacion-bbb-con-perspectiva-negativa\/\" \/>\n<meta property=\"og:site_name\" content=\"Sonora en Equipo.\" \/>\n<meta property=\"article:publisher\" content=\"https:\/\/www.facebook.com\/SonoraEE\/\" \/>\n<meta property=\"article:author\" content=\"https:\/\/www.facebook.com\/SonoraEE\" \/>\n<meta property=\"article:published_time\" content=\"2021-06-16T17:30:23+00:00\" \/>\n<meta property=\"article:modified_time\" content=\"2021-06-16T20:05:55+00:00\" \/>\n<meta property=\"og:image\" content=\"https:\/\/www.sonoraenequipo.com.mx\/storage\/2021\/06\/cdmx_opt.jpg\" \/>\n\t<meta property=\"og:image:width\" content=\"700\" \/>\n\t<meta property=\"og:image:height\" content=\"400\" \/>\n\t<meta property=\"og:image:type\" content=\"image\/jpeg\" \/>\n<meta name=\"author\" content=\"enequipo\" \/>\n<meta name=\"twitter:card\" content=\"summary_large_image\" \/>\n<meta name=\"twitter:creator\" content=\"@sonoraenequipo\" \/>\n<meta name=\"twitter:site\" content=\"@sonoraenequipo\" \/>\n<meta name=\"twitter:label1\" content=\"Escrito por\" \/>\n\t<meta name=\"twitter:data1\" content=\"enequipo\" \/>\n\t<meta name=\"twitter:label2\" content=\"Tiempo de lectura\" \/>\n\t<meta name=\"twitter:data2\" content=\"2 minutos\" \/>\n<script type=\"application\/ld+json\" class=\"yoast-schema-graph\">{\"@context\":\"https:\/\/schema.org\",\"@graph\":[{\"@type\":\"Article\",\"@id\":\"https:\/\/www.sonoraenequipo.com.mx\/mexico-pasa-examen-de-sp-que-ratifica-calificacion-bbb-con-perspectiva-negativa\/#article\",\"isPartOf\":{\"@id\":\"https:\/\/www.sonoraenequipo.com.mx\/mexico-pasa-examen-de-sp-que-ratifica-calificacion-bbb-con-perspectiva-negativa\/\"},\"author\":{\"name\":\"enequipo\",\"@id\":\"https:\/\/www.sonoraenequipo.com.mx\/#\/schema\/person\/50102df0fb23a8fa9e8effad8fa81386\"},\"headline\":\"M\u00e9xico \u00abpasa examen\u00bb de S&#038;P, que ratifica calificaci\u00f3n \u00abBBB\u00bb con perspectiva negativa\",\"datePublished\":\"2021-06-16T17:30:23+00:00\",\"dateModified\":\"2021-06-16T20:05:55+00:00\",\"mainEntityOfPage\":{\"@id\":\"https:\/\/www.sonoraenequipo.com.mx\/mexico-pasa-examen-de-sp-que-ratifica-calificacion-bbb-con-perspectiva-negativa\/\"},\"wordCount\":462,\"commentCount\":0,\"publisher\":{\"@id\":\"https:\/\/www.sonoraenequipo.com.mx\/#organization\"},\"image\":{\"@id\":\"https:\/\/www.sonoraenequipo.com.mx\/mexico-pasa-examen-de-sp-que-ratifica-calificacion-bbb-con-perspectiva-negativa\/#primaryimage\"},\"thumbnailUrl\":\"https:\/\/www.sonoraenequipo.com.mx\/storage\/2021\/06\/cdmx_opt.jpg\",\"articleSection\":[\"Rep\u00fablica\"],\"inLanguage\":\"es\",\"potentialAction\":[{\"@type\":\"CommentAction\",\"name\":\"Comment\",\"target\":[\"https:\/\/www.sonoraenequipo.com.mx\/mexico-pasa-examen-de-sp-que-ratifica-calificacion-bbb-con-perspectiva-negativa\/#respond\"]}]},{\"@type\":\"WebPage\",\"@id\":\"https:\/\/www.sonoraenequipo.com.mx\/mexico-pasa-examen-de-sp-que-ratifica-calificacion-bbb-con-perspectiva-negativa\/\",\"url\":\"https:\/\/www.sonoraenequipo.com.mx\/mexico-pasa-examen-de-sp-que-ratifica-calificacion-bbb-con-perspectiva-negativa\/\",\"name\":\"Sonora en Equipo. M\u00e9xico \\\"pasa examen\\\" de S&P, que ratifica calificaci\u00f3n \\\"BBB\\\" con perspectiva negativa Rep\u00fablica\",\"isPartOf\":{\"@id\":\"https:\/\/www.sonoraenequipo.com.mx\/#website\"},\"primaryImageOfPage\":{\"@id\":\"https:\/\/www.sonoraenequipo.com.mx\/mexico-pasa-examen-de-sp-que-ratifica-calificacion-bbb-con-perspectiva-negativa\/#primaryimage\"},\"image\":{\"@id\":\"https:\/\/www.sonoraenequipo.com.mx\/mexico-pasa-examen-de-sp-que-ratifica-calificacion-bbb-con-perspectiva-negativa\/#primaryimage\"},\"thumbnailUrl\":\"https:\/\/www.sonoraenequipo.com.mx\/storage\/2021\/06\/cdmx_opt.jpg\",\"datePublished\":\"2021-06-16T17:30:23+00:00\",\"dateModified\":\"2021-06-16T20:05:55+00:00\",\"description\":\"CIUDAD DE M\u00c9XICO. MX. \u2014 La calificadora Standard &amp; Poor\u2019s (S&amp;P) ratific\u00f3 este martes la calificaci\u00f3n soberana de M\u00e9xico a BBB en moneda extranjera En Sonora en Equipo publicamos toda la informaci\u00f3n de Sonora, M\u00e9xico y el Mundo de manera oportuna y busca que la libertad de expresi\u00f3n sea real. Visita nuestro medio informativo publicado desde Hermosillo, Sonora. %\",\"breadcrumb\":{\"@id\":\"https:\/\/www.sonoraenequipo.com.mx\/mexico-pasa-examen-de-sp-que-ratifica-calificacion-bbb-con-perspectiva-negativa\/#breadcrumb\"},\"inLanguage\":\"es\",\"potentialAction\":[{\"@type\":\"ReadAction\",\"target\":[\"https:\/\/www.sonoraenequipo.com.mx\/mexico-pasa-examen-de-sp-que-ratifica-calificacion-bbb-con-perspectiva-negativa\/\"]}]},{\"@type\":\"ImageObject\",\"inLanguage\":\"es\",\"@id\":\"https:\/\/www.sonoraenequipo.com.mx\/mexico-pasa-examen-de-sp-que-ratifica-calificacion-bbb-con-perspectiva-negativa\/#primaryimage\",\"url\":\"https:\/\/www.sonoraenequipo.com.mx\/storage\/2021\/06\/cdmx_opt.jpg\",\"contentUrl\":\"https:\/\/www.sonoraenequipo.com.mx\/storage\/2021\/06\/cdmx_opt.jpg\",\"width\":700,\"height\":400},{\"@type\":\"BreadcrumbList\",\"@id\":\"https:\/\/www.sonoraenequipo.com.mx\/mexico-pasa-examen-de-sp-que-ratifica-calificacion-bbb-con-perspectiva-negativa\/#breadcrumb\",\"itemListElement\":[{\"@type\":\"ListItem\",\"position\":1,\"name\":\"Portada\",\"item\":\"https:\/\/www.sonoraenequipo.com.mx\/\"},{\"@type\":\"ListItem\",\"position\":2,\"name\":\"M\u00e9xico \u00abpasa examen\u00bb de S&#038;P, que ratifica calificaci\u00f3n \u00abBBB\u00bb con perspectiva negativa\"}]},{\"@type\":\"WebSite\",\"@id\":\"https:\/\/www.sonoraenequipo.com.mx\/#website\",\"url\":\"https:\/\/www.sonoraenequipo.com.mx\/\",\"name\":\"Sonora en Equipo.\",\"description\":\"Diario en l\u00ednea con Noticias desde Hermosillo, Sonora\",\"publisher\":{\"@id\":\"https:\/\/www.sonoraenequipo.com.mx\/#organization\"},\"potentialAction\":[{\"@type\":\"SearchAction\",\"target\":{\"@type\":\"EntryPoint\",\"urlTemplate\":\"https:\/\/www.sonoraenequipo.com.mx\/?s={search_term_string}\"},\"query-input\":{\"@type\":\"PropertyValueSpecification\",\"valueRequired\":true,\"valueName\":\"search_term_string\"}}],\"inLanguage\":\"es\"},{\"@type\":\"Organization\",\"@id\":\"https:\/\/www.sonoraenequipo.com.mx\/#organization\",\"name\":\"Sonoraenequipo.com.mx\",\"url\":\"https:\/\/www.sonoraenequipo.com.mx\/\",\"logo\":{\"@type\":\"ImageObject\",\"inLanguage\":\"es\",\"@id\":\"https:\/\/www.sonoraenequipo.com.mx\/#\/schema\/logo\/image\/\",\"url\":\"https:\/\/www.sonoraenequipo.com.mx\/storage\/2019\/01\/sonoraenequipo_opt.png\",\"contentUrl\":\"https:\/\/www.sonoraenequipo.com.mx\/storage\/2019\/01\/sonoraenequipo_opt.png\",\"width\":375,\"height\":125,\"caption\":\"Sonoraenequipo.com.mx\"},\"image\":{\"@id\":\"https:\/\/www.sonoraenequipo.com.mx\/#\/schema\/logo\/image\/\"},\"sameAs\":[\"https:\/\/www.facebook.com\/SonoraEE\/\",\"https:\/\/x.com\/sonoraenequipo\",\"https:\/\/www.youtube.com\/channel\/UC338nW-lPEYmJQs4ZABQ1SQ\"]},{\"@type\":\"Person\",\"@id\":\"https:\/\/www.sonoraenequipo.com.mx\/#\/schema\/person\/50102df0fb23a8fa9e8effad8fa81386\",\"name\":\"enequipo\",\"image\":{\"@type\":\"ImageObject\",\"inLanguage\":\"es\",\"@id\":\"https:\/\/www.sonoraenequipo.com.mx\/#\/schema\/person\/image\/\",\"url\":\"https:\/\/secure.gravatar.com\/avatar\/049821681b589dabc0bc20695993ccebb09f5b5d4d790cd9251b97faac7c652b?s=96&d=blank&r=g\",\"contentUrl\":\"https:\/\/secure.gravatar.com\/avatar\/049821681b589dabc0bc20695993ccebb09f5b5d4d790cd9251b97faac7c652b?s=96&d=blank&r=g\",\"caption\":\"enequipo\"},\"sameAs\":[\"https:\/\/www.facebook.com\/SonoraEE\"]}]}<\/script>\n ","yoast_head_json":{"title":"Sonora en Equipo. M\u00e9xico \"pasa examen\" de S&P, que ratifica calificaci\u00f3n \"BBB\" con perspectiva negativa Rep\u00fablica","description":"CIUDAD DE M\u00c9XICO. MX. \u2014 La calificadora Standard &amp; Poor\u2019s (S&amp;P) ratific\u00f3 este martes la calificaci\u00f3n soberana de M\u00e9xico a BBB en moneda extranjera En Sonora en Equipo publicamos toda la informaci\u00f3n de Sonora, M\u00e9xico y el Mundo de manera oportuna y busca que la libertad de expresi\u00f3n sea real. Visita nuestro medio informativo publicado desde Hermosillo, Sonora. %","robots":{"index":"index","follow":"follow","max-snippet":"max-snippet:-1","max-image-preview":"max-image-preview:large","max-video-preview":"max-video-preview:-1"},"canonical":"https:\/\/www.sonoraenequipo.com.mx\/mexico-pasa-examen-de-sp-que-ratifica-calificacion-bbb-con-perspectiva-negativa\/","og_locale":"es_ES","og_type":"article","og_title":"Sonora en Equipo. M\u00e9xico \"pasa examen\" de S&P, que ratifica calificaci\u00f3n \"BBB\" con perspectiva negativa Rep\u00fablica","og_description":"CIUDAD DE M\u00c9XICO. MX. \u2014 La calificadora Standard &amp; Poor\u2019s (S&amp;P) ratific\u00f3 este martes la calificaci\u00f3n soberana de M\u00e9xico a BBB en moneda extranjera En Sonora en Equipo publicamos toda la informaci\u00f3n de Sonora, M\u00e9xico y el Mundo de manera oportuna y busca que la libertad de expresi\u00f3n sea real. Visita nuestro medio informativo publicado desde Hermosillo, Sonora. %","og_url":"https:\/\/www.sonoraenequipo.com.mx\/mexico-pasa-examen-de-sp-que-ratifica-calificacion-bbb-con-perspectiva-negativa\/","og_site_name":"Sonora en Equipo.","article_publisher":"https:\/\/www.facebook.com\/SonoraEE\/","article_author":"https:\/\/www.facebook.com\/SonoraEE","article_published_time":"2021-06-16T17:30:23+00:00","article_modified_time":"2021-06-16T20:05:55+00:00","og_image":[{"width":700,"height":400,"url":"https:\/\/www.sonoraenequipo.com.mx\/storage\/2021\/06\/cdmx_opt.jpg","type":"image\/jpeg"}],"author":"enequipo","twitter_card":"summary_large_image","twitter_creator":"@sonoraenequipo","twitter_site":"@sonoraenequipo","twitter_misc":{"Escrito por":"enequipo","Tiempo de lectura":"2 minutos"},"schema":{"@context":"https:\/\/schema.org","@graph":[{"@type":"Article","@id":"https:\/\/www.sonoraenequipo.com.mx\/mexico-pasa-examen-de-sp-que-ratifica-calificacion-bbb-con-perspectiva-negativa\/#article","isPartOf":{"@id":"https:\/\/www.sonoraenequipo.com.mx\/mexico-pasa-examen-de-sp-que-ratifica-calificacion-bbb-con-perspectiva-negativa\/"},"author":{"name":"enequipo","@id":"https:\/\/www.sonoraenequipo.com.mx\/#\/schema\/person\/50102df0fb23a8fa9e8effad8fa81386"},"headline":"M\u00e9xico \u00abpasa examen\u00bb de S&#038;P, que ratifica calificaci\u00f3n \u00abBBB\u00bb con perspectiva negativa","datePublished":"2021-06-16T17:30:23+00:00","dateModified":"2021-06-16T20:05:55+00:00","mainEntityOfPage":{"@id":"https:\/\/www.sonoraenequipo.com.mx\/mexico-pasa-examen-de-sp-que-ratifica-calificacion-bbb-con-perspectiva-negativa\/"},"wordCount":462,"commentCount":0,"publisher":{"@id":"https:\/\/www.sonoraenequipo.com.mx\/#organization"},"image":{"@id":"https:\/\/www.sonoraenequipo.com.mx\/mexico-pasa-examen-de-sp-que-ratifica-calificacion-bbb-con-perspectiva-negativa\/#primaryimage"},"thumbnailUrl":"https:\/\/www.sonoraenequipo.com.mx\/storage\/2021\/06\/cdmx_opt.jpg","articleSection":["Rep\u00fablica"],"inLanguage":"es","potentialAction":[{"@type":"CommentAction","name":"Comment","target":["https:\/\/www.sonoraenequipo.com.mx\/mexico-pasa-examen-de-sp-que-ratifica-calificacion-bbb-con-perspectiva-negativa\/#respond"]}]},{"@type":"WebPage","@id":"https:\/\/www.sonoraenequipo.com.mx\/mexico-pasa-examen-de-sp-que-ratifica-calificacion-bbb-con-perspectiva-negativa\/","url":"https:\/\/www.sonoraenequipo.com.mx\/mexico-pasa-examen-de-sp-que-ratifica-calificacion-bbb-con-perspectiva-negativa\/","name":"Sonora en Equipo. M\u00e9xico \"pasa examen\" de S&P, que ratifica calificaci\u00f3n \"BBB\" con perspectiva negativa Rep\u00fablica","isPartOf":{"@id":"https:\/\/www.sonoraenequipo.com.mx\/#website"},"primaryImageOfPage":{"@id":"https:\/\/www.sonoraenequipo.com.mx\/mexico-pasa-examen-de-sp-que-ratifica-calificacion-bbb-con-perspectiva-negativa\/#primaryimage"},"image":{"@id":"https:\/\/www.sonoraenequipo.com.mx\/mexico-pasa-examen-de-sp-que-ratifica-calificacion-bbb-con-perspectiva-negativa\/#primaryimage"},"thumbnailUrl":"https:\/\/www.sonoraenequipo.com.mx\/storage\/2021\/06\/cdmx_opt.jpg","datePublished":"2021-06-16T17:30:23+00:00","dateModified":"2021-06-16T20:05:55+00:00","description":"CIUDAD DE M\u00c9XICO. MX. \u2014 La calificadora Standard &amp; Poor\u2019s (S&amp;P) ratific\u00f3 este martes la calificaci\u00f3n soberana de M\u00e9xico a BBB en moneda extranjera En Sonora en Equipo publicamos toda la informaci\u00f3n de Sonora, M\u00e9xico y el Mundo de manera oportuna y busca que la libertad de expresi\u00f3n sea real. Visita nuestro medio informativo publicado desde Hermosillo, Sonora. %","breadcrumb":{"@id":"https:\/\/www.sonoraenequipo.com.mx\/mexico-pasa-examen-de-sp-que-ratifica-calificacion-bbb-con-perspectiva-negativa\/#breadcrumb"},"inLanguage":"es","potentialAction":[{"@type":"ReadAction","target":["https:\/\/www.sonoraenequipo.com.mx\/mexico-pasa-examen-de-sp-que-ratifica-calificacion-bbb-con-perspectiva-negativa\/"]}]},{"@type":"ImageObject","inLanguage":"es","@id":"https:\/\/www.sonoraenequipo.com.mx\/mexico-pasa-examen-de-sp-que-ratifica-calificacion-bbb-con-perspectiva-negativa\/#primaryimage","url":"https:\/\/www.sonoraenequipo.com.mx\/storage\/2021\/06\/cdmx_opt.jpg","contentUrl":"https:\/\/www.sonoraenequipo.com.mx\/storage\/2021\/06\/cdmx_opt.jpg","width":700,"height":400},{"@type":"BreadcrumbList","@id":"https:\/\/www.sonoraenequipo.com.mx\/mexico-pasa-examen-de-sp-que-ratifica-calificacion-bbb-con-perspectiva-negativa\/#breadcrumb","itemListElement":[{"@type":"ListItem","position":1,"name":"Portada","item":"https:\/\/www.sonoraenequipo.com.mx\/"},{"@type":"ListItem","position":2,"name":"M\u00e9xico \u00abpasa examen\u00bb de S&#038;P, que ratifica calificaci\u00f3n \u00abBBB\u00bb con perspectiva negativa"}]},{"@type":"WebSite","@id":"https:\/\/www.sonoraenequipo.com.mx\/#website","url":"https:\/\/www.sonoraenequipo.com.mx\/","name":"Sonora en Equipo.","description":"Diario en l\u00ednea con Noticias desde Hermosillo, Sonora","publisher":{"@id":"https:\/\/www.sonoraenequipo.com.mx\/#organization"},"potentialAction":[{"@type":"SearchAction","target":{"@type":"EntryPoint","urlTemplate":"https:\/\/www.sonoraenequipo.com.mx\/?s={search_term_string}"},"query-input":{"@type":"PropertyValueSpecification","valueRequired":true,"valueName":"search_term_string"}}],"inLanguage":"es"},{"@type":"Organization","@id":"https:\/\/www.sonoraenequipo.com.mx\/#organization","name":"Sonoraenequipo.com.mx","url":"https:\/\/www.sonoraenequipo.com.mx\/","logo":{"@type":"ImageObject","inLanguage":"es","@id":"https:\/\/www.sonoraenequipo.com.mx\/#\/schema\/logo\/image\/","url":"https:\/\/www.sonoraenequipo.com.mx\/storage\/2019\/01\/sonoraenequipo_opt.png","contentUrl":"https:\/\/www.sonoraenequipo.com.mx\/storage\/2019\/01\/sonoraenequipo_opt.png","width":375,"height":125,"caption":"Sonoraenequipo.com.mx"},"image":{"@id":"https:\/\/www.sonoraenequipo.com.mx\/#\/schema\/logo\/image\/"},"sameAs":["https:\/\/www.facebook.com\/SonoraEE\/","https:\/\/x.com\/sonoraenequipo","https:\/\/www.youtube.com\/channel\/UC338nW-lPEYmJQs4ZABQ1SQ"]},{"@type":"Person","@id":"https:\/\/www.sonoraenequipo.com.mx\/#\/schema\/person\/50102df0fb23a8fa9e8effad8fa81386","name":"enequipo","image":{"@type":"ImageObject","inLanguage":"es","@id":"https:\/\/www.sonoraenequipo.com.mx\/#\/schema\/person\/image\/","url":"https:\/\/secure.gravatar.com\/avatar\/049821681b589dabc0bc20695993ccebb09f5b5d4d790cd9251b97faac7c652b?s=96&d=blank&r=g","contentUrl":"https:\/\/secure.gravatar.com\/avatar\/049821681b589dabc0bc20695993ccebb09f5b5d4d790cd9251b97faac7c652b?s=96&d=blank&r=g","caption":"enequipo"},"sameAs":["https:\/\/www.facebook.com\/SonoraEE"]}]}},"jetpack_featured_media_url":"https:\/\/www.sonoraenequipo.com.mx\/storage\/2021\/06\/cdmx_opt.jpg","_links":{"self":[{"href":"https:\/\/www.sonoraenequipo.com.mx\/api\/wp\/v2\/posts\/116509","targetHints":{"allow":["GET"]}}],"collection":[{"href":"https:\/\/www.sonoraenequipo.com.mx\/api\/wp\/v2\/posts"}],"about":[{"href":"https:\/\/www.sonoraenequipo.com.mx\/api\/wp\/v2\/types\/post"}],"author":[{"embeddable":true,"href":"https:\/\/www.sonoraenequipo.com.mx\/api\/wp\/v2\/users\/1"}],"replies":[{"embeddable":true,"href":"https:\/\/www.sonoraenequipo.com.mx\/api\/wp\/v2\/comments?post=116509"}],"version-history":[{"count":1,"href":"https:\/\/www.sonoraenequipo.com.mx\/api\/wp\/v2\/posts\/116509\/revisions"}],"predecessor-version":[{"id":116519,"href":"https:\/\/www.sonoraenequipo.com.mx\/api\/wp\/v2\/posts\/116509\/revisions\/116519"}],"wp:featuredmedia":[{"embeddable":true,"href":"https:\/\/www.sonoraenequipo.com.mx\/api\/wp\/v2\/media\/116514"}],"wp:attachment":[{"href":"https:\/\/www.sonoraenequipo.com.mx\/api\/wp\/v2\/media?parent=116509"}],"wp:term":[{"taxonomy":"category","embeddable":true,"href":"https:\/\/www.sonoraenequipo.com.mx\/api\/wp\/v2\/categories?post=116509"},{"taxonomy":"post_tag","embeddable":true,"href":"https:\/\/www.sonoraenequipo.com.mx\/api\/wp\/v2\/tags?post=116509"}],"curies":[{"name":"wp","href":"https:\/\/api.w.org\/{rel}","templated":true}]}}