{"id":116544,"date":"2021-06-16T17:50:58","date_gmt":"2021-06-17T00:50:58","guid":{"rendered":"https:\/\/www.sonoraenequipo.com.mx\/?p=116544"},"modified":"2021-06-16T19:17:38","modified_gmt":"2021-06-17T02:17:38","slug":"sheinbaum-se-deslinda-de-sanciones-por-l12-son-competencia-de-la-fiscalia","status":"publish","type":"post","link":"https:\/\/www.sonoraenequipo.com.mx\/sheinbaum-se-deslinda-de-sanciones-por-l12-son-competencia-de-la-fiscalia\/","title":{"rendered":"Sheinbaum se deslinda de sanciones por L12: \u00abSon competencia de la fiscal\u00eda\u00bb"},"content":{"rendered":"<p>CIUDAD DE M\u00c9XICO. MX. \u2014 Determinar qui\u00e9nes son los funcionarios responsables por el desplome de la L\u00ednea 12 del Metro, en el que murieron 26 personas y decenas m\u00e1s resultaron heridas, no es una tarea del Poder Ejecutivo local sino de las instituciones de justicia, se\u00f1al\u00f3 este mi\u00e9rcoles la jefa de gobierno capitalina, Claudia Sheinbaum.<\/p>\n<p>&nbsp;<\/p>\n<p> <\/p>\n<p>&nbsp;<\/p>\n<p><em>\u00abLas responsabilidades derivadas de empresas o servidores p\u00fablicos son competencia de la Fiscal\u00eda General de Justicia de la Ciudad de M\u00e9xico (FGJCDMX)\u00bb,<\/em> dijo ante medios, durante la presentaci\u00f3n del dictamen preliminar sobre el siniestro del lunes 3 de mayo.<\/p>\n<p>&nbsp;<\/p>\n<p>&nbsp;<\/p>\n<p><em>\u00abA nosotros, a la jefa de gobierno, nos corresponde que la L\u00ednea 12 pueda operar lo m\u00e1s pronto posible en condiciones de m\u00e1xima seguridad\u00bb,<\/em> sostuvo Sheinbaum, tras la exposici\u00f3n del documento elaborado por la empresa noruega DNV.<\/p>\n<p>&nbsp;<\/p>\n<p>Los resultados preliminares se\u00f1alan como causa del desplome una falla estructural en la obra, derivada de deficiencias en su construcci\u00f3n y materiales.<\/p>\n<p>&nbsp;<\/p>\n<p>Tambi\u00e9n conocida como<em> \u00abL\u00ednea dorada\u00bb,<\/em> la L\u00ednea 12 del Metro capitalino fue inaugurada a unas semanas de que concluyera el sexenio de Marcelo Ebrard como jefe de gobierno (2006-2012). El proyecto del hoy canciller fue la obra insignia de su administraci\u00f3n en la CDMX.<\/p>\n<p>&nbsp;<\/p>\n<p>&nbsp;<\/p>\n<p>Este mi\u00e9rcoles, Sheinbaum sostuvo que, como parte de la reparaci\u00f3n integral del da\u00f1o hacia las v\u00edctimas, se debe garantizar la no repetici\u00f3n, adem\u00e1s de la restituci\u00f3n, rehabilitaci\u00f3n, compensaci\u00f3n y satisfacci\u00f3n.<\/p>\n<p>&nbsp;<\/p>\n<p><em>\u00abCumpliremos con cada una de ellas no solo por obligaci\u00f3n jur\u00eddica, sino sobre todo por compromiso moral, \u00e9tico y humano\u00bb,<\/em> afirm\u00f3.<\/p>\n<p>&nbsp;<\/p>\n<p>&nbsp;<\/p>\n<p>DNV continuar\u00e1 con las indagatorias sobre lo que provoc\u00f3 la ca\u00edda de una secci\u00f3n del tramo elevado entre las estaciones Olivos y Tezonco bajo tres l\u00edneas de investigaci\u00f3n, las cuales fueron dadas a conocer por el secretario de Obras y Servicios de la CDMX, Jes\u00fas Esteva Medina.<\/p>\n<p>&nbsp;<\/p>\n<p>&nbsp;<\/p>\n<p><em>\u00ab\u00bfEl dise\u00f1o ha sido apropiado para el sistema de la L\u00ednea 12? \u00bfCumplieron los materiales de construcci\u00f3n con lo requerido por el dise\u00f1o? \u00bfCumpli\u00f3 la ejecuci\u00f3n de la construcci\u00f3n con lo requerido por el dise\u00f1o?\u00bb<\/em>, expuso el funcionario.<\/p>\n<p>&nbsp;<\/p>\n<p>Tambi\u00e9n se revisar\u00e1n<em> \u00abotros factores posiblemente contribuyentes, tales como la operaci\u00f3n, reparaciones y rehabilitaciones\u00bb,<\/em> detall\u00f3.<\/p>\n<p>&nbsp;<\/p>\n<p>Entre las deficiencias en la construcci\u00f3n se\u00f1aladas por el dictamen preliminar est\u00e1n la falta de pernos suficientes, malas soldaduras y el uso de materiales distintos a los previstos en el dise\u00f1o.<\/p>\n<p>&nbsp;<\/p>\n<h3>\u00abPermanecer\u00e9 atento\u00bb, dice Ebrard<\/h3>\n<p>&nbsp;<\/p>\n<p>Tras la presentaci\u00f3n del dictamen preliminar, el canciller Ebrard public\u00f3 un posicionamiento en el que insisti\u00f3 en que durante su gesti\u00f3n tom\u00f3 los pasos que consider\u00f3 adecuados para la construcci\u00f3n de la L\u00ednea 12, as\u00ed como en que estar\u00e1 pendiente de los dict\u00e1menes pr\u00f3ximos.<\/p>\n<p>&nbsp;<\/p>\n<p><a class=\"twitter-timeline\" data-width=\"640\" data-height=\"960\" data-dnt=\"true\" href=\"https:\/\/twitter.com\/m_ebrard?ref_src=twsrc%5Etfw\">Tweets by m_ebrard<\/a><script async src=\"https:\/\/platform.twitter.com\/widgets.js\" charset=\"utf-8\"><\/script><\/p>\n<p>&nbsp;<\/p>\n<p>(Publicada el 16\/06\/2021 \/ Shelma Navarrete)<\/p>\n","protected":false},"excerpt":{"rendered":"<p>CIUDAD DE M\u00c9XICO. MX. \u2014 Determinar qui\u00e9nes son los funcionarios responsables por el desplome de&#8230;<\/p>\n","protected":false},"author":1,"featured_media":116546,"comment_status":"open","ping_status":"open","sticky":false,"template":"","format":"standard","meta":{"_monsterinsights_skip_tracking":false,"_monsterinsights_sitenote_active":false,"_monsterinsights_sitenote_note":"","_monsterinsights_sitenote_category":0,"footnotes":""},"categories":[5],"tags":[],"class_list":["post"],"yoast_head":" \n<title>Sonora en Equipo. Sheinbaum se deslinda de sanciones por L12: &quot;Son competencia de la fiscal\u00eda&quot; Rep\u00fablica<\/title>\n<meta name=\"description\" content=\"CIUDAD DE M\u00c9XICO. MX. \u2014 Determinar qui\u00e9nes son los funcionarios responsables por el desplome de la L\u00ednea 12 del Metro, en el que murieron 26 personas y En Sonora en Equipo publicamos toda la informaci\u00f3n de Sonora, M\u00e9xico y el Mundo de manera oportuna y busca que la libertad de expresi\u00f3n sea real. Visita nuestro medio informativo publicado desde Hermosillo, Sonora. %\" \/>\n<meta name=\"robots\" content=\"index, follow, max-snippet:-1, max-image-preview:large, max-video-preview:-1\" \/>\n<link rel=\"canonical\" href=\"https:\/\/www.sonoraenequipo.com.mx\/sheinbaum-se-deslinda-de-sanciones-por-l12-son-competencia-de-la-fiscalia\/\" \/>\n<meta property=\"og:locale\" content=\"es_ES\" \/>\n<meta property=\"og:type\" content=\"article\" \/>\n<meta property=\"og:title\" content=\"Sonora en Equipo. Sheinbaum se deslinda de sanciones por L12: &quot;Son competencia de la fiscal\u00eda&quot; Rep\u00fablica\" \/>\n<meta property=\"og:description\" content=\"CIUDAD DE M\u00c9XICO. MX. \u2014 Determinar qui\u00e9nes son los funcionarios responsables por el desplome de la L\u00ednea 12 del Metro, en el que murieron 26 personas y En Sonora en Equipo publicamos toda la informaci\u00f3n de Sonora, M\u00e9xico y el Mundo de manera oportuna y busca que la libertad de expresi\u00f3n sea real. Visita nuestro medio informativo publicado desde Hermosillo, Sonora. %\" \/>\n<meta property=\"og:url\" content=\"https:\/\/www.sonoraenequipo.com.mx\/sheinbaum-se-deslinda-de-sanciones-por-l12-son-competencia-de-la-fiscalia\/\" \/>\n<meta property=\"og:site_name\" content=\"Sonora en Equipo.\" \/>\n<meta property=\"article:publisher\" content=\"https:\/\/www.facebook.com\/SonoraEE\/\" \/>\n<meta property=\"article:author\" content=\"https:\/\/www.facebook.com\/SonoraEE\" \/>\n<meta property=\"article:published_time\" content=\"2021-06-17T00:50:58+00:00\" \/>\n<meta property=\"article:modified_time\" content=\"2021-06-17T02:17:38+00:00\" \/>\n<meta property=\"og:image\" content=\"https:\/\/www.sonoraenequipo.com.mx\/storage\/2021\/06\/claudia-sheimbaum_opt.jpg\" \/>\n\t<meta property=\"og:image:width\" content=\"700\" \/>\n\t<meta property=\"og:image:height\" content=\"400\" \/>\n\t<meta property=\"og:image:type\" content=\"image\/jpeg\" \/>\n<meta name=\"author\" content=\"enequipo\" \/>\n<meta name=\"twitter:card\" content=\"summary_large_image\" \/>\n<meta name=\"twitter:creator\" content=\"@sonoraenequipo\" \/>\n<meta name=\"twitter:site\" content=\"@sonoraenequipo\" \/>\n<meta name=\"twitter:label1\" content=\"Escrito por\" \/>\n\t<meta name=\"twitter:data1\" content=\"enequipo\" \/>\n\t<meta name=\"twitter:label2\" content=\"Tiempo de lectura\" \/>\n\t<meta name=\"twitter:data2\" content=\"2 minutos\" \/>\n<script type=\"application\/ld+json\" class=\"yoast-schema-graph\">{\"@context\":\"https:\/\/schema.org\",\"@graph\":[{\"@type\":\"Article\",\"@id\":\"https:\/\/www.sonoraenequipo.com.mx\/sheinbaum-se-deslinda-de-sanciones-por-l12-son-competencia-de-la-fiscalia\/#article\",\"isPartOf\":{\"@id\":\"https:\/\/www.sonoraenequipo.com.mx\/sheinbaum-se-deslinda-de-sanciones-por-l12-son-competencia-de-la-fiscalia\/\"},\"author\":{\"name\":\"enequipo\",\"@id\":\"https:\/\/www.sonoraenequipo.com.mx\/#\/schema\/person\/50102df0fb23a8fa9e8effad8fa81386\"},\"headline\":\"Sheinbaum se deslinda de sanciones por L12: \u00abSon competencia de la fiscal\u00eda\u00bb\",\"datePublished\":\"2021-06-17T00:50:58+00:00\",\"dateModified\":\"2021-06-17T02:17:38+00:00\",\"mainEntityOfPage\":{\"@id\":\"https:\/\/www.sonoraenequipo.com.mx\/sheinbaum-se-deslinda-de-sanciones-por-l12-son-competencia-de-la-fiscalia\/\"},\"wordCount\":517,\"commentCount\":0,\"publisher\":{\"@id\":\"https:\/\/www.sonoraenequipo.com.mx\/#organization\"},\"image\":{\"@id\":\"https:\/\/www.sonoraenequipo.com.mx\/sheinbaum-se-deslinda-de-sanciones-por-l12-son-competencia-de-la-fiscalia\/#primaryimage\"},\"thumbnailUrl\":\"https:\/\/www.sonoraenequipo.com.mx\/storage\/2021\/06\/claudia-sheimbaum_opt.jpg\",\"articleSection\":[\"Rep\u00fablica\"],\"inLanguage\":\"es\",\"potentialAction\":[{\"@type\":\"CommentAction\",\"name\":\"Comment\",\"target\":[\"https:\/\/www.sonoraenequipo.com.mx\/sheinbaum-se-deslinda-de-sanciones-por-l12-son-competencia-de-la-fiscalia\/#respond\"]}]},{\"@type\":\"WebPage\",\"@id\":\"https:\/\/www.sonoraenequipo.com.mx\/sheinbaum-se-deslinda-de-sanciones-por-l12-son-competencia-de-la-fiscalia\/\",\"url\":\"https:\/\/www.sonoraenequipo.com.mx\/sheinbaum-se-deslinda-de-sanciones-por-l12-son-competencia-de-la-fiscalia\/\",\"name\":\"Sonora en Equipo. Sheinbaum se deslinda de sanciones por L12: \\\"Son competencia de la fiscal\u00eda\\\" Rep\u00fablica\",\"isPartOf\":{\"@id\":\"https:\/\/www.sonoraenequipo.com.mx\/#website\"},\"primaryImageOfPage\":{\"@id\":\"https:\/\/www.sonoraenequipo.com.mx\/sheinbaum-se-deslinda-de-sanciones-por-l12-son-competencia-de-la-fiscalia\/#primaryimage\"},\"image\":{\"@id\":\"https:\/\/www.sonoraenequipo.com.mx\/sheinbaum-se-deslinda-de-sanciones-por-l12-son-competencia-de-la-fiscalia\/#primaryimage\"},\"thumbnailUrl\":\"https:\/\/www.sonoraenequipo.com.mx\/storage\/2021\/06\/claudia-sheimbaum_opt.jpg\",\"datePublished\":\"2021-06-17T00:50:58+00:00\",\"dateModified\":\"2021-06-17T02:17:38+00:00\",\"description\":\"CIUDAD DE M\u00c9XICO. MX. \u2014 Determinar qui\u00e9nes son los funcionarios responsables por el desplome de la L\u00ednea 12 del Metro, en el que murieron 26 personas y En Sonora en Equipo publicamos toda la informaci\u00f3n de Sonora, M\u00e9xico y el Mundo de manera oportuna y busca que la libertad de expresi\u00f3n sea real. Visita nuestro medio informativo publicado desde Hermosillo, Sonora. %\",\"breadcrumb\":{\"@id\":\"https:\/\/www.sonoraenequipo.com.mx\/sheinbaum-se-deslinda-de-sanciones-por-l12-son-competencia-de-la-fiscalia\/#breadcrumb\"},\"inLanguage\":\"es\",\"potentialAction\":[{\"@type\":\"ReadAction\",\"target\":[\"https:\/\/www.sonoraenequipo.com.mx\/sheinbaum-se-deslinda-de-sanciones-por-l12-son-competencia-de-la-fiscalia\/\"]}]},{\"@type\":\"ImageObject\",\"inLanguage\":\"es\",\"@id\":\"https:\/\/www.sonoraenequipo.com.mx\/sheinbaum-se-deslinda-de-sanciones-por-l12-son-competencia-de-la-fiscalia\/#primaryimage\",\"url\":\"https:\/\/www.sonoraenequipo.com.mx\/storage\/2021\/06\/claudia-sheimbaum_opt.jpg\",\"contentUrl\":\"https:\/\/www.sonoraenequipo.com.mx\/storage\/2021\/06\/claudia-sheimbaum_opt.jpg\",\"width\":700,\"height\":400},{\"@type\":\"BreadcrumbList\",\"@id\":\"https:\/\/www.sonoraenequipo.com.mx\/sheinbaum-se-deslinda-de-sanciones-por-l12-son-competencia-de-la-fiscalia\/#breadcrumb\",\"itemListElement\":[{\"@type\":\"ListItem\",\"position\":1,\"name\":\"Portada\",\"item\":\"https:\/\/www.sonoraenequipo.com.mx\/\"},{\"@type\":\"ListItem\",\"position\":2,\"name\":\"Sheinbaum se deslinda de sanciones por L12: \u00abSon competencia de la fiscal\u00eda\u00bb\"}]},{\"@type\":\"WebSite\",\"@id\":\"https:\/\/www.sonoraenequipo.com.mx\/#website\",\"url\":\"https:\/\/www.sonoraenequipo.com.mx\/\",\"name\":\"Sonora en Equipo.\",\"description\":\"Diario en l\u00ednea con Noticias desde Hermosillo, Sonora\",\"publisher\":{\"@id\":\"https:\/\/www.sonoraenequipo.com.mx\/#organization\"},\"potentialAction\":[{\"@type\":\"SearchAction\",\"target\":{\"@type\":\"EntryPoint\",\"urlTemplate\":\"https:\/\/www.sonoraenequipo.com.mx\/?s={search_term_string}\"},\"query-input\":{\"@type\":\"PropertyValueSpecification\",\"valueRequired\":true,\"valueName\":\"search_term_string\"}}],\"inLanguage\":\"es\"},{\"@type\":\"Organization\",\"@id\":\"https:\/\/www.sonoraenequipo.com.mx\/#organization\",\"name\":\"Sonoraenequipo.com.mx\",\"url\":\"https:\/\/www.sonoraenequipo.com.mx\/\",\"logo\":{\"@type\":\"ImageObject\",\"inLanguage\":\"es\",\"@id\":\"https:\/\/www.sonoraenequipo.com.mx\/#\/schema\/logo\/image\/\",\"url\":\"https:\/\/www.sonoraenequipo.com.mx\/storage\/2019\/01\/sonoraenequipo_opt.png\",\"contentUrl\":\"https:\/\/www.sonoraenequipo.com.mx\/storage\/2019\/01\/sonoraenequipo_opt.png\",\"width\":375,\"height\":125,\"caption\":\"Sonoraenequipo.com.mx\"},\"image\":{\"@id\":\"https:\/\/www.sonoraenequipo.com.mx\/#\/schema\/logo\/image\/\"},\"sameAs\":[\"https:\/\/www.facebook.com\/SonoraEE\/\",\"https:\/\/x.com\/sonoraenequipo\",\"https:\/\/www.youtube.com\/channel\/UC338nW-lPEYmJQs4ZABQ1SQ\"]},{\"@type\":\"Person\",\"@id\":\"https:\/\/www.sonoraenequipo.com.mx\/#\/schema\/person\/50102df0fb23a8fa9e8effad8fa81386\",\"name\":\"enequipo\",\"image\":{\"@type\":\"ImageObject\",\"inLanguage\":\"es\",\"@id\":\"https:\/\/www.sonoraenequipo.com.mx\/#\/schema\/person\/image\/\",\"url\":\"https:\/\/secure.gravatar.com\/avatar\/049821681b589dabc0bc20695993ccebb09f5b5d4d790cd9251b97faac7c652b?s=96&d=blank&r=g\",\"contentUrl\":\"https:\/\/secure.gravatar.com\/avatar\/049821681b589dabc0bc20695993ccebb09f5b5d4d790cd9251b97faac7c652b?s=96&d=blank&r=g\",\"caption\":\"enequipo\"},\"sameAs\":[\"https:\/\/www.facebook.com\/SonoraEE\"]}]}<\/script>\n ","yoast_head_json":{"title":"Sonora en Equipo. Sheinbaum se deslinda de sanciones por L12: \"Son competencia de la fiscal\u00eda\" Rep\u00fablica","description":"CIUDAD DE M\u00c9XICO. MX. \u2014 Determinar qui\u00e9nes son los funcionarios responsables por el desplome de la L\u00ednea 12 del Metro, en el que murieron 26 personas y En Sonora en Equipo publicamos toda la informaci\u00f3n de Sonora, M\u00e9xico y el Mundo de manera oportuna y busca que la libertad de expresi\u00f3n sea real. Visita nuestro medio informativo publicado desde Hermosillo, Sonora. %","robots":{"index":"index","follow":"follow","max-snippet":"max-snippet:-1","max-image-preview":"max-image-preview:large","max-video-preview":"max-video-preview:-1"},"canonical":"https:\/\/www.sonoraenequipo.com.mx\/sheinbaum-se-deslinda-de-sanciones-por-l12-son-competencia-de-la-fiscalia\/","og_locale":"es_ES","og_type":"article","og_title":"Sonora en Equipo. Sheinbaum se deslinda de sanciones por L12: \"Son competencia de la fiscal\u00eda\" Rep\u00fablica","og_description":"CIUDAD DE M\u00c9XICO. MX. \u2014 Determinar qui\u00e9nes son los funcionarios responsables por el desplome de la L\u00ednea 12 del Metro, en el que murieron 26 personas y En Sonora en Equipo publicamos toda la informaci\u00f3n de Sonora, M\u00e9xico y el Mundo de manera oportuna y busca que la libertad de expresi\u00f3n sea real. Visita nuestro medio informativo publicado desde Hermosillo, Sonora. %","og_url":"https:\/\/www.sonoraenequipo.com.mx\/sheinbaum-se-deslinda-de-sanciones-por-l12-son-competencia-de-la-fiscalia\/","og_site_name":"Sonora en Equipo.","article_publisher":"https:\/\/www.facebook.com\/SonoraEE\/","article_author":"https:\/\/www.facebook.com\/SonoraEE","article_published_time":"2021-06-17T00:50:58+00:00","article_modified_time":"2021-06-17T02:17:38+00:00","og_image":[{"width":700,"height":400,"url":"https:\/\/www.sonoraenequipo.com.mx\/storage\/2021\/06\/claudia-sheimbaum_opt.jpg","type":"image\/jpeg"}],"author":"enequipo","twitter_card":"summary_large_image","twitter_creator":"@sonoraenequipo","twitter_site":"@sonoraenequipo","twitter_misc":{"Escrito por":"enequipo","Tiempo de lectura":"2 minutos"},"schema":{"@context":"https:\/\/schema.org","@graph":[{"@type":"Article","@id":"https:\/\/www.sonoraenequipo.com.mx\/sheinbaum-se-deslinda-de-sanciones-por-l12-son-competencia-de-la-fiscalia\/#article","isPartOf":{"@id":"https:\/\/www.sonoraenequipo.com.mx\/sheinbaum-se-deslinda-de-sanciones-por-l12-son-competencia-de-la-fiscalia\/"},"author":{"name":"enequipo","@id":"https:\/\/www.sonoraenequipo.com.mx\/#\/schema\/person\/50102df0fb23a8fa9e8effad8fa81386"},"headline":"Sheinbaum se deslinda de sanciones por L12: \u00abSon competencia de la fiscal\u00eda\u00bb","datePublished":"2021-06-17T00:50:58+00:00","dateModified":"2021-06-17T02:17:38+00:00","mainEntityOfPage":{"@id":"https:\/\/www.sonoraenequipo.com.mx\/sheinbaum-se-deslinda-de-sanciones-por-l12-son-competencia-de-la-fiscalia\/"},"wordCount":517,"commentCount":0,"publisher":{"@id":"https:\/\/www.sonoraenequipo.com.mx\/#organization"},"image":{"@id":"https:\/\/www.sonoraenequipo.com.mx\/sheinbaum-se-deslinda-de-sanciones-por-l12-son-competencia-de-la-fiscalia\/#primaryimage"},"thumbnailUrl":"https:\/\/www.sonoraenequipo.com.mx\/storage\/2021\/06\/claudia-sheimbaum_opt.jpg","articleSection":["Rep\u00fablica"],"inLanguage":"es","potentialAction":[{"@type":"CommentAction","name":"Comment","target":["https:\/\/www.sonoraenequipo.com.mx\/sheinbaum-se-deslinda-de-sanciones-por-l12-son-competencia-de-la-fiscalia\/#respond"]}]},{"@type":"WebPage","@id":"https:\/\/www.sonoraenequipo.com.mx\/sheinbaum-se-deslinda-de-sanciones-por-l12-son-competencia-de-la-fiscalia\/","url":"https:\/\/www.sonoraenequipo.com.mx\/sheinbaum-se-deslinda-de-sanciones-por-l12-son-competencia-de-la-fiscalia\/","name":"Sonora en Equipo. Sheinbaum se deslinda de sanciones por L12: \"Son competencia de la fiscal\u00eda\" Rep\u00fablica","isPartOf":{"@id":"https:\/\/www.sonoraenequipo.com.mx\/#website"},"primaryImageOfPage":{"@id":"https:\/\/www.sonoraenequipo.com.mx\/sheinbaum-se-deslinda-de-sanciones-por-l12-son-competencia-de-la-fiscalia\/#primaryimage"},"image":{"@id":"https:\/\/www.sonoraenequipo.com.mx\/sheinbaum-se-deslinda-de-sanciones-por-l12-son-competencia-de-la-fiscalia\/#primaryimage"},"thumbnailUrl":"https:\/\/www.sonoraenequipo.com.mx\/storage\/2021\/06\/claudia-sheimbaum_opt.jpg","datePublished":"2021-06-17T00:50:58+00:00","dateModified":"2021-06-17T02:17:38+00:00","description":"CIUDAD DE M\u00c9XICO. MX. \u2014 Determinar qui\u00e9nes son los funcionarios responsables por el desplome de la L\u00ednea 12 del Metro, en el que murieron 26 personas y En Sonora en Equipo publicamos toda la informaci\u00f3n de Sonora, M\u00e9xico y el Mundo de manera oportuna y busca que la libertad de expresi\u00f3n sea real. Visita nuestro medio informativo publicado desde Hermosillo, Sonora. %","breadcrumb":{"@id":"https:\/\/www.sonoraenequipo.com.mx\/sheinbaum-se-deslinda-de-sanciones-por-l12-son-competencia-de-la-fiscalia\/#breadcrumb"},"inLanguage":"es","potentialAction":[{"@type":"ReadAction","target":["https:\/\/www.sonoraenequipo.com.mx\/sheinbaum-se-deslinda-de-sanciones-por-l12-son-competencia-de-la-fiscalia\/"]}]},{"@type":"ImageObject","inLanguage":"es","@id":"https:\/\/www.sonoraenequipo.com.mx\/sheinbaum-se-deslinda-de-sanciones-por-l12-son-competencia-de-la-fiscalia\/#primaryimage","url":"https:\/\/www.sonoraenequipo.com.mx\/storage\/2021\/06\/claudia-sheimbaum_opt.jpg","contentUrl":"https:\/\/www.sonoraenequipo.com.mx\/storage\/2021\/06\/claudia-sheimbaum_opt.jpg","width":700,"height":400},{"@type":"BreadcrumbList","@id":"https:\/\/www.sonoraenequipo.com.mx\/sheinbaum-se-deslinda-de-sanciones-por-l12-son-competencia-de-la-fiscalia\/#breadcrumb","itemListElement":[{"@type":"ListItem","position":1,"name":"Portada","item":"https:\/\/www.sonoraenequipo.com.mx\/"},{"@type":"ListItem","position":2,"name":"Sheinbaum se deslinda de sanciones por L12: \u00abSon competencia de la fiscal\u00eda\u00bb"}]},{"@type":"WebSite","@id":"https:\/\/www.sonoraenequipo.com.mx\/#website","url":"https:\/\/www.sonoraenequipo.com.mx\/","name":"Sonora en Equipo.","description":"Diario en l\u00ednea con Noticias desde Hermosillo, Sonora","publisher":{"@id":"https:\/\/www.sonoraenequipo.com.mx\/#organization"},"potentialAction":[{"@type":"SearchAction","target":{"@type":"EntryPoint","urlTemplate":"https:\/\/www.sonoraenequipo.com.mx\/?s={search_term_string}"},"query-input":{"@type":"PropertyValueSpecification","valueRequired":true,"valueName":"search_term_string"}}],"inLanguage":"es"},{"@type":"Organization","@id":"https:\/\/www.sonoraenequipo.com.mx\/#organization","name":"Sonoraenequipo.com.mx","url":"https:\/\/www.sonoraenequipo.com.mx\/","logo":{"@type":"ImageObject","inLanguage":"es","@id":"https:\/\/www.sonoraenequipo.com.mx\/#\/schema\/logo\/image\/","url":"https:\/\/www.sonoraenequipo.com.mx\/storage\/2019\/01\/sonoraenequipo_opt.png","contentUrl":"https:\/\/www.sonoraenequipo.com.mx\/storage\/2019\/01\/sonoraenequipo_opt.png","width":375,"height":125,"caption":"Sonoraenequipo.com.mx"},"image":{"@id":"https:\/\/www.sonoraenequipo.com.mx\/#\/schema\/logo\/image\/"},"sameAs":["https:\/\/www.facebook.com\/SonoraEE\/","https:\/\/x.com\/sonoraenequipo","https:\/\/www.youtube.com\/channel\/UC338nW-lPEYmJQs4ZABQ1SQ"]},{"@type":"Person","@id":"https:\/\/www.sonoraenequipo.com.mx\/#\/schema\/person\/50102df0fb23a8fa9e8effad8fa81386","name":"enequipo","image":{"@type":"ImageObject","inLanguage":"es","@id":"https:\/\/www.sonoraenequipo.com.mx\/#\/schema\/person\/image\/","url":"https:\/\/secure.gravatar.com\/avatar\/049821681b589dabc0bc20695993ccebb09f5b5d4d790cd9251b97faac7c652b?s=96&d=blank&r=g","contentUrl":"https:\/\/secure.gravatar.com\/avatar\/049821681b589dabc0bc20695993ccebb09f5b5d4d790cd9251b97faac7c652b?s=96&d=blank&r=g","caption":"enequipo"},"sameAs":["https:\/\/www.facebook.com\/SonoraEE"]}]}},"jetpack_featured_media_url":"https:\/\/www.sonoraenequipo.com.mx\/storage\/2021\/06\/claudia-sheimbaum_opt.jpg","_links":{"self":[{"href":"https:\/\/www.sonoraenequipo.com.mx\/api\/wp\/v2\/posts\/116544","targetHints":{"allow":["GET"]}}],"collection":[{"href":"https:\/\/www.sonoraenequipo.com.mx\/api\/wp\/v2\/posts"}],"about":[{"href":"https:\/\/www.sonoraenequipo.com.mx\/api\/wp\/v2\/types\/post"}],"author":[{"embeddable":true,"href":"https:\/\/www.sonoraenequipo.com.mx\/api\/wp\/v2\/users\/1"}],"replies":[{"embeddable":true,"href":"https:\/\/www.sonoraenequipo.com.mx\/api\/wp\/v2\/comments?post=116544"}],"version-history":[{"count":1,"href":"https:\/\/www.sonoraenequipo.com.mx\/api\/wp\/v2\/posts\/116544\/revisions"}],"predecessor-version":[{"id":116549,"href":"https:\/\/www.sonoraenequipo.com.mx\/api\/wp\/v2\/posts\/116544\/revisions\/116549"}],"wp:featuredmedia":[{"embeddable":true,"href":"https:\/\/www.sonoraenequipo.com.mx\/api\/wp\/v2\/media\/116546"}],"wp:attachment":[{"href":"https:\/\/www.sonoraenequipo.com.mx\/api\/wp\/v2\/media?parent=116544"}],"wp:term":[{"taxonomy":"category","embeddable":true,"href":"https:\/\/www.sonoraenequipo.com.mx\/api\/wp\/v2\/categories?post=116544"},{"taxonomy":"post_tag","embeddable":true,"href":"https:\/\/www.sonoraenequipo.com.mx\/api\/wp\/v2\/tags?post=116544"}],"curies":[{"name":"wp","href":"https:\/\/api.w.org\/{rel}","templated":true}]}}