{"id":116550,"date":"2021-06-16T19:45:35","date_gmt":"2021-06-17T02:45:35","guid":{"rendered":"https:\/\/www.sonoraenequipo.com.mx\/?p=116550"},"modified":"2021-06-16T19:45:35","modified_gmt":"2021-06-17T02:45:35","slug":"dia-historico-hoy-en-la-universidad-de-sonora-dice-gobernadora-de-sonora-claudia-pavlovich","status":"publish","type":"post","link":"https:\/\/www.sonoraenequipo.com.mx\/dia-historico-hoy-en-la-universidad-de-sonora-dice-gobernadora-de-sonora-claudia-pavlovich\/","title":{"rendered":"D\u00eda hist\u00f3rico hoy en la Universidad de Sonora, dice Gobernadora de Sonora, Claudia Pavlovich"},"content":{"rendered":"<p>HERMOSILLO, SONORA. MX. \u2014 Como una fecha hist\u00f3rica calific\u00f3 la gobernadora Claudia Pavlovich Arellano este d\u00eda en el que rindi\u00f3 protesta Mar\u00eda Rita Plancarte Mart\u00ednez como rectora de la Universidad de Sonora, con lo cual se convirti\u00f3 en la primera mujer en ocupar este puesto en la M\u00e1xima Casa de Estudios en la entidad.<\/p>\n<p>&nbsp;<\/p>\n<p> <\/p>\n<p>La mandataria estatal y la rectora de la Universidad de Sonora se reunieron en Palacio de Gobierno, donde despu\u00e9s de conocer los planes de trabajo para la instituci\u00f3n, la gobernadora Pavlovich le expres\u00f3, a nombre del Poder Ejecutivo, su reconocimiento y deseos de \u00e9xito en esta encomienda que se le ha conferido y en la que, dijo, con su talento y trabajo lograr\u00e1 engrandecer m\u00e1s a la instituci\u00f3n.<\/p>\n<p>&nbsp;<\/p>\n<p><em>\u201cSin duda, la llegada de una mujer, una humanista, con un perfil profesional como el de Rita Plancarte representa una ruta muy segura para la comunidad universitaria de que habr\u00e1 trabajo efectivo y condiciones favorables para que nuestra querida Universidad de Sonora siga creciendo y destacando a nivel nacional y formando a los mejores profesionistas\u201d,<\/em> enfatiz\u00f3.<\/p>\n<p>&nbsp;<\/p>\n<p>Por su parte, la rectora Rita Plancarte se\u00f1al\u00f3 que en este encuentro con la gobernadora Pavlovich le reiter\u00f3 la importancia del Alma M\u00e1ter en el desarrollo de la educaci\u00f3n, la ciencia, la tecnolog\u00eda, las artes y las humanidades para el estado de Sonora.<\/p>\n<p>&nbsp;<\/p>\n<p>Asimismo, coment\u00f3 que ser la primera rectora de esta casa de estudios, as\u00ed como haber sido la gobernadora Pavlovich la primera mandataria en el estado, no es una concesi\u00f3n dada, sino un derecho ejercido y es muestra de la evoluci\u00f3n positiva de la sociedad.<\/p>\n<p>&nbsp;<\/p>\n<p>&nbsp;<\/p>\n<p>(Publicada el 16\/06\/2021)<\/p>\n","protected":false},"excerpt":{"rendered":"<p>HERMOSILLO, SONORA. MX. \u2014 Como una fecha hist\u00f3rica calific\u00f3 la gobernadora Claudia Pavlovich Arellano este&#8230;<\/p>\n","protected":false},"author":1,"featured_media":116556,"comment_status":"open","ping_status":"open","sticky":false,"template":"","format":"standard","meta":{"_monsterinsights_skip_tracking":false,"_monsterinsights_sitenote_active":false,"_monsterinsights_sitenote_note":"","_monsterinsights_sitenote_category":0,"footnotes":""},"categories":[22],"tags":[],"class_list":["post"],"yoast_head":" \n<title>Sonora en Equipo. D\u00eda hist\u00f3rico hoy en la Universidad de Sonora, dice Gobernadora de Sonora, Claudia Pavlovich Sonora<\/title>\n<meta name=\"description\" content=\"HERMOSILLO, SONORA. MX. \u2014 Como una fecha hist\u00f3rica calific\u00f3 la gobernadora Claudia Pavlovich Arellano este d\u00eda en el que rindi\u00f3 protesta Mar\u00eda Rita En Sonora en Equipo publicamos toda la informaci\u00f3n de Sonora, M\u00e9xico y el Mundo de manera oportuna y busca que la libertad de expresi\u00f3n sea real. Visita nuestro medio informativo publicado desde Hermosillo, Sonora. %\" \/>\n<meta name=\"robots\" content=\"index, follow, max-snippet:-1, max-image-preview:large, max-video-preview:-1\" \/>\n<link rel=\"canonical\" href=\"https:\/\/www.sonoraenequipo.com.mx\/dia-historico-hoy-en-la-universidad-de-sonora-dice-gobernadora-de-sonora-claudia-pavlovich\/\" \/>\n<meta property=\"og:locale\" content=\"es_ES\" \/>\n<meta property=\"og:type\" content=\"article\" \/>\n<meta property=\"og:title\" content=\"Sonora en Equipo. D\u00eda hist\u00f3rico hoy en la Universidad de Sonora, dice Gobernadora de Sonora, Claudia Pavlovich Sonora\" \/>\n<meta property=\"og:description\" content=\"HERMOSILLO, SONORA. MX. \u2014 Como una fecha hist\u00f3rica calific\u00f3 la gobernadora Claudia Pavlovich Arellano este d\u00eda en el que rindi\u00f3 protesta Mar\u00eda Rita En Sonora en Equipo publicamos toda la informaci\u00f3n de Sonora, M\u00e9xico y el Mundo de manera oportuna y busca que la libertad de expresi\u00f3n sea real. Visita nuestro medio informativo publicado desde Hermosillo, Sonora. %\" \/>\n<meta property=\"og:url\" content=\"https:\/\/www.sonoraenequipo.com.mx\/dia-historico-hoy-en-la-universidad-de-sonora-dice-gobernadora-de-sonora-claudia-pavlovich\/\" \/>\n<meta property=\"og:site_name\" content=\"Sonora en Equipo.\" \/>\n<meta property=\"article:publisher\" content=\"https:\/\/www.facebook.com\/SonoraEE\/\" \/>\n<meta property=\"article:author\" content=\"https:\/\/www.facebook.com\/SonoraEE\" \/>\n<meta property=\"article:published_time\" content=\"2021-06-17T02:45:35+00:00\" \/>\n<meta property=\"og:image\" content=\"https:\/\/www.sonoraenequipo.com.mx\/storage\/2021\/06\/Claudia-Pavlovich-y-Rita-Plancarte_opt.jpg\" \/>\n\t<meta property=\"og:image:width\" content=\"700\" \/>\n\t<meta property=\"og:image:height\" content=\"400\" \/>\n\t<meta property=\"og:image:type\" content=\"image\/jpeg\" \/>\n<meta name=\"author\" content=\"enequipo\" \/>\n<meta name=\"twitter:card\" content=\"summary_large_image\" \/>\n<meta name=\"twitter:creator\" content=\"@sonoraenequipo\" \/>\n<meta name=\"twitter:site\" content=\"@sonoraenequipo\" \/>\n<meta name=\"twitter:label1\" content=\"Escrito por\" \/>\n\t<meta name=\"twitter:data1\" content=\"enequipo\" \/>\n\t<meta name=\"twitter:label2\" content=\"Tiempo de lectura\" \/>\n\t<meta name=\"twitter:data2\" content=\"2 minutos\" \/>\n<script type=\"application\/ld+json\" class=\"yoast-schema-graph\">{\"@context\":\"https:\/\/schema.org\",\"@graph\":[{\"@type\":\"Article\",\"@id\":\"https:\/\/www.sonoraenequipo.com.mx\/dia-historico-hoy-en-la-universidad-de-sonora-dice-gobernadora-de-sonora-claudia-pavlovich\/#article\",\"isPartOf\":{\"@id\":\"https:\/\/www.sonoraenequipo.com.mx\/dia-historico-hoy-en-la-universidad-de-sonora-dice-gobernadora-de-sonora-claudia-pavlovich\/\"},\"author\":{\"name\":\"enequipo\",\"@id\":\"https:\/\/www.sonoraenequipo.com.mx\/#\/schema\/person\/50102df0fb23a8fa9e8effad8fa81386\"},\"headline\":\"D\u00eda hist\u00f3rico hoy en la Universidad de Sonora, dice Gobernadora de Sonora, Claudia Pavlovich\",\"datePublished\":\"2021-06-17T02:45:35+00:00\",\"mainEntityOfPage\":{\"@id\":\"https:\/\/www.sonoraenequipo.com.mx\/dia-historico-hoy-en-la-universidad-de-sonora-dice-gobernadora-de-sonora-claudia-pavlovich\/\"},\"wordCount\":303,\"commentCount\":0,\"publisher\":{\"@id\":\"https:\/\/www.sonoraenequipo.com.mx\/#organization\"},\"image\":{\"@id\":\"https:\/\/www.sonoraenequipo.com.mx\/dia-historico-hoy-en-la-universidad-de-sonora-dice-gobernadora-de-sonora-claudia-pavlovich\/#primaryimage\"},\"thumbnailUrl\":\"https:\/\/www.sonoraenequipo.com.mx\/storage\/2021\/06\/Claudia-Pavlovich-y-Rita-Plancarte_opt.jpg\",\"articleSection\":[\"Sonora\"],\"inLanguage\":\"es\",\"potentialAction\":[{\"@type\":\"CommentAction\",\"name\":\"Comment\",\"target\":[\"https:\/\/www.sonoraenequipo.com.mx\/dia-historico-hoy-en-la-universidad-de-sonora-dice-gobernadora-de-sonora-claudia-pavlovich\/#respond\"]}]},{\"@type\":\"WebPage\",\"@id\":\"https:\/\/www.sonoraenequipo.com.mx\/dia-historico-hoy-en-la-universidad-de-sonora-dice-gobernadora-de-sonora-claudia-pavlovich\/\",\"url\":\"https:\/\/www.sonoraenequipo.com.mx\/dia-historico-hoy-en-la-universidad-de-sonora-dice-gobernadora-de-sonora-claudia-pavlovich\/\",\"name\":\"Sonora en Equipo. D\u00eda hist\u00f3rico hoy en la Universidad de Sonora, dice Gobernadora de Sonora, Claudia Pavlovich Sonora\",\"isPartOf\":{\"@id\":\"https:\/\/www.sonoraenequipo.com.mx\/#website\"},\"primaryImageOfPage\":{\"@id\":\"https:\/\/www.sonoraenequipo.com.mx\/dia-historico-hoy-en-la-universidad-de-sonora-dice-gobernadora-de-sonora-claudia-pavlovich\/#primaryimage\"},\"image\":{\"@id\":\"https:\/\/www.sonoraenequipo.com.mx\/dia-historico-hoy-en-la-universidad-de-sonora-dice-gobernadora-de-sonora-claudia-pavlovich\/#primaryimage\"},\"thumbnailUrl\":\"https:\/\/www.sonoraenequipo.com.mx\/storage\/2021\/06\/Claudia-Pavlovich-y-Rita-Plancarte_opt.jpg\",\"datePublished\":\"2021-06-17T02:45:35+00:00\",\"description\":\"HERMOSILLO, SONORA. MX. \u2014 Como una fecha hist\u00f3rica calific\u00f3 la gobernadora Claudia Pavlovich Arellano este d\u00eda en el que rindi\u00f3 protesta Mar\u00eda Rita En Sonora en Equipo publicamos toda la informaci\u00f3n de Sonora, M\u00e9xico y el Mundo de manera oportuna y busca que la libertad de expresi\u00f3n sea real. Visita nuestro medio informativo publicado desde Hermosillo, Sonora. %\",\"breadcrumb\":{\"@id\":\"https:\/\/www.sonoraenequipo.com.mx\/dia-historico-hoy-en-la-universidad-de-sonora-dice-gobernadora-de-sonora-claudia-pavlovich\/#breadcrumb\"},\"inLanguage\":\"es\",\"potentialAction\":[{\"@type\":\"ReadAction\",\"target\":[\"https:\/\/www.sonoraenequipo.com.mx\/dia-historico-hoy-en-la-universidad-de-sonora-dice-gobernadora-de-sonora-claudia-pavlovich\/\"]}]},{\"@type\":\"ImageObject\",\"inLanguage\":\"es\",\"@id\":\"https:\/\/www.sonoraenequipo.com.mx\/dia-historico-hoy-en-la-universidad-de-sonora-dice-gobernadora-de-sonora-claudia-pavlovich\/#primaryimage\",\"url\":\"https:\/\/www.sonoraenequipo.com.mx\/storage\/2021\/06\/Claudia-Pavlovich-y-Rita-Plancarte_opt.jpg\",\"contentUrl\":\"https:\/\/www.sonoraenequipo.com.mx\/storage\/2021\/06\/Claudia-Pavlovich-y-Rita-Plancarte_opt.jpg\",\"width\":700,\"height\":400},{\"@type\":\"BreadcrumbList\",\"@id\":\"https:\/\/www.sonoraenequipo.com.mx\/dia-historico-hoy-en-la-universidad-de-sonora-dice-gobernadora-de-sonora-claudia-pavlovich\/#breadcrumb\",\"itemListElement\":[{\"@type\":\"ListItem\",\"position\":1,\"name\":\"Portada\",\"item\":\"https:\/\/www.sonoraenequipo.com.mx\/\"},{\"@type\":\"ListItem\",\"position\":2,\"name\":\"D\u00eda hist\u00f3rico hoy en la Universidad de Sonora, dice Gobernadora de Sonora, Claudia Pavlovich\"}]},{\"@type\":\"WebSite\",\"@id\":\"https:\/\/www.sonoraenequipo.com.mx\/#website\",\"url\":\"https:\/\/www.sonoraenequipo.com.mx\/\",\"name\":\"Sonora en Equipo.\",\"description\":\"Diario en l\u00ednea con Noticias desde Hermosillo, Sonora\",\"publisher\":{\"@id\":\"https:\/\/www.sonoraenequipo.com.mx\/#organization\"},\"potentialAction\":[{\"@type\":\"SearchAction\",\"target\":{\"@type\":\"EntryPoint\",\"urlTemplate\":\"https:\/\/www.sonoraenequipo.com.mx\/?s={search_term_string}\"},\"query-input\":{\"@type\":\"PropertyValueSpecification\",\"valueRequired\":true,\"valueName\":\"search_term_string\"}}],\"inLanguage\":\"es\"},{\"@type\":\"Organization\",\"@id\":\"https:\/\/www.sonoraenequipo.com.mx\/#organization\",\"name\":\"Sonoraenequipo.com.mx\",\"url\":\"https:\/\/www.sonoraenequipo.com.mx\/\",\"logo\":{\"@type\":\"ImageObject\",\"inLanguage\":\"es\",\"@id\":\"https:\/\/www.sonoraenequipo.com.mx\/#\/schema\/logo\/image\/\",\"url\":\"https:\/\/www.sonoraenequipo.com.mx\/storage\/2019\/01\/sonoraenequipo_opt.png\",\"contentUrl\":\"https:\/\/www.sonoraenequipo.com.mx\/storage\/2019\/01\/sonoraenequipo_opt.png\",\"width\":375,\"height\":125,\"caption\":\"Sonoraenequipo.com.mx\"},\"image\":{\"@id\":\"https:\/\/www.sonoraenequipo.com.mx\/#\/schema\/logo\/image\/\"},\"sameAs\":[\"https:\/\/www.facebook.com\/SonoraEE\/\",\"https:\/\/x.com\/sonoraenequipo\",\"https:\/\/www.youtube.com\/channel\/UC338nW-lPEYmJQs4ZABQ1SQ\"]},{\"@type\":\"Person\",\"@id\":\"https:\/\/www.sonoraenequipo.com.mx\/#\/schema\/person\/50102df0fb23a8fa9e8effad8fa81386\",\"name\":\"enequipo\",\"image\":{\"@type\":\"ImageObject\",\"inLanguage\":\"es\",\"@id\":\"https:\/\/www.sonoraenequipo.com.mx\/#\/schema\/person\/image\/\",\"url\":\"https:\/\/secure.gravatar.com\/avatar\/049821681b589dabc0bc20695993ccebb09f5b5d4d790cd9251b97faac7c652b?s=96&d=blank&r=g\",\"contentUrl\":\"https:\/\/secure.gravatar.com\/avatar\/049821681b589dabc0bc20695993ccebb09f5b5d4d790cd9251b97faac7c652b?s=96&d=blank&r=g\",\"caption\":\"enequipo\"},\"sameAs\":[\"https:\/\/www.facebook.com\/SonoraEE\"]}]}<\/script>\n ","yoast_head_json":{"title":"Sonora en Equipo. D\u00eda hist\u00f3rico hoy en la Universidad de Sonora, dice Gobernadora de Sonora, Claudia Pavlovich Sonora","description":"HERMOSILLO, SONORA. MX. \u2014 Como una fecha hist\u00f3rica calific\u00f3 la gobernadora Claudia Pavlovich Arellano este d\u00eda en el que rindi\u00f3 protesta Mar\u00eda Rita En Sonora en Equipo publicamos toda la informaci\u00f3n de Sonora, M\u00e9xico y el Mundo de manera oportuna y busca que la libertad de expresi\u00f3n sea real. Visita nuestro medio informativo publicado desde Hermosillo, Sonora. %","robots":{"index":"index","follow":"follow","max-snippet":"max-snippet:-1","max-image-preview":"max-image-preview:large","max-video-preview":"max-video-preview:-1"},"canonical":"https:\/\/www.sonoraenequipo.com.mx\/dia-historico-hoy-en-la-universidad-de-sonora-dice-gobernadora-de-sonora-claudia-pavlovich\/","og_locale":"es_ES","og_type":"article","og_title":"Sonora en Equipo. D\u00eda hist\u00f3rico hoy en la Universidad de Sonora, dice Gobernadora de Sonora, Claudia Pavlovich Sonora","og_description":"HERMOSILLO, SONORA. MX. \u2014 Como una fecha hist\u00f3rica calific\u00f3 la gobernadora Claudia Pavlovich Arellano este d\u00eda en el que rindi\u00f3 protesta Mar\u00eda Rita En Sonora en Equipo publicamos toda la informaci\u00f3n de Sonora, M\u00e9xico y el Mundo de manera oportuna y busca que la libertad de expresi\u00f3n sea real. Visita nuestro medio informativo publicado desde Hermosillo, Sonora. %","og_url":"https:\/\/www.sonoraenequipo.com.mx\/dia-historico-hoy-en-la-universidad-de-sonora-dice-gobernadora-de-sonora-claudia-pavlovich\/","og_site_name":"Sonora en Equipo.","article_publisher":"https:\/\/www.facebook.com\/SonoraEE\/","article_author":"https:\/\/www.facebook.com\/SonoraEE","article_published_time":"2021-06-17T02:45:35+00:00","og_image":[{"width":700,"height":400,"url":"https:\/\/www.sonoraenequipo.com.mx\/storage\/2021\/06\/Claudia-Pavlovich-y-Rita-Plancarte_opt.jpg","type":"image\/jpeg"}],"author":"enequipo","twitter_card":"summary_large_image","twitter_creator":"@sonoraenequipo","twitter_site":"@sonoraenequipo","twitter_misc":{"Escrito por":"enequipo","Tiempo de lectura":"2 minutos"},"schema":{"@context":"https:\/\/schema.org","@graph":[{"@type":"Article","@id":"https:\/\/www.sonoraenequipo.com.mx\/dia-historico-hoy-en-la-universidad-de-sonora-dice-gobernadora-de-sonora-claudia-pavlovich\/#article","isPartOf":{"@id":"https:\/\/www.sonoraenequipo.com.mx\/dia-historico-hoy-en-la-universidad-de-sonora-dice-gobernadora-de-sonora-claudia-pavlovich\/"},"author":{"name":"enequipo","@id":"https:\/\/www.sonoraenequipo.com.mx\/#\/schema\/person\/50102df0fb23a8fa9e8effad8fa81386"},"headline":"D\u00eda hist\u00f3rico hoy en la Universidad de Sonora, dice Gobernadora de Sonora, Claudia Pavlovich","datePublished":"2021-06-17T02:45:35+00:00","mainEntityOfPage":{"@id":"https:\/\/www.sonoraenequipo.com.mx\/dia-historico-hoy-en-la-universidad-de-sonora-dice-gobernadora-de-sonora-claudia-pavlovich\/"},"wordCount":303,"commentCount":0,"publisher":{"@id":"https:\/\/www.sonoraenequipo.com.mx\/#organization"},"image":{"@id":"https:\/\/www.sonoraenequipo.com.mx\/dia-historico-hoy-en-la-universidad-de-sonora-dice-gobernadora-de-sonora-claudia-pavlovich\/#primaryimage"},"thumbnailUrl":"https:\/\/www.sonoraenequipo.com.mx\/storage\/2021\/06\/Claudia-Pavlovich-y-Rita-Plancarte_opt.jpg","articleSection":["Sonora"],"inLanguage":"es","potentialAction":[{"@type":"CommentAction","name":"Comment","target":["https:\/\/www.sonoraenequipo.com.mx\/dia-historico-hoy-en-la-universidad-de-sonora-dice-gobernadora-de-sonora-claudia-pavlovich\/#respond"]}]},{"@type":"WebPage","@id":"https:\/\/www.sonoraenequipo.com.mx\/dia-historico-hoy-en-la-universidad-de-sonora-dice-gobernadora-de-sonora-claudia-pavlovich\/","url":"https:\/\/www.sonoraenequipo.com.mx\/dia-historico-hoy-en-la-universidad-de-sonora-dice-gobernadora-de-sonora-claudia-pavlovich\/","name":"Sonora en Equipo. D\u00eda hist\u00f3rico hoy en la Universidad de Sonora, dice Gobernadora de Sonora, Claudia Pavlovich Sonora","isPartOf":{"@id":"https:\/\/www.sonoraenequipo.com.mx\/#website"},"primaryImageOfPage":{"@id":"https:\/\/www.sonoraenequipo.com.mx\/dia-historico-hoy-en-la-universidad-de-sonora-dice-gobernadora-de-sonora-claudia-pavlovich\/#primaryimage"},"image":{"@id":"https:\/\/www.sonoraenequipo.com.mx\/dia-historico-hoy-en-la-universidad-de-sonora-dice-gobernadora-de-sonora-claudia-pavlovich\/#primaryimage"},"thumbnailUrl":"https:\/\/www.sonoraenequipo.com.mx\/storage\/2021\/06\/Claudia-Pavlovich-y-Rita-Plancarte_opt.jpg","datePublished":"2021-06-17T02:45:35+00:00","description":"HERMOSILLO, SONORA. MX. \u2014 Como una fecha hist\u00f3rica calific\u00f3 la gobernadora Claudia Pavlovich Arellano este d\u00eda en el que rindi\u00f3 protesta Mar\u00eda Rita En Sonora en Equipo publicamos toda la informaci\u00f3n de Sonora, M\u00e9xico y el Mundo de manera oportuna y busca que la libertad de expresi\u00f3n sea real. Visita nuestro medio informativo publicado desde Hermosillo, Sonora. %","breadcrumb":{"@id":"https:\/\/www.sonoraenequipo.com.mx\/dia-historico-hoy-en-la-universidad-de-sonora-dice-gobernadora-de-sonora-claudia-pavlovich\/#breadcrumb"},"inLanguage":"es","potentialAction":[{"@type":"ReadAction","target":["https:\/\/www.sonoraenequipo.com.mx\/dia-historico-hoy-en-la-universidad-de-sonora-dice-gobernadora-de-sonora-claudia-pavlovich\/"]}]},{"@type":"ImageObject","inLanguage":"es","@id":"https:\/\/www.sonoraenequipo.com.mx\/dia-historico-hoy-en-la-universidad-de-sonora-dice-gobernadora-de-sonora-claudia-pavlovich\/#primaryimage","url":"https:\/\/www.sonoraenequipo.com.mx\/storage\/2021\/06\/Claudia-Pavlovich-y-Rita-Plancarte_opt.jpg","contentUrl":"https:\/\/www.sonoraenequipo.com.mx\/storage\/2021\/06\/Claudia-Pavlovich-y-Rita-Plancarte_opt.jpg","width":700,"height":400},{"@type":"BreadcrumbList","@id":"https:\/\/www.sonoraenequipo.com.mx\/dia-historico-hoy-en-la-universidad-de-sonora-dice-gobernadora-de-sonora-claudia-pavlovich\/#breadcrumb","itemListElement":[{"@type":"ListItem","position":1,"name":"Portada","item":"https:\/\/www.sonoraenequipo.com.mx\/"},{"@type":"ListItem","position":2,"name":"D\u00eda hist\u00f3rico hoy en la Universidad de Sonora, dice Gobernadora de Sonora, Claudia Pavlovich"}]},{"@type":"WebSite","@id":"https:\/\/www.sonoraenequipo.com.mx\/#website","url":"https:\/\/www.sonoraenequipo.com.mx\/","name":"Sonora en Equipo.","description":"Diario en l\u00ednea con Noticias desde Hermosillo, Sonora","publisher":{"@id":"https:\/\/www.sonoraenequipo.com.mx\/#organization"},"potentialAction":[{"@type":"SearchAction","target":{"@type":"EntryPoint","urlTemplate":"https:\/\/www.sonoraenequipo.com.mx\/?s={search_term_string}"},"query-input":{"@type":"PropertyValueSpecification","valueRequired":true,"valueName":"search_term_string"}}],"inLanguage":"es"},{"@type":"Organization","@id":"https:\/\/www.sonoraenequipo.com.mx\/#organization","name":"Sonoraenequipo.com.mx","url":"https:\/\/www.sonoraenequipo.com.mx\/","logo":{"@type":"ImageObject","inLanguage":"es","@id":"https:\/\/www.sonoraenequipo.com.mx\/#\/schema\/logo\/image\/","url":"https:\/\/www.sonoraenequipo.com.mx\/storage\/2019\/01\/sonoraenequipo_opt.png","contentUrl":"https:\/\/www.sonoraenequipo.com.mx\/storage\/2019\/01\/sonoraenequipo_opt.png","width":375,"height":125,"caption":"Sonoraenequipo.com.mx"},"image":{"@id":"https:\/\/www.sonoraenequipo.com.mx\/#\/schema\/logo\/image\/"},"sameAs":["https:\/\/www.facebook.com\/SonoraEE\/","https:\/\/x.com\/sonoraenequipo","https:\/\/www.youtube.com\/channel\/UC338nW-lPEYmJQs4ZABQ1SQ"]},{"@type":"Person","@id":"https:\/\/www.sonoraenequipo.com.mx\/#\/schema\/person\/50102df0fb23a8fa9e8effad8fa81386","name":"enequipo","image":{"@type":"ImageObject","inLanguage":"es","@id":"https:\/\/www.sonoraenequipo.com.mx\/#\/schema\/person\/image\/","url":"https:\/\/secure.gravatar.com\/avatar\/049821681b589dabc0bc20695993ccebb09f5b5d4d790cd9251b97faac7c652b?s=96&d=blank&r=g","contentUrl":"https:\/\/secure.gravatar.com\/avatar\/049821681b589dabc0bc20695993ccebb09f5b5d4d790cd9251b97faac7c652b?s=96&d=blank&r=g","caption":"enequipo"},"sameAs":["https:\/\/www.facebook.com\/SonoraEE"]}]}},"jetpack_featured_media_url":"https:\/\/www.sonoraenequipo.com.mx\/storage\/2021\/06\/Claudia-Pavlovich-y-Rita-Plancarte_opt.jpg","_links":{"self":[{"href":"https:\/\/www.sonoraenequipo.com.mx\/api\/wp\/v2\/posts\/116550","targetHints":{"allow":["GET"]}}],"collection":[{"href":"https:\/\/www.sonoraenequipo.com.mx\/api\/wp\/v2\/posts"}],"about":[{"href":"https:\/\/www.sonoraenequipo.com.mx\/api\/wp\/v2\/types\/post"}],"author":[{"embeddable":true,"href":"https:\/\/www.sonoraenequipo.com.mx\/api\/wp\/v2\/users\/1"}],"replies":[{"embeddable":true,"href":"https:\/\/www.sonoraenequipo.com.mx\/api\/wp\/v2\/comments?post=116550"}],"version-history":[{"count":1,"href":"https:\/\/www.sonoraenequipo.com.mx\/api\/wp\/v2\/posts\/116550\/revisions"}],"predecessor-version":[{"id":116558,"href":"https:\/\/www.sonoraenequipo.com.mx\/api\/wp\/v2\/posts\/116550\/revisions\/116558"}],"wp:featuredmedia":[{"embeddable":true,"href":"https:\/\/www.sonoraenequipo.com.mx\/api\/wp\/v2\/media\/116556"}],"wp:attachment":[{"href":"https:\/\/www.sonoraenequipo.com.mx\/api\/wp\/v2\/media?parent=116550"}],"wp:term":[{"taxonomy":"category","embeddable":true,"href":"https:\/\/www.sonoraenequipo.com.mx\/api\/wp\/v2\/categories?post=116550"},{"taxonomy":"post_tag","embeddable":true,"href":"https:\/\/www.sonoraenequipo.com.mx\/api\/wp\/v2\/tags?post=116550"}],"curies":[{"name":"wp","href":"https:\/\/api.w.org\/{rel}","templated":true}]}}